{"id":3730,"date":"2014-12-12T15:45:27","date_gmt":"2014-12-12T13:45:27","guid":{"rendered":"http:\/\/www.fanprojekt-muenster.de\/wp\/?p=3730"},"modified":"2014-12-12T15:45:27","modified_gmt":"2014-12-12T13:45:27","slug":"jetzt-noch-zuschlagen-mottekk-muenster-cd-sichern","status":"publish","type":"post","link":"https:\/\/www.fanprojekt-muenster.de\/wordpress\/jetzt-noch-zuschlagen-mottekk-muenster-cd-sichern\/","title":{"rendered":"Jetzt noch zuschlagen &#8211; Mottekk M\u00fcnster CD sichern"},"content":{"rendered":"<p><a href=\"http:\/\/www.attila-schickermann.de\/\" target=\"_blank\" rel=\"noopener noreferrer\"><img loading=\"lazy\" decoding=\"async\" class=\"alignleft wp-image-3732 size-medium\" src=\"http:\/\/www.fanprojekt-muenster.de\/wp\/wp-content\/uploads\/2014\/12\/cover-300x294.jpg\" alt=\"Mottekk M\u00fcnster CD\" width=\"300\" height=\"294\" \/><\/a><\/p>\n<h2>Mission: 1906<\/h2>\n<p><strong>Attila will&#8217;s wissen!<\/strong><\/p>\n<p style=\"text-align: justify;\">Freunde, ich wei\u00df nicht, ob ihr es schon mitbekommen habt. Weihnachten steht vor der T\u00fcr, und die Musiker um den sagenumwobenen Attila Schickermann haben sich ein ehrgeiziges Ziel gesetzt: rechtzeitig zum Fest der Liebe wollen sie dem Kinderhospiz K\u00f6nigskinder in M\u00fcnster einen ersten Spendenscheck mit den Erl\u00f6sen aus ihren bisherigen CD-Verk\u00e4ufen \u00fcbergeben. Und m\u00f6glichst fett soll er nat\u00fcrlich sein, der Scheck! &#8222;Es w\u00e4re ja fantastisch, wenn wir rein zuf\u00e4llig auf die psychologisch wichtige Zahl 1906 k\u00e4men&#8220;, grinst Schickermann. Dazu fehlten allerdings noch einige wenige Verk\u00e4ufe. Grund genug also, beim kommenden Heimspiel &#8211; dem letzten vor Weihnachten &#8211; noch eines dieser musikalischen Sch\u00e4tzchen zu ergattern, sei es f\u00fcr sich selbst, oder &#8222;f\u00fcr unter&#8217;m Tannebaum&#8220;.<\/p>\n<p style=\"text-align: justify;\">Die Produktion ihrer CD mit einem Dutzend Songs &#8222;\u00fcber, von und wegen&#8220; Preu\u00dfen M\u00fcnster sei bereits jetzt ein voller Erfolg. &#8222;Ganz ehrlich&#8230;&#8220;, gesteht Schickermann, &#8222;im Vorfeld waren wir zwar optimistisch, aber keinesfalls sicher, dass die Unkosten f\u00fcr das Projekt wieder eingefahren werden k\u00f6nnen. Das war ja schon eine Menge Geld, was wir auf eigenes Risiko auf den Tisch gelegt haben. Aber auf uns Preu\u00dfen kann man sich zum Gl\u00fcck doch verlassen. Alles ist l\u00e4ngst bezahlt, und inzwischen wandert damit jeder Cent der weiteren Verkaufserl\u00f6se auf den Spendenscheck der K\u00f6nigskinder.&#8220;<\/p>\n<p style=\"text-align: justify;\">Seit Februar ist die CD mit dem sch\u00f6nen Namen &#8222;Attila Schickermanns Mottekk M\u00fcnster&#8220; nun f\u00fcr 15 Euro k\u00e4uflich zu erwerben. Daf\u00fcr gibt es ordentlich was auf die Ohren: viel Rock, ein wenig Punk, etwas HipHop und gelegentliche Ausfl\u00fcge in weitere Genres &#8211; alles garniert mit ebenso abwechslungsreichen wie scharz-wei\u00df-gr\u00fcn gef\u00e4rbten Texten, die auch im umfangreichen Booklet nachzulesen sind. Die Mehrzahl der Lieder kennt der geneigte Preu\u00dfenfan inzwischen aus dem Stadion, oder auch von Radio Mottekstrehle, dem Internet-Stream vom Fanprojekt des SC Preu\u00dfen. Der ideelle Wert eines Exemplars d\u00fcrfte somit sch\u00e4tzungsweise ziemlich exakt bei 1906 liegen.<\/p>\n<p style=\"text-align: justify;\">Wer es am 13.12. nicht zum Spiel gegen den VfB Stuttgart II schafft, hat nach wie vor die M\u00f6glichkeit, die CD unter <a class=\"moz-txt-link-abbreviated\" href=\"http:\/\/www.attila-schickermann.de\">www.attila-schickermann.de<\/a> online zu bestellen, oder sie in M\u00fcnster bei Green Hell (Winkelstr. 10) oder Rare Guitar (Hafenstra\u00dfe 64) zu kaufen. &#8222;Hilfreich w\u00e4re es, wenn das nat\u00fcrlich noch vor Weihnachten passiert. Dann gelingt uns auch die Mission 1906&#8220;, meint Schickermann. &#8222;Allerdings werden wir nat\u00fcrlich auch die Erl\u00f6se aus Verk\u00e4ufen nach den Feiertagen spenden. Ich denke schon, dass wir auch nach dem Fest noch einige CDs im Angebot haben werden.&#8220; Na, dann wollen wir im Sinne aller Beteiligten mal hoffen, dass die Preu\u00dfenfans ihm diesbez\u00fcglich noch vor Weihnachten einen Strich durch die Rechnung machen werden.<\/p>\n<p style=\"text-align: justify;\"><em>Attila Schickermann<\/em><\/p>\n","protected":false},"excerpt":{"rendered":"<p>Mission: 1906 Attila will&#8217;s wissen! Freunde, ich wei\u00df nicht, ob ihr es schon mitbekommen habt. Weihnachten steht vor der T\u00fcr, und die Musiker um den sagenumwobenen Attila Schickermann haben sich&#8230; <a class=\"read-more-link\" href=\"https:\/\/www.fanprojekt-muenster.de\/wordpress\/jetzt-noch-zuschlagen-mottekk-muenster-cd-sichern\/\">Read more &raquo;<\/a><\/p>\n","protected":false},"author":2,"featured_media":3732,"comment_status":"closed","ping_status":"closed","sticky":false,"template":"","format":"standard","meta":{"advgb_blocks_editor_width":"","advgb_blocks_columns_visual_guide":"","footnotes":""},"categories":[2,3],"tags":[46,64,162,178,184],"class_list":["post-3730","post","type-post","status-publish","format-standard","has-post-thumbnail","hentry","category-aktionen","category-aktuelles","tag-attila-schickermann","tag-cd","tag-koenigskinder","tag-mottekk-muenster","tag-musik"],"featured_image_src":null,"author_info":{"display_name":"fp_superadmin","author_link":"https:\/\/www.fanprojekt-muenster.de\/wordpress\/author\/fp_superadmin\/"},"yoast_head":"<!-- This site is optimized with the Yoast SEO plugin v27.2 - https:\/\/yoast.com\/product\/yoast-seo-wordpress\/ -->\n<title>Jetzt noch zuschlagen - Mottekk M\u00fcnster CD sichern - Fangemeinschaft Preu\u00dfen M\u00fcnster e. V.<\/title>\n<meta name=\"robots\" content=\"index, follow, max-snippet:-1, max-image-preview:large, max-video-preview:-1\" \/>\n<link rel=\"canonical\" href=\"https:\/\/www.fanprojekt-muenster.de\/wordpress\/jetzt-noch-zuschlagen-mottekk-muenster-cd-sichern\/\" \/>\n<meta property=\"og:locale\" content=\"de_DE\" \/>\n<meta property=\"og:type\" content=\"article\" \/>\n<meta property=\"og:title\" content=\"Jetzt noch zuschlagen - Mottekk M\u00fcnster CD sichern - Fangemeinschaft Preu\u00dfen M\u00fcnster e. V.\" \/>\n<meta property=\"og:description\" content=\"Mission: 1906 Attila will&#8217;s wissen! Freunde, ich wei\u00df nicht, ob ihr es schon mitbekommen habt. Weihnachten steht vor der T\u00fcr, und die Musiker um den sagenumwobenen Attila Schickermann haben sich... Read more &raquo;\" \/>\n<meta property=\"og:url\" content=\"https:\/\/www.fanprojekt-muenster.de\/wordpress\/jetzt-noch-zuschlagen-mottekk-muenster-cd-sichern\/\" \/>\n<meta property=\"og:site_name\" content=\"Fangemeinschaft Preu\u00dfen M\u00fcnster e. V.\" \/>\n<meta property=\"article:published_time\" content=\"2014-12-12T13:45:27+00:00\" \/>\n<meta name=\"author\" content=\"fp_superadmin\" \/>\n<meta name=\"twitter:card\" content=\"summary_large_image\" \/>\n<meta name=\"twitter:label1\" content=\"Verfasst von\" \/>\n\t<meta name=\"twitter:data1\" content=\"fp_superadmin\" \/>\n\t<meta name=\"twitter:label2\" content=\"Gesch\u00e4tzte Lesezeit\" \/>\n\t<meta name=\"twitter:data2\" content=\"2\u00a0Minuten\" \/>\n<script type=\"application\/ld+json\" class=\"yoast-schema-graph\">{\"@context\":\"https:\/\/schema.org\",\"@graph\":[{\"@type\":\"Article\",\"@id\":\"https:\/\/www.fanprojekt-muenster.de\/wordpress\/jetzt-noch-zuschlagen-mottekk-muenster-cd-sichern\/#article\",\"isPartOf\":{\"@id\":\"https:\/\/www.fanprojekt-muenster.de\/wordpress\/jetzt-noch-zuschlagen-mottekk-muenster-cd-sichern\/\"},\"author\":{\"name\":\"fp_superadmin\",\"@id\":\"https:\/\/www.fanprojekt-muenster.de\/wordpress\/#\/schema\/person\/9126cc4d73d0d07c75b487075111186c\"},\"headline\":\"Jetzt noch zuschlagen &#8211; Mottekk M\u00fcnster CD sichern\",\"datePublished\":\"2014-12-12T13:45:27+00:00\",\"mainEntityOfPage\":{\"@id\":\"https:\/\/www.fanprojekt-muenster.de\/wordpress\/jetzt-noch-zuschlagen-mottekk-muenster-cd-sichern\/\"},\"wordCount\":470,\"publisher\":{\"@id\":\"https:\/\/www.fanprojekt-muenster.de\/wordpress\/#organization\"},\"image\":{\"@id\":\"https:\/\/www.fanprojekt-muenster.de\/wordpress\/jetzt-noch-zuschlagen-mottekk-muenster-cd-sichern\/#primaryimage\"},\"thumbnailUrl\":\"\",\"keywords\":[\"Attila Schickermann\",\"CD\",\"K\u00f6nigskinder\",\"Mottekk M\u00fcnster\",\"Musik\"],\"articleSection\":[\"Aktionen\",\"Aktuelles\"],\"inLanguage\":\"de\"},{\"@type\":\"WebPage\",\"@id\":\"https:\/\/www.fanprojekt-muenster.de\/wordpress\/jetzt-noch-zuschlagen-mottekk-muenster-cd-sichern\/\",\"url\":\"https:\/\/www.fanprojekt-muenster.de\/wordpress\/jetzt-noch-zuschlagen-mottekk-muenster-cd-sichern\/\",\"name\":\"Jetzt noch zuschlagen - Mottekk M\u00fcnster CD sichern - Fangemeinschaft Preu\u00dfen M\u00fcnster e. V.\",\"isPartOf\":{\"@id\":\"https:\/\/www.fanprojekt-muenster.de\/wordpress\/#website\"},\"primaryImageOfPage\":{\"@id\":\"https:\/\/www.fanprojekt-muenster.de\/wordpress\/jetzt-noch-zuschlagen-mottekk-muenster-cd-sichern\/#primaryimage\"},\"image\":{\"@id\":\"https:\/\/www.fanprojekt-muenster.de\/wordpress\/jetzt-noch-zuschlagen-mottekk-muenster-cd-sichern\/#primaryimage\"},\"thumbnailUrl\":\"\",\"datePublished\":\"2014-12-12T13:45:27+00:00\",\"breadcrumb\":{\"@id\":\"https:\/\/www.fanprojekt-muenster.de\/wordpress\/jetzt-noch-zuschlagen-mottekk-muenster-cd-sichern\/#breadcrumb\"},\"inLanguage\":\"de\",\"potentialAction\":[{\"@type\":\"ReadAction\",\"target\":[\"https:\/\/www.fanprojekt-muenster.de\/wordpress\/jetzt-noch-zuschlagen-mottekk-muenster-cd-sichern\/\"]}]},{\"@type\":\"ImageObject\",\"inLanguage\":\"de\",\"@id\":\"https:\/\/www.fanprojekt-muenster.de\/wordpress\/jetzt-noch-zuschlagen-mottekk-muenster-cd-sichern\/#primaryimage\",\"url\":\"\",\"contentUrl\":\"\"},{\"@type\":\"BreadcrumbList\",\"@id\":\"https:\/\/www.fanprojekt-muenster.de\/wordpress\/jetzt-noch-zuschlagen-mottekk-muenster-cd-sichern\/#breadcrumb\",\"itemListElement\":[{\"@type\":\"ListItem\",\"position\":1,\"name\":\"Startseite\",\"item\":\"https:\/\/www.fanprojekt-muenster.de\/wordpress\/\"},{\"@type\":\"ListItem\",\"position\":2,\"name\":\"Jetzt noch zuschlagen &#8211; Mottekk M\u00fcnster CD sichern\"}]},{\"@type\":\"WebSite\",\"@id\":\"https:\/\/www.fanprojekt-muenster.de\/wordpress\/#website\",\"url\":\"https:\/\/www.fanprojekt-muenster.de\/wordpress\/\",\"name\":\"Fangemeinschaft Preu\u00dfen M\u00fcnster e. V.\",\"description\":\"\",\"publisher\":{\"@id\":\"https:\/\/www.fanprojekt-muenster.de\/wordpress\/#organization\"},\"potentialAction\":[{\"@type\":\"SearchAction\",\"target\":{\"@type\":\"EntryPoint\",\"urlTemplate\":\"https:\/\/www.fanprojekt-muenster.de\/wordpress\/?s={search_term_string}\"},\"query-input\":{\"@type\":\"PropertyValueSpecification\",\"valueRequired\":true,\"valueName\":\"search_term_string\"}}],\"inLanguage\":\"de\"},{\"@type\":\"Organization\",\"@id\":\"https:\/\/www.fanprojekt-muenster.de\/wordpress\/#organization\",\"name\":\"Fangemeinschaft Preu\u00dfen M\u00fcnster e. V.\",\"url\":\"https:\/\/www.fanprojekt-muenster.de\/wordpress\/\",\"logo\":{\"@type\":\"ImageObject\",\"inLanguage\":\"de\",\"@id\":\"https:\/\/www.fanprojekt-muenster.de\/wordpress\/#\/schema\/logo\/image\/\",\"url\":\"https:\/\/www.fanprojekt-muenster.de\/wordpress\/wp-content\/uploads\/2019\/07\/cropped-Website_Logo3-9.png\",\"contentUrl\":\"https:\/\/www.fanprojekt-muenster.de\/wordpress\/wp-content\/uploads\/2019\/07\/cropped-Website_Logo3-9.png\",\"width\":224,\"height\":42,\"caption\":\"Fangemeinschaft Preu\u00dfen M\u00fcnster e. V.\"},\"image\":{\"@id\":\"https:\/\/www.fanprojekt-muenster.de\/wordpress\/#\/schema\/logo\/image\/\"}},{\"@type\":\"Person\",\"@id\":\"https:\/\/www.fanprojekt-muenster.de\/wordpress\/#\/schema\/person\/9126cc4d73d0d07c75b487075111186c\",\"name\":\"fp_superadmin\",\"url\":\"https:\/\/www.fanprojekt-muenster.de\/wordpress\/author\/fp_superadmin\/\"}]}<\/script>\n<!-- \/ Yoast SEO plugin. -->","yoast_head_json":{"title":"Jetzt noch zuschlagen - Mottekk M\u00fcnster CD sichern - Fangemeinschaft Preu\u00dfen M\u00fcnster e. V.","robots":{"index":"index","follow":"follow","max-snippet":"max-snippet:-1","max-image-preview":"max-image-preview:large","max-video-preview":"max-video-preview:-1"},"canonical":"https:\/\/www.fanprojekt-muenster.de\/wordpress\/jetzt-noch-zuschlagen-mottekk-muenster-cd-sichern\/","og_locale":"de_DE","og_type":"article","og_title":"Jetzt noch zuschlagen - Mottekk M\u00fcnster CD sichern - Fangemeinschaft Preu\u00dfen M\u00fcnster e. V.","og_description":"Mission: 1906 Attila will&#8217;s wissen! Freunde, ich wei\u00df nicht, ob ihr es schon mitbekommen habt. Weihnachten steht vor der T\u00fcr, und die Musiker um den sagenumwobenen Attila Schickermann haben sich... Read more &raquo;","og_url":"https:\/\/www.fanprojekt-muenster.de\/wordpress\/jetzt-noch-zuschlagen-mottekk-muenster-cd-sichern\/","og_site_name":"Fangemeinschaft Preu\u00dfen M\u00fcnster e. V.","article_published_time":"2014-12-12T13:45:27+00:00","author":"fp_superadmin","twitter_card":"summary_large_image","twitter_misc":{"Verfasst von":"fp_superadmin","Gesch\u00e4tzte Lesezeit":"2\u00a0Minuten"},"schema":{"@context":"https:\/\/schema.org","@graph":[{"@type":"Article","@id":"https:\/\/www.fanprojekt-muenster.de\/wordpress\/jetzt-noch-zuschlagen-mottekk-muenster-cd-sichern\/#article","isPartOf":{"@id":"https:\/\/www.fanprojekt-muenster.de\/wordpress\/jetzt-noch-zuschlagen-mottekk-muenster-cd-sichern\/"},"author":{"name":"fp_superadmin","@id":"https:\/\/www.fanprojekt-muenster.de\/wordpress\/#\/schema\/person\/9126cc4d73d0d07c75b487075111186c"},"headline":"Jetzt noch zuschlagen &#8211; Mottekk M\u00fcnster CD sichern","datePublished":"2014-12-12T13:45:27+00:00","mainEntityOfPage":{"@id":"https:\/\/www.fanprojekt-muenster.de\/wordpress\/jetzt-noch-zuschlagen-mottekk-muenster-cd-sichern\/"},"wordCount":470,"publisher":{"@id":"https:\/\/www.fanprojekt-muenster.de\/wordpress\/#organization"},"image":{"@id":"https:\/\/www.fanprojekt-muenster.de\/wordpress\/jetzt-noch-zuschlagen-mottekk-muenster-cd-sichern\/#primaryimage"},"thumbnailUrl":"","keywords":["Attila Schickermann","CD","K\u00f6nigskinder","Mottekk M\u00fcnster","Musik"],"articleSection":["Aktionen","Aktuelles"],"inLanguage":"de"},{"@type":"WebPage","@id":"https:\/\/www.fanprojekt-muenster.de\/wordpress\/jetzt-noch-zuschlagen-mottekk-muenster-cd-sichern\/","url":"https:\/\/www.fanprojekt-muenster.de\/wordpress\/jetzt-noch-zuschlagen-mottekk-muenster-cd-sichern\/","name":"Jetzt noch zuschlagen - Mottekk M\u00fcnster CD sichern - Fangemeinschaft Preu\u00dfen M\u00fcnster e. V.","isPartOf":{"@id":"https:\/\/www.fanprojekt-muenster.de\/wordpress\/#website"},"primaryImageOfPage":{"@id":"https:\/\/www.fanprojekt-muenster.de\/wordpress\/jetzt-noch-zuschlagen-mottekk-muenster-cd-sichern\/#primaryimage"},"image":{"@id":"https:\/\/www.fanprojekt-muenster.de\/wordpress\/jetzt-noch-zuschlagen-mottekk-muenster-cd-sichern\/#primaryimage"},"thumbnailUrl":"","datePublished":"2014-12-12T13:45:27+00:00","breadcrumb":{"@id":"https:\/\/www.fanprojekt-muenster.de\/wordpress\/jetzt-noch-zuschlagen-mottekk-muenster-cd-sichern\/#breadcrumb"},"inLanguage":"de","potentialAction":[{"@type":"ReadAction","target":["https:\/\/www.fanprojekt-muenster.de\/wordpress\/jetzt-noch-zuschlagen-mottekk-muenster-cd-sichern\/"]}]},{"@type":"ImageObject","inLanguage":"de","@id":"https:\/\/www.fanprojekt-muenster.de\/wordpress\/jetzt-noch-zuschlagen-mottekk-muenster-cd-sichern\/#primaryimage","url":"","contentUrl":""},{"@type":"BreadcrumbList","@id":"https:\/\/www.fanprojekt-muenster.de\/wordpress\/jetzt-noch-zuschlagen-mottekk-muenster-cd-sichern\/#breadcrumb","itemListElement":[{"@type":"ListItem","position":1,"name":"Startseite","item":"https:\/\/www.fanprojekt-muenster.de\/wordpress\/"},{"@type":"ListItem","position":2,"name":"Jetzt noch zuschlagen &#8211; Mottekk M\u00fcnster CD sichern"}]},{"@type":"WebSite","@id":"https:\/\/www.fanprojekt-muenster.de\/wordpress\/#website","url":"https:\/\/www.fanprojekt-muenster.de\/wordpress\/","name":"Fangemeinschaft Preu\u00dfen M\u00fcnster e. V.","description":"","publisher":{"@id":"https:\/\/www.fanprojekt-muenster.de\/wordpress\/#organization"},"potentialAction":[{"@type":"SearchAction","target":{"@type":"EntryPoint","urlTemplate":"https:\/\/www.fanprojekt-muenster.de\/wordpress\/?s={search_term_string}"},"query-input":{"@type":"PropertyValueSpecification","valueRequired":true,"valueName":"search_term_string"}}],"inLanguage":"de"},{"@type":"Organization","@id":"https:\/\/www.fanprojekt-muenster.de\/wordpress\/#organization","name":"Fangemeinschaft Preu\u00dfen M\u00fcnster e. V.","url":"https:\/\/www.fanprojekt-muenster.de\/wordpress\/","logo":{"@type":"ImageObject","inLanguage":"de","@id":"https:\/\/www.fanprojekt-muenster.de\/wordpress\/#\/schema\/logo\/image\/","url":"https:\/\/www.fanprojekt-muenster.de\/wordpress\/wp-content\/uploads\/2019\/07\/cropped-Website_Logo3-9.png","contentUrl":"https:\/\/www.fanprojekt-muenster.de\/wordpress\/wp-content\/uploads\/2019\/07\/cropped-Website_Logo3-9.png","width":224,"height":42,"caption":"Fangemeinschaft Preu\u00dfen M\u00fcnster e. V."},"image":{"@id":"https:\/\/www.fanprojekt-muenster.de\/wordpress\/#\/schema\/logo\/image\/"}},{"@type":"Person","@id":"https:\/\/www.fanprojekt-muenster.de\/wordpress\/#\/schema\/person\/9126cc4d73d0d07c75b487075111186c","name":"fp_superadmin","url":"https:\/\/www.fanprojekt-muenster.de\/wordpress\/author\/fp_superadmin\/"}]}},"author_meta":{"display_name":"fp_superadmin","author_link":"https:\/\/www.fanprojekt-muenster.de\/wordpress\/author\/fp_superadmin\/"},"featured_img":null,"coauthors":[],"tax_additional":{"categories":{"linked":["<a href=\"https:\/\/www.fanprojekt-muenster.de\/wordpress\/category\/aktionen\/\" class=\"advgb-post-tax-term\">Aktionen<\/a>","<a href=\"https:\/\/www.fanprojekt-muenster.de\/wordpress\/category\/aktuelles\/\" class=\"advgb-post-tax-term\">Aktuelles<\/a>"],"unlinked":["<span class=\"advgb-post-tax-term\">Aktionen<\/span>","<span class=\"advgb-post-tax-term\">Aktuelles<\/span>"]},"tags":{"linked":["<a href=\"https:\/\/www.fanprojekt-muenster.de\/wordpress\/category\/aktuelles\/\" class=\"advgb-post-tax-term\">Attila Schickermann<\/a>","<a href=\"https:\/\/www.fanprojekt-muenster.de\/wordpress\/category\/aktuelles\/\" class=\"advgb-post-tax-term\">CD<\/a>","<a href=\"https:\/\/www.fanprojekt-muenster.de\/wordpress\/category\/aktuelles\/\" class=\"advgb-post-tax-term\">K\u00f6nigskinder<\/a>","<a href=\"https:\/\/www.fanprojekt-muenster.de\/wordpress\/category\/aktuelles\/\" class=\"advgb-post-tax-term\">Mottekk M\u00fcnster<\/a>","<a href=\"https:\/\/www.fanprojekt-muenster.de\/wordpress\/category\/aktuelles\/\" class=\"advgb-post-tax-term\">Musik<\/a>"],"unlinked":["<span class=\"advgb-post-tax-term\">Attila Schickermann<\/span>","<span class=\"advgb-post-tax-term\">CD<\/span>","<span class=\"advgb-post-tax-term\">K\u00f6nigskinder<\/span>","<span class=\"advgb-post-tax-term\">Mottekk M\u00fcnster<\/span>","<span class=\"advgb-post-tax-term\">Musik<\/span>"]}},"comment_count":"0","relative_dates":{"created":"Posted 11\u00a0Jahren ago","modified":"Updated 11\u00a0Jahren ago"},"absolute_dates":{"created":"Posted on 12. Dezember 2014","modified":"Updated on 12. Dezember 2014"},"absolute_dates_time":{"created":"Posted on 12. Dezember 2014 15:45","modified":"Updated on 12. Dezember 2014 15:45"},"featured_img_caption":"","series_order":"","_links":{"self":[{"href":"https:\/\/www.fanprojekt-muenster.de\/wordpress\/wp-json\/wp\/v2\/posts\/3730","targetHints":{"allow":["GET"]}}],"collection":[{"href":"https:\/\/www.fanprojekt-muenster.de\/wordpress\/wp-json\/wp\/v2\/posts"}],"about":[{"href":"https:\/\/www.fanprojekt-muenster.de\/wordpress\/wp-json\/wp\/v2\/types\/post"}],"author":[{"embeddable":true,"href":"https:\/\/www.fanprojekt-muenster.de\/wordpress\/wp-json\/wp\/v2\/users\/2"}],"replies":[{"embeddable":true,"href":"https:\/\/www.fanprojekt-muenster.de\/wordpress\/wp-json\/wp\/v2\/comments?post=3730"}],"version-history":[{"count":0,"href":"https:\/\/www.fanprojekt-muenster.de\/wordpress\/wp-json\/wp\/v2\/posts\/3730\/revisions"}],"wp:featuredmedia":[{"embeddable":true,"href":"https:\/\/www.fanprojekt-muenster.de\/wordpress\/wp-json\/"}],"wp:attachment":[{"href":"https:\/\/www.fanprojekt-muenster.de\/wordpress\/wp-json\/wp\/v2\/media?parent=3730"}],"wp:term":[{"taxonomy":"category","embeddable":true,"href":"https:\/\/www.fanprojekt-muenster.de\/wordpress\/wp-json\/wp\/v2\/categories?post=3730"},{"taxonomy":"post_tag","embeddable":true,"href":"https:\/\/www.fanprojekt-muenster.de\/wordpress\/wp-json\/wp\/v2\/tags?post=3730"}],"curies":[{"name":"wp","href":"https:\/\/api.w.org\/{rel}","templated":true}]}}