{"id":3706,"date":"2014-11-26T10:30:05","date_gmt":"2014-11-26T08:30:05","guid":{"rendered":"http:\/\/www.fanprojekt-muenster.de\/wp\/?p=3706"},"modified":"2014-11-26T10:30:05","modified_gmt":"2014-11-26T08:30:05","slug":"auswaerts-nach-dortmund","status":"publish","type":"post","link":"https:\/\/www.fanprojekt-muenster.de\/wordpress\/auswaerts-nach-dortmund\/","title":{"rendered":"Ausw\u00e4rts nach Dortmund"},"content":{"rendered":"<p>Hallo Fanprojektmitglieder und Preu\u00dfenfans,<\/p>\n<p>die H\u00e4lfte der Woche ist schon um, der n\u00e4chste Spieltag l\u00e4sst nicht mehr lange auf sich warten. Zeit f\u00fcr uns ein paar Informationen zu sammeln.<\/p>\n<p><strong>Anreise mit dem Zug<br \/>\n<\/strong>Solltet Ihr am Sonntag mit dem Entlastungszug zum Ausw\u00e4rtsspiel reisen wollen, nutzt die unten aufgef\u00fchrte Grafik, um euch \u00fcber die Reisedaten zu informieren.<\/p>\n<p><a href=\"http:\/\/www.fanprojekt-muenster.de\/wp\/wp-content\/uploads\/2014\/11\/Unbenannt.png\"><img loading=\"lazy\" decoding=\"async\" class=\"alignleft size-thumbnail wp-image-3708\" src=\"http:\/\/www.fanprojekt-muenster.de\/wp\/wp-content\/uploads\/2014\/11\/Unbenannt-150x150.png\" alt=\"Bahn - Sonderzug Dortmund\" width=\"150\" height=\"150\" \/><\/a><\/p>\n<p>&nbsp;<\/p>\n<p>&nbsp;<\/p>\n<p>&nbsp;<\/p>\n<p>&nbsp;<\/p>\n<p>&nbsp;<\/p>\n<p><strong>Anreise mit dem Fanbus<br \/>\n<\/strong>M\u00f6chtet\u00a0Ihr lieber mit dem Fanbus anreisen, so k\u00f6nnt Ihr mit einer E-Mail an fanbus(at)fanprojekt-muenster.de eine Anfrage an freie Pl\u00e4tze stellen.<\/p>\n<p><strong>Faninformationen der Fanbeauftragten<\/strong><\/p>\n<p>Stadion\u00f6ffnung ist 12.30 Uhr. Spielbeginn 14.00 Uhr. Kassen\u00f6ffnung 11.30 Uhr.<\/p>\n<p>F\u00fcr den Gastbereich werden alle zur Verf\u00fcgung stehenden Kassen ge\u00f6ffnet. F\u00fcr den Stehplatzbereich stehen 6 Kassen im Bereich des Turnwegs, f\u00fcr den Sitzplatzbereich 2 Kassen im Bereich des Schwimmwegs zur Verf\u00fcgung.<\/p>\n<p>Die Sitzplatzbesucher aus M\u00fcnster nutzen das Marathontor.<\/p>\n<p>Parken der G\u00e4stefans: Die G\u00e4stefans nutzen den Parkplatz \u201eC2\u201c. Dieser ist ab 10.00 Uhr ge\u00f6ffnet.<\/p>\n<p><span style=\"text-decoration: underline;\">erlaubte Fanutensilien:<\/span><\/p>\n<p>kleine Schwenkfahnen<br \/>\nbis zu 10 gro\u00dfe Schwenkfahnen<br \/>\nDoppelhalter<br \/>\nbis zu 5 Trommeln<br \/>\nZaunfahnen<br \/>\n2 Megaphone<\/p>\n<p style=\"text-align: justify;\">[message_box title=&#8220;Fanradio&#8220; color=&#8220;green&#8220;]<a href=\"http:\/\/www.fanprojekt-muenster.de\/wp\/wp-content\/uploads\/2014\/11\/bvb.jpg\"><img loading=\"lazy\" decoding=\"async\" class=\"aligncenter wp-image-3760 size-medium\" src=\"http:\/\/www.fanprojekt-muenster.de\/wp\/wp-content\/uploads\/2014\/11\/bvb-300x111.jpg\" alt=\"\" width=\"300\" height=\"111\" \/><\/a><\/p>\n<p style=\"text-align: justify;\">Wir w\u00fcnschen allen Ausw\u00e4rtsfahrern viel Spa\u00df und einen sch\u00f6nen Spieltag. Allen Preu\u00dfenfans, die nicht mit nach Dortmund\u00a0fahren k\u00f6nnen, empfehlen wir unseren <a title=\"Livestream\" href=\"http:\/\/www.radioms.de\" target=\"_blank\" rel=\"noopener noreferrer\">Livestream<\/a> des <a title=\"Fanradio\" href=\"http:\/\/www.fanprojekt-muenster.de\/wp\/fanradio\/\">Fanradios Mottekstrehle<\/a>.[\/message_box]<\/p>\n","protected":false},"excerpt":{"rendered":"<p>Hallo Fanprojektmitglieder und Preu\u00dfenfans, die H\u00e4lfte der Woche ist schon um, der n\u00e4chste Spieltag l\u00e4sst nicht mehr lange auf sich warten. Zeit f\u00fcr uns ein paar Informationen zu sammeln. Anreise&#8230; <a class=\"read-more-link\" href=\"https:\/\/www.fanprojekt-muenster.de\/wordpress\/auswaerts-nach-dortmund\/\">Read more &raquo;<\/a><\/p>\n","protected":false},"author":2,"featured_media":3760,"comment_status":"closed","ping_status":"closed","sticky":false,"template":"","format":"standard","meta":{"advgb_blocks_editor_width":"","advgb_blocks_columns_visual_guide":"","footnotes":""},"categories":[3,4],"tags":[49,82,90],"class_list":["post-3706","post","type-post","status-publish","format-standard","has-post-thumbnail","hentry","category-aktuelles","category-auswarts","tag-auswaertsfahrt","tag-dortmund","tag-entlastungszug"],"featured_image_src":null,"author_info":{"display_name":"fp_superadmin","author_link":"https:\/\/www.fanprojekt-muenster.de\/wordpress\/author\/fp_superadmin\/"},"yoast_head":"<!-- This site is optimized with the Yoast SEO plugin v27.2 - https:\/\/yoast.com\/product\/yoast-seo-wordpress\/ -->\n<title>Ausw\u00e4rts nach Dortmund - Fangemeinschaft Preu\u00dfen M\u00fcnster e. V.<\/title>\n<meta name=\"robots\" content=\"index, follow, max-snippet:-1, max-image-preview:large, max-video-preview:-1\" \/>\n<link rel=\"canonical\" href=\"https:\/\/www.fanprojekt-muenster.de\/wordpress\/auswaerts-nach-dortmund\/\" \/>\n<meta property=\"og:locale\" content=\"de_DE\" \/>\n<meta property=\"og:type\" content=\"article\" \/>\n<meta property=\"og:title\" content=\"Ausw\u00e4rts nach Dortmund - Fangemeinschaft Preu\u00dfen M\u00fcnster e. V.\" \/>\n<meta property=\"og:description\" content=\"Hallo Fanprojektmitglieder und Preu\u00dfenfans, die H\u00e4lfte der Woche ist schon um, der n\u00e4chste Spieltag l\u00e4sst nicht mehr lange auf sich warten. Zeit f\u00fcr uns ein paar Informationen zu sammeln. Anreise... Read more &raquo;\" \/>\n<meta property=\"og:url\" content=\"https:\/\/www.fanprojekt-muenster.de\/wordpress\/auswaerts-nach-dortmund\/\" \/>\n<meta property=\"og:site_name\" content=\"Fangemeinschaft Preu\u00dfen M\u00fcnster e. V.\" \/>\n<meta property=\"article:published_time\" content=\"2014-11-26T08:30:05+00:00\" \/>\n<meta name=\"author\" content=\"fp_superadmin\" \/>\n<meta name=\"twitter:card\" content=\"summary_large_image\" \/>\n<meta name=\"twitter:label1\" content=\"Verfasst von\" \/>\n\t<meta name=\"twitter:data1\" content=\"fp_superadmin\" \/>\n\t<meta name=\"twitter:label2\" content=\"Gesch\u00e4tzte Lesezeit\" \/>\n\t<meta name=\"twitter:data2\" content=\"1\u00a0Minute\" \/>\n<script type=\"application\/ld+json\" class=\"yoast-schema-graph\">{\"@context\":\"https:\/\/schema.org\",\"@graph\":[{\"@type\":\"Article\",\"@id\":\"https:\/\/www.fanprojekt-muenster.de\/wordpress\/auswaerts-nach-dortmund\/#article\",\"isPartOf\":{\"@id\":\"https:\/\/www.fanprojekt-muenster.de\/wordpress\/auswaerts-nach-dortmund\/\"},\"author\":{\"name\":\"fp_superadmin\",\"@id\":\"https:\/\/www.fanprojekt-muenster.de\/wordpress\/#\/schema\/person\/9126cc4d73d0d07c75b487075111186c\"},\"headline\":\"Ausw\u00e4rts nach Dortmund\",\"datePublished\":\"2014-11-26T08:30:05+00:00\",\"mainEntityOfPage\":{\"@id\":\"https:\/\/www.fanprojekt-muenster.de\/wordpress\/auswaerts-nach-dortmund\/\"},\"wordCount\":229,\"publisher\":{\"@id\":\"https:\/\/www.fanprojekt-muenster.de\/wordpress\/#organization\"},\"image\":{\"@id\":\"https:\/\/www.fanprojekt-muenster.de\/wordpress\/auswaerts-nach-dortmund\/#primaryimage\"},\"thumbnailUrl\":\"\",\"keywords\":[\"Ausw\u00e4rtsfahrt\",\"Dortmund\",\"Entlastungszug\"],\"articleSection\":[\"Aktuelles\",\"Ausw\u00e4rts\"],\"inLanguage\":\"de\"},{\"@type\":\"WebPage\",\"@id\":\"https:\/\/www.fanprojekt-muenster.de\/wordpress\/auswaerts-nach-dortmund\/\",\"url\":\"https:\/\/www.fanprojekt-muenster.de\/wordpress\/auswaerts-nach-dortmund\/\",\"name\":\"Ausw\u00e4rts nach Dortmund - Fangemeinschaft Preu\u00dfen M\u00fcnster e. V.\",\"isPartOf\":{\"@id\":\"https:\/\/www.fanprojekt-muenster.de\/wordpress\/#website\"},\"primaryImageOfPage\":{\"@id\":\"https:\/\/www.fanprojekt-muenster.de\/wordpress\/auswaerts-nach-dortmund\/#primaryimage\"},\"image\":{\"@id\":\"https:\/\/www.fanprojekt-muenster.de\/wordpress\/auswaerts-nach-dortmund\/#primaryimage\"},\"thumbnailUrl\":\"\",\"datePublished\":\"2014-11-26T08:30:05+00:00\",\"breadcrumb\":{\"@id\":\"https:\/\/www.fanprojekt-muenster.de\/wordpress\/auswaerts-nach-dortmund\/#breadcrumb\"},\"inLanguage\":\"de\",\"potentialAction\":[{\"@type\":\"ReadAction\",\"target\":[\"https:\/\/www.fanprojekt-muenster.de\/wordpress\/auswaerts-nach-dortmund\/\"]}]},{\"@type\":\"ImageObject\",\"inLanguage\":\"de\",\"@id\":\"https:\/\/www.fanprojekt-muenster.de\/wordpress\/auswaerts-nach-dortmund\/#primaryimage\",\"url\":\"\",\"contentUrl\":\"\"},{\"@type\":\"BreadcrumbList\",\"@id\":\"https:\/\/www.fanprojekt-muenster.de\/wordpress\/auswaerts-nach-dortmund\/#breadcrumb\",\"itemListElement\":[{\"@type\":\"ListItem\",\"position\":1,\"name\":\"Startseite\",\"item\":\"https:\/\/www.fanprojekt-muenster.de\/wordpress\/\"},{\"@type\":\"ListItem\",\"position\":2,\"name\":\"Ausw\u00e4rts nach Dortmund\"}]},{\"@type\":\"WebSite\",\"@id\":\"https:\/\/www.fanprojekt-muenster.de\/wordpress\/#website\",\"url\":\"https:\/\/www.fanprojekt-muenster.de\/wordpress\/\",\"name\":\"Fangemeinschaft Preu\u00dfen M\u00fcnster e. V.\",\"description\":\"\",\"publisher\":{\"@id\":\"https:\/\/www.fanprojekt-muenster.de\/wordpress\/#organization\"},\"potentialAction\":[{\"@type\":\"SearchAction\",\"target\":{\"@type\":\"EntryPoint\",\"urlTemplate\":\"https:\/\/www.fanprojekt-muenster.de\/wordpress\/?s={search_term_string}\"},\"query-input\":{\"@type\":\"PropertyValueSpecification\",\"valueRequired\":true,\"valueName\":\"search_term_string\"}}],\"inLanguage\":\"de\"},{\"@type\":\"Organization\",\"@id\":\"https:\/\/www.fanprojekt-muenster.de\/wordpress\/#organization\",\"name\":\"Fangemeinschaft Preu\u00dfen M\u00fcnster e. V.\",\"url\":\"https:\/\/www.fanprojekt-muenster.de\/wordpress\/\",\"logo\":{\"@type\":\"ImageObject\",\"inLanguage\":\"de\",\"@id\":\"https:\/\/www.fanprojekt-muenster.de\/wordpress\/#\/schema\/logo\/image\/\",\"url\":\"https:\/\/www.fanprojekt-muenster.de\/wordpress\/wp-content\/uploads\/2019\/07\/cropped-Website_Logo3-9.png\",\"contentUrl\":\"https:\/\/www.fanprojekt-muenster.de\/wordpress\/wp-content\/uploads\/2019\/07\/cropped-Website_Logo3-9.png\",\"width\":224,\"height\":42,\"caption\":\"Fangemeinschaft Preu\u00dfen M\u00fcnster e. V.\"},\"image\":{\"@id\":\"https:\/\/www.fanprojekt-muenster.de\/wordpress\/#\/schema\/logo\/image\/\"}},{\"@type\":\"Person\",\"@id\":\"https:\/\/www.fanprojekt-muenster.de\/wordpress\/#\/schema\/person\/9126cc4d73d0d07c75b487075111186c\",\"name\":\"fp_superadmin\",\"url\":\"https:\/\/www.fanprojekt-muenster.de\/wordpress\/author\/fp_superadmin\/\"}]}<\/script>\n<!-- \/ Yoast SEO plugin. -->","yoast_head_json":{"title":"Ausw\u00e4rts nach Dortmund - Fangemeinschaft Preu\u00dfen M\u00fcnster e. V.","robots":{"index":"index","follow":"follow","max-snippet":"max-snippet:-1","max-image-preview":"max-image-preview:large","max-video-preview":"max-video-preview:-1"},"canonical":"https:\/\/www.fanprojekt-muenster.de\/wordpress\/auswaerts-nach-dortmund\/","og_locale":"de_DE","og_type":"article","og_title":"Ausw\u00e4rts nach Dortmund - Fangemeinschaft Preu\u00dfen M\u00fcnster e. V.","og_description":"Hallo Fanprojektmitglieder und Preu\u00dfenfans, die H\u00e4lfte der Woche ist schon um, der n\u00e4chste Spieltag l\u00e4sst nicht mehr lange auf sich warten. Zeit f\u00fcr uns ein paar Informationen zu sammeln. Anreise... Read more &raquo;","og_url":"https:\/\/www.fanprojekt-muenster.de\/wordpress\/auswaerts-nach-dortmund\/","og_site_name":"Fangemeinschaft Preu\u00dfen M\u00fcnster e. V.","article_published_time":"2014-11-26T08:30:05+00:00","author":"fp_superadmin","twitter_card":"summary_large_image","twitter_misc":{"Verfasst von":"fp_superadmin","Gesch\u00e4tzte Lesezeit":"1\u00a0Minute"},"schema":{"@context":"https:\/\/schema.org","@graph":[{"@type":"Article","@id":"https:\/\/www.fanprojekt-muenster.de\/wordpress\/auswaerts-nach-dortmund\/#article","isPartOf":{"@id":"https:\/\/www.fanprojekt-muenster.de\/wordpress\/auswaerts-nach-dortmund\/"},"author":{"name":"fp_superadmin","@id":"https:\/\/www.fanprojekt-muenster.de\/wordpress\/#\/schema\/person\/9126cc4d73d0d07c75b487075111186c"},"headline":"Ausw\u00e4rts nach Dortmund","datePublished":"2014-11-26T08:30:05+00:00","mainEntityOfPage":{"@id":"https:\/\/www.fanprojekt-muenster.de\/wordpress\/auswaerts-nach-dortmund\/"},"wordCount":229,"publisher":{"@id":"https:\/\/www.fanprojekt-muenster.de\/wordpress\/#organization"},"image":{"@id":"https:\/\/www.fanprojekt-muenster.de\/wordpress\/auswaerts-nach-dortmund\/#primaryimage"},"thumbnailUrl":"","keywords":["Ausw\u00e4rtsfahrt","Dortmund","Entlastungszug"],"articleSection":["Aktuelles","Ausw\u00e4rts"],"inLanguage":"de"},{"@type":"WebPage","@id":"https:\/\/www.fanprojekt-muenster.de\/wordpress\/auswaerts-nach-dortmund\/","url":"https:\/\/www.fanprojekt-muenster.de\/wordpress\/auswaerts-nach-dortmund\/","name":"Ausw\u00e4rts nach Dortmund - Fangemeinschaft Preu\u00dfen M\u00fcnster e. V.","isPartOf":{"@id":"https:\/\/www.fanprojekt-muenster.de\/wordpress\/#website"},"primaryImageOfPage":{"@id":"https:\/\/www.fanprojekt-muenster.de\/wordpress\/auswaerts-nach-dortmund\/#primaryimage"},"image":{"@id":"https:\/\/www.fanprojekt-muenster.de\/wordpress\/auswaerts-nach-dortmund\/#primaryimage"},"thumbnailUrl":"","datePublished":"2014-11-26T08:30:05+00:00","breadcrumb":{"@id":"https:\/\/www.fanprojekt-muenster.de\/wordpress\/auswaerts-nach-dortmund\/#breadcrumb"},"inLanguage":"de","potentialAction":[{"@type":"ReadAction","target":["https:\/\/www.fanprojekt-muenster.de\/wordpress\/auswaerts-nach-dortmund\/"]}]},{"@type":"ImageObject","inLanguage":"de","@id":"https:\/\/www.fanprojekt-muenster.de\/wordpress\/auswaerts-nach-dortmund\/#primaryimage","url":"","contentUrl":""},{"@type":"BreadcrumbList","@id":"https:\/\/www.fanprojekt-muenster.de\/wordpress\/auswaerts-nach-dortmund\/#breadcrumb","itemListElement":[{"@type":"ListItem","position":1,"name":"Startseite","item":"https:\/\/www.fanprojekt-muenster.de\/wordpress\/"},{"@type":"ListItem","position":2,"name":"Ausw\u00e4rts nach Dortmund"}]},{"@type":"WebSite","@id":"https:\/\/www.fanprojekt-muenster.de\/wordpress\/#website","url":"https:\/\/www.fanprojekt-muenster.de\/wordpress\/","name":"Fangemeinschaft Preu\u00dfen M\u00fcnster e. V.","description":"","publisher":{"@id":"https:\/\/www.fanprojekt-muenster.de\/wordpress\/#organization"},"potentialAction":[{"@type":"SearchAction","target":{"@type":"EntryPoint","urlTemplate":"https:\/\/www.fanprojekt-muenster.de\/wordpress\/?s={search_term_string}"},"query-input":{"@type":"PropertyValueSpecification","valueRequired":true,"valueName":"search_term_string"}}],"inLanguage":"de"},{"@type":"Organization","@id":"https:\/\/www.fanprojekt-muenster.de\/wordpress\/#organization","name":"Fangemeinschaft Preu\u00dfen M\u00fcnster e. V.","url":"https:\/\/www.fanprojekt-muenster.de\/wordpress\/","logo":{"@type":"ImageObject","inLanguage":"de","@id":"https:\/\/www.fanprojekt-muenster.de\/wordpress\/#\/schema\/logo\/image\/","url":"https:\/\/www.fanprojekt-muenster.de\/wordpress\/wp-content\/uploads\/2019\/07\/cropped-Website_Logo3-9.png","contentUrl":"https:\/\/www.fanprojekt-muenster.de\/wordpress\/wp-content\/uploads\/2019\/07\/cropped-Website_Logo3-9.png","width":224,"height":42,"caption":"Fangemeinschaft Preu\u00dfen M\u00fcnster e. V."},"image":{"@id":"https:\/\/www.fanprojekt-muenster.de\/wordpress\/#\/schema\/logo\/image\/"}},{"@type":"Person","@id":"https:\/\/www.fanprojekt-muenster.de\/wordpress\/#\/schema\/person\/9126cc4d73d0d07c75b487075111186c","name":"fp_superadmin","url":"https:\/\/www.fanprojekt-muenster.de\/wordpress\/author\/fp_superadmin\/"}]}},"author_meta":{"display_name":"fp_superadmin","author_link":"https:\/\/www.fanprojekt-muenster.de\/wordpress\/author\/fp_superadmin\/"},"featured_img":null,"coauthors":[],"tax_additional":{"categories":{"linked":["<a href=\"https:\/\/www.fanprojekt-muenster.de\/wordpress\/category\/aktuelles\/\" class=\"advgb-post-tax-term\">Aktuelles<\/a>","<a href=\"https:\/\/www.fanprojekt-muenster.de\/wordpress\/category\/auswarts\/\" class=\"advgb-post-tax-term\">Ausw\u00e4rts<\/a>"],"unlinked":["<span class=\"advgb-post-tax-term\">Aktuelles<\/span>","<span class=\"advgb-post-tax-term\">Ausw\u00e4rts<\/span>"]},"tags":{"linked":["<a href=\"https:\/\/www.fanprojekt-muenster.de\/wordpress\/category\/auswarts\/\" class=\"advgb-post-tax-term\">Ausw\u00e4rtsfahrt<\/a>","<a href=\"https:\/\/www.fanprojekt-muenster.de\/wordpress\/category\/auswarts\/\" class=\"advgb-post-tax-term\">Dortmund<\/a>","<a href=\"https:\/\/www.fanprojekt-muenster.de\/wordpress\/category\/auswarts\/\" class=\"advgb-post-tax-term\">Entlastungszug<\/a>"],"unlinked":["<span class=\"advgb-post-tax-term\">Ausw\u00e4rtsfahrt<\/span>","<span class=\"advgb-post-tax-term\">Dortmund<\/span>","<span class=\"advgb-post-tax-term\">Entlastungszug<\/span>"]}},"comment_count":"0","relative_dates":{"created":"Posted 11\u00a0Jahren ago","modified":"Updated 11\u00a0Jahren ago"},"absolute_dates":{"created":"Posted on 26. November 2014","modified":"Updated on 26. November 2014"},"absolute_dates_time":{"created":"Posted on 26. November 2014 10:30","modified":"Updated on 26. November 2014 10:30"},"featured_img_caption":"","series_order":"","_links":{"self":[{"href":"https:\/\/www.fanprojekt-muenster.de\/wordpress\/wp-json\/wp\/v2\/posts\/3706","targetHints":{"allow":["GET"]}}],"collection":[{"href":"https:\/\/www.fanprojekt-muenster.de\/wordpress\/wp-json\/wp\/v2\/posts"}],"about":[{"href":"https:\/\/www.fanprojekt-muenster.de\/wordpress\/wp-json\/wp\/v2\/types\/post"}],"author":[{"embeddable":true,"href":"https:\/\/www.fanprojekt-muenster.de\/wordpress\/wp-json\/wp\/v2\/users\/2"}],"replies":[{"embeddable":true,"href":"https:\/\/www.fanprojekt-muenster.de\/wordpress\/wp-json\/wp\/v2\/comments?post=3706"}],"version-history":[{"count":0,"href":"https:\/\/www.fanprojekt-muenster.de\/wordpress\/wp-json\/wp\/v2\/posts\/3706\/revisions"}],"wp:featuredmedia":[{"embeddable":true,"href":"https:\/\/www.fanprojekt-muenster.de\/wordpress\/wp-json\/"}],"wp:attachment":[{"href":"https:\/\/www.fanprojekt-muenster.de\/wordpress\/wp-json\/wp\/v2\/media?parent=3706"}],"wp:term":[{"taxonomy":"category","embeddable":true,"href":"https:\/\/www.fanprojekt-muenster.de\/wordpress\/wp-json\/wp\/v2\/categories?post=3706"},{"taxonomy":"post_tag","embeddable":true,"href":"https:\/\/www.fanprojekt-muenster.de\/wordpress\/wp-json\/wp\/v2\/tags?post=3706"}],"curies":[{"name":"wp","href":"https:\/\/api.w.org\/{rel}","templated":true}]}}