{"id":3695,"date":"2014-11-24T19:59:45","date_gmt":"2014-11-24T17:59:45","guid":{"rendered":"http:\/\/www.fanprojekt-muenster.de\/wp\/?p=3695"},"modified":"2014-11-24T19:59:45","modified_gmt":"2014-11-24T17:59:45","slug":"einzug-der-mitgliedsbeitraege","status":"publish","type":"post","link":"https:\/\/www.fanprojekt-muenster.de\/wordpress\/einzug-der-mitgliedsbeitraege\/","title":{"rendered":"Einzug der Mitgliedsbeitr\u00e4ge"},"content":{"rendered":"<p style=\"text-align: justify;\">Hallo liebe Fanprojektmitglieder,<\/p>\n<p style=\"text-align: justify;\">die \u00dcbergabe der Gesch\u00e4fte vom alten auf den neuen Vorstand l\u00e4uft auf vollen Touren, vielen Dank\u00a0an den alten Vorstand f\u00fcr die Hilfe und Unterst\u00fctzung!<\/p>\n<p style=\"text-align: justify;\">Als erstes steht f\u00fcr uns nun der Einzug der Mitgliedsbeitr\u00e4ge f\u00fcr diese Saison auf dem Programm.\u00a0Normalerweise h\u00e4tte der Einzug bereits zum Start der Saison im Sommer stattfinden sollen, in diesem\u00a0Jahr sind wir aber ein wenig sp\u00e4ter dran.<\/p>\n<p style=\"text-align: justify;\"><strong>Die Mitgliedsbeitr\u00e4ge f\u00fcr die Saison 2014\/2015 werden am 01. Dezember 2014 eingezogen.<\/strong><\/p>\n<p style=\"text-align: justify;\">Wie einige sicherlich wissen, gilt seit dem 01.02.2014 innerhalb der EU und einigen weiteren L\u00e4ndern ein einheitlicher Standard f\u00fcr den Zahlungsverkehr (SEPA). Was bedeutet das f\u00fcr Dich?<\/p>\n<p style=\"text-align: justify;\"><strong>Du bist vor dem 01.02.2014 eingetreten:<\/strong><\/p>\n<p style=\"text-align: justify;\">Du brauchst nichts weiter zu veranlassen, deine Lastschrifterm\u00e4chtigung wird nun als SEPA-Mandat\u00a0weitergef\u00fchrt, eine entsprechende schriftliche Information hast Du bereits im Juni erhalten. Die\u00a0Abbuchung des Mitgliedsbeitrags erfolgt wie oben angek\u00fcndigt Anfang Dezember.<\/p>\n<p style=\"text-align: justify;\"><strong>Du bist nach dem 01.02.2014 eingetreten:<\/strong><\/p>\n<p style=\"text-align: justify;\">Zur Erf\u00fcllung der gesetzlichen Vorgaben ben\u00f6tigen wir von Dir ein sogenanntes SEPA-\u00a0Lastschriftmandat f\u00fcr wiederkehrende Zahlungen. Dieses ausgef\u00fcllte Formular (=&gt; <a href=\"http:\/\/www.fanprojekt-muenster.de\/wp\/wp-content\/uploads\/2014\/11\/SEPA-Lastschriftmandat.pdf\" target=\"_blank\" rel=\"noopener noreferrer\">zum Formular<\/a>) ben\u00f6tigen\u00a0wir schnellstm\u00f6glich im Original von Dir zur\u00fcck, ansonsten sind wir nicht berechtigt, Mitgliedsbeitr\u00e4ge\u00a0von Deinem Konto einzuziehen.<\/p>\n<p style=\"text-align: justify;\">Wir nehmen die Formulare bei den kommenden Heimspielen an unserem Fanprojektstand im\u00a0Eingangsbereich des Stadions gerne entgegen, ansonsten kannst Du es auch per Post an die\u00a0bekannte Adresse schicken. Eine Mail ist leider nicht ausreichend!<\/p>\n<p style=\"text-align: justify;\">Genauere Infos hierzu erh\u00e4ltst Du in den n\u00e4chsten Tagen in einer pers\u00f6nlichen Mail.<\/p>\n<p style=\"text-align: justify;\">[message_box title=&#8220;Hinweis&#8220; color=&#8220;green&#8220;]Solltest Du bis zum 01.12. keine pers\u00f6nliche Mail erhalten haben, melde Dich bitte bei uns am Fanprojektstand vor den Heimspielen oder aber per Mail kontakt(at)fanprojekt-muenster.de.[\/message_box]<\/p>\n","protected":false},"excerpt":{"rendered":"<p>Hallo liebe Fanprojektmitglieder, die \u00dcbergabe der Gesch\u00e4fte vom alten auf den neuen Vorstand l\u00e4uft auf vollen Touren, vielen Dank\u00a0an den alten Vorstand f\u00fcr die Hilfe und Unterst\u00fctzung! Als erstes steht&#8230; <a class=\"read-more-link\" href=\"https:\/\/www.fanprojekt-muenster.de\/wordpress\/einzug-der-mitgliedsbeitraege\/\">Read more &raquo;<\/a><\/p>\n","protected":false},"author":2,"featured_media":2054,"comment_status":"closed","ping_status":"closed","sticky":false,"template":"","format":"standard","meta":{"advgb_blocks_editor_width":"","advgb_blocks_columns_visual_guide":"","footnotes":""},"categories":[3],"tags":[],"class_list":["post-3695","post","type-post","status-publish","format-standard","has-post-thumbnail","hentry","category-aktuelles"],"featured_image_src":null,"author_info":{"display_name":"fp_superadmin","author_link":"https:\/\/www.fanprojekt-muenster.de\/wordpress\/author\/fp_superadmin\/"},"yoast_head":"<!-- This site is optimized with the Yoast SEO plugin v27.2 - https:\/\/yoast.com\/product\/yoast-seo-wordpress\/ -->\n<title>Einzug der Mitgliedsbeitr\u00e4ge - Fangemeinschaft Preu\u00dfen M\u00fcnster e. V.<\/title>\n<meta name=\"robots\" content=\"index, follow, max-snippet:-1, max-image-preview:large, max-video-preview:-1\" \/>\n<link rel=\"canonical\" href=\"https:\/\/www.fanprojekt-muenster.de\/wordpress\/einzug-der-mitgliedsbeitraege\/\" \/>\n<meta property=\"og:locale\" content=\"de_DE\" \/>\n<meta property=\"og:type\" content=\"article\" \/>\n<meta property=\"og:title\" content=\"Einzug der Mitgliedsbeitr\u00e4ge - Fangemeinschaft Preu\u00dfen M\u00fcnster e. V.\" \/>\n<meta property=\"og:description\" content=\"Hallo liebe Fanprojektmitglieder, die \u00dcbergabe der Gesch\u00e4fte vom alten auf den neuen Vorstand l\u00e4uft auf vollen Touren, vielen Dank\u00a0an den alten Vorstand f\u00fcr die Hilfe und Unterst\u00fctzung! Als erstes steht... Read more &raquo;\" \/>\n<meta property=\"og:url\" content=\"https:\/\/www.fanprojekt-muenster.de\/wordpress\/einzug-der-mitgliedsbeitraege\/\" \/>\n<meta property=\"og:site_name\" content=\"Fangemeinschaft Preu\u00dfen M\u00fcnster e. V.\" \/>\n<meta property=\"article:published_time\" content=\"2014-11-24T17:59:45+00:00\" \/>\n<meta name=\"author\" content=\"fp_superadmin\" \/>\n<meta name=\"twitter:card\" content=\"summary_large_image\" \/>\n<meta name=\"twitter:label1\" content=\"Verfasst von\" \/>\n\t<meta name=\"twitter:data1\" content=\"fp_superadmin\" \/>\n\t<meta name=\"twitter:label2\" content=\"Gesch\u00e4tzte Lesezeit\" \/>\n\t<meta name=\"twitter:data2\" content=\"1\u00a0Minute\" \/>\n<script type=\"application\/ld+json\" class=\"yoast-schema-graph\">{\"@context\":\"https:\/\/schema.org\",\"@graph\":[{\"@type\":\"Article\",\"@id\":\"https:\/\/www.fanprojekt-muenster.de\/wordpress\/einzug-der-mitgliedsbeitraege\/#article\",\"isPartOf\":{\"@id\":\"https:\/\/www.fanprojekt-muenster.de\/wordpress\/einzug-der-mitgliedsbeitraege\/\"},\"author\":{\"name\":\"fp_superadmin\",\"@id\":\"https:\/\/www.fanprojekt-muenster.de\/wordpress\/#\/schema\/person\/9126cc4d73d0d07c75b487075111186c\"},\"headline\":\"Einzug der Mitgliedsbeitr\u00e4ge\",\"datePublished\":\"2014-11-24T17:59:45+00:00\",\"mainEntityOfPage\":{\"@id\":\"https:\/\/www.fanprojekt-muenster.de\/wordpress\/einzug-der-mitgliedsbeitraege\/\"},\"wordCount\":301,\"publisher\":{\"@id\":\"https:\/\/www.fanprojekt-muenster.de\/wordpress\/#organization\"},\"image\":{\"@id\":\"https:\/\/www.fanprojekt-muenster.de\/wordpress\/einzug-der-mitgliedsbeitraege\/#primaryimage\"},\"thumbnailUrl\":\"\",\"articleSection\":[\"Aktuelles\"],\"inLanguage\":\"de\"},{\"@type\":\"WebPage\",\"@id\":\"https:\/\/www.fanprojekt-muenster.de\/wordpress\/einzug-der-mitgliedsbeitraege\/\",\"url\":\"https:\/\/www.fanprojekt-muenster.de\/wordpress\/einzug-der-mitgliedsbeitraege\/\",\"name\":\"Einzug der Mitgliedsbeitr\u00e4ge - Fangemeinschaft Preu\u00dfen M\u00fcnster e. V.\",\"isPartOf\":{\"@id\":\"https:\/\/www.fanprojekt-muenster.de\/wordpress\/#website\"},\"primaryImageOfPage\":{\"@id\":\"https:\/\/www.fanprojekt-muenster.de\/wordpress\/einzug-der-mitgliedsbeitraege\/#primaryimage\"},\"image\":{\"@id\":\"https:\/\/www.fanprojekt-muenster.de\/wordpress\/einzug-der-mitgliedsbeitraege\/#primaryimage\"},\"thumbnailUrl\":\"\",\"datePublished\":\"2014-11-24T17:59:45+00:00\",\"breadcrumb\":{\"@id\":\"https:\/\/www.fanprojekt-muenster.de\/wordpress\/einzug-der-mitgliedsbeitraege\/#breadcrumb\"},\"inLanguage\":\"de\",\"potentialAction\":[{\"@type\":\"ReadAction\",\"target\":[\"https:\/\/www.fanprojekt-muenster.de\/wordpress\/einzug-der-mitgliedsbeitraege\/\"]}]},{\"@type\":\"ImageObject\",\"inLanguage\":\"de\",\"@id\":\"https:\/\/www.fanprojekt-muenster.de\/wordpress\/einzug-der-mitgliedsbeitraege\/#primaryimage\",\"url\":\"\",\"contentUrl\":\"\"},{\"@type\":\"BreadcrumbList\",\"@id\":\"https:\/\/www.fanprojekt-muenster.de\/wordpress\/einzug-der-mitgliedsbeitraege\/#breadcrumb\",\"itemListElement\":[{\"@type\":\"ListItem\",\"position\":1,\"name\":\"Startseite\",\"item\":\"https:\/\/www.fanprojekt-muenster.de\/wordpress\/\"},{\"@type\":\"ListItem\",\"position\":2,\"name\":\"Einzug der Mitgliedsbeitr\u00e4ge\"}]},{\"@type\":\"WebSite\",\"@id\":\"https:\/\/www.fanprojekt-muenster.de\/wordpress\/#website\",\"url\":\"https:\/\/www.fanprojekt-muenster.de\/wordpress\/\",\"name\":\"Fangemeinschaft Preu\u00dfen M\u00fcnster e. V.\",\"description\":\"\",\"publisher\":{\"@id\":\"https:\/\/www.fanprojekt-muenster.de\/wordpress\/#organization\"},\"potentialAction\":[{\"@type\":\"SearchAction\",\"target\":{\"@type\":\"EntryPoint\",\"urlTemplate\":\"https:\/\/www.fanprojekt-muenster.de\/wordpress\/?s={search_term_string}\"},\"query-input\":{\"@type\":\"PropertyValueSpecification\",\"valueRequired\":true,\"valueName\":\"search_term_string\"}}],\"inLanguage\":\"de\"},{\"@type\":\"Organization\",\"@id\":\"https:\/\/www.fanprojekt-muenster.de\/wordpress\/#organization\",\"name\":\"Fangemeinschaft Preu\u00dfen M\u00fcnster e. V.\",\"url\":\"https:\/\/www.fanprojekt-muenster.de\/wordpress\/\",\"logo\":{\"@type\":\"ImageObject\",\"inLanguage\":\"de\",\"@id\":\"https:\/\/www.fanprojekt-muenster.de\/wordpress\/#\/schema\/logo\/image\/\",\"url\":\"https:\/\/www.fanprojekt-muenster.de\/wordpress\/wp-content\/uploads\/2019\/07\/cropped-Website_Logo3-9.png\",\"contentUrl\":\"https:\/\/www.fanprojekt-muenster.de\/wordpress\/wp-content\/uploads\/2019\/07\/cropped-Website_Logo3-9.png\",\"width\":224,\"height\":42,\"caption\":\"Fangemeinschaft Preu\u00dfen M\u00fcnster e. V.\"},\"image\":{\"@id\":\"https:\/\/www.fanprojekt-muenster.de\/wordpress\/#\/schema\/logo\/image\/\"}},{\"@type\":\"Person\",\"@id\":\"https:\/\/www.fanprojekt-muenster.de\/wordpress\/#\/schema\/person\/9126cc4d73d0d07c75b487075111186c\",\"name\":\"fp_superadmin\",\"url\":\"https:\/\/www.fanprojekt-muenster.de\/wordpress\/author\/fp_superadmin\/\"}]}<\/script>\n<!-- \/ Yoast SEO plugin. -->","yoast_head_json":{"title":"Einzug der Mitgliedsbeitr\u00e4ge - Fangemeinschaft Preu\u00dfen M\u00fcnster e. V.","robots":{"index":"index","follow":"follow","max-snippet":"max-snippet:-1","max-image-preview":"max-image-preview:large","max-video-preview":"max-video-preview:-1"},"canonical":"https:\/\/www.fanprojekt-muenster.de\/wordpress\/einzug-der-mitgliedsbeitraege\/","og_locale":"de_DE","og_type":"article","og_title":"Einzug der Mitgliedsbeitr\u00e4ge - Fangemeinschaft Preu\u00dfen M\u00fcnster e. V.","og_description":"Hallo liebe Fanprojektmitglieder, die \u00dcbergabe der Gesch\u00e4fte vom alten auf den neuen Vorstand l\u00e4uft auf vollen Touren, vielen Dank\u00a0an den alten Vorstand f\u00fcr die Hilfe und Unterst\u00fctzung! Als erstes steht... Read more &raquo;","og_url":"https:\/\/www.fanprojekt-muenster.de\/wordpress\/einzug-der-mitgliedsbeitraege\/","og_site_name":"Fangemeinschaft Preu\u00dfen M\u00fcnster e. V.","article_published_time":"2014-11-24T17:59:45+00:00","author":"fp_superadmin","twitter_card":"summary_large_image","twitter_misc":{"Verfasst von":"fp_superadmin","Gesch\u00e4tzte Lesezeit":"1\u00a0Minute"},"schema":{"@context":"https:\/\/schema.org","@graph":[{"@type":"Article","@id":"https:\/\/www.fanprojekt-muenster.de\/wordpress\/einzug-der-mitgliedsbeitraege\/#article","isPartOf":{"@id":"https:\/\/www.fanprojekt-muenster.de\/wordpress\/einzug-der-mitgliedsbeitraege\/"},"author":{"name":"fp_superadmin","@id":"https:\/\/www.fanprojekt-muenster.de\/wordpress\/#\/schema\/person\/9126cc4d73d0d07c75b487075111186c"},"headline":"Einzug der Mitgliedsbeitr\u00e4ge","datePublished":"2014-11-24T17:59:45+00:00","mainEntityOfPage":{"@id":"https:\/\/www.fanprojekt-muenster.de\/wordpress\/einzug-der-mitgliedsbeitraege\/"},"wordCount":301,"publisher":{"@id":"https:\/\/www.fanprojekt-muenster.de\/wordpress\/#organization"},"image":{"@id":"https:\/\/www.fanprojekt-muenster.de\/wordpress\/einzug-der-mitgliedsbeitraege\/#primaryimage"},"thumbnailUrl":"","articleSection":["Aktuelles"],"inLanguage":"de"},{"@type":"WebPage","@id":"https:\/\/www.fanprojekt-muenster.de\/wordpress\/einzug-der-mitgliedsbeitraege\/","url":"https:\/\/www.fanprojekt-muenster.de\/wordpress\/einzug-der-mitgliedsbeitraege\/","name":"Einzug der Mitgliedsbeitr\u00e4ge - Fangemeinschaft Preu\u00dfen M\u00fcnster e. V.","isPartOf":{"@id":"https:\/\/www.fanprojekt-muenster.de\/wordpress\/#website"},"primaryImageOfPage":{"@id":"https:\/\/www.fanprojekt-muenster.de\/wordpress\/einzug-der-mitgliedsbeitraege\/#primaryimage"},"image":{"@id":"https:\/\/www.fanprojekt-muenster.de\/wordpress\/einzug-der-mitgliedsbeitraege\/#primaryimage"},"thumbnailUrl":"","datePublished":"2014-11-24T17:59:45+00:00","breadcrumb":{"@id":"https:\/\/www.fanprojekt-muenster.de\/wordpress\/einzug-der-mitgliedsbeitraege\/#breadcrumb"},"inLanguage":"de","potentialAction":[{"@type":"ReadAction","target":["https:\/\/www.fanprojekt-muenster.de\/wordpress\/einzug-der-mitgliedsbeitraege\/"]}]},{"@type":"ImageObject","inLanguage":"de","@id":"https:\/\/www.fanprojekt-muenster.de\/wordpress\/einzug-der-mitgliedsbeitraege\/#primaryimage","url":"","contentUrl":""},{"@type":"BreadcrumbList","@id":"https:\/\/www.fanprojekt-muenster.de\/wordpress\/einzug-der-mitgliedsbeitraege\/#breadcrumb","itemListElement":[{"@type":"ListItem","position":1,"name":"Startseite","item":"https:\/\/www.fanprojekt-muenster.de\/wordpress\/"},{"@type":"ListItem","position":2,"name":"Einzug der Mitgliedsbeitr\u00e4ge"}]},{"@type":"WebSite","@id":"https:\/\/www.fanprojekt-muenster.de\/wordpress\/#website","url":"https:\/\/www.fanprojekt-muenster.de\/wordpress\/","name":"Fangemeinschaft Preu\u00dfen M\u00fcnster e. V.","description":"","publisher":{"@id":"https:\/\/www.fanprojekt-muenster.de\/wordpress\/#organization"},"potentialAction":[{"@type":"SearchAction","target":{"@type":"EntryPoint","urlTemplate":"https:\/\/www.fanprojekt-muenster.de\/wordpress\/?s={search_term_string}"},"query-input":{"@type":"PropertyValueSpecification","valueRequired":true,"valueName":"search_term_string"}}],"inLanguage":"de"},{"@type":"Organization","@id":"https:\/\/www.fanprojekt-muenster.de\/wordpress\/#organization","name":"Fangemeinschaft Preu\u00dfen M\u00fcnster e. V.","url":"https:\/\/www.fanprojekt-muenster.de\/wordpress\/","logo":{"@type":"ImageObject","inLanguage":"de","@id":"https:\/\/www.fanprojekt-muenster.de\/wordpress\/#\/schema\/logo\/image\/","url":"https:\/\/www.fanprojekt-muenster.de\/wordpress\/wp-content\/uploads\/2019\/07\/cropped-Website_Logo3-9.png","contentUrl":"https:\/\/www.fanprojekt-muenster.de\/wordpress\/wp-content\/uploads\/2019\/07\/cropped-Website_Logo3-9.png","width":224,"height":42,"caption":"Fangemeinschaft Preu\u00dfen M\u00fcnster e. V."},"image":{"@id":"https:\/\/www.fanprojekt-muenster.de\/wordpress\/#\/schema\/logo\/image\/"}},{"@type":"Person","@id":"https:\/\/www.fanprojekt-muenster.de\/wordpress\/#\/schema\/person\/9126cc4d73d0d07c75b487075111186c","name":"fp_superadmin","url":"https:\/\/www.fanprojekt-muenster.de\/wordpress\/author\/fp_superadmin\/"}]}},"author_meta":{"display_name":"fp_superadmin","author_link":"https:\/\/www.fanprojekt-muenster.de\/wordpress\/author\/fp_superadmin\/"},"featured_img":null,"coauthors":[],"tax_additional":{"categories":{"linked":["<a href=\"https:\/\/www.fanprojekt-muenster.de\/wordpress\/category\/aktuelles\/\" class=\"advgb-post-tax-term\">Aktuelles<\/a>"],"unlinked":["<span class=\"advgb-post-tax-term\">Aktuelles<\/span>"]}},"comment_count":"0","relative_dates":{"created":"Posted 11\u00a0Jahren ago","modified":"Updated 11\u00a0Jahren ago"},"absolute_dates":{"created":"Posted on 24. November 2014","modified":"Updated on 24. November 2014"},"absolute_dates_time":{"created":"Posted on 24. November 2014 19:59","modified":"Updated on 24. November 2014 19:59"},"featured_img_caption":"","series_order":"","_links":{"self":[{"href":"https:\/\/www.fanprojekt-muenster.de\/wordpress\/wp-json\/wp\/v2\/posts\/3695","targetHints":{"allow":["GET"]}}],"collection":[{"href":"https:\/\/www.fanprojekt-muenster.de\/wordpress\/wp-json\/wp\/v2\/posts"}],"about":[{"href":"https:\/\/www.fanprojekt-muenster.de\/wordpress\/wp-json\/wp\/v2\/types\/post"}],"author":[{"embeddable":true,"href":"https:\/\/www.fanprojekt-muenster.de\/wordpress\/wp-json\/wp\/v2\/users\/2"}],"replies":[{"embeddable":true,"href":"https:\/\/www.fanprojekt-muenster.de\/wordpress\/wp-json\/wp\/v2\/comments?post=3695"}],"version-history":[{"count":0,"href":"https:\/\/www.fanprojekt-muenster.de\/wordpress\/wp-json\/wp\/v2\/posts\/3695\/revisions"}],"wp:featuredmedia":[{"embeddable":true,"href":"https:\/\/www.fanprojekt-muenster.de\/wordpress\/wp-json\/"}],"wp:attachment":[{"href":"https:\/\/www.fanprojekt-muenster.de\/wordpress\/wp-json\/wp\/v2\/media?parent=3695"}],"wp:term":[{"taxonomy":"category","embeddable":true,"href":"https:\/\/www.fanprojekt-muenster.de\/wordpress\/wp-json\/wp\/v2\/categories?post=3695"},{"taxonomy":"post_tag","embeddable":true,"href":"https:\/\/www.fanprojekt-muenster.de\/wordpress\/wp-json\/wp\/v2\/tags?post=3695"}],"curies":[{"name":"wp","href":"https:\/\/api.w.org\/{rel}","templated":true}]}}