{"id":3412,"date":"2014-11-16T12:16:20","date_gmt":"2014-11-16T10:16:20","guid":{"rendered":"http:\/\/www.fanprojekt-muenster.de\/wp\/?p=3412"},"modified":"2014-11-16T12:16:20","modified_gmt":"2014-11-16T10:16:20","slug":"oeffentliches-treffen-am-26-11-2014","status":"publish","type":"post","link":"https:\/\/www.fanprojekt-muenster.de\/wordpress\/oeffentliches-treffen-am-26-11-2014\/","title":{"rendered":"\u00d6ffentliches Treffen am 26.11.2014"},"content":{"rendered":"<p>Hallo Preu\u00dfenfans!<\/p>\n<p>zu einem \u00f6ffentlichen Treffen l\u00e4dt das Fanprojekt Preu\u00dfen M\u00fcnster ein, um euch die M\u00f6glichkeit zu bieten, eure W\u00fcnsche, Ideen und Vorstellungen an uns heranzutragen. Bei der Gelegenheit m\u00f6chten wir auch eure Erwartungshaltung an das Fanprojekt erfahren und Diskussionen \u00fcber die Preu\u00dfen-Fanszene f\u00fchren.<\/p>\n<p>Wir wollen uns regelm\u00e4\u00dfig, einmal im Quartal, zu bestimmten Themen mit euch austauschen.<br \/>\nDas kommende Treffen findet damit am <strong>26.11.2014<\/strong> um <strong>19:06 Uhr<\/strong> im <a href=\"http:\/\/www.fanport-muenster.de\/\" target=\"_blank\" rel=\"noopener noreferrer\"><strong>FANport<\/strong> <\/a>statt.<\/p>\n<p>Neben einen offenem Austausch wollen wir den Abend auch dazu nutzen, euch bereits angelaufene Arbeitskreise und unsere aktuellen Planungen vorzustellen.<\/p>\n<p>Da wir uns langsam der besinnlichen Zeit n\u00e4hern, wird f\u00fcr Gl\u00fchwein und Spekulatius gesorgt sein.<\/p>\n<p>Wir freuen uns auf eine rege Teilnahme und euer zahlreiches Erscheinen!<\/p>\n<p>Euer Fanprojekt.<\/p>\n","protected":false},"excerpt":{"rendered":"<p>Hallo Preu\u00dfenfans! zu einem \u00f6ffentlichen Treffen l\u00e4dt das Fanprojekt Preu\u00dfen M\u00fcnster ein, um euch die M\u00f6glichkeit zu bieten, eure W\u00fcnsche, Ideen und Vorstellungen an uns heranzutragen. Bei der Gelegenheit m\u00f6chten&#8230; <a class=\"read-more-link\" href=\"https:\/\/www.fanprojekt-muenster.de\/wordpress\/oeffentliches-treffen-am-26-11-2014\/\">Read more &raquo;<\/a><\/p>\n","protected":false},"author":2,"featured_media":2054,"comment_status":"closed","ping_status":"closed","sticky":false,"template":"","format":"standard","meta":{"advgb_blocks_editor_width":"","advgb_blocks_columns_visual_guide":"","footnotes":""},"categories":[3,16],"tags":[],"class_list":["post-3412","post","type-post","status-publish","format-standard","has-post-thumbnail","hentry","category-aktuelles","category-veranstaltungen"],"featured_image_src":null,"author_info":{"display_name":"fp_superadmin","author_link":"https:\/\/www.fanprojekt-muenster.de\/wordpress\/author\/fp_superadmin\/"},"yoast_head":"<!-- This site is optimized with the Yoast SEO plugin v27.2 - https:\/\/yoast.com\/product\/yoast-seo-wordpress\/ -->\n<title>\u00d6ffentliches Treffen am 26.11.2014 - Fangemeinschaft Preu\u00dfen M\u00fcnster e. V.<\/title>\n<meta name=\"robots\" content=\"index, follow, max-snippet:-1, max-image-preview:large, max-video-preview:-1\" \/>\n<link rel=\"canonical\" href=\"https:\/\/www.fanprojekt-muenster.de\/wordpress\/oeffentliches-treffen-am-26-11-2014\/\" \/>\n<meta property=\"og:locale\" content=\"de_DE\" \/>\n<meta property=\"og:type\" content=\"article\" \/>\n<meta property=\"og:title\" content=\"\u00d6ffentliches Treffen am 26.11.2014 - Fangemeinschaft Preu\u00dfen M\u00fcnster e. V.\" \/>\n<meta property=\"og:description\" content=\"Hallo Preu\u00dfenfans! zu einem \u00f6ffentlichen Treffen l\u00e4dt das Fanprojekt Preu\u00dfen M\u00fcnster ein, um euch die M\u00f6glichkeit zu bieten, eure W\u00fcnsche, Ideen und Vorstellungen an uns heranzutragen. Bei der Gelegenheit m\u00f6chten... Read more &raquo;\" \/>\n<meta property=\"og:url\" content=\"https:\/\/www.fanprojekt-muenster.de\/wordpress\/oeffentliches-treffen-am-26-11-2014\/\" \/>\n<meta property=\"og:site_name\" content=\"Fangemeinschaft Preu\u00dfen M\u00fcnster e. V.\" \/>\n<meta property=\"article:published_time\" content=\"2014-11-16T10:16:20+00:00\" \/>\n<meta name=\"author\" content=\"fp_superadmin\" \/>\n<meta name=\"twitter:card\" content=\"summary_large_image\" \/>\n<meta name=\"twitter:label1\" content=\"Verfasst von\" \/>\n\t<meta name=\"twitter:data1\" content=\"fp_superadmin\" \/>\n\t<meta name=\"twitter:label2\" content=\"Gesch\u00e4tzte Lesezeit\" \/>\n\t<meta name=\"twitter:data2\" content=\"1\u00a0Minute\" \/>\n<script type=\"application\/ld+json\" class=\"yoast-schema-graph\">{\"@context\":\"https:\/\/schema.org\",\"@graph\":[{\"@type\":\"Article\",\"@id\":\"https:\/\/www.fanprojekt-muenster.de\/wordpress\/oeffentliches-treffen-am-26-11-2014\/#article\",\"isPartOf\":{\"@id\":\"https:\/\/www.fanprojekt-muenster.de\/wordpress\/oeffentliches-treffen-am-26-11-2014\/\"},\"author\":{\"name\":\"fp_superadmin\",\"@id\":\"https:\/\/www.fanprojekt-muenster.de\/wordpress\/#\/schema\/person\/9126cc4d73d0d07c75b487075111186c\"},\"headline\":\"\u00d6ffentliches Treffen am 26.11.2014\",\"datePublished\":\"2014-11-16T10:16:20+00:00\",\"mainEntityOfPage\":{\"@id\":\"https:\/\/www.fanprojekt-muenster.de\/wordpress\/oeffentliches-treffen-am-26-11-2014\/\"},\"wordCount\":132,\"publisher\":{\"@id\":\"https:\/\/www.fanprojekt-muenster.de\/wordpress\/#organization\"},\"image\":{\"@id\":\"https:\/\/www.fanprojekt-muenster.de\/wordpress\/oeffentliches-treffen-am-26-11-2014\/#primaryimage\"},\"thumbnailUrl\":\"\",\"articleSection\":[\"Aktuelles\",\"Veranstaltungen\"],\"inLanguage\":\"de\"},{\"@type\":\"WebPage\",\"@id\":\"https:\/\/www.fanprojekt-muenster.de\/wordpress\/oeffentliches-treffen-am-26-11-2014\/\",\"url\":\"https:\/\/www.fanprojekt-muenster.de\/wordpress\/oeffentliches-treffen-am-26-11-2014\/\",\"name\":\"\u00d6ffentliches Treffen am 26.11.2014 - Fangemeinschaft Preu\u00dfen M\u00fcnster e. V.\",\"isPartOf\":{\"@id\":\"https:\/\/www.fanprojekt-muenster.de\/wordpress\/#website\"},\"primaryImageOfPage\":{\"@id\":\"https:\/\/www.fanprojekt-muenster.de\/wordpress\/oeffentliches-treffen-am-26-11-2014\/#primaryimage\"},\"image\":{\"@id\":\"https:\/\/www.fanprojekt-muenster.de\/wordpress\/oeffentliches-treffen-am-26-11-2014\/#primaryimage\"},\"thumbnailUrl\":\"\",\"datePublished\":\"2014-11-16T10:16:20+00:00\",\"breadcrumb\":{\"@id\":\"https:\/\/www.fanprojekt-muenster.de\/wordpress\/oeffentliches-treffen-am-26-11-2014\/#breadcrumb\"},\"inLanguage\":\"de\",\"potentialAction\":[{\"@type\":\"ReadAction\",\"target\":[\"https:\/\/www.fanprojekt-muenster.de\/wordpress\/oeffentliches-treffen-am-26-11-2014\/\"]}]},{\"@type\":\"ImageObject\",\"inLanguage\":\"de\",\"@id\":\"https:\/\/www.fanprojekt-muenster.de\/wordpress\/oeffentliches-treffen-am-26-11-2014\/#primaryimage\",\"url\":\"\",\"contentUrl\":\"\"},{\"@type\":\"BreadcrumbList\",\"@id\":\"https:\/\/www.fanprojekt-muenster.de\/wordpress\/oeffentliches-treffen-am-26-11-2014\/#breadcrumb\",\"itemListElement\":[{\"@type\":\"ListItem\",\"position\":1,\"name\":\"Startseite\",\"item\":\"https:\/\/www.fanprojekt-muenster.de\/wordpress\/\"},{\"@type\":\"ListItem\",\"position\":2,\"name\":\"\u00d6ffentliches Treffen am 26.11.2014\"}]},{\"@type\":\"WebSite\",\"@id\":\"https:\/\/www.fanprojekt-muenster.de\/wordpress\/#website\",\"url\":\"https:\/\/www.fanprojekt-muenster.de\/wordpress\/\",\"name\":\"Fangemeinschaft Preu\u00dfen M\u00fcnster e. V.\",\"description\":\"\",\"publisher\":{\"@id\":\"https:\/\/www.fanprojekt-muenster.de\/wordpress\/#organization\"},\"potentialAction\":[{\"@type\":\"SearchAction\",\"target\":{\"@type\":\"EntryPoint\",\"urlTemplate\":\"https:\/\/www.fanprojekt-muenster.de\/wordpress\/?s={search_term_string}\"},\"query-input\":{\"@type\":\"PropertyValueSpecification\",\"valueRequired\":true,\"valueName\":\"search_term_string\"}}],\"inLanguage\":\"de\"},{\"@type\":\"Organization\",\"@id\":\"https:\/\/www.fanprojekt-muenster.de\/wordpress\/#organization\",\"name\":\"Fangemeinschaft Preu\u00dfen M\u00fcnster e. V.\",\"url\":\"https:\/\/www.fanprojekt-muenster.de\/wordpress\/\",\"logo\":{\"@type\":\"ImageObject\",\"inLanguage\":\"de\",\"@id\":\"https:\/\/www.fanprojekt-muenster.de\/wordpress\/#\/schema\/logo\/image\/\",\"url\":\"https:\/\/www.fanprojekt-muenster.de\/wordpress\/wp-content\/uploads\/2019\/07\/cropped-Website_Logo3-9.png\",\"contentUrl\":\"https:\/\/www.fanprojekt-muenster.de\/wordpress\/wp-content\/uploads\/2019\/07\/cropped-Website_Logo3-9.png\",\"width\":224,\"height\":42,\"caption\":\"Fangemeinschaft Preu\u00dfen M\u00fcnster e. V.\"},\"image\":{\"@id\":\"https:\/\/www.fanprojekt-muenster.de\/wordpress\/#\/schema\/logo\/image\/\"}},{\"@type\":\"Person\",\"@id\":\"https:\/\/www.fanprojekt-muenster.de\/wordpress\/#\/schema\/person\/9126cc4d73d0d07c75b487075111186c\",\"name\":\"fp_superadmin\",\"url\":\"https:\/\/www.fanprojekt-muenster.de\/wordpress\/author\/fp_superadmin\/\"}]}<\/script>\n<!-- \/ Yoast SEO plugin. -->","yoast_head_json":{"title":"\u00d6ffentliches Treffen am 26.11.2014 - Fangemeinschaft Preu\u00dfen M\u00fcnster e. V.","robots":{"index":"index","follow":"follow","max-snippet":"max-snippet:-1","max-image-preview":"max-image-preview:large","max-video-preview":"max-video-preview:-1"},"canonical":"https:\/\/www.fanprojekt-muenster.de\/wordpress\/oeffentliches-treffen-am-26-11-2014\/","og_locale":"de_DE","og_type":"article","og_title":"\u00d6ffentliches Treffen am 26.11.2014 - Fangemeinschaft Preu\u00dfen M\u00fcnster e. V.","og_description":"Hallo Preu\u00dfenfans! zu einem \u00f6ffentlichen Treffen l\u00e4dt das Fanprojekt Preu\u00dfen M\u00fcnster ein, um euch die M\u00f6glichkeit zu bieten, eure W\u00fcnsche, Ideen und Vorstellungen an uns heranzutragen. Bei der Gelegenheit m\u00f6chten... Read more &raquo;","og_url":"https:\/\/www.fanprojekt-muenster.de\/wordpress\/oeffentliches-treffen-am-26-11-2014\/","og_site_name":"Fangemeinschaft Preu\u00dfen M\u00fcnster e. V.","article_published_time":"2014-11-16T10:16:20+00:00","author":"fp_superadmin","twitter_card":"summary_large_image","twitter_misc":{"Verfasst von":"fp_superadmin","Gesch\u00e4tzte Lesezeit":"1\u00a0Minute"},"schema":{"@context":"https:\/\/schema.org","@graph":[{"@type":"Article","@id":"https:\/\/www.fanprojekt-muenster.de\/wordpress\/oeffentliches-treffen-am-26-11-2014\/#article","isPartOf":{"@id":"https:\/\/www.fanprojekt-muenster.de\/wordpress\/oeffentliches-treffen-am-26-11-2014\/"},"author":{"name":"fp_superadmin","@id":"https:\/\/www.fanprojekt-muenster.de\/wordpress\/#\/schema\/person\/9126cc4d73d0d07c75b487075111186c"},"headline":"\u00d6ffentliches Treffen am 26.11.2014","datePublished":"2014-11-16T10:16:20+00:00","mainEntityOfPage":{"@id":"https:\/\/www.fanprojekt-muenster.de\/wordpress\/oeffentliches-treffen-am-26-11-2014\/"},"wordCount":132,"publisher":{"@id":"https:\/\/www.fanprojekt-muenster.de\/wordpress\/#organization"},"image":{"@id":"https:\/\/www.fanprojekt-muenster.de\/wordpress\/oeffentliches-treffen-am-26-11-2014\/#primaryimage"},"thumbnailUrl":"","articleSection":["Aktuelles","Veranstaltungen"],"inLanguage":"de"},{"@type":"WebPage","@id":"https:\/\/www.fanprojekt-muenster.de\/wordpress\/oeffentliches-treffen-am-26-11-2014\/","url":"https:\/\/www.fanprojekt-muenster.de\/wordpress\/oeffentliches-treffen-am-26-11-2014\/","name":"\u00d6ffentliches Treffen am 26.11.2014 - Fangemeinschaft Preu\u00dfen M\u00fcnster e. V.","isPartOf":{"@id":"https:\/\/www.fanprojekt-muenster.de\/wordpress\/#website"},"primaryImageOfPage":{"@id":"https:\/\/www.fanprojekt-muenster.de\/wordpress\/oeffentliches-treffen-am-26-11-2014\/#primaryimage"},"image":{"@id":"https:\/\/www.fanprojekt-muenster.de\/wordpress\/oeffentliches-treffen-am-26-11-2014\/#primaryimage"},"thumbnailUrl":"","datePublished":"2014-11-16T10:16:20+00:00","breadcrumb":{"@id":"https:\/\/www.fanprojekt-muenster.de\/wordpress\/oeffentliches-treffen-am-26-11-2014\/#breadcrumb"},"inLanguage":"de","potentialAction":[{"@type":"ReadAction","target":["https:\/\/www.fanprojekt-muenster.de\/wordpress\/oeffentliches-treffen-am-26-11-2014\/"]}]},{"@type":"ImageObject","inLanguage":"de","@id":"https:\/\/www.fanprojekt-muenster.de\/wordpress\/oeffentliches-treffen-am-26-11-2014\/#primaryimage","url":"","contentUrl":""},{"@type":"BreadcrumbList","@id":"https:\/\/www.fanprojekt-muenster.de\/wordpress\/oeffentliches-treffen-am-26-11-2014\/#breadcrumb","itemListElement":[{"@type":"ListItem","position":1,"name":"Startseite","item":"https:\/\/www.fanprojekt-muenster.de\/wordpress\/"},{"@type":"ListItem","position":2,"name":"\u00d6ffentliches Treffen am 26.11.2014"}]},{"@type":"WebSite","@id":"https:\/\/www.fanprojekt-muenster.de\/wordpress\/#website","url":"https:\/\/www.fanprojekt-muenster.de\/wordpress\/","name":"Fangemeinschaft Preu\u00dfen M\u00fcnster e. V.","description":"","publisher":{"@id":"https:\/\/www.fanprojekt-muenster.de\/wordpress\/#organization"},"potentialAction":[{"@type":"SearchAction","target":{"@type":"EntryPoint","urlTemplate":"https:\/\/www.fanprojekt-muenster.de\/wordpress\/?s={search_term_string}"},"query-input":{"@type":"PropertyValueSpecification","valueRequired":true,"valueName":"search_term_string"}}],"inLanguage":"de"},{"@type":"Organization","@id":"https:\/\/www.fanprojekt-muenster.de\/wordpress\/#organization","name":"Fangemeinschaft Preu\u00dfen M\u00fcnster e. V.","url":"https:\/\/www.fanprojekt-muenster.de\/wordpress\/","logo":{"@type":"ImageObject","inLanguage":"de","@id":"https:\/\/www.fanprojekt-muenster.de\/wordpress\/#\/schema\/logo\/image\/","url":"https:\/\/www.fanprojekt-muenster.de\/wordpress\/wp-content\/uploads\/2019\/07\/cropped-Website_Logo3-9.png","contentUrl":"https:\/\/www.fanprojekt-muenster.de\/wordpress\/wp-content\/uploads\/2019\/07\/cropped-Website_Logo3-9.png","width":224,"height":42,"caption":"Fangemeinschaft Preu\u00dfen M\u00fcnster e. V."},"image":{"@id":"https:\/\/www.fanprojekt-muenster.de\/wordpress\/#\/schema\/logo\/image\/"}},{"@type":"Person","@id":"https:\/\/www.fanprojekt-muenster.de\/wordpress\/#\/schema\/person\/9126cc4d73d0d07c75b487075111186c","name":"fp_superadmin","url":"https:\/\/www.fanprojekt-muenster.de\/wordpress\/author\/fp_superadmin\/"}]}},"author_meta":{"display_name":"fp_superadmin","author_link":"https:\/\/www.fanprojekt-muenster.de\/wordpress\/author\/fp_superadmin\/"},"featured_img":null,"coauthors":[],"tax_additional":{"categories":{"linked":["<a href=\"https:\/\/www.fanprojekt-muenster.de\/wordpress\/category\/aktuelles\/\" class=\"advgb-post-tax-term\">Aktuelles<\/a>","<a href=\"https:\/\/www.fanprojekt-muenster.de\/wordpress\/category\/veranstaltungen\/\" class=\"advgb-post-tax-term\">Veranstaltungen<\/a>"],"unlinked":["<span class=\"advgb-post-tax-term\">Aktuelles<\/span>","<span class=\"advgb-post-tax-term\">Veranstaltungen<\/span>"]}},"comment_count":"0","relative_dates":{"created":"Posted 11\u00a0Jahren ago","modified":"Updated 11\u00a0Jahren ago"},"absolute_dates":{"created":"Posted on 16. November 2014","modified":"Updated on 16. November 2014"},"absolute_dates_time":{"created":"Posted on 16. November 2014 12:16","modified":"Updated on 16. November 2014 12:16"},"featured_img_caption":"","series_order":"","_links":{"self":[{"href":"https:\/\/www.fanprojekt-muenster.de\/wordpress\/wp-json\/wp\/v2\/posts\/3412","targetHints":{"allow":["GET"]}}],"collection":[{"href":"https:\/\/www.fanprojekt-muenster.de\/wordpress\/wp-json\/wp\/v2\/posts"}],"about":[{"href":"https:\/\/www.fanprojekt-muenster.de\/wordpress\/wp-json\/wp\/v2\/types\/post"}],"author":[{"embeddable":true,"href":"https:\/\/www.fanprojekt-muenster.de\/wordpress\/wp-json\/wp\/v2\/users\/2"}],"replies":[{"embeddable":true,"href":"https:\/\/www.fanprojekt-muenster.de\/wordpress\/wp-json\/wp\/v2\/comments?post=3412"}],"version-history":[{"count":0,"href":"https:\/\/www.fanprojekt-muenster.de\/wordpress\/wp-json\/wp\/v2\/posts\/3412\/revisions"}],"wp:featuredmedia":[{"embeddable":true,"href":"https:\/\/www.fanprojekt-muenster.de\/wordpress\/wp-json\/"}],"wp:attachment":[{"href":"https:\/\/www.fanprojekt-muenster.de\/wordpress\/wp-json\/wp\/v2\/media?parent=3412"}],"wp:term":[{"taxonomy":"category","embeddable":true,"href":"https:\/\/www.fanprojekt-muenster.de\/wordpress\/wp-json\/wp\/v2\/categories?post=3412"},{"taxonomy":"post_tag","embeddable":true,"href":"https:\/\/www.fanprojekt-muenster.de\/wordpress\/wp-json\/wp\/v2\/tags?post=3412"}],"curies":[{"name":"wp","href":"https:\/\/api.w.org\/{rel}","templated":true}]}}