{"id":3406,"date":"2014-11-14T14:07:57","date_gmt":"2014-11-14T12:07:57","guid":{"rendered":"http:\/\/www.fanprojekt-muenster.de\/wp\/?p=3406"},"modified":"2014-11-14T14:07:57","modified_gmt":"2014-11-14T12:07:57","slug":"kampagne-second-fan-shirt","status":"publish","type":"post","link":"https:\/\/www.fanprojekt-muenster.de\/wordpress\/kampagne-second-fan-shirt\/","title":{"rendered":"Kampagne &#8222;Second Fan Shirt&#8220;"},"content":{"rendered":"<p>Hallo Preu\u00dfenfans,<\/p>\n<p>wir freuen uns, euch heute eine spannende und unterst\u00fctzenswerte Kampagne vorzustellen, die von BAFF (B\u00fcndnis Aktiver Fu\u00dfballfans) und FSE (Football Supporters Europe) initiiert wurde.<\/p>\n<p>Die Idee ist einfach. In speziell eingerichteten Sammelstellen haben alle Fu\u00dfballfans europaweit die M\u00f6glichkeit, angeh\u00e4ufte Fanartikel f\u00fcr einen guten Zweck zu spenden. Darunter fallen alle Artikel wie z.B. Trikots, Schals, M\u00fctzen, Fanmagazine, Shirts usw. All diese Spenden werden dann an einen zentralen Ort in Deutschland gesandt, von dort verwaltet und \u00fcber ein bekanntes Internetauktionshaus versteigert. Die Erl\u00f6se aus diesen Versteigerungen kommen dann zu 100% Fl\u00fcchtlingsinitiativen zugute.<\/p>\n<p>Nat\u00fcrlich war dies nur eine sehr grobe Zusammenfassung. Alle Fans, die sich intensiver \u00fcber diese Kampagne informieren m\u00f6chten, finden alle n\u00f6tigen Informationen auf den folgenden Seiten:<\/p>\n<ul>\n<li><a href=\"http:\/\/www.aktive-fans.de\/index.php?option=com_content&amp;view=article&amp;id=124:baff-und-fse-rufen-zur-fluechtlingshilfe-kampagne-second-fan-shirt-auf&amp;catid=1:aktuelle-nachrichten&amp;Itemid=50\" target=\"_blank\" rel=\"noopener noreferrer\">Aufruf der Kampagne<\/a><\/li>\n<li><a href=\"http:\/\/transparent-magazin.de\/blog\/fani%20... -fanshirt\/\" target=\"_blank\" rel=\"noopener noreferrer\">Interview mit den Initiatoren<\/a><\/li>\n<li><a href=\"http:\/\/www.preussen-forum.de\/2014\/11\/14\/aktion-second-fan-shirt-in-muenster-laeuft-an\/\" target=\"_blank\" rel=\"noopener noreferrer\">Artikel Preu\u00dfenforum<\/a><\/li>\n<\/ul>\n<p>&nbsp;<\/p>\n<p>Damit diese Kampagne auch den Weg nach M\u00fcnster findet, haben es die Preu\u00dfenfans Jens und Robert vom Preu\u00dfenforum in die Hand genommen! Daraus ist innerhalb kurzer Zeit eine Kooperation des Fanprojekt Preu\u00dfen M\u00fcnster e.V., dem FANport M\u00fcnster und engagierten Fans entstanden.<\/p>\n<p><strong>Wie wird dies nun genau in M\u00fcnster ablaufen?<\/strong><\/p>\n<p>Um eure Spenden entgegen zu nehmen, stellen wir vom Fanprojekt allen spendenwilligen Preu\u00dfenfans zu den n\u00e4chsten beiden Heimspielen (22.11. gegen Unterhaching und 13.12. gegen Stuttgart II) eine Annahmestelle im Stadion zur Verf\u00fcgung. Wir sind bis kurz vorm Anpfiff im Eingangsbereich zu finden.<\/p>\n<p>Unter der Woche k\u00f6nnt ihr eure Spenden am FANport (direkt neben dem Stadion) montags zwischen 16:00 und 20:00 Uhr und mittwochs zwischen 17 und 20 Uhr einreichen.<\/p>\n<p>Wir freuen uns sehr auf eure Spenden f\u00fcr einen guten Zweck! Bei weiteren Fragen k\u00f6nnt ihr uns unter kontakt(at)fanprojekt-muenster.de erreichen.<\/p>\n","protected":false},"excerpt":{"rendered":"<p>Hallo Preu\u00dfenfans, wir freuen uns, euch heute eine spannende und unterst\u00fctzenswerte Kampagne vorzustellen, die von BAFF (B\u00fcndnis Aktiver Fu\u00dfballfans) und FSE (Football Supporters Europe) initiiert wurde. Die Idee ist einfach&#8230;. <a class=\"read-more-link\" href=\"https:\/\/www.fanprojekt-muenster.de\/wordpress\/kampagne-second-fan-shirt\/\">Read more &raquo;<\/a><\/p>\n","protected":false},"author":2,"featured_media":3407,"comment_status":"closed","ping_status":"closed","sticky":false,"template":"","format":"standard","meta":{"advgb_blocks_editor_width":"","advgb_blocks_columns_visual_guide":"","footnotes":""},"categories":[2,3],"tags":[],"class_list":["post-3406","post","type-post","status-publish","format-standard","has-post-thumbnail","hentry","category-aktionen","category-aktuelles"],"featured_image_src":null,"author_info":{"display_name":"fp_superadmin","author_link":"https:\/\/www.fanprojekt-muenster.de\/wordpress\/author\/fp_superadmin\/"},"yoast_head":"<!-- This site is optimized with the Yoast SEO plugin v27.2 - https:\/\/yoast.com\/product\/yoast-seo-wordpress\/ -->\n<title>Kampagne &quot;Second Fan Shirt&quot; - Fangemeinschaft Preu\u00dfen M\u00fcnster e. V.<\/title>\n<meta name=\"robots\" content=\"index, follow, max-snippet:-1, max-image-preview:large, max-video-preview:-1\" \/>\n<link rel=\"canonical\" href=\"https:\/\/www.fanprojekt-muenster.de\/wordpress\/kampagne-second-fan-shirt\/\" \/>\n<meta property=\"og:locale\" content=\"de_DE\" \/>\n<meta property=\"og:type\" content=\"article\" \/>\n<meta property=\"og:title\" content=\"Kampagne &quot;Second Fan Shirt&quot; - Fangemeinschaft Preu\u00dfen M\u00fcnster e. V.\" \/>\n<meta property=\"og:description\" content=\"Hallo Preu\u00dfenfans, wir freuen uns, euch heute eine spannende und unterst\u00fctzenswerte Kampagne vorzustellen, die von BAFF (B\u00fcndnis Aktiver Fu\u00dfballfans) und FSE (Football Supporters Europe) initiiert wurde. Die Idee ist einfach.... Read more &raquo;\" \/>\n<meta property=\"og:url\" content=\"https:\/\/www.fanprojekt-muenster.de\/wordpress\/kampagne-second-fan-shirt\/\" \/>\n<meta property=\"og:site_name\" content=\"Fangemeinschaft Preu\u00dfen M\u00fcnster e. V.\" \/>\n<meta property=\"article:published_time\" content=\"2014-11-14T12:07:57+00:00\" \/>\n<meta name=\"author\" content=\"fp_superadmin\" \/>\n<meta name=\"twitter:card\" content=\"summary_large_image\" \/>\n<meta name=\"twitter:label1\" content=\"Verfasst von\" \/>\n\t<meta name=\"twitter:data1\" content=\"fp_superadmin\" \/>\n\t<meta name=\"twitter:label2\" content=\"Gesch\u00e4tzte Lesezeit\" \/>\n\t<meta name=\"twitter:data2\" content=\"1\u00a0Minute\" \/>\n<script type=\"application\/ld+json\" class=\"yoast-schema-graph\">{\"@context\":\"https:\/\/schema.org\",\"@graph\":[{\"@type\":\"Article\",\"@id\":\"https:\/\/www.fanprojekt-muenster.de\/wordpress\/kampagne-second-fan-shirt\/#article\",\"isPartOf\":{\"@id\":\"https:\/\/www.fanprojekt-muenster.de\/wordpress\/kampagne-second-fan-shirt\/\"},\"author\":{\"name\":\"fp_superadmin\",\"@id\":\"https:\/\/www.fanprojekt-muenster.de\/wordpress\/#\/schema\/person\/9126cc4d73d0d07c75b487075111186c\"},\"headline\":\"Kampagne &#8222;Second Fan Shirt&#8220;\",\"datePublished\":\"2014-11-14T12:07:57+00:00\",\"mainEntityOfPage\":{\"@id\":\"https:\/\/www.fanprojekt-muenster.de\/wordpress\/kampagne-second-fan-shirt\/\"},\"wordCount\":296,\"publisher\":{\"@id\":\"https:\/\/www.fanprojekt-muenster.de\/wordpress\/#organization\"},\"image\":{\"@id\":\"https:\/\/www.fanprojekt-muenster.de\/wordpress\/kampagne-second-fan-shirt\/#primaryimage\"},\"thumbnailUrl\":\"\",\"articleSection\":[\"Aktionen\",\"Aktuelles\"],\"inLanguage\":\"de\"},{\"@type\":\"WebPage\",\"@id\":\"https:\/\/www.fanprojekt-muenster.de\/wordpress\/kampagne-second-fan-shirt\/\",\"url\":\"https:\/\/www.fanprojekt-muenster.de\/wordpress\/kampagne-second-fan-shirt\/\",\"name\":\"Kampagne \\\"Second Fan Shirt\\\" - Fangemeinschaft Preu\u00dfen M\u00fcnster e. V.\",\"isPartOf\":{\"@id\":\"https:\/\/www.fanprojekt-muenster.de\/wordpress\/#website\"},\"primaryImageOfPage\":{\"@id\":\"https:\/\/www.fanprojekt-muenster.de\/wordpress\/kampagne-second-fan-shirt\/#primaryimage\"},\"image\":{\"@id\":\"https:\/\/www.fanprojekt-muenster.de\/wordpress\/kampagne-second-fan-shirt\/#primaryimage\"},\"thumbnailUrl\":\"\",\"datePublished\":\"2014-11-14T12:07:57+00:00\",\"breadcrumb\":{\"@id\":\"https:\/\/www.fanprojekt-muenster.de\/wordpress\/kampagne-second-fan-shirt\/#breadcrumb\"},\"inLanguage\":\"de\",\"potentialAction\":[{\"@type\":\"ReadAction\",\"target\":[\"https:\/\/www.fanprojekt-muenster.de\/wordpress\/kampagne-second-fan-shirt\/\"]}]},{\"@type\":\"ImageObject\",\"inLanguage\":\"de\",\"@id\":\"https:\/\/www.fanprojekt-muenster.de\/wordpress\/kampagne-second-fan-shirt\/#primaryimage\",\"url\":\"\",\"contentUrl\":\"\"},{\"@type\":\"BreadcrumbList\",\"@id\":\"https:\/\/www.fanprojekt-muenster.de\/wordpress\/kampagne-second-fan-shirt\/#breadcrumb\",\"itemListElement\":[{\"@type\":\"ListItem\",\"position\":1,\"name\":\"Startseite\",\"item\":\"https:\/\/www.fanprojekt-muenster.de\/wordpress\/\"},{\"@type\":\"ListItem\",\"position\":2,\"name\":\"Kampagne &#8222;Second Fan Shirt&#8220;\"}]},{\"@type\":\"WebSite\",\"@id\":\"https:\/\/www.fanprojekt-muenster.de\/wordpress\/#website\",\"url\":\"https:\/\/www.fanprojekt-muenster.de\/wordpress\/\",\"name\":\"Fangemeinschaft Preu\u00dfen M\u00fcnster e. V.\",\"description\":\"\",\"publisher\":{\"@id\":\"https:\/\/www.fanprojekt-muenster.de\/wordpress\/#organization\"},\"potentialAction\":[{\"@type\":\"SearchAction\",\"target\":{\"@type\":\"EntryPoint\",\"urlTemplate\":\"https:\/\/www.fanprojekt-muenster.de\/wordpress\/?s={search_term_string}\"},\"query-input\":{\"@type\":\"PropertyValueSpecification\",\"valueRequired\":true,\"valueName\":\"search_term_string\"}}],\"inLanguage\":\"de\"},{\"@type\":\"Organization\",\"@id\":\"https:\/\/www.fanprojekt-muenster.de\/wordpress\/#organization\",\"name\":\"Fangemeinschaft Preu\u00dfen M\u00fcnster e. V.\",\"url\":\"https:\/\/www.fanprojekt-muenster.de\/wordpress\/\",\"logo\":{\"@type\":\"ImageObject\",\"inLanguage\":\"de\",\"@id\":\"https:\/\/www.fanprojekt-muenster.de\/wordpress\/#\/schema\/logo\/image\/\",\"url\":\"https:\/\/www.fanprojekt-muenster.de\/wordpress\/wp-content\/uploads\/2019\/07\/cropped-Website_Logo3-9.png\",\"contentUrl\":\"https:\/\/www.fanprojekt-muenster.de\/wordpress\/wp-content\/uploads\/2019\/07\/cropped-Website_Logo3-9.png\",\"width\":224,\"height\":42,\"caption\":\"Fangemeinschaft Preu\u00dfen M\u00fcnster e. V.\"},\"image\":{\"@id\":\"https:\/\/www.fanprojekt-muenster.de\/wordpress\/#\/schema\/logo\/image\/\"}},{\"@type\":\"Person\",\"@id\":\"https:\/\/www.fanprojekt-muenster.de\/wordpress\/#\/schema\/person\/9126cc4d73d0d07c75b487075111186c\",\"name\":\"fp_superadmin\",\"url\":\"https:\/\/www.fanprojekt-muenster.de\/wordpress\/author\/fp_superadmin\/\"}]}<\/script>\n<!-- \/ Yoast SEO plugin. -->","yoast_head_json":{"title":"Kampagne \"Second Fan Shirt\" - Fangemeinschaft Preu\u00dfen M\u00fcnster e. V.","robots":{"index":"index","follow":"follow","max-snippet":"max-snippet:-1","max-image-preview":"max-image-preview:large","max-video-preview":"max-video-preview:-1"},"canonical":"https:\/\/www.fanprojekt-muenster.de\/wordpress\/kampagne-second-fan-shirt\/","og_locale":"de_DE","og_type":"article","og_title":"Kampagne \"Second Fan Shirt\" - Fangemeinschaft Preu\u00dfen M\u00fcnster e. V.","og_description":"Hallo Preu\u00dfenfans, wir freuen uns, euch heute eine spannende und unterst\u00fctzenswerte Kampagne vorzustellen, die von BAFF (B\u00fcndnis Aktiver Fu\u00dfballfans) und FSE (Football Supporters Europe) initiiert wurde. Die Idee ist einfach.... Read more &raquo;","og_url":"https:\/\/www.fanprojekt-muenster.de\/wordpress\/kampagne-second-fan-shirt\/","og_site_name":"Fangemeinschaft Preu\u00dfen M\u00fcnster e. V.","article_published_time":"2014-11-14T12:07:57+00:00","author":"fp_superadmin","twitter_card":"summary_large_image","twitter_misc":{"Verfasst von":"fp_superadmin","Gesch\u00e4tzte Lesezeit":"1\u00a0Minute"},"schema":{"@context":"https:\/\/schema.org","@graph":[{"@type":"Article","@id":"https:\/\/www.fanprojekt-muenster.de\/wordpress\/kampagne-second-fan-shirt\/#article","isPartOf":{"@id":"https:\/\/www.fanprojekt-muenster.de\/wordpress\/kampagne-second-fan-shirt\/"},"author":{"name":"fp_superadmin","@id":"https:\/\/www.fanprojekt-muenster.de\/wordpress\/#\/schema\/person\/9126cc4d73d0d07c75b487075111186c"},"headline":"Kampagne &#8222;Second Fan Shirt&#8220;","datePublished":"2014-11-14T12:07:57+00:00","mainEntityOfPage":{"@id":"https:\/\/www.fanprojekt-muenster.de\/wordpress\/kampagne-second-fan-shirt\/"},"wordCount":296,"publisher":{"@id":"https:\/\/www.fanprojekt-muenster.de\/wordpress\/#organization"},"image":{"@id":"https:\/\/www.fanprojekt-muenster.de\/wordpress\/kampagne-second-fan-shirt\/#primaryimage"},"thumbnailUrl":"","articleSection":["Aktionen","Aktuelles"],"inLanguage":"de"},{"@type":"WebPage","@id":"https:\/\/www.fanprojekt-muenster.de\/wordpress\/kampagne-second-fan-shirt\/","url":"https:\/\/www.fanprojekt-muenster.de\/wordpress\/kampagne-second-fan-shirt\/","name":"Kampagne \"Second Fan Shirt\" - Fangemeinschaft Preu\u00dfen M\u00fcnster e. V.","isPartOf":{"@id":"https:\/\/www.fanprojekt-muenster.de\/wordpress\/#website"},"primaryImageOfPage":{"@id":"https:\/\/www.fanprojekt-muenster.de\/wordpress\/kampagne-second-fan-shirt\/#primaryimage"},"image":{"@id":"https:\/\/www.fanprojekt-muenster.de\/wordpress\/kampagne-second-fan-shirt\/#primaryimage"},"thumbnailUrl":"","datePublished":"2014-11-14T12:07:57+00:00","breadcrumb":{"@id":"https:\/\/www.fanprojekt-muenster.de\/wordpress\/kampagne-second-fan-shirt\/#breadcrumb"},"inLanguage":"de","potentialAction":[{"@type":"ReadAction","target":["https:\/\/www.fanprojekt-muenster.de\/wordpress\/kampagne-second-fan-shirt\/"]}]},{"@type":"ImageObject","inLanguage":"de","@id":"https:\/\/www.fanprojekt-muenster.de\/wordpress\/kampagne-second-fan-shirt\/#primaryimage","url":"","contentUrl":""},{"@type":"BreadcrumbList","@id":"https:\/\/www.fanprojekt-muenster.de\/wordpress\/kampagne-second-fan-shirt\/#breadcrumb","itemListElement":[{"@type":"ListItem","position":1,"name":"Startseite","item":"https:\/\/www.fanprojekt-muenster.de\/wordpress\/"},{"@type":"ListItem","position":2,"name":"Kampagne &#8222;Second Fan Shirt&#8220;"}]},{"@type":"WebSite","@id":"https:\/\/www.fanprojekt-muenster.de\/wordpress\/#website","url":"https:\/\/www.fanprojekt-muenster.de\/wordpress\/","name":"Fangemeinschaft Preu\u00dfen M\u00fcnster e. V.","description":"","publisher":{"@id":"https:\/\/www.fanprojekt-muenster.de\/wordpress\/#organization"},"potentialAction":[{"@type":"SearchAction","target":{"@type":"EntryPoint","urlTemplate":"https:\/\/www.fanprojekt-muenster.de\/wordpress\/?s={search_term_string}"},"query-input":{"@type":"PropertyValueSpecification","valueRequired":true,"valueName":"search_term_string"}}],"inLanguage":"de"},{"@type":"Organization","@id":"https:\/\/www.fanprojekt-muenster.de\/wordpress\/#organization","name":"Fangemeinschaft Preu\u00dfen M\u00fcnster e. V.","url":"https:\/\/www.fanprojekt-muenster.de\/wordpress\/","logo":{"@type":"ImageObject","inLanguage":"de","@id":"https:\/\/www.fanprojekt-muenster.de\/wordpress\/#\/schema\/logo\/image\/","url":"https:\/\/www.fanprojekt-muenster.de\/wordpress\/wp-content\/uploads\/2019\/07\/cropped-Website_Logo3-9.png","contentUrl":"https:\/\/www.fanprojekt-muenster.de\/wordpress\/wp-content\/uploads\/2019\/07\/cropped-Website_Logo3-9.png","width":224,"height":42,"caption":"Fangemeinschaft Preu\u00dfen M\u00fcnster e. V."},"image":{"@id":"https:\/\/www.fanprojekt-muenster.de\/wordpress\/#\/schema\/logo\/image\/"}},{"@type":"Person","@id":"https:\/\/www.fanprojekt-muenster.de\/wordpress\/#\/schema\/person\/9126cc4d73d0d07c75b487075111186c","name":"fp_superadmin","url":"https:\/\/www.fanprojekt-muenster.de\/wordpress\/author\/fp_superadmin\/"}]}},"author_meta":{"display_name":"fp_superadmin","author_link":"https:\/\/www.fanprojekt-muenster.de\/wordpress\/author\/fp_superadmin\/"},"featured_img":null,"coauthors":[],"tax_additional":{"categories":{"linked":["<a href=\"https:\/\/www.fanprojekt-muenster.de\/wordpress\/category\/aktionen\/\" class=\"advgb-post-tax-term\">Aktionen<\/a>","<a href=\"https:\/\/www.fanprojekt-muenster.de\/wordpress\/category\/aktuelles\/\" class=\"advgb-post-tax-term\">Aktuelles<\/a>"],"unlinked":["<span class=\"advgb-post-tax-term\">Aktionen<\/span>","<span class=\"advgb-post-tax-term\">Aktuelles<\/span>"]}},"comment_count":"0","relative_dates":{"created":"Posted 11\u00a0Jahren ago","modified":"Updated 11\u00a0Jahren ago"},"absolute_dates":{"created":"Posted on 14. November 2014","modified":"Updated on 14. November 2014"},"absolute_dates_time":{"created":"Posted on 14. November 2014 14:07","modified":"Updated on 14. November 2014 14:07"},"featured_img_caption":"","series_order":"","_links":{"self":[{"href":"https:\/\/www.fanprojekt-muenster.de\/wordpress\/wp-json\/wp\/v2\/posts\/3406","targetHints":{"allow":["GET"]}}],"collection":[{"href":"https:\/\/www.fanprojekt-muenster.de\/wordpress\/wp-json\/wp\/v2\/posts"}],"about":[{"href":"https:\/\/www.fanprojekt-muenster.de\/wordpress\/wp-json\/wp\/v2\/types\/post"}],"author":[{"embeddable":true,"href":"https:\/\/www.fanprojekt-muenster.de\/wordpress\/wp-json\/wp\/v2\/users\/2"}],"replies":[{"embeddable":true,"href":"https:\/\/www.fanprojekt-muenster.de\/wordpress\/wp-json\/wp\/v2\/comments?post=3406"}],"version-history":[{"count":0,"href":"https:\/\/www.fanprojekt-muenster.de\/wordpress\/wp-json\/wp\/v2\/posts\/3406\/revisions"}],"wp:featuredmedia":[{"embeddable":true,"href":"https:\/\/www.fanprojekt-muenster.de\/wordpress\/wp-json\/"}],"wp:attachment":[{"href":"https:\/\/www.fanprojekt-muenster.de\/wordpress\/wp-json\/wp\/v2\/media?parent=3406"}],"wp:term":[{"taxonomy":"category","embeddable":true,"href":"https:\/\/www.fanprojekt-muenster.de\/wordpress\/wp-json\/wp\/v2\/categories?post=3406"},{"taxonomy":"post_tag","embeddable":true,"href":"https:\/\/www.fanprojekt-muenster.de\/wordpress\/wp-json\/wp\/v2\/tags?post=3406"}],"curies":[{"name":"wp","href":"https:\/\/api.w.org\/{rel}","templated":true}]}}