{"id":3319,"date":"2014-10-14T09:00:26","date_gmt":"2014-10-14T07:00:26","guid":{"rendered":"http:\/\/www.fanprojekt-muenster.de\/?p=3319"},"modified":"2014-10-14T09:00:26","modified_gmt":"2014-10-14T07:00:26","slug":"neuer-termin-fuer-die-jhv","status":"publish","type":"post","link":"https:\/\/www.fanprojekt-muenster.de\/wordpress\/neuer-termin-fuer-die-jhv\/","title":{"rendered":"Neuer Termin f\u00fcr die JHV"},"content":{"rendered":"<p>Liebe Mitglieder,<br \/>\nzur au\u00dferordentlichen Mitgliederversammlung am :<\/p>\n<p><strong>Mittwoch, 22. Oktober 2014 um 19.06 Uhr<br \/>\nIn der Trib\u00fcne des Sc Preu\u00dfen M\u00fcnster<\/strong><\/p>\n<p>laden wir Euch herzlich ein.<\/p>\n<p>Tagesordnung: (nach \u00a7 7 Mitgliederversammlung der Satzung)<\/p>\n<ol>\n<li>Begr\u00fc\u00dfung<\/li>\n<li>Satzungs\u00e4nderungen<\/li>\n<li>Vorstellung der Kandidaten f\u00fcr die Vorstandswahl<\/li>\n<li>Vorstandswahlen<\/li>\n<li>Verschiedenes<\/li>\n<\/ol>\n<p>Die Sitzungs- und Wahlleitung hat Manuel Suttrup.<br \/>\nWegen des zu erwartenden, gro\u00dfen Andrangs bitten wir euch, m\u00f6glichst schon fr\u00fch zu erscheinen, wir haben auch nur ein begrenztes Sitzplatzkontingent.<br \/>\nAm Eingang legitimiert ihr euch bitte \u00fcber euren Namen und eure Mitgliedsnummer.<br \/>\nDort erhaltet ihr gegen eure Unterschrift eine Wahlkarte. Diese berechtigt zur Abstimmung an dem Abend. Die Karte ist in Segmente unterteilt, durchnummeriert und hat eine Abrissperforation. Jedes Segment erlaubt eure Stimmabgabe zu einem speziellen Abstimmungspunkt. Nach erfolgter Stimmabgabe wird eine kleine Pause eingelegt zur Durchz\u00e4hlung des Ergebnisses. Dieses wird anschlie\u00dfend vom Sitzungsleiter verk\u00fcndet.<br \/>\nMinderj\u00e4hrige Mitglieder stimmen durch ihre gesetzlichen Vertreter ab. Familienmitglieder erhalten daher Stimmkarten in der Anzahl ihrer Kinder zus\u00e4tzlich. Einer Vollmacht bedarf es hierzu nicht.<br \/>\nEine Vollmacht f\u00fcr einen Stellvertreter ist nicht zul\u00e4ssig, es k\u00f6nnen nur pers\u00f6nlich anwesende Mitglieder abstimmen.<br \/>\nAn dem Abend wird f\u00fcr kostenlose Getr\u00e4nke gesorgt. Alkohol gibt es erst nach Beendigung des offiziellen Teils durch den Sitzungsleiter (Vorgabe des Vereins).<br \/>\nObwohl wir durch den Verein verpflichtet sind, bei einer Veranstaltung dieser Gr\u00f6\u00dfe Sicherheitspersonal zu akzeptieren, bitten wir euch um ein verantwortungsvolles, respektvolles und friedliches Miteinander an dem Abend.<br \/>\n\u00dcber die Teilnahme an dieser Jahreshauptversammlung w\u00fcrden wir uns freuen.<br \/>\nWir weisen darauf hin, dass die Versammlung unabh\u00e4ngig von der Zahl der erschienenen Mitglieder beschlussf\u00e4hig ist.<br \/>\nAntr\u00e4ge von stimmberechtigten Mitgliedern m\u00fcssen schriftlich vorliegen. Antr\u00e4ge umseitig.<\/p>\n<p>Mit schwarz-wei\u00df-gr\u00fcnen Gr\u00fc\u00dfen<\/p>\n<p>Tanja Eilert<br \/>\n1. Vorsitzende<\/p>\n","protected":false},"excerpt":{"rendered":"<p>Liebe Mitglieder, zur au\u00dferordentlichen Mitgliederversammlung am : Mittwoch, 22. Oktober 2014 um 19.06 Uhr In der Trib\u00fcne des Sc Preu\u00dfen M\u00fcnster laden wir Euch herzlich ein. Tagesordnung: (nach \u00a7 7&#8230; <a class=\"read-more-link\" href=\"https:\/\/www.fanprojekt-muenster.de\/wordpress\/neuer-termin-fuer-die-jhv\/\">Read more &raquo;<\/a><\/p>\n","protected":false},"author":2,"featured_media":2868,"comment_status":"closed","ping_status":"closed","sticky":false,"template":"","format":"standard","meta":{"advgb_blocks_editor_width":"","advgb_blocks_columns_visual_guide":"","footnotes":""},"categories":[3],"tags":[26,28,112,154,223,283],"class_list":["post-3319","post","type-post","status-publish","format-standard","has-post-thumbnail","hentry","category-aktuelles","tag-26","tag-3-liga-2","tag-fanprojekt","tag-jahreshauptversammlung","tag-sc-preussen-muenster","tag-von-fans-fuer-fans"],"featured_image_src":null,"author_info":{"display_name":"fp_superadmin","author_link":"https:\/\/www.fanprojekt-muenster.de\/wordpress\/author\/fp_superadmin\/"},"yoast_head":"<!-- This site is optimized with the Yoast SEO plugin v27.2 - https:\/\/yoast.com\/product\/yoast-seo-wordpress\/ -->\n<title>Neuer Termin f\u00fcr die JHV - Fangemeinschaft Preu\u00dfen M\u00fcnster e. V.<\/title>\n<meta name=\"robots\" content=\"index, follow, max-snippet:-1, max-image-preview:large, max-video-preview:-1\" \/>\n<link rel=\"canonical\" href=\"https:\/\/www.fanprojekt-muenster.de\/wordpress\/neuer-termin-fuer-die-jhv\/\" \/>\n<meta property=\"og:locale\" content=\"de_DE\" \/>\n<meta property=\"og:type\" content=\"article\" \/>\n<meta property=\"og:title\" content=\"Neuer Termin f\u00fcr die JHV - Fangemeinschaft Preu\u00dfen M\u00fcnster e. V.\" \/>\n<meta property=\"og:description\" content=\"Liebe Mitglieder, zur au\u00dferordentlichen Mitgliederversammlung am : Mittwoch, 22. Oktober 2014 um 19.06 Uhr In der Trib\u00fcne des Sc Preu\u00dfen M\u00fcnster laden wir Euch herzlich ein. Tagesordnung: (nach \u00a7 7... Read more &raquo;\" \/>\n<meta property=\"og:url\" content=\"https:\/\/www.fanprojekt-muenster.de\/wordpress\/neuer-termin-fuer-die-jhv\/\" \/>\n<meta property=\"og:site_name\" content=\"Fangemeinschaft Preu\u00dfen M\u00fcnster e. V.\" \/>\n<meta property=\"article:published_time\" content=\"2014-10-14T07:00:26+00:00\" \/>\n<meta name=\"author\" content=\"fp_superadmin\" \/>\n<meta name=\"twitter:card\" content=\"summary_large_image\" \/>\n<meta name=\"twitter:label1\" content=\"Verfasst von\" \/>\n\t<meta name=\"twitter:data1\" content=\"fp_superadmin\" \/>\n\t<meta name=\"twitter:label2\" content=\"Gesch\u00e4tzte Lesezeit\" \/>\n\t<meta name=\"twitter:data2\" content=\"1\u00a0Minute\" \/>\n<script type=\"application\/ld+json\" class=\"yoast-schema-graph\">{\"@context\":\"https:\/\/schema.org\",\"@graph\":[{\"@type\":\"Article\",\"@id\":\"https:\/\/www.fanprojekt-muenster.de\/wordpress\/neuer-termin-fuer-die-jhv\/#article\",\"isPartOf\":{\"@id\":\"https:\/\/www.fanprojekt-muenster.de\/wordpress\/neuer-termin-fuer-die-jhv\/\"},\"author\":{\"name\":\"fp_superadmin\",\"@id\":\"https:\/\/www.fanprojekt-muenster.de\/wordpress\/#\/schema\/person\/9126cc4d73d0d07c75b487075111186c\"},\"headline\":\"Neuer Termin f\u00fcr die JHV\",\"datePublished\":\"2014-10-14T07:00:26+00:00\",\"mainEntityOfPage\":{\"@id\":\"https:\/\/www.fanprojekt-muenster.de\/wordpress\/neuer-termin-fuer-die-jhv\/\"},\"wordCount\":298,\"publisher\":{\"@id\":\"https:\/\/www.fanprojekt-muenster.de\/wordpress\/#organization\"},\"image\":{\"@id\":\"https:\/\/www.fanprojekt-muenster.de\/wordpress\/neuer-termin-fuer-die-jhv\/#primaryimage\"},\"thumbnailUrl\":\"\",\"keywords\":[\"2014\",\"3.Liga\",\"Fanprojekt\",\"Jahreshauptversammlung\",\"SC Preu\u00dfen M\u00fcnster\",\"Von Fans f\u00fcr Fans\"],\"articleSection\":[\"Aktuelles\"],\"inLanguage\":\"de\"},{\"@type\":\"WebPage\",\"@id\":\"https:\/\/www.fanprojekt-muenster.de\/wordpress\/neuer-termin-fuer-die-jhv\/\",\"url\":\"https:\/\/www.fanprojekt-muenster.de\/wordpress\/neuer-termin-fuer-die-jhv\/\",\"name\":\"Neuer Termin f\u00fcr die JHV - Fangemeinschaft Preu\u00dfen M\u00fcnster e. V.\",\"isPartOf\":{\"@id\":\"https:\/\/www.fanprojekt-muenster.de\/wordpress\/#website\"},\"primaryImageOfPage\":{\"@id\":\"https:\/\/www.fanprojekt-muenster.de\/wordpress\/neuer-termin-fuer-die-jhv\/#primaryimage\"},\"image\":{\"@id\":\"https:\/\/www.fanprojekt-muenster.de\/wordpress\/neuer-termin-fuer-die-jhv\/#primaryimage\"},\"thumbnailUrl\":\"\",\"datePublished\":\"2014-10-14T07:00:26+00:00\",\"breadcrumb\":{\"@id\":\"https:\/\/www.fanprojekt-muenster.de\/wordpress\/neuer-termin-fuer-die-jhv\/#breadcrumb\"},\"inLanguage\":\"de\",\"potentialAction\":[{\"@type\":\"ReadAction\",\"target\":[\"https:\/\/www.fanprojekt-muenster.de\/wordpress\/neuer-termin-fuer-die-jhv\/\"]}]},{\"@type\":\"ImageObject\",\"inLanguage\":\"de\",\"@id\":\"https:\/\/www.fanprojekt-muenster.de\/wordpress\/neuer-termin-fuer-die-jhv\/#primaryimage\",\"url\":\"\",\"contentUrl\":\"\"},{\"@type\":\"BreadcrumbList\",\"@id\":\"https:\/\/www.fanprojekt-muenster.de\/wordpress\/neuer-termin-fuer-die-jhv\/#breadcrumb\",\"itemListElement\":[{\"@type\":\"ListItem\",\"position\":1,\"name\":\"Startseite\",\"item\":\"https:\/\/www.fanprojekt-muenster.de\/wordpress\/\"},{\"@type\":\"ListItem\",\"position\":2,\"name\":\"Neuer Termin f\u00fcr die JHV\"}]},{\"@type\":\"WebSite\",\"@id\":\"https:\/\/www.fanprojekt-muenster.de\/wordpress\/#website\",\"url\":\"https:\/\/www.fanprojekt-muenster.de\/wordpress\/\",\"name\":\"Fangemeinschaft Preu\u00dfen M\u00fcnster e. V.\",\"description\":\"\",\"publisher\":{\"@id\":\"https:\/\/www.fanprojekt-muenster.de\/wordpress\/#organization\"},\"potentialAction\":[{\"@type\":\"SearchAction\",\"target\":{\"@type\":\"EntryPoint\",\"urlTemplate\":\"https:\/\/www.fanprojekt-muenster.de\/wordpress\/?s={search_term_string}\"},\"query-input\":{\"@type\":\"PropertyValueSpecification\",\"valueRequired\":true,\"valueName\":\"search_term_string\"}}],\"inLanguage\":\"de\"},{\"@type\":\"Organization\",\"@id\":\"https:\/\/www.fanprojekt-muenster.de\/wordpress\/#organization\",\"name\":\"Fangemeinschaft Preu\u00dfen M\u00fcnster e. V.\",\"url\":\"https:\/\/www.fanprojekt-muenster.de\/wordpress\/\",\"logo\":{\"@type\":\"ImageObject\",\"inLanguage\":\"de\",\"@id\":\"https:\/\/www.fanprojekt-muenster.de\/wordpress\/#\/schema\/logo\/image\/\",\"url\":\"https:\/\/www.fanprojekt-muenster.de\/wordpress\/wp-content\/uploads\/2019\/07\/cropped-Website_Logo3-9.png\",\"contentUrl\":\"https:\/\/www.fanprojekt-muenster.de\/wordpress\/wp-content\/uploads\/2019\/07\/cropped-Website_Logo3-9.png\",\"width\":224,\"height\":42,\"caption\":\"Fangemeinschaft Preu\u00dfen M\u00fcnster e. V.\"},\"image\":{\"@id\":\"https:\/\/www.fanprojekt-muenster.de\/wordpress\/#\/schema\/logo\/image\/\"}},{\"@type\":\"Person\",\"@id\":\"https:\/\/www.fanprojekt-muenster.de\/wordpress\/#\/schema\/person\/9126cc4d73d0d07c75b487075111186c\",\"name\":\"fp_superadmin\",\"url\":\"https:\/\/www.fanprojekt-muenster.de\/wordpress\/author\/fp_superadmin\/\"}]}<\/script>\n<!-- \/ Yoast SEO plugin. -->","yoast_head_json":{"title":"Neuer Termin f\u00fcr die JHV - Fangemeinschaft Preu\u00dfen M\u00fcnster e. V.","robots":{"index":"index","follow":"follow","max-snippet":"max-snippet:-1","max-image-preview":"max-image-preview:large","max-video-preview":"max-video-preview:-1"},"canonical":"https:\/\/www.fanprojekt-muenster.de\/wordpress\/neuer-termin-fuer-die-jhv\/","og_locale":"de_DE","og_type":"article","og_title":"Neuer Termin f\u00fcr die JHV - Fangemeinschaft Preu\u00dfen M\u00fcnster e. V.","og_description":"Liebe Mitglieder, zur au\u00dferordentlichen Mitgliederversammlung am : Mittwoch, 22. Oktober 2014 um 19.06 Uhr In der Trib\u00fcne des Sc Preu\u00dfen M\u00fcnster laden wir Euch herzlich ein. Tagesordnung: (nach \u00a7 7... Read more &raquo;","og_url":"https:\/\/www.fanprojekt-muenster.de\/wordpress\/neuer-termin-fuer-die-jhv\/","og_site_name":"Fangemeinschaft Preu\u00dfen M\u00fcnster e. V.","article_published_time":"2014-10-14T07:00:26+00:00","author":"fp_superadmin","twitter_card":"summary_large_image","twitter_misc":{"Verfasst von":"fp_superadmin","Gesch\u00e4tzte Lesezeit":"1\u00a0Minute"},"schema":{"@context":"https:\/\/schema.org","@graph":[{"@type":"Article","@id":"https:\/\/www.fanprojekt-muenster.de\/wordpress\/neuer-termin-fuer-die-jhv\/#article","isPartOf":{"@id":"https:\/\/www.fanprojekt-muenster.de\/wordpress\/neuer-termin-fuer-die-jhv\/"},"author":{"name":"fp_superadmin","@id":"https:\/\/www.fanprojekt-muenster.de\/wordpress\/#\/schema\/person\/9126cc4d73d0d07c75b487075111186c"},"headline":"Neuer Termin f\u00fcr die JHV","datePublished":"2014-10-14T07:00:26+00:00","mainEntityOfPage":{"@id":"https:\/\/www.fanprojekt-muenster.de\/wordpress\/neuer-termin-fuer-die-jhv\/"},"wordCount":298,"publisher":{"@id":"https:\/\/www.fanprojekt-muenster.de\/wordpress\/#organization"},"image":{"@id":"https:\/\/www.fanprojekt-muenster.de\/wordpress\/neuer-termin-fuer-die-jhv\/#primaryimage"},"thumbnailUrl":"","keywords":["2014","3.Liga","Fanprojekt","Jahreshauptversammlung","SC Preu\u00dfen M\u00fcnster","Von Fans f\u00fcr Fans"],"articleSection":["Aktuelles"],"inLanguage":"de"},{"@type":"WebPage","@id":"https:\/\/www.fanprojekt-muenster.de\/wordpress\/neuer-termin-fuer-die-jhv\/","url":"https:\/\/www.fanprojekt-muenster.de\/wordpress\/neuer-termin-fuer-die-jhv\/","name":"Neuer Termin f\u00fcr die JHV - Fangemeinschaft Preu\u00dfen M\u00fcnster e. V.","isPartOf":{"@id":"https:\/\/www.fanprojekt-muenster.de\/wordpress\/#website"},"primaryImageOfPage":{"@id":"https:\/\/www.fanprojekt-muenster.de\/wordpress\/neuer-termin-fuer-die-jhv\/#primaryimage"},"image":{"@id":"https:\/\/www.fanprojekt-muenster.de\/wordpress\/neuer-termin-fuer-die-jhv\/#primaryimage"},"thumbnailUrl":"","datePublished":"2014-10-14T07:00:26+00:00","breadcrumb":{"@id":"https:\/\/www.fanprojekt-muenster.de\/wordpress\/neuer-termin-fuer-die-jhv\/#breadcrumb"},"inLanguage":"de","potentialAction":[{"@type":"ReadAction","target":["https:\/\/www.fanprojekt-muenster.de\/wordpress\/neuer-termin-fuer-die-jhv\/"]}]},{"@type":"ImageObject","inLanguage":"de","@id":"https:\/\/www.fanprojekt-muenster.de\/wordpress\/neuer-termin-fuer-die-jhv\/#primaryimage","url":"","contentUrl":""},{"@type":"BreadcrumbList","@id":"https:\/\/www.fanprojekt-muenster.de\/wordpress\/neuer-termin-fuer-die-jhv\/#breadcrumb","itemListElement":[{"@type":"ListItem","position":1,"name":"Startseite","item":"https:\/\/www.fanprojekt-muenster.de\/wordpress\/"},{"@type":"ListItem","position":2,"name":"Neuer Termin f\u00fcr die JHV"}]},{"@type":"WebSite","@id":"https:\/\/www.fanprojekt-muenster.de\/wordpress\/#website","url":"https:\/\/www.fanprojekt-muenster.de\/wordpress\/","name":"Fangemeinschaft Preu\u00dfen M\u00fcnster e. V.","description":"","publisher":{"@id":"https:\/\/www.fanprojekt-muenster.de\/wordpress\/#organization"},"potentialAction":[{"@type":"SearchAction","target":{"@type":"EntryPoint","urlTemplate":"https:\/\/www.fanprojekt-muenster.de\/wordpress\/?s={search_term_string}"},"query-input":{"@type":"PropertyValueSpecification","valueRequired":true,"valueName":"search_term_string"}}],"inLanguage":"de"},{"@type":"Organization","@id":"https:\/\/www.fanprojekt-muenster.de\/wordpress\/#organization","name":"Fangemeinschaft Preu\u00dfen M\u00fcnster e. V.","url":"https:\/\/www.fanprojekt-muenster.de\/wordpress\/","logo":{"@type":"ImageObject","inLanguage":"de","@id":"https:\/\/www.fanprojekt-muenster.de\/wordpress\/#\/schema\/logo\/image\/","url":"https:\/\/www.fanprojekt-muenster.de\/wordpress\/wp-content\/uploads\/2019\/07\/cropped-Website_Logo3-9.png","contentUrl":"https:\/\/www.fanprojekt-muenster.de\/wordpress\/wp-content\/uploads\/2019\/07\/cropped-Website_Logo3-9.png","width":224,"height":42,"caption":"Fangemeinschaft Preu\u00dfen M\u00fcnster e. V."},"image":{"@id":"https:\/\/www.fanprojekt-muenster.de\/wordpress\/#\/schema\/logo\/image\/"}},{"@type":"Person","@id":"https:\/\/www.fanprojekt-muenster.de\/wordpress\/#\/schema\/person\/9126cc4d73d0d07c75b487075111186c","name":"fp_superadmin","url":"https:\/\/www.fanprojekt-muenster.de\/wordpress\/author\/fp_superadmin\/"}]}},"author_meta":{"display_name":"fp_superadmin","author_link":"https:\/\/www.fanprojekt-muenster.de\/wordpress\/author\/fp_superadmin\/"},"featured_img":null,"coauthors":[],"tax_additional":{"categories":{"linked":["<a href=\"https:\/\/www.fanprojekt-muenster.de\/wordpress\/category\/aktuelles\/\" class=\"advgb-post-tax-term\">Aktuelles<\/a>"],"unlinked":["<span class=\"advgb-post-tax-term\">Aktuelles<\/span>"]},"tags":{"linked":["<a href=\"https:\/\/www.fanprojekt-muenster.de\/wordpress\/category\/aktuelles\/\" class=\"advgb-post-tax-term\">2014<\/a>","<a href=\"https:\/\/www.fanprojekt-muenster.de\/wordpress\/category\/aktuelles\/\" class=\"advgb-post-tax-term\">3.Liga<\/a>","<a href=\"https:\/\/www.fanprojekt-muenster.de\/wordpress\/category\/aktuelles\/\" class=\"advgb-post-tax-term\">Fanprojekt<\/a>","<a href=\"https:\/\/www.fanprojekt-muenster.de\/wordpress\/category\/aktuelles\/\" class=\"advgb-post-tax-term\">Jahreshauptversammlung<\/a>","<a href=\"https:\/\/www.fanprojekt-muenster.de\/wordpress\/category\/aktuelles\/\" class=\"advgb-post-tax-term\">SC Preu\u00dfen M\u00fcnster<\/a>","<a href=\"https:\/\/www.fanprojekt-muenster.de\/wordpress\/category\/aktuelles\/\" class=\"advgb-post-tax-term\">Von Fans f\u00fcr Fans<\/a>"],"unlinked":["<span class=\"advgb-post-tax-term\">2014<\/span>","<span class=\"advgb-post-tax-term\">3.Liga<\/span>","<span class=\"advgb-post-tax-term\">Fanprojekt<\/span>","<span class=\"advgb-post-tax-term\">Jahreshauptversammlung<\/span>","<span class=\"advgb-post-tax-term\">SC Preu\u00dfen M\u00fcnster<\/span>","<span class=\"advgb-post-tax-term\">Von Fans f\u00fcr Fans<\/span>"]}},"comment_count":"0","relative_dates":{"created":"Posted 12\u00a0Jahren ago","modified":"Updated 12\u00a0Jahren ago"},"absolute_dates":{"created":"Posted on 14. Oktober 2014","modified":"Updated on 14. Oktober 2014"},"absolute_dates_time":{"created":"Posted on 14. Oktober 2014 9:00","modified":"Updated on 14. Oktober 2014 9:00"},"featured_img_caption":"","series_order":"","_links":{"self":[{"href":"https:\/\/www.fanprojekt-muenster.de\/wordpress\/wp-json\/wp\/v2\/posts\/3319","targetHints":{"allow":["GET"]}}],"collection":[{"href":"https:\/\/www.fanprojekt-muenster.de\/wordpress\/wp-json\/wp\/v2\/posts"}],"about":[{"href":"https:\/\/www.fanprojekt-muenster.de\/wordpress\/wp-json\/wp\/v2\/types\/post"}],"author":[{"embeddable":true,"href":"https:\/\/www.fanprojekt-muenster.de\/wordpress\/wp-json\/wp\/v2\/users\/2"}],"replies":[{"embeddable":true,"href":"https:\/\/www.fanprojekt-muenster.de\/wordpress\/wp-json\/wp\/v2\/comments?post=3319"}],"version-history":[{"count":0,"href":"https:\/\/www.fanprojekt-muenster.de\/wordpress\/wp-json\/wp\/v2\/posts\/3319\/revisions"}],"wp:featuredmedia":[{"embeddable":true,"href":"https:\/\/www.fanprojekt-muenster.de\/wordpress\/wp-json\/"}],"wp:attachment":[{"href":"https:\/\/www.fanprojekt-muenster.de\/wordpress\/wp-json\/wp\/v2\/media?parent=3319"}],"wp:term":[{"taxonomy":"category","embeddable":true,"href":"https:\/\/www.fanprojekt-muenster.de\/wordpress\/wp-json\/wp\/v2\/categories?post=3319"},{"taxonomy":"post_tag","embeddable":true,"href":"https:\/\/www.fanprojekt-muenster.de\/wordpress\/wp-json\/wp\/v2\/tags?post=3319"}],"curies":[{"name":"wp","href":"https:\/\/api.w.org\/{rel}","templated":true}]}}