{"id":3303,"date":"2014-09-28T18:49:11","date_gmt":"2014-09-28T16:49:11","guid":{"rendered":"http:\/\/www.fanprojekt-muenster.de\/?p=3303"},"modified":"2014-09-28T18:49:11","modified_gmt":"2014-09-28T16:49:11","slug":"eilmeldung-jhv-wird-verschoben","status":"publish","type":"post","link":"https:\/\/www.fanprojekt-muenster.de\/wordpress\/eilmeldung-jhv-wird-verschoben\/","title":{"rendered":"+++ EILMELDUNG +++ JHV wird verschoben"},"content":{"rendered":"<p>Liebe Mitglieder\/innen,<\/p>\n<p>leider m\u00fcssen wir die, f\u00fcr den 1. Oktober geplante, Jahreshauptversammlung auf einen sp\u00e4teren Termin aus formellen Gr\u00fcnden verschieben.<br \/>\nDiese Verschiebung ist auch dem Fanbeirat bekannt und durch diesen mitgetragen.<\/p>\n<p>Zu dem genauen Termin, wann die neue Jahreshauptversammlung in naher Zukunft stattfindet, werdet Ihr schriftlich eingeladen.<br \/>\nAuch wird dieser wieder \u00fcber die Presse, unserer App und hier auf der Fanprojektseite ver\u00f6ffentlicht.<\/p>\n<p>Wir danken f\u00fcr Euer Verst\u00e4ndnis<br \/>\ngezeichnet im Namen des Vorstandes<\/p>\n<p>Andr\u00e9 Zivic<\/p>\n<p>Nachtrag:<br \/>\nAuf der letzten JHV hatten wir beschlossen aus Kostengr\u00fcnden (auch Maike vom FB wies darauf hin) und weil die Post ja nicht immer ankam, obwohl die Briefe richtig addresiert waren, die Einladung zur JHV nur online zu stellen und \u00fcber die \u00fcblichen Netzwerke und Presse. Da alle anwesenden Mitglieder damit einverstanden waren, haben wir auch so verfahren und ich denke, auch alle erreicht. Heute (nach gut acht Wochen) kam aus dem Kreise des Fanbeirats der Hinweis, das somit der Beschlu\u00df der JHV anfechtbar sei, da ja nicht schriftlich eingeladen wurde&#8230;<br \/>\nDa wir mit den derzeitigen Umst\u00e4nden, genauso unzufrieden sind, wie unsere Mitglieder, haben wir die Rei\u00dfleine gezogen und schicken nun n\u00e4chste Woche lieber 820 Briefe raus, frei nach dem Motto, was kostet die Welt <img decoding=\"async\" title=\"Verwirrt\" src=\"http:\/\/forum.westline.de\/images\/smilies\/icon_e_confused.gif\" alt=\":?\" \/><br \/>\nWir w\u00fcrden auch gerne lieber unsere Zeit in neue Projekte stecken, als in diese Aktionen.<\/p>\n","protected":false},"excerpt":{"rendered":"<p>Liebe Mitglieder\/innen, leider m\u00fcssen wir die, f\u00fcr den 1. Oktober geplante, Jahreshauptversammlung auf einen sp\u00e4teren Termin aus formellen Gr\u00fcnden verschieben. Diese Verschiebung ist auch dem Fanbeirat bekannt und durch diesen&#8230; <a class=\"read-more-link\" href=\"https:\/\/www.fanprojekt-muenster.de\/wordpress\/eilmeldung-jhv-wird-verschoben\/\">Read more &raquo;<\/a><\/p>\n","protected":false},"author":2,"featured_media":2868,"comment_status":"closed","ping_status":"closed","sticky":false,"template":"","format":"standard","meta":{"advgb_blocks_editor_width":"","advgb_blocks_columns_visual_guide":"","footnotes":""},"categories":[3],"tags":[],"class_list":["post-3303","post","type-post","status-publish","format-standard","has-post-thumbnail","hentry","category-aktuelles"],"featured_image_src":null,"author_info":{"display_name":"fp_superadmin","author_link":"https:\/\/www.fanprojekt-muenster.de\/wordpress\/author\/fp_superadmin\/"},"yoast_head":"<!-- This site is optimized with the Yoast SEO plugin v27.2 - https:\/\/yoast.com\/product\/yoast-seo-wordpress\/ -->\n<title>+++ EILMELDUNG +++ JHV wird verschoben - Fangemeinschaft Preu\u00dfen M\u00fcnster e. V.<\/title>\n<meta name=\"robots\" content=\"index, follow, max-snippet:-1, max-image-preview:large, max-video-preview:-1\" \/>\n<link rel=\"canonical\" href=\"https:\/\/www.fanprojekt-muenster.de\/wordpress\/eilmeldung-jhv-wird-verschoben\/\" \/>\n<meta property=\"og:locale\" content=\"de_DE\" \/>\n<meta property=\"og:type\" content=\"article\" \/>\n<meta property=\"og:title\" content=\"+++ EILMELDUNG +++ JHV wird verschoben - Fangemeinschaft Preu\u00dfen M\u00fcnster e. V.\" \/>\n<meta property=\"og:description\" content=\"Liebe Mitglieder\/innen, leider m\u00fcssen wir die, f\u00fcr den 1. Oktober geplante, Jahreshauptversammlung auf einen sp\u00e4teren Termin aus formellen Gr\u00fcnden verschieben. Diese Verschiebung ist auch dem Fanbeirat bekannt und durch diesen... Read more &raquo;\" \/>\n<meta property=\"og:url\" content=\"https:\/\/www.fanprojekt-muenster.de\/wordpress\/eilmeldung-jhv-wird-verschoben\/\" \/>\n<meta property=\"og:site_name\" content=\"Fangemeinschaft Preu\u00dfen M\u00fcnster e. V.\" \/>\n<meta property=\"article:published_time\" content=\"2014-09-28T16:49:11+00:00\" \/>\n<meta name=\"author\" content=\"fp_superadmin\" \/>\n<meta name=\"twitter:card\" content=\"summary_large_image\" \/>\n<meta name=\"twitter:label1\" content=\"Verfasst von\" \/>\n\t<meta name=\"twitter:data1\" content=\"fp_superadmin\" \/>\n\t<meta name=\"twitter:label2\" content=\"Gesch\u00e4tzte Lesezeit\" \/>\n\t<meta name=\"twitter:data2\" content=\"1\u00a0Minute\" \/>\n<script type=\"application\/ld+json\" class=\"yoast-schema-graph\">{\"@context\":\"https:\/\/schema.org\",\"@graph\":[{\"@type\":\"Article\",\"@id\":\"https:\/\/www.fanprojekt-muenster.de\/wordpress\/eilmeldung-jhv-wird-verschoben\/#article\",\"isPartOf\":{\"@id\":\"https:\/\/www.fanprojekt-muenster.de\/wordpress\/eilmeldung-jhv-wird-verschoben\/\"},\"author\":{\"name\":\"fp_superadmin\",\"@id\":\"https:\/\/www.fanprojekt-muenster.de\/wordpress\/#\/schema\/person\/9126cc4d73d0d07c75b487075111186c\"},\"headline\":\"+++ EILMELDUNG +++ JHV wird verschoben\",\"datePublished\":\"2014-09-28T16:49:11+00:00\",\"mainEntityOfPage\":{\"@id\":\"https:\/\/www.fanprojekt-muenster.de\/wordpress\/eilmeldung-jhv-wird-verschoben\/\"},\"wordCount\":229,\"publisher\":{\"@id\":\"https:\/\/www.fanprojekt-muenster.de\/wordpress\/#organization\"},\"image\":{\"@id\":\"https:\/\/www.fanprojekt-muenster.de\/wordpress\/eilmeldung-jhv-wird-verschoben\/#primaryimage\"},\"thumbnailUrl\":\"\",\"articleSection\":[\"Aktuelles\"],\"inLanguage\":\"de\"},{\"@type\":\"WebPage\",\"@id\":\"https:\/\/www.fanprojekt-muenster.de\/wordpress\/eilmeldung-jhv-wird-verschoben\/\",\"url\":\"https:\/\/www.fanprojekt-muenster.de\/wordpress\/eilmeldung-jhv-wird-verschoben\/\",\"name\":\"+++ EILMELDUNG +++ JHV wird verschoben - Fangemeinschaft Preu\u00dfen M\u00fcnster e. V.\",\"isPartOf\":{\"@id\":\"https:\/\/www.fanprojekt-muenster.de\/wordpress\/#website\"},\"primaryImageOfPage\":{\"@id\":\"https:\/\/www.fanprojekt-muenster.de\/wordpress\/eilmeldung-jhv-wird-verschoben\/#primaryimage\"},\"image\":{\"@id\":\"https:\/\/www.fanprojekt-muenster.de\/wordpress\/eilmeldung-jhv-wird-verschoben\/#primaryimage\"},\"thumbnailUrl\":\"\",\"datePublished\":\"2014-09-28T16:49:11+00:00\",\"breadcrumb\":{\"@id\":\"https:\/\/www.fanprojekt-muenster.de\/wordpress\/eilmeldung-jhv-wird-verschoben\/#breadcrumb\"},\"inLanguage\":\"de\",\"potentialAction\":[{\"@type\":\"ReadAction\",\"target\":[\"https:\/\/www.fanprojekt-muenster.de\/wordpress\/eilmeldung-jhv-wird-verschoben\/\"]}]},{\"@type\":\"ImageObject\",\"inLanguage\":\"de\",\"@id\":\"https:\/\/www.fanprojekt-muenster.de\/wordpress\/eilmeldung-jhv-wird-verschoben\/#primaryimage\",\"url\":\"\",\"contentUrl\":\"\"},{\"@type\":\"BreadcrumbList\",\"@id\":\"https:\/\/www.fanprojekt-muenster.de\/wordpress\/eilmeldung-jhv-wird-verschoben\/#breadcrumb\",\"itemListElement\":[{\"@type\":\"ListItem\",\"position\":1,\"name\":\"Startseite\",\"item\":\"https:\/\/www.fanprojekt-muenster.de\/wordpress\/\"},{\"@type\":\"ListItem\",\"position\":2,\"name\":\"+++ EILMELDUNG +++ JHV wird verschoben\"}]},{\"@type\":\"WebSite\",\"@id\":\"https:\/\/www.fanprojekt-muenster.de\/wordpress\/#website\",\"url\":\"https:\/\/www.fanprojekt-muenster.de\/wordpress\/\",\"name\":\"Fangemeinschaft Preu\u00dfen M\u00fcnster e. V.\",\"description\":\"\",\"publisher\":{\"@id\":\"https:\/\/www.fanprojekt-muenster.de\/wordpress\/#organization\"},\"potentialAction\":[{\"@type\":\"SearchAction\",\"target\":{\"@type\":\"EntryPoint\",\"urlTemplate\":\"https:\/\/www.fanprojekt-muenster.de\/wordpress\/?s={search_term_string}\"},\"query-input\":{\"@type\":\"PropertyValueSpecification\",\"valueRequired\":true,\"valueName\":\"search_term_string\"}}],\"inLanguage\":\"de\"},{\"@type\":\"Organization\",\"@id\":\"https:\/\/www.fanprojekt-muenster.de\/wordpress\/#organization\",\"name\":\"Fangemeinschaft Preu\u00dfen M\u00fcnster e. V.\",\"url\":\"https:\/\/www.fanprojekt-muenster.de\/wordpress\/\",\"logo\":{\"@type\":\"ImageObject\",\"inLanguage\":\"de\",\"@id\":\"https:\/\/www.fanprojekt-muenster.de\/wordpress\/#\/schema\/logo\/image\/\",\"url\":\"https:\/\/www.fanprojekt-muenster.de\/wordpress\/wp-content\/uploads\/2019\/07\/cropped-Website_Logo3-9.png\",\"contentUrl\":\"https:\/\/www.fanprojekt-muenster.de\/wordpress\/wp-content\/uploads\/2019\/07\/cropped-Website_Logo3-9.png\",\"width\":224,\"height\":42,\"caption\":\"Fangemeinschaft Preu\u00dfen M\u00fcnster e. V.\"},\"image\":{\"@id\":\"https:\/\/www.fanprojekt-muenster.de\/wordpress\/#\/schema\/logo\/image\/\"}},{\"@type\":\"Person\",\"@id\":\"https:\/\/www.fanprojekt-muenster.de\/wordpress\/#\/schema\/person\/9126cc4d73d0d07c75b487075111186c\",\"name\":\"fp_superadmin\",\"url\":\"https:\/\/www.fanprojekt-muenster.de\/wordpress\/author\/fp_superadmin\/\"}]}<\/script>\n<!-- \/ Yoast SEO plugin. -->","yoast_head_json":{"title":"+++ EILMELDUNG +++ JHV wird verschoben - Fangemeinschaft Preu\u00dfen M\u00fcnster e. V.","robots":{"index":"index","follow":"follow","max-snippet":"max-snippet:-1","max-image-preview":"max-image-preview:large","max-video-preview":"max-video-preview:-1"},"canonical":"https:\/\/www.fanprojekt-muenster.de\/wordpress\/eilmeldung-jhv-wird-verschoben\/","og_locale":"de_DE","og_type":"article","og_title":"+++ EILMELDUNG +++ JHV wird verschoben - Fangemeinschaft Preu\u00dfen M\u00fcnster e. V.","og_description":"Liebe Mitglieder\/innen, leider m\u00fcssen wir die, f\u00fcr den 1. Oktober geplante, Jahreshauptversammlung auf einen sp\u00e4teren Termin aus formellen Gr\u00fcnden verschieben. Diese Verschiebung ist auch dem Fanbeirat bekannt und durch diesen... Read more &raquo;","og_url":"https:\/\/www.fanprojekt-muenster.de\/wordpress\/eilmeldung-jhv-wird-verschoben\/","og_site_name":"Fangemeinschaft Preu\u00dfen M\u00fcnster e. V.","article_published_time":"2014-09-28T16:49:11+00:00","author":"fp_superadmin","twitter_card":"summary_large_image","twitter_misc":{"Verfasst von":"fp_superadmin","Gesch\u00e4tzte Lesezeit":"1\u00a0Minute"},"schema":{"@context":"https:\/\/schema.org","@graph":[{"@type":"Article","@id":"https:\/\/www.fanprojekt-muenster.de\/wordpress\/eilmeldung-jhv-wird-verschoben\/#article","isPartOf":{"@id":"https:\/\/www.fanprojekt-muenster.de\/wordpress\/eilmeldung-jhv-wird-verschoben\/"},"author":{"name":"fp_superadmin","@id":"https:\/\/www.fanprojekt-muenster.de\/wordpress\/#\/schema\/person\/9126cc4d73d0d07c75b487075111186c"},"headline":"+++ EILMELDUNG +++ JHV wird verschoben","datePublished":"2014-09-28T16:49:11+00:00","mainEntityOfPage":{"@id":"https:\/\/www.fanprojekt-muenster.de\/wordpress\/eilmeldung-jhv-wird-verschoben\/"},"wordCount":229,"publisher":{"@id":"https:\/\/www.fanprojekt-muenster.de\/wordpress\/#organization"},"image":{"@id":"https:\/\/www.fanprojekt-muenster.de\/wordpress\/eilmeldung-jhv-wird-verschoben\/#primaryimage"},"thumbnailUrl":"","articleSection":["Aktuelles"],"inLanguage":"de"},{"@type":"WebPage","@id":"https:\/\/www.fanprojekt-muenster.de\/wordpress\/eilmeldung-jhv-wird-verschoben\/","url":"https:\/\/www.fanprojekt-muenster.de\/wordpress\/eilmeldung-jhv-wird-verschoben\/","name":"+++ EILMELDUNG +++ JHV wird verschoben - Fangemeinschaft Preu\u00dfen M\u00fcnster e. V.","isPartOf":{"@id":"https:\/\/www.fanprojekt-muenster.de\/wordpress\/#website"},"primaryImageOfPage":{"@id":"https:\/\/www.fanprojekt-muenster.de\/wordpress\/eilmeldung-jhv-wird-verschoben\/#primaryimage"},"image":{"@id":"https:\/\/www.fanprojekt-muenster.de\/wordpress\/eilmeldung-jhv-wird-verschoben\/#primaryimage"},"thumbnailUrl":"","datePublished":"2014-09-28T16:49:11+00:00","breadcrumb":{"@id":"https:\/\/www.fanprojekt-muenster.de\/wordpress\/eilmeldung-jhv-wird-verschoben\/#breadcrumb"},"inLanguage":"de","potentialAction":[{"@type":"ReadAction","target":["https:\/\/www.fanprojekt-muenster.de\/wordpress\/eilmeldung-jhv-wird-verschoben\/"]}]},{"@type":"ImageObject","inLanguage":"de","@id":"https:\/\/www.fanprojekt-muenster.de\/wordpress\/eilmeldung-jhv-wird-verschoben\/#primaryimage","url":"","contentUrl":""},{"@type":"BreadcrumbList","@id":"https:\/\/www.fanprojekt-muenster.de\/wordpress\/eilmeldung-jhv-wird-verschoben\/#breadcrumb","itemListElement":[{"@type":"ListItem","position":1,"name":"Startseite","item":"https:\/\/www.fanprojekt-muenster.de\/wordpress\/"},{"@type":"ListItem","position":2,"name":"+++ EILMELDUNG +++ JHV wird verschoben"}]},{"@type":"WebSite","@id":"https:\/\/www.fanprojekt-muenster.de\/wordpress\/#website","url":"https:\/\/www.fanprojekt-muenster.de\/wordpress\/","name":"Fangemeinschaft Preu\u00dfen M\u00fcnster e. V.","description":"","publisher":{"@id":"https:\/\/www.fanprojekt-muenster.de\/wordpress\/#organization"},"potentialAction":[{"@type":"SearchAction","target":{"@type":"EntryPoint","urlTemplate":"https:\/\/www.fanprojekt-muenster.de\/wordpress\/?s={search_term_string}"},"query-input":{"@type":"PropertyValueSpecification","valueRequired":true,"valueName":"search_term_string"}}],"inLanguage":"de"},{"@type":"Organization","@id":"https:\/\/www.fanprojekt-muenster.de\/wordpress\/#organization","name":"Fangemeinschaft Preu\u00dfen M\u00fcnster e. V.","url":"https:\/\/www.fanprojekt-muenster.de\/wordpress\/","logo":{"@type":"ImageObject","inLanguage":"de","@id":"https:\/\/www.fanprojekt-muenster.de\/wordpress\/#\/schema\/logo\/image\/","url":"https:\/\/www.fanprojekt-muenster.de\/wordpress\/wp-content\/uploads\/2019\/07\/cropped-Website_Logo3-9.png","contentUrl":"https:\/\/www.fanprojekt-muenster.de\/wordpress\/wp-content\/uploads\/2019\/07\/cropped-Website_Logo3-9.png","width":224,"height":42,"caption":"Fangemeinschaft Preu\u00dfen M\u00fcnster e. V."},"image":{"@id":"https:\/\/www.fanprojekt-muenster.de\/wordpress\/#\/schema\/logo\/image\/"}},{"@type":"Person","@id":"https:\/\/www.fanprojekt-muenster.de\/wordpress\/#\/schema\/person\/9126cc4d73d0d07c75b487075111186c","name":"fp_superadmin","url":"https:\/\/www.fanprojekt-muenster.de\/wordpress\/author\/fp_superadmin\/"}]}},"author_meta":{"display_name":"fp_superadmin","author_link":"https:\/\/www.fanprojekt-muenster.de\/wordpress\/author\/fp_superadmin\/"},"featured_img":null,"coauthors":[],"tax_additional":{"categories":{"linked":["<a href=\"https:\/\/www.fanprojekt-muenster.de\/wordpress\/category\/aktuelles\/\" class=\"advgb-post-tax-term\">Aktuelles<\/a>"],"unlinked":["<span class=\"advgb-post-tax-term\">Aktuelles<\/span>"]}},"comment_count":"0","relative_dates":{"created":"Posted 12\u00a0Jahren ago","modified":"Updated 12\u00a0Jahren ago"},"absolute_dates":{"created":"Posted on 28. September 2014","modified":"Updated on 28. September 2014"},"absolute_dates_time":{"created":"Posted on 28. September 2014 18:49","modified":"Updated on 28. September 2014 18:49"},"featured_img_caption":"","series_order":"","_links":{"self":[{"href":"https:\/\/www.fanprojekt-muenster.de\/wordpress\/wp-json\/wp\/v2\/posts\/3303","targetHints":{"allow":["GET"]}}],"collection":[{"href":"https:\/\/www.fanprojekt-muenster.de\/wordpress\/wp-json\/wp\/v2\/posts"}],"about":[{"href":"https:\/\/www.fanprojekt-muenster.de\/wordpress\/wp-json\/wp\/v2\/types\/post"}],"author":[{"embeddable":true,"href":"https:\/\/www.fanprojekt-muenster.de\/wordpress\/wp-json\/wp\/v2\/users\/2"}],"replies":[{"embeddable":true,"href":"https:\/\/www.fanprojekt-muenster.de\/wordpress\/wp-json\/wp\/v2\/comments?post=3303"}],"version-history":[{"count":0,"href":"https:\/\/www.fanprojekt-muenster.de\/wordpress\/wp-json\/wp\/v2\/posts\/3303\/revisions"}],"wp:featuredmedia":[{"embeddable":true,"href":"https:\/\/www.fanprojekt-muenster.de\/wordpress\/wp-json\/"}],"wp:attachment":[{"href":"https:\/\/www.fanprojekt-muenster.de\/wordpress\/wp-json\/wp\/v2\/media?parent=3303"}],"wp:term":[{"taxonomy":"category","embeddable":true,"href":"https:\/\/www.fanprojekt-muenster.de\/wordpress\/wp-json\/wp\/v2\/categories?post=3303"},{"taxonomy":"post_tag","embeddable":true,"href":"https:\/\/www.fanprojekt-muenster.de\/wordpress\/wp-json\/wp\/v2\/tags?post=3303"}],"curies":[{"name":"wp","href":"https:\/\/api.w.org\/{rel}","templated":true}]}}