{"id":3199,"date":"2014-08-30T12:08:25","date_gmt":"2014-08-30T10:08:25","guid":{"rendered":"http:\/\/www.fanprojekt-muenster.de\/?p=3199"},"modified":"2014-08-30T12:08:25","modified_gmt":"2014-08-30T10:08:25","slug":"eigener-sache-wichtig","status":"publish","type":"post","link":"https:\/\/www.fanprojekt-muenster.de\/wordpress\/eigener-sache-wichtig\/","title":{"rendered":"In eigener Sache &#8211; WICHTIG!"},"content":{"rendered":"<p>Wie ihr wisst, gab es auf der letzten JHV die Situation, dass Leute aus der aktiven Fanszene spontan eintreten und mitbestimmen wollten. Um Zeit f\u00fcr die Aufnahme von Neumitgliedern zu bekommen und eine ordentliche Wahl abhalten zu k\u00f6nnen, haben wir daraufhin eine Entscheidung \u00fcber die Besetzung des Vorstands vertagt.<br \/>\nIm Anschluss an diesen Abend fanden diverse Gespr\u00e4che zwischen uns und den Vertretern der Gruppe Fanbeirat statt. Diese besteht aus Leuten aus vielen Teilen der Fanszene, insbesondere derer die sich als \u201eaktive Fans\u201c bezeichnen.<br \/>\nAm Dienstag sollte dann bei Andreas ein Treffen zwischen den Fangruppen, Vereinsvertretern und dem FP Vorstand stattfinden. Im Vorfeld haben wir ein Diskussionskonzept an die Teilnehmer geschickt um unsere Vorstellung einer zuk\u00fcnftigen Ausrichtung darzustellen.<br \/>\nDieses Konzept beinhaltete wie vom Fanbeirat gefordert die Erweiterung des Vorstandes um Personen aus der aktiven Fanszene und eine breitere Verteilung der alten und zuk\u00fcnftigen Aufgaben, aber auch unsere Bedenken zur vollst\u00e4ndigen Integration der Ultras in das Fanprojekt.<br \/>\nWir haben uns ebenso Gedanken gemacht, wie wir Ultras bei uns aufnehmen k\u00f6nnen und auch deren Ansichten mitvertreten k\u00f6nnten, ohne dass die Grunds\u00e4tze unserer Satzung verletzt werden.<br \/>\nAm vergangenen Donnerstag fand ein erneutes Treffen des Fanbeirates statt, dessen Ergebnis uns am Montag in Form eines Email-Protokolls zugespielt wurde.<br \/>\n<strong><span style=\"color: #008000;\">Dieses besagt im Wesentlichen folgendes:<\/span><\/strong><\/p>\n<ol>\n<li><strong><span style=\"color: #008000;\"> Eine Kooperation zwischen Fanbeirat und derzeitigem FP Vorstand ist nicht m\u00f6glich<\/span><\/strong><\/li>\n<li><strong><span style=\"color: #008000;\">Das derzeitige FP leistet schlechte (keine) Fanarbeit<\/span><\/strong><\/li>\n<li><strong><span style=\"color: #008000;\">Der derzeitige Vorstand muss komplett weg (\u201eTabula Rasa\u201c), der zuk\u00fcnftige Vorstand wurde namentlich benannt<\/span><\/strong><\/li>\n<li><strong><span style=\"color: #008000;\">Das FP soll in eine \u201eOpposition\u201c zum Vorstand umgeformt werden.<\/span><\/strong><\/li>\n<li><strong><span style=\"color: #008000;\">Eine Zusammenarbeit zwischen Ultras und den \u201eNormalfans\u201c ist unm\u00f6glich, deswegen kann man auf diese auch verzichten, notfalls nebeneinander agieren<\/span><\/strong><\/li>\n<li><strong><span style=\"color: #008000;\">Das Fanprojekt wird umbenannt, der Name geht an Outlaw\/Fanport, im Gegenzug erwartet man die R\u00e4ume des Fanports als Gegenleistung.<\/span><\/strong><\/li>\n<li><strong><span style=\"color: #008000;\">Alle aktiven Fans werden aufgerufen ins FP einzutreten und die vorgenannten Punkte auf der au\u00dferordentlichen JHV durchsetzen.<\/span><\/strong><\/li>\n<\/ol>\n<p>Wir waren von dem Tenor und der Radikalit\u00e4t dieser Beschl\u00fcsse konsterniert. Dies entsprach weder den zuvor gemachten Absprachen \u00fcber ein zuk\u00fcnftiges gemeinsames Vorgehen, noch unserer Vorstellung von Fairness und Wahrhaftigkeit.<br \/>\nWir haben in der Vergangenheit deutlich unsere Kooperation mit dem Fanbeirat gezeigt, Vertreter von ihnen mit in Vorstandssitzungen mitgenommen und bei vielen Anliegen tatkr\u00e4ftig unterst\u00fctzt.<br \/>\nDass einige der genannten Personen Fanprojektmitglieder sind, teilweise auch eng mit dem Vorstand verbunden waren, macht die Entt\u00e4uschung umso gr\u00f6\u00dfer.<br \/>\nWir bef\u00fcrchten die \u00dcbernahme des Fanprojektes durch Fangruppen, die teilweise nicht den Bestimmungen des Fanprojektes folgen, um sich hierdurch einen Zugang zu Vereinsgremien und dem Fanprojektverm\u00f6gen zu erzwingen.<\/p>\n<p>F\u00fcr uns steht fest, dass wir diese Beschl\u00fcsse im Rahmen unseres Auftrages und auch im Interesse unserer Mitglieder nicht tatenlos hinnehmen k\u00f6nnen.<\/p>\n<p><strong>Der Vorstand des Fanprojekts erkl\u00e4rt daher einstimmig folgendes:<\/strong><\/p>\n<ul>\n<li><strong><em>Wir werden auch weiterhin allen Fans die M\u00f6glichkeit geben Mitglied bei uns zu werden, wir werden aber zuk\u00fcnftig jeden einzelnen Antrag sorgf\u00e4ltig pr\u00fcfen. Sollten wir zu der Erkenntnis kommen, dass Handlungen oder Beweggr\u00fcnde des Antragstellers nicht mit den Zielen des Fanprojektes vereinbar sind, werden wir gem\u00e4\u00df der Satzung von einer Ablehnung des Antrages ohne weitere Angabe von Gr\u00fcnden Gebrauch machen.<\/em><\/strong><\/li>\n<li><strong><em>Wir betrachten das Vorgehen der Fanprojektmitglieder im Fanbeirat als vereinssch\u00e4digend und werden diese laut Satzung zu einer Stellungnahme auffordern. Im Anschluss wird der Vorstand \u00fcber einen Ausschluss aus dem Fanprojekt entscheiden.<\/em><\/strong><\/li>\n<li><strong><em>Wir bedauern die Erkenntnis des Fanbeirates, dass eine konstruktive Zusammenarbeit &#8211; obwohl zuvor mehrfach vehement gefordert &#8211; zwischen \u201eaktiven und normalen Fans\u201c gar nicht m\u00f6glich sei.<\/em><\/strong><\/li>\n<li><strong><em>Wir werden dennoch an unserem Konzept festhalten, dass selbstverst\u00e4ndlich auch die aktive Fanszene bei uns willkommen ist, auf Grundlage der aktuellen Satzung mitzuarbeiten, zu gestalten und zu diskutieren.<\/em><\/strong><\/li>\n<li><strong><em>Wir fordern alle Mitglieder noch einmal nachdr\u00fccklich auf, auf der au\u00dferordentlichen JHV am \u2026. von ihrem Mitbestimmungsrecht Gebrauch zu machen.<\/em><\/strong><\/li>\n<\/ul>\n<p>&nbsp;<\/p>\n<p>Gezeichnet der Vorstand des Fanprojekt Preu\u00dfen M\u00fcnster e.V.<\/p>\n","protected":false},"excerpt":{"rendered":"<p>Wie ihr wisst, gab es auf der letzten JHV die Situation, dass Leute aus der aktiven Fanszene spontan eintreten und mitbestimmen wollten. Um Zeit f\u00fcr die Aufnahme von Neumitgliedern zu&#8230; <a class=\"read-more-link\" href=\"https:\/\/www.fanprojekt-muenster.de\/wordpress\/eigener-sache-wichtig\/\">Read more &raquo;<\/a><\/p>\n","protected":false},"author":2,"featured_media":2868,"comment_status":"closed","ping_status":"closed","sticky":false,"template":"","format":"standard","meta":{"advgb_blocks_editor_width":"","advgb_blocks_columns_visual_guide":"","footnotes":""},"categories":[3],"tags":[26,28,112,223,283],"class_list":["post-3199","post","type-post","status-publish","format-standard","has-post-thumbnail","hentry","category-aktuelles","tag-26","tag-3-liga-2","tag-fanprojekt","tag-sc-preussen-muenster","tag-von-fans-fuer-fans"],"featured_image_src":null,"author_info":{"display_name":"fp_superadmin","author_link":"https:\/\/www.fanprojekt-muenster.de\/wordpress\/author\/fp_superadmin\/"},"yoast_head":"<!-- This site is optimized with the Yoast SEO plugin v27.2 - https:\/\/yoast.com\/product\/yoast-seo-wordpress\/ -->\n<title>In eigener Sache - WICHTIG! - Fangemeinschaft Preu\u00dfen M\u00fcnster e. V.<\/title>\n<meta name=\"robots\" content=\"index, follow, max-snippet:-1, max-image-preview:large, max-video-preview:-1\" \/>\n<link rel=\"canonical\" href=\"https:\/\/www.fanprojekt-muenster.de\/wordpress\/eigener-sache-wichtig\/\" \/>\n<meta property=\"og:locale\" content=\"de_DE\" \/>\n<meta property=\"og:type\" content=\"article\" \/>\n<meta property=\"og:title\" content=\"In eigener Sache - WICHTIG! - Fangemeinschaft Preu\u00dfen M\u00fcnster e. V.\" \/>\n<meta property=\"og:description\" content=\"Wie ihr wisst, gab es auf der letzten JHV die Situation, dass Leute aus der aktiven Fanszene spontan eintreten und mitbestimmen wollten. Um Zeit f\u00fcr die Aufnahme von Neumitgliedern zu... Read more &raquo;\" \/>\n<meta property=\"og:url\" content=\"https:\/\/www.fanprojekt-muenster.de\/wordpress\/eigener-sache-wichtig\/\" \/>\n<meta property=\"og:site_name\" content=\"Fangemeinschaft Preu\u00dfen M\u00fcnster e. V.\" \/>\n<meta property=\"article:published_time\" content=\"2014-08-30T10:08:25+00:00\" \/>\n<meta name=\"author\" content=\"fp_superadmin\" \/>\n<meta name=\"twitter:card\" content=\"summary_large_image\" \/>\n<meta name=\"twitter:label1\" content=\"Verfasst von\" \/>\n\t<meta name=\"twitter:data1\" content=\"fp_superadmin\" \/>\n\t<meta name=\"twitter:label2\" content=\"Gesch\u00e4tzte Lesezeit\" \/>\n\t<meta name=\"twitter:data2\" content=\"3\u00a0Minuten\" \/>\n<script type=\"application\/ld+json\" class=\"yoast-schema-graph\">{\"@context\":\"https:\/\/schema.org\",\"@graph\":[{\"@type\":\"Article\",\"@id\":\"https:\/\/www.fanprojekt-muenster.de\/wordpress\/eigener-sache-wichtig\/#article\",\"isPartOf\":{\"@id\":\"https:\/\/www.fanprojekt-muenster.de\/wordpress\/eigener-sache-wichtig\/\"},\"author\":{\"name\":\"fp_superadmin\",\"@id\":\"https:\/\/www.fanprojekt-muenster.de\/wordpress\/#\/schema\/person\/9126cc4d73d0d07c75b487075111186c\"},\"headline\":\"In eigener Sache &#8211; WICHTIG!\",\"datePublished\":\"2014-08-30T10:08:25+00:00\",\"mainEntityOfPage\":{\"@id\":\"https:\/\/www.fanprojekt-muenster.de\/wordpress\/eigener-sache-wichtig\/\"},\"wordCount\":658,\"publisher\":{\"@id\":\"https:\/\/www.fanprojekt-muenster.de\/wordpress\/#organization\"},\"image\":{\"@id\":\"https:\/\/www.fanprojekt-muenster.de\/wordpress\/eigener-sache-wichtig\/#primaryimage\"},\"thumbnailUrl\":\"\",\"keywords\":[\"2014\",\"3.Liga\",\"Fanprojekt\",\"SC Preu\u00dfen M\u00fcnster\",\"Von Fans f\u00fcr Fans\"],\"articleSection\":[\"Aktuelles\"],\"inLanguage\":\"de\"},{\"@type\":\"WebPage\",\"@id\":\"https:\/\/www.fanprojekt-muenster.de\/wordpress\/eigener-sache-wichtig\/\",\"url\":\"https:\/\/www.fanprojekt-muenster.de\/wordpress\/eigener-sache-wichtig\/\",\"name\":\"In eigener Sache - WICHTIG! - Fangemeinschaft Preu\u00dfen M\u00fcnster e. V.\",\"isPartOf\":{\"@id\":\"https:\/\/www.fanprojekt-muenster.de\/wordpress\/#website\"},\"primaryImageOfPage\":{\"@id\":\"https:\/\/www.fanprojekt-muenster.de\/wordpress\/eigener-sache-wichtig\/#primaryimage\"},\"image\":{\"@id\":\"https:\/\/www.fanprojekt-muenster.de\/wordpress\/eigener-sache-wichtig\/#primaryimage\"},\"thumbnailUrl\":\"\",\"datePublished\":\"2014-08-30T10:08:25+00:00\",\"breadcrumb\":{\"@id\":\"https:\/\/www.fanprojekt-muenster.de\/wordpress\/eigener-sache-wichtig\/#breadcrumb\"},\"inLanguage\":\"de\",\"potentialAction\":[{\"@type\":\"ReadAction\",\"target\":[\"https:\/\/www.fanprojekt-muenster.de\/wordpress\/eigener-sache-wichtig\/\"]}]},{\"@type\":\"ImageObject\",\"inLanguage\":\"de\",\"@id\":\"https:\/\/www.fanprojekt-muenster.de\/wordpress\/eigener-sache-wichtig\/#primaryimage\",\"url\":\"\",\"contentUrl\":\"\"},{\"@type\":\"BreadcrumbList\",\"@id\":\"https:\/\/www.fanprojekt-muenster.de\/wordpress\/eigener-sache-wichtig\/#breadcrumb\",\"itemListElement\":[{\"@type\":\"ListItem\",\"position\":1,\"name\":\"Startseite\",\"item\":\"https:\/\/www.fanprojekt-muenster.de\/wordpress\/\"},{\"@type\":\"ListItem\",\"position\":2,\"name\":\"In eigener Sache &#8211; WICHTIG!\"}]},{\"@type\":\"WebSite\",\"@id\":\"https:\/\/www.fanprojekt-muenster.de\/wordpress\/#website\",\"url\":\"https:\/\/www.fanprojekt-muenster.de\/wordpress\/\",\"name\":\"Fangemeinschaft Preu\u00dfen M\u00fcnster e. V.\",\"description\":\"\",\"publisher\":{\"@id\":\"https:\/\/www.fanprojekt-muenster.de\/wordpress\/#organization\"},\"potentialAction\":[{\"@type\":\"SearchAction\",\"target\":{\"@type\":\"EntryPoint\",\"urlTemplate\":\"https:\/\/www.fanprojekt-muenster.de\/wordpress\/?s={search_term_string}\"},\"query-input\":{\"@type\":\"PropertyValueSpecification\",\"valueRequired\":true,\"valueName\":\"search_term_string\"}}],\"inLanguage\":\"de\"},{\"@type\":\"Organization\",\"@id\":\"https:\/\/www.fanprojekt-muenster.de\/wordpress\/#organization\",\"name\":\"Fangemeinschaft Preu\u00dfen M\u00fcnster e. V.\",\"url\":\"https:\/\/www.fanprojekt-muenster.de\/wordpress\/\",\"logo\":{\"@type\":\"ImageObject\",\"inLanguage\":\"de\",\"@id\":\"https:\/\/www.fanprojekt-muenster.de\/wordpress\/#\/schema\/logo\/image\/\",\"url\":\"https:\/\/www.fanprojekt-muenster.de\/wordpress\/wp-content\/uploads\/2019\/07\/cropped-Website_Logo3-9.png\",\"contentUrl\":\"https:\/\/www.fanprojekt-muenster.de\/wordpress\/wp-content\/uploads\/2019\/07\/cropped-Website_Logo3-9.png\",\"width\":224,\"height\":42,\"caption\":\"Fangemeinschaft Preu\u00dfen M\u00fcnster e. V.\"},\"image\":{\"@id\":\"https:\/\/www.fanprojekt-muenster.de\/wordpress\/#\/schema\/logo\/image\/\"}},{\"@type\":\"Person\",\"@id\":\"https:\/\/www.fanprojekt-muenster.de\/wordpress\/#\/schema\/person\/9126cc4d73d0d07c75b487075111186c\",\"name\":\"fp_superadmin\",\"url\":\"https:\/\/www.fanprojekt-muenster.de\/wordpress\/author\/fp_superadmin\/\"}]}<\/script>\n<!-- \/ Yoast SEO plugin. -->","yoast_head_json":{"title":"In eigener Sache - WICHTIG! - Fangemeinschaft Preu\u00dfen M\u00fcnster e. V.","robots":{"index":"index","follow":"follow","max-snippet":"max-snippet:-1","max-image-preview":"max-image-preview:large","max-video-preview":"max-video-preview:-1"},"canonical":"https:\/\/www.fanprojekt-muenster.de\/wordpress\/eigener-sache-wichtig\/","og_locale":"de_DE","og_type":"article","og_title":"In eigener Sache - WICHTIG! - Fangemeinschaft Preu\u00dfen M\u00fcnster e. V.","og_description":"Wie ihr wisst, gab es auf der letzten JHV die Situation, dass Leute aus der aktiven Fanszene spontan eintreten und mitbestimmen wollten. Um Zeit f\u00fcr die Aufnahme von Neumitgliedern zu... Read more &raquo;","og_url":"https:\/\/www.fanprojekt-muenster.de\/wordpress\/eigener-sache-wichtig\/","og_site_name":"Fangemeinschaft Preu\u00dfen M\u00fcnster e. V.","article_published_time":"2014-08-30T10:08:25+00:00","author":"fp_superadmin","twitter_card":"summary_large_image","twitter_misc":{"Verfasst von":"fp_superadmin","Gesch\u00e4tzte Lesezeit":"3\u00a0Minuten"},"schema":{"@context":"https:\/\/schema.org","@graph":[{"@type":"Article","@id":"https:\/\/www.fanprojekt-muenster.de\/wordpress\/eigener-sache-wichtig\/#article","isPartOf":{"@id":"https:\/\/www.fanprojekt-muenster.de\/wordpress\/eigener-sache-wichtig\/"},"author":{"name":"fp_superadmin","@id":"https:\/\/www.fanprojekt-muenster.de\/wordpress\/#\/schema\/person\/9126cc4d73d0d07c75b487075111186c"},"headline":"In eigener Sache &#8211; WICHTIG!","datePublished":"2014-08-30T10:08:25+00:00","mainEntityOfPage":{"@id":"https:\/\/www.fanprojekt-muenster.de\/wordpress\/eigener-sache-wichtig\/"},"wordCount":658,"publisher":{"@id":"https:\/\/www.fanprojekt-muenster.de\/wordpress\/#organization"},"image":{"@id":"https:\/\/www.fanprojekt-muenster.de\/wordpress\/eigener-sache-wichtig\/#primaryimage"},"thumbnailUrl":"","keywords":["2014","3.Liga","Fanprojekt","SC Preu\u00dfen M\u00fcnster","Von Fans f\u00fcr Fans"],"articleSection":["Aktuelles"],"inLanguage":"de"},{"@type":"WebPage","@id":"https:\/\/www.fanprojekt-muenster.de\/wordpress\/eigener-sache-wichtig\/","url":"https:\/\/www.fanprojekt-muenster.de\/wordpress\/eigener-sache-wichtig\/","name":"In eigener Sache - WICHTIG! - Fangemeinschaft Preu\u00dfen M\u00fcnster e. V.","isPartOf":{"@id":"https:\/\/www.fanprojekt-muenster.de\/wordpress\/#website"},"primaryImageOfPage":{"@id":"https:\/\/www.fanprojekt-muenster.de\/wordpress\/eigener-sache-wichtig\/#primaryimage"},"image":{"@id":"https:\/\/www.fanprojekt-muenster.de\/wordpress\/eigener-sache-wichtig\/#primaryimage"},"thumbnailUrl":"","datePublished":"2014-08-30T10:08:25+00:00","breadcrumb":{"@id":"https:\/\/www.fanprojekt-muenster.de\/wordpress\/eigener-sache-wichtig\/#breadcrumb"},"inLanguage":"de","potentialAction":[{"@type":"ReadAction","target":["https:\/\/www.fanprojekt-muenster.de\/wordpress\/eigener-sache-wichtig\/"]}]},{"@type":"ImageObject","inLanguage":"de","@id":"https:\/\/www.fanprojekt-muenster.de\/wordpress\/eigener-sache-wichtig\/#primaryimage","url":"","contentUrl":""},{"@type":"BreadcrumbList","@id":"https:\/\/www.fanprojekt-muenster.de\/wordpress\/eigener-sache-wichtig\/#breadcrumb","itemListElement":[{"@type":"ListItem","position":1,"name":"Startseite","item":"https:\/\/www.fanprojekt-muenster.de\/wordpress\/"},{"@type":"ListItem","position":2,"name":"In eigener Sache &#8211; WICHTIG!"}]},{"@type":"WebSite","@id":"https:\/\/www.fanprojekt-muenster.de\/wordpress\/#website","url":"https:\/\/www.fanprojekt-muenster.de\/wordpress\/","name":"Fangemeinschaft Preu\u00dfen M\u00fcnster e. V.","description":"","publisher":{"@id":"https:\/\/www.fanprojekt-muenster.de\/wordpress\/#organization"},"potentialAction":[{"@type":"SearchAction","target":{"@type":"EntryPoint","urlTemplate":"https:\/\/www.fanprojekt-muenster.de\/wordpress\/?s={search_term_string}"},"query-input":{"@type":"PropertyValueSpecification","valueRequired":true,"valueName":"search_term_string"}}],"inLanguage":"de"},{"@type":"Organization","@id":"https:\/\/www.fanprojekt-muenster.de\/wordpress\/#organization","name":"Fangemeinschaft Preu\u00dfen M\u00fcnster e. V.","url":"https:\/\/www.fanprojekt-muenster.de\/wordpress\/","logo":{"@type":"ImageObject","inLanguage":"de","@id":"https:\/\/www.fanprojekt-muenster.de\/wordpress\/#\/schema\/logo\/image\/","url":"https:\/\/www.fanprojekt-muenster.de\/wordpress\/wp-content\/uploads\/2019\/07\/cropped-Website_Logo3-9.png","contentUrl":"https:\/\/www.fanprojekt-muenster.de\/wordpress\/wp-content\/uploads\/2019\/07\/cropped-Website_Logo3-9.png","width":224,"height":42,"caption":"Fangemeinschaft Preu\u00dfen M\u00fcnster e. V."},"image":{"@id":"https:\/\/www.fanprojekt-muenster.de\/wordpress\/#\/schema\/logo\/image\/"}},{"@type":"Person","@id":"https:\/\/www.fanprojekt-muenster.de\/wordpress\/#\/schema\/person\/9126cc4d73d0d07c75b487075111186c","name":"fp_superadmin","url":"https:\/\/www.fanprojekt-muenster.de\/wordpress\/author\/fp_superadmin\/"}]}},"author_meta":{"display_name":"fp_superadmin","author_link":"https:\/\/www.fanprojekt-muenster.de\/wordpress\/author\/fp_superadmin\/"},"featured_img":null,"coauthors":[],"tax_additional":{"categories":{"linked":["<a href=\"https:\/\/www.fanprojekt-muenster.de\/wordpress\/category\/aktuelles\/\" class=\"advgb-post-tax-term\">Aktuelles<\/a>"],"unlinked":["<span class=\"advgb-post-tax-term\">Aktuelles<\/span>"]},"tags":{"linked":["<a href=\"https:\/\/www.fanprojekt-muenster.de\/wordpress\/category\/aktuelles\/\" class=\"advgb-post-tax-term\">2014<\/a>","<a href=\"https:\/\/www.fanprojekt-muenster.de\/wordpress\/category\/aktuelles\/\" class=\"advgb-post-tax-term\">3.Liga<\/a>","<a href=\"https:\/\/www.fanprojekt-muenster.de\/wordpress\/category\/aktuelles\/\" class=\"advgb-post-tax-term\">Fanprojekt<\/a>","<a href=\"https:\/\/www.fanprojekt-muenster.de\/wordpress\/category\/aktuelles\/\" class=\"advgb-post-tax-term\">SC Preu\u00dfen M\u00fcnster<\/a>","<a href=\"https:\/\/www.fanprojekt-muenster.de\/wordpress\/category\/aktuelles\/\" class=\"advgb-post-tax-term\">Von Fans f\u00fcr Fans<\/a>"],"unlinked":["<span class=\"advgb-post-tax-term\">2014<\/span>","<span class=\"advgb-post-tax-term\">3.Liga<\/span>","<span class=\"advgb-post-tax-term\">Fanprojekt<\/span>","<span class=\"advgb-post-tax-term\">SC Preu\u00dfen M\u00fcnster<\/span>","<span class=\"advgb-post-tax-term\">Von Fans f\u00fcr Fans<\/span>"]}},"comment_count":"0","relative_dates":{"created":"Posted 12\u00a0Jahren ago","modified":"Updated 12\u00a0Jahren ago"},"absolute_dates":{"created":"Posted on 30. August 2014","modified":"Updated on 30. August 2014"},"absolute_dates_time":{"created":"Posted on 30. August 2014 12:08","modified":"Updated on 30. August 2014 12:08"},"featured_img_caption":"","series_order":"","_links":{"self":[{"href":"https:\/\/www.fanprojekt-muenster.de\/wordpress\/wp-json\/wp\/v2\/posts\/3199","targetHints":{"allow":["GET"]}}],"collection":[{"href":"https:\/\/www.fanprojekt-muenster.de\/wordpress\/wp-json\/wp\/v2\/posts"}],"about":[{"href":"https:\/\/www.fanprojekt-muenster.de\/wordpress\/wp-json\/wp\/v2\/types\/post"}],"author":[{"embeddable":true,"href":"https:\/\/www.fanprojekt-muenster.de\/wordpress\/wp-json\/wp\/v2\/users\/2"}],"replies":[{"embeddable":true,"href":"https:\/\/www.fanprojekt-muenster.de\/wordpress\/wp-json\/wp\/v2\/comments?post=3199"}],"version-history":[{"count":0,"href":"https:\/\/www.fanprojekt-muenster.de\/wordpress\/wp-json\/wp\/v2\/posts\/3199\/revisions"}],"wp:featuredmedia":[{"embeddable":true,"href":"https:\/\/www.fanprojekt-muenster.de\/wordpress\/wp-json\/"}],"wp:attachment":[{"href":"https:\/\/www.fanprojekt-muenster.de\/wordpress\/wp-json\/wp\/v2\/media?parent=3199"}],"wp:term":[{"taxonomy":"category","embeddable":true,"href":"https:\/\/www.fanprojekt-muenster.de\/wordpress\/wp-json\/wp\/v2\/categories?post=3199"},{"taxonomy":"post_tag","embeddable":true,"href":"https:\/\/www.fanprojekt-muenster.de\/wordpress\/wp-json\/wp\/v2\/tags?post=3199"}],"curies":[{"name":"wp","href":"https:\/\/api.w.org\/{rel}","templated":true}]}}