{"id":3177,"date":"2014-08-19T22:33:22","date_gmt":"2014-08-19T20:33:22","guid":{"rendered":"http:\/\/www.fanprojekt-muenster.de\/?p=3177"},"modified":"2014-08-19T22:33:22","modified_gmt":"2014-08-19T20:33:22","slug":"auswaertsfahrt-nach-kiel-2","status":"publish","type":"post","link":"https:\/\/www.fanprojekt-muenster.de\/wordpress\/auswaertsfahrt-nach-kiel-2\/","title":{"rendered":"Ausw\u00e4rtsfahrt nach Kiel"},"content":{"rendered":"<p><img loading=\"lazy\" decoding=\"async\" class=\"alignnone wp-image-3176 size-large\" src=\"http:\/\/www.fanprojekt-muenster.de\/wp-content\/uploads\/2014\/08\/Auswaerts_Kiel-1024x640.jpg\" alt=\"Auswaerts_Kiel\" width=\"960\" height=\"600\" \/><\/p>\n<p>Das Fanprojekt des SC Preu\u00dfen M\u00fcnster wird zur Ausw\u00e4rtsfahrt am Samstag, den 30. August 2014 nach Kiel einen Fanbus einsetzen. Abfahrt ist um 7.30 Uhr am Hauptbahnhof (Osteingang)! Die Fahrtkosten f\u00fcr Fanprojekt-Mitglieder 25 Euro, Nichtmitglieder zahlen 35 Euro. Kinder bis einschlie\u00dflich 12 Jahre zahlen jeweils die H\u00e4lfte.<br \/>\n<strong>Anmeldungen sind f\u00fcr diese Fahrt ausschlie\u00dflich noch\u00a0<a title=\"Ausw\u00e4rtsfahrt nach Kiel\" href=\"http:\/\/www.fanprojekt-muenster.de\/Veranstaltungen\/auswaertsfahrt-nach-kiel-2\/\">hier<\/a> online m\u00f6glich.<\/strong><\/p>\n<p>Alle <a href=\"http:\/\/www.fanprojekt-muenster.de\/angebote\/regeln-auswartsfahrten\/\">Busbedingungen<\/a>, als auch eine <a href=\"http:\/\/www.fanprojekt-muenster.de\/wp-content\/uploads\/2013\/07\/Einverst\u00e4ndniserklaerung_Bus.pdf\">Vollmacht<\/a> f\u00fcr Minderj\u00e4hrige sind auf unserer Fanprojektseite zu finden.<\/p>\n","protected":false},"excerpt":{"rendered":"<p>Das Fanprojekt des SC Preu\u00dfen M\u00fcnster wird zur Ausw\u00e4rtsfahrt am Samstag, den 30. August 2014 nach Kiel einen Fanbus einsetzen. Abfahrt ist um 7.30 Uhr am Hauptbahnhof (Osteingang)! Die Fahrtkosten&#8230; <a class=\"read-more-link\" href=\"https:\/\/www.fanprojekt-muenster.de\/wordpress\/auswaertsfahrt-nach-kiel-2\/\">Read more &raquo;<\/a><\/p>\n","protected":false},"author":2,"featured_media":669,"comment_status":"closed","ping_status":"closed","sticky":false,"template":"","format":"standard","meta":{"advgb_blocks_editor_width":"","advgb_blocks_columns_visual_guide":"","footnotes":""},"categories":[3],"tags":[26,28,49,112,145,223,283],"class_list":["post-3177","post","type-post","status-publish","format-standard","has-post-thumbnail","hentry","category-aktuelles","tag-26","tag-3-liga-2","tag-auswaertsfahrt","tag-fanprojekt","tag-holstein-kiel","tag-sc-preussen-muenster","tag-von-fans-fuer-fans"],"featured_image_src":"https:\/\/www.fanprojekt-muenster.de\/wordpress\/wp-content\/uploads\/2013\/04\/fanprojekt_bus.jpg","author_info":{"display_name":"fp_superadmin","author_link":"https:\/\/www.fanprojekt-muenster.de\/wordpress\/author\/fp_superadmin\/"},"yoast_head":"<!-- This site is optimized with the Yoast SEO plugin v27.2 - https:\/\/yoast.com\/product\/yoast-seo-wordpress\/ -->\n<title>Ausw\u00e4rtsfahrt nach Kiel - Fangemeinschaft Preu\u00dfen M\u00fcnster e. V.<\/title>\n<meta name=\"robots\" content=\"index, follow, max-snippet:-1, max-image-preview:large, max-video-preview:-1\" \/>\n<link rel=\"canonical\" href=\"https:\/\/www.fanprojekt-muenster.de\/wordpress\/auswaertsfahrt-nach-kiel-2\/\" \/>\n<meta property=\"og:locale\" content=\"de_DE\" \/>\n<meta property=\"og:type\" content=\"article\" \/>\n<meta property=\"og:title\" content=\"Ausw\u00e4rtsfahrt nach Kiel - Fangemeinschaft Preu\u00dfen M\u00fcnster e. V.\" \/>\n<meta property=\"og:description\" content=\"Das Fanprojekt des SC Preu\u00dfen M\u00fcnster wird zur Ausw\u00e4rtsfahrt am Samstag, den 30. August 2014 nach Kiel einen Fanbus einsetzen. Abfahrt ist um 7.30 Uhr am Hauptbahnhof (Osteingang)! Die Fahrtkosten... Read more &raquo;\" \/>\n<meta property=\"og:url\" content=\"https:\/\/www.fanprojekt-muenster.de\/wordpress\/auswaertsfahrt-nach-kiel-2\/\" \/>\n<meta property=\"og:site_name\" content=\"Fangemeinschaft Preu\u00dfen M\u00fcnster e. V.\" \/>\n<meta property=\"article:published_time\" content=\"2014-08-19T20:33:22+00:00\" \/>\n<meta property=\"og:image\" content=\"https:\/\/www.fanprojekt-muenster.de\/wordpress\/wp-content\/uploads\/2013\/04\/fanprojekt_bus.jpg\" \/>\n\t<meta property=\"og:image:width\" content=\"600\" \/>\n\t<meta property=\"og:image:height\" content=\"450\" \/>\n\t<meta property=\"og:image:type\" content=\"image\/jpeg\" \/>\n<meta name=\"author\" content=\"fp_superadmin\" \/>\n<meta name=\"twitter:card\" content=\"summary_large_image\" \/>\n<meta name=\"twitter:label1\" content=\"Verfasst von\" \/>\n\t<meta name=\"twitter:data1\" content=\"fp_superadmin\" \/>\n<script type=\"application\/ld+json\" class=\"yoast-schema-graph\">{\"@context\":\"https:\/\/schema.org\",\"@graph\":[{\"@type\":\"Article\",\"@id\":\"https:\/\/www.fanprojekt-muenster.de\/wordpress\/auswaertsfahrt-nach-kiel-2\/#article\",\"isPartOf\":{\"@id\":\"https:\/\/www.fanprojekt-muenster.de\/wordpress\/auswaertsfahrt-nach-kiel-2\/\"},\"author\":{\"name\":\"fp_superadmin\",\"@id\":\"https:\/\/www.fanprojekt-muenster.de\/wordpress\/#\/schema\/person\/9126cc4d73d0d07c75b487075111186c\"},\"headline\":\"Ausw\u00e4rtsfahrt nach Kiel\",\"datePublished\":\"2014-08-19T20:33:22+00:00\",\"mainEntityOfPage\":{\"@id\":\"https:\/\/www.fanprojekt-muenster.de\/wordpress\/auswaertsfahrt-nach-kiel-2\/\"},\"wordCount\":80,\"publisher\":{\"@id\":\"https:\/\/www.fanprojekt-muenster.de\/wordpress\/#organization\"},\"image\":{\"@id\":\"https:\/\/www.fanprojekt-muenster.de\/wordpress\/auswaertsfahrt-nach-kiel-2\/#primaryimage\"},\"thumbnailUrl\":\"https:\/\/www.fanprojekt-muenster.de\/wordpress\/wp-content\/uploads\/2013\/04\/fanprojekt_bus.jpg\",\"keywords\":[\"2014\",\"3.Liga\",\"Ausw\u00e4rtsfahrt\",\"Fanprojekt\",\"Holstein Kiel\",\"SC Preu\u00dfen M\u00fcnster\",\"Von Fans f\u00fcr Fans\"],\"articleSection\":[\"Aktuelles\"],\"inLanguage\":\"de\"},{\"@type\":\"WebPage\",\"@id\":\"https:\/\/www.fanprojekt-muenster.de\/wordpress\/auswaertsfahrt-nach-kiel-2\/\",\"url\":\"https:\/\/www.fanprojekt-muenster.de\/wordpress\/auswaertsfahrt-nach-kiel-2\/\",\"name\":\"Ausw\u00e4rtsfahrt nach Kiel - Fangemeinschaft Preu\u00dfen M\u00fcnster e. V.\",\"isPartOf\":{\"@id\":\"https:\/\/www.fanprojekt-muenster.de\/wordpress\/#website\"},\"primaryImageOfPage\":{\"@id\":\"https:\/\/www.fanprojekt-muenster.de\/wordpress\/auswaertsfahrt-nach-kiel-2\/#primaryimage\"},\"image\":{\"@id\":\"https:\/\/www.fanprojekt-muenster.de\/wordpress\/auswaertsfahrt-nach-kiel-2\/#primaryimage\"},\"thumbnailUrl\":\"https:\/\/www.fanprojekt-muenster.de\/wordpress\/wp-content\/uploads\/2013\/04\/fanprojekt_bus.jpg\",\"datePublished\":\"2014-08-19T20:33:22+00:00\",\"breadcrumb\":{\"@id\":\"https:\/\/www.fanprojekt-muenster.de\/wordpress\/auswaertsfahrt-nach-kiel-2\/#breadcrumb\"},\"inLanguage\":\"de\",\"potentialAction\":[{\"@type\":\"ReadAction\",\"target\":[\"https:\/\/www.fanprojekt-muenster.de\/wordpress\/auswaertsfahrt-nach-kiel-2\/\"]}]},{\"@type\":\"ImageObject\",\"inLanguage\":\"de\",\"@id\":\"https:\/\/www.fanprojekt-muenster.de\/wordpress\/auswaertsfahrt-nach-kiel-2\/#primaryimage\",\"url\":\"https:\/\/www.fanprojekt-muenster.de\/wordpress\/wp-content\/uploads\/2013\/04\/fanprojekt_bus.jpg\",\"contentUrl\":\"https:\/\/www.fanprojekt-muenster.de\/wordpress\/wp-content\/uploads\/2013\/04\/fanprojekt_bus.jpg\",\"width\":600,\"height\":450},{\"@type\":\"BreadcrumbList\",\"@id\":\"https:\/\/www.fanprojekt-muenster.de\/wordpress\/auswaertsfahrt-nach-kiel-2\/#breadcrumb\",\"itemListElement\":[{\"@type\":\"ListItem\",\"position\":1,\"name\":\"Startseite\",\"item\":\"https:\/\/www.fanprojekt-muenster.de\/wordpress\/\"},{\"@type\":\"ListItem\",\"position\":2,\"name\":\"Ausw\u00e4rtsfahrt nach Kiel\"}]},{\"@type\":\"WebSite\",\"@id\":\"https:\/\/www.fanprojekt-muenster.de\/wordpress\/#website\",\"url\":\"https:\/\/www.fanprojekt-muenster.de\/wordpress\/\",\"name\":\"Fangemeinschaft Preu\u00dfen M\u00fcnster e. V.\",\"description\":\"\",\"publisher\":{\"@id\":\"https:\/\/www.fanprojekt-muenster.de\/wordpress\/#organization\"},\"potentialAction\":[{\"@type\":\"SearchAction\",\"target\":{\"@type\":\"EntryPoint\",\"urlTemplate\":\"https:\/\/www.fanprojekt-muenster.de\/wordpress\/?s={search_term_string}\"},\"query-input\":{\"@type\":\"PropertyValueSpecification\",\"valueRequired\":true,\"valueName\":\"search_term_string\"}}],\"inLanguage\":\"de\"},{\"@type\":\"Organization\",\"@id\":\"https:\/\/www.fanprojekt-muenster.de\/wordpress\/#organization\",\"name\":\"Fangemeinschaft Preu\u00dfen M\u00fcnster e. V.\",\"url\":\"https:\/\/www.fanprojekt-muenster.de\/wordpress\/\",\"logo\":{\"@type\":\"ImageObject\",\"inLanguage\":\"de\",\"@id\":\"https:\/\/www.fanprojekt-muenster.de\/wordpress\/#\/schema\/logo\/image\/\",\"url\":\"https:\/\/www.fanprojekt-muenster.de\/wordpress\/wp-content\/uploads\/2019\/07\/cropped-Website_Logo3-9.png\",\"contentUrl\":\"https:\/\/www.fanprojekt-muenster.de\/wordpress\/wp-content\/uploads\/2019\/07\/cropped-Website_Logo3-9.png\",\"width\":224,\"height\":42,\"caption\":\"Fangemeinschaft Preu\u00dfen M\u00fcnster e. V.\"},\"image\":{\"@id\":\"https:\/\/www.fanprojekt-muenster.de\/wordpress\/#\/schema\/logo\/image\/\"}},{\"@type\":\"Person\",\"@id\":\"https:\/\/www.fanprojekt-muenster.de\/wordpress\/#\/schema\/person\/9126cc4d73d0d07c75b487075111186c\",\"name\":\"fp_superadmin\",\"url\":\"https:\/\/www.fanprojekt-muenster.de\/wordpress\/author\/fp_superadmin\/\"}]}<\/script>\n<!-- \/ Yoast SEO plugin. -->","yoast_head_json":{"title":"Ausw\u00e4rtsfahrt nach Kiel - Fangemeinschaft Preu\u00dfen M\u00fcnster e. V.","robots":{"index":"index","follow":"follow","max-snippet":"max-snippet:-1","max-image-preview":"max-image-preview:large","max-video-preview":"max-video-preview:-1"},"canonical":"https:\/\/www.fanprojekt-muenster.de\/wordpress\/auswaertsfahrt-nach-kiel-2\/","og_locale":"de_DE","og_type":"article","og_title":"Ausw\u00e4rtsfahrt nach Kiel - Fangemeinschaft Preu\u00dfen M\u00fcnster e. V.","og_description":"Das Fanprojekt des SC Preu\u00dfen M\u00fcnster wird zur Ausw\u00e4rtsfahrt am Samstag, den 30. August 2014 nach Kiel einen Fanbus einsetzen. Abfahrt ist um 7.30 Uhr am Hauptbahnhof (Osteingang)! Die Fahrtkosten... Read more &raquo;","og_url":"https:\/\/www.fanprojekt-muenster.de\/wordpress\/auswaertsfahrt-nach-kiel-2\/","og_site_name":"Fangemeinschaft Preu\u00dfen M\u00fcnster e. V.","article_published_time":"2014-08-19T20:33:22+00:00","og_image":[{"width":600,"height":450,"url":"https:\/\/www.fanprojekt-muenster.de\/wordpress\/wp-content\/uploads\/2013\/04\/fanprojekt_bus.jpg","type":"image\/jpeg"}],"author":"fp_superadmin","twitter_card":"summary_large_image","twitter_misc":{"Verfasst von":"fp_superadmin"},"schema":{"@context":"https:\/\/schema.org","@graph":[{"@type":"Article","@id":"https:\/\/www.fanprojekt-muenster.de\/wordpress\/auswaertsfahrt-nach-kiel-2\/#article","isPartOf":{"@id":"https:\/\/www.fanprojekt-muenster.de\/wordpress\/auswaertsfahrt-nach-kiel-2\/"},"author":{"name":"fp_superadmin","@id":"https:\/\/www.fanprojekt-muenster.de\/wordpress\/#\/schema\/person\/9126cc4d73d0d07c75b487075111186c"},"headline":"Ausw\u00e4rtsfahrt nach Kiel","datePublished":"2014-08-19T20:33:22+00:00","mainEntityOfPage":{"@id":"https:\/\/www.fanprojekt-muenster.de\/wordpress\/auswaertsfahrt-nach-kiel-2\/"},"wordCount":80,"publisher":{"@id":"https:\/\/www.fanprojekt-muenster.de\/wordpress\/#organization"},"image":{"@id":"https:\/\/www.fanprojekt-muenster.de\/wordpress\/auswaertsfahrt-nach-kiel-2\/#primaryimage"},"thumbnailUrl":"https:\/\/www.fanprojekt-muenster.de\/wordpress\/wp-content\/uploads\/2013\/04\/fanprojekt_bus.jpg","keywords":["2014","3.Liga","Ausw\u00e4rtsfahrt","Fanprojekt","Holstein Kiel","SC Preu\u00dfen M\u00fcnster","Von Fans f\u00fcr Fans"],"articleSection":["Aktuelles"],"inLanguage":"de"},{"@type":"WebPage","@id":"https:\/\/www.fanprojekt-muenster.de\/wordpress\/auswaertsfahrt-nach-kiel-2\/","url":"https:\/\/www.fanprojekt-muenster.de\/wordpress\/auswaertsfahrt-nach-kiel-2\/","name":"Ausw\u00e4rtsfahrt nach Kiel - Fangemeinschaft Preu\u00dfen M\u00fcnster e. V.","isPartOf":{"@id":"https:\/\/www.fanprojekt-muenster.de\/wordpress\/#website"},"primaryImageOfPage":{"@id":"https:\/\/www.fanprojekt-muenster.de\/wordpress\/auswaertsfahrt-nach-kiel-2\/#primaryimage"},"image":{"@id":"https:\/\/www.fanprojekt-muenster.de\/wordpress\/auswaertsfahrt-nach-kiel-2\/#primaryimage"},"thumbnailUrl":"https:\/\/www.fanprojekt-muenster.de\/wordpress\/wp-content\/uploads\/2013\/04\/fanprojekt_bus.jpg","datePublished":"2014-08-19T20:33:22+00:00","breadcrumb":{"@id":"https:\/\/www.fanprojekt-muenster.de\/wordpress\/auswaertsfahrt-nach-kiel-2\/#breadcrumb"},"inLanguage":"de","potentialAction":[{"@type":"ReadAction","target":["https:\/\/www.fanprojekt-muenster.de\/wordpress\/auswaertsfahrt-nach-kiel-2\/"]}]},{"@type":"ImageObject","inLanguage":"de","@id":"https:\/\/www.fanprojekt-muenster.de\/wordpress\/auswaertsfahrt-nach-kiel-2\/#primaryimage","url":"https:\/\/www.fanprojekt-muenster.de\/wordpress\/wp-content\/uploads\/2013\/04\/fanprojekt_bus.jpg","contentUrl":"https:\/\/www.fanprojekt-muenster.de\/wordpress\/wp-content\/uploads\/2013\/04\/fanprojekt_bus.jpg","width":600,"height":450},{"@type":"BreadcrumbList","@id":"https:\/\/www.fanprojekt-muenster.de\/wordpress\/auswaertsfahrt-nach-kiel-2\/#breadcrumb","itemListElement":[{"@type":"ListItem","position":1,"name":"Startseite","item":"https:\/\/www.fanprojekt-muenster.de\/wordpress\/"},{"@type":"ListItem","position":2,"name":"Ausw\u00e4rtsfahrt nach Kiel"}]},{"@type":"WebSite","@id":"https:\/\/www.fanprojekt-muenster.de\/wordpress\/#website","url":"https:\/\/www.fanprojekt-muenster.de\/wordpress\/","name":"Fangemeinschaft Preu\u00dfen M\u00fcnster e. V.","description":"","publisher":{"@id":"https:\/\/www.fanprojekt-muenster.de\/wordpress\/#organization"},"potentialAction":[{"@type":"SearchAction","target":{"@type":"EntryPoint","urlTemplate":"https:\/\/www.fanprojekt-muenster.de\/wordpress\/?s={search_term_string}"},"query-input":{"@type":"PropertyValueSpecification","valueRequired":true,"valueName":"search_term_string"}}],"inLanguage":"de"},{"@type":"Organization","@id":"https:\/\/www.fanprojekt-muenster.de\/wordpress\/#organization","name":"Fangemeinschaft Preu\u00dfen M\u00fcnster e. V.","url":"https:\/\/www.fanprojekt-muenster.de\/wordpress\/","logo":{"@type":"ImageObject","inLanguage":"de","@id":"https:\/\/www.fanprojekt-muenster.de\/wordpress\/#\/schema\/logo\/image\/","url":"https:\/\/www.fanprojekt-muenster.de\/wordpress\/wp-content\/uploads\/2019\/07\/cropped-Website_Logo3-9.png","contentUrl":"https:\/\/www.fanprojekt-muenster.de\/wordpress\/wp-content\/uploads\/2019\/07\/cropped-Website_Logo3-9.png","width":224,"height":42,"caption":"Fangemeinschaft Preu\u00dfen M\u00fcnster e. V."},"image":{"@id":"https:\/\/www.fanprojekt-muenster.de\/wordpress\/#\/schema\/logo\/image\/"}},{"@type":"Person","@id":"https:\/\/www.fanprojekt-muenster.de\/wordpress\/#\/schema\/person\/9126cc4d73d0d07c75b487075111186c","name":"fp_superadmin","url":"https:\/\/www.fanprojekt-muenster.de\/wordpress\/author\/fp_superadmin\/"}]}},"author_meta":{"display_name":"fp_superadmin","author_link":"https:\/\/www.fanprojekt-muenster.de\/wordpress\/author\/fp_superadmin\/"},"featured_img":"https:\/\/www.fanprojekt-muenster.de\/wordpress\/wp-content\/uploads\/2013\/04\/fanprojekt_bus-300x225.jpg","coauthors":[],"tax_additional":{"categories":{"linked":["<a href=\"https:\/\/www.fanprojekt-muenster.de\/wordpress\/category\/aktuelles\/\" class=\"advgb-post-tax-term\">Aktuelles<\/a>"],"unlinked":["<span class=\"advgb-post-tax-term\">Aktuelles<\/span>"]},"tags":{"linked":["<a href=\"https:\/\/www.fanprojekt-muenster.de\/wordpress\/category\/aktuelles\/\" class=\"advgb-post-tax-term\">2014<\/a>","<a href=\"https:\/\/www.fanprojekt-muenster.de\/wordpress\/category\/aktuelles\/\" class=\"advgb-post-tax-term\">3.Liga<\/a>","<a href=\"https:\/\/www.fanprojekt-muenster.de\/wordpress\/category\/aktuelles\/\" class=\"advgb-post-tax-term\">Ausw\u00e4rtsfahrt<\/a>","<a href=\"https:\/\/www.fanprojekt-muenster.de\/wordpress\/category\/aktuelles\/\" class=\"advgb-post-tax-term\">Fanprojekt<\/a>","<a href=\"https:\/\/www.fanprojekt-muenster.de\/wordpress\/category\/aktuelles\/\" class=\"advgb-post-tax-term\">Holstein Kiel<\/a>","<a href=\"https:\/\/www.fanprojekt-muenster.de\/wordpress\/category\/aktuelles\/\" class=\"advgb-post-tax-term\">SC Preu\u00dfen M\u00fcnster<\/a>","<a href=\"https:\/\/www.fanprojekt-muenster.de\/wordpress\/category\/aktuelles\/\" class=\"advgb-post-tax-term\">Von Fans f\u00fcr Fans<\/a>"],"unlinked":["<span class=\"advgb-post-tax-term\">2014<\/span>","<span class=\"advgb-post-tax-term\">3.Liga<\/span>","<span class=\"advgb-post-tax-term\">Ausw\u00e4rtsfahrt<\/span>","<span class=\"advgb-post-tax-term\">Fanprojekt<\/span>","<span class=\"advgb-post-tax-term\">Holstein Kiel<\/span>","<span class=\"advgb-post-tax-term\">SC Preu\u00dfen M\u00fcnster<\/span>","<span class=\"advgb-post-tax-term\">Von Fans f\u00fcr Fans<\/span>"]}},"comment_count":"0","relative_dates":{"created":"Posted 12\u00a0Jahren ago","modified":"Updated 12\u00a0Jahren ago"},"absolute_dates":{"created":"Posted on 19. August 2014","modified":"Updated on 19. August 2014"},"absolute_dates_time":{"created":"Posted on 19. August 2014 22:33","modified":"Updated on 19. August 2014 22:33"},"featured_img_caption":"","series_order":"","_links":{"self":[{"href":"https:\/\/www.fanprojekt-muenster.de\/wordpress\/wp-json\/wp\/v2\/posts\/3177","targetHints":{"allow":["GET"]}}],"collection":[{"href":"https:\/\/www.fanprojekt-muenster.de\/wordpress\/wp-json\/wp\/v2\/posts"}],"about":[{"href":"https:\/\/www.fanprojekt-muenster.de\/wordpress\/wp-json\/wp\/v2\/types\/post"}],"author":[{"embeddable":true,"href":"https:\/\/www.fanprojekt-muenster.de\/wordpress\/wp-json\/wp\/v2\/users\/2"}],"replies":[{"embeddable":true,"href":"https:\/\/www.fanprojekt-muenster.de\/wordpress\/wp-json\/wp\/v2\/comments?post=3177"}],"version-history":[{"count":0,"href":"https:\/\/www.fanprojekt-muenster.de\/wordpress\/wp-json\/wp\/v2\/posts\/3177\/revisions"}],"wp:featuredmedia":[{"embeddable":true,"href":"https:\/\/www.fanprojekt-muenster.de\/wordpress\/wp-json\/wp\/v2\/media\/669"}],"wp:attachment":[{"href":"https:\/\/www.fanprojekt-muenster.de\/wordpress\/wp-json\/wp\/v2\/media?parent=3177"}],"wp:term":[{"taxonomy":"category","embeddable":true,"href":"https:\/\/www.fanprojekt-muenster.de\/wordpress\/wp-json\/wp\/v2\/categories?post=3177"},{"taxonomy":"post_tag","embeddable":true,"href":"https:\/\/www.fanprojekt-muenster.de\/wordpress\/wp-json\/wp\/v2\/tags?post=3177"}],"curies":[{"name":"wp","href":"https:\/\/api.w.org\/{rel}","templated":true}]}}