{"id":3166,"date":"2014-08-13T12:30:18","date_gmt":"2014-08-13T10:30:18","guid":{"rendered":"http:\/\/www.fanprojekt-muenster.de\/?p=3166"},"modified":"2014-08-13T12:30:18","modified_gmt":"2014-08-13T10:30:18","slug":"fanprojekt-des-sc-preussen-muenster-mit-spannender-jahreshauptversammlung","status":"publish","type":"post","link":"https:\/\/www.fanprojekt-muenster.de\/wordpress\/fanprojekt-des-sc-preussen-muenster-mit-spannender-jahreshauptversammlung\/","title":{"rendered":"Fanprojekt des SC Preu\u00dfen M\u00fcnster mit spannender Jahreshauptversammlung"},"content":{"rendered":"<p style=\"color: #141923;\">Die Jahreshauptversammlung des Fanprojektes (FP) des SC Preu\u00dfen M\u00fcnster verlief am Dienstagabend ungew\u00f6hnlich und spannend. Es begann bereits vor der Versammlung in der Haupttrib\u00fcne, als die Frage gekl\u00e4rt werden musste, ob rund 50 Preu\u00dfenfans, Mitglieder beider Ultragruppen, die Versammlung besuchen und mit abstimmen d\u00fcrften. Eigentlich sollte auch ein neuer Vorstand gew\u00e4hlt werden.<\/p>\n<p style=\"color: #141923;\">Mit den Ultras, fast alle Neumitglieder des FP, aber noch nicht stimmberechtigt, weil dies satzungsgem\u00e4\u00df der FP-Vorstand zun\u00e4chst best\u00e4tigen muss, wurde zun\u00e4chst besprochen, dass sie den R\u00fcckblick und die Entlastung des bestehenden Vorstandes (Tanja Eilert, Andre Zivic, Andreas Bode und Dirk M\u00fcller) nicht besuchen. Danach sollten sie an der Sitzung teilnehmen k\u00f6nnen, um \u00fcber die zuk\u00fcnftige Ausrichtung des FP mitzudiskutieren..<\/p>\n<p style=\"color: #141923;\">So blieben die anwesenden knapp 90 FP-Mitglieder zun\u00e4chst unter sich und konnten auf ein sehr erfolgreiches Vereinsjahr zur\u00fcckblicken. Das Fanprojekt hat inzwischen 727 Mitglieder (2012:350), Tendenz weiter steigend. Die Website (<a href=\"http:\/\/l.facebook.com\/l.php?u=http%3A%2F%2Fwww.fanprojekt-muenster.de%2F&amp;h=0AQFlZ6qd&amp;enc=AZOzpBQJIW_BxC30eRxX-_FGkHLfSSBwy4z1eiI6B6V4Ik8-HJAjfbw1nYvyxGNa02inLd2o9CXxJr04C0Aw0G0GBGMgEqIvv15X9fo_WJEF3khm7QzVwWLvTjdJrTpqqU5-XpF7vp2yWBqmGwryJ_ApRSGLhGqk1YrPch9mNK-EmA&amp;s=1\"><span style=\"color: #3b5998;\">www.fanprojekt-muenster.de<\/span><\/a>) wird monatlich 15.000-mal abgerufen und die FP-App ist inzwischen \u00fcber 4300-mal installiert. Das FP freut sich \u00fcber einen Umsatz von 36.000 Euro und erwirtschaftete im abgelaufenen Gesch\u00e4ftsjahr einen \u00dcberschuss von fast 2000 Euro. Das Verm\u00f6gen bel\u00e4uft sich auf rund 10.000 Euro. Grundsolide finanziert und bestens organisiert sind besonders die FP-Busfahrten zu fast allen Ausw\u00e4rtsspielen. Die Busse waren zu 85 % ausgelastet.<\/p>\n<p style=\"color: #141923;\">Das Fanprojekt blickte auf zahlreiche Aktionen und Aktivit\u00e4ten zur\u00fcck, die viel Beifall der Mitglieder erhielten. Dazu geh\u00f6rten der st\u00e4ndige Austausch mit der Vereinsf\u00fchrung und die Teilnahme an anderen Treffen zwischen Vorstand und Fans. Au\u00dferdem gab es die Trikotaktion \u201eAnett\u201c, das Essen und Kickern mit der Mannschaft, den Neujahrsempfang, \u201eW\u00fcnsch dir deinen Hit im Stadion\u201c, einen Anteil an Produktion und Verkauf der Preu\u00dfen-CDs von \u201eAtilla und die Schickerm\u00e4nner\u201c sowie \u201eKetzer und Sancho P.\u201c, es gab Schneeschipp- und Stadionrenovierungsaktionen, die \u201eRote Karte gegen Rassismus\u201c und warme Decken f\u00fcr die Rollstuhlfahrer.<\/p>\n<p style=\"color: #141923;\">Es folgten kontroverse Diskussionen um den Fortgang der Versammlung, weil die Vorstandsmitglieder des FP ank\u00fcndigten, ihr Amt nicht mehr weiter aus\u00fcben zu wollen. Ein Hauptgrund war die Auslegung der Satzung, ob man am gleichen Abend noch stimmberechtigtes Mitglied werden kann. Um allen Seiten einen guten Kompromiss zu bieten, wurde beschlossen, den jetzigen Vorstand bis Anfang Oktober im Amt zu belassen, um dann einen neuen Vorstand zu w\u00e4hlen. Es wird nun zeitnah Gespr\u00e4che mit den Vertretern der einzelnen Gruppierungen geben um einen gemeinsamen Konsens zu finden im Sinne eines Fortbestehens der gr\u00f6\u00dften Abteilung im Verein.<\/p>\n<p style=\"color: #141923;\">Das Fanprojekt l\u00e4dt alle Mitglieder in K\u00fcrze zu der au\u00dferordentlichen Mitgliederversammlung \u00fcber die Medien ein. Dann wurde der Vorstand entlastet und die JHV f\u00fcr diesen Abend beendet.<\/p>\n<p style=\"color: #141923;\">Weitere Infos wie immer unter www.fanprojekt-muenster.de<\/p>\n<p style=\"color: #141923;\">\n","protected":false},"excerpt":{"rendered":"<p>Die Jahreshauptversammlung des Fanprojektes (FP) des SC Preu\u00dfen M\u00fcnster verlief am Dienstagabend ungew\u00f6hnlich und spannend. Es begann bereits vor der Versammlung in der Haupttrib\u00fcne, als die Frage gekl\u00e4rt werden musste,&#8230; <a class=\"read-more-link\" href=\"https:\/\/www.fanprojekt-muenster.de\/wordpress\/fanprojekt-des-sc-preussen-muenster-mit-spannender-jahreshauptversammlung\/\">Read more &raquo;<\/a><\/p>\n","protected":false},"author":2,"featured_media":2868,"comment_status":"closed","ping_status":"closed","sticky":false,"template":"","format":"standard","meta":{"advgb_blocks_editor_width":"","advgb_blocks_columns_visual_guide":"","footnotes":""},"categories":[3],"tags":[],"class_list":["post-3166","post","type-post","status-publish","format-standard","has-post-thumbnail","hentry","category-aktuelles"],"featured_image_src":null,"author_info":{"display_name":"fp_superadmin","author_link":"https:\/\/www.fanprojekt-muenster.de\/wordpress\/author\/fp_superadmin\/"},"yoast_head":"<!-- This site is optimized with the Yoast SEO plugin v27.2 - https:\/\/yoast.com\/product\/yoast-seo-wordpress\/ -->\n<title>Fanprojekt des SC Preu\u00dfen M\u00fcnster mit spannender Jahreshauptversammlung - Fangemeinschaft Preu\u00dfen M\u00fcnster e. V.<\/title>\n<meta name=\"robots\" content=\"index, follow, max-snippet:-1, max-image-preview:large, max-video-preview:-1\" \/>\n<link rel=\"canonical\" href=\"https:\/\/www.fanprojekt-muenster.de\/wordpress\/fanprojekt-des-sc-preussen-muenster-mit-spannender-jahreshauptversammlung\/\" \/>\n<meta property=\"og:locale\" content=\"de_DE\" \/>\n<meta property=\"og:type\" content=\"article\" \/>\n<meta property=\"og:title\" content=\"Fanprojekt des SC Preu\u00dfen M\u00fcnster mit spannender Jahreshauptversammlung - Fangemeinschaft Preu\u00dfen M\u00fcnster e. V.\" \/>\n<meta property=\"og:description\" content=\"Die Jahreshauptversammlung des Fanprojektes (FP) des SC Preu\u00dfen M\u00fcnster verlief am Dienstagabend ungew\u00f6hnlich und spannend. Es begann bereits vor der Versammlung in der Haupttrib\u00fcne, als die Frage gekl\u00e4rt werden musste,... Read more &raquo;\" \/>\n<meta property=\"og:url\" content=\"https:\/\/www.fanprojekt-muenster.de\/wordpress\/fanprojekt-des-sc-preussen-muenster-mit-spannender-jahreshauptversammlung\/\" \/>\n<meta property=\"og:site_name\" content=\"Fangemeinschaft Preu\u00dfen M\u00fcnster e. V.\" \/>\n<meta property=\"article:published_time\" content=\"2014-08-13T10:30:18+00:00\" \/>\n<meta name=\"author\" content=\"fp_superadmin\" \/>\n<meta name=\"twitter:card\" content=\"summary_large_image\" \/>\n<meta name=\"twitter:label1\" content=\"Verfasst von\" \/>\n\t<meta name=\"twitter:data1\" content=\"fp_superadmin\" \/>\n\t<meta name=\"twitter:label2\" content=\"Gesch\u00e4tzte Lesezeit\" \/>\n\t<meta name=\"twitter:data2\" content=\"2\u00a0Minuten\" \/>\n<script type=\"application\/ld+json\" class=\"yoast-schema-graph\">{\"@context\":\"https:\/\/schema.org\",\"@graph\":[{\"@type\":\"Article\",\"@id\":\"https:\/\/www.fanprojekt-muenster.de\/wordpress\/fanprojekt-des-sc-preussen-muenster-mit-spannender-jahreshauptversammlung\/#article\",\"isPartOf\":{\"@id\":\"https:\/\/www.fanprojekt-muenster.de\/wordpress\/fanprojekt-des-sc-preussen-muenster-mit-spannender-jahreshauptversammlung\/\"},\"author\":{\"name\":\"fp_superadmin\",\"@id\":\"https:\/\/www.fanprojekt-muenster.de\/wordpress\/#\/schema\/person\/9126cc4d73d0d07c75b487075111186c\"},\"headline\":\"Fanprojekt des SC Preu\u00dfen M\u00fcnster mit spannender Jahreshauptversammlung\",\"datePublished\":\"2014-08-13T10:30:18+00:00\",\"mainEntityOfPage\":{\"@id\":\"https:\/\/www.fanprojekt-muenster.de\/wordpress\/fanprojekt-des-sc-preussen-muenster-mit-spannender-jahreshauptversammlung\/\"},\"wordCount\":464,\"publisher\":{\"@id\":\"https:\/\/www.fanprojekt-muenster.de\/wordpress\/#organization\"},\"image\":{\"@id\":\"https:\/\/www.fanprojekt-muenster.de\/wordpress\/fanprojekt-des-sc-preussen-muenster-mit-spannender-jahreshauptversammlung\/#primaryimage\"},\"thumbnailUrl\":\"\",\"articleSection\":[\"Aktuelles\"],\"inLanguage\":\"de\"},{\"@type\":\"WebPage\",\"@id\":\"https:\/\/www.fanprojekt-muenster.de\/wordpress\/fanprojekt-des-sc-preussen-muenster-mit-spannender-jahreshauptversammlung\/\",\"url\":\"https:\/\/www.fanprojekt-muenster.de\/wordpress\/fanprojekt-des-sc-preussen-muenster-mit-spannender-jahreshauptversammlung\/\",\"name\":\"Fanprojekt des SC Preu\u00dfen M\u00fcnster mit spannender Jahreshauptversammlung - Fangemeinschaft Preu\u00dfen M\u00fcnster e. V.\",\"isPartOf\":{\"@id\":\"https:\/\/www.fanprojekt-muenster.de\/wordpress\/#website\"},\"primaryImageOfPage\":{\"@id\":\"https:\/\/www.fanprojekt-muenster.de\/wordpress\/fanprojekt-des-sc-preussen-muenster-mit-spannender-jahreshauptversammlung\/#primaryimage\"},\"image\":{\"@id\":\"https:\/\/www.fanprojekt-muenster.de\/wordpress\/fanprojekt-des-sc-preussen-muenster-mit-spannender-jahreshauptversammlung\/#primaryimage\"},\"thumbnailUrl\":\"\",\"datePublished\":\"2014-08-13T10:30:18+00:00\",\"breadcrumb\":{\"@id\":\"https:\/\/www.fanprojekt-muenster.de\/wordpress\/fanprojekt-des-sc-preussen-muenster-mit-spannender-jahreshauptversammlung\/#breadcrumb\"},\"inLanguage\":\"de\",\"potentialAction\":[{\"@type\":\"ReadAction\",\"target\":[\"https:\/\/www.fanprojekt-muenster.de\/wordpress\/fanprojekt-des-sc-preussen-muenster-mit-spannender-jahreshauptversammlung\/\"]}]},{\"@type\":\"ImageObject\",\"inLanguage\":\"de\",\"@id\":\"https:\/\/www.fanprojekt-muenster.de\/wordpress\/fanprojekt-des-sc-preussen-muenster-mit-spannender-jahreshauptversammlung\/#primaryimage\",\"url\":\"\",\"contentUrl\":\"\"},{\"@type\":\"BreadcrumbList\",\"@id\":\"https:\/\/www.fanprojekt-muenster.de\/wordpress\/fanprojekt-des-sc-preussen-muenster-mit-spannender-jahreshauptversammlung\/#breadcrumb\",\"itemListElement\":[{\"@type\":\"ListItem\",\"position\":1,\"name\":\"Startseite\",\"item\":\"https:\/\/www.fanprojekt-muenster.de\/wordpress\/\"},{\"@type\":\"ListItem\",\"position\":2,\"name\":\"Fanprojekt des SC Preu\u00dfen M\u00fcnster mit spannender Jahreshauptversammlung\"}]},{\"@type\":\"WebSite\",\"@id\":\"https:\/\/www.fanprojekt-muenster.de\/wordpress\/#website\",\"url\":\"https:\/\/www.fanprojekt-muenster.de\/wordpress\/\",\"name\":\"Fangemeinschaft Preu\u00dfen M\u00fcnster e. V.\",\"description\":\"\",\"publisher\":{\"@id\":\"https:\/\/www.fanprojekt-muenster.de\/wordpress\/#organization\"},\"potentialAction\":[{\"@type\":\"SearchAction\",\"target\":{\"@type\":\"EntryPoint\",\"urlTemplate\":\"https:\/\/www.fanprojekt-muenster.de\/wordpress\/?s={search_term_string}\"},\"query-input\":{\"@type\":\"PropertyValueSpecification\",\"valueRequired\":true,\"valueName\":\"search_term_string\"}}],\"inLanguage\":\"de\"},{\"@type\":\"Organization\",\"@id\":\"https:\/\/www.fanprojekt-muenster.de\/wordpress\/#organization\",\"name\":\"Fangemeinschaft Preu\u00dfen M\u00fcnster e. V.\",\"url\":\"https:\/\/www.fanprojekt-muenster.de\/wordpress\/\",\"logo\":{\"@type\":\"ImageObject\",\"inLanguage\":\"de\",\"@id\":\"https:\/\/www.fanprojekt-muenster.de\/wordpress\/#\/schema\/logo\/image\/\",\"url\":\"https:\/\/www.fanprojekt-muenster.de\/wordpress\/wp-content\/uploads\/2019\/07\/cropped-Website_Logo3-9.png\",\"contentUrl\":\"https:\/\/www.fanprojekt-muenster.de\/wordpress\/wp-content\/uploads\/2019\/07\/cropped-Website_Logo3-9.png\",\"width\":224,\"height\":42,\"caption\":\"Fangemeinschaft Preu\u00dfen M\u00fcnster e. V.\"},\"image\":{\"@id\":\"https:\/\/www.fanprojekt-muenster.de\/wordpress\/#\/schema\/logo\/image\/\"}},{\"@type\":\"Person\",\"@id\":\"https:\/\/www.fanprojekt-muenster.de\/wordpress\/#\/schema\/person\/9126cc4d73d0d07c75b487075111186c\",\"name\":\"fp_superadmin\",\"url\":\"https:\/\/www.fanprojekt-muenster.de\/wordpress\/author\/fp_superadmin\/\"}]}<\/script>\n<!-- \/ Yoast SEO plugin. -->","yoast_head_json":{"title":"Fanprojekt des SC Preu\u00dfen M\u00fcnster mit spannender Jahreshauptversammlung - Fangemeinschaft Preu\u00dfen M\u00fcnster e. V.","robots":{"index":"index","follow":"follow","max-snippet":"max-snippet:-1","max-image-preview":"max-image-preview:large","max-video-preview":"max-video-preview:-1"},"canonical":"https:\/\/www.fanprojekt-muenster.de\/wordpress\/fanprojekt-des-sc-preussen-muenster-mit-spannender-jahreshauptversammlung\/","og_locale":"de_DE","og_type":"article","og_title":"Fanprojekt des SC Preu\u00dfen M\u00fcnster mit spannender Jahreshauptversammlung - Fangemeinschaft Preu\u00dfen M\u00fcnster e. V.","og_description":"Die Jahreshauptversammlung des Fanprojektes (FP) des SC Preu\u00dfen M\u00fcnster verlief am Dienstagabend ungew\u00f6hnlich und spannend. Es begann bereits vor der Versammlung in der Haupttrib\u00fcne, als die Frage gekl\u00e4rt werden musste,... Read more &raquo;","og_url":"https:\/\/www.fanprojekt-muenster.de\/wordpress\/fanprojekt-des-sc-preussen-muenster-mit-spannender-jahreshauptversammlung\/","og_site_name":"Fangemeinschaft Preu\u00dfen M\u00fcnster e. V.","article_published_time":"2014-08-13T10:30:18+00:00","author":"fp_superadmin","twitter_card":"summary_large_image","twitter_misc":{"Verfasst von":"fp_superadmin","Gesch\u00e4tzte Lesezeit":"2\u00a0Minuten"},"schema":{"@context":"https:\/\/schema.org","@graph":[{"@type":"Article","@id":"https:\/\/www.fanprojekt-muenster.de\/wordpress\/fanprojekt-des-sc-preussen-muenster-mit-spannender-jahreshauptversammlung\/#article","isPartOf":{"@id":"https:\/\/www.fanprojekt-muenster.de\/wordpress\/fanprojekt-des-sc-preussen-muenster-mit-spannender-jahreshauptversammlung\/"},"author":{"name":"fp_superadmin","@id":"https:\/\/www.fanprojekt-muenster.de\/wordpress\/#\/schema\/person\/9126cc4d73d0d07c75b487075111186c"},"headline":"Fanprojekt des SC Preu\u00dfen M\u00fcnster mit spannender Jahreshauptversammlung","datePublished":"2014-08-13T10:30:18+00:00","mainEntityOfPage":{"@id":"https:\/\/www.fanprojekt-muenster.de\/wordpress\/fanprojekt-des-sc-preussen-muenster-mit-spannender-jahreshauptversammlung\/"},"wordCount":464,"publisher":{"@id":"https:\/\/www.fanprojekt-muenster.de\/wordpress\/#organization"},"image":{"@id":"https:\/\/www.fanprojekt-muenster.de\/wordpress\/fanprojekt-des-sc-preussen-muenster-mit-spannender-jahreshauptversammlung\/#primaryimage"},"thumbnailUrl":"","articleSection":["Aktuelles"],"inLanguage":"de"},{"@type":"WebPage","@id":"https:\/\/www.fanprojekt-muenster.de\/wordpress\/fanprojekt-des-sc-preussen-muenster-mit-spannender-jahreshauptversammlung\/","url":"https:\/\/www.fanprojekt-muenster.de\/wordpress\/fanprojekt-des-sc-preussen-muenster-mit-spannender-jahreshauptversammlung\/","name":"Fanprojekt des SC Preu\u00dfen M\u00fcnster mit spannender Jahreshauptversammlung - Fangemeinschaft Preu\u00dfen M\u00fcnster e. V.","isPartOf":{"@id":"https:\/\/www.fanprojekt-muenster.de\/wordpress\/#website"},"primaryImageOfPage":{"@id":"https:\/\/www.fanprojekt-muenster.de\/wordpress\/fanprojekt-des-sc-preussen-muenster-mit-spannender-jahreshauptversammlung\/#primaryimage"},"image":{"@id":"https:\/\/www.fanprojekt-muenster.de\/wordpress\/fanprojekt-des-sc-preussen-muenster-mit-spannender-jahreshauptversammlung\/#primaryimage"},"thumbnailUrl":"","datePublished":"2014-08-13T10:30:18+00:00","breadcrumb":{"@id":"https:\/\/www.fanprojekt-muenster.de\/wordpress\/fanprojekt-des-sc-preussen-muenster-mit-spannender-jahreshauptversammlung\/#breadcrumb"},"inLanguage":"de","potentialAction":[{"@type":"ReadAction","target":["https:\/\/www.fanprojekt-muenster.de\/wordpress\/fanprojekt-des-sc-preussen-muenster-mit-spannender-jahreshauptversammlung\/"]}]},{"@type":"ImageObject","inLanguage":"de","@id":"https:\/\/www.fanprojekt-muenster.de\/wordpress\/fanprojekt-des-sc-preussen-muenster-mit-spannender-jahreshauptversammlung\/#primaryimage","url":"","contentUrl":""},{"@type":"BreadcrumbList","@id":"https:\/\/www.fanprojekt-muenster.de\/wordpress\/fanprojekt-des-sc-preussen-muenster-mit-spannender-jahreshauptversammlung\/#breadcrumb","itemListElement":[{"@type":"ListItem","position":1,"name":"Startseite","item":"https:\/\/www.fanprojekt-muenster.de\/wordpress\/"},{"@type":"ListItem","position":2,"name":"Fanprojekt des SC Preu\u00dfen M\u00fcnster mit spannender Jahreshauptversammlung"}]},{"@type":"WebSite","@id":"https:\/\/www.fanprojekt-muenster.de\/wordpress\/#website","url":"https:\/\/www.fanprojekt-muenster.de\/wordpress\/","name":"Fangemeinschaft Preu\u00dfen M\u00fcnster e. V.","description":"","publisher":{"@id":"https:\/\/www.fanprojekt-muenster.de\/wordpress\/#organization"},"potentialAction":[{"@type":"SearchAction","target":{"@type":"EntryPoint","urlTemplate":"https:\/\/www.fanprojekt-muenster.de\/wordpress\/?s={search_term_string}"},"query-input":{"@type":"PropertyValueSpecification","valueRequired":true,"valueName":"search_term_string"}}],"inLanguage":"de"},{"@type":"Organization","@id":"https:\/\/www.fanprojekt-muenster.de\/wordpress\/#organization","name":"Fangemeinschaft Preu\u00dfen M\u00fcnster e. V.","url":"https:\/\/www.fanprojekt-muenster.de\/wordpress\/","logo":{"@type":"ImageObject","inLanguage":"de","@id":"https:\/\/www.fanprojekt-muenster.de\/wordpress\/#\/schema\/logo\/image\/","url":"https:\/\/www.fanprojekt-muenster.de\/wordpress\/wp-content\/uploads\/2019\/07\/cropped-Website_Logo3-9.png","contentUrl":"https:\/\/www.fanprojekt-muenster.de\/wordpress\/wp-content\/uploads\/2019\/07\/cropped-Website_Logo3-9.png","width":224,"height":42,"caption":"Fangemeinschaft Preu\u00dfen M\u00fcnster e. V."},"image":{"@id":"https:\/\/www.fanprojekt-muenster.de\/wordpress\/#\/schema\/logo\/image\/"}},{"@type":"Person","@id":"https:\/\/www.fanprojekt-muenster.de\/wordpress\/#\/schema\/person\/9126cc4d73d0d07c75b487075111186c","name":"fp_superadmin","url":"https:\/\/www.fanprojekt-muenster.de\/wordpress\/author\/fp_superadmin\/"}]}},"author_meta":{"display_name":"fp_superadmin","author_link":"https:\/\/www.fanprojekt-muenster.de\/wordpress\/author\/fp_superadmin\/"},"featured_img":null,"coauthors":[],"tax_additional":{"categories":{"linked":["<a href=\"https:\/\/www.fanprojekt-muenster.de\/wordpress\/category\/aktuelles\/\" class=\"advgb-post-tax-term\">Aktuelles<\/a>"],"unlinked":["<span class=\"advgb-post-tax-term\">Aktuelles<\/span>"]}},"comment_count":"0","relative_dates":{"created":"Posted 12\u00a0Jahren ago","modified":"Updated 12\u00a0Jahren ago"},"absolute_dates":{"created":"Posted on 13. August 2014","modified":"Updated on 13. August 2014"},"absolute_dates_time":{"created":"Posted on 13. August 2014 12:30","modified":"Updated on 13. August 2014 12:30"},"featured_img_caption":"","series_order":"","_links":{"self":[{"href":"https:\/\/www.fanprojekt-muenster.de\/wordpress\/wp-json\/wp\/v2\/posts\/3166","targetHints":{"allow":["GET"]}}],"collection":[{"href":"https:\/\/www.fanprojekt-muenster.de\/wordpress\/wp-json\/wp\/v2\/posts"}],"about":[{"href":"https:\/\/www.fanprojekt-muenster.de\/wordpress\/wp-json\/wp\/v2\/types\/post"}],"author":[{"embeddable":true,"href":"https:\/\/www.fanprojekt-muenster.de\/wordpress\/wp-json\/wp\/v2\/users\/2"}],"replies":[{"embeddable":true,"href":"https:\/\/www.fanprojekt-muenster.de\/wordpress\/wp-json\/wp\/v2\/comments?post=3166"}],"version-history":[{"count":0,"href":"https:\/\/www.fanprojekt-muenster.de\/wordpress\/wp-json\/wp\/v2\/posts\/3166\/revisions"}],"wp:featuredmedia":[{"embeddable":true,"href":"https:\/\/www.fanprojekt-muenster.de\/wordpress\/wp-json\/"}],"wp:attachment":[{"href":"https:\/\/www.fanprojekt-muenster.de\/wordpress\/wp-json\/wp\/v2\/media?parent=3166"}],"wp:term":[{"taxonomy":"category","embeddable":true,"href":"https:\/\/www.fanprojekt-muenster.de\/wordpress\/wp-json\/wp\/v2\/categories?post=3166"},{"taxonomy":"post_tag","embeddable":true,"href":"https:\/\/www.fanprojekt-muenster.de\/wordpress\/wp-json\/wp\/v2\/tags?post=3166"}],"curies":[{"name":"wp","href":"https:\/\/api.w.org\/{rel}","templated":true}]}}