{"id":3156,"date":"2014-08-10T13:25:34","date_gmt":"2014-08-10T11:25:34","guid":{"rendered":"http:\/\/www.fanprojekt-muenster.de\/?p=3156"},"modified":"2014-08-10T13:25:34","modified_gmt":"2014-08-10T11:25:34","slug":"stadionverschoenerung","status":"publish","type":"post","link":"https:\/\/www.fanprojekt-muenster.de\/wordpress\/stadionverschoenerung\/","title":{"rendered":"Stadionversch\u00f6nerung"},"content":{"rendered":"<p><img loading=\"lazy\" decoding=\"async\" class=\"alignnone size-large wp-image-3127\" src=\"http:\/\/www.fanprojekt-muenster.de\/wp-content\/uploads\/2014\/08\/DSC6212-1024x232.jpg\" alt=\"SONY DSC\" width=\"960\" height=\"217\" \/><\/p>\n<p><strong>Es ist vollbracht!<\/strong><br \/>\nNachdem uns auf der Saisoner\u00f6ffnung die Familie Dorn angesprochen hatte, ob es m\u00f6glich sei, die Gegengerade und die Kurve auch in ein sch\u00f6nes Schwarz-Wei\u00df-Gr\u00fcn zu tauchen, ging alles ganz schnell.<br \/>\nGeorg Krimphove stellte den Kontakt zu der Firma <a title=\"Brillux\" href=\"http:\/\/www.brillux.de\" target=\"_blank\" rel=\"noopener noreferrer\">Brillux<\/a> her, die ganz unkompliziert und schnell, die ben\u00f6tigte Stra\u00dfenmarkierungsfarbe bereitstellte und sogar eigens das Gr\u00fcn f\u00fcr uns anmischte.<br \/>\nDann ging es am 2. August los. W\u00e4hrend der SC Preu\u00dfen 06 e.V. M\u00fcnster beim Ausw\u00e4rtsspiel in Stuttgart seine Arbeit tat, trafen sich einige Freiwillige, die uns beim Anstreichen tatkr\u00e4ftig unterst\u00fctzten. Bei doch recht hei\u00dfen Temperaturen konnten die Fans beim Streichen das Spiel live mitverfolgen, da Marcel Janzen von EDV Janzen, die Live\u00fcbertragung von Radio Mottekstrehle live in unsere Antikarena brachte.<br \/>\nBei dem ein oder anderen P\u00e4uschen konnten sich alle Helfer an bereitgestellten Geb\u00e4ck vom guten B\u00e4cker Krimphove erfreuen. Am Abend freuten sich alle, das die Kurve geschafft war.<\/p>\n<p><a href=\"http:\/\/www.fanprojekt-muenster.de\/wp-content\/uploads\/2014\/08\/10357448_705914722822142_1948672059920158004_n.jpg\"><img loading=\"lazy\" decoding=\"async\" class=\"alignright wp-image-3145 size-medium\" src=\"http:\/\/www.fanprojekt-muenster.de\/wp-content\/uploads\/2014\/08\/10357448_705914722822142_1948672059920158004_n-168x300.jpg\" alt=\"10357448_705914722822142_1948672059920158004_n\" width=\"168\" height=\"300\" \/><\/a><\/p>\n<p>Weiter ging es am 9. August.<br \/>\nJetzt kam die Gegengerade dran. Zuerst mussten die Reste des letzten Heimspiels auf den Stufen entfernt werden, bevor es ans Streichen ging. Unter Einsatz von Besen, Fugenkratzern und Laubbl\u00e4sern war die erste Stunde recht schnell rum. Durch den gemeinsamen Einsatz der acht Erwachsenen und f\u00fcnf Kindern (auch nicht grad das meiste) waren die ersten T\u00f6pfe schwarzer Farbe recht schnell leer. Zum fr\u00fchen Nachmittag wurde erst einmal das Spiel gegen Dynamo Dresden verfolgt, w\u00e4hrend die wei\u00dfe Farbe trocknete. Nun ging es zum Schlussspurt, die gr\u00fcnen R\u00e4nge fehlten noch. Gegen 17 Uhr war alles vollbracht und das gro\u00dfe Aufr\u00e4umen ging los, so das alle eine Stunde sp\u00e4ter ersch\u00f6pft, aber auch auch gl\u00fccklich \u00fcber die geleistete Arbeit, den Heimweg antreten konnten.<\/p>\n<p>Res\u00fcmee:<br \/>\nEine echt tolle Aktion von Sabine und Thorsten Dorn, die zeigt, das das Credo &#8222;Von Fans f\u00fcr Fans&#8220; des Fanprojekts genau so funktioniert.<br \/>\nIhre habt mal eine Aktion, die Ihr gerne machen m\u00f6chtet, dann kommt doch einfach auf uns zu. Entweder am FP-Stand im Stadion oder per <a title=\"Mail\" href=\"mailto:kontakt@fanprojekt-muenster.de\" target=\"_blank\" rel=\"noopener noreferrer\">Mail<\/a>. Wir freuen uns auf eure Ideen.<br \/>\nGanz besonders bedanken wollen wir uns auch nochmal bei den Firmen <a title=\"Brillux\" href=\"http:\/\/www.brillux.de\" target=\"_blank\" rel=\"noopener noreferrer\">Brillux<\/a> (f\u00fcr die gesponserten Arbeitsmaterialien), beim guten B\u00e4cker <a title=\"Der gute B\u00e4cker Krimphove\" href=\"http:\/\/www.krimphove.de\" target=\"_blank\" rel=\"noopener noreferrer\">Krimphove<\/a> (f\u00fcr die Verpflegung) und bei <a title=\"EDV Janzen\" href=\"http:\/\/www.janzen-edv.de\" target=\"_blank\" rel=\"noopener noreferrer\">EDV Janzen<\/a> (f\u00fcr die musikalische Unterhaltung und der \u00dcbertragung im Stadion) und nat\u00fcrlich bei allen Helfern, die Ihre Zeit opferten, um unser Wohnzimmer ein wenig sch\u00f6ner zu gestalten.<br \/>\nOhne die Sponsoren und freiwilligen Helfer w\u00e4re es so schnell nicht zu machen gewesen!<\/p>\n<p><a title=\"Stadionversch\u00f6nerung\" href=\"http:\/\/www.fanprojekt-muenster.de\/fotos\/stadionverschoenerung\/\">Hier<\/a> geht es zur Bildergalerie.<\/p>\n<p><a href=\"http:\/\/www.fanprojekt-muenster.de\/wp-content\/uploads\/2014\/08\/DSC6243.jpg\"><img loading=\"lazy\" decoding=\"async\" class=\"alignleft size-large wp-image-3144\" src=\"http:\/\/www.fanprojekt-muenster.de\/wp-content\/uploads\/2014\/08\/DSC6243-681x1024.jpg\" alt=\"SONY DSC\" width=\"681\" height=\"1024\" \/><\/a><\/p>\n","protected":false},"excerpt":{"rendered":"<p>Es ist vollbracht! Nachdem uns auf der Saisoner\u00f6ffnung die Familie Dorn angesprochen hatte, ob es m\u00f6glich sei, die Gegengerade und die Kurve auch in ein sch\u00f6nes Schwarz-Wei\u00df-Gr\u00fcn zu tauchen, ging&#8230; <a class=\"read-more-link\" href=\"https:\/\/www.fanprojekt-muenster.de\/wordpress\/stadionverschoenerung\/\">Read more &raquo;<\/a><\/p>\n","protected":false},"author":2,"featured_media":0,"comment_status":"closed","ping_status":"closed","sticky":false,"template":"","format":"standard","meta":{"advgb_blocks_editor_width":"","advgb_blocks_columns_visual_guide":"","footnotes":""},"categories":[3],"tags":[26,112,166,223,245,283],"class_list":["post-3156","post","type-post","status-publish","format-standard","hentry","category-aktuelles","tag-26","tag-fanprojekt","tag-liveuebertragung","tag-sc-preussen-muenster","tag-stadionverschoenerung","tag-von-fans-fuer-fans"],"featured_image_src":null,"author_info":{"display_name":"fp_superadmin","author_link":"https:\/\/www.fanprojekt-muenster.de\/wordpress\/author\/fp_superadmin\/"},"yoast_head":"<!-- This site is optimized with the Yoast SEO plugin v27.2 - https:\/\/yoast.com\/product\/yoast-seo-wordpress\/ -->\n<title>Stadionversch\u00f6nerung - Fangemeinschaft Preu\u00dfen M\u00fcnster e. V.<\/title>\n<meta name=\"robots\" content=\"index, follow, max-snippet:-1, max-image-preview:large, max-video-preview:-1\" \/>\n<link rel=\"canonical\" href=\"https:\/\/www.fanprojekt-muenster.de\/wordpress\/stadionverschoenerung\/\" \/>\n<meta property=\"og:locale\" content=\"de_DE\" \/>\n<meta property=\"og:type\" content=\"article\" \/>\n<meta property=\"og:title\" content=\"Stadionversch\u00f6nerung - Fangemeinschaft Preu\u00dfen M\u00fcnster e. V.\" \/>\n<meta property=\"og:description\" content=\"Es ist vollbracht! Nachdem uns auf der Saisoner\u00f6ffnung die Familie Dorn angesprochen hatte, ob es m\u00f6glich sei, die Gegengerade und die Kurve auch in ein sch\u00f6nes Schwarz-Wei\u00df-Gr\u00fcn zu tauchen, ging... Read more &raquo;\" \/>\n<meta property=\"og:url\" content=\"https:\/\/www.fanprojekt-muenster.de\/wordpress\/stadionverschoenerung\/\" \/>\n<meta property=\"og:site_name\" content=\"Fangemeinschaft Preu\u00dfen M\u00fcnster e. V.\" \/>\n<meta property=\"article:published_time\" content=\"2014-08-10T11:25:34+00:00\" \/>\n<meta property=\"og:image\" content=\"http:\/\/www.fanprojekt-muenster.de\/wp-content\/uploads\/2014\/08\/DSC6212-1024x232.jpg\" \/>\n<meta name=\"author\" content=\"fp_superadmin\" \/>\n<meta name=\"twitter:card\" content=\"summary_large_image\" \/>\n<meta name=\"twitter:label1\" content=\"Verfasst von\" \/>\n\t<meta name=\"twitter:data1\" content=\"fp_superadmin\" \/>\n\t<meta name=\"twitter:label2\" content=\"Gesch\u00e4tzte Lesezeit\" \/>\n\t<meta name=\"twitter:data2\" content=\"2\u00a0Minuten\" \/>\n<script type=\"application\/ld+json\" class=\"yoast-schema-graph\">{\"@context\":\"https:\/\/schema.org\",\"@graph\":[{\"@type\":\"Article\",\"@id\":\"https:\/\/www.fanprojekt-muenster.de\/wordpress\/stadionverschoenerung\/#article\",\"isPartOf\":{\"@id\":\"https:\/\/www.fanprojekt-muenster.de\/wordpress\/stadionverschoenerung\/\"},\"author\":{\"name\":\"fp_superadmin\",\"@id\":\"https:\/\/www.fanprojekt-muenster.de\/wordpress\/#\/schema\/person\/9126cc4d73d0d07c75b487075111186c\"},\"headline\":\"Stadionversch\u00f6nerung\",\"datePublished\":\"2014-08-10T11:25:34+00:00\",\"mainEntityOfPage\":{\"@id\":\"https:\/\/www.fanprojekt-muenster.de\/wordpress\/stadionverschoenerung\/\"},\"wordCount\":442,\"publisher\":{\"@id\":\"https:\/\/www.fanprojekt-muenster.de\/wordpress\/#organization\"},\"image\":{\"@id\":\"https:\/\/www.fanprojekt-muenster.de\/wordpress\/stadionverschoenerung\/#primaryimage\"},\"thumbnailUrl\":\"http:\/\/www.fanprojekt-muenster.de\/wp-content\/uploads\/2014\/08\/DSC6212-1024x232.jpg\",\"keywords\":[\"2014\",\"Fanprojekt\",\"Live\u00fcbertragung\",\"SC Preu\u00dfen M\u00fcnster\",\"Stadionversch\u00f6nerung\",\"Von Fans f\u00fcr Fans\"],\"articleSection\":[\"Aktuelles\"],\"inLanguage\":\"de\"},{\"@type\":\"WebPage\",\"@id\":\"https:\/\/www.fanprojekt-muenster.de\/wordpress\/stadionverschoenerung\/\",\"url\":\"https:\/\/www.fanprojekt-muenster.de\/wordpress\/stadionverschoenerung\/\",\"name\":\"Stadionversch\u00f6nerung - Fangemeinschaft Preu\u00dfen M\u00fcnster e. V.\",\"isPartOf\":{\"@id\":\"https:\/\/www.fanprojekt-muenster.de\/wordpress\/#website\"},\"primaryImageOfPage\":{\"@id\":\"https:\/\/www.fanprojekt-muenster.de\/wordpress\/stadionverschoenerung\/#primaryimage\"},\"image\":{\"@id\":\"https:\/\/www.fanprojekt-muenster.de\/wordpress\/stadionverschoenerung\/#primaryimage\"},\"thumbnailUrl\":\"http:\/\/www.fanprojekt-muenster.de\/wp-content\/uploads\/2014\/08\/DSC6212-1024x232.jpg\",\"datePublished\":\"2014-08-10T11:25:34+00:00\",\"breadcrumb\":{\"@id\":\"https:\/\/www.fanprojekt-muenster.de\/wordpress\/stadionverschoenerung\/#breadcrumb\"},\"inLanguage\":\"de\",\"potentialAction\":[{\"@type\":\"ReadAction\",\"target\":[\"https:\/\/www.fanprojekt-muenster.de\/wordpress\/stadionverschoenerung\/\"]}]},{\"@type\":\"ImageObject\",\"inLanguage\":\"de\",\"@id\":\"https:\/\/www.fanprojekt-muenster.de\/wordpress\/stadionverschoenerung\/#primaryimage\",\"url\":\"http:\/\/www.fanprojekt-muenster.de\/wp-content\/uploads\/2014\/08\/DSC6212-1024x232.jpg\",\"contentUrl\":\"http:\/\/www.fanprojekt-muenster.de\/wp-content\/uploads\/2014\/08\/DSC6212-1024x232.jpg\"},{\"@type\":\"BreadcrumbList\",\"@id\":\"https:\/\/www.fanprojekt-muenster.de\/wordpress\/stadionverschoenerung\/#breadcrumb\",\"itemListElement\":[{\"@type\":\"ListItem\",\"position\":1,\"name\":\"Startseite\",\"item\":\"https:\/\/www.fanprojekt-muenster.de\/wordpress\/\"},{\"@type\":\"ListItem\",\"position\":2,\"name\":\"Stadionversch\u00f6nerung\"}]},{\"@type\":\"WebSite\",\"@id\":\"https:\/\/www.fanprojekt-muenster.de\/wordpress\/#website\",\"url\":\"https:\/\/www.fanprojekt-muenster.de\/wordpress\/\",\"name\":\"Fangemeinschaft Preu\u00dfen M\u00fcnster e. V.\",\"description\":\"\",\"publisher\":{\"@id\":\"https:\/\/www.fanprojekt-muenster.de\/wordpress\/#organization\"},\"potentialAction\":[{\"@type\":\"SearchAction\",\"target\":{\"@type\":\"EntryPoint\",\"urlTemplate\":\"https:\/\/www.fanprojekt-muenster.de\/wordpress\/?s={search_term_string}\"},\"query-input\":{\"@type\":\"PropertyValueSpecification\",\"valueRequired\":true,\"valueName\":\"search_term_string\"}}],\"inLanguage\":\"de\"},{\"@type\":\"Organization\",\"@id\":\"https:\/\/www.fanprojekt-muenster.de\/wordpress\/#organization\",\"name\":\"Fangemeinschaft Preu\u00dfen M\u00fcnster e. V.\",\"url\":\"https:\/\/www.fanprojekt-muenster.de\/wordpress\/\",\"logo\":{\"@type\":\"ImageObject\",\"inLanguage\":\"de\",\"@id\":\"https:\/\/www.fanprojekt-muenster.de\/wordpress\/#\/schema\/logo\/image\/\",\"url\":\"https:\/\/www.fanprojekt-muenster.de\/wordpress\/wp-content\/uploads\/2019\/07\/cropped-Website_Logo3-9.png\",\"contentUrl\":\"https:\/\/www.fanprojekt-muenster.de\/wordpress\/wp-content\/uploads\/2019\/07\/cropped-Website_Logo3-9.png\",\"width\":224,\"height\":42,\"caption\":\"Fangemeinschaft Preu\u00dfen M\u00fcnster e. V.\"},\"image\":{\"@id\":\"https:\/\/www.fanprojekt-muenster.de\/wordpress\/#\/schema\/logo\/image\/\"}},{\"@type\":\"Person\",\"@id\":\"https:\/\/www.fanprojekt-muenster.de\/wordpress\/#\/schema\/person\/9126cc4d73d0d07c75b487075111186c\",\"name\":\"fp_superadmin\",\"url\":\"https:\/\/www.fanprojekt-muenster.de\/wordpress\/author\/fp_superadmin\/\"}]}<\/script>\n<!-- \/ Yoast SEO plugin. -->","yoast_head_json":{"title":"Stadionversch\u00f6nerung - Fangemeinschaft Preu\u00dfen M\u00fcnster e. V.","robots":{"index":"index","follow":"follow","max-snippet":"max-snippet:-1","max-image-preview":"max-image-preview:large","max-video-preview":"max-video-preview:-1"},"canonical":"https:\/\/www.fanprojekt-muenster.de\/wordpress\/stadionverschoenerung\/","og_locale":"de_DE","og_type":"article","og_title":"Stadionversch\u00f6nerung - Fangemeinschaft Preu\u00dfen M\u00fcnster e. V.","og_description":"Es ist vollbracht! Nachdem uns auf der Saisoner\u00f6ffnung die Familie Dorn angesprochen hatte, ob es m\u00f6glich sei, die Gegengerade und die Kurve auch in ein sch\u00f6nes Schwarz-Wei\u00df-Gr\u00fcn zu tauchen, ging... Read more &raquo;","og_url":"https:\/\/www.fanprojekt-muenster.de\/wordpress\/stadionverschoenerung\/","og_site_name":"Fangemeinschaft Preu\u00dfen M\u00fcnster e. V.","article_published_time":"2014-08-10T11:25:34+00:00","og_image":[{"url":"http:\/\/www.fanprojekt-muenster.de\/wp-content\/uploads\/2014\/08\/DSC6212-1024x232.jpg","type":"","width":"","height":""}],"author":"fp_superadmin","twitter_card":"summary_large_image","twitter_misc":{"Verfasst von":"fp_superadmin","Gesch\u00e4tzte Lesezeit":"2\u00a0Minuten"},"schema":{"@context":"https:\/\/schema.org","@graph":[{"@type":"Article","@id":"https:\/\/www.fanprojekt-muenster.de\/wordpress\/stadionverschoenerung\/#article","isPartOf":{"@id":"https:\/\/www.fanprojekt-muenster.de\/wordpress\/stadionverschoenerung\/"},"author":{"name":"fp_superadmin","@id":"https:\/\/www.fanprojekt-muenster.de\/wordpress\/#\/schema\/person\/9126cc4d73d0d07c75b487075111186c"},"headline":"Stadionversch\u00f6nerung","datePublished":"2014-08-10T11:25:34+00:00","mainEntityOfPage":{"@id":"https:\/\/www.fanprojekt-muenster.de\/wordpress\/stadionverschoenerung\/"},"wordCount":442,"publisher":{"@id":"https:\/\/www.fanprojekt-muenster.de\/wordpress\/#organization"},"image":{"@id":"https:\/\/www.fanprojekt-muenster.de\/wordpress\/stadionverschoenerung\/#primaryimage"},"thumbnailUrl":"http:\/\/www.fanprojekt-muenster.de\/wp-content\/uploads\/2014\/08\/DSC6212-1024x232.jpg","keywords":["2014","Fanprojekt","Live\u00fcbertragung","SC Preu\u00dfen M\u00fcnster","Stadionversch\u00f6nerung","Von Fans f\u00fcr Fans"],"articleSection":["Aktuelles"],"inLanguage":"de"},{"@type":"WebPage","@id":"https:\/\/www.fanprojekt-muenster.de\/wordpress\/stadionverschoenerung\/","url":"https:\/\/www.fanprojekt-muenster.de\/wordpress\/stadionverschoenerung\/","name":"Stadionversch\u00f6nerung - Fangemeinschaft Preu\u00dfen M\u00fcnster e. V.","isPartOf":{"@id":"https:\/\/www.fanprojekt-muenster.de\/wordpress\/#website"},"primaryImageOfPage":{"@id":"https:\/\/www.fanprojekt-muenster.de\/wordpress\/stadionverschoenerung\/#primaryimage"},"image":{"@id":"https:\/\/www.fanprojekt-muenster.de\/wordpress\/stadionverschoenerung\/#primaryimage"},"thumbnailUrl":"http:\/\/www.fanprojekt-muenster.de\/wp-content\/uploads\/2014\/08\/DSC6212-1024x232.jpg","datePublished":"2014-08-10T11:25:34+00:00","breadcrumb":{"@id":"https:\/\/www.fanprojekt-muenster.de\/wordpress\/stadionverschoenerung\/#breadcrumb"},"inLanguage":"de","potentialAction":[{"@type":"ReadAction","target":["https:\/\/www.fanprojekt-muenster.de\/wordpress\/stadionverschoenerung\/"]}]},{"@type":"ImageObject","inLanguage":"de","@id":"https:\/\/www.fanprojekt-muenster.de\/wordpress\/stadionverschoenerung\/#primaryimage","url":"http:\/\/www.fanprojekt-muenster.de\/wp-content\/uploads\/2014\/08\/DSC6212-1024x232.jpg","contentUrl":"http:\/\/www.fanprojekt-muenster.de\/wp-content\/uploads\/2014\/08\/DSC6212-1024x232.jpg"},{"@type":"BreadcrumbList","@id":"https:\/\/www.fanprojekt-muenster.de\/wordpress\/stadionverschoenerung\/#breadcrumb","itemListElement":[{"@type":"ListItem","position":1,"name":"Startseite","item":"https:\/\/www.fanprojekt-muenster.de\/wordpress\/"},{"@type":"ListItem","position":2,"name":"Stadionversch\u00f6nerung"}]},{"@type":"WebSite","@id":"https:\/\/www.fanprojekt-muenster.de\/wordpress\/#website","url":"https:\/\/www.fanprojekt-muenster.de\/wordpress\/","name":"Fangemeinschaft Preu\u00dfen M\u00fcnster e. V.","description":"","publisher":{"@id":"https:\/\/www.fanprojekt-muenster.de\/wordpress\/#organization"},"potentialAction":[{"@type":"SearchAction","target":{"@type":"EntryPoint","urlTemplate":"https:\/\/www.fanprojekt-muenster.de\/wordpress\/?s={search_term_string}"},"query-input":{"@type":"PropertyValueSpecification","valueRequired":true,"valueName":"search_term_string"}}],"inLanguage":"de"},{"@type":"Organization","@id":"https:\/\/www.fanprojekt-muenster.de\/wordpress\/#organization","name":"Fangemeinschaft Preu\u00dfen M\u00fcnster e. V.","url":"https:\/\/www.fanprojekt-muenster.de\/wordpress\/","logo":{"@type":"ImageObject","inLanguage":"de","@id":"https:\/\/www.fanprojekt-muenster.de\/wordpress\/#\/schema\/logo\/image\/","url":"https:\/\/www.fanprojekt-muenster.de\/wordpress\/wp-content\/uploads\/2019\/07\/cropped-Website_Logo3-9.png","contentUrl":"https:\/\/www.fanprojekt-muenster.de\/wordpress\/wp-content\/uploads\/2019\/07\/cropped-Website_Logo3-9.png","width":224,"height":42,"caption":"Fangemeinschaft Preu\u00dfen M\u00fcnster e. V."},"image":{"@id":"https:\/\/www.fanprojekt-muenster.de\/wordpress\/#\/schema\/logo\/image\/"}},{"@type":"Person","@id":"https:\/\/www.fanprojekt-muenster.de\/wordpress\/#\/schema\/person\/9126cc4d73d0d07c75b487075111186c","name":"fp_superadmin","url":"https:\/\/www.fanprojekt-muenster.de\/wordpress\/author\/fp_superadmin\/"}]}},"author_meta":{"display_name":"fp_superadmin","author_link":"https:\/\/www.fanprojekt-muenster.de\/wordpress\/author\/fp_superadmin\/"},"featured_img":null,"coauthors":[],"tax_additional":{"categories":{"linked":["<a href=\"https:\/\/www.fanprojekt-muenster.de\/wordpress\/category\/aktuelles\/\" class=\"advgb-post-tax-term\">Aktuelles<\/a>"],"unlinked":["<span class=\"advgb-post-tax-term\">Aktuelles<\/span>"]},"tags":{"linked":["<a href=\"https:\/\/www.fanprojekt-muenster.de\/wordpress\/category\/aktuelles\/\" class=\"advgb-post-tax-term\">2014<\/a>","<a href=\"https:\/\/www.fanprojekt-muenster.de\/wordpress\/category\/aktuelles\/\" class=\"advgb-post-tax-term\">Fanprojekt<\/a>","<a href=\"https:\/\/www.fanprojekt-muenster.de\/wordpress\/category\/aktuelles\/\" class=\"advgb-post-tax-term\">Live\u00fcbertragung<\/a>","<a href=\"https:\/\/www.fanprojekt-muenster.de\/wordpress\/category\/aktuelles\/\" class=\"advgb-post-tax-term\">SC Preu\u00dfen M\u00fcnster<\/a>","<a href=\"https:\/\/www.fanprojekt-muenster.de\/wordpress\/category\/aktuelles\/\" class=\"advgb-post-tax-term\">Stadionversch\u00f6nerung<\/a>","<a href=\"https:\/\/www.fanprojekt-muenster.de\/wordpress\/category\/aktuelles\/\" class=\"advgb-post-tax-term\">Von Fans f\u00fcr Fans<\/a>"],"unlinked":["<span class=\"advgb-post-tax-term\">2014<\/span>","<span class=\"advgb-post-tax-term\">Fanprojekt<\/span>","<span class=\"advgb-post-tax-term\">Live\u00fcbertragung<\/span>","<span class=\"advgb-post-tax-term\">SC Preu\u00dfen M\u00fcnster<\/span>","<span class=\"advgb-post-tax-term\">Stadionversch\u00f6nerung<\/span>","<span class=\"advgb-post-tax-term\">Von Fans f\u00fcr Fans<\/span>"]}},"comment_count":"0","relative_dates":{"created":"Posted 12\u00a0Jahren ago","modified":"Updated 12\u00a0Jahren ago"},"absolute_dates":{"created":"Posted on 10. August 2014","modified":"Updated on 10. August 2014"},"absolute_dates_time":{"created":"Posted on 10. August 2014 13:25","modified":"Updated on 10. August 2014 13:25"},"featured_img_caption":"","series_order":"","_links":{"self":[{"href":"https:\/\/www.fanprojekt-muenster.de\/wordpress\/wp-json\/wp\/v2\/posts\/3156","targetHints":{"allow":["GET"]}}],"collection":[{"href":"https:\/\/www.fanprojekt-muenster.de\/wordpress\/wp-json\/wp\/v2\/posts"}],"about":[{"href":"https:\/\/www.fanprojekt-muenster.de\/wordpress\/wp-json\/wp\/v2\/types\/post"}],"author":[{"embeddable":true,"href":"https:\/\/www.fanprojekt-muenster.de\/wordpress\/wp-json\/wp\/v2\/users\/2"}],"replies":[{"embeddable":true,"href":"https:\/\/www.fanprojekt-muenster.de\/wordpress\/wp-json\/wp\/v2\/comments?post=3156"}],"version-history":[{"count":0,"href":"https:\/\/www.fanprojekt-muenster.de\/wordpress\/wp-json\/wp\/v2\/posts\/3156\/revisions"}],"wp:attachment":[{"href":"https:\/\/www.fanprojekt-muenster.de\/wordpress\/wp-json\/wp\/v2\/media?parent=3156"}],"wp:term":[{"taxonomy":"category","embeddable":true,"href":"https:\/\/www.fanprojekt-muenster.de\/wordpress\/wp-json\/wp\/v2\/categories?post=3156"},{"taxonomy":"post_tag","embeddable":true,"href":"https:\/\/www.fanprojekt-muenster.de\/wordpress\/wp-json\/wp\/v2\/tags?post=3156"}],"curies":[{"name":"wp","href":"https:\/\/api.w.org\/{rel}","templated":true}]}}