{"id":3103,"date":"2014-08-04T13:56:00","date_gmt":"2014-08-04T11:56:00","guid":{"rendered":"http:\/\/www.fanprojekt-muenster.de\/?p=3103"},"modified":"2014-08-04T13:56:00","modified_gmt":"2014-08-04T11:56:00","slug":"aussetzung-von-doppelhalterverbot-fahnenpaessen-und-choreoanmeldungen","status":"publish","type":"post","link":"https:\/\/www.fanprojekt-muenster.de\/wordpress\/aussetzung-von-doppelhalterverbot-fahnenpaessen-und-choreoanmeldungen\/","title":{"rendered":"Aussetzung von Doppelhalterverbot ,Fahnenp\u00e4ssen und Choreoanmeldungen"},"content":{"rendered":"<div id=\"attachment_2648\" style=\"width: 810px\" class=\"wp-caption alignnone\"><img loading=\"lazy\" decoding=\"async\" aria-describedby=\"caption-attachment-2648\" src=\"http:\/\/www.fanprojekt-muenster.de\/wp-content\/uploads\/2014\/02\/958668_1_comp_DPP_6033.jpg\" alt=\"Foto: westline.de\" width=\"800\" height=\"522\" class=\"size-full wp-image-2648\" \/><p id=\"caption-attachment-2648\" class=\"wp-caption-text\">Foto: westline.de<\/p><\/div>\n<p>Der SC Preu\u00dfen M\u00fcnster setzt die mit dem Ma\u00dfnahmenkatalog in Kraft getretenen Verbote von Doppelhaltern, das Erfordernis von Fahnenp\u00e4ssen und Choreoanmeldungen\u00a0bis auf Weiteres aus. Der Verein m\u00f6chte hiermit ein Zeichen der Dialogbereitschaft setzen, erl\u00e4utert das f\u00fcr die Fanbelange zust\u00e4ndige Vorstandsmitglied Georg Krimphove die Aussetzung. Wir m\u00fcssen uns selbstverst\u00e4ndlich vorbehalten, die Verbote bei weiteren einschl\u00e4gigen Vorkommnissen wieder in Kraft zu setzen, m\u00f6chten aber zun\u00e4chst in offene Diskussionen mit unseren Fans eintreten. Gerade auch die zu keiner Zeit ehrverletzenden Proteste gegen die Ma\u00dfnahmen ohne weitere Verst\u00f6\u00dfe lassen uns diesen Raum, so Krimphove weiter. Die bisherigen informellen Gespr\u00e4che auf unterschiedlichen Ebenen auch mit zentralen Vertretern der Gruppierungen lassen mich optimistisch nach vorne schauen, erg\u00e4nzt Pr\u00e4sident Dr. Marco de Angelis.<br \/>\n\u00a0<br \/>\nDie j\u00fcngsten Vorkommnisse in Duisburg, aber auch die Spitzenposition von Preu\u00dfen M\u00fcnster bei der Anzahl von Verst\u00f6\u00dfen und der hierf\u00fcr gezahlten Strafen bleiben inakzeptabel und erfordern Ver\u00e4nderungen. Wir sind aber \u00fcberzeugt, dass der Schritt, den wir auf unsere Fans zugehen, die besten M\u00f6glichkeiten er\u00f6ffnen, Kompromisse zu erzielen, mit denen alle gut leben k\u00f6nnen. Wir w\u00fcnschen uns ein gutes, spannungsfreies Verh\u00e4ltnis zu allen Fans unseres Vereins, so de Angelis. Gleichzeitig sind wir aber als Veranstalter f\u00fcr die Sicherheit der Stadionbesucher verantwortlich und m\u00fcssen den Vorgaben der Ordnungsbeh\u00f6rden und des DFB entsprechen. In diesem Spannungsfeld m\u00fcssen wir vern\u00fcnftige L\u00f6sungen suchen, so de Angelis weiter.<br \/>\n\u00a0<br \/>\nDie endg\u00fcltige weitere Vorgehensweise bleibt im Ergebnis der Gespr\u00e4che und der zuk\u00fcnftigen Entwicklung vorbehalten.<\/p>\n","protected":false},"excerpt":{"rendered":"<p>Der SC Preu\u00dfen M\u00fcnster setzt die mit dem Ma\u00dfnahmenkatalog in Kraft getretenen Verbote von Doppelhaltern, das Erfordernis von Fahnenp\u00e4ssen und Choreoanmeldungen\u00a0bis auf Weiteres aus. Der Verein m\u00f6chte hiermit ein Zeichen&#8230; <a class=\"read-more-link\" href=\"https:\/\/www.fanprojekt-muenster.de\/wordpress\/aussetzung-von-doppelhalterverbot-fahnenpaessen-und-choreoanmeldungen\/\">Read more &raquo;<\/a><\/p>\n","protected":false},"author":2,"featured_media":2648,"comment_status":"open","ping_status":"open","sticky":false,"template":"","format":"standard","meta":{"advgb_blocks_editor_width":"","advgb_blocks_columns_visual_guide":"","footnotes":""},"categories":[3],"tags":[26,28,112,169,223,283],"class_list":["post-3103","post","type-post","status-publish","format-standard","has-post-thumbnail","hentry","category-aktuelles","tag-26","tag-3-liga-2","tag-fanprojekt","tag-massnahmenkatalog","tag-sc-preussen-muenster","tag-von-fans-fuer-fans"],"featured_image_src":null,"author_info":{"display_name":"fp_superadmin","author_link":"https:\/\/www.fanprojekt-muenster.de\/wordpress\/author\/fp_superadmin\/"},"yoast_head":"<!-- This site is optimized with the Yoast SEO plugin v27.2 - https:\/\/yoast.com\/product\/yoast-seo-wordpress\/ -->\n<title>Aussetzung von Doppelhalterverbot ,Fahnenp\u00e4ssen und Choreoanmeldungen - Fangemeinschaft Preu\u00dfen M\u00fcnster e. V.<\/title>\n<meta name=\"robots\" content=\"index, follow, max-snippet:-1, max-image-preview:large, max-video-preview:-1\" \/>\n<link rel=\"canonical\" href=\"https:\/\/www.fanprojekt-muenster.de\/wordpress\/aussetzung-von-doppelhalterverbot-fahnenpaessen-und-choreoanmeldungen\/\" \/>\n<meta property=\"og:locale\" content=\"de_DE\" \/>\n<meta property=\"og:type\" content=\"article\" \/>\n<meta property=\"og:title\" content=\"Aussetzung von Doppelhalterverbot ,Fahnenp\u00e4ssen und Choreoanmeldungen - Fangemeinschaft Preu\u00dfen M\u00fcnster e. V.\" \/>\n<meta property=\"og:description\" content=\"Der SC Preu\u00dfen M\u00fcnster setzt die mit dem Ma\u00dfnahmenkatalog in Kraft getretenen Verbote von Doppelhaltern, das Erfordernis von Fahnenp\u00e4ssen und Choreoanmeldungen\u00a0bis auf Weiteres aus. Der Verein m\u00f6chte hiermit ein Zeichen... Read more &raquo;\" \/>\n<meta property=\"og:url\" content=\"https:\/\/www.fanprojekt-muenster.de\/wordpress\/aussetzung-von-doppelhalterverbot-fahnenpaessen-und-choreoanmeldungen\/\" \/>\n<meta property=\"og:site_name\" content=\"Fangemeinschaft Preu\u00dfen M\u00fcnster e. V.\" \/>\n<meta property=\"article:published_time\" content=\"2014-08-04T11:56:00+00:00\" \/>\n<meta name=\"author\" content=\"fp_superadmin\" \/>\n<meta name=\"twitter:card\" content=\"summary_large_image\" \/>\n<meta name=\"twitter:label1\" content=\"Verfasst von\" \/>\n\t<meta name=\"twitter:data1\" content=\"fp_superadmin\" \/>\n\t<meta name=\"twitter:label2\" content=\"Gesch\u00e4tzte Lesezeit\" \/>\n\t<meta name=\"twitter:data2\" content=\"1\u00a0Minute\" \/>\n<script type=\"application\/ld+json\" class=\"yoast-schema-graph\">{\"@context\":\"https:\/\/schema.org\",\"@graph\":[{\"@type\":\"Article\",\"@id\":\"https:\/\/www.fanprojekt-muenster.de\/wordpress\/aussetzung-von-doppelhalterverbot-fahnenpaessen-und-choreoanmeldungen\/#article\",\"isPartOf\":{\"@id\":\"https:\/\/www.fanprojekt-muenster.de\/wordpress\/aussetzung-von-doppelhalterverbot-fahnenpaessen-und-choreoanmeldungen\/\"},\"author\":{\"name\":\"fp_superadmin\",\"@id\":\"https:\/\/www.fanprojekt-muenster.de\/wordpress\/#\/schema\/person\/9126cc4d73d0d07c75b487075111186c\"},\"headline\":\"Aussetzung von Doppelhalterverbot ,Fahnenp\u00e4ssen und Choreoanmeldungen\",\"datePublished\":\"2014-08-04T11:56:00+00:00\",\"mainEntityOfPage\":{\"@id\":\"https:\/\/www.fanprojekt-muenster.de\/wordpress\/aussetzung-von-doppelhalterverbot-fahnenpaessen-und-choreoanmeldungen\/\"},\"wordCount\":288,\"commentCount\":0,\"publisher\":{\"@id\":\"https:\/\/www.fanprojekt-muenster.de\/wordpress\/#organization\"},\"image\":{\"@id\":\"https:\/\/www.fanprojekt-muenster.de\/wordpress\/aussetzung-von-doppelhalterverbot-fahnenpaessen-und-choreoanmeldungen\/#primaryimage\"},\"thumbnailUrl\":\"\",\"keywords\":[\"2014\",\"3.Liga\",\"Fanprojekt\",\"Ma\u00dfnahmenkatalog\",\"SC Preu\u00dfen M\u00fcnster\",\"Von Fans f\u00fcr Fans\"],\"articleSection\":[\"Aktuelles\"],\"inLanguage\":\"de\",\"potentialAction\":[{\"@type\":\"CommentAction\",\"name\":\"Comment\",\"target\":[\"https:\/\/www.fanprojekt-muenster.de\/wordpress\/aussetzung-von-doppelhalterverbot-fahnenpaessen-und-choreoanmeldungen\/#respond\"]}]},{\"@type\":\"WebPage\",\"@id\":\"https:\/\/www.fanprojekt-muenster.de\/wordpress\/aussetzung-von-doppelhalterverbot-fahnenpaessen-und-choreoanmeldungen\/\",\"url\":\"https:\/\/www.fanprojekt-muenster.de\/wordpress\/aussetzung-von-doppelhalterverbot-fahnenpaessen-und-choreoanmeldungen\/\",\"name\":\"Aussetzung von Doppelhalterverbot ,Fahnenp\u00e4ssen und Choreoanmeldungen - Fangemeinschaft Preu\u00dfen M\u00fcnster e. V.\",\"isPartOf\":{\"@id\":\"https:\/\/www.fanprojekt-muenster.de\/wordpress\/#website\"},\"primaryImageOfPage\":{\"@id\":\"https:\/\/www.fanprojekt-muenster.de\/wordpress\/aussetzung-von-doppelhalterverbot-fahnenpaessen-und-choreoanmeldungen\/#primaryimage\"},\"image\":{\"@id\":\"https:\/\/www.fanprojekt-muenster.de\/wordpress\/aussetzung-von-doppelhalterverbot-fahnenpaessen-und-choreoanmeldungen\/#primaryimage\"},\"thumbnailUrl\":\"\",\"datePublished\":\"2014-08-04T11:56:00+00:00\",\"breadcrumb\":{\"@id\":\"https:\/\/www.fanprojekt-muenster.de\/wordpress\/aussetzung-von-doppelhalterverbot-fahnenpaessen-und-choreoanmeldungen\/#breadcrumb\"},\"inLanguage\":\"de\",\"potentialAction\":[{\"@type\":\"ReadAction\",\"target\":[\"https:\/\/www.fanprojekt-muenster.de\/wordpress\/aussetzung-von-doppelhalterverbot-fahnenpaessen-und-choreoanmeldungen\/\"]}]},{\"@type\":\"ImageObject\",\"inLanguage\":\"de\",\"@id\":\"https:\/\/www.fanprojekt-muenster.de\/wordpress\/aussetzung-von-doppelhalterverbot-fahnenpaessen-und-choreoanmeldungen\/#primaryimage\",\"url\":\"\",\"contentUrl\":\"\"},{\"@type\":\"BreadcrumbList\",\"@id\":\"https:\/\/www.fanprojekt-muenster.de\/wordpress\/aussetzung-von-doppelhalterverbot-fahnenpaessen-und-choreoanmeldungen\/#breadcrumb\",\"itemListElement\":[{\"@type\":\"ListItem\",\"position\":1,\"name\":\"Startseite\",\"item\":\"https:\/\/www.fanprojekt-muenster.de\/wordpress\/\"},{\"@type\":\"ListItem\",\"position\":2,\"name\":\"Aussetzung von Doppelhalterverbot ,Fahnenp\u00e4ssen und Choreoanmeldungen\"}]},{\"@type\":\"WebSite\",\"@id\":\"https:\/\/www.fanprojekt-muenster.de\/wordpress\/#website\",\"url\":\"https:\/\/www.fanprojekt-muenster.de\/wordpress\/\",\"name\":\"Fangemeinschaft Preu\u00dfen M\u00fcnster e. V.\",\"description\":\"\",\"publisher\":{\"@id\":\"https:\/\/www.fanprojekt-muenster.de\/wordpress\/#organization\"},\"potentialAction\":[{\"@type\":\"SearchAction\",\"target\":{\"@type\":\"EntryPoint\",\"urlTemplate\":\"https:\/\/www.fanprojekt-muenster.de\/wordpress\/?s={search_term_string}\"},\"query-input\":{\"@type\":\"PropertyValueSpecification\",\"valueRequired\":true,\"valueName\":\"search_term_string\"}}],\"inLanguage\":\"de\"},{\"@type\":\"Organization\",\"@id\":\"https:\/\/www.fanprojekt-muenster.de\/wordpress\/#organization\",\"name\":\"Fangemeinschaft Preu\u00dfen M\u00fcnster e. V.\",\"url\":\"https:\/\/www.fanprojekt-muenster.de\/wordpress\/\",\"logo\":{\"@type\":\"ImageObject\",\"inLanguage\":\"de\",\"@id\":\"https:\/\/www.fanprojekt-muenster.de\/wordpress\/#\/schema\/logo\/image\/\",\"url\":\"https:\/\/www.fanprojekt-muenster.de\/wordpress\/wp-content\/uploads\/2019\/07\/cropped-Website_Logo3-9.png\",\"contentUrl\":\"https:\/\/www.fanprojekt-muenster.de\/wordpress\/wp-content\/uploads\/2019\/07\/cropped-Website_Logo3-9.png\",\"width\":224,\"height\":42,\"caption\":\"Fangemeinschaft Preu\u00dfen M\u00fcnster e. V.\"},\"image\":{\"@id\":\"https:\/\/www.fanprojekt-muenster.de\/wordpress\/#\/schema\/logo\/image\/\"}},{\"@type\":\"Person\",\"@id\":\"https:\/\/www.fanprojekt-muenster.de\/wordpress\/#\/schema\/person\/9126cc4d73d0d07c75b487075111186c\",\"name\":\"fp_superadmin\",\"url\":\"https:\/\/www.fanprojekt-muenster.de\/wordpress\/author\/fp_superadmin\/\"}]}<\/script>\n<!-- \/ Yoast SEO plugin. -->","yoast_head_json":{"title":"Aussetzung von Doppelhalterverbot ,Fahnenp\u00e4ssen und Choreoanmeldungen - Fangemeinschaft Preu\u00dfen M\u00fcnster e. V.","robots":{"index":"index","follow":"follow","max-snippet":"max-snippet:-1","max-image-preview":"max-image-preview:large","max-video-preview":"max-video-preview:-1"},"canonical":"https:\/\/www.fanprojekt-muenster.de\/wordpress\/aussetzung-von-doppelhalterverbot-fahnenpaessen-und-choreoanmeldungen\/","og_locale":"de_DE","og_type":"article","og_title":"Aussetzung von Doppelhalterverbot ,Fahnenp\u00e4ssen und Choreoanmeldungen - Fangemeinschaft Preu\u00dfen M\u00fcnster e. V.","og_description":"Der SC Preu\u00dfen M\u00fcnster setzt die mit dem Ma\u00dfnahmenkatalog in Kraft getretenen Verbote von Doppelhaltern, das Erfordernis von Fahnenp\u00e4ssen und Choreoanmeldungen\u00a0bis auf Weiteres aus. Der Verein m\u00f6chte hiermit ein Zeichen... Read more &raquo;","og_url":"https:\/\/www.fanprojekt-muenster.de\/wordpress\/aussetzung-von-doppelhalterverbot-fahnenpaessen-und-choreoanmeldungen\/","og_site_name":"Fangemeinschaft Preu\u00dfen M\u00fcnster e. V.","article_published_time":"2014-08-04T11:56:00+00:00","author":"fp_superadmin","twitter_card":"summary_large_image","twitter_misc":{"Verfasst von":"fp_superadmin","Gesch\u00e4tzte Lesezeit":"1\u00a0Minute"},"schema":{"@context":"https:\/\/schema.org","@graph":[{"@type":"Article","@id":"https:\/\/www.fanprojekt-muenster.de\/wordpress\/aussetzung-von-doppelhalterverbot-fahnenpaessen-und-choreoanmeldungen\/#article","isPartOf":{"@id":"https:\/\/www.fanprojekt-muenster.de\/wordpress\/aussetzung-von-doppelhalterverbot-fahnenpaessen-und-choreoanmeldungen\/"},"author":{"name":"fp_superadmin","@id":"https:\/\/www.fanprojekt-muenster.de\/wordpress\/#\/schema\/person\/9126cc4d73d0d07c75b487075111186c"},"headline":"Aussetzung von Doppelhalterverbot ,Fahnenp\u00e4ssen und Choreoanmeldungen","datePublished":"2014-08-04T11:56:00+00:00","mainEntityOfPage":{"@id":"https:\/\/www.fanprojekt-muenster.de\/wordpress\/aussetzung-von-doppelhalterverbot-fahnenpaessen-und-choreoanmeldungen\/"},"wordCount":288,"commentCount":0,"publisher":{"@id":"https:\/\/www.fanprojekt-muenster.de\/wordpress\/#organization"},"image":{"@id":"https:\/\/www.fanprojekt-muenster.de\/wordpress\/aussetzung-von-doppelhalterverbot-fahnenpaessen-und-choreoanmeldungen\/#primaryimage"},"thumbnailUrl":"","keywords":["2014","3.Liga","Fanprojekt","Ma\u00dfnahmenkatalog","SC Preu\u00dfen M\u00fcnster","Von Fans f\u00fcr Fans"],"articleSection":["Aktuelles"],"inLanguage":"de","potentialAction":[{"@type":"CommentAction","name":"Comment","target":["https:\/\/www.fanprojekt-muenster.de\/wordpress\/aussetzung-von-doppelhalterverbot-fahnenpaessen-und-choreoanmeldungen\/#respond"]}]},{"@type":"WebPage","@id":"https:\/\/www.fanprojekt-muenster.de\/wordpress\/aussetzung-von-doppelhalterverbot-fahnenpaessen-und-choreoanmeldungen\/","url":"https:\/\/www.fanprojekt-muenster.de\/wordpress\/aussetzung-von-doppelhalterverbot-fahnenpaessen-und-choreoanmeldungen\/","name":"Aussetzung von Doppelhalterverbot ,Fahnenp\u00e4ssen und Choreoanmeldungen - Fangemeinschaft Preu\u00dfen M\u00fcnster e. V.","isPartOf":{"@id":"https:\/\/www.fanprojekt-muenster.de\/wordpress\/#website"},"primaryImageOfPage":{"@id":"https:\/\/www.fanprojekt-muenster.de\/wordpress\/aussetzung-von-doppelhalterverbot-fahnenpaessen-und-choreoanmeldungen\/#primaryimage"},"image":{"@id":"https:\/\/www.fanprojekt-muenster.de\/wordpress\/aussetzung-von-doppelhalterverbot-fahnenpaessen-und-choreoanmeldungen\/#primaryimage"},"thumbnailUrl":"","datePublished":"2014-08-04T11:56:00+00:00","breadcrumb":{"@id":"https:\/\/www.fanprojekt-muenster.de\/wordpress\/aussetzung-von-doppelhalterverbot-fahnenpaessen-und-choreoanmeldungen\/#breadcrumb"},"inLanguage":"de","potentialAction":[{"@type":"ReadAction","target":["https:\/\/www.fanprojekt-muenster.de\/wordpress\/aussetzung-von-doppelhalterverbot-fahnenpaessen-und-choreoanmeldungen\/"]}]},{"@type":"ImageObject","inLanguage":"de","@id":"https:\/\/www.fanprojekt-muenster.de\/wordpress\/aussetzung-von-doppelhalterverbot-fahnenpaessen-und-choreoanmeldungen\/#primaryimage","url":"","contentUrl":""},{"@type":"BreadcrumbList","@id":"https:\/\/www.fanprojekt-muenster.de\/wordpress\/aussetzung-von-doppelhalterverbot-fahnenpaessen-und-choreoanmeldungen\/#breadcrumb","itemListElement":[{"@type":"ListItem","position":1,"name":"Startseite","item":"https:\/\/www.fanprojekt-muenster.de\/wordpress\/"},{"@type":"ListItem","position":2,"name":"Aussetzung von Doppelhalterverbot ,Fahnenp\u00e4ssen und Choreoanmeldungen"}]},{"@type":"WebSite","@id":"https:\/\/www.fanprojekt-muenster.de\/wordpress\/#website","url":"https:\/\/www.fanprojekt-muenster.de\/wordpress\/","name":"Fangemeinschaft Preu\u00dfen M\u00fcnster e. V.","description":"","publisher":{"@id":"https:\/\/www.fanprojekt-muenster.de\/wordpress\/#organization"},"potentialAction":[{"@type":"SearchAction","target":{"@type":"EntryPoint","urlTemplate":"https:\/\/www.fanprojekt-muenster.de\/wordpress\/?s={search_term_string}"},"query-input":{"@type":"PropertyValueSpecification","valueRequired":true,"valueName":"search_term_string"}}],"inLanguage":"de"},{"@type":"Organization","@id":"https:\/\/www.fanprojekt-muenster.de\/wordpress\/#organization","name":"Fangemeinschaft Preu\u00dfen M\u00fcnster e. V.","url":"https:\/\/www.fanprojekt-muenster.de\/wordpress\/","logo":{"@type":"ImageObject","inLanguage":"de","@id":"https:\/\/www.fanprojekt-muenster.de\/wordpress\/#\/schema\/logo\/image\/","url":"https:\/\/www.fanprojekt-muenster.de\/wordpress\/wp-content\/uploads\/2019\/07\/cropped-Website_Logo3-9.png","contentUrl":"https:\/\/www.fanprojekt-muenster.de\/wordpress\/wp-content\/uploads\/2019\/07\/cropped-Website_Logo3-9.png","width":224,"height":42,"caption":"Fangemeinschaft Preu\u00dfen M\u00fcnster e. V."},"image":{"@id":"https:\/\/www.fanprojekt-muenster.de\/wordpress\/#\/schema\/logo\/image\/"}},{"@type":"Person","@id":"https:\/\/www.fanprojekt-muenster.de\/wordpress\/#\/schema\/person\/9126cc4d73d0d07c75b487075111186c","name":"fp_superadmin","url":"https:\/\/www.fanprojekt-muenster.de\/wordpress\/author\/fp_superadmin\/"}]}},"author_meta":{"display_name":"fp_superadmin","author_link":"https:\/\/www.fanprojekt-muenster.de\/wordpress\/author\/fp_superadmin\/"},"featured_img":null,"coauthors":[],"tax_additional":{"categories":{"linked":["<a href=\"https:\/\/www.fanprojekt-muenster.de\/wordpress\/category\/aktuelles\/\" class=\"advgb-post-tax-term\">Aktuelles<\/a>"],"unlinked":["<span class=\"advgb-post-tax-term\">Aktuelles<\/span>"]},"tags":{"linked":["<a href=\"https:\/\/www.fanprojekt-muenster.de\/wordpress\/category\/aktuelles\/\" class=\"advgb-post-tax-term\">2014<\/a>","<a href=\"https:\/\/www.fanprojekt-muenster.de\/wordpress\/category\/aktuelles\/\" class=\"advgb-post-tax-term\">3.Liga<\/a>","<a href=\"https:\/\/www.fanprojekt-muenster.de\/wordpress\/category\/aktuelles\/\" class=\"advgb-post-tax-term\">Fanprojekt<\/a>","<a href=\"https:\/\/www.fanprojekt-muenster.de\/wordpress\/category\/aktuelles\/\" class=\"advgb-post-tax-term\">Ma\u00dfnahmenkatalog<\/a>","<a href=\"https:\/\/www.fanprojekt-muenster.de\/wordpress\/category\/aktuelles\/\" class=\"advgb-post-tax-term\">SC Preu\u00dfen M\u00fcnster<\/a>","<a href=\"https:\/\/www.fanprojekt-muenster.de\/wordpress\/category\/aktuelles\/\" class=\"advgb-post-tax-term\">Von Fans f\u00fcr Fans<\/a>"],"unlinked":["<span class=\"advgb-post-tax-term\">2014<\/span>","<span class=\"advgb-post-tax-term\">3.Liga<\/span>","<span class=\"advgb-post-tax-term\">Fanprojekt<\/span>","<span class=\"advgb-post-tax-term\">Ma\u00dfnahmenkatalog<\/span>","<span class=\"advgb-post-tax-term\">SC Preu\u00dfen M\u00fcnster<\/span>","<span class=\"advgb-post-tax-term\">Von Fans f\u00fcr Fans<\/span>"]}},"comment_count":"0","relative_dates":{"created":"Posted 12\u00a0Jahren ago","modified":"Updated 12\u00a0Jahren ago"},"absolute_dates":{"created":"Posted on 4. August 2014","modified":"Updated on 4. August 2014"},"absolute_dates_time":{"created":"Posted on 4. August 2014 13:56","modified":"Updated on 4. August 2014 13:56"},"featured_img_caption":"","series_order":"","_links":{"self":[{"href":"https:\/\/www.fanprojekt-muenster.de\/wordpress\/wp-json\/wp\/v2\/posts\/3103","targetHints":{"allow":["GET"]}}],"collection":[{"href":"https:\/\/www.fanprojekt-muenster.de\/wordpress\/wp-json\/wp\/v2\/posts"}],"about":[{"href":"https:\/\/www.fanprojekt-muenster.de\/wordpress\/wp-json\/wp\/v2\/types\/post"}],"author":[{"embeddable":true,"href":"https:\/\/www.fanprojekt-muenster.de\/wordpress\/wp-json\/wp\/v2\/users\/2"}],"replies":[{"embeddable":true,"href":"https:\/\/www.fanprojekt-muenster.de\/wordpress\/wp-json\/wp\/v2\/comments?post=3103"}],"version-history":[{"count":0,"href":"https:\/\/www.fanprojekt-muenster.de\/wordpress\/wp-json\/wp\/v2\/posts\/3103\/revisions"}],"wp:featuredmedia":[{"embeddable":true,"href":"https:\/\/www.fanprojekt-muenster.de\/wordpress\/wp-json\/"}],"wp:attachment":[{"href":"https:\/\/www.fanprojekt-muenster.de\/wordpress\/wp-json\/wp\/v2\/media?parent=3103"}],"wp:term":[{"taxonomy":"category","embeddable":true,"href":"https:\/\/www.fanprojekt-muenster.de\/wordpress\/wp-json\/wp\/v2\/categories?post=3103"},{"taxonomy":"post_tag","embeddable":true,"href":"https:\/\/www.fanprojekt-muenster.de\/wordpress\/wp-json\/wp\/v2\/tags?post=3103"}],"curies":[{"name":"wp","href":"https:\/\/api.w.org\/{rel}","templated":true}]}}