{"id":3067,"date":"2014-07-24T12:35:06","date_gmt":"2014-07-24T10:35:06","guid":{"rendered":"http:\/\/www.fanprojekt-muenster.de\/?p=3067"},"modified":"2014-07-24T12:35:06","modified_gmt":"2014-07-24T10:35:06","slug":"fanprojekt-des-sc-preussen-muenster-sucht-helfer-fuer-verschoenerung-des-preussenstadions","status":"publish","type":"post","link":"https:\/\/www.fanprojekt-muenster.de\/wordpress\/fanprojekt-des-sc-preussen-muenster-sucht-helfer-fuer-verschoenerung-des-preussenstadions\/","title":{"rendered":"Fanprojekt des SC Preu\u00dfen M\u00fcnster sucht Helfer f\u00fcr Versch\u00f6nerung des Preu\u00dfenstadions"},"content":{"rendered":"<p><img loading=\"lazy\" decoding=\"async\" src=\"http:\/\/www.fanprojekt-muenster.de\/wp-content\/uploads\/2014\/07\/IMG_1727-1024x405.jpg\" alt=\"IMG_1727\" width=\"960\" height=\"379\" class=\"alignnone size-large wp-image-3068\" \/><\/p>\n<p>Das Fanprojekt des SC Preu\u00dfen M\u00fcnster sucht Fans, die mithelfen m\u00f6chten, ihr \u201eWohnzimmer\u201c, das Preu\u00dfenstadion, weiter zu versch\u00f6nern. Nachdem viele Fans aus allen Bereichen des Stadion schon in mehreren Aktionen aktiv waren und zuletzt beispielsweise die Stufen der Ostkurve in schwarz-wei\u00df-gr\u00fcner Farbe gestrichen haben, sollen nun die restlichen Stufen der Gegengerade und des Blockes K angemessen farblich umgestaltet werden. <\/p>\n<p>Die Aktion startet am Samstag, 2. August, ab 10 Uhr und soll bis 18 Uhr beendet sein. Der SCP spielt an diesem Tag sein Ausw\u00e4rtsspiel gegen den VFB Stuttgart 2. Nat\u00fcrlich bietet das Fanprojekt unabh\u00e4ngig davon seine <a href=\"http:\/\/www.fanprojekt-muenster.de\/Veranstaltungen\/auswaertsfahrt-zum-spiel-gegen-den-vfb-stuttgart-2\/\" title=\"Ausw\u00e4rtsfahrt zum Spiel gegen den Vfb Stuttgart 2\">Busfahrt nach Gro\u00dfaspach<\/a> an. Angesprochen sind also alle Fans, die zu diesem Ausw\u00e4rtsspiel nicht fahren m\u00f6chten.<br \/>\nFalls n\u00f6tig, wird die Aktion eine Woche sp\u00e4ter (<a href=\"http:\/\/www.fanprojekt-muenster.de\/Veranstaltungen\/2996\/\" title=\"Ausw\u00e4rtsfahrt nach Dresden\">Ausw\u00e4rtsspiel in Dresden<\/a>) zum Ende gebracht.<br \/>\nF\u00fcr Essen und Getr\u00e4nke wird gesorgt sein, auch Farbe und Arbeitsger\u00e4t ist vorhanden. Der Bericht vom Spiel in Stuttgart wird von unserem Fanradio Radio Mottekstreele f\u00fcr alle live \u00fcbertragen!<\/p>\n<p>Um ungef\u00e4hr absch\u00e4tzen zu k\u00f6nnen, wer alles mithelfen m\u00f6chte, bucht doch bitte diese <a href=\"http:\/\/www.fanprojekt-muenster.de\/Veranstaltungen\/stadionverschoenerung\/\" title=\"Stadionversch\u00f6nerung\">Veranstaltung<\/a>. Wer m\u00f6chte, kann auch gerne noch Arbeitsmaterial mitbringen.<\/p>\n<p>Lasst uns gemeinsam etwas Gutes f\u00fcr uns selbst, den Verein und das Stadion tun! Packt mit an und lasst uns beweisen, dass Preu\u00dfenfans gemeinsam stark sind!<\/p>\n","protected":false},"excerpt":{"rendered":"<p>Das Fanprojekt des SC Preu\u00dfen M\u00fcnster sucht Fans, die mithelfen m\u00f6chten, ihr \u201eWohnzimmer\u201c, das Preu\u00dfenstadion, weiter zu versch\u00f6nern. Nachdem viele Fans aus allen Bereichen des Stadion schon in mehreren Aktionen&#8230; <a class=\"read-more-link\" href=\"https:\/\/www.fanprojekt-muenster.de\/wordpress\/fanprojekt-des-sc-preussen-muenster-sucht-helfer-fuer-verschoenerung-des-preussenstadions\/\">Read more &raquo;<\/a><\/p>\n","protected":false},"author":2,"featured_media":0,"comment_status":"open","ping_status":"open","sticky":false,"template":"","format":"standard","meta":{"advgb_blocks_editor_width":"","advgb_blocks_columns_visual_guide":"","footnotes":""},"categories":[3],"tags":[26,28,99,112,205,223,243,279,283,296],"class_list":["post-3067","post","type-post","status-publish","format-standard","hentry","category-aktuelles","tag-26","tag-3-liga-2","tag-fan","tag-fanprojekt","tag-radio-mottekstrehle","tag-sc-preussen-muenster","tag-stadion","tag-verschoenerung","tag-von-fans-fuer-fans","tag-wenn-nicht-wir-wer-dann"],"featured_image_src":null,"author_info":{"display_name":"fp_superadmin","author_link":"https:\/\/www.fanprojekt-muenster.de\/wordpress\/author\/fp_superadmin\/"},"yoast_head":"<!-- This site is optimized with the Yoast SEO plugin v27.2 - https:\/\/yoast.com\/product\/yoast-seo-wordpress\/ -->\n<title>Fanprojekt des SC Preu\u00dfen M\u00fcnster sucht Helfer f\u00fcr Versch\u00f6nerung des Preu\u00dfenstadions - Fangemeinschaft Preu\u00dfen M\u00fcnster e. V.<\/title>\n<meta name=\"robots\" content=\"index, follow, max-snippet:-1, max-image-preview:large, max-video-preview:-1\" \/>\n<link rel=\"canonical\" href=\"https:\/\/www.fanprojekt-muenster.de\/wordpress\/fanprojekt-des-sc-preussen-muenster-sucht-helfer-fuer-verschoenerung-des-preussenstadions\/\" \/>\n<meta property=\"og:locale\" content=\"de_DE\" \/>\n<meta property=\"og:type\" content=\"article\" \/>\n<meta property=\"og:title\" content=\"Fanprojekt des SC Preu\u00dfen M\u00fcnster sucht Helfer f\u00fcr Versch\u00f6nerung des Preu\u00dfenstadions - Fangemeinschaft Preu\u00dfen M\u00fcnster e. V.\" \/>\n<meta property=\"og:description\" content=\"Das Fanprojekt des SC Preu\u00dfen M\u00fcnster sucht Fans, die mithelfen m\u00f6chten, ihr \u201eWohnzimmer\u201c, das Preu\u00dfenstadion, weiter zu versch\u00f6nern. Nachdem viele Fans aus allen Bereichen des Stadion schon in mehreren Aktionen... Read more &raquo;\" \/>\n<meta property=\"og:url\" content=\"https:\/\/www.fanprojekt-muenster.de\/wordpress\/fanprojekt-des-sc-preussen-muenster-sucht-helfer-fuer-verschoenerung-des-preussenstadions\/\" \/>\n<meta property=\"og:site_name\" content=\"Fangemeinschaft Preu\u00dfen M\u00fcnster e. V.\" \/>\n<meta property=\"article:published_time\" content=\"2014-07-24T10:35:06+00:00\" \/>\n<meta property=\"og:image\" content=\"http:\/\/www.fanprojekt-muenster.de\/wp-content\/uploads\/2014\/07\/IMG_1727-1024x405.jpg\" \/>\n<meta name=\"author\" content=\"fp_superadmin\" \/>\n<meta name=\"twitter:card\" content=\"summary_large_image\" \/>\n<meta name=\"twitter:label1\" content=\"Verfasst von\" \/>\n\t<meta name=\"twitter:data1\" content=\"fp_superadmin\" \/>\n\t<meta name=\"twitter:label2\" content=\"Gesch\u00e4tzte Lesezeit\" \/>\n\t<meta name=\"twitter:data2\" content=\"1\u00a0Minute\" \/>\n<script type=\"application\/ld+json\" class=\"yoast-schema-graph\">{\"@context\":\"https:\/\/schema.org\",\"@graph\":[{\"@type\":\"Article\",\"@id\":\"https:\/\/www.fanprojekt-muenster.de\/wordpress\/fanprojekt-des-sc-preussen-muenster-sucht-helfer-fuer-verschoenerung-des-preussenstadions\/#article\",\"isPartOf\":{\"@id\":\"https:\/\/www.fanprojekt-muenster.de\/wordpress\/fanprojekt-des-sc-preussen-muenster-sucht-helfer-fuer-verschoenerung-des-preussenstadions\/\"},\"author\":{\"name\":\"fp_superadmin\",\"@id\":\"https:\/\/www.fanprojekt-muenster.de\/wordpress\/#\/schema\/person\/9126cc4d73d0d07c75b487075111186c\"},\"headline\":\"Fanprojekt des SC Preu\u00dfen M\u00fcnster sucht Helfer f\u00fcr Versch\u00f6nerung des Preu\u00dfenstadions\",\"datePublished\":\"2014-07-24T10:35:06+00:00\",\"mainEntityOfPage\":{\"@id\":\"https:\/\/www.fanprojekt-muenster.de\/wordpress\/fanprojekt-des-sc-preussen-muenster-sucht-helfer-fuer-verschoenerung-des-preussenstadions\/\"},\"wordCount\":242,\"commentCount\":0,\"publisher\":{\"@id\":\"https:\/\/www.fanprojekt-muenster.de\/wordpress\/#organization\"},\"image\":{\"@id\":\"https:\/\/www.fanprojekt-muenster.de\/wordpress\/fanprojekt-des-sc-preussen-muenster-sucht-helfer-fuer-verschoenerung-des-preussenstadions\/#primaryimage\"},\"thumbnailUrl\":\"http:\/\/www.fanprojekt-muenster.de\/wp-content\/uploads\/2014\/07\/IMG_1727-1024x405.jpg\",\"keywords\":[\"2014\",\"3.Liga\",\"Fan\",\"Fanprojekt\",\"Radio Mottekstrehle\",\"SC Preu\u00dfen M\u00fcnster\",\"Stadion\",\"Versch\u00f6nerung\",\"Von Fans f\u00fcr Fans\",\"wenn nicht wir wer dann\"],\"articleSection\":[\"Aktuelles\"],\"inLanguage\":\"de\",\"potentialAction\":[{\"@type\":\"CommentAction\",\"name\":\"Comment\",\"target\":[\"https:\/\/www.fanprojekt-muenster.de\/wordpress\/fanprojekt-des-sc-preussen-muenster-sucht-helfer-fuer-verschoenerung-des-preussenstadions\/#respond\"]}]},{\"@type\":\"WebPage\",\"@id\":\"https:\/\/www.fanprojekt-muenster.de\/wordpress\/fanprojekt-des-sc-preussen-muenster-sucht-helfer-fuer-verschoenerung-des-preussenstadions\/\",\"url\":\"https:\/\/www.fanprojekt-muenster.de\/wordpress\/fanprojekt-des-sc-preussen-muenster-sucht-helfer-fuer-verschoenerung-des-preussenstadions\/\",\"name\":\"Fanprojekt des SC Preu\u00dfen M\u00fcnster sucht Helfer f\u00fcr Versch\u00f6nerung des Preu\u00dfenstadions - Fangemeinschaft Preu\u00dfen M\u00fcnster e. V.\",\"isPartOf\":{\"@id\":\"https:\/\/www.fanprojekt-muenster.de\/wordpress\/#website\"},\"primaryImageOfPage\":{\"@id\":\"https:\/\/www.fanprojekt-muenster.de\/wordpress\/fanprojekt-des-sc-preussen-muenster-sucht-helfer-fuer-verschoenerung-des-preussenstadions\/#primaryimage\"},\"image\":{\"@id\":\"https:\/\/www.fanprojekt-muenster.de\/wordpress\/fanprojekt-des-sc-preussen-muenster-sucht-helfer-fuer-verschoenerung-des-preussenstadions\/#primaryimage\"},\"thumbnailUrl\":\"http:\/\/www.fanprojekt-muenster.de\/wp-content\/uploads\/2014\/07\/IMG_1727-1024x405.jpg\",\"datePublished\":\"2014-07-24T10:35:06+00:00\",\"breadcrumb\":{\"@id\":\"https:\/\/www.fanprojekt-muenster.de\/wordpress\/fanprojekt-des-sc-preussen-muenster-sucht-helfer-fuer-verschoenerung-des-preussenstadions\/#breadcrumb\"},\"inLanguage\":\"de\",\"potentialAction\":[{\"@type\":\"ReadAction\",\"target\":[\"https:\/\/www.fanprojekt-muenster.de\/wordpress\/fanprojekt-des-sc-preussen-muenster-sucht-helfer-fuer-verschoenerung-des-preussenstadions\/\"]}]},{\"@type\":\"ImageObject\",\"inLanguage\":\"de\",\"@id\":\"https:\/\/www.fanprojekt-muenster.de\/wordpress\/fanprojekt-des-sc-preussen-muenster-sucht-helfer-fuer-verschoenerung-des-preussenstadions\/#primaryimage\",\"url\":\"http:\/\/www.fanprojekt-muenster.de\/wp-content\/uploads\/2014\/07\/IMG_1727-1024x405.jpg\",\"contentUrl\":\"http:\/\/www.fanprojekt-muenster.de\/wp-content\/uploads\/2014\/07\/IMG_1727-1024x405.jpg\"},{\"@type\":\"BreadcrumbList\",\"@id\":\"https:\/\/www.fanprojekt-muenster.de\/wordpress\/fanprojekt-des-sc-preussen-muenster-sucht-helfer-fuer-verschoenerung-des-preussenstadions\/#breadcrumb\",\"itemListElement\":[{\"@type\":\"ListItem\",\"position\":1,\"name\":\"Startseite\",\"item\":\"https:\/\/www.fanprojekt-muenster.de\/wordpress\/\"},{\"@type\":\"ListItem\",\"position\":2,\"name\":\"Fanprojekt des SC Preu\u00dfen M\u00fcnster sucht Helfer f\u00fcr Versch\u00f6nerung des Preu\u00dfenstadions\"}]},{\"@type\":\"WebSite\",\"@id\":\"https:\/\/www.fanprojekt-muenster.de\/wordpress\/#website\",\"url\":\"https:\/\/www.fanprojekt-muenster.de\/wordpress\/\",\"name\":\"Fangemeinschaft Preu\u00dfen M\u00fcnster e. V.\",\"description\":\"\",\"publisher\":{\"@id\":\"https:\/\/www.fanprojekt-muenster.de\/wordpress\/#organization\"},\"potentialAction\":[{\"@type\":\"SearchAction\",\"target\":{\"@type\":\"EntryPoint\",\"urlTemplate\":\"https:\/\/www.fanprojekt-muenster.de\/wordpress\/?s={search_term_string}\"},\"query-input\":{\"@type\":\"PropertyValueSpecification\",\"valueRequired\":true,\"valueName\":\"search_term_string\"}}],\"inLanguage\":\"de\"},{\"@type\":\"Organization\",\"@id\":\"https:\/\/www.fanprojekt-muenster.de\/wordpress\/#organization\",\"name\":\"Fangemeinschaft Preu\u00dfen M\u00fcnster e. V.\",\"url\":\"https:\/\/www.fanprojekt-muenster.de\/wordpress\/\",\"logo\":{\"@type\":\"ImageObject\",\"inLanguage\":\"de\",\"@id\":\"https:\/\/www.fanprojekt-muenster.de\/wordpress\/#\/schema\/logo\/image\/\",\"url\":\"https:\/\/www.fanprojekt-muenster.de\/wordpress\/wp-content\/uploads\/2019\/07\/cropped-Website_Logo3-9.png\",\"contentUrl\":\"https:\/\/www.fanprojekt-muenster.de\/wordpress\/wp-content\/uploads\/2019\/07\/cropped-Website_Logo3-9.png\",\"width\":224,\"height\":42,\"caption\":\"Fangemeinschaft Preu\u00dfen M\u00fcnster e. V.\"},\"image\":{\"@id\":\"https:\/\/www.fanprojekt-muenster.de\/wordpress\/#\/schema\/logo\/image\/\"}},{\"@type\":\"Person\",\"@id\":\"https:\/\/www.fanprojekt-muenster.de\/wordpress\/#\/schema\/person\/9126cc4d73d0d07c75b487075111186c\",\"name\":\"fp_superadmin\",\"url\":\"https:\/\/www.fanprojekt-muenster.de\/wordpress\/author\/fp_superadmin\/\"}]}<\/script>\n<!-- \/ Yoast SEO plugin. -->","yoast_head_json":{"title":"Fanprojekt des SC Preu\u00dfen M\u00fcnster sucht Helfer f\u00fcr Versch\u00f6nerung des Preu\u00dfenstadions - Fangemeinschaft Preu\u00dfen M\u00fcnster e. V.","robots":{"index":"index","follow":"follow","max-snippet":"max-snippet:-1","max-image-preview":"max-image-preview:large","max-video-preview":"max-video-preview:-1"},"canonical":"https:\/\/www.fanprojekt-muenster.de\/wordpress\/fanprojekt-des-sc-preussen-muenster-sucht-helfer-fuer-verschoenerung-des-preussenstadions\/","og_locale":"de_DE","og_type":"article","og_title":"Fanprojekt des SC Preu\u00dfen M\u00fcnster sucht Helfer f\u00fcr Versch\u00f6nerung des Preu\u00dfenstadions - Fangemeinschaft Preu\u00dfen M\u00fcnster e. V.","og_description":"Das Fanprojekt des SC Preu\u00dfen M\u00fcnster sucht Fans, die mithelfen m\u00f6chten, ihr \u201eWohnzimmer\u201c, das Preu\u00dfenstadion, weiter zu versch\u00f6nern. Nachdem viele Fans aus allen Bereichen des Stadion schon in mehreren Aktionen... Read more &raquo;","og_url":"https:\/\/www.fanprojekt-muenster.de\/wordpress\/fanprojekt-des-sc-preussen-muenster-sucht-helfer-fuer-verschoenerung-des-preussenstadions\/","og_site_name":"Fangemeinschaft Preu\u00dfen M\u00fcnster e. V.","article_published_time":"2014-07-24T10:35:06+00:00","og_image":[{"url":"http:\/\/www.fanprojekt-muenster.de\/wp-content\/uploads\/2014\/07\/IMG_1727-1024x405.jpg","type":"","width":"","height":""}],"author":"fp_superadmin","twitter_card":"summary_large_image","twitter_misc":{"Verfasst von":"fp_superadmin","Gesch\u00e4tzte Lesezeit":"1\u00a0Minute"},"schema":{"@context":"https:\/\/schema.org","@graph":[{"@type":"Article","@id":"https:\/\/www.fanprojekt-muenster.de\/wordpress\/fanprojekt-des-sc-preussen-muenster-sucht-helfer-fuer-verschoenerung-des-preussenstadions\/#article","isPartOf":{"@id":"https:\/\/www.fanprojekt-muenster.de\/wordpress\/fanprojekt-des-sc-preussen-muenster-sucht-helfer-fuer-verschoenerung-des-preussenstadions\/"},"author":{"name":"fp_superadmin","@id":"https:\/\/www.fanprojekt-muenster.de\/wordpress\/#\/schema\/person\/9126cc4d73d0d07c75b487075111186c"},"headline":"Fanprojekt des SC Preu\u00dfen M\u00fcnster sucht Helfer f\u00fcr Versch\u00f6nerung des Preu\u00dfenstadions","datePublished":"2014-07-24T10:35:06+00:00","mainEntityOfPage":{"@id":"https:\/\/www.fanprojekt-muenster.de\/wordpress\/fanprojekt-des-sc-preussen-muenster-sucht-helfer-fuer-verschoenerung-des-preussenstadions\/"},"wordCount":242,"commentCount":0,"publisher":{"@id":"https:\/\/www.fanprojekt-muenster.de\/wordpress\/#organization"},"image":{"@id":"https:\/\/www.fanprojekt-muenster.de\/wordpress\/fanprojekt-des-sc-preussen-muenster-sucht-helfer-fuer-verschoenerung-des-preussenstadions\/#primaryimage"},"thumbnailUrl":"http:\/\/www.fanprojekt-muenster.de\/wp-content\/uploads\/2014\/07\/IMG_1727-1024x405.jpg","keywords":["2014","3.Liga","Fan","Fanprojekt","Radio Mottekstrehle","SC Preu\u00dfen M\u00fcnster","Stadion","Versch\u00f6nerung","Von Fans f\u00fcr Fans","wenn nicht wir wer dann"],"articleSection":["Aktuelles"],"inLanguage":"de","potentialAction":[{"@type":"CommentAction","name":"Comment","target":["https:\/\/www.fanprojekt-muenster.de\/wordpress\/fanprojekt-des-sc-preussen-muenster-sucht-helfer-fuer-verschoenerung-des-preussenstadions\/#respond"]}]},{"@type":"WebPage","@id":"https:\/\/www.fanprojekt-muenster.de\/wordpress\/fanprojekt-des-sc-preussen-muenster-sucht-helfer-fuer-verschoenerung-des-preussenstadions\/","url":"https:\/\/www.fanprojekt-muenster.de\/wordpress\/fanprojekt-des-sc-preussen-muenster-sucht-helfer-fuer-verschoenerung-des-preussenstadions\/","name":"Fanprojekt des SC Preu\u00dfen M\u00fcnster sucht Helfer f\u00fcr Versch\u00f6nerung des Preu\u00dfenstadions - Fangemeinschaft Preu\u00dfen M\u00fcnster e. V.","isPartOf":{"@id":"https:\/\/www.fanprojekt-muenster.de\/wordpress\/#website"},"primaryImageOfPage":{"@id":"https:\/\/www.fanprojekt-muenster.de\/wordpress\/fanprojekt-des-sc-preussen-muenster-sucht-helfer-fuer-verschoenerung-des-preussenstadions\/#primaryimage"},"image":{"@id":"https:\/\/www.fanprojekt-muenster.de\/wordpress\/fanprojekt-des-sc-preussen-muenster-sucht-helfer-fuer-verschoenerung-des-preussenstadions\/#primaryimage"},"thumbnailUrl":"http:\/\/www.fanprojekt-muenster.de\/wp-content\/uploads\/2014\/07\/IMG_1727-1024x405.jpg","datePublished":"2014-07-24T10:35:06+00:00","breadcrumb":{"@id":"https:\/\/www.fanprojekt-muenster.de\/wordpress\/fanprojekt-des-sc-preussen-muenster-sucht-helfer-fuer-verschoenerung-des-preussenstadions\/#breadcrumb"},"inLanguage":"de","potentialAction":[{"@type":"ReadAction","target":["https:\/\/www.fanprojekt-muenster.de\/wordpress\/fanprojekt-des-sc-preussen-muenster-sucht-helfer-fuer-verschoenerung-des-preussenstadions\/"]}]},{"@type":"ImageObject","inLanguage":"de","@id":"https:\/\/www.fanprojekt-muenster.de\/wordpress\/fanprojekt-des-sc-preussen-muenster-sucht-helfer-fuer-verschoenerung-des-preussenstadions\/#primaryimage","url":"http:\/\/www.fanprojekt-muenster.de\/wp-content\/uploads\/2014\/07\/IMG_1727-1024x405.jpg","contentUrl":"http:\/\/www.fanprojekt-muenster.de\/wp-content\/uploads\/2014\/07\/IMG_1727-1024x405.jpg"},{"@type":"BreadcrumbList","@id":"https:\/\/www.fanprojekt-muenster.de\/wordpress\/fanprojekt-des-sc-preussen-muenster-sucht-helfer-fuer-verschoenerung-des-preussenstadions\/#breadcrumb","itemListElement":[{"@type":"ListItem","position":1,"name":"Startseite","item":"https:\/\/www.fanprojekt-muenster.de\/wordpress\/"},{"@type":"ListItem","position":2,"name":"Fanprojekt des SC Preu\u00dfen M\u00fcnster sucht Helfer f\u00fcr Versch\u00f6nerung des Preu\u00dfenstadions"}]},{"@type":"WebSite","@id":"https:\/\/www.fanprojekt-muenster.de\/wordpress\/#website","url":"https:\/\/www.fanprojekt-muenster.de\/wordpress\/","name":"Fangemeinschaft Preu\u00dfen M\u00fcnster e. V.","description":"","publisher":{"@id":"https:\/\/www.fanprojekt-muenster.de\/wordpress\/#organization"},"potentialAction":[{"@type":"SearchAction","target":{"@type":"EntryPoint","urlTemplate":"https:\/\/www.fanprojekt-muenster.de\/wordpress\/?s={search_term_string}"},"query-input":{"@type":"PropertyValueSpecification","valueRequired":true,"valueName":"search_term_string"}}],"inLanguage":"de"},{"@type":"Organization","@id":"https:\/\/www.fanprojekt-muenster.de\/wordpress\/#organization","name":"Fangemeinschaft Preu\u00dfen M\u00fcnster e. V.","url":"https:\/\/www.fanprojekt-muenster.de\/wordpress\/","logo":{"@type":"ImageObject","inLanguage":"de","@id":"https:\/\/www.fanprojekt-muenster.de\/wordpress\/#\/schema\/logo\/image\/","url":"https:\/\/www.fanprojekt-muenster.de\/wordpress\/wp-content\/uploads\/2019\/07\/cropped-Website_Logo3-9.png","contentUrl":"https:\/\/www.fanprojekt-muenster.de\/wordpress\/wp-content\/uploads\/2019\/07\/cropped-Website_Logo3-9.png","width":224,"height":42,"caption":"Fangemeinschaft Preu\u00dfen M\u00fcnster e. V."},"image":{"@id":"https:\/\/www.fanprojekt-muenster.de\/wordpress\/#\/schema\/logo\/image\/"}},{"@type":"Person","@id":"https:\/\/www.fanprojekt-muenster.de\/wordpress\/#\/schema\/person\/9126cc4d73d0d07c75b487075111186c","name":"fp_superadmin","url":"https:\/\/www.fanprojekt-muenster.de\/wordpress\/author\/fp_superadmin\/"}]}},"author_meta":{"display_name":"fp_superadmin","author_link":"https:\/\/www.fanprojekt-muenster.de\/wordpress\/author\/fp_superadmin\/"},"featured_img":null,"coauthors":[],"tax_additional":{"categories":{"linked":["<a href=\"https:\/\/www.fanprojekt-muenster.de\/wordpress\/category\/aktuelles\/\" class=\"advgb-post-tax-term\">Aktuelles<\/a>"],"unlinked":["<span class=\"advgb-post-tax-term\">Aktuelles<\/span>"]},"tags":{"linked":["<a href=\"https:\/\/www.fanprojekt-muenster.de\/wordpress\/category\/aktuelles\/\" class=\"advgb-post-tax-term\">2014<\/a>","<a href=\"https:\/\/www.fanprojekt-muenster.de\/wordpress\/category\/aktuelles\/\" class=\"advgb-post-tax-term\">3.Liga<\/a>","<a href=\"https:\/\/www.fanprojekt-muenster.de\/wordpress\/category\/aktuelles\/\" class=\"advgb-post-tax-term\">Fan<\/a>","<a href=\"https:\/\/www.fanprojekt-muenster.de\/wordpress\/category\/aktuelles\/\" class=\"advgb-post-tax-term\">Fanprojekt<\/a>","<a href=\"https:\/\/www.fanprojekt-muenster.de\/wordpress\/category\/aktuelles\/\" class=\"advgb-post-tax-term\">Radio Mottekstrehle<\/a>","<a href=\"https:\/\/www.fanprojekt-muenster.de\/wordpress\/category\/aktuelles\/\" class=\"advgb-post-tax-term\">SC Preu\u00dfen M\u00fcnster<\/a>","<a href=\"https:\/\/www.fanprojekt-muenster.de\/wordpress\/category\/aktuelles\/\" class=\"advgb-post-tax-term\">Stadion<\/a>","<a href=\"https:\/\/www.fanprojekt-muenster.de\/wordpress\/category\/aktuelles\/\" class=\"advgb-post-tax-term\">Versch\u00f6nerung<\/a>","<a href=\"https:\/\/www.fanprojekt-muenster.de\/wordpress\/category\/aktuelles\/\" class=\"advgb-post-tax-term\">Von Fans f\u00fcr Fans<\/a>","<a href=\"https:\/\/www.fanprojekt-muenster.de\/wordpress\/category\/aktuelles\/\" class=\"advgb-post-tax-term\">wenn nicht wir wer dann<\/a>"],"unlinked":["<span class=\"advgb-post-tax-term\">2014<\/span>","<span class=\"advgb-post-tax-term\">3.Liga<\/span>","<span class=\"advgb-post-tax-term\">Fan<\/span>","<span class=\"advgb-post-tax-term\">Fanprojekt<\/span>","<span class=\"advgb-post-tax-term\">Radio Mottekstrehle<\/span>","<span class=\"advgb-post-tax-term\">SC Preu\u00dfen M\u00fcnster<\/span>","<span class=\"advgb-post-tax-term\">Stadion<\/span>","<span class=\"advgb-post-tax-term\">Versch\u00f6nerung<\/span>","<span class=\"advgb-post-tax-term\">Von Fans f\u00fcr Fans<\/span>","<span class=\"advgb-post-tax-term\">wenn nicht wir wer dann<\/span>"]}},"comment_count":"0","relative_dates":{"created":"Posted 12\u00a0Jahren ago","modified":"Updated 12\u00a0Jahren ago"},"absolute_dates":{"created":"Posted on 24. Juli 2014","modified":"Updated on 24. Juli 2014"},"absolute_dates_time":{"created":"Posted on 24. Juli 2014 12:35","modified":"Updated on 24. Juli 2014 12:35"},"featured_img_caption":"","series_order":"","_links":{"self":[{"href":"https:\/\/www.fanprojekt-muenster.de\/wordpress\/wp-json\/wp\/v2\/posts\/3067","targetHints":{"allow":["GET"]}}],"collection":[{"href":"https:\/\/www.fanprojekt-muenster.de\/wordpress\/wp-json\/wp\/v2\/posts"}],"about":[{"href":"https:\/\/www.fanprojekt-muenster.de\/wordpress\/wp-json\/wp\/v2\/types\/post"}],"author":[{"embeddable":true,"href":"https:\/\/www.fanprojekt-muenster.de\/wordpress\/wp-json\/wp\/v2\/users\/2"}],"replies":[{"embeddable":true,"href":"https:\/\/www.fanprojekt-muenster.de\/wordpress\/wp-json\/wp\/v2\/comments?post=3067"}],"version-history":[{"count":0,"href":"https:\/\/www.fanprojekt-muenster.de\/wordpress\/wp-json\/wp\/v2\/posts\/3067\/revisions"}],"wp:attachment":[{"href":"https:\/\/www.fanprojekt-muenster.de\/wordpress\/wp-json\/wp\/v2\/media?parent=3067"}],"wp:term":[{"taxonomy":"category","embeddable":true,"href":"https:\/\/www.fanprojekt-muenster.de\/wordpress\/wp-json\/wp\/v2\/categories?post=3067"},{"taxonomy":"post_tag","embeddable":true,"href":"https:\/\/www.fanprojekt-muenster.de\/wordpress\/wp-json\/wp\/v2\/tags?post=3067"}],"curies":[{"name":"wp","href":"https:\/\/api.w.org\/{rel}","templated":true}]}}