{"id":2984,"date":"2014-07-17T22:26:02","date_gmt":"2014-07-17T20:26:02","guid":{"rendered":"http:\/\/www.fanprojekt-muenster.de\/?p=2984"},"modified":"2014-07-17T22:26:02","modified_gmt":"2014-07-17T20:26:02","slug":"stellungnahme-des-fanprojektes-zum-massnahmenkatalog-des-sc-preussen-06-muenster","status":"publish","type":"post","link":"https:\/\/www.fanprojekt-muenster.de\/wordpress\/stellungnahme-des-fanprojektes-zum-massnahmenkatalog-des-sc-preussen-06-muenster\/","title":{"rendered":"Stellungnahme des Fanprojektes zum \u201eMa\u00dfnahmenkatalog\u201c des SC Preu\u00dfen 06 M\u00fcnster"},"content":{"rendered":"<p><img loading=\"lazy\" decoding=\"async\" class=\"alignnone size-large wp-image-2986\" src=\"http:\/\/www.fanprojekt-muenster.de\/wp-content\/uploads\/2014\/07\/DSC5802-1024x681.jpg\" alt=\"DSC5802\" width=\"960\" height=\"638\" \/><\/p>\n<p><span style=\"color: #000000;\">Entgegen anders lautender Ger\u00fcchte weist das Fanprojekt des SC Preu\u00dfen 06 M\u00fcnster darauf hin, dass es in keiner Phase der Entwicklung des seit\u00a0<\/span><span style=\"color: #000000;\">Mittwoch publizierten und seitdem kritisierten \u201eMa\u00dfnahmenkataloges\u201c involviert war.<\/span><br style=\"color: #000000;\" \/><span style=\"color: #000000;\">Wir wurden lediglich, wie andere Fanvertreter, erst in Kenntnis dar\u00fcber gesetzt, als der Katalog beschlossen war.<\/span><br style=\"color: #000000;\" \/><span style=\"color: #000000;\">Das Fanprojekt bedauert, dass diese Ma\u00dfnahmen so in diesem Ausma\u00df getroffen wurden bzw. werden mussten, auch wenn es absehbar und<\/span><span style=\"color: #000000;\">\u00a0<\/span><span style=\"color: #000000;\">nicht \u00fcberraschend kam. Wir bewerten die einzelnen Ma\u00dfnahmen nicht, weil wir zu diesem Thema weder im Vorstand und schon gar nicht f\u00fcr die<\/span><span style=\"color: #000000;\">\u00a0<\/span><span style=\"color: #000000;\">Mitgliedschaft \u201emit einer Stimme\u201c sprechen k\u00f6nnen und m\u00f6chten. Zu unterschiedlich bewertet jeder von uns die j\u00fcngste Entwicklung.<\/span><br style=\"color: #000000;\" \/><span style=\"color: #000000;\">Wir als Fanvertreter m\u00f6chten lieber nach vorn schauen: Wir hoffen, dass die Ma\u00dfnahmen nicht endg\u00fcltig sind und Ausnahmen, wie bereits von<\/span><span style=\"color: #000000;\">\u00a0<\/span><span style=\"color: #000000;\">Carsten Gockel angek\u00fcndigt, m\u00f6glich sind. Wir hoffen auch, dass sich k\u00fcnftig alle Fans an die Regeln halten. Alle Preu\u00dfenfans k\u00f6nnen uns gern<\/span><span style=\"color: #000000;\">\u00a0<\/span><span style=\"color: #000000;\">kontaktieren und mit uns diskutieren. Wir sind auch k\u00fcnftig im Stadion pr\u00e4sent \u2013 bei den Heimspielen am festen Stand im Eingangsbereich, der<\/span><span style=\"color: #000000;\">\u00a0<\/span><span style=\"color: #000000;\">von der Brandschutzverordnung genehmigt wurde.<\/span><br style=\"color: #000000;\" \/><span style=\"color: #000000;\">Wir vom Fanprojekt w\u00fcnschen uns k\u00fcnftig wieder mehr Miteinander statt Gegeneinander und helfen gern bei der Vermittlung zwischen<\/span><span style=\"color: #000000;\">\u00a0<\/span><span style=\"color: #000000;\">Konfliktpartnern, wenn dies gew\u00fcnscht ist.<\/span><br style=\"color: #000000;\" \/><span style=\"color: #000000;\">Wir freuen uns auf die neue Saison und hoffen, dass alle Preu\u00dfenfans den Fokus auf eines legen: die beste Unterst\u00fctzung f\u00fcr die beste Elf der<\/span><span style=\"color: #000000;\">\u00a0<\/span><span style=\"color: #000000;\">Welt!<\/span><br style=\"color: #000000;\" \/><br style=\"color: #000000;\" \/><span style=\"color: #000000;\">Gez. Vorstand Fanprojekt Preu\u00dfen M\u00fcnster e.V.<\/span><\/p>\n","protected":false},"excerpt":{"rendered":"<p>Entgegen anders lautender Ger\u00fcchte weist das Fanprojekt des SC Preu\u00dfen 06 M\u00fcnster darauf hin, dass es in keiner Phase der Entwicklung des seit\u00a0Mittwoch publizierten und seitdem kritisierten \u201eMa\u00dfnahmenkataloges\u201c involviert war.Wir&#8230; <a class=\"read-more-link\" href=\"https:\/\/www.fanprojekt-muenster.de\/wordpress\/stellungnahme-des-fanprojektes-zum-massnahmenkatalog-des-sc-preussen-06-muenster\/\">Read more &raquo;<\/a><\/p>\n","protected":false},"author":2,"featured_media":0,"comment_status":"open","ping_status":"open","sticky":false,"template":"","format":"standard","meta":{"advgb_blocks_editor_width":"","advgb_blocks_columns_visual_guide":"","footnotes":""},"categories":[3],"tags":[26,28,112,169,223,249,283],"class_list":["post-2984","post","type-post","status-publish","format-standard","hentry","category-aktuelles","tag-26","tag-3-liga-2","tag-fanprojekt","tag-massnahmenkatalog","tag-sc-preussen-muenster","tag-stellungnahme","tag-von-fans-fuer-fans"],"featured_image_src":null,"author_info":{"display_name":"fp_superadmin","author_link":"https:\/\/www.fanprojekt-muenster.de\/wordpress\/author\/fp_superadmin\/"},"yoast_head":"<!-- This site is optimized with the Yoast SEO plugin v27.2 - https:\/\/yoast.com\/product\/yoast-seo-wordpress\/ -->\n<title>Stellungnahme des Fanprojektes zum \u201eMa\u00dfnahmenkatalog\u201c des SC Preu\u00dfen 06 M\u00fcnster - Fangemeinschaft Preu\u00dfen M\u00fcnster e. V.<\/title>\n<meta name=\"robots\" content=\"index, follow, max-snippet:-1, max-image-preview:large, max-video-preview:-1\" \/>\n<link rel=\"canonical\" href=\"https:\/\/www.fanprojekt-muenster.de\/wordpress\/stellungnahme-des-fanprojektes-zum-massnahmenkatalog-des-sc-preussen-06-muenster\/\" \/>\n<meta property=\"og:locale\" content=\"de_DE\" \/>\n<meta property=\"og:type\" content=\"article\" \/>\n<meta property=\"og:title\" content=\"Stellungnahme des Fanprojektes zum \u201eMa\u00dfnahmenkatalog\u201c des SC Preu\u00dfen 06 M\u00fcnster - Fangemeinschaft Preu\u00dfen M\u00fcnster e. V.\" \/>\n<meta property=\"og:description\" content=\"Entgegen anders lautender Ger\u00fcchte weist das Fanprojekt des SC Preu\u00dfen 06 M\u00fcnster darauf hin, dass es in keiner Phase der Entwicklung des seit\u00a0Mittwoch publizierten und seitdem kritisierten \u201eMa\u00dfnahmenkataloges\u201c involviert war.Wir... Read more &raquo;\" \/>\n<meta property=\"og:url\" content=\"https:\/\/www.fanprojekt-muenster.de\/wordpress\/stellungnahme-des-fanprojektes-zum-massnahmenkatalog-des-sc-preussen-06-muenster\/\" \/>\n<meta property=\"og:site_name\" content=\"Fangemeinschaft Preu\u00dfen M\u00fcnster e. V.\" \/>\n<meta property=\"article:published_time\" content=\"2014-07-17T20:26:02+00:00\" \/>\n<meta property=\"og:image\" content=\"http:\/\/www.fanprojekt-muenster.de\/wp-content\/uploads\/2014\/07\/DSC5802-1024x681.jpg\" \/>\n<meta name=\"author\" content=\"fp_superadmin\" \/>\n<meta name=\"twitter:card\" content=\"summary_large_image\" \/>\n<meta name=\"twitter:label1\" content=\"Verfasst von\" \/>\n\t<meta name=\"twitter:data1\" content=\"fp_superadmin\" \/>\n\t<meta name=\"twitter:label2\" content=\"Gesch\u00e4tzte Lesezeit\" \/>\n\t<meta name=\"twitter:data2\" content=\"1\u00a0Minute\" \/>\n<script type=\"application\/ld+json\" class=\"yoast-schema-graph\">{\"@context\":\"https:\/\/schema.org\",\"@graph\":[{\"@type\":\"Article\",\"@id\":\"https:\/\/www.fanprojekt-muenster.de\/wordpress\/stellungnahme-des-fanprojektes-zum-massnahmenkatalog-des-sc-preussen-06-muenster\/#article\",\"isPartOf\":{\"@id\":\"https:\/\/www.fanprojekt-muenster.de\/wordpress\/stellungnahme-des-fanprojektes-zum-massnahmenkatalog-des-sc-preussen-06-muenster\/\"},\"author\":{\"name\":\"fp_superadmin\",\"@id\":\"https:\/\/www.fanprojekt-muenster.de\/wordpress\/#\/schema\/person\/9126cc4d73d0d07c75b487075111186c\"},\"headline\":\"Stellungnahme des Fanprojektes zum \u201eMa\u00dfnahmenkatalog\u201c des SC Preu\u00dfen 06 M\u00fcnster\",\"datePublished\":\"2014-07-17T20:26:02+00:00\",\"mainEntityOfPage\":{\"@id\":\"https:\/\/www.fanprojekt-muenster.de\/wordpress\/stellungnahme-des-fanprojektes-zum-massnahmenkatalog-des-sc-preussen-06-muenster\/\"},\"wordCount\":272,\"commentCount\":0,\"publisher\":{\"@id\":\"https:\/\/www.fanprojekt-muenster.de\/wordpress\/#organization\"},\"image\":{\"@id\":\"https:\/\/www.fanprojekt-muenster.de\/wordpress\/stellungnahme-des-fanprojektes-zum-massnahmenkatalog-des-sc-preussen-06-muenster\/#primaryimage\"},\"thumbnailUrl\":\"http:\/\/www.fanprojekt-muenster.de\/wp-content\/uploads\/2014\/07\/DSC5802-1024x681.jpg\",\"keywords\":[\"2014\",\"3.Liga\",\"Fanprojekt\",\"Ma\u00dfnahmenkatalog\",\"SC Preu\u00dfen M\u00fcnster\",\"Stellungnahme\",\"Von Fans f\u00fcr Fans\"],\"articleSection\":[\"Aktuelles\"],\"inLanguage\":\"de\",\"potentialAction\":[{\"@type\":\"CommentAction\",\"name\":\"Comment\",\"target\":[\"https:\/\/www.fanprojekt-muenster.de\/wordpress\/stellungnahme-des-fanprojektes-zum-massnahmenkatalog-des-sc-preussen-06-muenster\/#respond\"]}]},{\"@type\":\"WebPage\",\"@id\":\"https:\/\/www.fanprojekt-muenster.de\/wordpress\/stellungnahme-des-fanprojektes-zum-massnahmenkatalog-des-sc-preussen-06-muenster\/\",\"url\":\"https:\/\/www.fanprojekt-muenster.de\/wordpress\/stellungnahme-des-fanprojektes-zum-massnahmenkatalog-des-sc-preussen-06-muenster\/\",\"name\":\"Stellungnahme des Fanprojektes zum \u201eMa\u00dfnahmenkatalog\u201c des SC Preu\u00dfen 06 M\u00fcnster - Fangemeinschaft Preu\u00dfen M\u00fcnster e. V.\",\"isPartOf\":{\"@id\":\"https:\/\/www.fanprojekt-muenster.de\/wordpress\/#website\"},\"primaryImageOfPage\":{\"@id\":\"https:\/\/www.fanprojekt-muenster.de\/wordpress\/stellungnahme-des-fanprojektes-zum-massnahmenkatalog-des-sc-preussen-06-muenster\/#primaryimage\"},\"image\":{\"@id\":\"https:\/\/www.fanprojekt-muenster.de\/wordpress\/stellungnahme-des-fanprojektes-zum-massnahmenkatalog-des-sc-preussen-06-muenster\/#primaryimage\"},\"thumbnailUrl\":\"http:\/\/www.fanprojekt-muenster.de\/wp-content\/uploads\/2014\/07\/DSC5802-1024x681.jpg\",\"datePublished\":\"2014-07-17T20:26:02+00:00\",\"breadcrumb\":{\"@id\":\"https:\/\/www.fanprojekt-muenster.de\/wordpress\/stellungnahme-des-fanprojektes-zum-massnahmenkatalog-des-sc-preussen-06-muenster\/#breadcrumb\"},\"inLanguage\":\"de\",\"potentialAction\":[{\"@type\":\"ReadAction\",\"target\":[\"https:\/\/www.fanprojekt-muenster.de\/wordpress\/stellungnahme-des-fanprojektes-zum-massnahmenkatalog-des-sc-preussen-06-muenster\/\"]}]},{\"@type\":\"ImageObject\",\"inLanguage\":\"de\",\"@id\":\"https:\/\/www.fanprojekt-muenster.de\/wordpress\/stellungnahme-des-fanprojektes-zum-massnahmenkatalog-des-sc-preussen-06-muenster\/#primaryimage\",\"url\":\"http:\/\/www.fanprojekt-muenster.de\/wp-content\/uploads\/2014\/07\/DSC5802-1024x681.jpg\",\"contentUrl\":\"http:\/\/www.fanprojekt-muenster.de\/wp-content\/uploads\/2014\/07\/DSC5802-1024x681.jpg\"},{\"@type\":\"BreadcrumbList\",\"@id\":\"https:\/\/www.fanprojekt-muenster.de\/wordpress\/stellungnahme-des-fanprojektes-zum-massnahmenkatalog-des-sc-preussen-06-muenster\/#breadcrumb\",\"itemListElement\":[{\"@type\":\"ListItem\",\"position\":1,\"name\":\"Startseite\",\"item\":\"https:\/\/www.fanprojekt-muenster.de\/wordpress\/\"},{\"@type\":\"ListItem\",\"position\":2,\"name\":\"Stellungnahme des Fanprojektes zum \u201eMa\u00dfnahmenkatalog\u201c des SC Preu\u00dfen 06 M\u00fcnster\"}]},{\"@type\":\"WebSite\",\"@id\":\"https:\/\/www.fanprojekt-muenster.de\/wordpress\/#website\",\"url\":\"https:\/\/www.fanprojekt-muenster.de\/wordpress\/\",\"name\":\"Fangemeinschaft Preu\u00dfen M\u00fcnster e. V.\",\"description\":\"\",\"publisher\":{\"@id\":\"https:\/\/www.fanprojekt-muenster.de\/wordpress\/#organization\"},\"potentialAction\":[{\"@type\":\"SearchAction\",\"target\":{\"@type\":\"EntryPoint\",\"urlTemplate\":\"https:\/\/www.fanprojekt-muenster.de\/wordpress\/?s={search_term_string}\"},\"query-input\":{\"@type\":\"PropertyValueSpecification\",\"valueRequired\":true,\"valueName\":\"search_term_string\"}}],\"inLanguage\":\"de\"},{\"@type\":\"Organization\",\"@id\":\"https:\/\/www.fanprojekt-muenster.de\/wordpress\/#organization\",\"name\":\"Fangemeinschaft Preu\u00dfen M\u00fcnster e. V.\",\"url\":\"https:\/\/www.fanprojekt-muenster.de\/wordpress\/\",\"logo\":{\"@type\":\"ImageObject\",\"inLanguage\":\"de\",\"@id\":\"https:\/\/www.fanprojekt-muenster.de\/wordpress\/#\/schema\/logo\/image\/\",\"url\":\"https:\/\/www.fanprojekt-muenster.de\/wordpress\/wp-content\/uploads\/2019\/07\/cropped-Website_Logo3-9.png\",\"contentUrl\":\"https:\/\/www.fanprojekt-muenster.de\/wordpress\/wp-content\/uploads\/2019\/07\/cropped-Website_Logo3-9.png\",\"width\":224,\"height\":42,\"caption\":\"Fangemeinschaft Preu\u00dfen M\u00fcnster e. V.\"},\"image\":{\"@id\":\"https:\/\/www.fanprojekt-muenster.de\/wordpress\/#\/schema\/logo\/image\/\"}},{\"@type\":\"Person\",\"@id\":\"https:\/\/www.fanprojekt-muenster.de\/wordpress\/#\/schema\/person\/9126cc4d73d0d07c75b487075111186c\",\"name\":\"fp_superadmin\",\"url\":\"https:\/\/www.fanprojekt-muenster.de\/wordpress\/author\/fp_superadmin\/\"}]}<\/script>\n<!-- \/ Yoast SEO plugin. -->","yoast_head_json":{"title":"Stellungnahme des Fanprojektes zum \u201eMa\u00dfnahmenkatalog\u201c des SC Preu\u00dfen 06 M\u00fcnster - Fangemeinschaft Preu\u00dfen M\u00fcnster e. V.","robots":{"index":"index","follow":"follow","max-snippet":"max-snippet:-1","max-image-preview":"max-image-preview:large","max-video-preview":"max-video-preview:-1"},"canonical":"https:\/\/www.fanprojekt-muenster.de\/wordpress\/stellungnahme-des-fanprojektes-zum-massnahmenkatalog-des-sc-preussen-06-muenster\/","og_locale":"de_DE","og_type":"article","og_title":"Stellungnahme des Fanprojektes zum \u201eMa\u00dfnahmenkatalog\u201c des SC Preu\u00dfen 06 M\u00fcnster - Fangemeinschaft Preu\u00dfen M\u00fcnster e. V.","og_description":"Entgegen anders lautender Ger\u00fcchte weist das Fanprojekt des SC Preu\u00dfen 06 M\u00fcnster darauf hin, dass es in keiner Phase der Entwicklung des seit\u00a0Mittwoch publizierten und seitdem kritisierten \u201eMa\u00dfnahmenkataloges\u201c involviert war.Wir... Read more &raquo;","og_url":"https:\/\/www.fanprojekt-muenster.de\/wordpress\/stellungnahme-des-fanprojektes-zum-massnahmenkatalog-des-sc-preussen-06-muenster\/","og_site_name":"Fangemeinschaft Preu\u00dfen M\u00fcnster e. V.","article_published_time":"2014-07-17T20:26:02+00:00","og_image":[{"url":"http:\/\/www.fanprojekt-muenster.de\/wp-content\/uploads\/2014\/07\/DSC5802-1024x681.jpg","type":"","width":"","height":""}],"author":"fp_superadmin","twitter_card":"summary_large_image","twitter_misc":{"Verfasst von":"fp_superadmin","Gesch\u00e4tzte Lesezeit":"1\u00a0Minute"},"schema":{"@context":"https:\/\/schema.org","@graph":[{"@type":"Article","@id":"https:\/\/www.fanprojekt-muenster.de\/wordpress\/stellungnahme-des-fanprojektes-zum-massnahmenkatalog-des-sc-preussen-06-muenster\/#article","isPartOf":{"@id":"https:\/\/www.fanprojekt-muenster.de\/wordpress\/stellungnahme-des-fanprojektes-zum-massnahmenkatalog-des-sc-preussen-06-muenster\/"},"author":{"name":"fp_superadmin","@id":"https:\/\/www.fanprojekt-muenster.de\/wordpress\/#\/schema\/person\/9126cc4d73d0d07c75b487075111186c"},"headline":"Stellungnahme des Fanprojektes zum \u201eMa\u00dfnahmenkatalog\u201c des SC Preu\u00dfen 06 M\u00fcnster","datePublished":"2014-07-17T20:26:02+00:00","mainEntityOfPage":{"@id":"https:\/\/www.fanprojekt-muenster.de\/wordpress\/stellungnahme-des-fanprojektes-zum-massnahmenkatalog-des-sc-preussen-06-muenster\/"},"wordCount":272,"commentCount":0,"publisher":{"@id":"https:\/\/www.fanprojekt-muenster.de\/wordpress\/#organization"},"image":{"@id":"https:\/\/www.fanprojekt-muenster.de\/wordpress\/stellungnahme-des-fanprojektes-zum-massnahmenkatalog-des-sc-preussen-06-muenster\/#primaryimage"},"thumbnailUrl":"http:\/\/www.fanprojekt-muenster.de\/wp-content\/uploads\/2014\/07\/DSC5802-1024x681.jpg","keywords":["2014","3.Liga","Fanprojekt","Ma\u00dfnahmenkatalog","SC Preu\u00dfen M\u00fcnster","Stellungnahme","Von Fans f\u00fcr Fans"],"articleSection":["Aktuelles"],"inLanguage":"de","potentialAction":[{"@type":"CommentAction","name":"Comment","target":["https:\/\/www.fanprojekt-muenster.de\/wordpress\/stellungnahme-des-fanprojektes-zum-massnahmenkatalog-des-sc-preussen-06-muenster\/#respond"]}]},{"@type":"WebPage","@id":"https:\/\/www.fanprojekt-muenster.de\/wordpress\/stellungnahme-des-fanprojektes-zum-massnahmenkatalog-des-sc-preussen-06-muenster\/","url":"https:\/\/www.fanprojekt-muenster.de\/wordpress\/stellungnahme-des-fanprojektes-zum-massnahmenkatalog-des-sc-preussen-06-muenster\/","name":"Stellungnahme des Fanprojektes zum \u201eMa\u00dfnahmenkatalog\u201c des SC Preu\u00dfen 06 M\u00fcnster - Fangemeinschaft Preu\u00dfen M\u00fcnster e. V.","isPartOf":{"@id":"https:\/\/www.fanprojekt-muenster.de\/wordpress\/#website"},"primaryImageOfPage":{"@id":"https:\/\/www.fanprojekt-muenster.de\/wordpress\/stellungnahme-des-fanprojektes-zum-massnahmenkatalog-des-sc-preussen-06-muenster\/#primaryimage"},"image":{"@id":"https:\/\/www.fanprojekt-muenster.de\/wordpress\/stellungnahme-des-fanprojektes-zum-massnahmenkatalog-des-sc-preussen-06-muenster\/#primaryimage"},"thumbnailUrl":"http:\/\/www.fanprojekt-muenster.de\/wp-content\/uploads\/2014\/07\/DSC5802-1024x681.jpg","datePublished":"2014-07-17T20:26:02+00:00","breadcrumb":{"@id":"https:\/\/www.fanprojekt-muenster.de\/wordpress\/stellungnahme-des-fanprojektes-zum-massnahmenkatalog-des-sc-preussen-06-muenster\/#breadcrumb"},"inLanguage":"de","potentialAction":[{"@type":"ReadAction","target":["https:\/\/www.fanprojekt-muenster.de\/wordpress\/stellungnahme-des-fanprojektes-zum-massnahmenkatalog-des-sc-preussen-06-muenster\/"]}]},{"@type":"ImageObject","inLanguage":"de","@id":"https:\/\/www.fanprojekt-muenster.de\/wordpress\/stellungnahme-des-fanprojektes-zum-massnahmenkatalog-des-sc-preussen-06-muenster\/#primaryimage","url":"http:\/\/www.fanprojekt-muenster.de\/wp-content\/uploads\/2014\/07\/DSC5802-1024x681.jpg","contentUrl":"http:\/\/www.fanprojekt-muenster.de\/wp-content\/uploads\/2014\/07\/DSC5802-1024x681.jpg"},{"@type":"BreadcrumbList","@id":"https:\/\/www.fanprojekt-muenster.de\/wordpress\/stellungnahme-des-fanprojektes-zum-massnahmenkatalog-des-sc-preussen-06-muenster\/#breadcrumb","itemListElement":[{"@type":"ListItem","position":1,"name":"Startseite","item":"https:\/\/www.fanprojekt-muenster.de\/wordpress\/"},{"@type":"ListItem","position":2,"name":"Stellungnahme des Fanprojektes zum \u201eMa\u00dfnahmenkatalog\u201c des SC Preu\u00dfen 06 M\u00fcnster"}]},{"@type":"WebSite","@id":"https:\/\/www.fanprojekt-muenster.de\/wordpress\/#website","url":"https:\/\/www.fanprojekt-muenster.de\/wordpress\/","name":"Fangemeinschaft Preu\u00dfen M\u00fcnster e. V.","description":"","publisher":{"@id":"https:\/\/www.fanprojekt-muenster.de\/wordpress\/#organization"},"potentialAction":[{"@type":"SearchAction","target":{"@type":"EntryPoint","urlTemplate":"https:\/\/www.fanprojekt-muenster.de\/wordpress\/?s={search_term_string}"},"query-input":{"@type":"PropertyValueSpecification","valueRequired":true,"valueName":"search_term_string"}}],"inLanguage":"de"},{"@type":"Organization","@id":"https:\/\/www.fanprojekt-muenster.de\/wordpress\/#organization","name":"Fangemeinschaft Preu\u00dfen M\u00fcnster e. V.","url":"https:\/\/www.fanprojekt-muenster.de\/wordpress\/","logo":{"@type":"ImageObject","inLanguage":"de","@id":"https:\/\/www.fanprojekt-muenster.de\/wordpress\/#\/schema\/logo\/image\/","url":"https:\/\/www.fanprojekt-muenster.de\/wordpress\/wp-content\/uploads\/2019\/07\/cropped-Website_Logo3-9.png","contentUrl":"https:\/\/www.fanprojekt-muenster.de\/wordpress\/wp-content\/uploads\/2019\/07\/cropped-Website_Logo3-9.png","width":224,"height":42,"caption":"Fangemeinschaft Preu\u00dfen M\u00fcnster e. V."},"image":{"@id":"https:\/\/www.fanprojekt-muenster.de\/wordpress\/#\/schema\/logo\/image\/"}},{"@type":"Person","@id":"https:\/\/www.fanprojekt-muenster.de\/wordpress\/#\/schema\/person\/9126cc4d73d0d07c75b487075111186c","name":"fp_superadmin","url":"https:\/\/www.fanprojekt-muenster.de\/wordpress\/author\/fp_superadmin\/"}]}},"author_meta":{"display_name":"fp_superadmin","author_link":"https:\/\/www.fanprojekt-muenster.de\/wordpress\/author\/fp_superadmin\/"},"featured_img":null,"coauthors":[],"tax_additional":{"categories":{"linked":["<a href=\"https:\/\/www.fanprojekt-muenster.de\/wordpress\/category\/aktuelles\/\" class=\"advgb-post-tax-term\">Aktuelles<\/a>"],"unlinked":["<span class=\"advgb-post-tax-term\">Aktuelles<\/span>"]},"tags":{"linked":["<a href=\"https:\/\/www.fanprojekt-muenster.de\/wordpress\/category\/aktuelles\/\" class=\"advgb-post-tax-term\">2014<\/a>","<a href=\"https:\/\/www.fanprojekt-muenster.de\/wordpress\/category\/aktuelles\/\" class=\"advgb-post-tax-term\">3.Liga<\/a>","<a href=\"https:\/\/www.fanprojekt-muenster.de\/wordpress\/category\/aktuelles\/\" class=\"advgb-post-tax-term\">Fanprojekt<\/a>","<a href=\"https:\/\/www.fanprojekt-muenster.de\/wordpress\/category\/aktuelles\/\" class=\"advgb-post-tax-term\">Ma\u00dfnahmenkatalog<\/a>","<a href=\"https:\/\/www.fanprojekt-muenster.de\/wordpress\/category\/aktuelles\/\" class=\"advgb-post-tax-term\">SC Preu\u00dfen M\u00fcnster<\/a>","<a href=\"https:\/\/www.fanprojekt-muenster.de\/wordpress\/category\/aktuelles\/\" class=\"advgb-post-tax-term\">Stellungnahme<\/a>","<a href=\"https:\/\/www.fanprojekt-muenster.de\/wordpress\/category\/aktuelles\/\" class=\"advgb-post-tax-term\">Von Fans f\u00fcr Fans<\/a>"],"unlinked":["<span class=\"advgb-post-tax-term\">2014<\/span>","<span class=\"advgb-post-tax-term\">3.Liga<\/span>","<span class=\"advgb-post-tax-term\">Fanprojekt<\/span>","<span class=\"advgb-post-tax-term\">Ma\u00dfnahmenkatalog<\/span>","<span class=\"advgb-post-tax-term\">SC Preu\u00dfen M\u00fcnster<\/span>","<span class=\"advgb-post-tax-term\">Stellungnahme<\/span>","<span class=\"advgb-post-tax-term\">Von Fans f\u00fcr Fans<\/span>"]}},"comment_count":"0","relative_dates":{"created":"Posted 12\u00a0Jahren ago","modified":"Updated 12\u00a0Jahren ago"},"absolute_dates":{"created":"Posted on 17. Juli 2014","modified":"Updated on 17. Juli 2014"},"absolute_dates_time":{"created":"Posted on 17. Juli 2014 22:26","modified":"Updated on 17. Juli 2014 22:26"},"featured_img_caption":"","series_order":"","_links":{"self":[{"href":"https:\/\/www.fanprojekt-muenster.de\/wordpress\/wp-json\/wp\/v2\/posts\/2984","targetHints":{"allow":["GET"]}}],"collection":[{"href":"https:\/\/www.fanprojekt-muenster.de\/wordpress\/wp-json\/wp\/v2\/posts"}],"about":[{"href":"https:\/\/www.fanprojekt-muenster.de\/wordpress\/wp-json\/wp\/v2\/types\/post"}],"author":[{"embeddable":true,"href":"https:\/\/www.fanprojekt-muenster.de\/wordpress\/wp-json\/wp\/v2\/users\/2"}],"replies":[{"embeddable":true,"href":"https:\/\/www.fanprojekt-muenster.de\/wordpress\/wp-json\/wp\/v2\/comments?post=2984"}],"version-history":[{"count":0,"href":"https:\/\/www.fanprojekt-muenster.de\/wordpress\/wp-json\/wp\/v2\/posts\/2984\/revisions"}],"wp:attachment":[{"href":"https:\/\/www.fanprojekt-muenster.de\/wordpress\/wp-json\/wp\/v2\/media?parent=2984"}],"wp:term":[{"taxonomy":"category","embeddable":true,"href":"https:\/\/www.fanprojekt-muenster.de\/wordpress\/wp-json\/wp\/v2\/categories?post=2984"},{"taxonomy":"post_tag","embeddable":true,"href":"https:\/\/www.fanprojekt-muenster.de\/wordpress\/wp-json\/wp\/v2\/tags?post=2984"}],"curies":[{"name":"wp","href":"https:\/\/api.w.org\/{rel}","templated":true}]}}