{"id":2956,"date":"2014-06-04T17:45:04","date_gmt":"2014-06-04T15:45:04","guid":{"rendered":"http:\/\/www.fanprojekt-muenster.de\/?p=2956"},"modified":"2014-06-04T17:45:04","modified_gmt":"2014-06-04T15:45:04","slug":"fanprojekt-uebermittelt-entschuldigung-der-ultras-geschaedigte-von-duisburg","status":"publish","type":"post","link":"https:\/\/www.fanprojekt-muenster.de\/wordpress\/fanprojekt-uebermittelt-entschuldigung-der-ultras-geschaedigte-von-duisburg\/","title":{"rendered":"Fanprojekt \u00fcbermittelt Entschuldigung der Ultras an Gesch\u00e4digte von Duisburg"},"content":{"rendered":"<div id=\"attachment_2957\" style=\"width: 970px\" class=\"wp-caption alignnone\"><img loading=\"lazy\" decoding=\"async\" aria-describedby=\"caption-attachment-2957\" class=\"size-full wp-image-2957\" src=\"http:\/\/www.fanprojekt-muenster.de\/wp-content\/uploads\/2014\/06\/10300050_566969770085851_700009482886802266_n.jpg\" alt=\"Foto: Dirk M\u00fcller\" width=\"960\" height=\"720\" \/><p id=\"caption-attachment-2957\" class=\"wp-caption-text\">Foto: Dirk M\u00fcller<\/p><\/div>\n<p>Das Fanprojekt des SC Preu\u00dfen M\u00fcnster hat in den vergangenen Wochen aktiv an der Aufarbeitung der Pyroaktion beim letzten Ausw\u00e4rtsspiel der Saison in Duisburg mitgearbeitet. In Gespr\u00e4chen mit f\u00fchrenden K\u00f6pfen der Ultras haben diese einger\u00e4umt, dass die Aktion in Duisburg misslungen, weil gef\u00e4hrlich war. Daraufhin haben die verantwortlichen Ultras der FGK ein schriftliches Entschuldigungsschreiben sowie kleine Geschenke zur Wiedergutmachung an die zwei M\u00e4dchen organisiert, die bei der Pyroaktion einen starken Schrecken davon getragen hatten und kurzzeitig \u00e4rztlich behandelt werden mussten.<\/p>\n<p>Die Entschuldigungsschreiben sowie kleine Geschenke wurden nun im Namen der Ultras von <a href=\"http:\/\/www.fanprojekt-muenster.de\/personnel\/andreas-g-bode-2\/\" title=\"Andreas G. Bode\">Andreas Bode<\/a> vom Fanprojektvorstand an die M\u00e4dchen \u00fcbergeben. Beide freuten sich mit ihren Eltern sehr dar\u00fcber und haben die Entschuldigung ausdr\u00fccklich angenommen. Sie wollen und werden auch k\u00fcnftig gemeinsam mit ihren Eltern Preu\u00dfen-Ausw\u00e4rtsspiele besuchen und in den Fanprojektbussen mitfahren.<\/p>\n","protected":false},"excerpt":{"rendered":"<p>Das Fanprojekt des SC Preu\u00dfen M\u00fcnster hat in den vergangenen Wochen aktiv an der Aufarbeitung der Pyroaktion beim letzten Ausw\u00e4rtsspiel der Saison in Duisburg mitgearbeitet. In Gespr\u00e4chen mit f\u00fchrenden K\u00f6pfen&#8230; <a class=\"read-more-link\" href=\"https:\/\/www.fanprojekt-muenster.de\/wordpress\/fanprojekt-uebermittelt-entschuldigung-der-ultras-geschaedigte-von-duisburg\/\">Read more &raquo;<\/a><\/p>\n","protected":false},"author":2,"featured_media":0,"comment_status":"open","ping_status":"open","sticky":false,"template":"","format":"standard","meta":{"advgb_blocks_editor_width":"","advgb_blocks_columns_visual_guide":"","footnotes":""},"categories":[3],"tags":[26,28,85,91,112,204,223,283],"class_list":["post-2956","post","type-post","status-publish","format-standard","hentry","category-aktuelles","tag-26","tag-3-liga-2","tag-duisburg","tag-entschuldigung","tag-fanprojekt","tag-pyro","tag-sc-preussen-muenster","tag-von-fans-fuer-fans"],"featured_image_src":null,"author_info":{"display_name":"fp_superadmin","author_link":"https:\/\/www.fanprojekt-muenster.de\/wordpress\/author\/fp_superadmin\/"},"yoast_head":"<!-- This site is optimized with the Yoast SEO plugin v27.2 - https:\/\/yoast.com\/product\/yoast-seo-wordpress\/ -->\n<title>Fanprojekt \u00fcbermittelt Entschuldigung der Ultras an Gesch\u00e4digte von Duisburg - Fangemeinschaft Preu\u00dfen M\u00fcnster e. V.<\/title>\n<meta name=\"robots\" content=\"index, follow, max-snippet:-1, max-image-preview:large, max-video-preview:-1\" \/>\n<link rel=\"canonical\" href=\"https:\/\/www.fanprojekt-muenster.de\/wordpress\/fanprojekt-uebermittelt-entschuldigung-der-ultras-geschaedigte-von-duisburg\/\" \/>\n<meta property=\"og:locale\" content=\"de_DE\" \/>\n<meta property=\"og:type\" content=\"article\" \/>\n<meta property=\"og:title\" content=\"Fanprojekt \u00fcbermittelt Entschuldigung der Ultras an Gesch\u00e4digte von Duisburg - Fangemeinschaft Preu\u00dfen M\u00fcnster e. V.\" \/>\n<meta property=\"og:description\" content=\"Das Fanprojekt des SC Preu\u00dfen M\u00fcnster hat in den vergangenen Wochen aktiv an der Aufarbeitung der Pyroaktion beim letzten Ausw\u00e4rtsspiel der Saison in Duisburg mitgearbeitet. In Gespr\u00e4chen mit f\u00fchrenden K\u00f6pfen... Read more &raquo;\" \/>\n<meta property=\"og:url\" content=\"https:\/\/www.fanprojekt-muenster.de\/wordpress\/fanprojekt-uebermittelt-entschuldigung-der-ultras-geschaedigte-von-duisburg\/\" \/>\n<meta property=\"og:site_name\" content=\"Fangemeinschaft Preu\u00dfen M\u00fcnster e. V.\" \/>\n<meta property=\"article:published_time\" content=\"2014-06-04T15:45:04+00:00\" \/>\n<meta property=\"og:image\" content=\"http:\/\/www.fanprojekt-muenster.de\/wp-content\/uploads\/2014\/06\/10300050_566969770085851_700009482886802266_n.jpg\" \/>\n<meta name=\"author\" content=\"fp_superadmin\" \/>\n<meta name=\"twitter:card\" content=\"summary_large_image\" \/>\n<meta name=\"twitter:label1\" content=\"Verfasst von\" \/>\n\t<meta name=\"twitter:data1\" content=\"fp_superadmin\" \/>\n\t<meta name=\"twitter:label2\" content=\"Gesch\u00e4tzte Lesezeit\" \/>\n\t<meta name=\"twitter:data2\" content=\"1\u00a0Minute\" \/>\n<script type=\"application\/ld+json\" class=\"yoast-schema-graph\">{\"@context\":\"https:\/\/schema.org\",\"@graph\":[{\"@type\":\"Article\",\"@id\":\"https:\/\/www.fanprojekt-muenster.de\/wordpress\/fanprojekt-uebermittelt-entschuldigung-der-ultras-geschaedigte-von-duisburg\/#article\",\"isPartOf\":{\"@id\":\"https:\/\/www.fanprojekt-muenster.de\/wordpress\/fanprojekt-uebermittelt-entschuldigung-der-ultras-geschaedigte-von-duisburg\/\"},\"author\":{\"name\":\"fp_superadmin\",\"@id\":\"https:\/\/www.fanprojekt-muenster.de\/wordpress\/#\/schema\/person\/9126cc4d73d0d07c75b487075111186c\"},\"headline\":\"Fanprojekt \u00fcbermittelt Entschuldigung der Ultras an Gesch\u00e4digte von Duisburg\",\"datePublished\":\"2014-06-04T15:45:04+00:00\",\"mainEntityOfPage\":{\"@id\":\"https:\/\/www.fanprojekt-muenster.de\/wordpress\/fanprojekt-uebermittelt-entschuldigung-der-ultras-geschaedigte-von-duisburg\/\"},\"wordCount\":167,\"commentCount\":0,\"publisher\":{\"@id\":\"https:\/\/www.fanprojekt-muenster.de\/wordpress\/#organization\"},\"image\":{\"@id\":\"https:\/\/www.fanprojekt-muenster.de\/wordpress\/fanprojekt-uebermittelt-entschuldigung-der-ultras-geschaedigte-von-duisburg\/#primaryimage\"},\"thumbnailUrl\":\"http:\/\/www.fanprojekt-muenster.de\/wp-content\/uploads\/2014\/06\/10300050_566969770085851_700009482886802266_n.jpg\",\"keywords\":[\"2014\",\"3.Liga\",\"Duisburg\",\"Entschuldigung\",\"Fanprojekt\",\"Pyro\",\"SC Preu\u00dfen M\u00fcnster\",\"Von Fans f\u00fcr Fans\"],\"articleSection\":[\"Aktuelles\"],\"inLanguage\":\"de\",\"potentialAction\":[{\"@type\":\"CommentAction\",\"name\":\"Comment\",\"target\":[\"https:\/\/www.fanprojekt-muenster.de\/wordpress\/fanprojekt-uebermittelt-entschuldigung-der-ultras-geschaedigte-von-duisburg\/#respond\"]}]},{\"@type\":\"WebPage\",\"@id\":\"https:\/\/www.fanprojekt-muenster.de\/wordpress\/fanprojekt-uebermittelt-entschuldigung-der-ultras-geschaedigte-von-duisburg\/\",\"url\":\"https:\/\/www.fanprojekt-muenster.de\/wordpress\/fanprojekt-uebermittelt-entschuldigung-der-ultras-geschaedigte-von-duisburg\/\",\"name\":\"Fanprojekt \u00fcbermittelt Entschuldigung der Ultras an Gesch\u00e4digte von Duisburg - Fangemeinschaft Preu\u00dfen M\u00fcnster e. V.\",\"isPartOf\":{\"@id\":\"https:\/\/www.fanprojekt-muenster.de\/wordpress\/#website\"},\"primaryImageOfPage\":{\"@id\":\"https:\/\/www.fanprojekt-muenster.de\/wordpress\/fanprojekt-uebermittelt-entschuldigung-der-ultras-geschaedigte-von-duisburg\/#primaryimage\"},\"image\":{\"@id\":\"https:\/\/www.fanprojekt-muenster.de\/wordpress\/fanprojekt-uebermittelt-entschuldigung-der-ultras-geschaedigte-von-duisburg\/#primaryimage\"},\"thumbnailUrl\":\"http:\/\/www.fanprojekt-muenster.de\/wp-content\/uploads\/2014\/06\/10300050_566969770085851_700009482886802266_n.jpg\",\"datePublished\":\"2014-06-04T15:45:04+00:00\",\"breadcrumb\":{\"@id\":\"https:\/\/www.fanprojekt-muenster.de\/wordpress\/fanprojekt-uebermittelt-entschuldigung-der-ultras-geschaedigte-von-duisburg\/#breadcrumb\"},\"inLanguage\":\"de\",\"potentialAction\":[{\"@type\":\"ReadAction\",\"target\":[\"https:\/\/www.fanprojekt-muenster.de\/wordpress\/fanprojekt-uebermittelt-entschuldigung-der-ultras-geschaedigte-von-duisburg\/\"]}]},{\"@type\":\"ImageObject\",\"inLanguage\":\"de\",\"@id\":\"https:\/\/www.fanprojekt-muenster.de\/wordpress\/fanprojekt-uebermittelt-entschuldigung-der-ultras-geschaedigte-von-duisburg\/#primaryimage\",\"url\":\"http:\/\/www.fanprojekt-muenster.de\/wp-content\/uploads\/2014\/06\/10300050_566969770085851_700009482886802266_n.jpg\",\"contentUrl\":\"http:\/\/www.fanprojekt-muenster.de\/wp-content\/uploads\/2014\/06\/10300050_566969770085851_700009482886802266_n.jpg\"},{\"@type\":\"BreadcrumbList\",\"@id\":\"https:\/\/www.fanprojekt-muenster.de\/wordpress\/fanprojekt-uebermittelt-entschuldigung-der-ultras-geschaedigte-von-duisburg\/#breadcrumb\",\"itemListElement\":[{\"@type\":\"ListItem\",\"position\":1,\"name\":\"Startseite\",\"item\":\"https:\/\/www.fanprojekt-muenster.de\/wordpress\/\"},{\"@type\":\"ListItem\",\"position\":2,\"name\":\"Fanprojekt \u00fcbermittelt Entschuldigung der Ultras an Gesch\u00e4digte von Duisburg\"}]},{\"@type\":\"WebSite\",\"@id\":\"https:\/\/www.fanprojekt-muenster.de\/wordpress\/#website\",\"url\":\"https:\/\/www.fanprojekt-muenster.de\/wordpress\/\",\"name\":\"Fangemeinschaft Preu\u00dfen M\u00fcnster e. V.\",\"description\":\"\",\"publisher\":{\"@id\":\"https:\/\/www.fanprojekt-muenster.de\/wordpress\/#organization\"},\"potentialAction\":[{\"@type\":\"SearchAction\",\"target\":{\"@type\":\"EntryPoint\",\"urlTemplate\":\"https:\/\/www.fanprojekt-muenster.de\/wordpress\/?s={search_term_string}\"},\"query-input\":{\"@type\":\"PropertyValueSpecification\",\"valueRequired\":true,\"valueName\":\"search_term_string\"}}],\"inLanguage\":\"de\"},{\"@type\":\"Organization\",\"@id\":\"https:\/\/www.fanprojekt-muenster.de\/wordpress\/#organization\",\"name\":\"Fangemeinschaft Preu\u00dfen M\u00fcnster e. V.\",\"url\":\"https:\/\/www.fanprojekt-muenster.de\/wordpress\/\",\"logo\":{\"@type\":\"ImageObject\",\"inLanguage\":\"de\",\"@id\":\"https:\/\/www.fanprojekt-muenster.de\/wordpress\/#\/schema\/logo\/image\/\",\"url\":\"https:\/\/www.fanprojekt-muenster.de\/wordpress\/wp-content\/uploads\/2019\/07\/cropped-Website_Logo3-9.png\",\"contentUrl\":\"https:\/\/www.fanprojekt-muenster.de\/wordpress\/wp-content\/uploads\/2019\/07\/cropped-Website_Logo3-9.png\",\"width\":224,\"height\":42,\"caption\":\"Fangemeinschaft Preu\u00dfen M\u00fcnster e. V.\"},\"image\":{\"@id\":\"https:\/\/www.fanprojekt-muenster.de\/wordpress\/#\/schema\/logo\/image\/\"}},{\"@type\":\"Person\",\"@id\":\"https:\/\/www.fanprojekt-muenster.de\/wordpress\/#\/schema\/person\/9126cc4d73d0d07c75b487075111186c\",\"name\":\"fp_superadmin\",\"url\":\"https:\/\/www.fanprojekt-muenster.de\/wordpress\/author\/fp_superadmin\/\"}]}<\/script>\n<!-- \/ Yoast SEO plugin. -->","yoast_head_json":{"title":"Fanprojekt \u00fcbermittelt Entschuldigung der Ultras an Gesch\u00e4digte von Duisburg - Fangemeinschaft Preu\u00dfen M\u00fcnster e. V.","robots":{"index":"index","follow":"follow","max-snippet":"max-snippet:-1","max-image-preview":"max-image-preview:large","max-video-preview":"max-video-preview:-1"},"canonical":"https:\/\/www.fanprojekt-muenster.de\/wordpress\/fanprojekt-uebermittelt-entschuldigung-der-ultras-geschaedigte-von-duisburg\/","og_locale":"de_DE","og_type":"article","og_title":"Fanprojekt \u00fcbermittelt Entschuldigung der Ultras an Gesch\u00e4digte von Duisburg - Fangemeinschaft Preu\u00dfen M\u00fcnster e. V.","og_description":"Das Fanprojekt des SC Preu\u00dfen M\u00fcnster hat in den vergangenen Wochen aktiv an der Aufarbeitung der Pyroaktion beim letzten Ausw\u00e4rtsspiel der Saison in Duisburg mitgearbeitet. In Gespr\u00e4chen mit f\u00fchrenden K\u00f6pfen... Read more &raquo;","og_url":"https:\/\/www.fanprojekt-muenster.de\/wordpress\/fanprojekt-uebermittelt-entschuldigung-der-ultras-geschaedigte-von-duisburg\/","og_site_name":"Fangemeinschaft Preu\u00dfen M\u00fcnster e. V.","article_published_time":"2014-06-04T15:45:04+00:00","og_image":[{"url":"http:\/\/www.fanprojekt-muenster.de\/wp-content\/uploads\/2014\/06\/10300050_566969770085851_700009482886802266_n.jpg","type":"","width":"","height":""}],"author":"fp_superadmin","twitter_card":"summary_large_image","twitter_misc":{"Verfasst von":"fp_superadmin","Gesch\u00e4tzte Lesezeit":"1\u00a0Minute"},"schema":{"@context":"https:\/\/schema.org","@graph":[{"@type":"Article","@id":"https:\/\/www.fanprojekt-muenster.de\/wordpress\/fanprojekt-uebermittelt-entschuldigung-der-ultras-geschaedigte-von-duisburg\/#article","isPartOf":{"@id":"https:\/\/www.fanprojekt-muenster.de\/wordpress\/fanprojekt-uebermittelt-entschuldigung-der-ultras-geschaedigte-von-duisburg\/"},"author":{"name":"fp_superadmin","@id":"https:\/\/www.fanprojekt-muenster.de\/wordpress\/#\/schema\/person\/9126cc4d73d0d07c75b487075111186c"},"headline":"Fanprojekt \u00fcbermittelt Entschuldigung der Ultras an Gesch\u00e4digte von Duisburg","datePublished":"2014-06-04T15:45:04+00:00","mainEntityOfPage":{"@id":"https:\/\/www.fanprojekt-muenster.de\/wordpress\/fanprojekt-uebermittelt-entschuldigung-der-ultras-geschaedigte-von-duisburg\/"},"wordCount":167,"commentCount":0,"publisher":{"@id":"https:\/\/www.fanprojekt-muenster.de\/wordpress\/#organization"},"image":{"@id":"https:\/\/www.fanprojekt-muenster.de\/wordpress\/fanprojekt-uebermittelt-entschuldigung-der-ultras-geschaedigte-von-duisburg\/#primaryimage"},"thumbnailUrl":"http:\/\/www.fanprojekt-muenster.de\/wp-content\/uploads\/2014\/06\/10300050_566969770085851_700009482886802266_n.jpg","keywords":["2014","3.Liga","Duisburg","Entschuldigung","Fanprojekt","Pyro","SC Preu\u00dfen M\u00fcnster","Von Fans f\u00fcr Fans"],"articleSection":["Aktuelles"],"inLanguage":"de","potentialAction":[{"@type":"CommentAction","name":"Comment","target":["https:\/\/www.fanprojekt-muenster.de\/wordpress\/fanprojekt-uebermittelt-entschuldigung-der-ultras-geschaedigte-von-duisburg\/#respond"]}]},{"@type":"WebPage","@id":"https:\/\/www.fanprojekt-muenster.de\/wordpress\/fanprojekt-uebermittelt-entschuldigung-der-ultras-geschaedigte-von-duisburg\/","url":"https:\/\/www.fanprojekt-muenster.de\/wordpress\/fanprojekt-uebermittelt-entschuldigung-der-ultras-geschaedigte-von-duisburg\/","name":"Fanprojekt \u00fcbermittelt Entschuldigung der Ultras an Gesch\u00e4digte von Duisburg - Fangemeinschaft Preu\u00dfen M\u00fcnster e. V.","isPartOf":{"@id":"https:\/\/www.fanprojekt-muenster.de\/wordpress\/#website"},"primaryImageOfPage":{"@id":"https:\/\/www.fanprojekt-muenster.de\/wordpress\/fanprojekt-uebermittelt-entschuldigung-der-ultras-geschaedigte-von-duisburg\/#primaryimage"},"image":{"@id":"https:\/\/www.fanprojekt-muenster.de\/wordpress\/fanprojekt-uebermittelt-entschuldigung-der-ultras-geschaedigte-von-duisburg\/#primaryimage"},"thumbnailUrl":"http:\/\/www.fanprojekt-muenster.de\/wp-content\/uploads\/2014\/06\/10300050_566969770085851_700009482886802266_n.jpg","datePublished":"2014-06-04T15:45:04+00:00","breadcrumb":{"@id":"https:\/\/www.fanprojekt-muenster.de\/wordpress\/fanprojekt-uebermittelt-entschuldigung-der-ultras-geschaedigte-von-duisburg\/#breadcrumb"},"inLanguage":"de","potentialAction":[{"@type":"ReadAction","target":["https:\/\/www.fanprojekt-muenster.de\/wordpress\/fanprojekt-uebermittelt-entschuldigung-der-ultras-geschaedigte-von-duisburg\/"]}]},{"@type":"ImageObject","inLanguage":"de","@id":"https:\/\/www.fanprojekt-muenster.de\/wordpress\/fanprojekt-uebermittelt-entschuldigung-der-ultras-geschaedigte-von-duisburg\/#primaryimage","url":"http:\/\/www.fanprojekt-muenster.de\/wp-content\/uploads\/2014\/06\/10300050_566969770085851_700009482886802266_n.jpg","contentUrl":"http:\/\/www.fanprojekt-muenster.de\/wp-content\/uploads\/2014\/06\/10300050_566969770085851_700009482886802266_n.jpg"},{"@type":"BreadcrumbList","@id":"https:\/\/www.fanprojekt-muenster.de\/wordpress\/fanprojekt-uebermittelt-entschuldigung-der-ultras-geschaedigte-von-duisburg\/#breadcrumb","itemListElement":[{"@type":"ListItem","position":1,"name":"Startseite","item":"https:\/\/www.fanprojekt-muenster.de\/wordpress\/"},{"@type":"ListItem","position":2,"name":"Fanprojekt \u00fcbermittelt Entschuldigung der Ultras an Gesch\u00e4digte von Duisburg"}]},{"@type":"WebSite","@id":"https:\/\/www.fanprojekt-muenster.de\/wordpress\/#website","url":"https:\/\/www.fanprojekt-muenster.de\/wordpress\/","name":"Fangemeinschaft Preu\u00dfen M\u00fcnster e. V.","description":"","publisher":{"@id":"https:\/\/www.fanprojekt-muenster.de\/wordpress\/#organization"},"potentialAction":[{"@type":"SearchAction","target":{"@type":"EntryPoint","urlTemplate":"https:\/\/www.fanprojekt-muenster.de\/wordpress\/?s={search_term_string}"},"query-input":{"@type":"PropertyValueSpecification","valueRequired":true,"valueName":"search_term_string"}}],"inLanguage":"de"},{"@type":"Organization","@id":"https:\/\/www.fanprojekt-muenster.de\/wordpress\/#organization","name":"Fangemeinschaft Preu\u00dfen M\u00fcnster e. V.","url":"https:\/\/www.fanprojekt-muenster.de\/wordpress\/","logo":{"@type":"ImageObject","inLanguage":"de","@id":"https:\/\/www.fanprojekt-muenster.de\/wordpress\/#\/schema\/logo\/image\/","url":"https:\/\/www.fanprojekt-muenster.de\/wordpress\/wp-content\/uploads\/2019\/07\/cropped-Website_Logo3-9.png","contentUrl":"https:\/\/www.fanprojekt-muenster.de\/wordpress\/wp-content\/uploads\/2019\/07\/cropped-Website_Logo3-9.png","width":224,"height":42,"caption":"Fangemeinschaft Preu\u00dfen M\u00fcnster e. V."},"image":{"@id":"https:\/\/www.fanprojekt-muenster.de\/wordpress\/#\/schema\/logo\/image\/"}},{"@type":"Person","@id":"https:\/\/www.fanprojekt-muenster.de\/wordpress\/#\/schema\/person\/9126cc4d73d0d07c75b487075111186c","name":"fp_superadmin","url":"https:\/\/www.fanprojekt-muenster.de\/wordpress\/author\/fp_superadmin\/"}]}},"author_meta":{"display_name":"fp_superadmin","author_link":"https:\/\/www.fanprojekt-muenster.de\/wordpress\/author\/fp_superadmin\/"},"featured_img":null,"coauthors":[],"tax_additional":{"categories":{"linked":["<a href=\"https:\/\/www.fanprojekt-muenster.de\/wordpress\/category\/aktuelles\/\" class=\"advgb-post-tax-term\">Aktuelles<\/a>"],"unlinked":["<span class=\"advgb-post-tax-term\">Aktuelles<\/span>"]},"tags":{"linked":["<a href=\"https:\/\/www.fanprojekt-muenster.de\/wordpress\/category\/aktuelles\/\" class=\"advgb-post-tax-term\">2014<\/a>","<a href=\"https:\/\/www.fanprojekt-muenster.de\/wordpress\/category\/aktuelles\/\" class=\"advgb-post-tax-term\">3.Liga<\/a>","<a href=\"https:\/\/www.fanprojekt-muenster.de\/wordpress\/category\/aktuelles\/\" class=\"advgb-post-tax-term\">Duisburg<\/a>","<a href=\"https:\/\/www.fanprojekt-muenster.de\/wordpress\/category\/aktuelles\/\" class=\"advgb-post-tax-term\">Entschuldigung<\/a>","<a href=\"https:\/\/www.fanprojekt-muenster.de\/wordpress\/category\/aktuelles\/\" class=\"advgb-post-tax-term\">Fanprojekt<\/a>","<a href=\"https:\/\/www.fanprojekt-muenster.de\/wordpress\/category\/aktuelles\/\" class=\"advgb-post-tax-term\">Pyro<\/a>","<a href=\"https:\/\/www.fanprojekt-muenster.de\/wordpress\/category\/aktuelles\/\" class=\"advgb-post-tax-term\">SC Preu\u00dfen M\u00fcnster<\/a>","<a href=\"https:\/\/www.fanprojekt-muenster.de\/wordpress\/category\/aktuelles\/\" class=\"advgb-post-tax-term\">Von Fans f\u00fcr Fans<\/a>"],"unlinked":["<span class=\"advgb-post-tax-term\">2014<\/span>","<span class=\"advgb-post-tax-term\">3.Liga<\/span>","<span class=\"advgb-post-tax-term\">Duisburg<\/span>","<span class=\"advgb-post-tax-term\">Entschuldigung<\/span>","<span class=\"advgb-post-tax-term\">Fanprojekt<\/span>","<span class=\"advgb-post-tax-term\">Pyro<\/span>","<span class=\"advgb-post-tax-term\">SC Preu\u00dfen M\u00fcnster<\/span>","<span class=\"advgb-post-tax-term\">Von Fans f\u00fcr Fans<\/span>"]}},"comment_count":"0","relative_dates":{"created":"Posted 12\u00a0Jahren ago","modified":"Updated 12\u00a0Jahren ago"},"absolute_dates":{"created":"Posted on 4. Juni 2014","modified":"Updated on 4. Juni 2014"},"absolute_dates_time":{"created":"Posted on 4. Juni 2014 17:45","modified":"Updated on 4. Juni 2014 17:45"},"featured_img_caption":"","series_order":"","_links":{"self":[{"href":"https:\/\/www.fanprojekt-muenster.de\/wordpress\/wp-json\/wp\/v2\/posts\/2956","targetHints":{"allow":["GET"]}}],"collection":[{"href":"https:\/\/www.fanprojekt-muenster.de\/wordpress\/wp-json\/wp\/v2\/posts"}],"about":[{"href":"https:\/\/www.fanprojekt-muenster.de\/wordpress\/wp-json\/wp\/v2\/types\/post"}],"author":[{"embeddable":true,"href":"https:\/\/www.fanprojekt-muenster.de\/wordpress\/wp-json\/wp\/v2\/users\/2"}],"replies":[{"embeddable":true,"href":"https:\/\/www.fanprojekt-muenster.de\/wordpress\/wp-json\/wp\/v2\/comments?post=2956"}],"version-history":[{"count":0,"href":"https:\/\/www.fanprojekt-muenster.de\/wordpress\/wp-json\/wp\/v2\/posts\/2956\/revisions"}],"wp:attachment":[{"href":"https:\/\/www.fanprojekt-muenster.de\/wordpress\/wp-json\/wp\/v2\/media?parent=2956"}],"wp:term":[{"taxonomy":"category","embeddable":true,"href":"https:\/\/www.fanprojekt-muenster.de\/wordpress\/wp-json\/wp\/v2\/categories?post=2956"},{"taxonomy":"post_tag","embeddable":true,"href":"https:\/\/www.fanprojekt-muenster.de\/wordpress\/wp-json\/wp\/v2\/tags?post=2956"}],"curies":[{"name":"wp","href":"https:\/\/api.w.org\/{rel}","templated":true}]}}