{"id":2937,"date":"2014-06-02T21:20:36","date_gmt":"2014-06-02T19:20:36","guid":{"rendered":"http:\/\/www.fanprojekt-muenster.de\/?p=2937"},"modified":"2014-06-02T21:20:36","modified_gmt":"2014-06-02T19:20:36","slug":"alle-infos-zum-vorverkauf-und-den-dfb-pokaltickets","status":"publish","type":"post","link":"https:\/\/www.fanprojekt-muenster.de\/wordpress\/alle-infos-zum-vorverkauf-und-den-dfb-pokaltickets\/","title":{"rendered":"Alle Infos zum Vorverkauf und den DFB-Pokaltickets"},"content":{"rendered":"<div id=\"attachment_2648\" style=\"width: 810px\" class=\"wp-caption alignnone\"><a attid=\"2648\"  href=\"http:\/\/www.fanprojekt-muenster.de\/wp-content\/uploads\/2014\/02\/958668_1_comp_DPP_6033.jpg\"><img loading=\"lazy\" decoding=\"async\" aria-describedby=\"caption-attachment-2648\" src=\"http:\/\/www.fanprojekt-muenster.de\/wp-content\/uploads\/2014\/02\/958668_1_comp_DPP_6033.jpg\" alt=\"Foto: westline.de\" width=\"800\" height=\"522\" class=\"size-full wp-image-2648\" \/><\/a><p id=\"caption-attachment-2648\" class=\"wp-caption-text\">Foto: westline.de<\/p><\/div>\n<p>Es ist das ganz gro\u00dfe Los: Mit dem FC Bayern M\u00fcnchen gastiert eine der besten Mannschaften der Welt in der 1. Hauptrunde des DFB-Pokals an der Hammer Stra\u00dfe. Wer sich jetzt schon eine Dauerkarte sichert, kann bei diesem Spektakel auf jeden Fall dabei sein. Alle Dauerkarteninhaber erhalten neben den 19 Heimspielen in der st\u00e4rksten 3. Liga aller Zeiten, auch ein Vorkaufsrecht f\u00fcr das Pokalspiel gegen den Rekordmeister aus M\u00fcnchen.<\/p>\n<p>Bereits ab Dienstag (10 Uhr) k\u00f6nnen die Antr\u00e4ge in der Gesch\u00e4ftsstelle eingereicht werden. Per Fax, E-Mail oder pers\u00f6nlich k\u00f6nnen die Dauerkartenantr\u00e4ge die Preu\u00dfen erreichen. Eine Stehplatzdauerkarte (Vollzahler) ist bereits ab 160 Euro erh\u00e4ltlich. Interessenten f\u00fcr eine neue Trib\u00fcnen-Dauerkarte k\u00f6nnen sich auf eine Warteliste setzten lassen, die erst nach dem 24. Juni bearbeitet werden kann, wenn die Verl\u00e4ngerungsfrist f\u00fcr bestehende Dauerkarten abgelaufen ist.<\/p>\n<h2 style=\"color: #128552;\"><b>Vorkaufsrecht f\u00fcr Mitglieder ebenfalls ab Dienstag<\/b><\/h2>\n<p>Auch Mitglieder des SC Preu\u00dfen 06 e.V. M\u00fcnster oder des Fanprojektes k\u00f6nnen bereits ab Dienstag von ihrem Vorkaufsrecht Gebrauch machen. Um m\u00f6glichst viele Mitglieder am Pokalkracher teilhaben zu lassen, k\u00f6nnen pro Vereinsmitglied nur zwei Stehplatz-Tickets erworben werden. Fanprojekt-Mitglieder erhalten eine Stehplatzkarte. Bei einer Mitgliedschaft im Verein und im Fanprojekt k\u00f6nnen die Tickets nicht addiert werden. Es erfolgt kein zus\u00e4tzliches Anschreiben an die Mitglieder und Dauerkarteninhaber, die bereits verl\u00e4ngert haben.<\/p>\n<h2 style=\"color: #128552;\"><b>Preise f\u00fcr das Pokalspiel<\/b><\/h2>\n<p>Auch die Eintrittspreise f\u00fcr das Pokalspiel sind mittlerweile festgelegt. Ein Stehplatzkarte kostet 18 Euro, eine Trib\u00fcnenkarte 35 Euro f\u00fcr Vollzahler, erm\u00e4\u00dfigte Karten gibt es f\u00fcr 15 bzw. 28 Euro, Kinder zahlen 9 bzw. 25 Euro.<\/p>\n<h2 style=\"color: #128552;\"><b>Unser Fahrplan f\u00fcr den Verkauf von Dauerkarten und Pokaltickets<\/b><\/h2>\n<p><strong>Ab Dienstag, 3. Juni, 10 Uhr: \u00a0<\/strong><\/p>\n<p>Erwerb einer neuen Stehplatz-Dauerkarte f\u00fcr alle 19 Spiele der Preu\u00dfen in der 3. Liga sowie ein Vorkaufsrecht f\u00fcr eine DFB-Pokal-Karte. Vorkaufsrecht f\u00fcr Mitglieder.<\/p>\n<p><strong>Bis 13. Juni, 18 Uhr:\u00a0<\/strong><\/p>\n<p>Am 13. Juni endet die Frist zur Verl\u00e4ngerung bestehender Dauerkarten. Nicht verl\u00e4ngerte Dauerkarten gehen in den freien Verkauf. An diesem Datum endet auch die Reservierungsfrist von Pokalkarten f\u00fcr Mitglieder.<\/p>\n<p><strong>Ab dem 24. Juni (10 Uhr):\u00a0<\/strong><\/p>\n<p>Versand bzw. Abholung der Dauerkarten und der Tickets f\u00fcr das DFB-Pokalspiel gegen den FC Bayern M\u00fcnchen.<\/p>\n<p>&nbsp;<\/p>\n<p><a style=\"font-weight: bold !important; color: #00613f;\" title=\"Mitglied werden\" href=\"http:\/\/www.fanprojekt-muenster.de\/mitgliedschaft\/mitglied-werden\/\">HIER<\/a>\u00a0geht es zum Antrag auf eine Fanprojekt-Mitgliedschaft.<\/p>\n<p><a style=\"font-weight: bold !important; color: #00613f;\" href=\"http:\/\/www.scpreussen-muenster.de\/wp-content\/uploads\/Neuantrag_DK_Pokal.pdf\" target=\"_blank\" rel=\"noopener noreferrer\">HIER<\/a>\u00a0geht es zum Antrag auf eine neue Dauerkarte inkl. Vorkaufsrecht f\u00fcr den DFB-Pokal.<\/p>\n<p><a style=\"font-weight: bold !important; color: #00613f;\" href=\"http:\/\/www.scpreussen-muenster.de\/wp-content\/uploads\/Reservierungsformular-DK2014_2015.pdf\" target=\"_blank\" rel=\"noopener noreferrer\">HIER<\/a>\u00a0geht es zum Antrag auf Verl\u00e4ngerung bestehender Dauerkarten inkl. DFB-Pokal.<\/p>\n<p><a style=\"font-weight: bold !important; color: #00613f;\" href=\"http:\/\/www.scpreussen-muenster.de\/wp-content\/uploads\/Pokalantrag_Mitglieder.pdf\" target=\"_blank\" rel=\"noopener noreferrer\">HIER<\/a>\u00a0geht es zum Reservierungsformular f\u00fcr Mitglieder.<\/p>\n<p><a style=\"font-weight: bold !important; color: #00613f;\" href=\"http:\/\/www.scpreussen-muenster.de\/wp-content\/uploads\/Pokalantrag_DK_2014_15.pdf\" target=\"_blank\" rel=\"noopener noreferrer\">HIER<\/a>\u00a0geht es zum Reservierungformular (DFB-Pokal) f\u00fcr bereits verl\u00e4ngerte Dauerkarten.<\/p>\n<p>Quelle: <a href=\"http:\/\/www.scpreussen-muenster.de\" target=\"_blank\" rel=\"noopener noreferrer\">SC Preu\u00dfen 06 e.V. M\u00fcnster<\/a><\/p>\n<\/div>\n","protected":false},"excerpt":{"rendered":"<p>Es ist das ganz gro\u00dfe Los: Mit dem FC Bayern M\u00fcnchen gastiert eine der besten Mannschaften der Welt in der 1. Hauptrunde des DFB-Pokals an der Hammer Stra\u00dfe. Wer sich&#8230; <a class=\"read-more-link\" href=\"https:\/\/www.fanprojekt-muenster.de\/wordpress\/alle-infos-zum-vorverkauf-und-den-dfb-pokaltickets\/\">Read more &raquo;<\/a><\/p>\n","protected":false},"author":2,"featured_media":2648,"comment_status":"open","ping_status":"open","sticky":false,"template":"","format":"standard","meta":{"advgb_blocks_editor_width":"","advgb_blocks_columns_visual_guide":"","footnotes":""},"categories":[3],"tags":[26,56,79,112,223,283,288],"class_list":["post-2937","post","type-post","status-publish","format-standard","has-post-thumbnail","hentry","category-aktuelles","tag-26","tag-bayern-muenchen","tag-dfb-pokal","tag-fanprojekt","tag-sc-preussen-muenster","tag-von-fans-fuer-fans","tag-vorverkauf"],"featured_image_src":null,"author_info":{"display_name":"fp_superadmin","author_link":"https:\/\/www.fanprojekt-muenster.de\/wordpress\/author\/fp_superadmin\/"},"yoast_head":"<!-- This site is optimized with the Yoast SEO plugin v27.2 - https:\/\/yoast.com\/product\/yoast-seo-wordpress\/ -->\n<title>Alle Infos zum Vorverkauf und den DFB-Pokaltickets - Fangemeinschaft Preu\u00dfen M\u00fcnster e. V.<\/title>\n<meta name=\"robots\" content=\"index, follow, max-snippet:-1, max-image-preview:large, max-video-preview:-1\" \/>\n<link rel=\"canonical\" href=\"https:\/\/www.fanprojekt-muenster.de\/wordpress\/alle-infos-zum-vorverkauf-und-den-dfb-pokaltickets\/\" \/>\n<meta property=\"og:locale\" content=\"de_DE\" \/>\n<meta property=\"og:type\" content=\"article\" \/>\n<meta property=\"og:title\" content=\"Alle Infos zum Vorverkauf und den DFB-Pokaltickets - Fangemeinschaft Preu\u00dfen M\u00fcnster e. V.\" \/>\n<meta property=\"og:description\" content=\"Es ist das ganz gro\u00dfe Los: Mit dem FC Bayern M\u00fcnchen gastiert eine der besten Mannschaften der Welt in der 1. Hauptrunde des DFB-Pokals an der Hammer Stra\u00dfe. Wer sich... Read more &raquo;\" \/>\n<meta property=\"og:url\" content=\"https:\/\/www.fanprojekt-muenster.de\/wordpress\/alle-infos-zum-vorverkauf-und-den-dfb-pokaltickets\/\" \/>\n<meta property=\"og:site_name\" content=\"Fangemeinschaft Preu\u00dfen M\u00fcnster e. V.\" \/>\n<meta property=\"article:published_time\" content=\"2014-06-02T19:20:36+00:00\" \/>\n<meta name=\"author\" content=\"fp_superadmin\" \/>\n<meta name=\"twitter:card\" content=\"summary_large_image\" \/>\n<meta name=\"twitter:label1\" content=\"Verfasst von\" \/>\n\t<meta name=\"twitter:data1\" content=\"fp_superadmin\" \/>\n\t<meta name=\"twitter:label2\" content=\"Gesch\u00e4tzte Lesezeit\" \/>\n\t<meta name=\"twitter:data2\" content=\"2\u00a0Minuten\" \/>\n<script type=\"application\/ld+json\" class=\"yoast-schema-graph\">{\"@context\":\"https:\/\/schema.org\",\"@graph\":[{\"@type\":\"Article\",\"@id\":\"https:\/\/www.fanprojekt-muenster.de\/wordpress\/alle-infos-zum-vorverkauf-und-den-dfb-pokaltickets\/#article\",\"isPartOf\":{\"@id\":\"https:\/\/www.fanprojekt-muenster.de\/wordpress\/alle-infos-zum-vorverkauf-und-den-dfb-pokaltickets\/\"},\"author\":{\"name\":\"fp_superadmin\",\"@id\":\"https:\/\/www.fanprojekt-muenster.de\/wordpress\/#\/schema\/person\/9126cc4d73d0d07c75b487075111186c\"},\"headline\":\"Alle Infos zum Vorverkauf und den DFB-Pokaltickets\",\"datePublished\":\"2014-06-02T19:20:36+00:00\",\"mainEntityOfPage\":{\"@id\":\"https:\/\/www.fanprojekt-muenster.de\/wordpress\/alle-infos-zum-vorverkauf-und-den-dfb-pokaltickets\/\"},\"wordCount\":443,\"commentCount\":0,\"publisher\":{\"@id\":\"https:\/\/www.fanprojekt-muenster.de\/wordpress\/#organization\"},\"image\":{\"@id\":\"https:\/\/www.fanprojekt-muenster.de\/wordpress\/alle-infos-zum-vorverkauf-und-den-dfb-pokaltickets\/#primaryimage\"},\"thumbnailUrl\":\"\",\"keywords\":[\"2014\",\"Bayern M\u00fcnchen\",\"DFB Pokal\",\"Fanprojekt\",\"SC Preu\u00dfen M\u00fcnster\",\"Von Fans f\u00fcr Fans\",\"Vorverkauf\"],\"articleSection\":[\"Aktuelles\"],\"inLanguage\":\"de\",\"potentialAction\":[{\"@type\":\"CommentAction\",\"name\":\"Comment\",\"target\":[\"https:\/\/www.fanprojekt-muenster.de\/wordpress\/alle-infos-zum-vorverkauf-und-den-dfb-pokaltickets\/#respond\"]}]},{\"@type\":\"WebPage\",\"@id\":\"https:\/\/www.fanprojekt-muenster.de\/wordpress\/alle-infos-zum-vorverkauf-und-den-dfb-pokaltickets\/\",\"url\":\"https:\/\/www.fanprojekt-muenster.de\/wordpress\/alle-infos-zum-vorverkauf-und-den-dfb-pokaltickets\/\",\"name\":\"Alle Infos zum Vorverkauf und den DFB-Pokaltickets - Fangemeinschaft Preu\u00dfen M\u00fcnster e. V.\",\"isPartOf\":{\"@id\":\"https:\/\/www.fanprojekt-muenster.de\/wordpress\/#website\"},\"primaryImageOfPage\":{\"@id\":\"https:\/\/www.fanprojekt-muenster.de\/wordpress\/alle-infos-zum-vorverkauf-und-den-dfb-pokaltickets\/#primaryimage\"},\"image\":{\"@id\":\"https:\/\/www.fanprojekt-muenster.de\/wordpress\/alle-infos-zum-vorverkauf-und-den-dfb-pokaltickets\/#primaryimage\"},\"thumbnailUrl\":\"\",\"datePublished\":\"2014-06-02T19:20:36+00:00\",\"breadcrumb\":{\"@id\":\"https:\/\/www.fanprojekt-muenster.de\/wordpress\/alle-infos-zum-vorverkauf-und-den-dfb-pokaltickets\/#breadcrumb\"},\"inLanguage\":\"de\",\"potentialAction\":[{\"@type\":\"ReadAction\",\"target\":[\"https:\/\/www.fanprojekt-muenster.de\/wordpress\/alle-infos-zum-vorverkauf-und-den-dfb-pokaltickets\/\"]}]},{\"@type\":\"ImageObject\",\"inLanguage\":\"de\",\"@id\":\"https:\/\/www.fanprojekt-muenster.de\/wordpress\/alle-infos-zum-vorverkauf-und-den-dfb-pokaltickets\/#primaryimage\",\"url\":\"\",\"contentUrl\":\"\"},{\"@type\":\"BreadcrumbList\",\"@id\":\"https:\/\/www.fanprojekt-muenster.de\/wordpress\/alle-infos-zum-vorverkauf-und-den-dfb-pokaltickets\/#breadcrumb\",\"itemListElement\":[{\"@type\":\"ListItem\",\"position\":1,\"name\":\"Startseite\",\"item\":\"https:\/\/www.fanprojekt-muenster.de\/wordpress\/\"},{\"@type\":\"ListItem\",\"position\":2,\"name\":\"Alle Infos zum Vorverkauf und den DFB-Pokaltickets\"}]},{\"@type\":\"WebSite\",\"@id\":\"https:\/\/www.fanprojekt-muenster.de\/wordpress\/#website\",\"url\":\"https:\/\/www.fanprojekt-muenster.de\/wordpress\/\",\"name\":\"Fangemeinschaft Preu\u00dfen M\u00fcnster e. V.\",\"description\":\"\",\"publisher\":{\"@id\":\"https:\/\/www.fanprojekt-muenster.de\/wordpress\/#organization\"},\"potentialAction\":[{\"@type\":\"SearchAction\",\"target\":{\"@type\":\"EntryPoint\",\"urlTemplate\":\"https:\/\/www.fanprojekt-muenster.de\/wordpress\/?s={search_term_string}\"},\"query-input\":{\"@type\":\"PropertyValueSpecification\",\"valueRequired\":true,\"valueName\":\"search_term_string\"}}],\"inLanguage\":\"de\"},{\"@type\":\"Organization\",\"@id\":\"https:\/\/www.fanprojekt-muenster.de\/wordpress\/#organization\",\"name\":\"Fangemeinschaft Preu\u00dfen M\u00fcnster e. V.\",\"url\":\"https:\/\/www.fanprojekt-muenster.de\/wordpress\/\",\"logo\":{\"@type\":\"ImageObject\",\"inLanguage\":\"de\",\"@id\":\"https:\/\/www.fanprojekt-muenster.de\/wordpress\/#\/schema\/logo\/image\/\",\"url\":\"https:\/\/www.fanprojekt-muenster.de\/wordpress\/wp-content\/uploads\/2019\/07\/cropped-Website_Logo3-9.png\",\"contentUrl\":\"https:\/\/www.fanprojekt-muenster.de\/wordpress\/wp-content\/uploads\/2019\/07\/cropped-Website_Logo3-9.png\",\"width\":224,\"height\":42,\"caption\":\"Fangemeinschaft Preu\u00dfen M\u00fcnster e. V.\"},\"image\":{\"@id\":\"https:\/\/www.fanprojekt-muenster.de\/wordpress\/#\/schema\/logo\/image\/\"}},{\"@type\":\"Person\",\"@id\":\"https:\/\/www.fanprojekt-muenster.de\/wordpress\/#\/schema\/person\/9126cc4d73d0d07c75b487075111186c\",\"name\":\"fp_superadmin\",\"url\":\"https:\/\/www.fanprojekt-muenster.de\/wordpress\/author\/fp_superadmin\/\"}]}<\/script>\n<!-- \/ Yoast SEO plugin. -->","yoast_head_json":{"title":"Alle Infos zum Vorverkauf und den DFB-Pokaltickets - Fangemeinschaft Preu\u00dfen M\u00fcnster e. V.","robots":{"index":"index","follow":"follow","max-snippet":"max-snippet:-1","max-image-preview":"max-image-preview:large","max-video-preview":"max-video-preview:-1"},"canonical":"https:\/\/www.fanprojekt-muenster.de\/wordpress\/alle-infos-zum-vorverkauf-und-den-dfb-pokaltickets\/","og_locale":"de_DE","og_type":"article","og_title":"Alle Infos zum Vorverkauf und den DFB-Pokaltickets - Fangemeinschaft Preu\u00dfen M\u00fcnster e. V.","og_description":"Es ist das ganz gro\u00dfe Los: Mit dem FC Bayern M\u00fcnchen gastiert eine der besten Mannschaften der Welt in der 1. Hauptrunde des DFB-Pokals an der Hammer Stra\u00dfe. Wer sich... Read more &raquo;","og_url":"https:\/\/www.fanprojekt-muenster.de\/wordpress\/alle-infos-zum-vorverkauf-und-den-dfb-pokaltickets\/","og_site_name":"Fangemeinschaft Preu\u00dfen M\u00fcnster e. V.","article_published_time":"2014-06-02T19:20:36+00:00","author":"fp_superadmin","twitter_card":"summary_large_image","twitter_misc":{"Verfasst von":"fp_superadmin","Gesch\u00e4tzte Lesezeit":"2\u00a0Minuten"},"schema":{"@context":"https:\/\/schema.org","@graph":[{"@type":"Article","@id":"https:\/\/www.fanprojekt-muenster.de\/wordpress\/alle-infos-zum-vorverkauf-und-den-dfb-pokaltickets\/#article","isPartOf":{"@id":"https:\/\/www.fanprojekt-muenster.de\/wordpress\/alle-infos-zum-vorverkauf-und-den-dfb-pokaltickets\/"},"author":{"name":"fp_superadmin","@id":"https:\/\/www.fanprojekt-muenster.de\/wordpress\/#\/schema\/person\/9126cc4d73d0d07c75b487075111186c"},"headline":"Alle Infos zum Vorverkauf und den DFB-Pokaltickets","datePublished":"2014-06-02T19:20:36+00:00","mainEntityOfPage":{"@id":"https:\/\/www.fanprojekt-muenster.de\/wordpress\/alle-infos-zum-vorverkauf-und-den-dfb-pokaltickets\/"},"wordCount":443,"commentCount":0,"publisher":{"@id":"https:\/\/www.fanprojekt-muenster.de\/wordpress\/#organization"},"image":{"@id":"https:\/\/www.fanprojekt-muenster.de\/wordpress\/alle-infos-zum-vorverkauf-und-den-dfb-pokaltickets\/#primaryimage"},"thumbnailUrl":"","keywords":["2014","Bayern M\u00fcnchen","DFB Pokal","Fanprojekt","SC Preu\u00dfen M\u00fcnster","Von Fans f\u00fcr Fans","Vorverkauf"],"articleSection":["Aktuelles"],"inLanguage":"de","potentialAction":[{"@type":"CommentAction","name":"Comment","target":["https:\/\/www.fanprojekt-muenster.de\/wordpress\/alle-infos-zum-vorverkauf-und-den-dfb-pokaltickets\/#respond"]}]},{"@type":"WebPage","@id":"https:\/\/www.fanprojekt-muenster.de\/wordpress\/alle-infos-zum-vorverkauf-und-den-dfb-pokaltickets\/","url":"https:\/\/www.fanprojekt-muenster.de\/wordpress\/alle-infos-zum-vorverkauf-und-den-dfb-pokaltickets\/","name":"Alle Infos zum Vorverkauf und den DFB-Pokaltickets - Fangemeinschaft Preu\u00dfen M\u00fcnster e. V.","isPartOf":{"@id":"https:\/\/www.fanprojekt-muenster.de\/wordpress\/#website"},"primaryImageOfPage":{"@id":"https:\/\/www.fanprojekt-muenster.de\/wordpress\/alle-infos-zum-vorverkauf-und-den-dfb-pokaltickets\/#primaryimage"},"image":{"@id":"https:\/\/www.fanprojekt-muenster.de\/wordpress\/alle-infos-zum-vorverkauf-und-den-dfb-pokaltickets\/#primaryimage"},"thumbnailUrl":"","datePublished":"2014-06-02T19:20:36+00:00","breadcrumb":{"@id":"https:\/\/www.fanprojekt-muenster.de\/wordpress\/alle-infos-zum-vorverkauf-und-den-dfb-pokaltickets\/#breadcrumb"},"inLanguage":"de","potentialAction":[{"@type":"ReadAction","target":["https:\/\/www.fanprojekt-muenster.de\/wordpress\/alle-infos-zum-vorverkauf-und-den-dfb-pokaltickets\/"]}]},{"@type":"ImageObject","inLanguage":"de","@id":"https:\/\/www.fanprojekt-muenster.de\/wordpress\/alle-infos-zum-vorverkauf-und-den-dfb-pokaltickets\/#primaryimage","url":"","contentUrl":""},{"@type":"BreadcrumbList","@id":"https:\/\/www.fanprojekt-muenster.de\/wordpress\/alle-infos-zum-vorverkauf-und-den-dfb-pokaltickets\/#breadcrumb","itemListElement":[{"@type":"ListItem","position":1,"name":"Startseite","item":"https:\/\/www.fanprojekt-muenster.de\/wordpress\/"},{"@type":"ListItem","position":2,"name":"Alle Infos zum Vorverkauf und den DFB-Pokaltickets"}]},{"@type":"WebSite","@id":"https:\/\/www.fanprojekt-muenster.de\/wordpress\/#website","url":"https:\/\/www.fanprojekt-muenster.de\/wordpress\/","name":"Fangemeinschaft Preu\u00dfen M\u00fcnster e. V.","description":"","publisher":{"@id":"https:\/\/www.fanprojekt-muenster.de\/wordpress\/#organization"},"potentialAction":[{"@type":"SearchAction","target":{"@type":"EntryPoint","urlTemplate":"https:\/\/www.fanprojekt-muenster.de\/wordpress\/?s={search_term_string}"},"query-input":{"@type":"PropertyValueSpecification","valueRequired":true,"valueName":"search_term_string"}}],"inLanguage":"de"},{"@type":"Organization","@id":"https:\/\/www.fanprojekt-muenster.de\/wordpress\/#organization","name":"Fangemeinschaft Preu\u00dfen M\u00fcnster e. V.","url":"https:\/\/www.fanprojekt-muenster.de\/wordpress\/","logo":{"@type":"ImageObject","inLanguage":"de","@id":"https:\/\/www.fanprojekt-muenster.de\/wordpress\/#\/schema\/logo\/image\/","url":"https:\/\/www.fanprojekt-muenster.de\/wordpress\/wp-content\/uploads\/2019\/07\/cropped-Website_Logo3-9.png","contentUrl":"https:\/\/www.fanprojekt-muenster.de\/wordpress\/wp-content\/uploads\/2019\/07\/cropped-Website_Logo3-9.png","width":224,"height":42,"caption":"Fangemeinschaft Preu\u00dfen M\u00fcnster e. V."},"image":{"@id":"https:\/\/www.fanprojekt-muenster.de\/wordpress\/#\/schema\/logo\/image\/"}},{"@type":"Person","@id":"https:\/\/www.fanprojekt-muenster.de\/wordpress\/#\/schema\/person\/9126cc4d73d0d07c75b487075111186c","name":"fp_superadmin","url":"https:\/\/www.fanprojekt-muenster.de\/wordpress\/author\/fp_superadmin\/"}]}},"author_meta":{"display_name":"fp_superadmin","author_link":"https:\/\/www.fanprojekt-muenster.de\/wordpress\/author\/fp_superadmin\/"},"featured_img":null,"coauthors":[],"tax_additional":{"categories":{"linked":["<a href=\"https:\/\/www.fanprojekt-muenster.de\/wordpress\/category\/aktuelles\/\" class=\"advgb-post-tax-term\">Aktuelles<\/a>"],"unlinked":["<span class=\"advgb-post-tax-term\">Aktuelles<\/span>"]},"tags":{"linked":["<a href=\"https:\/\/www.fanprojekt-muenster.de\/wordpress\/category\/aktuelles\/\" class=\"advgb-post-tax-term\">2014<\/a>","<a href=\"https:\/\/www.fanprojekt-muenster.de\/wordpress\/category\/aktuelles\/\" class=\"advgb-post-tax-term\">Bayern M\u00fcnchen<\/a>","<a href=\"https:\/\/www.fanprojekt-muenster.de\/wordpress\/category\/aktuelles\/\" class=\"advgb-post-tax-term\">DFB Pokal<\/a>","<a href=\"https:\/\/www.fanprojekt-muenster.de\/wordpress\/category\/aktuelles\/\" class=\"advgb-post-tax-term\">Fanprojekt<\/a>","<a href=\"https:\/\/www.fanprojekt-muenster.de\/wordpress\/category\/aktuelles\/\" class=\"advgb-post-tax-term\">SC Preu\u00dfen M\u00fcnster<\/a>","<a href=\"https:\/\/www.fanprojekt-muenster.de\/wordpress\/category\/aktuelles\/\" class=\"advgb-post-tax-term\">Von Fans f\u00fcr Fans<\/a>","<a href=\"https:\/\/www.fanprojekt-muenster.de\/wordpress\/category\/aktuelles\/\" class=\"advgb-post-tax-term\">Vorverkauf<\/a>"],"unlinked":["<span class=\"advgb-post-tax-term\">2014<\/span>","<span class=\"advgb-post-tax-term\">Bayern M\u00fcnchen<\/span>","<span class=\"advgb-post-tax-term\">DFB Pokal<\/span>","<span class=\"advgb-post-tax-term\">Fanprojekt<\/span>","<span class=\"advgb-post-tax-term\">SC Preu\u00dfen M\u00fcnster<\/span>","<span class=\"advgb-post-tax-term\">Von Fans f\u00fcr Fans<\/span>","<span class=\"advgb-post-tax-term\">Vorverkauf<\/span>"]}},"comment_count":"0","relative_dates":{"created":"Posted 12\u00a0Jahren ago","modified":"Updated 12\u00a0Jahren ago"},"absolute_dates":{"created":"Posted on 2. Juni 2014","modified":"Updated on 2. Juni 2014"},"absolute_dates_time":{"created":"Posted on 2. Juni 2014 21:20","modified":"Updated on 2. Juni 2014 21:20"},"featured_img_caption":"","series_order":"","_links":{"self":[{"href":"https:\/\/www.fanprojekt-muenster.de\/wordpress\/wp-json\/wp\/v2\/posts\/2937","targetHints":{"allow":["GET"]}}],"collection":[{"href":"https:\/\/www.fanprojekt-muenster.de\/wordpress\/wp-json\/wp\/v2\/posts"}],"about":[{"href":"https:\/\/www.fanprojekt-muenster.de\/wordpress\/wp-json\/wp\/v2\/types\/post"}],"author":[{"embeddable":true,"href":"https:\/\/www.fanprojekt-muenster.de\/wordpress\/wp-json\/wp\/v2\/users\/2"}],"replies":[{"embeddable":true,"href":"https:\/\/www.fanprojekt-muenster.de\/wordpress\/wp-json\/wp\/v2\/comments?post=2937"}],"version-history":[{"count":0,"href":"https:\/\/www.fanprojekt-muenster.de\/wordpress\/wp-json\/wp\/v2\/posts\/2937\/revisions"}],"wp:featuredmedia":[{"embeddable":true,"href":"https:\/\/www.fanprojekt-muenster.de\/wordpress\/wp-json\/"}],"wp:attachment":[{"href":"https:\/\/www.fanprojekt-muenster.de\/wordpress\/wp-json\/wp\/v2\/media?parent=2937"}],"wp:term":[{"taxonomy":"category","embeddable":true,"href":"https:\/\/www.fanprojekt-muenster.de\/wordpress\/wp-json\/wp\/v2\/categories?post=2937"},{"taxonomy":"post_tag","embeddable":true,"href":"https:\/\/www.fanprojekt-muenster.de\/wordpress\/wp-json\/wp\/v2\/tags?post=2937"}],"curies":[{"name":"wp","href":"https:\/\/api.w.org\/{rel}","templated":true}]}}