{"id":2933,"date":"2014-05-27T21:05:58","date_gmt":"2014-05-27T19:05:58","guid":{"rendered":"http:\/\/www.fanprojekt-muenster.de\/?p=2933"},"modified":"2014-05-27T21:05:58","modified_gmt":"2014-05-27T19:05:58","slug":"fanprojekt-strukturiert-sich-um-und-braucht-unterstuetzung","status":"publish","type":"post","link":"https:\/\/www.fanprojekt-muenster.de\/wordpress\/fanprojekt-strukturiert-sich-um-und-braucht-unterstuetzung\/","title":{"rendered":"Fanprojekt strukturiert sich um und braucht Unterst\u00fctzung"},"content":{"rendered":"<div id=\"attachment_2648\" style=\"width: 810px\" class=\"wp-caption alignnone\"><a attid=\"2648\"  href=\"http:\/\/www.fanprojekt-muenster.de\/wp-content\/uploads\/2014\/02\/958668_1_comp_DPP_6033.jpg\"><img loading=\"lazy\" decoding=\"async\" aria-describedby=\"caption-attachment-2648\" src=\"http:\/\/www.fanprojekt-muenster.de\/wp-content\/uploads\/2014\/02\/958668_1_comp_DPP_6033.jpg\" alt=\"Foto: westline.de\" width=\"800\" height=\"522\" class=\"size-full wp-image-2648\" \/><\/a><p id=\"caption-attachment-2648\" class=\"wp-caption-text\">Foto: westline.de<\/p><\/div>\n<p>Als sich das Fanprojekt des SC Preu\u00dfen M\u00fcnster vor \u00fcber 13 Jahren offiziell gr\u00fcndete, hatte es anfangs nur ein paar Dutzend Mitglieder und noch nicht eine so gro\u00dfe Vielfalt an Aufgaben zu bew\u00e4ltigen wie heute. Denn heute sind es weit \u00fcber 550 Mitglieder und entsprechend viel Arbeit f\u00fcr den Vorstand und einige weitere Fanprojektler, die sich in ihrer Freizeit ehrenamtlich f\u00fcr Fans des SCP agieren.<\/p>\n<p>Nun ist es an der Zeit, uns intern umzustrukturieren. Ein Schritt dahin k\u00f6nnte die m\u00f6gliche Umbenennung des Fanprojektes in Fanabteilung sein, die sich weiteren Mitgliedern der vielf\u00e4ltigen Preu\u00dfen-Fanszene \u00f6ffnen m\u00f6chte. Ob und wann eine Umbenennung allerdings stattfindet, entscheiden zun\u00e4chst die Mitglieder, die in K\u00fcrze von uns angeschrieben und um ihre Meinung gebeten werden. Stimmt eine Mehrheit f\u00fcr eine Umbenennung, wird sich das Fanprojekt auf seiner n\u00e4chsten Jahreshauptversammlung im 3.Quartal 2014 mit diesem Thema befassen und es weiter konzipieren.<\/p>\n<p>Unabh\u00e4ngig von der Frage, ob das Fanprojekt seinen jetzigen Namen beh\u00e4lt, wird es zuk\u00fcnftig seine vielen Aufgaben mindestens so gut erf\u00fcllen wie bisher und sich noch breiter aufstellen. Wir haben noch viel vor. Und daf\u00fcr ben\u00f6tigen wir dringend Unterst\u00fctzung!<\/p>\n<p>Ob es um Organisation und Planung von Events wie \u201e<a href=\"http:\/\/www.fanprojekt-muenster.de\/preussenfans-und-mannschaft-geniessen-gemeinsamen-abend\/\" title=\"Preu\u00dfenfans und Mannschaft genie\u00dfen gemeinsamen Abend\" target=\"_blank\" rel=\"noopener noreferrer\">Grillen mit der Mannschaft<\/a>\u201c, oder den \u201e<a href=\"http:\/\/www.fanprojekt-muenster.de\/neujahrsempfang-des-preussen-fanprojektes-ein-voller-erfolg-2\/\" title=\"Neujahrsempfang des Preu\u00dfen-Fanprojektes ein voller Erfolg\" target=\"_blank\" rel=\"noopener noreferrer\">Neujahrsempfang<\/a>\u201c geht, um unser Medienprojekt \u201eRadio Mottekstrehle\u201c, um die Ausw\u00e4rtsfahrten im beliebten Fanprojektbus, um unsere Pr\u00e4senz bei den Heimspielen, bei Veranstaltungen des Vereins oder bei der Vermittlung und Unterst\u00fctzung bei Problemen innerhalb der Fanszene: Wir haben bereits damit begonnen und wollen dies noch ausbauen, unsere Projekte in kleine, eigenst\u00e4ndige Teams aufzusplitten, die sich dann auf ihren Kernbereich konzentrieren und bei gemeinsamen Vorstandssitzungen dem Vorstand berichten k\u00f6nnen. Das hat den Vorteil, dass nicht die gesamte Arbeit bei einigen wenigen Vorst\u00e4ndlern h\u00e4ngenbleibt. Wir haben uns und wollen uns noch viel st\u00e4rker mit Spezialisten aus unseren Fanprojektreihen auf die einzelnen Bereiche konzentrieren, um unsere Arbeit noch st\u00e4rker und durchsetzungskr\u00e4ftiger gestalten zu k\u00f6nnen.<br \/>\nDas <a href=\"http:\/\/www.fanprojekt-muenster.de\/fanradio\/radioteam\/\" title=\"Team Radio Mottekstrehle\" target=\"_blank\" rel=\"noopener noreferrer\">Team \u201eRadio Mottekstrehle\u201c<\/a> ist dabei unser internes Vorzeigeprojekt, nach dessen Vorbild wir k\u00fcnftig weitere \u201eUnter-Teams\u201c bilden m\u00f6chten. So suchen wir ganz konkret weitere Fanprojektler, die sich aktiv in die Organisation und Umsetzung unserer Ausw\u00e4rtsfahrten einbringen. Des Weiteren brauchen wir Hilfe in den Bereichen Veranstaltungen, Medien\/\u00d6ffentlichkeitsarbeit, Ausw\u00e4rtsspiel-Service sowie Infostand\/Heimspielservice. Weitere Teams sollen sp\u00e4ter folgen.<\/p>\n<p>Ihr seid Mitglied beim Fanprojekt und wollt euch aktiv in unsere Arbeit einbringen? Meldet euch unter <a href=\"mailto:machmit@fanprojekt-muenster.de\" title=\"Mach mit beim Fanprojekt M\u00fcnster\" target=\"_blank\" rel=\"noopener noreferrer\">machmit@fanprojekt-muenster.de<\/a> mit dem gew\u00fcnschten Aufgabenfeld und wir laden euch gern zu unserer n\u00e4chsten Vorstandssitzung ein, um alles weitere zu besprechen.<\/p>\n","protected":false},"excerpt":{"rendered":"<p>Als sich das Fanprojekt des SC Preu\u00dfen M\u00fcnster vor \u00fcber 13 Jahren offiziell gr\u00fcndete, hatte es anfangs nur ein paar Dutzend Mitglieder und noch nicht eine so gro\u00dfe Vielfalt an&#8230; <a class=\"read-more-link\" href=\"https:\/\/www.fanprojekt-muenster.de\/wordpress\/fanprojekt-strukturiert-sich-um-und-braucht-unterstuetzung\/\">Read more &raquo;<\/a><\/p>\n","protected":false},"author":2,"featured_media":2648,"comment_status":"open","ping_status":"open","sticky":false,"template":"","format":"standard","meta":{"advgb_blocks_editor_width":"","advgb_blocks_columns_visual_guide":"","footnotes":""},"categories":[3],"tags":[],"class_list":["post-2933","post","type-post","status-publish","format-standard","has-post-thumbnail","hentry","category-aktuelles"],"featured_image_src":null,"author_info":{"display_name":"fp_superadmin","author_link":"https:\/\/www.fanprojekt-muenster.de\/wordpress\/author\/fp_superadmin\/"},"yoast_head":"<!-- This site is optimized with the Yoast SEO plugin v27.2 - https:\/\/yoast.com\/product\/yoast-seo-wordpress\/ -->\n<title>Fanprojekt strukturiert sich um und braucht Unterst\u00fctzung - Fangemeinschaft Preu\u00dfen M\u00fcnster e. V.<\/title>\n<meta name=\"robots\" content=\"index, follow, max-snippet:-1, max-image-preview:large, max-video-preview:-1\" \/>\n<link rel=\"canonical\" href=\"https:\/\/www.fanprojekt-muenster.de\/wordpress\/fanprojekt-strukturiert-sich-um-und-braucht-unterstuetzung\/\" \/>\n<meta property=\"og:locale\" content=\"de_DE\" \/>\n<meta property=\"og:type\" content=\"article\" \/>\n<meta property=\"og:title\" content=\"Fanprojekt strukturiert sich um und braucht Unterst\u00fctzung - Fangemeinschaft Preu\u00dfen M\u00fcnster e. V.\" \/>\n<meta property=\"og:description\" content=\"Als sich das Fanprojekt des SC Preu\u00dfen M\u00fcnster vor \u00fcber 13 Jahren offiziell gr\u00fcndete, hatte es anfangs nur ein paar Dutzend Mitglieder und noch nicht eine so gro\u00dfe Vielfalt an... Read more &raquo;\" \/>\n<meta property=\"og:url\" content=\"https:\/\/www.fanprojekt-muenster.de\/wordpress\/fanprojekt-strukturiert-sich-um-und-braucht-unterstuetzung\/\" \/>\n<meta property=\"og:site_name\" content=\"Fangemeinschaft Preu\u00dfen M\u00fcnster e. V.\" \/>\n<meta property=\"article:published_time\" content=\"2014-05-27T19:05:58+00:00\" \/>\n<meta name=\"author\" content=\"fp_superadmin\" \/>\n<meta name=\"twitter:card\" content=\"summary_large_image\" \/>\n<meta name=\"twitter:label1\" content=\"Verfasst von\" \/>\n\t<meta name=\"twitter:data1\" content=\"fp_superadmin\" \/>\n\t<meta name=\"twitter:label2\" content=\"Gesch\u00e4tzte Lesezeit\" \/>\n\t<meta name=\"twitter:data2\" content=\"2\u00a0Minuten\" \/>\n<script type=\"application\/ld+json\" class=\"yoast-schema-graph\">{\"@context\":\"https:\/\/schema.org\",\"@graph\":[{\"@type\":\"Article\",\"@id\":\"https:\/\/www.fanprojekt-muenster.de\/wordpress\/fanprojekt-strukturiert-sich-um-und-braucht-unterstuetzung\/#article\",\"isPartOf\":{\"@id\":\"https:\/\/www.fanprojekt-muenster.de\/wordpress\/fanprojekt-strukturiert-sich-um-und-braucht-unterstuetzung\/\"},\"author\":{\"name\":\"fp_superadmin\",\"@id\":\"https:\/\/www.fanprojekt-muenster.de\/wordpress\/#\/schema\/person\/9126cc4d73d0d07c75b487075111186c\"},\"headline\":\"Fanprojekt strukturiert sich um und braucht Unterst\u00fctzung\",\"datePublished\":\"2014-05-27T19:05:58+00:00\",\"mainEntityOfPage\":{\"@id\":\"https:\/\/www.fanprojekt-muenster.de\/wordpress\/fanprojekt-strukturiert-sich-um-und-braucht-unterstuetzung\/\"},\"wordCount\":456,\"commentCount\":0,\"publisher\":{\"@id\":\"https:\/\/www.fanprojekt-muenster.de\/wordpress\/#organization\"},\"image\":{\"@id\":\"https:\/\/www.fanprojekt-muenster.de\/wordpress\/fanprojekt-strukturiert-sich-um-und-braucht-unterstuetzung\/#primaryimage\"},\"thumbnailUrl\":\"\",\"articleSection\":[\"Aktuelles\"],\"inLanguage\":\"de\",\"potentialAction\":[{\"@type\":\"CommentAction\",\"name\":\"Comment\",\"target\":[\"https:\/\/www.fanprojekt-muenster.de\/wordpress\/fanprojekt-strukturiert-sich-um-und-braucht-unterstuetzung\/#respond\"]}]},{\"@type\":\"WebPage\",\"@id\":\"https:\/\/www.fanprojekt-muenster.de\/wordpress\/fanprojekt-strukturiert-sich-um-und-braucht-unterstuetzung\/\",\"url\":\"https:\/\/www.fanprojekt-muenster.de\/wordpress\/fanprojekt-strukturiert-sich-um-und-braucht-unterstuetzung\/\",\"name\":\"Fanprojekt strukturiert sich um und braucht Unterst\u00fctzung - Fangemeinschaft Preu\u00dfen M\u00fcnster e. V.\",\"isPartOf\":{\"@id\":\"https:\/\/www.fanprojekt-muenster.de\/wordpress\/#website\"},\"primaryImageOfPage\":{\"@id\":\"https:\/\/www.fanprojekt-muenster.de\/wordpress\/fanprojekt-strukturiert-sich-um-und-braucht-unterstuetzung\/#primaryimage\"},\"image\":{\"@id\":\"https:\/\/www.fanprojekt-muenster.de\/wordpress\/fanprojekt-strukturiert-sich-um-und-braucht-unterstuetzung\/#primaryimage\"},\"thumbnailUrl\":\"\",\"datePublished\":\"2014-05-27T19:05:58+00:00\",\"breadcrumb\":{\"@id\":\"https:\/\/www.fanprojekt-muenster.de\/wordpress\/fanprojekt-strukturiert-sich-um-und-braucht-unterstuetzung\/#breadcrumb\"},\"inLanguage\":\"de\",\"potentialAction\":[{\"@type\":\"ReadAction\",\"target\":[\"https:\/\/www.fanprojekt-muenster.de\/wordpress\/fanprojekt-strukturiert-sich-um-und-braucht-unterstuetzung\/\"]}]},{\"@type\":\"ImageObject\",\"inLanguage\":\"de\",\"@id\":\"https:\/\/www.fanprojekt-muenster.de\/wordpress\/fanprojekt-strukturiert-sich-um-und-braucht-unterstuetzung\/#primaryimage\",\"url\":\"\",\"contentUrl\":\"\"},{\"@type\":\"BreadcrumbList\",\"@id\":\"https:\/\/www.fanprojekt-muenster.de\/wordpress\/fanprojekt-strukturiert-sich-um-und-braucht-unterstuetzung\/#breadcrumb\",\"itemListElement\":[{\"@type\":\"ListItem\",\"position\":1,\"name\":\"Startseite\",\"item\":\"https:\/\/www.fanprojekt-muenster.de\/wordpress\/\"},{\"@type\":\"ListItem\",\"position\":2,\"name\":\"Fanprojekt strukturiert sich um und braucht Unterst\u00fctzung\"}]},{\"@type\":\"WebSite\",\"@id\":\"https:\/\/www.fanprojekt-muenster.de\/wordpress\/#website\",\"url\":\"https:\/\/www.fanprojekt-muenster.de\/wordpress\/\",\"name\":\"Fangemeinschaft Preu\u00dfen M\u00fcnster e. V.\",\"description\":\"\",\"publisher\":{\"@id\":\"https:\/\/www.fanprojekt-muenster.de\/wordpress\/#organization\"},\"potentialAction\":[{\"@type\":\"SearchAction\",\"target\":{\"@type\":\"EntryPoint\",\"urlTemplate\":\"https:\/\/www.fanprojekt-muenster.de\/wordpress\/?s={search_term_string}\"},\"query-input\":{\"@type\":\"PropertyValueSpecification\",\"valueRequired\":true,\"valueName\":\"search_term_string\"}}],\"inLanguage\":\"de\"},{\"@type\":\"Organization\",\"@id\":\"https:\/\/www.fanprojekt-muenster.de\/wordpress\/#organization\",\"name\":\"Fangemeinschaft Preu\u00dfen M\u00fcnster e. V.\",\"url\":\"https:\/\/www.fanprojekt-muenster.de\/wordpress\/\",\"logo\":{\"@type\":\"ImageObject\",\"inLanguage\":\"de\",\"@id\":\"https:\/\/www.fanprojekt-muenster.de\/wordpress\/#\/schema\/logo\/image\/\",\"url\":\"https:\/\/www.fanprojekt-muenster.de\/wordpress\/wp-content\/uploads\/2019\/07\/cropped-Website_Logo3-9.png\",\"contentUrl\":\"https:\/\/www.fanprojekt-muenster.de\/wordpress\/wp-content\/uploads\/2019\/07\/cropped-Website_Logo3-9.png\",\"width\":224,\"height\":42,\"caption\":\"Fangemeinschaft Preu\u00dfen M\u00fcnster e. V.\"},\"image\":{\"@id\":\"https:\/\/www.fanprojekt-muenster.de\/wordpress\/#\/schema\/logo\/image\/\"}},{\"@type\":\"Person\",\"@id\":\"https:\/\/www.fanprojekt-muenster.de\/wordpress\/#\/schema\/person\/9126cc4d73d0d07c75b487075111186c\",\"name\":\"fp_superadmin\",\"url\":\"https:\/\/www.fanprojekt-muenster.de\/wordpress\/author\/fp_superadmin\/\"}]}<\/script>\n<!-- \/ Yoast SEO plugin. -->","yoast_head_json":{"title":"Fanprojekt strukturiert sich um und braucht Unterst\u00fctzung - Fangemeinschaft Preu\u00dfen M\u00fcnster e. V.","robots":{"index":"index","follow":"follow","max-snippet":"max-snippet:-1","max-image-preview":"max-image-preview:large","max-video-preview":"max-video-preview:-1"},"canonical":"https:\/\/www.fanprojekt-muenster.de\/wordpress\/fanprojekt-strukturiert-sich-um-und-braucht-unterstuetzung\/","og_locale":"de_DE","og_type":"article","og_title":"Fanprojekt strukturiert sich um und braucht Unterst\u00fctzung - Fangemeinschaft Preu\u00dfen M\u00fcnster e. V.","og_description":"Als sich das Fanprojekt des SC Preu\u00dfen M\u00fcnster vor \u00fcber 13 Jahren offiziell gr\u00fcndete, hatte es anfangs nur ein paar Dutzend Mitglieder und noch nicht eine so gro\u00dfe Vielfalt an... Read more &raquo;","og_url":"https:\/\/www.fanprojekt-muenster.de\/wordpress\/fanprojekt-strukturiert-sich-um-und-braucht-unterstuetzung\/","og_site_name":"Fangemeinschaft Preu\u00dfen M\u00fcnster e. V.","article_published_time":"2014-05-27T19:05:58+00:00","author":"fp_superadmin","twitter_card":"summary_large_image","twitter_misc":{"Verfasst von":"fp_superadmin","Gesch\u00e4tzte Lesezeit":"2\u00a0Minuten"},"schema":{"@context":"https:\/\/schema.org","@graph":[{"@type":"Article","@id":"https:\/\/www.fanprojekt-muenster.de\/wordpress\/fanprojekt-strukturiert-sich-um-und-braucht-unterstuetzung\/#article","isPartOf":{"@id":"https:\/\/www.fanprojekt-muenster.de\/wordpress\/fanprojekt-strukturiert-sich-um-und-braucht-unterstuetzung\/"},"author":{"name":"fp_superadmin","@id":"https:\/\/www.fanprojekt-muenster.de\/wordpress\/#\/schema\/person\/9126cc4d73d0d07c75b487075111186c"},"headline":"Fanprojekt strukturiert sich um und braucht Unterst\u00fctzung","datePublished":"2014-05-27T19:05:58+00:00","mainEntityOfPage":{"@id":"https:\/\/www.fanprojekt-muenster.de\/wordpress\/fanprojekt-strukturiert-sich-um-und-braucht-unterstuetzung\/"},"wordCount":456,"commentCount":0,"publisher":{"@id":"https:\/\/www.fanprojekt-muenster.de\/wordpress\/#organization"},"image":{"@id":"https:\/\/www.fanprojekt-muenster.de\/wordpress\/fanprojekt-strukturiert-sich-um-und-braucht-unterstuetzung\/#primaryimage"},"thumbnailUrl":"","articleSection":["Aktuelles"],"inLanguage":"de","potentialAction":[{"@type":"CommentAction","name":"Comment","target":["https:\/\/www.fanprojekt-muenster.de\/wordpress\/fanprojekt-strukturiert-sich-um-und-braucht-unterstuetzung\/#respond"]}]},{"@type":"WebPage","@id":"https:\/\/www.fanprojekt-muenster.de\/wordpress\/fanprojekt-strukturiert-sich-um-und-braucht-unterstuetzung\/","url":"https:\/\/www.fanprojekt-muenster.de\/wordpress\/fanprojekt-strukturiert-sich-um-und-braucht-unterstuetzung\/","name":"Fanprojekt strukturiert sich um und braucht Unterst\u00fctzung - Fangemeinschaft Preu\u00dfen M\u00fcnster e. V.","isPartOf":{"@id":"https:\/\/www.fanprojekt-muenster.de\/wordpress\/#website"},"primaryImageOfPage":{"@id":"https:\/\/www.fanprojekt-muenster.de\/wordpress\/fanprojekt-strukturiert-sich-um-und-braucht-unterstuetzung\/#primaryimage"},"image":{"@id":"https:\/\/www.fanprojekt-muenster.de\/wordpress\/fanprojekt-strukturiert-sich-um-und-braucht-unterstuetzung\/#primaryimage"},"thumbnailUrl":"","datePublished":"2014-05-27T19:05:58+00:00","breadcrumb":{"@id":"https:\/\/www.fanprojekt-muenster.de\/wordpress\/fanprojekt-strukturiert-sich-um-und-braucht-unterstuetzung\/#breadcrumb"},"inLanguage":"de","potentialAction":[{"@type":"ReadAction","target":["https:\/\/www.fanprojekt-muenster.de\/wordpress\/fanprojekt-strukturiert-sich-um-und-braucht-unterstuetzung\/"]}]},{"@type":"ImageObject","inLanguage":"de","@id":"https:\/\/www.fanprojekt-muenster.de\/wordpress\/fanprojekt-strukturiert-sich-um-und-braucht-unterstuetzung\/#primaryimage","url":"","contentUrl":""},{"@type":"BreadcrumbList","@id":"https:\/\/www.fanprojekt-muenster.de\/wordpress\/fanprojekt-strukturiert-sich-um-und-braucht-unterstuetzung\/#breadcrumb","itemListElement":[{"@type":"ListItem","position":1,"name":"Startseite","item":"https:\/\/www.fanprojekt-muenster.de\/wordpress\/"},{"@type":"ListItem","position":2,"name":"Fanprojekt strukturiert sich um und braucht Unterst\u00fctzung"}]},{"@type":"WebSite","@id":"https:\/\/www.fanprojekt-muenster.de\/wordpress\/#website","url":"https:\/\/www.fanprojekt-muenster.de\/wordpress\/","name":"Fangemeinschaft Preu\u00dfen M\u00fcnster e. V.","description":"","publisher":{"@id":"https:\/\/www.fanprojekt-muenster.de\/wordpress\/#organization"},"potentialAction":[{"@type":"SearchAction","target":{"@type":"EntryPoint","urlTemplate":"https:\/\/www.fanprojekt-muenster.de\/wordpress\/?s={search_term_string}"},"query-input":{"@type":"PropertyValueSpecification","valueRequired":true,"valueName":"search_term_string"}}],"inLanguage":"de"},{"@type":"Organization","@id":"https:\/\/www.fanprojekt-muenster.de\/wordpress\/#organization","name":"Fangemeinschaft Preu\u00dfen M\u00fcnster e. V.","url":"https:\/\/www.fanprojekt-muenster.de\/wordpress\/","logo":{"@type":"ImageObject","inLanguage":"de","@id":"https:\/\/www.fanprojekt-muenster.de\/wordpress\/#\/schema\/logo\/image\/","url":"https:\/\/www.fanprojekt-muenster.de\/wordpress\/wp-content\/uploads\/2019\/07\/cropped-Website_Logo3-9.png","contentUrl":"https:\/\/www.fanprojekt-muenster.de\/wordpress\/wp-content\/uploads\/2019\/07\/cropped-Website_Logo3-9.png","width":224,"height":42,"caption":"Fangemeinschaft Preu\u00dfen M\u00fcnster e. V."},"image":{"@id":"https:\/\/www.fanprojekt-muenster.de\/wordpress\/#\/schema\/logo\/image\/"}},{"@type":"Person","@id":"https:\/\/www.fanprojekt-muenster.de\/wordpress\/#\/schema\/person\/9126cc4d73d0d07c75b487075111186c","name":"fp_superadmin","url":"https:\/\/www.fanprojekt-muenster.de\/wordpress\/author\/fp_superadmin\/"}]}},"author_meta":{"display_name":"fp_superadmin","author_link":"https:\/\/www.fanprojekt-muenster.de\/wordpress\/author\/fp_superadmin\/"},"featured_img":null,"coauthors":[],"tax_additional":{"categories":{"linked":["<a href=\"https:\/\/www.fanprojekt-muenster.de\/wordpress\/category\/aktuelles\/\" class=\"advgb-post-tax-term\">Aktuelles<\/a>"],"unlinked":["<span class=\"advgb-post-tax-term\">Aktuelles<\/span>"]}},"comment_count":"0","relative_dates":{"created":"Posted 12\u00a0Jahren ago","modified":"Updated 12\u00a0Jahren ago"},"absolute_dates":{"created":"Posted on 27. Mai 2014","modified":"Updated on 27. Mai 2014"},"absolute_dates_time":{"created":"Posted on 27. Mai 2014 21:05","modified":"Updated on 27. Mai 2014 21:05"},"featured_img_caption":"","series_order":"","_links":{"self":[{"href":"https:\/\/www.fanprojekt-muenster.de\/wordpress\/wp-json\/wp\/v2\/posts\/2933","targetHints":{"allow":["GET"]}}],"collection":[{"href":"https:\/\/www.fanprojekt-muenster.de\/wordpress\/wp-json\/wp\/v2\/posts"}],"about":[{"href":"https:\/\/www.fanprojekt-muenster.de\/wordpress\/wp-json\/wp\/v2\/types\/post"}],"author":[{"embeddable":true,"href":"https:\/\/www.fanprojekt-muenster.de\/wordpress\/wp-json\/wp\/v2\/users\/2"}],"replies":[{"embeddable":true,"href":"https:\/\/www.fanprojekt-muenster.de\/wordpress\/wp-json\/wp\/v2\/comments?post=2933"}],"version-history":[{"count":0,"href":"https:\/\/www.fanprojekt-muenster.de\/wordpress\/wp-json\/wp\/v2\/posts\/2933\/revisions"}],"wp:featuredmedia":[{"embeddable":true,"href":"https:\/\/www.fanprojekt-muenster.de\/wordpress\/wp-json\/"}],"wp:attachment":[{"href":"https:\/\/www.fanprojekt-muenster.de\/wordpress\/wp-json\/wp\/v2\/media?parent=2933"}],"wp:term":[{"taxonomy":"category","embeddable":true,"href":"https:\/\/www.fanprojekt-muenster.de\/wordpress\/wp-json\/wp\/v2\/categories?post=2933"},{"taxonomy":"post_tag","embeddable":true,"href":"https:\/\/www.fanprojekt-muenster.de\/wordpress\/wp-json\/wp\/v2\/tags?post=2933"}],"curies":[{"name":"wp","href":"https:\/\/api.w.org\/{rel}","templated":true}]}}