{"id":2922,"date":"2014-05-19T17:04:54","date_gmt":"2014-05-19T15:04:54","guid":{"rendered":"http:\/\/www.fanprojekt-muenster.de\/?p=2922"},"modified":"2014-05-19T17:04:54","modified_gmt":"2014-05-19T15:04:54","slug":"saisonrueckblick-20132014","status":"publish","type":"post","link":"https:\/\/www.fanprojekt-muenster.de\/wordpress\/saisonrueckblick-20132014\/","title":{"rendered":"Saisonr\u00fcckblick 2013\/2014"},"content":{"rendered":"<p><img loading=\"lazy\" decoding=\"async\" class=\"alignnone size-large wp-image-2923\" src=\"http:\/\/www.fanprojekt-muenster.de\/wp-content\/uploads\/2014\/05\/Saisonrueckblick_2013-1024x640.jpg\" alt=\"Saisonrueckblick_2013\" width=\"960\" height=\"600\" \/><\/p>\n<p>Das Fanprojekt des SC Preu\u00dfen M\u00fcnster blickt \u2013 wie der gesamte Verein \u2013 auf eine spannende, facettenreiche Saison zur\u00fcck. Wir verzichten an dieser Stelle auf die Bewertung der sportlichen Leistungen \u2013 ebenso wie die des Trainerwechsels, der Dammeier-Anekdote sowie sonstiger Kuriosit\u00e4ten rund um unseren geliebten SCP. Stattdessen blicken wir auf das Fanprojektjahr 2013\/2014 zur\u00fcck. Das hatte es in sich und bescherte uns viel Arbeit, die wir \u2013 hoffentlich im Sinne unserer inzwischen 540 Mitglieder \u2013 erledigt haben.<br \/>\nZum Saisonbeginn hatten wir eine Initiative zur <a title=\"Umbennung Fanprojekt\" href=\"http:\/\/www.fanprojekt-muenster.de\/fanprojekt-des-sc-preusen-munster-wachst-und-hat-viel-vor\/\" target=\"_blank\" rel=\"noopener noreferrer\">Umbenennung des Fanprojektes<\/a> gestartet. Dies hat sich nicht wirklich fortentwickelt, so dass wir in K\u00fcrze Euch, unsere Mitglieder, anschreiben und um ein Voting pro oder kontra Umbenennung des Fanprojektes bitten werden.<br \/>\nWir haben im vergangenen Jahr unsere <a title=\"Neue Website und App\" href=\"http:\/\/www.fanprojekt-muenster.de\/preussen-fanprojekt-mit-neuer-website-und-neuer-app\/\" target=\"_blank\" rel=\"noopener noreferrer\">Website runderneuert und eine eigene App<\/a> auf den Markt gebracht. Beides kam bei unseren Mitgliedern und vielen weiteren Preu\u00dfenfans sehr gut an und best\u00e4rkt uns darin, auch auf diesen wichtigen kommunikativen Wegen weiterzuarbeiten und uns und unsere Angebote zu entwickeln. Dazu geh\u00f6rt auch unser Fanradio \u201e<a title=\"Radio Mottekstrehle\" href=\"http:\/\/www.fanprojekt-muenster.de\/fanradio\/radioteam\/\" target=\"_blank\" rel=\"noopener noreferrer\">Radio Mottekstrehle<\/a>\u201c. Hier verzeichnen wir \u2013 besonders dann, wenn keine Live-Streams oder Live-TV-\u00dcbertragungen laufen \u2013 sehr erfreuliche Zugriffszahlen, die uns anspornen, unseren Weg weiterzugehen. Auch wenn technisch nicht immer alles fehlerfrei lief: Wir sind stolz auf die Arbeit unseres eigenen Radio-Teams und freuen uns, diesen Service auch in der kommenden Saison anzubieten.<br \/>\nVor dem <a title=\"Trikot\u00fcbergabe Chemnitz\" href=\"http:\/\/www.fanprojekt-muenster.de\/fanprojekt-muenster-und-cfc-fans-mit-einer-besonderen-trikotuebergabe\/\" target=\"_blank\" rel=\"noopener noreferrer\">Spiel der Preu\u00dfen in Chemnitz<\/a> haben Vertreter des Fanprojektes sowie Fans der Chemnitzer gemeinsam ein Trikot an den Partner einer vom Schicksal hart getroffenen Frau \u00fcbergeben.<br \/>\nDas Fanprojekt hat seine Mitglieder im Sp\u00e4therbst zum traditionellen und beliebten \u201e<a title=\"Grillen mit der Mannschaft\" href=\"http:\/\/www.fanprojekt-muenster.de\/preussenfans-und-mannschaft-geniessen-gemeinsamen-abend\/\" target=\"_blank\" rel=\"noopener noreferrer\">Grillen<\/a>\u201c mit der Mannschaft geladen. Wegen des versp\u00e4teten Termins wurde diesmal nicht gegrillt, daf\u00fcr gibt es einen schmackhaften Eintopf. Rund 70 Fans sowie die Mannschaft des SC Preu\u00dfen waren gekommen und haben angeregt diskutiert, gemeinsam gekickert und ein paar tolle Stunden zusammen verbracht, die das Gemeinschaftsgef\u00fchl sicher gest\u00e4rkt haben.<br \/>\nNeu initiiert hat das FP im neuen Jahr gemeinsam mit dem Verein, was sich viele Fans immer schon gew\u00fcnscht haben: Die Zuschauer bestimmen mit, welche Lieder vor den Heimspielen im Stadion gespielt werden. Ein <a title=\"Musikw\u00fcnsche\" href=\"http:\/\/www.fanprojekt-muenster.de\/eure-musikwuensche-zu-den-heimspielen\/\" target=\"_blank\" rel=\"noopener noreferrer\">Service<\/a>, der rege genutzt wird und viele Fans freut.<br \/>\n\u00dcber 200 Mitglieder waren im Januar in die Business-R\u00e4ume der Haupttrib\u00fcne gekommen, um im Kreise der Preu\u00dfen-Familie den <a title=\"Neujahrsempfang\" href=\"http:\/\/www.fanprojekt-muenster.de\/neujahrsempfang-des-preussen-fanprojektes-ein-voller-erfolg-2\/\" target=\"_blank\" rel=\"noopener noreferrer\">Neujahrsempfang<\/a> zu feiern. Unter ihnen waren auch die komplette Mannschaft, die sich an die Tische der Fans mischte, Trainer Ralf Loose, Carsten Gockel und Siggi H\u00f6ing vom Vorstand. Die Organisatoren hatten ein tolles Programm, leckeres Essen und preisg\u00fcnstige Getr\u00e4nke angeboten und die Fans waren begeistert.<br \/>\nUnsere Bus-Angebote zu fast allen Ausw\u00e4rtsspielen (16 von 19) sind wieder toll angenommen worden. Fast 800 G\u00e4ste (85 % Auslastung) fuhren dabei 12.500 Kilometer durch die Republik. In der abgelaufenen Saison konnten wir die Busfahrten kostendeckend organisieren. Die \u00dcbernachtungs-Fahrt nach <a title=\"Unterhaching Erlebnisbericht\" href=\"http:\/\/www.fanprojekt-muenster.de\/erlebnisbericht-ueber-die-fahrt-nach-unterhaching\/\" target=\"_blank\" rel=\"noopener noreferrer\">Unterhaching<\/a> war nur ein Highlight. Die Mitfahrer loben den gro\u00dfen Spa\u00df und Zusammenhalt auf unseren Touren. Wir werden dies in der kommenden Saison nat\u00fcrlich wieder anbieten.<br \/>\nZum Schluss ein herzliches Dankesch\u00f6n an die engagierten Organisatoren der Busfahrten, an das gesamte Vorstandsteam sowie die vielen Helfer im Hintergrund, ohne die wir unsere zahlreichen Aufgaben nicht so erf\u00fcllen k\u00f6nnten. Und damit m\u00f6chten wir auch noch einmal darauf hinweisen, dass wir f\u00fcr die Zukunft noch Hilfe ben\u00f6tigen: Erstens brauchen wir weitere Sponsoren und zweitens aktive Fanprojekt-Mitglieder, die sich in unsere Arbeit tatkr\u00e4ftig einbringen. <a title=\"Kontakt\" href=\"http:\/\/www.fanprojekt-muenster.de\/kontakt\/\" target=\"_blank\" rel=\"noopener noreferrer\">Meldet<\/a> euch bei Interesse gern bei uns.<br \/>\nDas Fanprojekt w\u00fcnscht euch eine sch\u00f6ne Sommerpause und freut sich auf die neue Saison!<\/p>\n","protected":false},"excerpt":{"rendered":"<p>Das Fanprojekt des SC Preu\u00dfen M\u00fcnster blickt \u2013 wie der gesamte Verein \u2013 auf eine spannende, facettenreiche Saison zur\u00fcck. Wir verzichten an dieser Stelle auf die Bewertung der sportlichen Leistungen&#8230; <a class=\"read-more-link\" href=\"https:\/\/www.fanprojekt-muenster.de\/wordpress\/saisonrueckblick-20132014\/\">Read more &raquo;<\/a><\/p>\n","protected":false},"author":2,"featured_media":2923,"comment_status":"open","ping_status":"open","sticky":false,"template":"","format":"standard","meta":{"advgb_blocks_editor_width":"","advgb_blocks_columns_visual_guide":"","footnotes":""},"categories":[3],"tags":[25,26,28,112,220,283],"class_list":["post-2922","post","type-post","status-publish","format-standard","has-post-thumbnail","hentry","category-aktuelles","tag-25","tag-26","tag-3-liga-2","tag-fanprojekt","tag-saisonrueckblick","tag-von-fans-fuer-fans"],"featured_image_src":null,"author_info":{"display_name":"fp_superadmin","author_link":"https:\/\/www.fanprojekt-muenster.de\/wordpress\/author\/fp_superadmin\/"},"yoast_head":"<!-- This site is optimized with the Yoast SEO plugin v27.2 - https:\/\/yoast.com\/product\/yoast-seo-wordpress\/ -->\n<title>Saisonr\u00fcckblick 2013\/2014 - Fangemeinschaft Preu\u00dfen M\u00fcnster e. V.<\/title>\n<meta name=\"robots\" content=\"index, follow, max-snippet:-1, max-image-preview:large, max-video-preview:-1\" \/>\n<link rel=\"canonical\" href=\"https:\/\/www.fanprojekt-muenster.de\/wordpress\/saisonrueckblick-20132014\/\" \/>\n<meta property=\"og:locale\" content=\"de_DE\" \/>\n<meta property=\"og:type\" content=\"article\" \/>\n<meta property=\"og:title\" content=\"Saisonr\u00fcckblick 2013\/2014 - Fangemeinschaft Preu\u00dfen M\u00fcnster e. V.\" \/>\n<meta property=\"og:description\" content=\"Das Fanprojekt des SC Preu\u00dfen M\u00fcnster blickt \u2013 wie der gesamte Verein \u2013 auf eine spannende, facettenreiche Saison zur\u00fcck. Wir verzichten an dieser Stelle auf die Bewertung der sportlichen Leistungen... Read more &raquo;\" \/>\n<meta property=\"og:url\" content=\"https:\/\/www.fanprojekt-muenster.de\/wordpress\/saisonrueckblick-20132014\/\" \/>\n<meta property=\"og:site_name\" content=\"Fangemeinschaft Preu\u00dfen M\u00fcnster e. V.\" \/>\n<meta property=\"article:published_time\" content=\"2014-05-19T15:04:54+00:00\" \/>\n<meta name=\"author\" content=\"fp_superadmin\" \/>\n<meta name=\"twitter:card\" content=\"summary_large_image\" \/>\n<meta name=\"twitter:label1\" content=\"Verfasst von\" \/>\n\t<meta name=\"twitter:data1\" content=\"fp_superadmin\" \/>\n\t<meta name=\"twitter:label2\" content=\"Gesch\u00e4tzte Lesezeit\" \/>\n\t<meta name=\"twitter:data2\" content=\"3\u00a0Minuten\" \/>\n<script type=\"application\/ld+json\" class=\"yoast-schema-graph\">{\"@context\":\"https:\/\/schema.org\",\"@graph\":[{\"@type\":\"Article\",\"@id\":\"https:\/\/www.fanprojekt-muenster.de\/wordpress\/saisonrueckblick-20132014\/#article\",\"isPartOf\":{\"@id\":\"https:\/\/www.fanprojekt-muenster.de\/wordpress\/saisonrueckblick-20132014\/\"},\"author\":{\"name\":\"fp_superadmin\",\"@id\":\"https:\/\/www.fanprojekt-muenster.de\/wordpress\/#\/schema\/person\/9126cc4d73d0d07c75b487075111186c\"},\"headline\":\"Saisonr\u00fcckblick 2013\/2014\",\"datePublished\":\"2014-05-19T15:04:54+00:00\",\"mainEntityOfPage\":{\"@id\":\"https:\/\/www.fanprojekt-muenster.de\/wordpress\/saisonrueckblick-20132014\/\"},\"wordCount\":585,\"commentCount\":0,\"publisher\":{\"@id\":\"https:\/\/www.fanprojekt-muenster.de\/wordpress\/#organization\"},\"image\":{\"@id\":\"https:\/\/www.fanprojekt-muenster.de\/wordpress\/saisonrueckblick-20132014\/#primaryimage\"},\"thumbnailUrl\":\"\",\"keywords\":[\"2013\",\"2014\",\"3.Liga\",\"Fanprojekt\",\"Saisonr\u00fcckblick\",\"Von Fans f\u00fcr Fans\"],\"articleSection\":[\"Aktuelles\"],\"inLanguage\":\"de\",\"potentialAction\":[{\"@type\":\"CommentAction\",\"name\":\"Comment\",\"target\":[\"https:\/\/www.fanprojekt-muenster.de\/wordpress\/saisonrueckblick-20132014\/#respond\"]}]},{\"@type\":\"WebPage\",\"@id\":\"https:\/\/www.fanprojekt-muenster.de\/wordpress\/saisonrueckblick-20132014\/\",\"url\":\"https:\/\/www.fanprojekt-muenster.de\/wordpress\/saisonrueckblick-20132014\/\",\"name\":\"Saisonr\u00fcckblick 2013\/2014 - Fangemeinschaft Preu\u00dfen M\u00fcnster e. V.\",\"isPartOf\":{\"@id\":\"https:\/\/www.fanprojekt-muenster.de\/wordpress\/#website\"},\"primaryImageOfPage\":{\"@id\":\"https:\/\/www.fanprojekt-muenster.de\/wordpress\/saisonrueckblick-20132014\/#primaryimage\"},\"image\":{\"@id\":\"https:\/\/www.fanprojekt-muenster.de\/wordpress\/saisonrueckblick-20132014\/#primaryimage\"},\"thumbnailUrl\":\"\",\"datePublished\":\"2014-05-19T15:04:54+00:00\",\"breadcrumb\":{\"@id\":\"https:\/\/www.fanprojekt-muenster.de\/wordpress\/saisonrueckblick-20132014\/#breadcrumb\"},\"inLanguage\":\"de\",\"potentialAction\":[{\"@type\":\"ReadAction\",\"target\":[\"https:\/\/www.fanprojekt-muenster.de\/wordpress\/saisonrueckblick-20132014\/\"]}]},{\"@type\":\"ImageObject\",\"inLanguage\":\"de\",\"@id\":\"https:\/\/www.fanprojekt-muenster.de\/wordpress\/saisonrueckblick-20132014\/#primaryimage\",\"url\":\"\",\"contentUrl\":\"\"},{\"@type\":\"BreadcrumbList\",\"@id\":\"https:\/\/www.fanprojekt-muenster.de\/wordpress\/saisonrueckblick-20132014\/#breadcrumb\",\"itemListElement\":[{\"@type\":\"ListItem\",\"position\":1,\"name\":\"Startseite\",\"item\":\"https:\/\/www.fanprojekt-muenster.de\/wordpress\/\"},{\"@type\":\"ListItem\",\"position\":2,\"name\":\"Saisonr\u00fcckblick 2013\/2014\"}]},{\"@type\":\"WebSite\",\"@id\":\"https:\/\/www.fanprojekt-muenster.de\/wordpress\/#website\",\"url\":\"https:\/\/www.fanprojekt-muenster.de\/wordpress\/\",\"name\":\"Fangemeinschaft Preu\u00dfen M\u00fcnster e. V.\",\"description\":\"\",\"publisher\":{\"@id\":\"https:\/\/www.fanprojekt-muenster.de\/wordpress\/#organization\"},\"potentialAction\":[{\"@type\":\"SearchAction\",\"target\":{\"@type\":\"EntryPoint\",\"urlTemplate\":\"https:\/\/www.fanprojekt-muenster.de\/wordpress\/?s={search_term_string}\"},\"query-input\":{\"@type\":\"PropertyValueSpecification\",\"valueRequired\":true,\"valueName\":\"search_term_string\"}}],\"inLanguage\":\"de\"},{\"@type\":\"Organization\",\"@id\":\"https:\/\/www.fanprojekt-muenster.de\/wordpress\/#organization\",\"name\":\"Fangemeinschaft Preu\u00dfen M\u00fcnster e. V.\",\"url\":\"https:\/\/www.fanprojekt-muenster.de\/wordpress\/\",\"logo\":{\"@type\":\"ImageObject\",\"inLanguage\":\"de\",\"@id\":\"https:\/\/www.fanprojekt-muenster.de\/wordpress\/#\/schema\/logo\/image\/\",\"url\":\"https:\/\/www.fanprojekt-muenster.de\/wordpress\/wp-content\/uploads\/2019\/07\/cropped-Website_Logo3-9.png\",\"contentUrl\":\"https:\/\/www.fanprojekt-muenster.de\/wordpress\/wp-content\/uploads\/2019\/07\/cropped-Website_Logo3-9.png\",\"width\":224,\"height\":42,\"caption\":\"Fangemeinschaft Preu\u00dfen M\u00fcnster e. V.\"},\"image\":{\"@id\":\"https:\/\/www.fanprojekt-muenster.de\/wordpress\/#\/schema\/logo\/image\/\"}},{\"@type\":\"Person\",\"@id\":\"https:\/\/www.fanprojekt-muenster.de\/wordpress\/#\/schema\/person\/9126cc4d73d0d07c75b487075111186c\",\"name\":\"fp_superadmin\",\"url\":\"https:\/\/www.fanprojekt-muenster.de\/wordpress\/author\/fp_superadmin\/\"}]}<\/script>\n<!-- \/ Yoast SEO plugin. -->","yoast_head_json":{"title":"Saisonr\u00fcckblick 2013\/2014 - Fangemeinschaft Preu\u00dfen M\u00fcnster e. V.","robots":{"index":"index","follow":"follow","max-snippet":"max-snippet:-1","max-image-preview":"max-image-preview:large","max-video-preview":"max-video-preview:-1"},"canonical":"https:\/\/www.fanprojekt-muenster.de\/wordpress\/saisonrueckblick-20132014\/","og_locale":"de_DE","og_type":"article","og_title":"Saisonr\u00fcckblick 2013\/2014 - Fangemeinschaft Preu\u00dfen M\u00fcnster e. V.","og_description":"Das Fanprojekt des SC Preu\u00dfen M\u00fcnster blickt \u2013 wie der gesamte Verein \u2013 auf eine spannende, facettenreiche Saison zur\u00fcck. Wir verzichten an dieser Stelle auf die Bewertung der sportlichen Leistungen... Read more &raquo;","og_url":"https:\/\/www.fanprojekt-muenster.de\/wordpress\/saisonrueckblick-20132014\/","og_site_name":"Fangemeinschaft Preu\u00dfen M\u00fcnster e. V.","article_published_time":"2014-05-19T15:04:54+00:00","author":"fp_superadmin","twitter_card":"summary_large_image","twitter_misc":{"Verfasst von":"fp_superadmin","Gesch\u00e4tzte Lesezeit":"3\u00a0Minuten"},"schema":{"@context":"https:\/\/schema.org","@graph":[{"@type":"Article","@id":"https:\/\/www.fanprojekt-muenster.de\/wordpress\/saisonrueckblick-20132014\/#article","isPartOf":{"@id":"https:\/\/www.fanprojekt-muenster.de\/wordpress\/saisonrueckblick-20132014\/"},"author":{"name":"fp_superadmin","@id":"https:\/\/www.fanprojekt-muenster.de\/wordpress\/#\/schema\/person\/9126cc4d73d0d07c75b487075111186c"},"headline":"Saisonr\u00fcckblick 2013\/2014","datePublished":"2014-05-19T15:04:54+00:00","mainEntityOfPage":{"@id":"https:\/\/www.fanprojekt-muenster.de\/wordpress\/saisonrueckblick-20132014\/"},"wordCount":585,"commentCount":0,"publisher":{"@id":"https:\/\/www.fanprojekt-muenster.de\/wordpress\/#organization"},"image":{"@id":"https:\/\/www.fanprojekt-muenster.de\/wordpress\/saisonrueckblick-20132014\/#primaryimage"},"thumbnailUrl":"","keywords":["2013","2014","3.Liga","Fanprojekt","Saisonr\u00fcckblick","Von Fans f\u00fcr Fans"],"articleSection":["Aktuelles"],"inLanguage":"de","potentialAction":[{"@type":"CommentAction","name":"Comment","target":["https:\/\/www.fanprojekt-muenster.de\/wordpress\/saisonrueckblick-20132014\/#respond"]}]},{"@type":"WebPage","@id":"https:\/\/www.fanprojekt-muenster.de\/wordpress\/saisonrueckblick-20132014\/","url":"https:\/\/www.fanprojekt-muenster.de\/wordpress\/saisonrueckblick-20132014\/","name":"Saisonr\u00fcckblick 2013\/2014 - Fangemeinschaft Preu\u00dfen M\u00fcnster e. V.","isPartOf":{"@id":"https:\/\/www.fanprojekt-muenster.de\/wordpress\/#website"},"primaryImageOfPage":{"@id":"https:\/\/www.fanprojekt-muenster.de\/wordpress\/saisonrueckblick-20132014\/#primaryimage"},"image":{"@id":"https:\/\/www.fanprojekt-muenster.de\/wordpress\/saisonrueckblick-20132014\/#primaryimage"},"thumbnailUrl":"","datePublished":"2014-05-19T15:04:54+00:00","breadcrumb":{"@id":"https:\/\/www.fanprojekt-muenster.de\/wordpress\/saisonrueckblick-20132014\/#breadcrumb"},"inLanguage":"de","potentialAction":[{"@type":"ReadAction","target":["https:\/\/www.fanprojekt-muenster.de\/wordpress\/saisonrueckblick-20132014\/"]}]},{"@type":"ImageObject","inLanguage":"de","@id":"https:\/\/www.fanprojekt-muenster.de\/wordpress\/saisonrueckblick-20132014\/#primaryimage","url":"","contentUrl":""},{"@type":"BreadcrumbList","@id":"https:\/\/www.fanprojekt-muenster.de\/wordpress\/saisonrueckblick-20132014\/#breadcrumb","itemListElement":[{"@type":"ListItem","position":1,"name":"Startseite","item":"https:\/\/www.fanprojekt-muenster.de\/wordpress\/"},{"@type":"ListItem","position":2,"name":"Saisonr\u00fcckblick 2013\/2014"}]},{"@type":"WebSite","@id":"https:\/\/www.fanprojekt-muenster.de\/wordpress\/#website","url":"https:\/\/www.fanprojekt-muenster.de\/wordpress\/","name":"Fangemeinschaft Preu\u00dfen M\u00fcnster e. V.","description":"","publisher":{"@id":"https:\/\/www.fanprojekt-muenster.de\/wordpress\/#organization"},"potentialAction":[{"@type":"SearchAction","target":{"@type":"EntryPoint","urlTemplate":"https:\/\/www.fanprojekt-muenster.de\/wordpress\/?s={search_term_string}"},"query-input":{"@type":"PropertyValueSpecification","valueRequired":true,"valueName":"search_term_string"}}],"inLanguage":"de"},{"@type":"Organization","@id":"https:\/\/www.fanprojekt-muenster.de\/wordpress\/#organization","name":"Fangemeinschaft Preu\u00dfen M\u00fcnster e. V.","url":"https:\/\/www.fanprojekt-muenster.de\/wordpress\/","logo":{"@type":"ImageObject","inLanguage":"de","@id":"https:\/\/www.fanprojekt-muenster.de\/wordpress\/#\/schema\/logo\/image\/","url":"https:\/\/www.fanprojekt-muenster.de\/wordpress\/wp-content\/uploads\/2019\/07\/cropped-Website_Logo3-9.png","contentUrl":"https:\/\/www.fanprojekt-muenster.de\/wordpress\/wp-content\/uploads\/2019\/07\/cropped-Website_Logo3-9.png","width":224,"height":42,"caption":"Fangemeinschaft Preu\u00dfen M\u00fcnster e. V."},"image":{"@id":"https:\/\/www.fanprojekt-muenster.de\/wordpress\/#\/schema\/logo\/image\/"}},{"@type":"Person","@id":"https:\/\/www.fanprojekt-muenster.de\/wordpress\/#\/schema\/person\/9126cc4d73d0d07c75b487075111186c","name":"fp_superadmin","url":"https:\/\/www.fanprojekt-muenster.de\/wordpress\/author\/fp_superadmin\/"}]}},"author_meta":{"display_name":"fp_superadmin","author_link":"https:\/\/www.fanprojekt-muenster.de\/wordpress\/author\/fp_superadmin\/"},"featured_img":null,"coauthors":[],"tax_additional":{"categories":{"linked":["<a href=\"https:\/\/www.fanprojekt-muenster.de\/wordpress\/category\/aktuelles\/\" class=\"advgb-post-tax-term\">Aktuelles<\/a>"],"unlinked":["<span class=\"advgb-post-tax-term\">Aktuelles<\/span>"]},"tags":{"linked":["<a href=\"https:\/\/www.fanprojekt-muenster.de\/wordpress\/category\/aktuelles\/\" class=\"advgb-post-tax-term\">2013<\/a>","<a href=\"https:\/\/www.fanprojekt-muenster.de\/wordpress\/category\/aktuelles\/\" class=\"advgb-post-tax-term\">2014<\/a>","<a href=\"https:\/\/www.fanprojekt-muenster.de\/wordpress\/category\/aktuelles\/\" class=\"advgb-post-tax-term\">3.Liga<\/a>","<a href=\"https:\/\/www.fanprojekt-muenster.de\/wordpress\/category\/aktuelles\/\" class=\"advgb-post-tax-term\">Fanprojekt<\/a>","<a href=\"https:\/\/www.fanprojekt-muenster.de\/wordpress\/category\/aktuelles\/\" class=\"advgb-post-tax-term\">Saisonr\u00fcckblick<\/a>","<a href=\"https:\/\/www.fanprojekt-muenster.de\/wordpress\/category\/aktuelles\/\" class=\"advgb-post-tax-term\">Von Fans f\u00fcr Fans<\/a>"],"unlinked":["<span class=\"advgb-post-tax-term\">2013<\/span>","<span class=\"advgb-post-tax-term\">2014<\/span>","<span class=\"advgb-post-tax-term\">3.Liga<\/span>","<span class=\"advgb-post-tax-term\">Fanprojekt<\/span>","<span class=\"advgb-post-tax-term\">Saisonr\u00fcckblick<\/span>","<span class=\"advgb-post-tax-term\">Von Fans f\u00fcr Fans<\/span>"]}},"comment_count":"0","relative_dates":{"created":"Posted 12\u00a0Jahren ago","modified":"Updated 12\u00a0Jahren ago"},"absolute_dates":{"created":"Posted on 19. Mai 2014","modified":"Updated on 19. Mai 2014"},"absolute_dates_time":{"created":"Posted on 19. Mai 2014 17:04","modified":"Updated on 19. Mai 2014 17:04"},"featured_img_caption":"","series_order":"","_links":{"self":[{"href":"https:\/\/www.fanprojekt-muenster.de\/wordpress\/wp-json\/wp\/v2\/posts\/2922","targetHints":{"allow":["GET"]}}],"collection":[{"href":"https:\/\/www.fanprojekt-muenster.de\/wordpress\/wp-json\/wp\/v2\/posts"}],"about":[{"href":"https:\/\/www.fanprojekt-muenster.de\/wordpress\/wp-json\/wp\/v2\/types\/post"}],"author":[{"embeddable":true,"href":"https:\/\/www.fanprojekt-muenster.de\/wordpress\/wp-json\/wp\/v2\/users\/2"}],"replies":[{"embeddable":true,"href":"https:\/\/www.fanprojekt-muenster.de\/wordpress\/wp-json\/wp\/v2\/comments?post=2922"}],"version-history":[{"count":0,"href":"https:\/\/www.fanprojekt-muenster.de\/wordpress\/wp-json\/wp\/v2\/posts\/2922\/revisions"}],"wp:featuredmedia":[{"embeddable":true,"href":"https:\/\/www.fanprojekt-muenster.de\/wordpress\/wp-json\/"}],"wp:attachment":[{"href":"https:\/\/www.fanprojekt-muenster.de\/wordpress\/wp-json\/wp\/v2\/media?parent=2922"}],"wp:term":[{"taxonomy":"category","embeddable":true,"href":"https:\/\/www.fanprojekt-muenster.de\/wordpress\/wp-json\/wp\/v2\/categories?post=2922"},{"taxonomy":"post_tag","embeddable":true,"href":"https:\/\/www.fanprojekt-muenster.de\/wordpress\/wp-json\/wp\/v2\/tags?post=2922"}],"curies":[{"name":"wp","href":"https:\/\/api.w.org\/{rel}","templated":true}]}}