{"id":2909,"date":"2014-05-05T08:21:20","date_gmt":"2014-05-05T06:21:20","guid":{"rendered":"http:\/\/www.fanprojekt-muenster.de\/?p=2909"},"modified":"2014-05-05T08:21:20","modified_gmt":"2014-05-05T06:21:20","slug":"spielzusammenfassung-und-interviews-hallescher-fc","status":"publish","type":"post","link":"https:\/\/www.fanprojekt-muenster.de\/wordpress\/spielzusammenfassung-und-interviews-hallescher-fc\/","title":{"rendered":"Spielzusammenfassung und Interviews Hallescher FC"},"content":{"rendered":"<p><img loading=\"lazy\" decoding=\"async\" src=\"http:\/\/www.fanprojekt-muenster.de\/wp-content\/uploads\/2014\/05\/Radioankuendigung_Heim_Halle2-1024x640.jpg\" alt=\"Radioankuendigung_Heim_Halle2\" width=\"960\" height=\"600\" class=\"alignnone size-large wp-image-2903\" \/><\/p>\n<p>Samstag, 03.05.2014, 13:30 Uhr<br \/>\n<strong><span style=\"font-size: medium;\">37. Spieltag: Preu\u00dfen M\u00fcnster : Hallescher FC 2:3 (1:0)<br \/>\nTore: 0:1 Furuholm (18.), 1:1 Krohne (26.), 2:1 Scherder (67.), 2:2 Bertram (71.), 2:3 Gogia (77.) | Zuschauer: 8.293<br \/>\nKommentatoren: Sven und Benjamin Siegert<\/span><\/strong><\/p>\n<p><iframe loading=\"lazy\" width=\"100%\" height=\"180\" src=\"\/\/www.mixcloud.com\/widget\/iframe\/?feed=http%3A%2F%2Fwww.mixcloud.com%2FRadioMS%2Fplaylists%2Finterviews-und-spielzusammenfassung-hallescher-fc%2F&amp;embed_uuid=e1861cc6-b5c3-4165-82ba-abfb117b4410&amp;replace=0&amp;hide_cover=1&amp;light=1&amp;embed_type=widget_standard&amp;hide_tracklist=1\" frameborder=\"0\"><\/iframe><\/p>\n<div style=\"clear: both; height: 3px; width: auto;\"><\/div>\n<p style=\"display: block; font-size: 11px; font-family: 'Open Sans', Helvetica, Arial, sans-serif; margin: 0px; padding: 3px 4px; color: rgb(153, 153, 153); width: auto;\"><a href=\"http:\/\/www.mixcloud.com\/RadioMS\/playlists\/interviews-und-spielzusammenfassung-hallescher-fc\/?utm_source=widget&amp;amp;utm_medium=web&amp;amp;utm_campaign=base_links&amp;amp;utm_term=resource_link\" target=\"_blank\" style=\"color:#808080; font-weight:bold;\" rel=\"noopener noreferrer\">Interviews Und Spielzusammenfassung Hallescher FC<\/a><span> by <\/span><a href=\"http:\/\/www.mixcloud.com\/RadioMS\/?utm_source=widget&amp;amp;utm_medium=web&amp;amp;utm_campaign=base_links&amp;amp;utm_term=profile_link\" target=\"_blank\" style=\"color:#808080; font-weight:bold;\" rel=\"noopener noreferrer\">Radioms<\/a><span> on <\/span><a href=\"http:\/\/www.mixcloud.com\/?utm_source=widget&amp;utm_medium=web&amp;utm_campaign=base_links&amp;utm_term=homepage_link\" target=\"_blank\" style=\"color:#808080; font-weight:bold;\" rel=\"noopener noreferrer\"> Mixcloud<\/a><\/p>\n<div style=\"clear: both; height: 3px; width: auto;\"><\/div>\n","protected":false},"excerpt":{"rendered":"<p>Samstag, 03.05.2014, 13:30 Uhr 37. Spieltag: Preu\u00dfen M\u00fcnster : Hallescher FC 2:3 (1:0) Tore: 0:1 Furuholm (18.), 1:1 Krohne (26.), 2:1 Scherder (67.), 2:2 Bertram (71.), 2:3 Gogia (77.) |&#8230; <a class=\"read-more-link\" href=\"https:\/\/www.fanprojekt-muenster.de\/wordpress\/spielzusammenfassung-und-interviews-hallescher-fc\/\">Read more &raquo;<\/a><\/p>\n","protected":false},"author":2,"featured_media":0,"comment_status":"open","ping_status":"open","sticky":false,"template":"","format":"standard","meta":{"advgb_blocks_editor_width":"","advgb_blocks_columns_visual_guide":"","footnotes":""},"categories":[8,9],"tags":[26,28,112,140,151,205,223,237,283],"class_list":["post-2909","post","type-post","status-publish","format-standard","hentry","category-radio-mottekstrehle","category-saison-20132014","tag-26","tag-3-liga-2","tag-fanprojekt","tag-hallescher-fc","tag-interviews","tag-radio-mottekstrehle","tag-sc-preussen-muenster","tag-spielzusammenfassung","tag-von-fans-fuer-fans"],"featured_image_src":null,"author_info":{"display_name":"fp_superadmin","author_link":"https:\/\/www.fanprojekt-muenster.de\/wordpress\/author\/fp_superadmin\/"},"yoast_head":"<!-- This site is optimized with the Yoast SEO plugin v27.2 - https:\/\/yoast.com\/product\/yoast-seo-wordpress\/ -->\n<title>Spielzusammenfassung und Interviews Hallescher FC - Fangemeinschaft Preu\u00dfen M\u00fcnster e. V.<\/title>\n<meta name=\"robots\" content=\"index, follow, max-snippet:-1, max-image-preview:large, max-video-preview:-1\" \/>\n<link rel=\"canonical\" href=\"https:\/\/www.fanprojekt-muenster.de\/wordpress\/spielzusammenfassung-und-interviews-hallescher-fc\/\" \/>\n<meta property=\"og:locale\" content=\"de_DE\" \/>\n<meta property=\"og:type\" content=\"article\" \/>\n<meta property=\"og:title\" content=\"Spielzusammenfassung und Interviews Hallescher FC - Fangemeinschaft Preu\u00dfen M\u00fcnster e. V.\" \/>\n<meta property=\"og:description\" content=\"Samstag, 03.05.2014, 13:30 Uhr 37. Spieltag: Preu\u00dfen M\u00fcnster : Hallescher FC 2:3 (1:0) Tore: 0:1 Furuholm (18.), 1:1 Krohne (26.), 2:1 Scherder (67.), 2:2 Bertram (71.), 2:3 Gogia (77.) |... Read more &raquo;\" \/>\n<meta property=\"og:url\" content=\"https:\/\/www.fanprojekt-muenster.de\/wordpress\/spielzusammenfassung-und-interviews-hallescher-fc\/\" \/>\n<meta property=\"og:site_name\" content=\"Fangemeinschaft Preu\u00dfen M\u00fcnster e. V.\" \/>\n<meta property=\"article:published_time\" content=\"2014-05-05T06:21:20+00:00\" \/>\n<meta property=\"og:image\" content=\"http:\/\/www.fanprojekt-muenster.de\/wp-content\/uploads\/2014\/05\/Radioankuendigung_Heim_Halle2-1024x640.jpg\" \/>\n<meta name=\"author\" content=\"fp_superadmin\" \/>\n<meta name=\"twitter:card\" content=\"summary_large_image\" \/>\n<meta name=\"twitter:label1\" content=\"Verfasst von\" \/>\n\t<meta name=\"twitter:data1\" content=\"fp_superadmin\" \/>\n<script type=\"application\/ld+json\" class=\"yoast-schema-graph\">{\"@context\":\"https:\/\/schema.org\",\"@graph\":[{\"@type\":\"Article\",\"@id\":\"https:\/\/www.fanprojekt-muenster.de\/wordpress\/spielzusammenfassung-und-interviews-hallescher-fc\/#article\",\"isPartOf\":{\"@id\":\"https:\/\/www.fanprojekt-muenster.de\/wordpress\/spielzusammenfassung-und-interviews-hallescher-fc\/\"},\"author\":{\"name\":\"fp_superadmin\",\"@id\":\"https:\/\/www.fanprojekt-muenster.de\/wordpress\/#\/schema\/person\/9126cc4d73d0d07c75b487075111186c\"},\"headline\":\"Spielzusammenfassung und Interviews Hallescher FC\",\"datePublished\":\"2014-05-05T06:21:20+00:00\",\"mainEntityOfPage\":{\"@id\":\"https:\/\/www.fanprojekt-muenster.de\/wordpress\/spielzusammenfassung-und-interviews-hallescher-fc\/\"},\"wordCount\":35,\"commentCount\":0,\"publisher\":{\"@id\":\"https:\/\/www.fanprojekt-muenster.de\/wordpress\/#organization\"},\"image\":{\"@id\":\"https:\/\/www.fanprojekt-muenster.de\/wordpress\/spielzusammenfassung-und-interviews-hallescher-fc\/#primaryimage\"},\"thumbnailUrl\":\"http:\/\/www.fanprojekt-muenster.de\/wp-content\/uploads\/2014\/05\/Radioankuendigung_Heim_Halle2-1024x640.jpg\",\"keywords\":[\"2014\",\"3.Liga\",\"Fanprojekt\",\"Hallescher FC\",\"Interviews\",\"Radio Mottekstrehle\",\"SC Preu\u00dfen M\u00fcnster\",\"Spielzusammenfassung\",\"Von Fans f\u00fcr Fans\"],\"articleSection\":[\"Radio Mottekstrehle\",\"Saison 2013\/2014\"],\"inLanguage\":\"de\",\"potentialAction\":[{\"@type\":\"CommentAction\",\"name\":\"Comment\",\"target\":[\"https:\/\/www.fanprojekt-muenster.de\/wordpress\/spielzusammenfassung-und-interviews-hallescher-fc\/#respond\"]}]},{\"@type\":\"WebPage\",\"@id\":\"https:\/\/www.fanprojekt-muenster.de\/wordpress\/spielzusammenfassung-und-interviews-hallescher-fc\/\",\"url\":\"https:\/\/www.fanprojekt-muenster.de\/wordpress\/spielzusammenfassung-und-interviews-hallescher-fc\/\",\"name\":\"Spielzusammenfassung und Interviews Hallescher FC - Fangemeinschaft Preu\u00dfen M\u00fcnster e. V.\",\"isPartOf\":{\"@id\":\"https:\/\/www.fanprojekt-muenster.de\/wordpress\/#website\"},\"primaryImageOfPage\":{\"@id\":\"https:\/\/www.fanprojekt-muenster.de\/wordpress\/spielzusammenfassung-und-interviews-hallescher-fc\/#primaryimage\"},\"image\":{\"@id\":\"https:\/\/www.fanprojekt-muenster.de\/wordpress\/spielzusammenfassung-und-interviews-hallescher-fc\/#primaryimage\"},\"thumbnailUrl\":\"http:\/\/www.fanprojekt-muenster.de\/wp-content\/uploads\/2014\/05\/Radioankuendigung_Heim_Halle2-1024x640.jpg\",\"datePublished\":\"2014-05-05T06:21:20+00:00\",\"breadcrumb\":{\"@id\":\"https:\/\/www.fanprojekt-muenster.de\/wordpress\/spielzusammenfassung-und-interviews-hallescher-fc\/#breadcrumb\"},\"inLanguage\":\"de\",\"potentialAction\":[{\"@type\":\"ReadAction\",\"target\":[\"https:\/\/www.fanprojekt-muenster.de\/wordpress\/spielzusammenfassung-und-interviews-hallescher-fc\/\"]}]},{\"@type\":\"ImageObject\",\"inLanguage\":\"de\",\"@id\":\"https:\/\/www.fanprojekt-muenster.de\/wordpress\/spielzusammenfassung-und-interviews-hallescher-fc\/#primaryimage\",\"url\":\"http:\/\/www.fanprojekt-muenster.de\/wp-content\/uploads\/2014\/05\/Radioankuendigung_Heim_Halle2-1024x640.jpg\",\"contentUrl\":\"http:\/\/www.fanprojekt-muenster.de\/wp-content\/uploads\/2014\/05\/Radioankuendigung_Heim_Halle2-1024x640.jpg\"},{\"@type\":\"BreadcrumbList\",\"@id\":\"https:\/\/www.fanprojekt-muenster.de\/wordpress\/spielzusammenfassung-und-interviews-hallescher-fc\/#breadcrumb\",\"itemListElement\":[{\"@type\":\"ListItem\",\"position\":1,\"name\":\"Startseite\",\"item\":\"https:\/\/www.fanprojekt-muenster.de\/wordpress\/\"},{\"@type\":\"ListItem\",\"position\":2,\"name\":\"Spielzusammenfassung und Interviews Hallescher FC\"}]},{\"@type\":\"WebSite\",\"@id\":\"https:\/\/www.fanprojekt-muenster.de\/wordpress\/#website\",\"url\":\"https:\/\/www.fanprojekt-muenster.de\/wordpress\/\",\"name\":\"Fangemeinschaft Preu\u00dfen M\u00fcnster e. V.\",\"description\":\"\",\"publisher\":{\"@id\":\"https:\/\/www.fanprojekt-muenster.de\/wordpress\/#organization\"},\"potentialAction\":[{\"@type\":\"SearchAction\",\"target\":{\"@type\":\"EntryPoint\",\"urlTemplate\":\"https:\/\/www.fanprojekt-muenster.de\/wordpress\/?s={search_term_string}\"},\"query-input\":{\"@type\":\"PropertyValueSpecification\",\"valueRequired\":true,\"valueName\":\"search_term_string\"}}],\"inLanguage\":\"de\"},{\"@type\":\"Organization\",\"@id\":\"https:\/\/www.fanprojekt-muenster.de\/wordpress\/#organization\",\"name\":\"Fangemeinschaft Preu\u00dfen M\u00fcnster e. V.\",\"url\":\"https:\/\/www.fanprojekt-muenster.de\/wordpress\/\",\"logo\":{\"@type\":\"ImageObject\",\"inLanguage\":\"de\",\"@id\":\"https:\/\/www.fanprojekt-muenster.de\/wordpress\/#\/schema\/logo\/image\/\",\"url\":\"https:\/\/www.fanprojekt-muenster.de\/wordpress\/wp-content\/uploads\/2019\/07\/cropped-Website_Logo3-9.png\",\"contentUrl\":\"https:\/\/www.fanprojekt-muenster.de\/wordpress\/wp-content\/uploads\/2019\/07\/cropped-Website_Logo3-9.png\",\"width\":224,\"height\":42,\"caption\":\"Fangemeinschaft Preu\u00dfen M\u00fcnster e. V.\"},\"image\":{\"@id\":\"https:\/\/www.fanprojekt-muenster.de\/wordpress\/#\/schema\/logo\/image\/\"}},{\"@type\":\"Person\",\"@id\":\"https:\/\/www.fanprojekt-muenster.de\/wordpress\/#\/schema\/person\/9126cc4d73d0d07c75b487075111186c\",\"name\":\"fp_superadmin\",\"url\":\"https:\/\/www.fanprojekt-muenster.de\/wordpress\/author\/fp_superadmin\/\"}]}<\/script>\n<!-- \/ Yoast SEO plugin. -->","yoast_head_json":{"title":"Spielzusammenfassung und Interviews Hallescher FC - Fangemeinschaft Preu\u00dfen M\u00fcnster e. V.","robots":{"index":"index","follow":"follow","max-snippet":"max-snippet:-1","max-image-preview":"max-image-preview:large","max-video-preview":"max-video-preview:-1"},"canonical":"https:\/\/www.fanprojekt-muenster.de\/wordpress\/spielzusammenfassung-und-interviews-hallescher-fc\/","og_locale":"de_DE","og_type":"article","og_title":"Spielzusammenfassung und Interviews Hallescher FC - Fangemeinschaft Preu\u00dfen M\u00fcnster e. V.","og_description":"Samstag, 03.05.2014, 13:30 Uhr 37. Spieltag: Preu\u00dfen M\u00fcnster : Hallescher FC 2:3 (1:0) Tore: 0:1 Furuholm (18.), 1:1 Krohne (26.), 2:1 Scherder (67.), 2:2 Bertram (71.), 2:3 Gogia (77.) |... Read more &raquo;","og_url":"https:\/\/www.fanprojekt-muenster.de\/wordpress\/spielzusammenfassung-und-interviews-hallescher-fc\/","og_site_name":"Fangemeinschaft Preu\u00dfen M\u00fcnster e. V.","article_published_time":"2014-05-05T06:21:20+00:00","og_image":[{"url":"http:\/\/www.fanprojekt-muenster.de\/wp-content\/uploads\/2014\/05\/Radioankuendigung_Heim_Halle2-1024x640.jpg","type":"","width":"","height":""}],"author":"fp_superadmin","twitter_card":"summary_large_image","twitter_misc":{"Verfasst von":"fp_superadmin"},"schema":{"@context":"https:\/\/schema.org","@graph":[{"@type":"Article","@id":"https:\/\/www.fanprojekt-muenster.de\/wordpress\/spielzusammenfassung-und-interviews-hallescher-fc\/#article","isPartOf":{"@id":"https:\/\/www.fanprojekt-muenster.de\/wordpress\/spielzusammenfassung-und-interviews-hallescher-fc\/"},"author":{"name":"fp_superadmin","@id":"https:\/\/www.fanprojekt-muenster.de\/wordpress\/#\/schema\/person\/9126cc4d73d0d07c75b487075111186c"},"headline":"Spielzusammenfassung und Interviews Hallescher FC","datePublished":"2014-05-05T06:21:20+00:00","mainEntityOfPage":{"@id":"https:\/\/www.fanprojekt-muenster.de\/wordpress\/spielzusammenfassung-und-interviews-hallescher-fc\/"},"wordCount":35,"commentCount":0,"publisher":{"@id":"https:\/\/www.fanprojekt-muenster.de\/wordpress\/#organization"},"image":{"@id":"https:\/\/www.fanprojekt-muenster.de\/wordpress\/spielzusammenfassung-und-interviews-hallescher-fc\/#primaryimage"},"thumbnailUrl":"http:\/\/www.fanprojekt-muenster.de\/wp-content\/uploads\/2014\/05\/Radioankuendigung_Heim_Halle2-1024x640.jpg","keywords":["2014","3.Liga","Fanprojekt","Hallescher FC","Interviews","Radio Mottekstrehle","SC Preu\u00dfen M\u00fcnster","Spielzusammenfassung","Von Fans f\u00fcr Fans"],"articleSection":["Radio Mottekstrehle","Saison 2013\/2014"],"inLanguage":"de","potentialAction":[{"@type":"CommentAction","name":"Comment","target":["https:\/\/www.fanprojekt-muenster.de\/wordpress\/spielzusammenfassung-und-interviews-hallescher-fc\/#respond"]}]},{"@type":"WebPage","@id":"https:\/\/www.fanprojekt-muenster.de\/wordpress\/spielzusammenfassung-und-interviews-hallescher-fc\/","url":"https:\/\/www.fanprojekt-muenster.de\/wordpress\/spielzusammenfassung-und-interviews-hallescher-fc\/","name":"Spielzusammenfassung und Interviews Hallescher FC - Fangemeinschaft Preu\u00dfen M\u00fcnster e. V.","isPartOf":{"@id":"https:\/\/www.fanprojekt-muenster.de\/wordpress\/#website"},"primaryImageOfPage":{"@id":"https:\/\/www.fanprojekt-muenster.de\/wordpress\/spielzusammenfassung-und-interviews-hallescher-fc\/#primaryimage"},"image":{"@id":"https:\/\/www.fanprojekt-muenster.de\/wordpress\/spielzusammenfassung-und-interviews-hallescher-fc\/#primaryimage"},"thumbnailUrl":"http:\/\/www.fanprojekt-muenster.de\/wp-content\/uploads\/2014\/05\/Radioankuendigung_Heim_Halle2-1024x640.jpg","datePublished":"2014-05-05T06:21:20+00:00","breadcrumb":{"@id":"https:\/\/www.fanprojekt-muenster.de\/wordpress\/spielzusammenfassung-und-interviews-hallescher-fc\/#breadcrumb"},"inLanguage":"de","potentialAction":[{"@type":"ReadAction","target":["https:\/\/www.fanprojekt-muenster.de\/wordpress\/spielzusammenfassung-und-interviews-hallescher-fc\/"]}]},{"@type":"ImageObject","inLanguage":"de","@id":"https:\/\/www.fanprojekt-muenster.de\/wordpress\/spielzusammenfassung-und-interviews-hallescher-fc\/#primaryimage","url":"http:\/\/www.fanprojekt-muenster.de\/wp-content\/uploads\/2014\/05\/Radioankuendigung_Heim_Halle2-1024x640.jpg","contentUrl":"http:\/\/www.fanprojekt-muenster.de\/wp-content\/uploads\/2014\/05\/Radioankuendigung_Heim_Halle2-1024x640.jpg"},{"@type":"BreadcrumbList","@id":"https:\/\/www.fanprojekt-muenster.de\/wordpress\/spielzusammenfassung-und-interviews-hallescher-fc\/#breadcrumb","itemListElement":[{"@type":"ListItem","position":1,"name":"Startseite","item":"https:\/\/www.fanprojekt-muenster.de\/wordpress\/"},{"@type":"ListItem","position":2,"name":"Spielzusammenfassung und Interviews Hallescher FC"}]},{"@type":"WebSite","@id":"https:\/\/www.fanprojekt-muenster.de\/wordpress\/#website","url":"https:\/\/www.fanprojekt-muenster.de\/wordpress\/","name":"Fangemeinschaft Preu\u00dfen M\u00fcnster e. V.","description":"","publisher":{"@id":"https:\/\/www.fanprojekt-muenster.de\/wordpress\/#organization"},"potentialAction":[{"@type":"SearchAction","target":{"@type":"EntryPoint","urlTemplate":"https:\/\/www.fanprojekt-muenster.de\/wordpress\/?s={search_term_string}"},"query-input":{"@type":"PropertyValueSpecification","valueRequired":true,"valueName":"search_term_string"}}],"inLanguage":"de"},{"@type":"Organization","@id":"https:\/\/www.fanprojekt-muenster.de\/wordpress\/#organization","name":"Fangemeinschaft Preu\u00dfen M\u00fcnster e. V.","url":"https:\/\/www.fanprojekt-muenster.de\/wordpress\/","logo":{"@type":"ImageObject","inLanguage":"de","@id":"https:\/\/www.fanprojekt-muenster.de\/wordpress\/#\/schema\/logo\/image\/","url":"https:\/\/www.fanprojekt-muenster.de\/wordpress\/wp-content\/uploads\/2019\/07\/cropped-Website_Logo3-9.png","contentUrl":"https:\/\/www.fanprojekt-muenster.de\/wordpress\/wp-content\/uploads\/2019\/07\/cropped-Website_Logo3-9.png","width":224,"height":42,"caption":"Fangemeinschaft Preu\u00dfen M\u00fcnster e. V."},"image":{"@id":"https:\/\/www.fanprojekt-muenster.de\/wordpress\/#\/schema\/logo\/image\/"}},{"@type":"Person","@id":"https:\/\/www.fanprojekt-muenster.de\/wordpress\/#\/schema\/person\/9126cc4d73d0d07c75b487075111186c","name":"fp_superadmin","url":"https:\/\/www.fanprojekt-muenster.de\/wordpress\/author\/fp_superadmin\/"}]}},"author_meta":{"display_name":"fp_superadmin","author_link":"https:\/\/www.fanprojekt-muenster.de\/wordpress\/author\/fp_superadmin\/"},"featured_img":null,"coauthors":[],"tax_additional":{"categories":{"linked":["<a href=\"https:\/\/www.fanprojekt-muenster.de\/wordpress\/category\/radio-mottekstrehle\/\" class=\"advgb-post-tax-term\">Radio Mottekstrehle<\/a>","<a href=\"https:\/\/www.fanprojekt-muenster.de\/wordpress\/category\/radio-mottekstrehle\/saison-20132014\/\" class=\"advgb-post-tax-term\">Saison 2013\/2014<\/a>"],"unlinked":["<span class=\"advgb-post-tax-term\">Radio Mottekstrehle<\/span>","<span class=\"advgb-post-tax-term\">Saison 2013\/2014<\/span>"]},"tags":{"linked":["<a href=\"https:\/\/www.fanprojekt-muenster.de\/wordpress\/category\/radio-mottekstrehle\/saison-20132014\/\" class=\"advgb-post-tax-term\">2014<\/a>","<a href=\"https:\/\/www.fanprojekt-muenster.de\/wordpress\/category\/radio-mottekstrehle\/saison-20132014\/\" class=\"advgb-post-tax-term\">3.Liga<\/a>","<a href=\"https:\/\/www.fanprojekt-muenster.de\/wordpress\/category\/radio-mottekstrehle\/saison-20132014\/\" class=\"advgb-post-tax-term\">Fanprojekt<\/a>","<a href=\"https:\/\/www.fanprojekt-muenster.de\/wordpress\/category\/radio-mottekstrehle\/saison-20132014\/\" class=\"advgb-post-tax-term\">Hallescher FC<\/a>","<a href=\"https:\/\/www.fanprojekt-muenster.de\/wordpress\/category\/radio-mottekstrehle\/saison-20132014\/\" class=\"advgb-post-tax-term\">Interviews<\/a>","<a href=\"https:\/\/www.fanprojekt-muenster.de\/wordpress\/category\/radio-mottekstrehle\/saison-20132014\/\" class=\"advgb-post-tax-term\">Radio Mottekstrehle<\/a>","<a href=\"https:\/\/www.fanprojekt-muenster.de\/wordpress\/category\/radio-mottekstrehle\/saison-20132014\/\" class=\"advgb-post-tax-term\">SC Preu\u00dfen M\u00fcnster<\/a>","<a href=\"https:\/\/www.fanprojekt-muenster.de\/wordpress\/category\/radio-mottekstrehle\/saison-20132014\/\" class=\"advgb-post-tax-term\">Spielzusammenfassung<\/a>","<a href=\"https:\/\/www.fanprojekt-muenster.de\/wordpress\/category\/radio-mottekstrehle\/saison-20132014\/\" class=\"advgb-post-tax-term\">Von Fans f\u00fcr Fans<\/a>"],"unlinked":["<span class=\"advgb-post-tax-term\">2014<\/span>","<span class=\"advgb-post-tax-term\">3.Liga<\/span>","<span class=\"advgb-post-tax-term\">Fanprojekt<\/span>","<span class=\"advgb-post-tax-term\">Hallescher FC<\/span>","<span class=\"advgb-post-tax-term\">Interviews<\/span>","<span class=\"advgb-post-tax-term\">Radio Mottekstrehle<\/span>","<span class=\"advgb-post-tax-term\">SC Preu\u00dfen M\u00fcnster<\/span>","<span class=\"advgb-post-tax-term\">Spielzusammenfassung<\/span>","<span class=\"advgb-post-tax-term\">Von Fans f\u00fcr Fans<\/span>"]}},"comment_count":"0","relative_dates":{"created":"Posted 12\u00a0Jahren ago","modified":"Updated 12\u00a0Jahren ago"},"absolute_dates":{"created":"Posted on 5. Mai 2014","modified":"Updated on 5. Mai 2014"},"absolute_dates_time":{"created":"Posted on 5. Mai 2014 8:21","modified":"Updated on 5. Mai 2014 8:21"},"featured_img_caption":"","series_order":"","_links":{"self":[{"href":"https:\/\/www.fanprojekt-muenster.de\/wordpress\/wp-json\/wp\/v2\/posts\/2909","targetHints":{"allow":["GET"]}}],"collection":[{"href":"https:\/\/www.fanprojekt-muenster.de\/wordpress\/wp-json\/wp\/v2\/posts"}],"about":[{"href":"https:\/\/www.fanprojekt-muenster.de\/wordpress\/wp-json\/wp\/v2\/types\/post"}],"author":[{"embeddable":true,"href":"https:\/\/www.fanprojekt-muenster.de\/wordpress\/wp-json\/wp\/v2\/users\/2"}],"replies":[{"embeddable":true,"href":"https:\/\/www.fanprojekt-muenster.de\/wordpress\/wp-json\/wp\/v2\/comments?post=2909"}],"version-history":[{"count":0,"href":"https:\/\/www.fanprojekt-muenster.de\/wordpress\/wp-json\/wp\/v2\/posts\/2909\/revisions"}],"wp:attachment":[{"href":"https:\/\/www.fanprojekt-muenster.de\/wordpress\/wp-json\/wp\/v2\/media?parent=2909"}],"wp:term":[{"taxonomy":"category","embeddable":true,"href":"https:\/\/www.fanprojekt-muenster.de\/wordpress\/wp-json\/wp\/v2\/categories?post=2909"},{"taxonomy":"post_tag","embeddable":true,"href":"https:\/\/www.fanprojekt-muenster.de\/wordpress\/wp-json\/wp\/v2\/tags?post=2909"}],"curies":[{"name":"wp","href":"https:\/\/api.w.org\/{rel}","templated":true}]}}