{"id":2871,"date":"2014-04-27T16:46:33","date_gmt":"2014-04-27T14:46:33","guid":{"rendered":"http:\/\/www.fanprojekt-muenster.de\/?p=2871"},"modified":"2014-04-27T16:46:33","modified_gmt":"2014-04-27T14:46:33","slug":"spielzusammenfassung-und-interviews-stuttgarter-kickers","status":"publish","type":"post","link":"https:\/\/www.fanprojekt-muenster.de\/wordpress\/spielzusammenfassung-und-interviews-stuttgarter-kickers\/","title":{"rendered":"Spielzusammenfassung und Interviews Stuttgarter Kickers"},"content":{"rendered":"<p><img loading=\"lazy\" decoding=\"async\" src=\"http:\/\/www.fanprojekt-muenster.de\/wp-content\/uploads\/2014\/04\/Radioankuendigung_Heim_Stuttgart-1024x640.jpg\" alt=\"Radioankuendigung_Heim_Stuttgart\" width=\"960\" height=\"600\" class=\"alignnone size-large wp-image-2856\" \/><\/p>\n<p>Samstag, 26.04.2014, 14:00 Uhr<br \/>\n<strong><span style=\"font-size: medium;\">36. Spieltag: Stuttgarter Kickers &#8211; Preu\u00dfen M\u00fcnster 1:1 (1:0)<br \/>\nTore: 1:0 Benyamina (9.), 1:1 Calamita (57.) | Zuschauer: 3.960<br \/>\nKommentatoren: Dirk und Mika<\/p>\n<p><iframe loading=\"lazy\" src=\"\/\/www.mixcloud.com\/widget\/iframe\/?feed=http%3A%2F%2Fwww.mixcloud.com%2FRadioMS%2Fplaylists%2Finterviews-und-spielzusammenfassung-tuttgarter-kickers-sc-preu%C3%9Fen-m%C3%BCnster%2F&amp;mini=1&amp;embed_uuid=562fb106-ad93-4b00-816a-50ab8d950ce4&amp;replace=0&amp;hide_cover=1&amp;light=1&amp;embed_type=widget_standard&amp;hide_tracklist=1\" frameborder=\"0\" height=\"60\" width=\"660\"><\/iframe><\/p>\n<div style=\"clear: both; height: 3px; width: 652px;\"><\/div>\n<p style=\"display: block; font-size: 11px; font-family: 'Open Sans',Helvetica,Arial,sans-serif; margin: 0px; padding: 3px 4px; color: rgb(153, 153, 153); width: 652px;\"><a href=\"http:\/\/www.mixcloud.com\/RadioMS\/playlists\/interviews-und-spielzusammenfassung-tuttgarter-kickers-sc-preu%C3%9Fen-m%C3%BCnster\/?utm_source=widget&amp;amp;utm_medium=web&amp;amp;utm_campaign=base_links&amp;amp;utm_term=resource_link\" target=\"_blank\" style=\"color:#808080; font-weight:bold;\" rel=\"noopener noreferrer\">Interviews und Spielzusammenfassung Stuttgarter Kickers &#8211; SC Preu\u00dfen M\u00fcnster<\/a><span> by <\/span><a href=\"http:\/\/www.mixcloud.com\/RadioMS\/?utm_source=widget&amp;amp;utm_medium=web&amp;amp;utm_campaign=base_links&amp;amp;utm_term=profile_link\" target=\"_blank\" style=\"color:#808080; font-weight:bold;\" rel=\"noopener noreferrer\">Radioms<\/a><span> on <\/span><a href=\"http:\/\/www.mixcloud.com\/?utm_source=widget&amp;utm_medium=web&amp;utm_campaign=base_links&amp;utm_term=homepage_link\" target=\"_blank\" style=\"color:#808080; font-weight:bold;\" rel=\"noopener noreferrer\"> Mixcloud<\/a><\/p>\n<div style=\"clear: both; height: 3px; width: 652px;\"><\/div>\n","protected":false},"excerpt":{"rendered":"<p>Samstag, 26.04.2014, 14:00 Uhr 36. Spieltag: Stuttgarter Kickers &#8211; Preu\u00dfen M\u00fcnster 1:1 (1:0) Tore: 1:0 Benyamina (9.), 1:1 Calamita (57.) | Zuschauer: 3.960 Kommentatoren: Dirk und Mika Interviews und Spielzusammenfassung&#8230; <a class=\"read-more-link\" href=\"https:\/\/www.fanprojekt-muenster.de\/wordpress\/spielzusammenfassung-und-interviews-stuttgarter-kickers\/\">Read more &raquo;<\/a><\/p>\n","protected":false},"author":2,"featured_media":0,"comment_status":"open","ping_status":"open","sticky":false,"template":"","format":"standard","meta":{"advgb_blocks_editor_width":"","advgb_blocks_columns_visual_guide":"","footnotes":""},"categories":[8,9],"tags":[28,151,205,223,237,253,283],"class_list":["post-2871","post","type-post","status-publish","format-standard","hentry","category-radio-mottekstrehle","category-saison-20132014","tag-3-liga-2","tag-interviews","tag-radio-mottekstrehle","tag-sc-preussen-muenster","tag-spielzusammenfassung","tag-stuttgarter-kickers","tag-von-fans-fuer-fans"],"featured_image_src":null,"author_info":{"display_name":"fp_superadmin","author_link":"https:\/\/www.fanprojekt-muenster.de\/wordpress\/author\/fp_superadmin\/"},"yoast_head":"<!-- This site is optimized with the Yoast SEO plugin v27.2 - https:\/\/yoast.com\/product\/yoast-seo-wordpress\/ -->\n<title>Spielzusammenfassung und Interviews Stuttgarter Kickers - Fangemeinschaft Preu\u00dfen M\u00fcnster e. V.<\/title>\n<meta name=\"description\" content=\"Spielzusammenfassung und Interviews des Spiels des SC Preu\u00dfen 06 e.V. M\u00fcnster gegen die Stuttgarter Kickers im GAZI-Stadion.\" \/>\n<meta name=\"robots\" content=\"index, follow, max-snippet:-1, max-image-preview:large, max-video-preview:-1\" \/>\n<link rel=\"canonical\" href=\"https:\/\/www.fanprojekt-muenster.de\/wordpress\/spielzusammenfassung-und-interviews-stuttgarter-kickers\/\" \/>\n<meta property=\"og:locale\" content=\"de_DE\" \/>\n<meta property=\"og:type\" content=\"article\" \/>\n<meta property=\"og:title\" content=\"Spielzusammenfassung und Interviews Stuttgarter Kickers - Fangemeinschaft Preu\u00dfen M\u00fcnster e. V.\" \/>\n<meta property=\"og:description\" content=\"Spielzusammenfassung und Interviews des Spiels des SC Preu\u00dfen 06 e.V. M\u00fcnster gegen die Stuttgarter Kickers im GAZI-Stadion.\" \/>\n<meta property=\"og:url\" content=\"https:\/\/www.fanprojekt-muenster.de\/wordpress\/spielzusammenfassung-und-interviews-stuttgarter-kickers\/\" \/>\n<meta property=\"og:site_name\" content=\"Fangemeinschaft Preu\u00dfen M\u00fcnster e. V.\" \/>\n<meta property=\"article:published_time\" content=\"2014-04-27T14:46:33+00:00\" \/>\n<meta property=\"og:image\" content=\"http:\/\/www.fanprojekt-muenster.de\/wp-content\/uploads\/2014\/04\/Radioankuendigung_Heim_Stuttgart-1024x640.jpg\" \/>\n<meta name=\"author\" content=\"fp_superadmin\" \/>\n<meta name=\"twitter:card\" content=\"summary_large_image\" \/>\n<meta name=\"twitter:label1\" content=\"Verfasst von\" \/>\n\t<meta name=\"twitter:data1\" content=\"fp_superadmin\" \/>\n<script type=\"application\/ld+json\" class=\"yoast-schema-graph\">{\"@context\":\"https:\/\/schema.org\",\"@graph\":[{\"@type\":\"Article\",\"@id\":\"https:\/\/www.fanprojekt-muenster.de\/wordpress\/spielzusammenfassung-und-interviews-stuttgarter-kickers\/#article\",\"isPartOf\":{\"@id\":\"https:\/\/www.fanprojekt-muenster.de\/wordpress\/spielzusammenfassung-und-interviews-stuttgarter-kickers\/\"},\"author\":{\"name\":\"fp_superadmin\",\"@id\":\"https:\/\/www.fanprojekt-muenster.de\/wordpress\/#\/schema\/person\/9126cc4d73d0d07c75b487075111186c\"},\"headline\":\"Spielzusammenfassung und Interviews Stuttgarter Kickers\",\"datePublished\":\"2014-04-27T14:46:33+00:00\",\"mainEntityOfPage\":{\"@id\":\"https:\/\/www.fanprojekt-muenster.de\/wordpress\/spielzusammenfassung-und-interviews-stuttgarter-kickers\/\"},\"wordCount\":38,\"commentCount\":0,\"publisher\":{\"@id\":\"https:\/\/www.fanprojekt-muenster.de\/wordpress\/#organization\"},\"image\":{\"@id\":\"https:\/\/www.fanprojekt-muenster.de\/wordpress\/spielzusammenfassung-und-interviews-stuttgarter-kickers\/#primaryimage\"},\"thumbnailUrl\":\"http:\/\/www.fanprojekt-muenster.de\/wp-content\/uploads\/2014\/04\/Radioankuendigung_Heim_Stuttgart-1024x640.jpg\",\"keywords\":[\"3.Liga\",\"Interviews\",\"Radio Mottekstrehle\",\"SC Preu\u00dfen M\u00fcnster\",\"Spielzusammenfassung\",\"Stuttgarter Kickers\",\"Von Fans f\u00fcr Fans\"],\"articleSection\":[\"Radio Mottekstrehle\",\"Saison 2013\/2014\"],\"inLanguage\":\"de\",\"potentialAction\":[{\"@type\":\"CommentAction\",\"name\":\"Comment\",\"target\":[\"https:\/\/www.fanprojekt-muenster.de\/wordpress\/spielzusammenfassung-und-interviews-stuttgarter-kickers\/#respond\"]}]},{\"@type\":\"WebPage\",\"@id\":\"https:\/\/www.fanprojekt-muenster.de\/wordpress\/spielzusammenfassung-und-interviews-stuttgarter-kickers\/\",\"url\":\"https:\/\/www.fanprojekt-muenster.de\/wordpress\/spielzusammenfassung-und-interviews-stuttgarter-kickers\/\",\"name\":\"Spielzusammenfassung und Interviews Stuttgarter Kickers - Fangemeinschaft Preu\u00dfen M\u00fcnster e. V.\",\"isPartOf\":{\"@id\":\"https:\/\/www.fanprojekt-muenster.de\/wordpress\/#website\"},\"primaryImageOfPage\":{\"@id\":\"https:\/\/www.fanprojekt-muenster.de\/wordpress\/spielzusammenfassung-und-interviews-stuttgarter-kickers\/#primaryimage\"},\"image\":{\"@id\":\"https:\/\/www.fanprojekt-muenster.de\/wordpress\/spielzusammenfassung-und-interviews-stuttgarter-kickers\/#primaryimage\"},\"thumbnailUrl\":\"http:\/\/www.fanprojekt-muenster.de\/wp-content\/uploads\/2014\/04\/Radioankuendigung_Heim_Stuttgart-1024x640.jpg\",\"datePublished\":\"2014-04-27T14:46:33+00:00\",\"description\":\"Spielzusammenfassung und Interviews des Spiels des SC Preu\u00dfen 06 e.V. M\u00fcnster gegen die Stuttgarter Kickers im GAZI-Stadion.\",\"breadcrumb\":{\"@id\":\"https:\/\/www.fanprojekt-muenster.de\/wordpress\/spielzusammenfassung-und-interviews-stuttgarter-kickers\/#breadcrumb\"},\"inLanguage\":\"de\",\"potentialAction\":[{\"@type\":\"ReadAction\",\"target\":[\"https:\/\/www.fanprojekt-muenster.de\/wordpress\/spielzusammenfassung-und-interviews-stuttgarter-kickers\/\"]}]},{\"@type\":\"ImageObject\",\"inLanguage\":\"de\",\"@id\":\"https:\/\/www.fanprojekt-muenster.de\/wordpress\/spielzusammenfassung-und-interviews-stuttgarter-kickers\/#primaryimage\",\"url\":\"http:\/\/www.fanprojekt-muenster.de\/wp-content\/uploads\/2014\/04\/Radioankuendigung_Heim_Stuttgart-1024x640.jpg\",\"contentUrl\":\"http:\/\/www.fanprojekt-muenster.de\/wp-content\/uploads\/2014\/04\/Radioankuendigung_Heim_Stuttgart-1024x640.jpg\"},{\"@type\":\"BreadcrumbList\",\"@id\":\"https:\/\/www.fanprojekt-muenster.de\/wordpress\/spielzusammenfassung-und-interviews-stuttgarter-kickers\/#breadcrumb\",\"itemListElement\":[{\"@type\":\"ListItem\",\"position\":1,\"name\":\"Startseite\",\"item\":\"https:\/\/www.fanprojekt-muenster.de\/wordpress\/\"},{\"@type\":\"ListItem\",\"position\":2,\"name\":\"Spielzusammenfassung und Interviews Stuttgarter Kickers\"}]},{\"@type\":\"WebSite\",\"@id\":\"https:\/\/www.fanprojekt-muenster.de\/wordpress\/#website\",\"url\":\"https:\/\/www.fanprojekt-muenster.de\/wordpress\/\",\"name\":\"Fangemeinschaft Preu\u00dfen M\u00fcnster e. V.\",\"description\":\"\",\"publisher\":{\"@id\":\"https:\/\/www.fanprojekt-muenster.de\/wordpress\/#organization\"},\"potentialAction\":[{\"@type\":\"SearchAction\",\"target\":{\"@type\":\"EntryPoint\",\"urlTemplate\":\"https:\/\/www.fanprojekt-muenster.de\/wordpress\/?s={search_term_string}\"},\"query-input\":{\"@type\":\"PropertyValueSpecification\",\"valueRequired\":true,\"valueName\":\"search_term_string\"}}],\"inLanguage\":\"de\"},{\"@type\":\"Organization\",\"@id\":\"https:\/\/www.fanprojekt-muenster.de\/wordpress\/#organization\",\"name\":\"Fangemeinschaft Preu\u00dfen M\u00fcnster e. V.\",\"url\":\"https:\/\/www.fanprojekt-muenster.de\/wordpress\/\",\"logo\":{\"@type\":\"ImageObject\",\"inLanguage\":\"de\",\"@id\":\"https:\/\/www.fanprojekt-muenster.de\/wordpress\/#\/schema\/logo\/image\/\",\"url\":\"https:\/\/www.fanprojekt-muenster.de\/wordpress\/wp-content\/uploads\/2019\/07\/cropped-Website_Logo3-9.png\",\"contentUrl\":\"https:\/\/www.fanprojekt-muenster.de\/wordpress\/wp-content\/uploads\/2019\/07\/cropped-Website_Logo3-9.png\",\"width\":224,\"height\":42,\"caption\":\"Fangemeinschaft Preu\u00dfen M\u00fcnster e. V.\"},\"image\":{\"@id\":\"https:\/\/www.fanprojekt-muenster.de\/wordpress\/#\/schema\/logo\/image\/\"}},{\"@type\":\"Person\",\"@id\":\"https:\/\/www.fanprojekt-muenster.de\/wordpress\/#\/schema\/person\/9126cc4d73d0d07c75b487075111186c\",\"name\":\"fp_superadmin\",\"url\":\"https:\/\/www.fanprojekt-muenster.de\/wordpress\/author\/fp_superadmin\/\"}]}<\/script>\n<!-- \/ Yoast SEO plugin. -->","yoast_head_json":{"title":"Spielzusammenfassung und Interviews Stuttgarter Kickers - Fangemeinschaft Preu\u00dfen M\u00fcnster e. V.","description":"Spielzusammenfassung und Interviews des Spiels des SC Preu\u00dfen 06 e.V. M\u00fcnster gegen die Stuttgarter Kickers im GAZI-Stadion.","robots":{"index":"index","follow":"follow","max-snippet":"max-snippet:-1","max-image-preview":"max-image-preview:large","max-video-preview":"max-video-preview:-1"},"canonical":"https:\/\/www.fanprojekt-muenster.de\/wordpress\/spielzusammenfassung-und-interviews-stuttgarter-kickers\/","og_locale":"de_DE","og_type":"article","og_title":"Spielzusammenfassung und Interviews Stuttgarter Kickers - Fangemeinschaft Preu\u00dfen M\u00fcnster e. V.","og_description":"Spielzusammenfassung und Interviews des Spiels des SC Preu\u00dfen 06 e.V. M\u00fcnster gegen die Stuttgarter Kickers im GAZI-Stadion.","og_url":"https:\/\/www.fanprojekt-muenster.de\/wordpress\/spielzusammenfassung-und-interviews-stuttgarter-kickers\/","og_site_name":"Fangemeinschaft Preu\u00dfen M\u00fcnster e. V.","article_published_time":"2014-04-27T14:46:33+00:00","og_image":[{"url":"http:\/\/www.fanprojekt-muenster.de\/wp-content\/uploads\/2014\/04\/Radioankuendigung_Heim_Stuttgart-1024x640.jpg","type":"","width":"","height":""}],"author":"fp_superadmin","twitter_card":"summary_large_image","twitter_misc":{"Verfasst von":"fp_superadmin"},"schema":{"@context":"https:\/\/schema.org","@graph":[{"@type":"Article","@id":"https:\/\/www.fanprojekt-muenster.de\/wordpress\/spielzusammenfassung-und-interviews-stuttgarter-kickers\/#article","isPartOf":{"@id":"https:\/\/www.fanprojekt-muenster.de\/wordpress\/spielzusammenfassung-und-interviews-stuttgarter-kickers\/"},"author":{"name":"fp_superadmin","@id":"https:\/\/www.fanprojekt-muenster.de\/wordpress\/#\/schema\/person\/9126cc4d73d0d07c75b487075111186c"},"headline":"Spielzusammenfassung und Interviews Stuttgarter Kickers","datePublished":"2014-04-27T14:46:33+00:00","mainEntityOfPage":{"@id":"https:\/\/www.fanprojekt-muenster.de\/wordpress\/spielzusammenfassung-und-interviews-stuttgarter-kickers\/"},"wordCount":38,"commentCount":0,"publisher":{"@id":"https:\/\/www.fanprojekt-muenster.de\/wordpress\/#organization"},"image":{"@id":"https:\/\/www.fanprojekt-muenster.de\/wordpress\/spielzusammenfassung-und-interviews-stuttgarter-kickers\/#primaryimage"},"thumbnailUrl":"http:\/\/www.fanprojekt-muenster.de\/wp-content\/uploads\/2014\/04\/Radioankuendigung_Heim_Stuttgart-1024x640.jpg","keywords":["3.Liga","Interviews","Radio Mottekstrehle","SC Preu\u00dfen M\u00fcnster","Spielzusammenfassung","Stuttgarter Kickers","Von Fans f\u00fcr Fans"],"articleSection":["Radio Mottekstrehle","Saison 2013\/2014"],"inLanguage":"de","potentialAction":[{"@type":"CommentAction","name":"Comment","target":["https:\/\/www.fanprojekt-muenster.de\/wordpress\/spielzusammenfassung-und-interviews-stuttgarter-kickers\/#respond"]}]},{"@type":"WebPage","@id":"https:\/\/www.fanprojekt-muenster.de\/wordpress\/spielzusammenfassung-und-interviews-stuttgarter-kickers\/","url":"https:\/\/www.fanprojekt-muenster.de\/wordpress\/spielzusammenfassung-und-interviews-stuttgarter-kickers\/","name":"Spielzusammenfassung und Interviews Stuttgarter Kickers - Fangemeinschaft Preu\u00dfen M\u00fcnster e. V.","isPartOf":{"@id":"https:\/\/www.fanprojekt-muenster.de\/wordpress\/#website"},"primaryImageOfPage":{"@id":"https:\/\/www.fanprojekt-muenster.de\/wordpress\/spielzusammenfassung-und-interviews-stuttgarter-kickers\/#primaryimage"},"image":{"@id":"https:\/\/www.fanprojekt-muenster.de\/wordpress\/spielzusammenfassung-und-interviews-stuttgarter-kickers\/#primaryimage"},"thumbnailUrl":"http:\/\/www.fanprojekt-muenster.de\/wp-content\/uploads\/2014\/04\/Radioankuendigung_Heim_Stuttgart-1024x640.jpg","datePublished":"2014-04-27T14:46:33+00:00","description":"Spielzusammenfassung und Interviews des Spiels des SC Preu\u00dfen 06 e.V. M\u00fcnster gegen die Stuttgarter Kickers im GAZI-Stadion.","breadcrumb":{"@id":"https:\/\/www.fanprojekt-muenster.de\/wordpress\/spielzusammenfassung-und-interviews-stuttgarter-kickers\/#breadcrumb"},"inLanguage":"de","potentialAction":[{"@type":"ReadAction","target":["https:\/\/www.fanprojekt-muenster.de\/wordpress\/spielzusammenfassung-und-interviews-stuttgarter-kickers\/"]}]},{"@type":"ImageObject","inLanguage":"de","@id":"https:\/\/www.fanprojekt-muenster.de\/wordpress\/spielzusammenfassung-und-interviews-stuttgarter-kickers\/#primaryimage","url":"http:\/\/www.fanprojekt-muenster.de\/wp-content\/uploads\/2014\/04\/Radioankuendigung_Heim_Stuttgart-1024x640.jpg","contentUrl":"http:\/\/www.fanprojekt-muenster.de\/wp-content\/uploads\/2014\/04\/Radioankuendigung_Heim_Stuttgart-1024x640.jpg"},{"@type":"BreadcrumbList","@id":"https:\/\/www.fanprojekt-muenster.de\/wordpress\/spielzusammenfassung-und-interviews-stuttgarter-kickers\/#breadcrumb","itemListElement":[{"@type":"ListItem","position":1,"name":"Startseite","item":"https:\/\/www.fanprojekt-muenster.de\/wordpress\/"},{"@type":"ListItem","position":2,"name":"Spielzusammenfassung und Interviews Stuttgarter Kickers"}]},{"@type":"WebSite","@id":"https:\/\/www.fanprojekt-muenster.de\/wordpress\/#website","url":"https:\/\/www.fanprojekt-muenster.de\/wordpress\/","name":"Fangemeinschaft Preu\u00dfen M\u00fcnster e. V.","description":"","publisher":{"@id":"https:\/\/www.fanprojekt-muenster.de\/wordpress\/#organization"},"potentialAction":[{"@type":"SearchAction","target":{"@type":"EntryPoint","urlTemplate":"https:\/\/www.fanprojekt-muenster.de\/wordpress\/?s={search_term_string}"},"query-input":{"@type":"PropertyValueSpecification","valueRequired":true,"valueName":"search_term_string"}}],"inLanguage":"de"},{"@type":"Organization","@id":"https:\/\/www.fanprojekt-muenster.de\/wordpress\/#organization","name":"Fangemeinschaft Preu\u00dfen M\u00fcnster e. V.","url":"https:\/\/www.fanprojekt-muenster.de\/wordpress\/","logo":{"@type":"ImageObject","inLanguage":"de","@id":"https:\/\/www.fanprojekt-muenster.de\/wordpress\/#\/schema\/logo\/image\/","url":"https:\/\/www.fanprojekt-muenster.de\/wordpress\/wp-content\/uploads\/2019\/07\/cropped-Website_Logo3-9.png","contentUrl":"https:\/\/www.fanprojekt-muenster.de\/wordpress\/wp-content\/uploads\/2019\/07\/cropped-Website_Logo3-9.png","width":224,"height":42,"caption":"Fangemeinschaft Preu\u00dfen M\u00fcnster e. V."},"image":{"@id":"https:\/\/www.fanprojekt-muenster.de\/wordpress\/#\/schema\/logo\/image\/"}},{"@type":"Person","@id":"https:\/\/www.fanprojekt-muenster.de\/wordpress\/#\/schema\/person\/9126cc4d73d0d07c75b487075111186c","name":"fp_superadmin","url":"https:\/\/www.fanprojekt-muenster.de\/wordpress\/author\/fp_superadmin\/"}]}},"author_meta":{"display_name":"fp_superadmin","author_link":"https:\/\/www.fanprojekt-muenster.de\/wordpress\/author\/fp_superadmin\/"},"featured_img":null,"coauthors":[],"tax_additional":{"categories":{"linked":["<a href=\"https:\/\/www.fanprojekt-muenster.de\/wordpress\/category\/radio-mottekstrehle\/\" class=\"advgb-post-tax-term\">Radio Mottekstrehle<\/a>","<a href=\"https:\/\/www.fanprojekt-muenster.de\/wordpress\/category\/radio-mottekstrehle\/saison-20132014\/\" class=\"advgb-post-tax-term\">Saison 2013\/2014<\/a>"],"unlinked":["<span class=\"advgb-post-tax-term\">Radio Mottekstrehle<\/span>","<span class=\"advgb-post-tax-term\">Saison 2013\/2014<\/span>"]},"tags":{"linked":["<a href=\"https:\/\/www.fanprojekt-muenster.de\/wordpress\/category\/radio-mottekstrehle\/saison-20132014\/\" class=\"advgb-post-tax-term\">3.Liga<\/a>","<a href=\"https:\/\/www.fanprojekt-muenster.de\/wordpress\/category\/radio-mottekstrehle\/saison-20132014\/\" class=\"advgb-post-tax-term\">Interviews<\/a>","<a href=\"https:\/\/www.fanprojekt-muenster.de\/wordpress\/category\/radio-mottekstrehle\/saison-20132014\/\" class=\"advgb-post-tax-term\">Radio Mottekstrehle<\/a>","<a href=\"https:\/\/www.fanprojekt-muenster.de\/wordpress\/category\/radio-mottekstrehle\/saison-20132014\/\" class=\"advgb-post-tax-term\">SC Preu\u00dfen M\u00fcnster<\/a>","<a href=\"https:\/\/www.fanprojekt-muenster.de\/wordpress\/category\/radio-mottekstrehle\/saison-20132014\/\" class=\"advgb-post-tax-term\">Spielzusammenfassung<\/a>","<a href=\"https:\/\/www.fanprojekt-muenster.de\/wordpress\/category\/radio-mottekstrehle\/saison-20132014\/\" class=\"advgb-post-tax-term\">Stuttgarter Kickers<\/a>","<a href=\"https:\/\/www.fanprojekt-muenster.de\/wordpress\/category\/radio-mottekstrehle\/saison-20132014\/\" class=\"advgb-post-tax-term\">Von Fans f\u00fcr Fans<\/a>"],"unlinked":["<span class=\"advgb-post-tax-term\">3.Liga<\/span>","<span class=\"advgb-post-tax-term\">Interviews<\/span>","<span class=\"advgb-post-tax-term\">Radio Mottekstrehle<\/span>","<span class=\"advgb-post-tax-term\">SC Preu\u00dfen M\u00fcnster<\/span>","<span class=\"advgb-post-tax-term\">Spielzusammenfassung<\/span>","<span class=\"advgb-post-tax-term\">Stuttgarter Kickers<\/span>","<span class=\"advgb-post-tax-term\">Von Fans f\u00fcr Fans<\/span>"]}},"comment_count":"0","relative_dates":{"created":"Posted 12\u00a0Jahren ago","modified":"Updated 12\u00a0Jahren ago"},"absolute_dates":{"created":"Posted on 27. April 2014","modified":"Updated on 27. April 2014"},"absolute_dates_time":{"created":"Posted on 27. April 2014 16:46","modified":"Updated on 27. April 2014 16:46"},"featured_img_caption":"","series_order":"","_links":{"self":[{"href":"https:\/\/www.fanprojekt-muenster.de\/wordpress\/wp-json\/wp\/v2\/posts\/2871","targetHints":{"allow":["GET"]}}],"collection":[{"href":"https:\/\/www.fanprojekt-muenster.de\/wordpress\/wp-json\/wp\/v2\/posts"}],"about":[{"href":"https:\/\/www.fanprojekt-muenster.de\/wordpress\/wp-json\/wp\/v2\/types\/post"}],"author":[{"embeddable":true,"href":"https:\/\/www.fanprojekt-muenster.de\/wordpress\/wp-json\/wp\/v2\/users\/2"}],"replies":[{"embeddable":true,"href":"https:\/\/www.fanprojekt-muenster.de\/wordpress\/wp-json\/wp\/v2\/comments?post=2871"}],"version-history":[{"count":0,"href":"https:\/\/www.fanprojekt-muenster.de\/wordpress\/wp-json\/wp\/v2\/posts\/2871\/revisions"}],"wp:attachment":[{"href":"https:\/\/www.fanprojekt-muenster.de\/wordpress\/wp-json\/wp\/v2\/media?parent=2871"}],"wp:term":[{"taxonomy":"category","embeddable":true,"href":"https:\/\/www.fanprojekt-muenster.de\/wordpress\/wp-json\/wp\/v2\/categories?post=2871"},{"taxonomy":"post_tag","embeddable":true,"href":"https:\/\/www.fanprojekt-muenster.de\/wordpress\/wp-json\/wp\/v2\/tags?post=2871"}],"curies":[{"name":"wp","href":"https:\/\/api.w.org\/{rel}","templated":true}]}}