{"id":2757,"date":"2014-03-28T22:29:07","date_gmt":"2014-03-28T20:29:07","guid":{"rendered":"http:\/\/www.fanprojekt-muenster.de\/?p=2757"},"modified":"2014-03-28T22:29:07","modified_gmt":"2014-03-28T20:29:07","slug":"erlebnisbericht-ueber-die-fahrt-nach-unterhaching","status":"publish","type":"post","link":"https:\/\/www.fanprojekt-muenster.de\/wordpress\/erlebnisbericht-ueber-die-fahrt-nach-unterhaching\/","title":{"rendered":"Erlebnisbericht \u00fcber die Fahrt nach Unterhaching"},"content":{"rendered":"<p><img loading=\"lazy\" decoding=\"async\" src=\"http:\/\/www.fanprojekt-muenster.de\/wp-content\/uploads\/2014\/03\/Fanbus_Unterhaching-1024x682.jpg\" alt=\"SAMSUNG\" width=\"960\" height=\"639\" class=\"alignnone size-large wp-image-2758\" \/><\/p>\n<p><strong>Fanprojektfahrt nach Unterhaching am 08.03.2014<\/strong><\/p>\n<p>Am Samstag um 02.04 Uhr war es soweit. Es ging mit den Fanprojektbus in den S\u00fcden!<br \/>\nEs war in diesem Jahr unsere Kr\u00f6nungsfahrt! Dieses mal fuhren wir zum Ausw\u00e4rtsspiel, mit \u00dcbernachtung!!<br \/>\nIn aller Fr\u00fche machten sich 42 Fans des SCP, in Richtung Unterhaching auf den Weg, um unsere Mannschaft zu unterst\u00fctzen.<br \/>\nEine bunt gew\u00fcrfelte Truppe. Kinder, Jugendliche, Frauen, Rentner, alles war vertreten. Fans von der Gegengerade, Coesfelder Fraktion, La Familia, Fans aus allen m\u00f6glichen Fangruppierungen!<br \/>\nDiese Fahrt war ein unbeschreibliches Erlebnis, wir wurden von Sabine und Raimund verw\u00f6hnt! Es gab frisch belegte Br\u00f6tchen, selbstgemachte Buletten, Kaffee und Kuchen und alles zum Nulltarif! Danke an unsere &#8222;Reiseleiter&#8220;!<br \/>\nIm Bus war eine super Stimmung, es wurde sich eingestimmt auf das anstehende Fu\u00dfballspiel!<br \/>\nDas sch\u00f6nste war, das unsere Jungs nach gro\u00dfen Kampf, das Match mit 2:1 f\u00fcr sich entscheiden konnten.<br \/>\nNach dem Spiel ging es gemeinsam in den Biergarten der Unterhachinger Fu\u00dfballarena, wo die ganze Truppe sich auf einen sch\u00f6nen Abend einstimmte!!<br \/>\nWir hatten uns, in nicht sehr gro\u00dfer Entfernung von der Spielst\u00e4tte, in ein sch\u00f6nes Hotel einquartiert.<br \/>\nAbends ging es f\u00fcr die meisten noch in die M\u00fcnchner Innenstadt, wo dann weiter gefeiert wurde! Die letzten m\u00fcden Preu\u00dfenfans, landeten<br \/>\nschlie\u00dflich gegen 1.30 Uhr in ihre Betten.<br \/>\nAm Sonntag ging es nach einen super Fr\u00fchst\u00fcck, gegen 11.00 Uhr in Richtung M\u00fcnster zur\u00fcck. Wo wir m\u00fcde, aber gut gelaunt, gegen 21.30 Uhr eintrafen.<br \/>\nWir m\u00f6chten uns hier noch einmal bei dem Fanprojekt bedanken, insbesondere bei Sabine und Raimund, die uns dieses unvergessliche Erlebnis erm\u00f6glicht haben. Ohne ihre M\u00fche und Arbeit w\u00e4re es niemals so genial geworden.<br \/>\nDurch diese gemeinsame Fahrten ist eine super Truppe zusammengewachsen. Eine gro\u00dfe Preu\u00dfenfamilie!!<\/p>\n<p><em>Lennard und Carsten Hemmerling<\/em><\/p>\n","protected":false},"excerpt":{"rendered":"<p>Fanprojektfahrt nach Unterhaching am 08.03.2014 Am Samstag um 02.04 Uhr war es soweit. Es ging mit den Fanprojektbus in den S\u00fcden! Es war in diesem Jahr unsere Kr\u00f6nungsfahrt! Dieses mal&#8230; <a class=\"read-more-link\" href=\"https:\/\/www.fanprojekt-muenster.de\/wordpress\/erlebnisbericht-ueber-die-fahrt-nach-unterhaching\/\">Read more &raquo;<\/a><\/p>\n","protected":false},"author":2,"featured_media":2758,"comment_status":"open","ping_status":"open","sticky":false,"template":"","format":"standard","meta":{"advgb_blocks_editor_width":"","advgb_blocks_columns_visual_guide":"","footnotes":""},"categories":[3],"tags":[26,28,49,112,223,273,283],"class_list":["post-2757","post","type-post","status-publish","format-standard","has-post-thumbnail","hentry","category-aktuelles","tag-26","tag-3-liga-2","tag-auswaertsfahrt","tag-fanprojekt","tag-sc-preussen-muenster","tag-unterhaching","tag-von-fans-fuer-fans"],"featured_image_src":null,"author_info":{"display_name":"fp_superadmin","author_link":"https:\/\/www.fanprojekt-muenster.de\/wordpress\/author\/fp_superadmin\/"},"yoast_head":"<!-- This site is optimized with the Yoast SEO plugin v27.2 - https:\/\/yoast.com\/product\/yoast-seo-wordpress\/ -->\n<title>Erlebnisbericht \u00fcber die Fahrt nach Unterhaching - Fangemeinschaft Preu\u00dfen M\u00fcnster e. V.<\/title>\n<meta name=\"robots\" content=\"index, follow, max-snippet:-1, max-image-preview:large, max-video-preview:-1\" \/>\n<link rel=\"canonical\" href=\"https:\/\/www.fanprojekt-muenster.de\/wordpress\/erlebnisbericht-ueber-die-fahrt-nach-unterhaching\/\" \/>\n<meta property=\"og:locale\" content=\"de_DE\" \/>\n<meta property=\"og:type\" content=\"article\" \/>\n<meta property=\"og:title\" content=\"Erlebnisbericht \u00fcber die Fahrt nach Unterhaching - Fangemeinschaft Preu\u00dfen M\u00fcnster e. V.\" \/>\n<meta property=\"og:description\" content=\"Fanprojektfahrt nach Unterhaching am 08.03.2014 Am Samstag um 02.04 Uhr war es soweit. Es ging mit den Fanprojektbus in den S\u00fcden! Es war in diesem Jahr unsere Kr\u00f6nungsfahrt! Dieses mal... Read more &raquo;\" \/>\n<meta property=\"og:url\" content=\"https:\/\/www.fanprojekt-muenster.de\/wordpress\/erlebnisbericht-ueber-die-fahrt-nach-unterhaching\/\" \/>\n<meta property=\"og:site_name\" content=\"Fangemeinschaft Preu\u00dfen M\u00fcnster e. V.\" \/>\n<meta property=\"article:published_time\" content=\"2014-03-28T20:29:07+00:00\" \/>\n<meta name=\"author\" content=\"fp_superadmin\" \/>\n<meta name=\"twitter:card\" content=\"summary_large_image\" \/>\n<meta name=\"twitter:label1\" content=\"Verfasst von\" \/>\n\t<meta name=\"twitter:data1\" content=\"fp_superadmin\" \/>\n\t<meta name=\"twitter:label2\" content=\"Gesch\u00e4tzte Lesezeit\" \/>\n\t<meta name=\"twitter:data2\" content=\"2\u00a0Minuten\" \/>\n<script type=\"application\/ld+json\" class=\"yoast-schema-graph\">{\"@context\":\"https:\/\/schema.org\",\"@graph\":[{\"@type\":\"Article\",\"@id\":\"https:\/\/www.fanprojekt-muenster.de\/wordpress\/erlebnisbericht-ueber-die-fahrt-nach-unterhaching\/#article\",\"isPartOf\":{\"@id\":\"https:\/\/www.fanprojekt-muenster.de\/wordpress\/erlebnisbericht-ueber-die-fahrt-nach-unterhaching\/\"},\"author\":{\"name\":\"fp_superadmin\",\"@id\":\"https:\/\/www.fanprojekt-muenster.de\/wordpress\/#\/schema\/person\/9126cc4d73d0d07c75b487075111186c\"},\"headline\":\"Erlebnisbericht \u00fcber die Fahrt nach Unterhaching\",\"datePublished\":\"2014-03-28T20:29:07+00:00\",\"mainEntityOfPage\":{\"@id\":\"https:\/\/www.fanprojekt-muenster.de\/wordpress\/erlebnisbericht-ueber-die-fahrt-nach-unterhaching\/\"},\"wordCount\":315,\"commentCount\":0,\"publisher\":{\"@id\":\"https:\/\/www.fanprojekt-muenster.de\/wordpress\/#organization\"},\"image\":{\"@id\":\"https:\/\/www.fanprojekt-muenster.de\/wordpress\/erlebnisbericht-ueber-die-fahrt-nach-unterhaching\/#primaryimage\"},\"thumbnailUrl\":\"\",\"keywords\":[\"2014\",\"3.Liga\",\"Ausw\u00e4rtsfahrt\",\"Fanprojekt\",\"SC Preu\u00dfen M\u00fcnster\",\"Unterhaching\",\"Von Fans f\u00fcr Fans\"],\"articleSection\":[\"Aktuelles\"],\"inLanguage\":\"de\",\"potentialAction\":[{\"@type\":\"CommentAction\",\"name\":\"Comment\",\"target\":[\"https:\/\/www.fanprojekt-muenster.de\/wordpress\/erlebnisbericht-ueber-die-fahrt-nach-unterhaching\/#respond\"]}]},{\"@type\":\"WebPage\",\"@id\":\"https:\/\/www.fanprojekt-muenster.de\/wordpress\/erlebnisbericht-ueber-die-fahrt-nach-unterhaching\/\",\"url\":\"https:\/\/www.fanprojekt-muenster.de\/wordpress\/erlebnisbericht-ueber-die-fahrt-nach-unterhaching\/\",\"name\":\"Erlebnisbericht \u00fcber die Fahrt nach Unterhaching - Fangemeinschaft Preu\u00dfen M\u00fcnster e. V.\",\"isPartOf\":{\"@id\":\"https:\/\/www.fanprojekt-muenster.de\/wordpress\/#website\"},\"primaryImageOfPage\":{\"@id\":\"https:\/\/www.fanprojekt-muenster.de\/wordpress\/erlebnisbericht-ueber-die-fahrt-nach-unterhaching\/#primaryimage\"},\"image\":{\"@id\":\"https:\/\/www.fanprojekt-muenster.de\/wordpress\/erlebnisbericht-ueber-die-fahrt-nach-unterhaching\/#primaryimage\"},\"thumbnailUrl\":\"\",\"datePublished\":\"2014-03-28T20:29:07+00:00\",\"breadcrumb\":{\"@id\":\"https:\/\/www.fanprojekt-muenster.de\/wordpress\/erlebnisbericht-ueber-die-fahrt-nach-unterhaching\/#breadcrumb\"},\"inLanguage\":\"de\",\"potentialAction\":[{\"@type\":\"ReadAction\",\"target\":[\"https:\/\/www.fanprojekt-muenster.de\/wordpress\/erlebnisbericht-ueber-die-fahrt-nach-unterhaching\/\"]}]},{\"@type\":\"ImageObject\",\"inLanguage\":\"de\",\"@id\":\"https:\/\/www.fanprojekt-muenster.de\/wordpress\/erlebnisbericht-ueber-die-fahrt-nach-unterhaching\/#primaryimage\",\"url\":\"\",\"contentUrl\":\"\"},{\"@type\":\"BreadcrumbList\",\"@id\":\"https:\/\/www.fanprojekt-muenster.de\/wordpress\/erlebnisbericht-ueber-die-fahrt-nach-unterhaching\/#breadcrumb\",\"itemListElement\":[{\"@type\":\"ListItem\",\"position\":1,\"name\":\"Startseite\",\"item\":\"https:\/\/www.fanprojekt-muenster.de\/wordpress\/\"},{\"@type\":\"ListItem\",\"position\":2,\"name\":\"Erlebnisbericht \u00fcber die Fahrt nach Unterhaching\"}]},{\"@type\":\"WebSite\",\"@id\":\"https:\/\/www.fanprojekt-muenster.de\/wordpress\/#website\",\"url\":\"https:\/\/www.fanprojekt-muenster.de\/wordpress\/\",\"name\":\"Fangemeinschaft Preu\u00dfen M\u00fcnster e. V.\",\"description\":\"\",\"publisher\":{\"@id\":\"https:\/\/www.fanprojekt-muenster.de\/wordpress\/#organization\"},\"potentialAction\":[{\"@type\":\"SearchAction\",\"target\":{\"@type\":\"EntryPoint\",\"urlTemplate\":\"https:\/\/www.fanprojekt-muenster.de\/wordpress\/?s={search_term_string}\"},\"query-input\":{\"@type\":\"PropertyValueSpecification\",\"valueRequired\":true,\"valueName\":\"search_term_string\"}}],\"inLanguage\":\"de\"},{\"@type\":\"Organization\",\"@id\":\"https:\/\/www.fanprojekt-muenster.de\/wordpress\/#organization\",\"name\":\"Fangemeinschaft Preu\u00dfen M\u00fcnster e. V.\",\"url\":\"https:\/\/www.fanprojekt-muenster.de\/wordpress\/\",\"logo\":{\"@type\":\"ImageObject\",\"inLanguage\":\"de\",\"@id\":\"https:\/\/www.fanprojekt-muenster.de\/wordpress\/#\/schema\/logo\/image\/\",\"url\":\"https:\/\/www.fanprojekt-muenster.de\/wordpress\/wp-content\/uploads\/2019\/07\/cropped-Website_Logo3-9.png\",\"contentUrl\":\"https:\/\/www.fanprojekt-muenster.de\/wordpress\/wp-content\/uploads\/2019\/07\/cropped-Website_Logo3-9.png\",\"width\":224,\"height\":42,\"caption\":\"Fangemeinschaft Preu\u00dfen M\u00fcnster e. V.\"},\"image\":{\"@id\":\"https:\/\/www.fanprojekt-muenster.de\/wordpress\/#\/schema\/logo\/image\/\"}},{\"@type\":\"Person\",\"@id\":\"https:\/\/www.fanprojekt-muenster.de\/wordpress\/#\/schema\/person\/9126cc4d73d0d07c75b487075111186c\",\"name\":\"fp_superadmin\",\"url\":\"https:\/\/www.fanprojekt-muenster.de\/wordpress\/author\/fp_superadmin\/\"}]}<\/script>\n<!-- \/ Yoast SEO plugin. -->","yoast_head_json":{"title":"Erlebnisbericht \u00fcber die Fahrt nach Unterhaching - Fangemeinschaft Preu\u00dfen M\u00fcnster e. V.","robots":{"index":"index","follow":"follow","max-snippet":"max-snippet:-1","max-image-preview":"max-image-preview:large","max-video-preview":"max-video-preview:-1"},"canonical":"https:\/\/www.fanprojekt-muenster.de\/wordpress\/erlebnisbericht-ueber-die-fahrt-nach-unterhaching\/","og_locale":"de_DE","og_type":"article","og_title":"Erlebnisbericht \u00fcber die Fahrt nach Unterhaching - Fangemeinschaft Preu\u00dfen M\u00fcnster e. V.","og_description":"Fanprojektfahrt nach Unterhaching am 08.03.2014 Am Samstag um 02.04 Uhr war es soweit. Es ging mit den Fanprojektbus in den S\u00fcden! Es war in diesem Jahr unsere Kr\u00f6nungsfahrt! Dieses mal... Read more &raquo;","og_url":"https:\/\/www.fanprojekt-muenster.de\/wordpress\/erlebnisbericht-ueber-die-fahrt-nach-unterhaching\/","og_site_name":"Fangemeinschaft Preu\u00dfen M\u00fcnster e. V.","article_published_time":"2014-03-28T20:29:07+00:00","author":"fp_superadmin","twitter_card":"summary_large_image","twitter_misc":{"Verfasst von":"fp_superadmin","Gesch\u00e4tzte Lesezeit":"2\u00a0Minuten"},"schema":{"@context":"https:\/\/schema.org","@graph":[{"@type":"Article","@id":"https:\/\/www.fanprojekt-muenster.de\/wordpress\/erlebnisbericht-ueber-die-fahrt-nach-unterhaching\/#article","isPartOf":{"@id":"https:\/\/www.fanprojekt-muenster.de\/wordpress\/erlebnisbericht-ueber-die-fahrt-nach-unterhaching\/"},"author":{"name":"fp_superadmin","@id":"https:\/\/www.fanprojekt-muenster.de\/wordpress\/#\/schema\/person\/9126cc4d73d0d07c75b487075111186c"},"headline":"Erlebnisbericht \u00fcber die Fahrt nach Unterhaching","datePublished":"2014-03-28T20:29:07+00:00","mainEntityOfPage":{"@id":"https:\/\/www.fanprojekt-muenster.de\/wordpress\/erlebnisbericht-ueber-die-fahrt-nach-unterhaching\/"},"wordCount":315,"commentCount":0,"publisher":{"@id":"https:\/\/www.fanprojekt-muenster.de\/wordpress\/#organization"},"image":{"@id":"https:\/\/www.fanprojekt-muenster.de\/wordpress\/erlebnisbericht-ueber-die-fahrt-nach-unterhaching\/#primaryimage"},"thumbnailUrl":"","keywords":["2014","3.Liga","Ausw\u00e4rtsfahrt","Fanprojekt","SC Preu\u00dfen M\u00fcnster","Unterhaching","Von Fans f\u00fcr Fans"],"articleSection":["Aktuelles"],"inLanguage":"de","potentialAction":[{"@type":"CommentAction","name":"Comment","target":["https:\/\/www.fanprojekt-muenster.de\/wordpress\/erlebnisbericht-ueber-die-fahrt-nach-unterhaching\/#respond"]}]},{"@type":"WebPage","@id":"https:\/\/www.fanprojekt-muenster.de\/wordpress\/erlebnisbericht-ueber-die-fahrt-nach-unterhaching\/","url":"https:\/\/www.fanprojekt-muenster.de\/wordpress\/erlebnisbericht-ueber-die-fahrt-nach-unterhaching\/","name":"Erlebnisbericht \u00fcber die Fahrt nach Unterhaching - Fangemeinschaft Preu\u00dfen M\u00fcnster e. V.","isPartOf":{"@id":"https:\/\/www.fanprojekt-muenster.de\/wordpress\/#website"},"primaryImageOfPage":{"@id":"https:\/\/www.fanprojekt-muenster.de\/wordpress\/erlebnisbericht-ueber-die-fahrt-nach-unterhaching\/#primaryimage"},"image":{"@id":"https:\/\/www.fanprojekt-muenster.de\/wordpress\/erlebnisbericht-ueber-die-fahrt-nach-unterhaching\/#primaryimage"},"thumbnailUrl":"","datePublished":"2014-03-28T20:29:07+00:00","breadcrumb":{"@id":"https:\/\/www.fanprojekt-muenster.de\/wordpress\/erlebnisbericht-ueber-die-fahrt-nach-unterhaching\/#breadcrumb"},"inLanguage":"de","potentialAction":[{"@type":"ReadAction","target":["https:\/\/www.fanprojekt-muenster.de\/wordpress\/erlebnisbericht-ueber-die-fahrt-nach-unterhaching\/"]}]},{"@type":"ImageObject","inLanguage":"de","@id":"https:\/\/www.fanprojekt-muenster.de\/wordpress\/erlebnisbericht-ueber-die-fahrt-nach-unterhaching\/#primaryimage","url":"","contentUrl":""},{"@type":"BreadcrumbList","@id":"https:\/\/www.fanprojekt-muenster.de\/wordpress\/erlebnisbericht-ueber-die-fahrt-nach-unterhaching\/#breadcrumb","itemListElement":[{"@type":"ListItem","position":1,"name":"Startseite","item":"https:\/\/www.fanprojekt-muenster.de\/wordpress\/"},{"@type":"ListItem","position":2,"name":"Erlebnisbericht \u00fcber die Fahrt nach Unterhaching"}]},{"@type":"WebSite","@id":"https:\/\/www.fanprojekt-muenster.de\/wordpress\/#website","url":"https:\/\/www.fanprojekt-muenster.de\/wordpress\/","name":"Fangemeinschaft Preu\u00dfen M\u00fcnster e. V.","description":"","publisher":{"@id":"https:\/\/www.fanprojekt-muenster.de\/wordpress\/#organization"},"potentialAction":[{"@type":"SearchAction","target":{"@type":"EntryPoint","urlTemplate":"https:\/\/www.fanprojekt-muenster.de\/wordpress\/?s={search_term_string}"},"query-input":{"@type":"PropertyValueSpecification","valueRequired":true,"valueName":"search_term_string"}}],"inLanguage":"de"},{"@type":"Organization","@id":"https:\/\/www.fanprojekt-muenster.de\/wordpress\/#organization","name":"Fangemeinschaft Preu\u00dfen M\u00fcnster e. V.","url":"https:\/\/www.fanprojekt-muenster.de\/wordpress\/","logo":{"@type":"ImageObject","inLanguage":"de","@id":"https:\/\/www.fanprojekt-muenster.de\/wordpress\/#\/schema\/logo\/image\/","url":"https:\/\/www.fanprojekt-muenster.de\/wordpress\/wp-content\/uploads\/2019\/07\/cropped-Website_Logo3-9.png","contentUrl":"https:\/\/www.fanprojekt-muenster.de\/wordpress\/wp-content\/uploads\/2019\/07\/cropped-Website_Logo3-9.png","width":224,"height":42,"caption":"Fangemeinschaft Preu\u00dfen M\u00fcnster e. V."},"image":{"@id":"https:\/\/www.fanprojekt-muenster.de\/wordpress\/#\/schema\/logo\/image\/"}},{"@type":"Person","@id":"https:\/\/www.fanprojekt-muenster.de\/wordpress\/#\/schema\/person\/9126cc4d73d0d07c75b487075111186c","name":"fp_superadmin","url":"https:\/\/www.fanprojekt-muenster.de\/wordpress\/author\/fp_superadmin\/"}]}},"author_meta":{"display_name":"fp_superadmin","author_link":"https:\/\/www.fanprojekt-muenster.de\/wordpress\/author\/fp_superadmin\/"},"featured_img":null,"coauthors":[],"tax_additional":{"categories":{"linked":["<a href=\"https:\/\/www.fanprojekt-muenster.de\/wordpress\/category\/aktuelles\/\" class=\"advgb-post-tax-term\">Aktuelles<\/a>"],"unlinked":["<span class=\"advgb-post-tax-term\">Aktuelles<\/span>"]},"tags":{"linked":["<a href=\"https:\/\/www.fanprojekt-muenster.de\/wordpress\/category\/aktuelles\/\" class=\"advgb-post-tax-term\">2014<\/a>","<a href=\"https:\/\/www.fanprojekt-muenster.de\/wordpress\/category\/aktuelles\/\" class=\"advgb-post-tax-term\">3.Liga<\/a>","<a href=\"https:\/\/www.fanprojekt-muenster.de\/wordpress\/category\/aktuelles\/\" class=\"advgb-post-tax-term\">Ausw\u00e4rtsfahrt<\/a>","<a href=\"https:\/\/www.fanprojekt-muenster.de\/wordpress\/category\/aktuelles\/\" class=\"advgb-post-tax-term\">Fanprojekt<\/a>","<a href=\"https:\/\/www.fanprojekt-muenster.de\/wordpress\/category\/aktuelles\/\" class=\"advgb-post-tax-term\">SC Preu\u00dfen M\u00fcnster<\/a>","<a href=\"https:\/\/www.fanprojekt-muenster.de\/wordpress\/category\/aktuelles\/\" class=\"advgb-post-tax-term\">Unterhaching<\/a>","<a href=\"https:\/\/www.fanprojekt-muenster.de\/wordpress\/category\/aktuelles\/\" class=\"advgb-post-tax-term\">Von Fans f\u00fcr Fans<\/a>"],"unlinked":["<span class=\"advgb-post-tax-term\">2014<\/span>","<span class=\"advgb-post-tax-term\">3.Liga<\/span>","<span class=\"advgb-post-tax-term\">Ausw\u00e4rtsfahrt<\/span>","<span class=\"advgb-post-tax-term\">Fanprojekt<\/span>","<span class=\"advgb-post-tax-term\">SC Preu\u00dfen M\u00fcnster<\/span>","<span class=\"advgb-post-tax-term\">Unterhaching<\/span>","<span class=\"advgb-post-tax-term\">Von Fans f\u00fcr Fans<\/span>"]}},"comment_count":"0","relative_dates":{"created":"Posted 12\u00a0Jahren ago","modified":"Updated 12\u00a0Jahren ago"},"absolute_dates":{"created":"Posted on 28. M\u00e4rz 2014","modified":"Updated on 28. M\u00e4rz 2014"},"absolute_dates_time":{"created":"Posted on 28. M\u00e4rz 2014 22:29","modified":"Updated on 28. M\u00e4rz 2014 22:29"},"featured_img_caption":"","series_order":"","_links":{"self":[{"href":"https:\/\/www.fanprojekt-muenster.de\/wordpress\/wp-json\/wp\/v2\/posts\/2757","targetHints":{"allow":["GET"]}}],"collection":[{"href":"https:\/\/www.fanprojekt-muenster.de\/wordpress\/wp-json\/wp\/v2\/posts"}],"about":[{"href":"https:\/\/www.fanprojekt-muenster.de\/wordpress\/wp-json\/wp\/v2\/types\/post"}],"author":[{"embeddable":true,"href":"https:\/\/www.fanprojekt-muenster.de\/wordpress\/wp-json\/wp\/v2\/users\/2"}],"replies":[{"embeddable":true,"href":"https:\/\/www.fanprojekt-muenster.de\/wordpress\/wp-json\/wp\/v2\/comments?post=2757"}],"version-history":[{"count":0,"href":"https:\/\/www.fanprojekt-muenster.de\/wordpress\/wp-json\/wp\/v2\/posts\/2757\/revisions"}],"wp:featuredmedia":[{"embeddable":true,"href":"https:\/\/www.fanprojekt-muenster.de\/wordpress\/wp-json\/"}],"wp:attachment":[{"href":"https:\/\/www.fanprojekt-muenster.de\/wordpress\/wp-json\/wp\/v2\/media?parent=2757"}],"wp:term":[{"taxonomy":"category","embeddable":true,"href":"https:\/\/www.fanprojekt-muenster.de\/wordpress\/wp-json\/wp\/v2\/categories?post=2757"},{"taxonomy":"post_tag","embeddable":true,"href":"https:\/\/www.fanprojekt-muenster.de\/wordpress\/wp-json\/wp\/v2\/tags?post=2757"}],"curies":[{"name":"wp","href":"https:\/\/api.w.org\/{rel}","templated":true}]}}