{"id":2707,"date":"2014-03-16T22:36:35","date_gmt":"2014-03-16T20:36:35","guid":{"rendered":"http:\/\/www.fanprojekt-muenster.de\/?p=2707"},"modified":"2014-03-16T22:36:35","modified_gmt":"2014-03-16T20:36:35","slug":"spielzusammenfassung-1-fc-heidenheim","status":"publish","type":"post","link":"https:\/\/www.fanprojekt-muenster.de\/wordpress\/spielzusammenfassung-1-fc-heidenheim\/","title":{"rendered":"Spielzusammenfassung 1. FC Heidenheim"},"content":{"rendered":"<p><img loading=\"lazy\" decoding=\"async\" src=\"http:\/\/www.fanprojekt-muenster.de\/wp-content\/uploads\/2014\/03\/Radioankuendigung_Heidenheim-1024x640.jpg\" alt=\"Radioankuendigung_Heidenheim\" width=\"960\" height=\"600\" class=\"alignnone size-large wp-image-2696\" \/><\/p>\n<p>Spielzusammenfassung:<br \/>\n<audio class=\"wp-audio-shortcode\" id=\"audio-2707-1\" preload=\"none\" style=\"width: 100%;\" controls=\"controls\"><source type=\"audio\/mpeg\" src=\"http:\/\/www.fanprojekt-muenster.de\/radioms\/cms\/Archiv_Sendungen\/2014\/29_Heidenheim\/Zusammenfassung_SCP-FCH_20140315.mp3?_=1\" \/><a href=\"http:\/\/www.fanprojekt-muenster.de\/radioms\/cms\/Archiv_Sendungen\/2014\/29_Heidenheim\/Zusammenfassung_SCP-FCH_20140315.mp3\">http:\/\/www.fanprojekt-muenster.de\/radioms\/cms\/Archiv_Sendungen\/2014\/29_Heidenheim\/Zusammenfassung_SCP-FCH_20140315.mp3<\/a><\/audio><\/p>\n<p>Interview Stefan K\u00fchne:<br \/>\n<audio class=\"wp-audio-shortcode\" id=\"audio-2707-2\" preload=\"none\" style=\"width: 100%;\" controls=\"controls\"><source type=\"audio\/mpeg\" src=\"http:\/\/www.fanprojekt-muenster.de\/radioms\/cms\/Archiv_Sendungen\/2014\/29_Heidenheim\/1_StefanKuehne.mp3?_=2\" \/><a href=\"http:\/\/www.fanprojekt-muenster.de\/radioms\/cms\/Archiv_Sendungen\/2014\/29_Heidenheim\/1_StefanKuehne.mp3\">http:\/\/www.fanprojekt-muenster.de\/radioms\/cms\/Archiv_Sendungen\/2014\/29_Heidenheim\/1_StefanKuehne.mp3<\/a><\/audio><\/p>\n<p>Interview Marco Pischorn:<br \/>\n<audio class=\"wp-audio-shortcode\" id=\"audio-2707-3\" preload=\"none\" style=\"width: 100%;\" controls=\"controls\"><source type=\"audio\/mpeg\" src=\"http:\/\/www.fanprojekt-muenster.de\/radioms\/cms\/Archiv_Sendungen\/2014\/29_Heidenheim\/2_MarcoPischorn.mp3?_=3\" \/><a href=\"http:\/\/www.fanprojekt-muenster.de\/radioms\/cms\/Archiv_Sendungen\/2014\/29_Heidenheim\/2_MarcoPischorn.mp3\">http:\/\/www.fanprojekt-muenster.de\/radioms\/cms\/Archiv_Sendungen\/2014\/29_Heidenheim\/2_MarcoPischorn.mp3<\/a><\/audio><\/p>\n<p>Interview Jens Truckenbrod:<br \/>\n<audio class=\"wp-audio-shortcode\" id=\"audio-2707-4\" preload=\"none\" style=\"width: 100%;\" controls=\"controls\"><source type=\"audio\/mpeg\" src=\"http:\/\/www.fanprojekt-muenster.de\/radioms\/cms\/Archiv_Sendungen\/2014\/29_Heidenheim\/3_JensTruckenbrod.mp3?_=4\" \/><a href=\"http:\/\/www.fanprojekt-muenster.de\/radioms\/cms\/Archiv_Sendungen\/2014\/29_Heidenheim\/3_JensTruckenbrod.mp3\">http:\/\/www.fanprojekt-muenster.de\/radioms\/cms\/Archiv_Sendungen\/2014\/29_Heidenheim\/3_JensTruckenbrod.mp3<\/a><\/audio><\/p>\n<p>Interview Dennis Grote:<br \/>\n<audio class=\"wp-audio-shortcode\" id=\"audio-2707-5\" preload=\"none\" style=\"width: 100%;\" controls=\"controls\"><source type=\"audio\/mpeg\" src=\"http:\/\/www.fanprojekt-muenster.de\/\/radioms\/cms\/Archiv_Sendungen\/2014\/29_Heidenheim\/4_DennisGrote.mp3?_=5\" \/><a href=\"http:\/\/www.fanprojekt-muenster.de\/\/radioms\/cms\/Archiv_Sendungen\/2014\/29_Heidenheim\/4_DennisGrote.mp3\">http:\/\/www.fanprojekt-muenster.de\/\/radioms\/cms\/Archiv_Sendungen\/2014\/29_Heidenheim\/4_DennisGrote.mp3<\/a><\/audio><\/p>\n<p>Interview Dominik Schmidt:<br \/>\n<audio class=\"wp-audio-shortcode\" id=\"audio-2707-6\" preload=\"none\" style=\"width: 100%;\" controls=\"controls\"><source type=\"audio\/mpeg\" src=\"http:\/\/www.fanprojekt-muenster.de\/\/radioms\/cms\/Archiv_Sendungen\/2014\/29_Heidenheim\/5_DominikSchmidt.mp3?_=6\" \/><a href=\"http:\/\/www.fanprojekt-muenster.de\/\/radioms\/cms\/Archiv_Sendungen\/2014\/29_Heidenheim\/5_DominikSchmidt.mp3\">http:\/\/www.fanprojekt-muenster.de\/\/radioms\/cms\/Archiv_Sendungen\/2014\/29_Heidenheim\/5_DominikSchmidt.mp3<\/a><\/audio><\/p>\n<p>Das gesamte Spiel nochmal als Aufzeichnung:<br \/>\n<audio class=\"wp-audio-shortcode\" id=\"audio-2707-7\" preload=\"none\" style=\"width: 100%;\" controls=\"controls\"><source type=\"audio\/mpeg\" src=\"http:\/\/www.fanprojekt-muenster.de\/radioms\/cms\/Archiv_Sendungen\/2014\/29_Heidenheim\/scp-heidenheim_komplett_geschnitten.mp3?_=7\" \/><a href=\"http:\/\/www.fanprojekt-muenster.de\/radioms\/cms\/Archiv_Sendungen\/2014\/29_Heidenheim\/scp-heidenheim_komplett_geschnitten.mp3\">http:\/\/www.fanprojekt-muenster.de\/radioms\/cms\/Archiv_Sendungen\/2014\/29_Heidenheim\/scp-heidenheim_komplett_geschnitten.mp3<\/a><\/audio><\/p>\n","protected":false},"excerpt":{"rendered":"<p>Spielzusammenfassung: http:\/\/www.fanprojekt-muenster.de\/radioms\/cms\/Archiv_Sendungen\/2014\/29_Heidenheim\/Zusammenfassung_SCP-FCH_20140315.mp3 Interview Stefan K\u00fchne: http:\/\/www.fanprojekt-muenster.de\/radioms\/cms\/Archiv_Sendungen\/2014\/29_Heidenheim\/1_StefanKuehne.mp3 Interview Marco Pischorn: http:\/\/www.fanprojekt-muenster.de\/radioms\/cms\/Archiv_Sendungen\/2014\/29_Heidenheim\/2_MarcoPischorn.mp3 Interview Jens Truckenbrod: http:\/\/www.fanprojekt-muenster.de\/radioms\/cms\/Archiv_Sendungen\/2014\/29_Heidenheim\/3_JensTruckenbrod.mp3 Interview Dennis Grote: http:\/\/www.fanprojekt-muenster.de\/\/radioms\/cms\/Archiv_Sendungen\/2014\/29_Heidenheim\/4_DennisGrote.mp3 Interview Dominik Schmidt: http:\/\/www.fanprojekt-muenster.de\/\/radioms\/cms\/Archiv_Sendungen\/2014\/29_Heidenheim\/5_DominikSchmidt.mp3 Das gesamte Spiel nochmal als Aufzeichnung: http:\/\/www.fanprojekt-muenster.de\/radioms\/cms\/Archiv_Sendungen\/2014\/29_Heidenheim\/scp-heidenheim_komplett_geschnitten.mp3<\/p>\n","protected":false},"author":2,"featured_media":0,"comment_status":"open","ping_status":"open","sticky":false,"template":"","format":"standard","meta":{"advgb_blocks_editor_width":"","advgb_blocks_columns_visual_guide":"","footnotes":""},"categories":[8,9],"tags":[26,28,112,143,205,223,237],"class_list":["post-2707","post","type-post","status-publish","format-standard","hentry","category-radio-mottekstrehle","category-saison-20132014","tag-26","tag-3-liga-2","tag-fanprojekt","tag-heidenheim","tag-radio-mottekstrehle","tag-sc-preussen-muenster","tag-spielzusammenfassung"],"featured_image_src":null,"author_info":{"display_name":"fp_superadmin","author_link":"https:\/\/www.fanprojekt-muenster.de\/wordpress\/author\/fp_superadmin\/"},"yoast_head":"<!-- This site is optimized with the Yoast SEO plugin v27.2 - https:\/\/yoast.com\/product\/yoast-seo-wordpress\/ -->\n<title>Spielzusammenfassung 1. FC Heidenheim - Fangemeinschaft Preu\u00dfen M\u00fcnster e. V.<\/title>\n<meta name=\"robots\" content=\"index, follow, max-snippet:-1, max-image-preview:large, max-video-preview:-1\" \/>\n<link rel=\"canonical\" href=\"https:\/\/www.fanprojekt-muenster.de\/wordpress\/spielzusammenfassung-1-fc-heidenheim\/\" \/>\n<meta property=\"og:locale\" content=\"de_DE\" \/>\n<meta property=\"og:type\" content=\"article\" \/>\n<meta property=\"og:title\" content=\"Spielzusammenfassung 1. FC Heidenheim - Fangemeinschaft Preu\u00dfen M\u00fcnster e. V.\" \/>\n<meta property=\"og:description\" content=\"Spielzusammenfassung: http:\/\/www.fanprojekt-muenster.de\/radioms\/cms\/Archiv_Sendungen\/2014\/29_Heidenheim\/Zusammenfassung_SCP-FCH_20140315.mp3 Interview Stefan K\u00fchne: http:\/\/www.fanprojekt-muenster.de\/radioms\/cms\/Archiv_Sendungen\/2014\/29_Heidenheim\/1_StefanKuehne.mp3 Interview Marco Pischorn: http:\/\/www.fanprojekt-muenster.de\/radioms\/cms\/Archiv_Sendungen\/2014\/29_Heidenheim\/2_MarcoPischorn.mp3 Interview Jens Truckenbrod: http:\/\/www.fanprojekt-muenster.de\/radioms\/cms\/Archiv_Sendungen\/2014\/29_Heidenheim\/3_JensTruckenbrod.mp3 Interview Dennis Grote: http:\/\/www.fanprojekt-muenster.de\/\/radioms\/cms\/Archiv_Sendungen\/2014\/29_Heidenheim\/4_DennisGrote.mp3 Interview Dominik Schmidt: http:\/\/www.fanprojekt-muenster.de\/\/radioms\/cms\/Archiv_Sendungen\/2014\/29_Heidenheim\/5_DominikSchmidt.mp3 Das gesamte Spiel nochmal als Aufzeichnung: http:\/\/www.fanprojekt-muenster.de\/radioms\/cms\/Archiv_Sendungen\/2014\/29_Heidenheim\/scp-heidenheim_komplett_geschnitten.mp3\" \/>\n<meta property=\"og:url\" content=\"https:\/\/www.fanprojekt-muenster.de\/wordpress\/spielzusammenfassung-1-fc-heidenheim\/\" \/>\n<meta property=\"og:site_name\" content=\"Fangemeinschaft Preu\u00dfen M\u00fcnster e. V.\" \/>\n<meta property=\"article:published_time\" content=\"2014-03-16T20:36:35+00:00\" \/>\n<meta property=\"og:image\" content=\"http:\/\/www.fanprojekt-muenster.de\/wp-content\/uploads\/2014\/03\/Radioankuendigung_Heidenheim-1024x640.jpg\" \/>\n<meta name=\"author\" content=\"fp_superadmin\" \/>\n<meta name=\"twitter:card\" content=\"summary_large_image\" \/>\n<meta name=\"twitter:label1\" content=\"Verfasst von\" \/>\n\t<meta name=\"twitter:data1\" content=\"fp_superadmin\" \/>\n\t<meta name=\"twitter:label2\" content=\"Gesch\u00e4tzte Lesezeit\" \/>\n\t<meta name=\"twitter:data2\" content=\"1\u00a0Minute\" \/>\n<script type=\"application\/ld+json\" class=\"yoast-schema-graph\">{\"@context\":\"https:\/\/schema.org\",\"@graph\":[{\"@type\":\"Article\",\"@id\":\"https:\/\/www.fanprojekt-muenster.de\/wordpress\/spielzusammenfassung-1-fc-heidenheim\/#article\",\"isPartOf\":{\"@id\":\"https:\/\/www.fanprojekt-muenster.de\/wordpress\/spielzusammenfassung-1-fc-heidenheim\/\"},\"author\":{\"name\":\"fp_superadmin\",\"@id\":\"https:\/\/www.fanprojekt-muenster.de\/wordpress\/#\/schema\/person\/9126cc4d73d0d07c75b487075111186c\"},\"headline\":\"Spielzusammenfassung 1. FC Heidenheim\",\"datePublished\":\"2014-03-16T20:36:35+00:00\",\"mainEntityOfPage\":{\"@id\":\"https:\/\/www.fanprojekt-muenster.de\/wordpress\/spielzusammenfassung-1-fc-heidenheim\/\"},\"wordCount\":106,\"commentCount\":0,\"publisher\":{\"@id\":\"https:\/\/www.fanprojekt-muenster.de\/wordpress\/#organization\"},\"image\":{\"@id\":\"https:\/\/www.fanprojekt-muenster.de\/wordpress\/spielzusammenfassung-1-fc-heidenheim\/#primaryimage\"},\"thumbnailUrl\":\"http:\/\/www.fanprojekt-muenster.de\/wp-content\/uploads\/2014\/03\/Radioankuendigung_Heidenheim-1024x640.jpg\",\"keywords\":[\"2014\",\"3.Liga\",\"Fanprojekt\",\"Heidenheim\",\"Radio Mottekstrehle\",\"SC Preu\u00dfen M\u00fcnster\",\"Spielzusammenfassung\"],\"articleSection\":[\"Radio Mottekstrehle\",\"Saison 2013\/2014\"],\"inLanguage\":\"de\",\"potentialAction\":[{\"@type\":\"CommentAction\",\"name\":\"Comment\",\"target\":[\"https:\/\/www.fanprojekt-muenster.de\/wordpress\/spielzusammenfassung-1-fc-heidenheim\/#respond\"]}]},{\"@type\":\"WebPage\",\"@id\":\"https:\/\/www.fanprojekt-muenster.de\/wordpress\/spielzusammenfassung-1-fc-heidenheim\/\",\"url\":\"https:\/\/www.fanprojekt-muenster.de\/wordpress\/spielzusammenfassung-1-fc-heidenheim\/\",\"name\":\"Spielzusammenfassung 1. FC Heidenheim - Fangemeinschaft Preu\u00dfen M\u00fcnster e. V.\",\"isPartOf\":{\"@id\":\"https:\/\/www.fanprojekt-muenster.de\/wordpress\/#website\"},\"primaryImageOfPage\":{\"@id\":\"https:\/\/www.fanprojekt-muenster.de\/wordpress\/spielzusammenfassung-1-fc-heidenheim\/#primaryimage\"},\"image\":{\"@id\":\"https:\/\/www.fanprojekt-muenster.de\/wordpress\/spielzusammenfassung-1-fc-heidenheim\/#primaryimage\"},\"thumbnailUrl\":\"http:\/\/www.fanprojekt-muenster.de\/wp-content\/uploads\/2014\/03\/Radioankuendigung_Heidenheim-1024x640.jpg\",\"datePublished\":\"2014-03-16T20:36:35+00:00\",\"breadcrumb\":{\"@id\":\"https:\/\/www.fanprojekt-muenster.de\/wordpress\/spielzusammenfassung-1-fc-heidenheim\/#breadcrumb\"},\"inLanguage\":\"de\",\"potentialAction\":[{\"@type\":\"ReadAction\",\"target\":[\"https:\/\/www.fanprojekt-muenster.de\/wordpress\/spielzusammenfassung-1-fc-heidenheim\/\"]}]},{\"@type\":\"ImageObject\",\"inLanguage\":\"de\",\"@id\":\"https:\/\/www.fanprojekt-muenster.de\/wordpress\/spielzusammenfassung-1-fc-heidenheim\/#primaryimage\",\"url\":\"http:\/\/www.fanprojekt-muenster.de\/wp-content\/uploads\/2014\/03\/Radioankuendigung_Heidenheim-1024x640.jpg\",\"contentUrl\":\"http:\/\/www.fanprojekt-muenster.de\/wp-content\/uploads\/2014\/03\/Radioankuendigung_Heidenheim-1024x640.jpg\"},{\"@type\":\"BreadcrumbList\",\"@id\":\"https:\/\/www.fanprojekt-muenster.de\/wordpress\/spielzusammenfassung-1-fc-heidenheim\/#breadcrumb\",\"itemListElement\":[{\"@type\":\"ListItem\",\"position\":1,\"name\":\"Startseite\",\"item\":\"https:\/\/www.fanprojekt-muenster.de\/wordpress\/\"},{\"@type\":\"ListItem\",\"position\":2,\"name\":\"Spielzusammenfassung 1. FC Heidenheim\"}]},{\"@type\":\"WebSite\",\"@id\":\"https:\/\/www.fanprojekt-muenster.de\/wordpress\/#website\",\"url\":\"https:\/\/www.fanprojekt-muenster.de\/wordpress\/\",\"name\":\"Fangemeinschaft Preu\u00dfen M\u00fcnster e. V.\",\"description\":\"\",\"publisher\":{\"@id\":\"https:\/\/www.fanprojekt-muenster.de\/wordpress\/#organization\"},\"potentialAction\":[{\"@type\":\"SearchAction\",\"target\":{\"@type\":\"EntryPoint\",\"urlTemplate\":\"https:\/\/www.fanprojekt-muenster.de\/wordpress\/?s={search_term_string}\"},\"query-input\":{\"@type\":\"PropertyValueSpecification\",\"valueRequired\":true,\"valueName\":\"search_term_string\"}}],\"inLanguage\":\"de\"},{\"@type\":\"Organization\",\"@id\":\"https:\/\/www.fanprojekt-muenster.de\/wordpress\/#organization\",\"name\":\"Fangemeinschaft Preu\u00dfen M\u00fcnster e. V.\",\"url\":\"https:\/\/www.fanprojekt-muenster.de\/wordpress\/\",\"logo\":{\"@type\":\"ImageObject\",\"inLanguage\":\"de\",\"@id\":\"https:\/\/www.fanprojekt-muenster.de\/wordpress\/#\/schema\/logo\/image\/\",\"url\":\"https:\/\/www.fanprojekt-muenster.de\/wordpress\/wp-content\/uploads\/2019\/07\/cropped-Website_Logo3-9.png\",\"contentUrl\":\"https:\/\/www.fanprojekt-muenster.de\/wordpress\/wp-content\/uploads\/2019\/07\/cropped-Website_Logo3-9.png\",\"width\":224,\"height\":42,\"caption\":\"Fangemeinschaft Preu\u00dfen M\u00fcnster e. V.\"},\"image\":{\"@id\":\"https:\/\/www.fanprojekt-muenster.de\/wordpress\/#\/schema\/logo\/image\/\"}},{\"@type\":\"Person\",\"@id\":\"https:\/\/www.fanprojekt-muenster.de\/wordpress\/#\/schema\/person\/9126cc4d73d0d07c75b487075111186c\",\"name\":\"fp_superadmin\",\"url\":\"https:\/\/www.fanprojekt-muenster.de\/wordpress\/author\/fp_superadmin\/\"}]}<\/script>\n<!-- \/ Yoast SEO plugin. -->","yoast_head_json":{"title":"Spielzusammenfassung 1. FC Heidenheim - Fangemeinschaft Preu\u00dfen M\u00fcnster e. V.","robots":{"index":"index","follow":"follow","max-snippet":"max-snippet:-1","max-image-preview":"max-image-preview:large","max-video-preview":"max-video-preview:-1"},"canonical":"https:\/\/www.fanprojekt-muenster.de\/wordpress\/spielzusammenfassung-1-fc-heidenheim\/","og_locale":"de_DE","og_type":"article","og_title":"Spielzusammenfassung 1. FC Heidenheim - Fangemeinschaft Preu\u00dfen M\u00fcnster e. V.","og_description":"Spielzusammenfassung: http:\/\/www.fanprojekt-muenster.de\/radioms\/cms\/Archiv_Sendungen\/2014\/29_Heidenheim\/Zusammenfassung_SCP-FCH_20140315.mp3 Interview Stefan K\u00fchne: http:\/\/www.fanprojekt-muenster.de\/radioms\/cms\/Archiv_Sendungen\/2014\/29_Heidenheim\/1_StefanKuehne.mp3 Interview Marco Pischorn: http:\/\/www.fanprojekt-muenster.de\/radioms\/cms\/Archiv_Sendungen\/2014\/29_Heidenheim\/2_MarcoPischorn.mp3 Interview Jens Truckenbrod: http:\/\/www.fanprojekt-muenster.de\/radioms\/cms\/Archiv_Sendungen\/2014\/29_Heidenheim\/3_JensTruckenbrod.mp3 Interview Dennis Grote: http:\/\/www.fanprojekt-muenster.de\/\/radioms\/cms\/Archiv_Sendungen\/2014\/29_Heidenheim\/4_DennisGrote.mp3 Interview Dominik Schmidt: http:\/\/www.fanprojekt-muenster.de\/\/radioms\/cms\/Archiv_Sendungen\/2014\/29_Heidenheim\/5_DominikSchmidt.mp3 Das gesamte Spiel nochmal als Aufzeichnung: http:\/\/www.fanprojekt-muenster.de\/radioms\/cms\/Archiv_Sendungen\/2014\/29_Heidenheim\/scp-heidenheim_komplett_geschnitten.mp3","og_url":"https:\/\/www.fanprojekt-muenster.de\/wordpress\/spielzusammenfassung-1-fc-heidenheim\/","og_site_name":"Fangemeinschaft Preu\u00dfen M\u00fcnster e. V.","article_published_time":"2014-03-16T20:36:35+00:00","og_image":[{"url":"http:\/\/www.fanprojekt-muenster.de\/wp-content\/uploads\/2014\/03\/Radioankuendigung_Heidenheim-1024x640.jpg","type":"","width":"","height":""}],"author":"fp_superadmin","twitter_card":"summary_large_image","twitter_misc":{"Verfasst von":"fp_superadmin","Gesch\u00e4tzte Lesezeit":"1\u00a0Minute"},"schema":{"@context":"https:\/\/schema.org","@graph":[{"@type":"Article","@id":"https:\/\/www.fanprojekt-muenster.de\/wordpress\/spielzusammenfassung-1-fc-heidenheim\/#article","isPartOf":{"@id":"https:\/\/www.fanprojekt-muenster.de\/wordpress\/spielzusammenfassung-1-fc-heidenheim\/"},"author":{"name":"fp_superadmin","@id":"https:\/\/www.fanprojekt-muenster.de\/wordpress\/#\/schema\/person\/9126cc4d73d0d07c75b487075111186c"},"headline":"Spielzusammenfassung 1. FC Heidenheim","datePublished":"2014-03-16T20:36:35+00:00","mainEntityOfPage":{"@id":"https:\/\/www.fanprojekt-muenster.de\/wordpress\/spielzusammenfassung-1-fc-heidenheim\/"},"wordCount":106,"commentCount":0,"publisher":{"@id":"https:\/\/www.fanprojekt-muenster.de\/wordpress\/#organization"},"image":{"@id":"https:\/\/www.fanprojekt-muenster.de\/wordpress\/spielzusammenfassung-1-fc-heidenheim\/#primaryimage"},"thumbnailUrl":"http:\/\/www.fanprojekt-muenster.de\/wp-content\/uploads\/2014\/03\/Radioankuendigung_Heidenheim-1024x640.jpg","keywords":["2014","3.Liga","Fanprojekt","Heidenheim","Radio Mottekstrehle","SC Preu\u00dfen M\u00fcnster","Spielzusammenfassung"],"articleSection":["Radio Mottekstrehle","Saison 2013\/2014"],"inLanguage":"de","potentialAction":[{"@type":"CommentAction","name":"Comment","target":["https:\/\/www.fanprojekt-muenster.de\/wordpress\/spielzusammenfassung-1-fc-heidenheim\/#respond"]}]},{"@type":"WebPage","@id":"https:\/\/www.fanprojekt-muenster.de\/wordpress\/spielzusammenfassung-1-fc-heidenheim\/","url":"https:\/\/www.fanprojekt-muenster.de\/wordpress\/spielzusammenfassung-1-fc-heidenheim\/","name":"Spielzusammenfassung 1. FC Heidenheim - Fangemeinschaft Preu\u00dfen M\u00fcnster e. V.","isPartOf":{"@id":"https:\/\/www.fanprojekt-muenster.de\/wordpress\/#website"},"primaryImageOfPage":{"@id":"https:\/\/www.fanprojekt-muenster.de\/wordpress\/spielzusammenfassung-1-fc-heidenheim\/#primaryimage"},"image":{"@id":"https:\/\/www.fanprojekt-muenster.de\/wordpress\/spielzusammenfassung-1-fc-heidenheim\/#primaryimage"},"thumbnailUrl":"http:\/\/www.fanprojekt-muenster.de\/wp-content\/uploads\/2014\/03\/Radioankuendigung_Heidenheim-1024x640.jpg","datePublished":"2014-03-16T20:36:35+00:00","breadcrumb":{"@id":"https:\/\/www.fanprojekt-muenster.de\/wordpress\/spielzusammenfassung-1-fc-heidenheim\/#breadcrumb"},"inLanguage":"de","potentialAction":[{"@type":"ReadAction","target":["https:\/\/www.fanprojekt-muenster.de\/wordpress\/spielzusammenfassung-1-fc-heidenheim\/"]}]},{"@type":"ImageObject","inLanguage":"de","@id":"https:\/\/www.fanprojekt-muenster.de\/wordpress\/spielzusammenfassung-1-fc-heidenheim\/#primaryimage","url":"http:\/\/www.fanprojekt-muenster.de\/wp-content\/uploads\/2014\/03\/Radioankuendigung_Heidenheim-1024x640.jpg","contentUrl":"http:\/\/www.fanprojekt-muenster.de\/wp-content\/uploads\/2014\/03\/Radioankuendigung_Heidenheim-1024x640.jpg"},{"@type":"BreadcrumbList","@id":"https:\/\/www.fanprojekt-muenster.de\/wordpress\/spielzusammenfassung-1-fc-heidenheim\/#breadcrumb","itemListElement":[{"@type":"ListItem","position":1,"name":"Startseite","item":"https:\/\/www.fanprojekt-muenster.de\/wordpress\/"},{"@type":"ListItem","position":2,"name":"Spielzusammenfassung 1. FC Heidenheim"}]},{"@type":"WebSite","@id":"https:\/\/www.fanprojekt-muenster.de\/wordpress\/#website","url":"https:\/\/www.fanprojekt-muenster.de\/wordpress\/","name":"Fangemeinschaft Preu\u00dfen M\u00fcnster e. V.","description":"","publisher":{"@id":"https:\/\/www.fanprojekt-muenster.de\/wordpress\/#organization"},"potentialAction":[{"@type":"SearchAction","target":{"@type":"EntryPoint","urlTemplate":"https:\/\/www.fanprojekt-muenster.de\/wordpress\/?s={search_term_string}"},"query-input":{"@type":"PropertyValueSpecification","valueRequired":true,"valueName":"search_term_string"}}],"inLanguage":"de"},{"@type":"Organization","@id":"https:\/\/www.fanprojekt-muenster.de\/wordpress\/#organization","name":"Fangemeinschaft Preu\u00dfen M\u00fcnster e. V.","url":"https:\/\/www.fanprojekt-muenster.de\/wordpress\/","logo":{"@type":"ImageObject","inLanguage":"de","@id":"https:\/\/www.fanprojekt-muenster.de\/wordpress\/#\/schema\/logo\/image\/","url":"https:\/\/www.fanprojekt-muenster.de\/wordpress\/wp-content\/uploads\/2019\/07\/cropped-Website_Logo3-9.png","contentUrl":"https:\/\/www.fanprojekt-muenster.de\/wordpress\/wp-content\/uploads\/2019\/07\/cropped-Website_Logo3-9.png","width":224,"height":42,"caption":"Fangemeinschaft Preu\u00dfen M\u00fcnster e. V."},"image":{"@id":"https:\/\/www.fanprojekt-muenster.de\/wordpress\/#\/schema\/logo\/image\/"}},{"@type":"Person","@id":"https:\/\/www.fanprojekt-muenster.de\/wordpress\/#\/schema\/person\/9126cc4d73d0d07c75b487075111186c","name":"fp_superadmin","url":"https:\/\/www.fanprojekt-muenster.de\/wordpress\/author\/fp_superadmin\/"}]}},"author_meta":{"display_name":"fp_superadmin","author_link":"https:\/\/www.fanprojekt-muenster.de\/wordpress\/author\/fp_superadmin\/"},"featured_img":null,"coauthors":[],"tax_additional":{"categories":{"linked":["<a href=\"https:\/\/www.fanprojekt-muenster.de\/wordpress\/category\/radio-mottekstrehle\/\" class=\"advgb-post-tax-term\">Radio Mottekstrehle<\/a>","<a href=\"https:\/\/www.fanprojekt-muenster.de\/wordpress\/category\/radio-mottekstrehle\/saison-20132014\/\" class=\"advgb-post-tax-term\">Saison 2013\/2014<\/a>"],"unlinked":["<span class=\"advgb-post-tax-term\">Radio Mottekstrehle<\/span>","<span class=\"advgb-post-tax-term\">Saison 2013\/2014<\/span>"]},"tags":{"linked":["<a href=\"https:\/\/www.fanprojekt-muenster.de\/wordpress\/category\/radio-mottekstrehle\/saison-20132014\/\" class=\"advgb-post-tax-term\">2014<\/a>","<a href=\"https:\/\/www.fanprojekt-muenster.de\/wordpress\/category\/radio-mottekstrehle\/saison-20132014\/\" class=\"advgb-post-tax-term\">3.Liga<\/a>","<a href=\"https:\/\/www.fanprojekt-muenster.de\/wordpress\/category\/radio-mottekstrehle\/saison-20132014\/\" class=\"advgb-post-tax-term\">Fanprojekt<\/a>","<a href=\"https:\/\/www.fanprojekt-muenster.de\/wordpress\/category\/radio-mottekstrehle\/saison-20132014\/\" class=\"advgb-post-tax-term\">Heidenheim<\/a>","<a href=\"https:\/\/www.fanprojekt-muenster.de\/wordpress\/category\/radio-mottekstrehle\/saison-20132014\/\" class=\"advgb-post-tax-term\">Radio Mottekstrehle<\/a>","<a href=\"https:\/\/www.fanprojekt-muenster.de\/wordpress\/category\/radio-mottekstrehle\/saison-20132014\/\" class=\"advgb-post-tax-term\">SC Preu\u00dfen M\u00fcnster<\/a>","<a href=\"https:\/\/www.fanprojekt-muenster.de\/wordpress\/category\/radio-mottekstrehle\/saison-20132014\/\" class=\"advgb-post-tax-term\">Spielzusammenfassung<\/a>"],"unlinked":["<span class=\"advgb-post-tax-term\">2014<\/span>","<span class=\"advgb-post-tax-term\">3.Liga<\/span>","<span class=\"advgb-post-tax-term\">Fanprojekt<\/span>","<span class=\"advgb-post-tax-term\">Heidenheim<\/span>","<span class=\"advgb-post-tax-term\">Radio Mottekstrehle<\/span>","<span class=\"advgb-post-tax-term\">SC Preu\u00dfen M\u00fcnster<\/span>","<span class=\"advgb-post-tax-term\">Spielzusammenfassung<\/span>"]}},"comment_count":"0","relative_dates":{"created":"Posted 12\u00a0Jahren ago","modified":"Updated 12\u00a0Jahren ago"},"absolute_dates":{"created":"Posted on 16. M\u00e4rz 2014","modified":"Updated on 16. M\u00e4rz 2014"},"absolute_dates_time":{"created":"Posted on 16. M\u00e4rz 2014 22:36","modified":"Updated on 16. M\u00e4rz 2014 22:36"},"featured_img_caption":"","series_order":"","_links":{"self":[{"href":"https:\/\/www.fanprojekt-muenster.de\/wordpress\/wp-json\/wp\/v2\/posts\/2707","targetHints":{"allow":["GET"]}}],"collection":[{"href":"https:\/\/www.fanprojekt-muenster.de\/wordpress\/wp-json\/wp\/v2\/posts"}],"about":[{"href":"https:\/\/www.fanprojekt-muenster.de\/wordpress\/wp-json\/wp\/v2\/types\/post"}],"author":[{"embeddable":true,"href":"https:\/\/www.fanprojekt-muenster.de\/wordpress\/wp-json\/wp\/v2\/users\/2"}],"replies":[{"embeddable":true,"href":"https:\/\/www.fanprojekt-muenster.de\/wordpress\/wp-json\/wp\/v2\/comments?post=2707"}],"version-history":[{"count":0,"href":"https:\/\/www.fanprojekt-muenster.de\/wordpress\/wp-json\/wp\/v2\/posts\/2707\/revisions"}],"wp:attachment":[{"href":"https:\/\/www.fanprojekt-muenster.de\/wordpress\/wp-json\/wp\/v2\/media?parent=2707"}],"wp:term":[{"taxonomy":"category","embeddable":true,"href":"https:\/\/www.fanprojekt-muenster.de\/wordpress\/wp-json\/wp\/v2\/categories?post=2707"},{"taxonomy":"post_tag","embeddable":true,"href":"https:\/\/www.fanprojekt-muenster.de\/wordpress\/wp-json\/wp\/v2\/tags?post=2707"}],"curies":[{"name":"wp","href":"https:\/\/api.w.org\/{rel}","templated":true}]}}