{"id":2691,"date":"2014-03-10T21:36:17","date_gmt":"2014-03-10T19:36:17","guid":{"rendered":"http:\/\/www.fanprojekt-muenster.de\/?p=2691"},"modified":"2014-03-10T21:36:17","modified_gmt":"2014-03-10T19:36:17","slug":"1-oeffentliches-treffen-des-fanbeirats","status":"publish","type":"post","link":"https:\/\/www.fanprojekt-muenster.de\/wordpress\/1-oeffentliches-treffen-des-fanbeirats\/","title":{"rendered":"1. \u00d6ffentliches Treffen des Fanbeirats"},"content":{"rendered":"<p>Der Fanbeirat des SC Preu\u00dfen, bestehend aus einem Kreis von ca. 15 Personen, in denen alle relevanten Stadionbereiche und Fan- bzw. Ultragruppen vertreten sind, l\u00e4dt alle interessierten Preu\u00dfenfans zum ersten \u00f6ffentlichen Treffen am Donnerstag, 13. M\u00e4rz, um 20.00 Uhr in den Fanport ein.<br \/>\nDer Fanbeirat m\u00f6chte als Vertreter der aktiven Fanszene zuk\u00fcnftig bei Vorstandssitzungen des Gesamtvereins die Belange der Fans vertreten und eine neue Sichtweise in die Sitzungen einbringen. Dazu sind wir auf den Dialog mit allen Fans angewiesen und m\u00f6chten uns daher am 13. M\u00e4rz im Fanport allen interessierten Preu\u00dfenfans vorstellen und gemeinsam Themen sammeln und Ideen entwickeln, die die Fanszene und das Vereinsleben voranbringen.<br \/>\nWenn du das Vereinsleben mitgestalten m\u00f6chtest, dich Sachen am Verein st\u00f6ren oder dich einfach interessiert, wer wir sind und was wir planen, komm am 13. M\u00e4rz um 20.00 Uhr in den Fanport!<\/p>\n<p>Zudem wurde eine Mail-Adresse eingerichtet, in der ihr uns in allen Fanangelegenheiten anschreiben k\u00f6nnt, egal worum es geht. Die Adresse <a title=\"Fanbeirat\" href=\"mailto:fanbeirat@fanprojekt-muenster.de\" target=\"_blank\" rel=\"noopener noreferrer\">fanbeirat@fanprojekt-muenster.de<\/a>\u00a0ist ab sofort freigeschaltet.<br \/>\nWir freuen uns, wenn wir hierzu Mails zu kleinen und gro\u00dfen Themen von Euch bekommen.<\/p>\n<p>Hier findet Ihr den FanPort<br \/>\n<img decoding=\"async\" alt=\"FanPort M\u00fcnster\" src=\"http:\/\/www.fanport-muenster.de\/uploads\/pics\/anfahrtsskizze.jpg\" \/><\/p>\n<p><img loading=\"lazy\" decoding=\"async\" class=\"alignnone size-large wp-image-2692\" alt=\"SCP-Fanbeirat_Flyer20140313\" src=\"http:\/\/www.fanprojekt-muenster.de\/wp-content\/uploads\/2014\/03\/SCP-Fanbeirat_Flyer20140313-726x1024.jpg\" width=\"726\" height=\"1024\" \/><\/p>\n","protected":false},"excerpt":{"rendered":"<p>Der Fanbeirat des SC Preu\u00dfen, bestehend aus einem Kreis von ca. 15 Personen, in denen alle relevanten Stadionbereiche und Fan- bzw. Ultragruppen vertreten sind, l\u00e4dt alle interessierten Preu\u00dfenfans zum ersten&#8230; <a class=\"read-more-link\" href=\"https:\/\/www.fanprojekt-muenster.de\/wordpress\/1-oeffentliches-treffen-des-fanbeirats\/\">Read more &raquo;<\/a><\/p>\n","protected":false},"author":2,"featured_media":2692,"comment_status":"open","ping_status":"open","sticky":false,"template":"","format":"standard","meta":{"advgb_blocks_editor_width":"","advgb_blocks_columns_visual_guide":"","footnotes":""},"categories":[3],"tags":[104,112,115,283],"class_list":["post-2691","post","type-post","status-publish","format-standard","has-post-thumbnail","hentry","category-aktuelles","tag-fanbeirat","tag-fanprojekt","tag-fans","tag-von-fans-fuer-fans"],"featured_image_src":null,"author_info":{"display_name":"fp_superadmin","author_link":"https:\/\/www.fanprojekt-muenster.de\/wordpress\/author\/fp_superadmin\/"},"yoast_head":"<!-- This site is optimized with the Yoast SEO plugin v27.2 - https:\/\/yoast.com\/product\/yoast-seo-wordpress\/ -->\n<title>1. \u00d6ffentliches Treffen des Fanbeirats - Fangemeinschaft Preu\u00dfen M\u00fcnster e. V.<\/title>\n<meta name=\"robots\" content=\"index, follow, max-snippet:-1, max-image-preview:large, max-video-preview:-1\" \/>\n<link rel=\"canonical\" href=\"https:\/\/www.fanprojekt-muenster.de\/wordpress\/1-oeffentliches-treffen-des-fanbeirats\/\" \/>\n<meta property=\"og:locale\" content=\"de_DE\" \/>\n<meta property=\"og:type\" content=\"article\" \/>\n<meta property=\"og:title\" content=\"1. \u00d6ffentliches Treffen des Fanbeirats - Fangemeinschaft Preu\u00dfen M\u00fcnster e. V.\" \/>\n<meta property=\"og:description\" content=\"Der Fanbeirat des SC Preu\u00dfen, bestehend aus einem Kreis von ca. 15 Personen, in denen alle relevanten Stadionbereiche und Fan- bzw. Ultragruppen vertreten sind, l\u00e4dt alle interessierten Preu\u00dfenfans zum ersten... Read more &raquo;\" \/>\n<meta property=\"og:url\" content=\"https:\/\/www.fanprojekt-muenster.de\/wordpress\/1-oeffentliches-treffen-des-fanbeirats\/\" \/>\n<meta property=\"og:site_name\" content=\"Fangemeinschaft Preu\u00dfen M\u00fcnster e. V.\" \/>\n<meta property=\"article:published_time\" content=\"2014-03-10T19:36:17+00:00\" \/>\n<meta name=\"author\" content=\"fp_superadmin\" \/>\n<meta name=\"twitter:card\" content=\"summary_large_image\" \/>\n<meta name=\"twitter:label1\" content=\"Verfasst von\" \/>\n\t<meta name=\"twitter:data1\" content=\"fp_superadmin\" \/>\n\t<meta name=\"twitter:label2\" content=\"Gesch\u00e4tzte Lesezeit\" \/>\n\t<meta name=\"twitter:data2\" content=\"1\u00a0Minute\" \/>\n<script type=\"application\/ld+json\" class=\"yoast-schema-graph\">{\"@context\":\"https:\/\/schema.org\",\"@graph\":[{\"@type\":\"Article\",\"@id\":\"https:\/\/www.fanprojekt-muenster.de\/wordpress\/1-oeffentliches-treffen-des-fanbeirats\/#article\",\"isPartOf\":{\"@id\":\"https:\/\/www.fanprojekt-muenster.de\/wordpress\/1-oeffentliches-treffen-des-fanbeirats\/\"},\"author\":{\"name\":\"fp_superadmin\",\"@id\":\"https:\/\/www.fanprojekt-muenster.de\/wordpress\/#\/schema\/person\/9126cc4d73d0d07c75b487075111186c\"},\"headline\":\"1. \u00d6ffentliches Treffen des Fanbeirats\",\"datePublished\":\"2014-03-10T19:36:17+00:00\",\"mainEntityOfPage\":{\"@id\":\"https:\/\/www.fanprojekt-muenster.de\/wordpress\/1-oeffentliches-treffen-des-fanbeirats\/\"},\"wordCount\":197,\"commentCount\":0,\"publisher\":{\"@id\":\"https:\/\/www.fanprojekt-muenster.de\/wordpress\/#organization\"},\"image\":{\"@id\":\"https:\/\/www.fanprojekt-muenster.de\/wordpress\/1-oeffentliches-treffen-des-fanbeirats\/#primaryimage\"},\"thumbnailUrl\":\"\",\"keywords\":[\"Fanbeirat\",\"Fanprojekt\",\"Fans\",\"Von Fans f\u00fcr Fans\"],\"articleSection\":[\"Aktuelles\"],\"inLanguage\":\"de\",\"potentialAction\":[{\"@type\":\"CommentAction\",\"name\":\"Comment\",\"target\":[\"https:\/\/www.fanprojekt-muenster.de\/wordpress\/1-oeffentliches-treffen-des-fanbeirats\/#respond\"]}]},{\"@type\":\"WebPage\",\"@id\":\"https:\/\/www.fanprojekt-muenster.de\/wordpress\/1-oeffentliches-treffen-des-fanbeirats\/\",\"url\":\"https:\/\/www.fanprojekt-muenster.de\/wordpress\/1-oeffentliches-treffen-des-fanbeirats\/\",\"name\":\"1. \u00d6ffentliches Treffen des Fanbeirats - Fangemeinschaft Preu\u00dfen M\u00fcnster e. V.\",\"isPartOf\":{\"@id\":\"https:\/\/www.fanprojekt-muenster.de\/wordpress\/#website\"},\"primaryImageOfPage\":{\"@id\":\"https:\/\/www.fanprojekt-muenster.de\/wordpress\/1-oeffentliches-treffen-des-fanbeirats\/#primaryimage\"},\"image\":{\"@id\":\"https:\/\/www.fanprojekt-muenster.de\/wordpress\/1-oeffentliches-treffen-des-fanbeirats\/#primaryimage\"},\"thumbnailUrl\":\"\",\"datePublished\":\"2014-03-10T19:36:17+00:00\",\"breadcrumb\":{\"@id\":\"https:\/\/www.fanprojekt-muenster.de\/wordpress\/1-oeffentliches-treffen-des-fanbeirats\/#breadcrumb\"},\"inLanguage\":\"de\",\"potentialAction\":[{\"@type\":\"ReadAction\",\"target\":[\"https:\/\/www.fanprojekt-muenster.de\/wordpress\/1-oeffentliches-treffen-des-fanbeirats\/\"]}]},{\"@type\":\"ImageObject\",\"inLanguage\":\"de\",\"@id\":\"https:\/\/www.fanprojekt-muenster.de\/wordpress\/1-oeffentliches-treffen-des-fanbeirats\/#primaryimage\",\"url\":\"\",\"contentUrl\":\"\"},{\"@type\":\"BreadcrumbList\",\"@id\":\"https:\/\/www.fanprojekt-muenster.de\/wordpress\/1-oeffentliches-treffen-des-fanbeirats\/#breadcrumb\",\"itemListElement\":[{\"@type\":\"ListItem\",\"position\":1,\"name\":\"Startseite\",\"item\":\"https:\/\/www.fanprojekt-muenster.de\/wordpress\/\"},{\"@type\":\"ListItem\",\"position\":2,\"name\":\"1. \u00d6ffentliches Treffen des Fanbeirats\"}]},{\"@type\":\"WebSite\",\"@id\":\"https:\/\/www.fanprojekt-muenster.de\/wordpress\/#website\",\"url\":\"https:\/\/www.fanprojekt-muenster.de\/wordpress\/\",\"name\":\"Fangemeinschaft Preu\u00dfen M\u00fcnster e. V.\",\"description\":\"\",\"publisher\":{\"@id\":\"https:\/\/www.fanprojekt-muenster.de\/wordpress\/#organization\"},\"potentialAction\":[{\"@type\":\"SearchAction\",\"target\":{\"@type\":\"EntryPoint\",\"urlTemplate\":\"https:\/\/www.fanprojekt-muenster.de\/wordpress\/?s={search_term_string}\"},\"query-input\":{\"@type\":\"PropertyValueSpecification\",\"valueRequired\":true,\"valueName\":\"search_term_string\"}}],\"inLanguage\":\"de\"},{\"@type\":\"Organization\",\"@id\":\"https:\/\/www.fanprojekt-muenster.de\/wordpress\/#organization\",\"name\":\"Fangemeinschaft Preu\u00dfen M\u00fcnster e. V.\",\"url\":\"https:\/\/www.fanprojekt-muenster.de\/wordpress\/\",\"logo\":{\"@type\":\"ImageObject\",\"inLanguage\":\"de\",\"@id\":\"https:\/\/www.fanprojekt-muenster.de\/wordpress\/#\/schema\/logo\/image\/\",\"url\":\"https:\/\/www.fanprojekt-muenster.de\/wordpress\/wp-content\/uploads\/2019\/07\/cropped-Website_Logo3-9.png\",\"contentUrl\":\"https:\/\/www.fanprojekt-muenster.de\/wordpress\/wp-content\/uploads\/2019\/07\/cropped-Website_Logo3-9.png\",\"width\":224,\"height\":42,\"caption\":\"Fangemeinschaft Preu\u00dfen M\u00fcnster e. V.\"},\"image\":{\"@id\":\"https:\/\/www.fanprojekt-muenster.de\/wordpress\/#\/schema\/logo\/image\/\"}},{\"@type\":\"Person\",\"@id\":\"https:\/\/www.fanprojekt-muenster.de\/wordpress\/#\/schema\/person\/9126cc4d73d0d07c75b487075111186c\",\"name\":\"fp_superadmin\",\"url\":\"https:\/\/www.fanprojekt-muenster.de\/wordpress\/author\/fp_superadmin\/\"}]}<\/script>\n<!-- \/ Yoast SEO plugin. -->","yoast_head_json":{"title":"1. \u00d6ffentliches Treffen des Fanbeirats - Fangemeinschaft Preu\u00dfen M\u00fcnster e. V.","robots":{"index":"index","follow":"follow","max-snippet":"max-snippet:-1","max-image-preview":"max-image-preview:large","max-video-preview":"max-video-preview:-1"},"canonical":"https:\/\/www.fanprojekt-muenster.de\/wordpress\/1-oeffentliches-treffen-des-fanbeirats\/","og_locale":"de_DE","og_type":"article","og_title":"1. \u00d6ffentliches Treffen des Fanbeirats - Fangemeinschaft Preu\u00dfen M\u00fcnster e. V.","og_description":"Der Fanbeirat des SC Preu\u00dfen, bestehend aus einem Kreis von ca. 15 Personen, in denen alle relevanten Stadionbereiche und Fan- bzw. Ultragruppen vertreten sind, l\u00e4dt alle interessierten Preu\u00dfenfans zum ersten... Read more &raquo;","og_url":"https:\/\/www.fanprojekt-muenster.de\/wordpress\/1-oeffentliches-treffen-des-fanbeirats\/","og_site_name":"Fangemeinschaft Preu\u00dfen M\u00fcnster e. V.","article_published_time":"2014-03-10T19:36:17+00:00","author":"fp_superadmin","twitter_card":"summary_large_image","twitter_misc":{"Verfasst von":"fp_superadmin","Gesch\u00e4tzte Lesezeit":"1\u00a0Minute"},"schema":{"@context":"https:\/\/schema.org","@graph":[{"@type":"Article","@id":"https:\/\/www.fanprojekt-muenster.de\/wordpress\/1-oeffentliches-treffen-des-fanbeirats\/#article","isPartOf":{"@id":"https:\/\/www.fanprojekt-muenster.de\/wordpress\/1-oeffentliches-treffen-des-fanbeirats\/"},"author":{"name":"fp_superadmin","@id":"https:\/\/www.fanprojekt-muenster.de\/wordpress\/#\/schema\/person\/9126cc4d73d0d07c75b487075111186c"},"headline":"1. \u00d6ffentliches Treffen des Fanbeirats","datePublished":"2014-03-10T19:36:17+00:00","mainEntityOfPage":{"@id":"https:\/\/www.fanprojekt-muenster.de\/wordpress\/1-oeffentliches-treffen-des-fanbeirats\/"},"wordCount":197,"commentCount":0,"publisher":{"@id":"https:\/\/www.fanprojekt-muenster.de\/wordpress\/#organization"},"image":{"@id":"https:\/\/www.fanprojekt-muenster.de\/wordpress\/1-oeffentliches-treffen-des-fanbeirats\/#primaryimage"},"thumbnailUrl":"","keywords":["Fanbeirat","Fanprojekt","Fans","Von Fans f\u00fcr Fans"],"articleSection":["Aktuelles"],"inLanguage":"de","potentialAction":[{"@type":"CommentAction","name":"Comment","target":["https:\/\/www.fanprojekt-muenster.de\/wordpress\/1-oeffentliches-treffen-des-fanbeirats\/#respond"]}]},{"@type":"WebPage","@id":"https:\/\/www.fanprojekt-muenster.de\/wordpress\/1-oeffentliches-treffen-des-fanbeirats\/","url":"https:\/\/www.fanprojekt-muenster.de\/wordpress\/1-oeffentliches-treffen-des-fanbeirats\/","name":"1. \u00d6ffentliches Treffen des Fanbeirats - Fangemeinschaft Preu\u00dfen M\u00fcnster e. V.","isPartOf":{"@id":"https:\/\/www.fanprojekt-muenster.de\/wordpress\/#website"},"primaryImageOfPage":{"@id":"https:\/\/www.fanprojekt-muenster.de\/wordpress\/1-oeffentliches-treffen-des-fanbeirats\/#primaryimage"},"image":{"@id":"https:\/\/www.fanprojekt-muenster.de\/wordpress\/1-oeffentliches-treffen-des-fanbeirats\/#primaryimage"},"thumbnailUrl":"","datePublished":"2014-03-10T19:36:17+00:00","breadcrumb":{"@id":"https:\/\/www.fanprojekt-muenster.de\/wordpress\/1-oeffentliches-treffen-des-fanbeirats\/#breadcrumb"},"inLanguage":"de","potentialAction":[{"@type":"ReadAction","target":["https:\/\/www.fanprojekt-muenster.de\/wordpress\/1-oeffentliches-treffen-des-fanbeirats\/"]}]},{"@type":"ImageObject","inLanguage":"de","@id":"https:\/\/www.fanprojekt-muenster.de\/wordpress\/1-oeffentliches-treffen-des-fanbeirats\/#primaryimage","url":"","contentUrl":""},{"@type":"BreadcrumbList","@id":"https:\/\/www.fanprojekt-muenster.de\/wordpress\/1-oeffentliches-treffen-des-fanbeirats\/#breadcrumb","itemListElement":[{"@type":"ListItem","position":1,"name":"Startseite","item":"https:\/\/www.fanprojekt-muenster.de\/wordpress\/"},{"@type":"ListItem","position":2,"name":"1. \u00d6ffentliches Treffen des Fanbeirats"}]},{"@type":"WebSite","@id":"https:\/\/www.fanprojekt-muenster.de\/wordpress\/#website","url":"https:\/\/www.fanprojekt-muenster.de\/wordpress\/","name":"Fangemeinschaft Preu\u00dfen M\u00fcnster e. V.","description":"","publisher":{"@id":"https:\/\/www.fanprojekt-muenster.de\/wordpress\/#organization"},"potentialAction":[{"@type":"SearchAction","target":{"@type":"EntryPoint","urlTemplate":"https:\/\/www.fanprojekt-muenster.de\/wordpress\/?s={search_term_string}"},"query-input":{"@type":"PropertyValueSpecification","valueRequired":true,"valueName":"search_term_string"}}],"inLanguage":"de"},{"@type":"Organization","@id":"https:\/\/www.fanprojekt-muenster.de\/wordpress\/#organization","name":"Fangemeinschaft Preu\u00dfen M\u00fcnster e. V.","url":"https:\/\/www.fanprojekt-muenster.de\/wordpress\/","logo":{"@type":"ImageObject","inLanguage":"de","@id":"https:\/\/www.fanprojekt-muenster.de\/wordpress\/#\/schema\/logo\/image\/","url":"https:\/\/www.fanprojekt-muenster.de\/wordpress\/wp-content\/uploads\/2019\/07\/cropped-Website_Logo3-9.png","contentUrl":"https:\/\/www.fanprojekt-muenster.de\/wordpress\/wp-content\/uploads\/2019\/07\/cropped-Website_Logo3-9.png","width":224,"height":42,"caption":"Fangemeinschaft Preu\u00dfen M\u00fcnster e. V."},"image":{"@id":"https:\/\/www.fanprojekt-muenster.de\/wordpress\/#\/schema\/logo\/image\/"}},{"@type":"Person","@id":"https:\/\/www.fanprojekt-muenster.de\/wordpress\/#\/schema\/person\/9126cc4d73d0d07c75b487075111186c","name":"fp_superadmin","url":"https:\/\/www.fanprojekt-muenster.de\/wordpress\/author\/fp_superadmin\/"}]}},"author_meta":{"display_name":"fp_superadmin","author_link":"https:\/\/www.fanprojekt-muenster.de\/wordpress\/author\/fp_superadmin\/"},"featured_img":null,"coauthors":[],"tax_additional":{"categories":{"linked":["<a href=\"https:\/\/www.fanprojekt-muenster.de\/wordpress\/category\/aktuelles\/\" class=\"advgb-post-tax-term\">Aktuelles<\/a>"],"unlinked":["<span class=\"advgb-post-tax-term\">Aktuelles<\/span>"]},"tags":{"linked":["<a href=\"https:\/\/www.fanprojekt-muenster.de\/wordpress\/category\/aktuelles\/\" class=\"advgb-post-tax-term\">Fanbeirat<\/a>","<a href=\"https:\/\/www.fanprojekt-muenster.de\/wordpress\/category\/aktuelles\/\" class=\"advgb-post-tax-term\">Fanprojekt<\/a>","<a href=\"https:\/\/www.fanprojekt-muenster.de\/wordpress\/category\/aktuelles\/\" class=\"advgb-post-tax-term\">Fans<\/a>","<a href=\"https:\/\/www.fanprojekt-muenster.de\/wordpress\/category\/aktuelles\/\" class=\"advgb-post-tax-term\">Von Fans f\u00fcr Fans<\/a>"],"unlinked":["<span class=\"advgb-post-tax-term\">Fanbeirat<\/span>","<span class=\"advgb-post-tax-term\">Fanprojekt<\/span>","<span class=\"advgb-post-tax-term\">Fans<\/span>","<span class=\"advgb-post-tax-term\">Von Fans f\u00fcr Fans<\/span>"]}},"comment_count":"0","relative_dates":{"created":"Posted 12\u00a0Jahren ago","modified":"Updated 12\u00a0Jahren ago"},"absolute_dates":{"created":"Posted on 10. M\u00e4rz 2014","modified":"Updated on 10. M\u00e4rz 2014"},"absolute_dates_time":{"created":"Posted on 10. M\u00e4rz 2014 21:36","modified":"Updated on 10. M\u00e4rz 2014 21:36"},"featured_img_caption":"","series_order":"","_links":{"self":[{"href":"https:\/\/www.fanprojekt-muenster.de\/wordpress\/wp-json\/wp\/v2\/posts\/2691","targetHints":{"allow":["GET"]}}],"collection":[{"href":"https:\/\/www.fanprojekt-muenster.de\/wordpress\/wp-json\/wp\/v2\/posts"}],"about":[{"href":"https:\/\/www.fanprojekt-muenster.de\/wordpress\/wp-json\/wp\/v2\/types\/post"}],"author":[{"embeddable":true,"href":"https:\/\/www.fanprojekt-muenster.de\/wordpress\/wp-json\/wp\/v2\/users\/2"}],"replies":[{"embeddable":true,"href":"https:\/\/www.fanprojekt-muenster.de\/wordpress\/wp-json\/wp\/v2\/comments?post=2691"}],"version-history":[{"count":0,"href":"https:\/\/www.fanprojekt-muenster.de\/wordpress\/wp-json\/wp\/v2\/posts\/2691\/revisions"}],"wp:featuredmedia":[{"embeddable":true,"href":"https:\/\/www.fanprojekt-muenster.de\/wordpress\/wp-json\/"}],"wp:attachment":[{"href":"https:\/\/www.fanprojekt-muenster.de\/wordpress\/wp-json\/wp\/v2\/media?parent=2691"}],"wp:term":[{"taxonomy":"category","embeddable":true,"href":"https:\/\/www.fanprojekt-muenster.de\/wordpress\/wp-json\/wp\/v2\/categories?post=2691"},{"taxonomy":"post_tag","embeddable":true,"href":"https:\/\/www.fanprojekt-muenster.de\/wordpress\/wp-json\/wp\/v2\/tags?post=2691"}],"curies":[{"name":"wp","href":"https:\/\/api.w.org\/{rel}","templated":true}]}}