{"id":2647,"date":"2014-02-25T12:48:57","date_gmt":"2014-02-25T10:48:57","guid":{"rendered":"http:\/\/www.fanprojekt-muenster.de\/?p=2647"},"modified":"2014-02-25T12:48:57","modified_gmt":"2014-02-25T10:48:57","slug":"stellungnahme-des-fanprojektes-des-scp-zur-sicherheitsbesprechung-anlaesslich-des-spiels-gegen-den-vfl-osnabrueck-1-maerz-2014","status":"publish","type":"post","link":"https:\/\/www.fanprojekt-muenster.de\/wordpress\/stellungnahme-des-fanprojektes-des-scp-zur-sicherheitsbesprechung-anlaesslich-des-spiels-gegen-den-vfl-osnabrueck-1-maerz-2014\/","title":{"rendered":"Stellungnahme des Fanprojektes des SCP zur Sicherheitsbesprechung anl\u00e4sslich des Spiels gegen den VfL Osnabr\u00fcck am 1. M\u00e4rz 2014"},"content":{"rendered":"<div id=\"attachment_2648\" style=\"width: 810px\" class=\"wp-caption alignnone\"><a href=\"http:\/\/www.fanprojekt-muenster.de\/wp-content\/uploads\/2014\/02\/958668_1_comp_DPP_6033.jpg\"><img loading=\"lazy\" decoding=\"async\" aria-describedby=\"caption-attachment-2648\" class=\"size-full wp-image-2648\" alt=\"Foto: westline.de\" src=\"http:\/\/www.fanprojekt-muenster.de\/wp-content\/uploads\/2014\/02\/958668_1_comp_DPP_6033.jpg\" width=\"800\" height=\"522\" \/><\/a><p id=\"caption-attachment-2648\" class=\"wp-caption-text\">Foto: westline.de<\/p><\/div>\n<p><strong>Verbot von allen \u201eTifo-Materialien\u201c<\/strong><\/p>\n<p>Auf der Sicherheitsbesprechung am Montag wurde durch die Polizei M\u00fcnster angeordnet, dass s\u00e4mtliche Fanutensilien in Form von Zaun,- Block- und Schwenkfahnen am Spieltag von beiden Fanlagern nicht benutzt werden d\u00fcrfen und das Sicherheitspersonal angehalten ist, diese Ma\u00dfnahme bereits im Rahmen der Einlasskontrollen durchzusetzen. Als Begr\u00fcndung diente einmal mehr die Nutzung dieser Gegenst\u00e4nde als Sichtschutz f\u00fcr die Verwendung von Pyrotechnik und deren Behinderung bei der Ermittlung von Straft\u00e4tern.<\/p>\n<p>Das Fanprojekt SC Preu\u00dfen e.V. hat durch ihren Vertreter Andreas Bode auf der Konferenz gegen diese Entscheidung protestiert und seine Bedenken ge\u00e4u\u00dfert. Wir sind der Meinung, dass dieses Verbot eher dazu taugt, eine am Derby-Tag ohnehin angespannte Stimmungslage m\u00f6glicherweise eskalieren zu lassen. F\u00fcr uns steht fest, dass dieses Verbot nicht dazu taugt, das Abbrennen pyrotechnischer Gegenst\u00e4nde zu verhindern.<br \/>\nDar\u00fcber hinaus steht aus unserer Sicht zu bef\u00fcrchten, dass die polizeiliche Durchsetzung des Verbotes bei Zuwiderhandlung im Stadion zu Gewaltreaktionen f\u00fchren kann.<\/p>\n<p>Wir als Fanprojekt des SC Preu\u00dfen M\u00fcnster fordern daher ausdr\u00fccklich, diese f\u00fcr uns unverst\u00e4ndliche und nicht zielf\u00fchrende Ma\u00dfnahme zu \u00fcberdenken und zur\u00fcckzunehmen.<\/p>\n<p>Fanprojekt SC Preu\u00dfen M\u00fcnster e.V.,<br \/>\nf\u00fcr den Vorstand: <a href=\"http:\/\/www.fanprojekt-muenster.de\/personnel\/andreas-g-bode-2\/\" title=\"Andreas G. Bode\">Andreas Bode<\/a><\/p>\n","protected":false},"excerpt":{"rendered":"<p>Verbot von allen \u201eTifo-Materialien\u201c Auf der Sicherheitsbesprechung am Montag wurde durch die Polizei M\u00fcnster angeordnet, dass s\u00e4mtliche Fanutensilien in Form von Zaun,- Block- und Schwenkfahnen am Spieltag von beiden Fanlagern&#8230; <a class=\"read-more-link\" href=\"https:\/\/www.fanprojekt-muenster.de\/wordpress\/stellungnahme-des-fanprojektes-des-scp-zur-sicherheitsbesprechung-anlaesslich-des-spiels-gegen-den-vfl-osnabrueck-1-maerz-2014\/\">Read more &raquo;<\/a><\/p>\n","protected":false},"author":2,"featured_media":2648,"comment_status":"open","ping_status":"open","sticky":false,"template":"","format":"standard","meta":{"advgb_blocks_editor_width":"","advgb_blocks_columns_visual_guide":"","footnotes":""},"categories":[3],"tags":[26,28,72,75,97,112,223,277,283,303],"class_list":["post-2647","post","type-post","status-publish","format-standard","has-post-thumbnail","hentry","category-aktuelles","tag-26","tag-3-liga-2","tag-deeskalation","tag-derby","tag-fahnen","tag-fanprojekt","tag-sc-preussen-muenster","tag-verbot","tag-von-fans-fuer-fans","tag-zaunfahnen"],"featured_image_src":null,"author_info":{"display_name":"fp_superadmin","author_link":"https:\/\/www.fanprojekt-muenster.de\/wordpress\/author\/fp_superadmin\/"},"yoast_head":"<!-- This site is optimized with the Yoast SEO plugin v27.2 - https:\/\/yoast.com\/product\/yoast-seo-wordpress\/ -->\n<title>Stellungnahme des Fanprojektes des SCP zur Sicherheitsbesprechung anl\u00e4sslich des Spiels gegen den VfL Osnabr\u00fcck am 1. M\u00e4rz 2014 - Fangemeinschaft Preu\u00dfen M\u00fcnster e. V.<\/title>\n<meta name=\"robots\" content=\"index, follow, max-snippet:-1, max-image-preview:large, max-video-preview:-1\" \/>\n<link rel=\"canonical\" href=\"https:\/\/www.fanprojekt-muenster.de\/wordpress\/stellungnahme-des-fanprojektes-des-scp-zur-sicherheitsbesprechung-anlaesslich-des-spiels-gegen-den-vfl-osnabrueck-1-maerz-2014\/\" \/>\n<meta property=\"og:locale\" content=\"de_DE\" \/>\n<meta property=\"og:type\" content=\"article\" \/>\n<meta property=\"og:title\" content=\"Stellungnahme des Fanprojektes des SCP zur Sicherheitsbesprechung anl\u00e4sslich des Spiels gegen den VfL Osnabr\u00fcck am 1. M\u00e4rz 2014 - Fangemeinschaft Preu\u00dfen M\u00fcnster e. V.\" \/>\n<meta property=\"og:description\" content=\"Verbot von allen \u201eTifo-Materialien\u201c Auf der Sicherheitsbesprechung am Montag wurde durch die Polizei M\u00fcnster angeordnet, dass s\u00e4mtliche Fanutensilien in Form von Zaun,- Block- und Schwenkfahnen am Spieltag von beiden Fanlagern... Read more &raquo;\" \/>\n<meta property=\"og:url\" content=\"https:\/\/www.fanprojekt-muenster.de\/wordpress\/stellungnahme-des-fanprojektes-des-scp-zur-sicherheitsbesprechung-anlaesslich-des-spiels-gegen-den-vfl-osnabrueck-1-maerz-2014\/\" \/>\n<meta property=\"og:site_name\" content=\"Fangemeinschaft Preu\u00dfen M\u00fcnster e. V.\" \/>\n<meta property=\"article:published_time\" content=\"2014-02-25T10:48:57+00:00\" \/>\n<meta name=\"author\" content=\"fp_superadmin\" \/>\n<meta name=\"twitter:card\" content=\"summary_large_image\" \/>\n<meta name=\"twitter:label1\" content=\"Verfasst von\" \/>\n\t<meta name=\"twitter:data1\" content=\"fp_superadmin\" \/>\n\t<meta name=\"twitter:label2\" content=\"Gesch\u00e4tzte Lesezeit\" \/>\n\t<meta name=\"twitter:data2\" content=\"1\u00a0Minute\" \/>\n<script type=\"application\/ld+json\" class=\"yoast-schema-graph\">{\"@context\":\"https:\/\/schema.org\",\"@graph\":[{\"@type\":\"Article\",\"@id\":\"https:\/\/www.fanprojekt-muenster.de\/wordpress\/stellungnahme-des-fanprojektes-des-scp-zur-sicherheitsbesprechung-anlaesslich-des-spiels-gegen-den-vfl-osnabrueck-1-maerz-2014\/#article\",\"isPartOf\":{\"@id\":\"https:\/\/www.fanprojekt-muenster.de\/wordpress\/stellungnahme-des-fanprojektes-des-scp-zur-sicherheitsbesprechung-anlaesslich-des-spiels-gegen-den-vfl-osnabrueck-1-maerz-2014\/\"},\"author\":{\"name\":\"fp_superadmin\",\"@id\":\"https:\/\/www.fanprojekt-muenster.de\/wordpress\/#\/schema\/person\/9126cc4d73d0d07c75b487075111186c\"},\"headline\":\"Stellungnahme des Fanprojektes des SCP zur Sicherheitsbesprechung anl\u00e4sslich des Spiels gegen den VfL Osnabr\u00fcck am 1. M\u00e4rz 2014\",\"datePublished\":\"2014-02-25T10:48:57+00:00\",\"mainEntityOfPage\":{\"@id\":\"https:\/\/www.fanprojekt-muenster.de\/wordpress\/stellungnahme-des-fanprojektes-des-scp-zur-sicherheitsbesprechung-anlaesslich-des-spiels-gegen-den-vfl-osnabrueck-1-maerz-2014\/\"},\"wordCount\":243,\"commentCount\":0,\"publisher\":{\"@id\":\"https:\/\/www.fanprojekt-muenster.de\/wordpress\/#organization\"},\"image\":{\"@id\":\"https:\/\/www.fanprojekt-muenster.de\/wordpress\/stellungnahme-des-fanprojektes-des-scp-zur-sicherheitsbesprechung-anlaesslich-des-spiels-gegen-den-vfl-osnabrueck-1-maerz-2014\/#primaryimage\"},\"thumbnailUrl\":\"\",\"keywords\":[\"2014\",\"3.Liga\",\"Deeskalation\",\"Derby\",\"Fahnen\",\"Fanprojekt\",\"SC Preu\u00dfen M\u00fcnster\",\"Verbot\",\"Von Fans f\u00fcr Fans\",\"Zaunfahnen\"],\"articleSection\":[\"Aktuelles\"],\"inLanguage\":\"de\",\"potentialAction\":[{\"@type\":\"CommentAction\",\"name\":\"Comment\",\"target\":[\"https:\/\/www.fanprojekt-muenster.de\/wordpress\/stellungnahme-des-fanprojektes-des-scp-zur-sicherheitsbesprechung-anlaesslich-des-spiels-gegen-den-vfl-osnabrueck-1-maerz-2014\/#respond\"]}]},{\"@type\":\"WebPage\",\"@id\":\"https:\/\/www.fanprojekt-muenster.de\/wordpress\/stellungnahme-des-fanprojektes-des-scp-zur-sicherheitsbesprechung-anlaesslich-des-spiels-gegen-den-vfl-osnabrueck-1-maerz-2014\/\",\"url\":\"https:\/\/www.fanprojekt-muenster.de\/wordpress\/stellungnahme-des-fanprojektes-des-scp-zur-sicherheitsbesprechung-anlaesslich-des-spiels-gegen-den-vfl-osnabrueck-1-maerz-2014\/\",\"name\":\"Stellungnahme des Fanprojektes des SCP zur Sicherheitsbesprechung anl\u00e4sslich des Spiels gegen den VfL Osnabr\u00fcck am 1. M\u00e4rz 2014 - Fangemeinschaft Preu\u00dfen M\u00fcnster e. V.\",\"isPartOf\":{\"@id\":\"https:\/\/www.fanprojekt-muenster.de\/wordpress\/#website\"},\"primaryImageOfPage\":{\"@id\":\"https:\/\/www.fanprojekt-muenster.de\/wordpress\/stellungnahme-des-fanprojektes-des-scp-zur-sicherheitsbesprechung-anlaesslich-des-spiels-gegen-den-vfl-osnabrueck-1-maerz-2014\/#primaryimage\"},\"image\":{\"@id\":\"https:\/\/www.fanprojekt-muenster.de\/wordpress\/stellungnahme-des-fanprojektes-des-scp-zur-sicherheitsbesprechung-anlaesslich-des-spiels-gegen-den-vfl-osnabrueck-1-maerz-2014\/#primaryimage\"},\"thumbnailUrl\":\"\",\"datePublished\":\"2014-02-25T10:48:57+00:00\",\"breadcrumb\":{\"@id\":\"https:\/\/www.fanprojekt-muenster.de\/wordpress\/stellungnahme-des-fanprojektes-des-scp-zur-sicherheitsbesprechung-anlaesslich-des-spiels-gegen-den-vfl-osnabrueck-1-maerz-2014\/#breadcrumb\"},\"inLanguage\":\"de\",\"potentialAction\":[{\"@type\":\"ReadAction\",\"target\":[\"https:\/\/www.fanprojekt-muenster.de\/wordpress\/stellungnahme-des-fanprojektes-des-scp-zur-sicherheitsbesprechung-anlaesslich-des-spiels-gegen-den-vfl-osnabrueck-1-maerz-2014\/\"]}]},{\"@type\":\"ImageObject\",\"inLanguage\":\"de\",\"@id\":\"https:\/\/www.fanprojekt-muenster.de\/wordpress\/stellungnahme-des-fanprojektes-des-scp-zur-sicherheitsbesprechung-anlaesslich-des-spiels-gegen-den-vfl-osnabrueck-1-maerz-2014\/#primaryimage\",\"url\":\"\",\"contentUrl\":\"\"},{\"@type\":\"BreadcrumbList\",\"@id\":\"https:\/\/www.fanprojekt-muenster.de\/wordpress\/stellungnahme-des-fanprojektes-des-scp-zur-sicherheitsbesprechung-anlaesslich-des-spiels-gegen-den-vfl-osnabrueck-1-maerz-2014\/#breadcrumb\",\"itemListElement\":[{\"@type\":\"ListItem\",\"position\":1,\"name\":\"Startseite\",\"item\":\"https:\/\/www.fanprojekt-muenster.de\/wordpress\/\"},{\"@type\":\"ListItem\",\"position\":2,\"name\":\"Stellungnahme des Fanprojektes des SCP zur Sicherheitsbesprechung anl\u00e4sslich des Spiels gegen den VfL Osnabr\u00fcck am 1. M\u00e4rz 2014\"}]},{\"@type\":\"WebSite\",\"@id\":\"https:\/\/www.fanprojekt-muenster.de\/wordpress\/#website\",\"url\":\"https:\/\/www.fanprojekt-muenster.de\/wordpress\/\",\"name\":\"Fangemeinschaft Preu\u00dfen M\u00fcnster e. V.\",\"description\":\"\",\"publisher\":{\"@id\":\"https:\/\/www.fanprojekt-muenster.de\/wordpress\/#organization\"},\"potentialAction\":[{\"@type\":\"SearchAction\",\"target\":{\"@type\":\"EntryPoint\",\"urlTemplate\":\"https:\/\/www.fanprojekt-muenster.de\/wordpress\/?s={search_term_string}\"},\"query-input\":{\"@type\":\"PropertyValueSpecification\",\"valueRequired\":true,\"valueName\":\"search_term_string\"}}],\"inLanguage\":\"de\"},{\"@type\":\"Organization\",\"@id\":\"https:\/\/www.fanprojekt-muenster.de\/wordpress\/#organization\",\"name\":\"Fangemeinschaft Preu\u00dfen M\u00fcnster e. V.\",\"url\":\"https:\/\/www.fanprojekt-muenster.de\/wordpress\/\",\"logo\":{\"@type\":\"ImageObject\",\"inLanguage\":\"de\",\"@id\":\"https:\/\/www.fanprojekt-muenster.de\/wordpress\/#\/schema\/logo\/image\/\",\"url\":\"https:\/\/www.fanprojekt-muenster.de\/wordpress\/wp-content\/uploads\/2019\/07\/cropped-Website_Logo3-9.png\",\"contentUrl\":\"https:\/\/www.fanprojekt-muenster.de\/wordpress\/wp-content\/uploads\/2019\/07\/cropped-Website_Logo3-9.png\",\"width\":224,\"height\":42,\"caption\":\"Fangemeinschaft Preu\u00dfen M\u00fcnster e. V.\"},\"image\":{\"@id\":\"https:\/\/www.fanprojekt-muenster.de\/wordpress\/#\/schema\/logo\/image\/\"}},{\"@type\":\"Person\",\"@id\":\"https:\/\/www.fanprojekt-muenster.de\/wordpress\/#\/schema\/person\/9126cc4d73d0d07c75b487075111186c\",\"name\":\"fp_superadmin\",\"url\":\"https:\/\/www.fanprojekt-muenster.de\/wordpress\/author\/fp_superadmin\/\"}]}<\/script>\n<!-- \/ Yoast SEO plugin. -->","yoast_head_json":{"title":"Stellungnahme des Fanprojektes des SCP zur Sicherheitsbesprechung anl\u00e4sslich des Spiels gegen den VfL Osnabr\u00fcck am 1. M\u00e4rz 2014 - Fangemeinschaft Preu\u00dfen M\u00fcnster e. V.","robots":{"index":"index","follow":"follow","max-snippet":"max-snippet:-1","max-image-preview":"max-image-preview:large","max-video-preview":"max-video-preview:-1"},"canonical":"https:\/\/www.fanprojekt-muenster.de\/wordpress\/stellungnahme-des-fanprojektes-des-scp-zur-sicherheitsbesprechung-anlaesslich-des-spiels-gegen-den-vfl-osnabrueck-1-maerz-2014\/","og_locale":"de_DE","og_type":"article","og_title":"Stellungnahme des Fanprojektes des SCP zur Sicherheitsbesprechung anl\u00e4sslich des Spiels gegen den VfL Osnabr\u00fcck am 1. M\u00e4rz 2014 - Fangemeinschaft Preu\u00dfen M\u00fcnster e. V.","og_description":"Verbot von allen \u201eTifo-Materialien\u201c Auf der Sicherheitsbesprechung am Montag wurde durch die Polizei M\u00fcnster angeordnet, dass s\u00e4mtliche Fanutensilien in Form von Zaun,- Block- und Schwenkfahnen am Spieltag von beiden Fanlagern... Read more &raquo;","og_url":"https:\/\/www.fanprojekt-muenster.de\/wordpress\/stellungnahme-des-fanprojektes-des-scp-zur-sicherheitsbesprechung-anlaesslich-des-spiels-gegen-den-vfl-osnabrueck-1-maerz-2014\/","og_site_name":"Fangemeinschaft Preu\u00dfen M\u00fcnster e. V.","article_published_time":"2014-02-25T10:48:57+00:00","author":"fp_superadmin","twitter_card":"summary_large_image","twitter_misc":{"Verfasst von":"fp_superadmin","Gesch\u00e4tzte Lesezeit":"1\u00a0Minute"},"schema":{"@context":"https:\/\/schema.org","@graph":[{"@type":"Article","@id":"https:\/\/www.fanprojekt-muenster.de\/wordpress\/stellungnahme-des-fanprojektes-des-scp-zur-sicherheitsbesprechung-anlaesslich-des-spiels-gegen-den-vfl-osnabrueck-1-maerz-2014\/#article","isPartOf":{"@id":"https:\/\/www.fanprojekt-muenster.de\/wordpress\/stellungnahme-des-fanprojektes-des-scp-zur-sicherheitsbesprechung-anlaesslich-des-spiels-gegen-den-vfl-osnabrueck-1-maerz-2014\/"},"author":{"name":"fp_superadmin","@id":"https:\/\/www.fanprojekt-muenster.de\/wordpress\/#\/schema\/person\/9126cc4d73d0d07c75b487075111186c"},"headline":"Stellungnahme des Fanprojektes des SCP zur Sicherheitsbesprechung anl\u00e4sslich des Spiels gegen den VfL Osnabr\u00fcck am 1. M\u00e4rz 2014","datePublished":"2014-02-25T10:48:57+00:00","mainEntityOfPage":{"@id":"https:\/\/www.fanprojekt-muenster.de\/wordpress\/stellungnahme-des-fanprojektes-des-scp-zur-sicherheitsbesprechung-anlaesslich-des-spiels-gegen-den-vfl-osnabrueck-1-maerz-2014\/"},"wordCount":243,"commentCount":0,"publisher":{"@id":"https:\/\/www.fanprojekt-muenster.de\/wordpress\/#organization"},"image":{"@id":"https:\/\/www.fanprojekt-muenster.de\/wordpress\/stellungnahme-des-fanprojektes-des-scp-zur-sicherheitsbesprechung-anlaesslich-des-spiels-gegen-den-vfl-osnabrueck-1-maerz-2014\/#primaryimage"},"thumbnailUrl":"","keywords":["2014","3.Liga","Deeskalation","Derby","Fahnen","Fanprojekt","SC Preu\u00dfen M\u00fcnster","Verbot","Von Fans f\u00fcr Fans","Zaunfahnen"],"articleSection":["Aktuelles"],"inLanguage":"de","potentialAction":[{"@type":"CommentAction","name":"Comment","target":["https:\/\/www.fanprojekt-muenster.de\/wordpress\/stellungnahme-des-fanprojektes-des-scp-zur-sicherheitsbesprechung-anlaesslich-des-spiels-gegen-den-vfl-osnabrueck-1-maerz-2014\/#respond"]}]},{"@type":"WebPage","@id":"https:\/\/www.fanprojekt-muenster.de\/wordpress\/stellungnahme-des-fanprojektes-des-scp-zur-sicherheitsbesprechung-anlaesslich-des-spiels-gegen-den-vfl-osnabrueck-1-maerz-2014\/","url":"https:\/\/www.fanprojekt-muenster.de\/wordpress\/stellungnahme-des-fanprojektes-des-scp-zur-sicherheitsbesprechung-anlaesslich-des-spiels-gegen-den-vfl-osnabrueck-1-maerz-2014\/","name":"Stellungnahme des Fanprojektes des SCP zur Sicherheitsbesprechung anl\u00e4sslich des Spiels gegen den VfL Osnabr\u00fcck am 1. M\u00e4rz 2014 - Fangemeinschaft Preu\u00dfen M\u00fcnster e. V.","isPartOf":{"@id":"https:\/\/www.fanprojekt-muenster.de\/wordpress\/#website"},"primaryImageOfPage":{"@id":"https:\/\/www.fanprojekt-muenster.de\/wordpress\/stellungnahme-des-fanprojektes-des-scp-zur-sicherheitsbesprechung-anlaesslich-des-spiels-gegen-den-vfl-osnabrueck-1-maerz-2014\/#primaryimage"},"image":{"@id":"https:\/\/www.fanprojekt-muenster.de\/wordpress\/stellungnahme-des-fanprojektes-des-scp-zur-sicherheitsbesprechung-anlaesslich-des-spiels-gegen-den-vfl-osnabrueck-1-maerz-2014\/#primaryimage"},"thumbnailUrl":"","datePublished":"2014-02-25T10:48:57+00:00","breadcrumb":{"@id":"https:\/\/www.fanprojekt-muenster.de\/wordpress\/stellungnahme-des-fanprojektes-des-scp-zur-sicherheitsbesprechung-anlaesslich-des-spiels-gegen-den-vfl-osnabrueck-1-maerz-2014\/#breadcrumb"},"inLanguage":"de","potentialAction":[{"@type":"ReadAction","target":["https:\/\/www.fanprojekt-muenster.de\/wordpress\/stellungnahme-des-fanprojektes-des-scp-zur-sicherheitsbesprechung-anlaesslich-des-spiels-gegen-den-vfl-osnabrueck-1-maerz-2014\/"]}]},{"@type":"ImageObject","inLanguage":"de","@id":"https:\/\/www.fanprojekt-muenster.de\/wordpress\/stellungnahme-des-fanprojektes-des-scp-zur-sicherheitsbesprechung-anlaesslich-des-spiels-gegen-den-vfl-osnabrueck-1-maerz-2014\/#primaryimage","url":"","contentUrl":""},{"@type":"BreadcrumbList","@id":"https:\/\/www.fanprojekt-muenster.de\/wordpress\/stellungnahme-des-fanprojektes-des-scp-zur-sicherheitsbesprechung-anlaesslich-des-spiels-gegen-den-vfl-osnabrueck-1-maerz-2014\/#breadcrumb","itemListElement":[{"@type":"ListItem","position":1,"name":"Startseite","item":"https:\/\/www.fanprojekt-muenster.de\/wordpress\/"},{"@type":"ListItem","position":2,"name":"Stellungnahme des Fanprojektes des SCP zur Sicherheitsbesprechung anl\u00e4sslich des Spiels gegen den VfL Osnabr\u00fcck am 1. M\u00e4rz 2014"}]},{"@type":"WebSite","@id":"https:\/\/www.fanprojekt-muenster.de\/wordpress\/#website","url":"https:\/\/www.fanprojekt-muenster.de\/wordpress\/","name":"Fangemeinschaft Preu\u00dfen M\u00fcnster e. V.","description":"","publisher":{"@id":"https:\/\/www.fanprojekt-muenster.de\/wordpress\/#organization"},"potentialAction":[{"@type":"SearchAction","target":{"@type":"EntryPoint","urlTemplate":"https:\/\/www.fanprojekt-muenster.de\/wordpress\/?s={search_term_string}"},"query-input":{"@type":"PropertyValueSpecification","valueRequired":true,"valueName":"search_term_string"}}],"inLanguage":"de"},{"@type":"Organization","@id":"https:\/\/www.fanprojekt-muenster.de\/wordpress\/#organization","name":"Fangemeinschaft Preu\u00dfen M\u00fcnster e. V.","url":"https:\/\/www.fanprojekt-muenster.de\/wordpress\/","logo":{"@type":"ImageObject","inLanguage":"de","@id":"https:\/\/www.fanprojekt-muenster.de\/wordpress\/#\/schema\/logo\/image\/","url":"https:\/\/www.fanprojekt-muenster.de\/wordpress\/wp-content\/uploads\/2019\/07\/cropped-Website_Logo3-9.png","contentUrl":"https:\/\/www.fanprojekt-muenster.de\/wordpress\/wp-content\/uploads\/2019\/07\/cropped-Website_Logo3-9.png","width":224,"height":42,"caption":"Fangemeinschaft Preu\u00dfen M\u00fcnster e. V."},"image":{"@id":"https:\/\/www.fanprojekt-muenster.de\/wordpress\/#\/schema\/logo\/image\/"}},{"@type":"Person","@id":"https:\/\/www.fanprojekt-muenster.de\/wordpress\/#\/schema\/person\/9126cc4d73d0d07c75b487075111186c","name":"fp_superadmin","url":"https:\/\/www.fanprojekt-muenster.de\/wordpress\/author\/fp_superadmin\/"}]}},"author_meta":{"display_name":"fp_superadmin","author_link":"https:\/\/www.fanprojekt-muenster.de\/wordpress\/author\/fp_superadmin\/"},"featured_img":null,"coauthors":[],"tax_additional":{"categories":{"linked":["<a href=\"https:\/\/www.fanprojekt-muenster.de\/wordpress\/category\/aktuelles\/\" class=\"advgb-post-tax-term\">Aktuelles<\/a>"],"unlinked":["<span class=\"advgb-post-tax-term\">Aktuelles<\/span>"]},"tags":{"linked":["<a href=\"https:\/\/www.fanprojekt-muenster.de\/wordpress\/category\/aktuelles\/\" class=\"advgb-post-tax-term\">2014<\/a>","<a href=\"https:\/\/www.fanprojekt-muenster.de\/wordpress\/category\/aktuelles\/\" class=\"advgb-post-tax-term\">3.Liga<\/a>","<a href=\"https:\/\/www.fanprojekt-muenster.de\/wordpress\/category\/aktuelles\/\" class=\"advgb-post-tax-term\">Deeskalation<\/a>","<a href=\"https:\/\/www.fanprojekt-muenster.de\/wordpress\/category\/aktuelles\/\" class=\"advgb-post-tax-term\">Derby<\/a>","<a href=\"https:\/\/www.fanprojekt-muenster.de\/wordpress\/category\/aktuelles\/\" class=\"advgb-post-tax-term\">Fahnen<\/a>","<a href=\"https:\/\/www.fanprojekt-muenster.de\/wordpress\/category\/aktuelles\/\" class=\"advgb-post-tax-term\">Fanprojekt<\/a>","<a href=\"https:\/\/www.fanprojekt-muenster.de\/wordpress\/category\/aktuelles\/\" class=\"advgb-post-tax-term\">SC Preu\u00dfen M\u00fcnster<\/a>","<a href=\"https:\/\/www.fanprojekt-muenster.de\/wordpress\/category\/aktuelles\/\" class=\"advgb-post-tax-term\">Verbot<\/a>","<a href=\"https:\/\/www.fanprojekt-muenster.de\/wordpress\/category\/aktuelles\/\" class=\"advgb-post-tax-term\">Von Fans f\u00fcr Fans<\/a>","<a href=\"https:\/\/www.fanprojekt-muenster.de\/wordpress\/category\/aktuelles\/\" class=\"advgb-post-tax-term\">Zaunfahnen<\/a>"],"unlinked":["<span class=\"advgb-post-tax-term\">2014<\/span>","<span class=\"advgb-post-tax-term\">3.Liga<\/span>","<span class=\"advgb-post-tax-term\">Deeskalation<\/span>","<span class=\"advgb-post-tax-term\">Derby<\/span>","<span class=\"advgb-post-tax-term\">Fahnen<\/span>","<span class=\"advgb-post-tax-term\">Fanprojekt<\/span>","<span class=\"advgb-post-tax-term\">SC Preu\u00dfen M\u00fcnster<\/span>","<span class=\"advgb-post-tax-term\">Verbot<\/span>","<span class=\"advgb-post-tax-term\">Von Fans f\u00fcr Fans<\/span>","<span class=\"advgb-post-tax-term\">Zaunfahnen<\/span>"]}},"comment_count":"0","relative_dates":{"created":"Posted 12\u00a0Jahren ago","modified":"Updated 12\u00a0Jahren ago"},"absolute_dates":{"created":"Posted on 25. Februar 2014","modified":"Updated on 25. Februar 2014"},"absolute_dates_time":{"created":"Posted on 25. Februar 2014 12:48","modified":"Updated on 25. Februar 2014 12:48"},"featured_img_caption":"","series_order":"","_links":{"self":[{"href":"https:\/\/www.fanprojekt-muenster.de\/wordpress\/wp-json\/wp\/v2\/posts\/2647","targetHints":{"allow":["GET"]}}],"collection":[{"href":"https:\/\/www.fanprojekt-muenster.de\/wordpress\/wp-json\/wp\/v2\/posts"}],"about":[{"href":"https:\/\/www.fanprojekt-muenster.de\/wordpress\/wp-json\/wp\/v2\/types\/post"}],"author":[{"embeddable":true,"href":"https:\/\/www.fanprojekt-muenster.de\/wordpress\/wp-json\/wp\/v2\/users\/2"}],"replies":[{"embeddable":true,"href":"https:\/\/www.fanprojekt-muenster.de\/wordpress\/wp-json\/wp\/v2\/comments?post=2647"}],"version-history":[{"count":0,"href":"https:\/\/www.fanprojekt-muenster.de\/wordpress\/wp-json\/wp\/v2\/posts\/2647\/revisions"}],"wp:featuredmedia":[{"embeddable":true,"href":"https:\/\/www.fanprojekt-muenster.de\/wordpress\/wp-json\/"}],"wp:attachment":[{"href":"https:\/\/www.fanprojekt-muenster.de\/wordpress\/wp-json\/wp\/v2\/media?parent=2647"}],"wp:term":[{"taxonomy":"category","embeddable":true,"href":"https:\/\/www.fanprojekt-muenster.de\/wordpress\/wp-json\/wp\/v2\/categories?post=2647"},{"taxonomy":"post_tag","embeddable":true,"href":"https:\/\/www.fanprojekt-muenster.de\/wordpress\/wp-json\/wp\/v2\/tags?post=2647"}],"curies":[{"name":"wp","href":"https:\/\/api.w.org\/{rel}","templated":true}]}}