{"id":2635,"date":"2014-02-21T14:29:48","date_gmt":"2014-02-21T12:29:48","guid":{"rendered":"http:\/\/www.fanprojekt-muenster.de\/?p=2635"},"modified":"2014-02-21T14:29:48","modified_gmt":"2014-02-21T12:29:48","slug":"benefiz-cd-attila-schickermanns-mottekk-muenster-jetzt-zu-kaufen","status":"publish","type":"post","link":"https:\/\/www.fanprojekt-muenster.de\/wordpress\/benefiz-cd-attila-schickermanns-mottekk-muenster-jetzt-zu-kaufen\/","title":{"rendered":"Benefiz CD \u201eAttila Schickermanns Mottekk M\u00fcnster&#8220; jetzt zu kaufen"},"content":{"rendered":"<p><img loading=\"lazy\" decoding=\"async\" class=\"alignnone  wp-image-2636\" alt=\"1618253_617382138327811_1494084007_o\" src=\"http:\/\/www.fanprojekt-muenster.de\/wp-content\/uploads\/2014\/02\/1618253_617382138327811_1494084007_o-1024x1024.jpg\" width=\"346\" height=\"346\" \/>\u00a0<img loading=\"lazy\" decoding=\"async\" class=\"alignnone  wp-image-2637\" style=\"line-height: 1.5em;\" alt=\"1655802_617373911661967_2047720085_o\" src=\"http:\/\/www.fanprojekt-muenster.de\/wp-content\/uploads\/2014\/02\/1655802_617373911661967_2047720085_o-1024x1024.jpg\" width=\"346\" height=\"346\" \/><\/p>\n<p><span style=\"line-height: 1.5em;\">Der Fu\u00dfball-Drittligist SC Preu\u00dfen M\u00fcnster ist ein Traditionsverein, trotzdem ist aber eines rar ges\u00e4t, geht es um den SCP: Musik, die sich nur um den Preu\u00dfen-Adler &#8211; und damit auch um den Ball &#8211; dreht. Die L\u00fccke ist jetzt geschlossen: Auf dem CD-Sampler \u201eAttila Schickermanns Mottekk M\u00fcnster\u201c gibt es rockig aufs geneigte Fan-Ohr. Von eingefleischten Preu\u00dfen-Fans. Ab Sonntag ist der Tontr\u00e4ger in limitierter Auflage im Handel.<\/span><\/p>\n<p>Bemerkenswert: Der komplette Reinerl\u00f6s (bei Verkauf der gesamten Auflage sagenhafte 11 Euro pro CD!) geht an das Kinderhospiz \u201eK\u00f6nigskinder\u201c in M\u00fcnster!<br \/>\nEin halbes Dutzend Bands aus dem M\u00fcnsterland haben ein volles Dutzend Songs auf den Silberling gepackt. Wohlgemerkt &#8211; zum gro\u00dfen Teil extra f\u00fcr dieses Opus geschrieben und eingespielt. Zudem erscheint die CD mit einem ausgesprochen aufw\u00e4ndig gestalteten Booklet.<br \/>\nZu kaufen gibt\u00b4s den Sound von und f\u00fcr die \u201eMottek-Streele\u201c (Hammer Stra\u00dfe) bei den Heimspielen im Stadion am Fan-Projekt-Stand, bei Rare Guitar und Green Hell und im Fanport. Im Internet kann man bei <a title=\"Attila Schickermann\" href=\"www.attila-schickermann.de\" target=\"_blank\" rel=\"noopener noreferrer\">www.attila-schickermann.de<\/a> die Benefiz CD <a title=\"CD online bestellen\" href=\"http:\/\/www.attila-schickermann.de\/cd-bestellen\/\" target=\"_blank\" rel=\"noopener noreferrer\">online<\/a> bestellen.<\/p>\n","protected":false},"excerpt":{"rendered":"<p>\u00a0 Der Fu\u00dfball-Drittligist SC Preu\u00dfen M\u00fcnster ist ein Traditionsverein, trotzdem ist aber eines rar ges\u00e4t, geht es um den SCP: Musik, die sich nur um den Preu\u00dfen-Adler &#8211; und damit&#8230; <a class=\"read-more-link\" href=\"https:\/\/www.fanprojekt-muenster.de\/wordpress\/benefiz-cd-attila-schickermanns-mottekk-muenster-jetzt-zu-kaufen\/\">Read more &raquo;<\/a><\/p>\n","protected":false},"author":2,"featured_media":2637,"comment_status":"open","ping_status":"open","sticky":false,"template":"","format":"standard","meta":{"advgb_blocks_editor_width":"","advgb_blocks_columns_visual_guide":"","footnotes":""},"categories":[3],"tags":[26,45,57,64,112,179,224,283],"class_list":["post-2635","post","type-post","status-publish","format-standard","has-post-thumbnail","hentry","category-aktuelles","tag-26","tag-attila","tag-benefiz","tag-cd","tag-fanprojekt","tag-mottekks","tag-schickermann","tag-von-fans-fuer-fans"],"featured_image_src":null,"author_info":{"display_name":"fp_superadmin","author_link":"https:\/\/www.fanprojekt-muenster.de\/wordpress\/author\/fp_superadmin\/"},"yoast_head":"<!-- This site is optimized with the Yoast SEO plugin v27.2 - https:\/\/yoast.com\/product\/yoast-seo-wordpress\/ -->\n<title>Benefiz CD \u201eAttila Schickermanns Mottekk M\u00fcnster&quot; jetzt zu kaufen - Fangemeinschaft Preu\u00dfen M\u00fcnster e. V.<\/title>\n<meta name=\"robots\" content=\"index, follow, max-snippet:-1, max-image-preview:large, max-video-preview:-1\" \/>\n<link rel=\"canonical\" href=\"https:\/\/www.fanprojekt-muenster.de\/wordpress\/benefiz-cd-attila-schickermanns-mottekk-muenster-jetzt-zu-kaufen\/\" \/>\n<meta property=\"og:locale\" content=\"de_DE\" \/>\n<meta property=\"og:type\" content=\"article\" \/>\n<meta property=\"og:title\" content=\"Benefiz CD \u201eAttila Schickermanns Mottekk M\u00fcnster&quot; jetzt zu kaufen - Fangemeinschaft Preu\u00dfen M\u00fcnster e. V.\" \/>\n<meta property=\"og:description\" content=\"\u00a0 Der Fu\u00dfball-Drittligist SC Preu\u00dfen M\u00fcnster ist ein Traditionsverein, trotzdem ist aber eines rar ges\u00e4t, geht es um den SCP: Musik, die sich nur um den Preu\u00dfen-Adler &#8211; und damit... Read more &raquo;\" \/>\n<meta property=\"og:url\" content=\"https:\/\/www.fanprojekt-muenster.de\/wordpress\/benefiz-cd-attila-schickermanns-mottekk-muenster-jetzt-zu-kaufen\/\" \/>\n<meta property=\"og:site_name\" content=\"Fangemeinschaft Preu\u00dfen M\u00fcnster e. V.\" \/>\n<meta property=\"article:published_time\" content=\"2014-02-21T12:29:48+00:00\" \/>\n<meta name=\"author\" content=\"fp_superadmin\" \/>\n<meta name=\"twitter:card\" content=\"summary_large_image\" \/>\n<meta name=\"twitter:label1\" content=\"Verfasst von\" \/>\n\t<meta name=\"twitter:data1\" content=\"fp_superadmin\" \/>\n\t<meta name=\"twitter:label2\" content=\"Gesch\u00e4tzte Lesezeit\" \/>\n\t<meta name=\"twitter:data2\" content=\"1\u00a0Minute\" \/>\n<script type=\"application\/ld+json\" class=\"yoast-schema-graph\">{\"@context\":\"https:\/\/schema.org\",\"@graph\":[{\"@type\":\"Article\",\"@id\":\"https:\/\/www.fanprojekt-muenster.de\/wordpress\/benefiz-cd-attila-schickermanns-mottekk-muenster-jetzt-zu-kaufen\/#article\",\"isPartOf\":{\"@id\":\"https:\/\/www.fanprojekt-muenster.de\/wordpress\/benefiz-cd-attila-schickermanns-mottekk-muenster-jetzt-zu-kaufen\/\"},\"author\":{\"name\":\"fp_superadmin\",\"@id\":\"https:\/\/www.fanprojekt-muenster.de\/wordpress\/#\/schema\/person\/9126cc4d73d0d07c75b487075111186c\"},\"headline\":\"Benefiz CD \u201eAttila Schickermanns Mottekk M\u00fcnster&#8220; jetzt zu kaufen\",\"datePublished\":\"2014-02-21T12:29:48+00:00\",\"mainEntityOfPage\":{\"@id\":\"https:\/\/www.fanprojekt-muenster.de\/wordpress\/benefiz-cd-attila-schickermanns-mottekk-muenster-jetzt-zu-kaufen\/\"},\"wordCount\":194,\"commentCount\":0,\"publisher\":{\"@id\":\"https:\/\/www.fanprojekt-muenster.de\/wordpress\/#organization\"},\"image\":{\"@id\":\"https:\/\/www.fanprojekt-muenster.de\/wordpress\/benefiz-cd-attila-schickermanns-mottekk-muenster-jetzt-zu-kaufen\/#primaryimage\"},\"thumbnailUrl\":\"\",\"keywords\":[\"2014\",\"Attila\",\"Benefiz\",\"CD\",\"Fanprojekt\",\"Mottekks\",\"Schickermann\",\"Von Fans f\u00fcr Fans\"],\"articleSection\":[\"Aktuelles\"],\"inLanguage\":\"de\",\"potentialAction\":[{\"@type\":\"CommentAction\",\"name\":\"Comment\",\"target\":[\"https:\/\/www.fanprojekt-muenster.de\/wordpress\/benefiz-cd-attila-schickermanns-mottekk-muenster-jetzt-zu-kaufen\/#respond\"]}]},{\"@type\":\"WebPage\",\"@id\":\"https:\/\/www.fanprojekt-muenster.de\/wordpress\/benefiz-cd-attila-schickermanns-mottekk-muenster-jetzt-zu-kaufen\/\",\"url\":\"https:\/\/www.fanprojekt-muenster.de\/wordpress\/benefiz-cd-attila-schickermanns-mottekk-muenster-jetzt-zu-kaufen\/\",\"name\":\"Benefiz CD \u201eAttila Schickermanns Mottekk M\u00fcnster\\\" jetzt zu kaufen - Fangemeinschaft Preu\u00dfen M\u00fcnster e. V.\",\"isPartOf\":{\"@id\":\"https:\/\/www.fanprojekt-muenster.de\/wordpress\/#website\"},\"primaryImageOfPage\":{\"@id\":\"https:\/\/www.fanprojekt-muenster.de\/wordpress\/benefiz-cd-attila-schickermanns-mottekk-muenster-jetzt-zu-kaufen\/#primaryimage\"},\"image\":{\"@id\":\"https:\/\/www.fanprojekt-muenster.de\/wordpress\/benefiz-cd-attila-schickermanns-mottekk-muenster-jetzt-zu-kaufen\/#primaryimage\"},\"thumbnailUrl\":\"\",\"datePublished\":\"2014-02-21T12:29:48+00:00\",\"breadcrumb\":{\"@id\":\"https:\/\/www.fanprojekt-muenster.de\/wordpress\/benefiz-cd-attila-schickermanns-mottekk-muenster-jetzt-zu-kaufen\/#breadcrumb\"},\"inLanguage\":\"de\",\"potentialAction\":[{\"@type\":\"ReadAction\",\"target\":[\"https:\/\/www.fanprojekt-muenster.de\/wordpress\/benefiz-cd-attila-schickermanns-mottekk-muenster-jetzt-zu-kaufen\/\"]}]},{\"@type\":\"ImageObject\",\"inLanguage\":\"de\",\"@id\":\"https:\/\/www.fanprojekt-muenster.de\/wordpress\/benefiz-cd-attila-schickermanns-mottekk-muenster-jetzt-zu-kaufen\/#primaryimage\",\"url\":\"\",\"contentUrl\":\"\"},{\"@type\":\"BreadcrumbList\",\"@id\":\"https:\/\/www.fanprojekt-muenster.de\/wordpress\/benefiz-cd-attila-schickermanns-mottekk-muenster-jetzt-zu-kaufen\/#breadcrumb\",\"itemListElement\":[{\"@type\":\"ListItem\",\"position\":1,\"name\":\"Startseite\",\"item\":\"https:\/\/www.fanprojekt-muenster.de\/wordpress\/\"},{\"@type\":\"ListItem\",\"position\":2,\"name\":\"Benefiz CD \u201eAttila Schickermanns Mottekk M\u00fcnster&#8220; jetzt zu kaufen\"}]},{\"@type\":\"WebSite\",\"@id\":\"https:\/\/www.fanprojekt-muenster.de\/wordpress\/#website\",\"url\":\"https:\/\/www.fanprojekt-muenster.de\/wordpress\/\",\"name\":\"Fangemeinschaft Preu\u00dfen M\u00fcnster e. V.\",\"description\":\"\",\"publisher\":{\"@id\":\"https:\/\/www.fanprojekt-muenster.de\/wordpress\/#organization\"},\"potentialAction\":[{\"@type\":\"SearchAction\",\"target\":{\"@type\":\"EntryPoint\",\"urlTemplate\":\"https:\/\/www.fanprojekt-muenster.de\/wordpress\/?s={search_term_string}\"},\"query-input\":{\"@type\":\"PropertyValueSpecification\",\"valueRequired\":true,\"valueName\":\"search_term_string\"}}],\"inLanguage\":\"de\"},{\"@type\":\"Organization\",\"@id\":\"https:\/\/www.fanprojekt-muenster.de\/wordpress\/#organization\",\"name\":\"Fangemeinschaft Preu\u00dfen M\u00fcnster e. V.\",\"url\":\"https:\/\/www.fanprojekt-muenster.de\/wordpress\/\",\"logo\":{\"@type\":\"ImageObject\",\"inLanguage\":\"de\",\"@id\":\"https:\/\/www.fanprojekt-muenster.de\/wordpress\/#\/schema\/logo\/image\/\",\"url\":\"https:\/\/www.fanprojekt-muenster.de\/wordpress\/wp-content\/uploads\/2019\/07\/cropped-Website_Logo3-9.png\",\"contentUrl\":\"https:\/\/www.fanprojekt-muenster.de\/wordpress\/wp-content\/uploads\/2019\/07\/cropped-Website_Logo3-9.png\",\"width\":224,\"height\":42,\"caption\":\"Fangemeinschaft Preu\u00dfen M\u00fcnster e. V.\"},\"image\":{\"@id\":\"https:\/\/www.fanprojekt-muenster.de\/wordpress\/#\/schema\/logo\/image\/\"}},{\"@type\":\"Person\",\"@id\":\"https:\/\/www.fanprojekt-muenster.de\/wordpress\/#\/schema\/person\/9126cc4d73d0d07c75b487075111186c\",\"name\":\"fp_superadmin\",\"url\":\"https:\/\/www.fanprojekt-muenster.de\/wordpress\/author\/fp_superadmin\/\"}]}<\/script>\n<!-- \/ Yoast SEO plugin. -->","yoast_head_json":{"title":"Benefiz CD \u201eAttila Schickermanns Mottekk M\u00fcnster\" jetzt zu kaufen - Fangemeinschaft Preu\u00dfen M\u00fcnster e. V.","robots":{"index":"index","follow":"follow","max-snippet":"max-snippet:-1","max-image-preview":"max-image-preview:large","max-video-preview":"max-video-preview:-1"},"canonical":"https:\/\/www.fanprojekt-muenster.de\/wordpress\/benefiz-cd-attila-schickermanns-mottekk-muenster-jetzt-zu-kaufen\/","og_locale":"de_DE","og_type":"article","og_title":"Benefiz CD \u201eAttila Schickermanns Mottekk M\u00fcnster\" jetzt zu kaufen - Fangemeinschaft Preu\u00dfen M\u00fcnster e. V.","og_description":"\u00a0 Der Fu\u00dfball-Drittligist SC Preu\u00dfen M\u00fcnster ist ein Traditionsverein, trotzdem ist aber eines rar ges\u00e4t, geht es um den SCP: Musik, die sich nur um den Preu\u00dfen-Adler &#8211; und damit... Read more &raquo;","og_url":"https:\/\/www.fanprojekt-muenster.de\/wordpress\/benefiz-cd-attila-schickermanns-mottekk-muenster-jetzt-zu-kaufen\/","og_site_name":"Fangemeinschaft Preu\u00dfen M\u00fcnster e. V.","article_published_time":"2014-02-21T12:29:48+00:00","author":"fp_superadmin","twitter_card":"summary_large_image","twitter_misc":{"Verfasst von":"fp_superadmin","Gesch\u00e4tzte Lesezeit":"1\u00a0Minute"},"schema":{"@context":"https:\/\/schema.org","@graph":[{"@type":"Article","@id":"https:\/\/www.fanprojekt-muenster.de\/wordpress\/benefiz-cd-attila-schickermanns-mottekk-muenster-jetzt-zu-kaufen\/#article","isPartOf":{"@id":"https:\/\/www.fanprojekt-muenster.de\/wordpress\/benefiz-cd-attila-schickermanns-mottekk-muenster-jetzt-zu-kaufen\/"},"author":{"name":"fp_superadmin","@id":"https:\/\/www.fanprojekt-muenster.de\/wordpress\/#\/schema\/person\/9126cc4d73d0d07c75b487075111186c"},"headline":"Benefiz CD \u201eAttila Schickermanns Mottekk M\u00fcnster&#8220; jetzt zu kaufen","datePublished":"2014-02-21T12:29:48+00:00","mainEntityOfPage":{"@id":"https:\/\/www.fanprojekt-muenster.de\/wordpress\/benefiz-cd-attila-schickermanns-mottekk-muenster-jetzt-zu-kaufen\/"},"wordCount":194,"commentCount":0,"publisher":{"@id":"https:\/\/www.fanprojekt-muenster.de\/wordpress\/#organization"},"image":{"@id":"https:\/\/www.fanprojekt-muenster.de\/wordpress\/benefiz-cd-attila-schickermanns-mottekk-muenster-jetzt-zu-kaufen\/#primaryimage"},"thumbnailUrl":"","keywords":["2014","Attila","Benefiz","CD","Fanprojekt","Mottekks","Schickermann","Von Fans f\u00fcr Fans"],"articleSection":["Aktuelles"],"inLanguage":"de","potentialAction":[{"@type":"CommentAction","name":"Comment","target":["https:\/\/www.fanprojekt-muenster.de\/wordpress\/benefiz-cd-attila-schickermanns-mottekk-muenster-jetzt-zu-kaufen\/#respond"]}]},{"@type":"WebPage","@id":"https:\/\/www.fanprojekt-muenster.de\/wordpress\/benefiz-cd-attila-schickermanns-mottekk-muenster-jetzt-zu-kaufen\/","url":"https:\/\/www.fanprojekt-muenster.de\/wordpress\/benefiz-cd-attila-schickermanns-mottekk-muenster-jetzt-zu-kaufen\/","name":"Benefiz CD \u201eAttila Schickermanns Mottekk M\u00fcnster\" jetzt zu kaufen - Fangemeinschaft Preu\u00dfen M\u00fcnster e. V.","isPartOf":{"@id":"https:\/\/www.fanprojekt-muenster.de\/wordpress\/#website"},"primaryImageOfPage":{"@id":"https:\/\/www.fanprojekt-muenster.de\/wordpress\/benefiz-cd-attila-schickermanns-mottekk-muenster-jetzt-zu-kaufen\/#primaryimage"},"image":{"@id":"https:\/\/www.fanprojekt-muenster.de\/wordpress\/benefiz-cd-attila-schickermanns-mottekk-muenster-jetzt-zu-kaufen\/#primaryimage"},"thumbnailUrl":"","datePublished":"2014-02-21T12:29:48+00:00","breadcrumb":{"@id":"https:\/\/www.fanprojekt-muenster.de\/wordpress\/benefiz-cd-attila-schickermanns-mottekk-muenster-jetzt-zu-kaufen\/#breadcrumb"},"inLanguage":"de","potentialAction":[{"@type":"ReadAction","target":["https:\/\/www.fanprojekt-muenster.de\/wordpress\/benefiz-cd-attila-schickermanns-mottekk-muenster-jetzt-zu-kaufen\/"]}]},{"@type":"ImageObject","inLanguage":"de","@id":"https:\/\/www.fanprojekt-muenster.de\/wordpress\/benefiz-cd-attila-schickermanns-mottekk-muenster-jetzt-zu-kaufen\/#primaryimage","url":"","contentUrl":""},{"@type":"BreadcrumbList","@id":"https:\/\/www.fanprojekt-muenster.de\/wordpress\/benefiz-cd-attila-schickermanns-mottekk-muenster-jetzt-zu-kaufen\/#breadcrumb","itemListElement":[{"@type":"ListItem","position":1,"name":"Startseite","item":"https:\/\/www.fanprojekt-muenster.de\/wordpress\/"},{"@type":"ListItem","position":2,"name":"Benefiz CD \u201eAttila Schickermanns Mottekk M\u00fcnster&#8220; jetzt zu kaufen"}]},{"@type":"WebSite","@id":"https:\/\/www.fanprojekt-muenster.de\/wordpress\/#website","url":"https:\/\/www.fanprojekt-muenster.de\/wordpress\/","name":"Fangemeinschaft Preu\u00dfen M\u00fcnster e. V.","description":"","publisher":{"@id":"https:\/\/www.fanprojekt-muenster.de\/wordpress\/#organization"},"potentialAction":[{"@type":"SearchAction","target":{"@type":"EntryPoint","urlTemplate":"https:\/\/www.fanprojekt-muenster.de\/wordpress\/?s={search_term_string}"},"query-input":{"@type":"PropertyValueSpecification","valueRequired":true,"valueName":"search_term_string"}}],"inLanguage":"de"},{"@type":"Organization","@id":"https:\/\/www.fanprojekt-muenster.de\/wordpress\/#organization","name":"Fangemeinschaft Preu\u00dfen M\u00fcnster e. V.","url":"https:\/\/www.fanprojekt-muenster.de\/wordpress\/","logo":{"@type":"ImageObject","inLanguage":"de","@id":"https:\/\/www.fanprojekt-muenster.de\/wordpress\/#\/schema\/logo\/image\/","url":"https:\/\/www.fanprojekt-muenster.de\/wordpress\/wp-content\/uploads\/2019\/07\/cropped-Website_Logo3-9.png","contentUrl":"https:\/\/www.fanprojekt-muenster.de\/wordpress\/wp-content\/uploads\/2019\/07\/cropped-Website_Logo3-9.png","width":224,"height":42,"caption":"Fangemeinschaft Preu\u00dfen M\u00fcnster e. V."},"image":{"@id":"https:\/\/www.fanprojekt-muenster.de\/wordpress\/#\/schema\/logo\/image\/"}},{"@type":"Person","@id":"https:\/\/www.fanprojekt-muenster.de\/wordpress\/#\/schema\/person\/9126cc4d73d0d07c75b487075111186c","name":"fp_superadmin","url":"https:\/\/www.fanprojekt-muenster.de\/wordpress\/author\/fp_superadmin\/"}]}},"author_meta":{"display_name":"fp_superadmin","author_link":"https:\/\/www.fanprojekt-muenster.de\/wordpress\/author\/fp_superadmin\/"},"featured_img":null,"coauthors":[],"tax_additional":{"categories":{"linked":["<a href=\"https:\/\/www.fanprojekt-muenster.de\/wordpress\/category\/aktuelles\/\" class=\"advgb-post-tax-term\">Aktuelles<\/a>"],"unlinked":["<span class=\"advgb-post-tax-term\">Aktuelles<\/span>"]},"tags":{"linked":["<a href=\"https:\/\/www.fanprojekt-muenster.de\/wordpress\/category\/aktuelles\/\" class=\"advgb-post-tax-term\">2014<\/a>","<a href=\"https:\/\/www.fanprojekt-muenster.de\/wordpress\/category\/aktuelles\/\" class=\"advgb-post-tax-term\">Attila<\/a>","<a href=\"https:\/\/www.fanprojekt-muenster.de\/wordpress\/category\/aktuelles\/\" class=\"advgb-post-tax-term\">Benefiz<\/a>","<a href=\"https:\/\/www.fanprojekt-muenster.de\/wordpress\/category\/aktuelles\/\" class=\"advgb-post-tax-term\">CD<\/a>","<a href=\"https:\/\/www.fanprojekt-muenster.de\/wordpress\/category\/aktuelles\/\" class=\"advgb-post-tax-term\">Fanprojekt<\/a>","<a href=\"https:\/\/www.fanprojekt-muenster.de\/wordpress\/category\/aktuelles\/\" class=\"advgb-post-tax-term\">Mottekks<\/a>","<a href=\"https:\/\/www.fanprojekt-muenster.de\/wordpress\/category\/aktuelles\/\" class=\"advgb-post-tax-term\">Schickermann<\/a>","<a href=\"https:\/\/www.fanprojekt-muenster.de\/wordpress\/category\/aktuelles\/\" class=\"advgb-post-tax-term\">Von Fans f\u00fcr Fans<\/a>"],"unlinked":["<span class=\"advgb-post-tax-term\">2014<\/span>","<span class=\"advgb-post-tax-term\">Attila<\/span>","<span class=\"advgb-post-tax-term\">Benefiz<\/span>","<span class=\"advgb-post-tax-term\">CD<\/span>","<span class=\"advgb-post-tax-term\">Fanprojekt<\/span>","<span class=\"advgb-post-tax-term\">Mottekks<\/span>","<span class=\"advgb-post-tax-term\">Schickermann<\/span>","<span class=\"advgb-post-tax-term\">Von Fans f\u00fcr Fans<\/span>"]}},"comment_count":"0","relative_dates":{"created":"Posted 12\u00a0Jahren ago","modified":"Updated 12\u00a0Jahren ago"},"absolute_dates":{"created":"Posted on 21. Februar 2014","modified":"Updated on 21. Februar 2014"},"absolute_dates_time":{"created":"Posted on 21. Februar 2014 14:29","modified":"Updated on 21. Februar 2014 14:29"},"featured_img_caption":"","series_order":"","_links":{"self":[{"href":"https:\/\/www.fanprojekt-muenster.de\/wordpress\/wp-json\/wp\/v2\/posts\/2635","targetHints":{"allow":["GET"]}}],"collection":[{"href":"https:\/\/www.fanprojekt-muenster.de\/wordpress\/wp-json\/wp\/v2\/posts"}],"about":[{"href":"https:\/\/www.fanprojekt-muenster.de\/wordpress\/wp-json\/wp\/v2\/types\/post"}],"author":[{"embeddable":true,"href":"https:\/\/www.fanprojekt-muenster.de\/wordpress\/wp-json\/wp\/v2\/users\/2"}],"replies":[{"embeddable":true,"href":"https:\/\/www.fanprojekt-muenster.de\/wordpress\/wp-json\/wp\/v2\/comments?post=2635"}],"version-history":[{"count":0,"href":"https:\/\/www.fanprojekt-muenster.de\/wordpress\/wp-json\/wp\/v2\/posts\/2635\/revisions"}],"wp:featuredmedia":[{"embeddable":true,"href":"https:\/\/www.fanprojekt-muenster.de\/wordpress\/wp-json\/"}],"wp:attachment":[{"href":"https:\/\/www.fanprojekt-muenster.de\/wordpress\/wp-json\/wp\/v2\/media?parent=2635"}],"wp:term":[{"taxonomy":"category","embeddable":true,"href":"https:\/\/www.fanprojekt-muenster.de\/wordpress\/wp-json\/wp\/v2\/categories?post=2635"},{"taxonomy":"post_tag","embeddable":true,"href":"https:\/\/www.fanprojekt-muenster.de\/wordpress\/wp-json\/wp\/v2\/tags?post=2635"}],"curies":[{"name":"wp","href":"https:\/\/api.w.org\/{rel}","templated":true}]}}