{"id":2624,"date":"2014-02-17T13:20:16","date_gmt":"2014-02-17T11:20:16","guid":{"rendered":"http:\/\/www.fanprojekt-muenster.de\/?p=2624"},"modified":"2014-02-17T13:20:16","modified_gmt":"2014-02-17T11:20:16","slug":"detlev-dammeier-wird-sportlicher-leiter-beim-sc-preussen-muenster","status":"publish","type":"post","link":"https:\/\/www.fanprojekt-muenster.de\/wordpress\/detlev-dammeier-wird-sportlicher-leiter-beim-sc-preussen-muenster\/","title":{"rendered":"Detlev Dammeier wird Sportlicher Leiter beim SC Preu\u00dfen M\u00fcnster"},"content":{"rendered":"<p><img loading=\"lazy\" decoding=\"async\" class=\"alignnone size-full wp-image-2625\" alt=\"firo061208DammeierA04-590x363\" src=\"http:\/\/www.fanprojekt-muenster.de\/wp-content\/uploads\/2014\/02\/firo061208DammeierA04-590x363.jpg\" width=\"590\" height=\"363\" \/><\/p>\n<p>Der ehemalige Bundesligaprofi und Fu\u00dfballlehrer Detlev Dammeier \u00fcbernimmt mit sofortiger Wirkung das Amt des Sportlichen Leiters beim SC Preu\u00dfen 06 e.V. M\u00fcnster. Der 45-J\u00e4hrige, der zuletzt als Scout f\u00fcr den Fu\u00dfball-Drittligisten RB Leipzig aktiv war, erh\u00e4lt beim Adlerclub einen Vertrag bis zum 30. Juni 2016.<\/p>\n<p>\u201cWir mussten in den letzten Wochen zur Kenntnis nehmen, dass wir Carsten Gockel nicht den Freiraum geben konnten, den er ben\u00f6tigt h\u00e4tte, um sich ausreichend auf den sportlichen Bereich zu konzentrieren. Der operative Gesch\u00e4ftsbereich h\u00e4tte zu stark gelitten, sodass wir uns entschieden haben, die Positionen der operativen Leitung und die der sportlichen Leitung mit zwei K\u00f6pfen zu besetzen. Der entscheidende Impuls kam von Carsten Gockel selbst, der weiterhin Sportvorstand und damit erster Ansprechpartner f\u00fcr Detlev Dammeier bleibt.\u201d<\/p>\n<p>\u201eDie Verpflichtung von Detlev Dammeier ist ein weiterer wichtiger Baustein auf dem Weg, unsere Strukturen im sportlichen Bereich zu professionalisieren. Mit seiner Fachkompetenz soll er dabei helfen, die Weichen f\u00fcr die Zukunft zu stellen und einen schlagkr\u00e4ftigen Kader f\u00fcr die kommende Saison zusammenzustellen\u201c, freut sich Carsten Gockel, Sportvorstand und Gesch\u00e4ftsf\u00fchrer bei den Preu\u00dfen, \u00fcber den erfahrenen Zuwachs.<\/p>\n<p>Der gelernte Bankkaufmann kann auf mehr als 500 Spiele als Fu\u00dfballprofi in der 1. und 2. Bundesliga f\u00fcr Hannover 96, den Hamburger SV, den VfL Wolfsburg und Arminia Bielefeld zur\u00fcckblicken. Im Anschluss an seine Karriere als Spieler, wechselte der in Stadthagen geborene Dammeier an den Spielfeldrand und betreute die zweite Mannschaft von Arminia Bielefeld als Trainer. Zwischen 2008 und 2010 leitete er als Gesch\u00e4ftsf\u00fchrer Sport die Geschicke beim DSC Arminia.<\/p>\n<p>Quelle: <a title=\"SC Preu\u00dfen 06 M\u00fcnster\" href=\"http:\/\/www.scpreussen-muenster.de\/detlev-dammeier-wird-sportlicher-leiter-beim-sc-preussen-muenster\/\" target=\"_blank\" rel=\"noopener noreferrer\">SC Preu\u00dfen 06 M\u00fcnster<\/a> Bildquelle: <a title=\"Firo\" href=\"http:\/\/www.firodb.de\/web\/home\/index\" target=\"_blank\" rel=\"noopener noreferrer\">firo<\/a><\/p>\n","protected":false},"excerpt":{"rendered":"<p>Der ehemalige Bundesligaprofi und Fu\u00dfballlehrer Detlev Dammeier \u00fcbernimmt mit sofortiger Wirkung das Amt des Sportlichen Leiters beim SC Preu\u00dfen 06 e.V. M\u00fcnster. Der 45-J\u00e4hrige, der zuletzt als Scout f\u00fcr den&#8230; <a class=\"read-more-link\" href=\"https:\/\/www.fanprojekt-muenster.de\/wordpress\/detlev-dammeier-wird-sportlicher-leiter-beim-sc-preussen-muenster\/\">Read more &raquo;<\/a><\/p>\n","protected":false},"author":2,"featured_media":2625,"comment_status":"open","ping_status":"open","sticky":false,"template":"","format":"standard","meta":{"advgb_blocks_editor_width":"","advgb_blocks_columns_visual_guide":"","footnotes":""},"categories":[3],"tags":[26,28,76,223,240],"class_list":["post-2624","post","type-post","status-publish","format-standard","has-post-thumbnail","hentry","category-aktuelles","tag-26","tag-3-liga-2","tag-detlev-dammeier","tag-sc-preussen-muenster","tag-sportlicher-leiter"],"featured_image_src":null,"author_info":{"display_name":"fp_superadmin","author_link":"https:\/\/www.fanprojekt-muenster.de\/wordpress\/author\/fp_superadmin\/"},"yoast_head":"<!-- This site is optimized with the Yoast SEO plugin v27.2 - https:\/\/yoast.com\/product\/yoast-seo-wordpress\/ -->\n<title>Detlev Dammeier wird Sportlicher Leiter beim SC Preu\u00dfen M\u00fcnster - Fangemeinschaft Preu\u00dfen M\u00fcnster e. V.<\/title>\n<meta name=\"robots\" content=\"index, follow, max-snippet:-1, max-image-preview:large, max-video-preview:-1\" \/>\n<link rel=\"canonical\" href=\"https:\/\/www.fanprojekt-muenster.de\/wordpress\/detlev-dammeier-wird-sportlicher-leiter-beim-sc-preussen-muenster\/\" \/>\n<meta property=\"og:locale\" content=\"de_DE\" \/>\n<meta property=\"og:type\" content=\"article\" \/>\n<meta property=\"og:title\" content=\"Detlev Dammeier wird Sportlicher Leiter beim SC Preu\u00dfen M\u00fcnster - Fangemeinschaft Preu\u00dfen M\u00fcnster e. V.\" \/>\n<meta property=\"og:description\" content=\"Der ehemalige Bundesligaprofi und Fu\u00dfballlehrer Detlev Dammeier \u00fcbernimmt mit sofortiger Wirkung das Amt des Sportlichen Leiters beim SC Preu\u00dfen 06 e.V. M\u00fcnster. Der 45-J\u00e4hrige, der zuletzt als Scout f\u00fcr den... Read more &raquo;\" \/>\n<meta property=\"og:url\" content=\"https:\/\/www.fanprojekt-muenster.de\/wordpress\/detlev-dammeier-wird-sportlicher-leiter-beim-sc-preussen-muenster\/\" \/>\n<meta property=\"og:site_name\" content=\"Fangemeinschaft Preu\u00dfen M\u00fcnster e. V.\" \/>\n<meta property=\"article:published_time\" content=\"2014-02-17T11:20:16+00:00\" \/>\n<meta name=\"author\" content=\"fp_superadmin\" \/>\n<meta name=\"twitter:card\" content=\"summary_large_image\" \/>\n<meta name=\"twitter:label1\" content=\"Verfasst von\" \/>\n\t<meta name=\"twitter:data1\" content=\"fp_superadmin\" \/>\n\t<meta name=\"twitter:label2\" content=\"Gesch\u00e4tzte Lesezeit\" \/>\n\t<meta name=\"twitter:data2\" content=\"1\u00a0Minute\" \/>\n<script type=\"application\/ld+json\" class=\"yoast-schema-graph\">{\"@context\":\"https:\/\/schema.org\",\"@graph\":[{\"@type\":\"Article\",\"@id\":\"https:\/\/www.fanprojekt-muenster.de\/wordpress\/detlev-dammeier-wird-sportlicher-leiter-beim-sc-preussen-muenster\/#article\",\"isPartOf\":{\"@id\":\"https:\/\/www.fanprojekt-muenster.de\/wordpress\/detlev-dammeier-wird-sportlicher-leiter-beim-sc-preussen-muenster\/\"},\"author\":{\"name\":\"fp_superadmin\",\"@id\":\"https:\/\/www.fanprojekt-muenster.de\/wordpress\/#\/schema\/person\/9126cc4d73d0d07c75b487075111186c\"},\"headline\":\"Detlev Dammeier wird Sportlicher Leiter beim SC Preu\u00dfen M\u00fcnster\",\"datePublished\":\"2014-02-17T11:20:16+00:00\",\"mainEntityOfPage\":{\"@id\":\"https:\/\/www.fanprojekt-muenster.de\/wordpress\/detlev-dammeier-wird-sportlicher-leiter-beim-sc-preussen-muenster\/\"},\"wordCount\":284,\"commentCount\":0,\"publisher\":{\"@id\":\"https:\/\/www.fanprojekt-muenster.de\/wordpress\/#organization\"},\"image\":{\"@id\":\"https:\/\/www.fanprojekt-muenster.de\/wordpress\/detlev-dammeier-wird-sportlicher-leiter-beim-sc-preussen-muenster\/#primaryimage\"},\"thumbnailUrl\":\"\",\"keywords\":[\"2014\",\"3.Liga\",\"Detlev Dammeier\",\"SC Preu\u00dfen M\u00fcnster\",\"Sportlicher Leiter\"],\"articleSection\":[\"Aktuelles\"],\"inLanguage\":\"de\",\"potentialAction\":[{\"@type\":\"CommentAction\",\"name\":\"Comment\",\"target\":[\"https:\/\/www.fanprojekt-muenster.de\/wordpress\/detlev-dammeier-wird-sportlicher-leiter-beim-sc-preussen-muenster\/#respond\"]}]},{\"@type\":\"WebPage\",\"@id\":\"https:\/\/www.fanprojekt-muenster.de\/wordpress\/detlev-dammeier-wird-sportlicher-leiter-beim-sc-preussen-muenster\/\",\"url\":\"https:\/\/www.fanprojekt-muenster.de\/wordpress\/detlev-dammeier-wird-sportlicher-leiter-beim-sc-preussen-muenster\/\",\"name\":\"Detlev Dammeier wird Sportlicher Leiter beim SC Preu\u00dfen M\u00fcnster - Fangemeinschaft Preu\u00dfen M\u00fcnster e. V.\",\"isPartOf\":{\"@id\":\"https:\/\/www.fanprojekt-muenster.de\/wordpress\/#website\"},\"primaryImageOfPage\":{\"@id\":\"https:\/\/www.fanprojekt-muenster.de\/wordpress\/detlev-dammeier-wird-sportlicher-leiter-beim-sc-preussen-muenster\/#primaryimage\"},\"image\":{\"@id\":\"https:\/\/www.fanprojekt-muenster.de\/wordpress\/detlev-dammeier-wird-sportlicher-leiter-beim-sc-preussen-muenster\/#primaryimage\"},\"thumbnailUrl\":\"\",\"datePublished\":\"2014-02-17T11:20:16+00:00\",\"breadcrumb\":{\"@id\":\"https:\/\/www.fanprojekt-muenster.de\/wordpress\/detlev-dammeier-wird-sportlicher-leiter-beim-sc-preussen-muenster\/#breadcrumb\"},\"inLanguage\":\"de\",\"potentialAction\":[{\"@type\":\"ReadAction\",\"target\":[\"https:\/\/www.fanprojekt-muenster.de\/wordpress\/detlev-dammeier-wird-sportlicher-leiter-beim-sc-preussen-muenster\/\"]}]},{\"@type\":\"ImageObject\",\"inLanguage\":\"de\",\"@id\":\"https:\/\/www.fanprojekt-muenster.de\/wordpress\/detlev-dammeier-wird-sportlicher-leiter-beim-sc-preussen-muenster\/#primaryimage\",\"url\":\"\",\"contentUrl\":\"\"},{\"@type\":\"BreadcrumbList\",\"@id\":\"https:\/\/www.fanprojekt-muenster.de\/wordpress\/detlev-dammeier-wird-sportlicher-leiter-beim-sc-preussen-muenster\/#breadcrumb\",\"itemListElement\":[{\"@type\":\"ListItem\",\"position\":1,\"name\":\"Startseite\",\"item\":\"https:\/\/www.fanprojekt-muenster.de\/wordpress\/\"},{\"@type\":\"ListItem\",\"position\":2,\"name\":\"Detlev Dammeier wird Sportlicher Leiter beim SC Preu\u00dfen M\u00fcnster\"}]},{\"@type\":\"WebSite\",\"@id\":\"https:\/\/www.fanprojekt-muenster.de\/wordpress\/#website\",\"url\":\"https:\/\/www.fanprojekt-muenster.de\/wordpress\/\",\"name\":\"Fangemeinschaft Preu\u00dfen M\u00fcnster e. V.\",\"description\":\"\",\"publisher\":{\"@id\":\"https:\/\/www.fanprojekt-muenster.de\/wordpress\/#organization\"},\"potentialAction\":[{\"@type\":\"SearchAction\",\"target\":{\"@type\":\"EntryPoint\",\"urlTemplate\":\"https:\/\/www.fanprojekt-muenster.de\/wordpress\/?s={search_term_string}\"},\"query-input\":{\"@type\":\"PropertyValueSpecification\",\"valueRequired\":true,\"valueName\":\"search_term_string\"}}],\"inLanguage\":\"de\"},{\"@type\":\"Organization\",\"@id\":\"https:\/\/www.fanprojekt-muenster.de\/wordpress\/#organization\",\"name\":\"Fangemeinschaft Preu\u00dfen M\u00fcnster e. V.\",\"url\":\"https:\/\/www.fanprojekt-muenster.de\/wordpress\/\",\"logo\":{\"@type\":\"ImageObject\",\"inLanguage\":\"de\",\"@id\":\"https:\/\/www.fanprojekt-muenster.de\/wordpress\/#\/schema\/logo\/image\/\",\"url\":\"https:\/\/www.fanprojekt-muenster.de\/wordpress\/wp-content\/uploads\/2019\/07\/cropped-Website_Logo3-9.png\",\"contentUrl\":\"https:\/\/www.fanprojekt-muenster.de\/wordpress\/wp-content\/uploads\/2019\/07\/cropped-Website_Logo3-9.png\",\"width\":224,\"height\":42,\"caption\":\"Fangemeinschaft Preu\u00dfen M\u00fcnster e. V.\"},\"image\":{\"@id\":\"https:\/\/www.fanprojekt-muenster.de\/wordpress\/#\/schema\/logo\/image\/\"}},{\"@type\":\"Person\",\"@id\":\"https:\/\/www.fanprojekt-muenster.de\/wordpress\/#\/schema\/person\/9126cc4d73d0d07c75b487075111186c\",\"name\":\"fp_superadmin\",\"url\":\"https:\/\/www.fanprojekt-muenster.de\/wordpress\/author\/fp_superadmin\/\"}]}<\/script>\n<!-- \/ Yoast SEO plugin. -->","yoast_head_json":{"title":"Detlev Dammeier wird Sportlicher Leiter beim SC Preu\u00dfen M\u00fcnster - Fangemeinschaft Preu\u00dfen M\u00fcnster e. V.","robots":{"index":"index","follow":"follow","max-snippet":"max-snippet:-1","max-image-preview":"max-image-preview:large","max-video-preview":"max-video-preview:-1"},"canonical":"https:\/\/www.fanprojekt-muenster.de\/wordpress\/detlev-dammeier-wird-sportlicher-leiter-beim-sc-preussen-muenster\/","og_locale":"de_DE","og_type":"article","og_title":"Detlev Dammeier wird Sportlicher Leiter beim SC Preu\u00dfen M\u00fcnster - Fangemeinschaft Preu\u00dfen M\u00fcnster e. V.","og_description":"Der ehemalige Bundesligaprofi und Fu\u00dfballlehrer Detlev Dammeier \u00fcbernimmt mit sofortiger Wirkung das Amt des Sportlichen Leiters beim SC Preu\u00dfen 06 e.V. M\u00fcnster. Der 45-J\u00e4hrige, der zuletzt als Scout f\u00fcr den... Read more &raquo;","og_url":"https:\/\/www.fanprojekt-muenster.de\/wordpress\/detlev-dammeier-wird-sportlicher-leiter-beim-sc-preussen-muenster\/","og_site_name":"Fangemeinschaft Preu\u00dfen M\u00fcnster e. V.","article_published_time":"2014-02-17T11:20:16+00:00","author":"fp_superadmin","twitter_card":"summary_large_image","twitter_misc":{"Verfasst von":"fp_superadmin","Gesch\u00e4tzte Lesezeit":"1\u00a0Minute"},"schema":{"@context":"https:\/\/schema.org","@graph":[{"@type":"Article","@id":"https:\/\/www.fanprojekt-muenster.de\/wordpress\/detlev-dammeier-wird-sportlicher-leiter-beim-sc-preussen-muenster\/#article","isPartOf":{"@id":"https:\/\/www.fanprojekt-muenster.de\/wordpress\/detlev-dammeier-wird-sportlicher-leiter-beim-sc-preussen-muenster\/"},"author":{"name":"fp_superadmin","@id":"https:\/\/www.fanprojekt-muenster.de\/wordpress\/#\/schema\/person\/9126cc4d73d0d07c75b487075111186c"},"headline":"Detlev Dammeier wird Sportlicher Leiter beim SC Preu\u00dfen M\u00fcnster","datePublished":"2014-02-17T11:20:16+00:00","mainEntityOfPage":{"@id":"https:\/\/www.fanprojekt-muenster.de\/wordpress\/detlev-dammeier-wird-sportlicher-leiter-beim-sc-preussen-muenster\/"},"wordCount":284,"commentCount":0,"publisher":{"@id":"https:\/\/www.fanprojekt-muenster.de\/wordpress\/#organization"},"image":{"@id":"https:\/\/www.fanprojekt-muenster.de\/wordpress\/detlev-dammeier-wird-sportlicher-leiter-beim-sc-preussen-muenster\/#primaryimage"},"thumbnailUrl":"","keywords":["2014","3.Liga","Detlev Dammeier","SC Preu\u00dfen M\u00fcnster","Sportlicher Leiter"],"articleSection":["Aktuelles"],"inLanguage":"de","potentialAction":[{"@type":"CommentAction","name":"Comment","target":["https:\/\/www.fanprojekt-muenster.de\/wordpress\/detlev-dammeier-wird-sportlicher-leiter-beim-sc-preussen-muenster\/#respond"]}]},{"@type":"WebPage","@id":"https:\/\/www.fanprojekt-muenster.de\/wordpress\/detlev-dammeier-wird-sportlicher-leiter-beim-sc-preussen-muenster\/","url":"https:\/\/www.fanprojekt-muenster.de\/wordpress\/detlev-dammeier-wird-sportlicher-leiter-beim-sc-preussen-muenster\/","name":"Detlev Dammeier wird Sportlicher Leiter beim SC Preu\u00dfen M\u00fcnster - Fangemeinschaft Preu\u00dfen M\u00fcnster e. V.","isPartOf":{"@id":"https:\/\/www.fanprojekt-muenster.de\/wordpress\/#website"},"primaryImageOfPage":{"@id":"https:\/\/www.fanprojekt-muenster.de\/wordpress\/detlev-dammeier-wird-sportlicher-leiter-beim-sc-preussen-muenster\/#primaryimage"},"image":{"@id":"https:\/\/www.fanprojekt-muenster.de\/wordpress\/detlev-dammeier-wird-sportlicher-leiter-beim-sc-preussen-muenster\/#primaryimage"},"thumbnailUrl":"","datePublished":"2014-02-17T11:20:16+00:00","breadcrumb":{"@id":"https:\/\/www.fanprojekt-muenster.de\/wordpress\/detlev-dammeier-wird-sportlicher-leiter-beim-sc-preussen-muenster\/#breadcrumb"},"inLanguage":"de","potentialAction":[{"@type":"ReadAction","target":["https:\/\/www.fanprojekt-muenster.de\/wordpress\/detlev-dammeier-wird-sportlicher-leiter-beim-sc-preussen-muenster\/"]}]},{"@type":"ImageObject","inLanguage":"de","@id":"https:\/\/www.fanprojekt-muenster.de\/wordpress\/detlev-dammeier-wird-sportlicher-leiter-beim-sc-preussen-muenster\/#primaryimage","url":"","contentUrl":""},{"@type":"BreadcrumbList","@id":"https:\/\/www.fanprojekt-muenster.de\/wordpress\/detlev-dammeier-wird-sportlicher-leiter-beim-sc-preussen-muenster\/#breadcrumb","itemListElement":[{"@type":"ListItem","position":1,"name":"Startseite","item":"https:\/\/www.fanprojekt-muenster.de\/wordpress\/"},{"@type":"ListItem","position":2,"name":"Detlev Dammeier wird Sportlicher Leiter beim SC Preu\u00dfen M\u00fcnster"}]},{"@type":"WebSite","@id":"https:\/\/www.fanprojekt-muenster.de\/wordpress\/#website","url":"https:\/\/www.fanprojekt-muenster.de\/wordpress\/","name":"Fangemeinschaft Preu\u00dfen M\u00fcnster e. V.","description":"","publisher":{"@id":"https:\/\/www.fanprojekt-muenster.de\/wordpress\/#organization"},"potentialAction":[{"@type":"SearchAction","target":{"@type":"EntryPoint","urlTemplate":"https:\/\/www.fanprojekt-muenster.de\/wordpress\/?s={search_term_string}"},"query-input":{"@type":"PropertyValueSpecification","valueRequired":true,"valueName":"search_term_string"}}],"inLanguage":"de"},{"@type":"Organization","@id":"https:\/\/www.fanprojekt-muenster.de\/wordpress\/#organization","name":"Fangemeinschaft Preu\u00dfen M\u00fcnster e. V.","url":"https:\/\/www.fanprojekt-muenster.de\/wordpress\/","logo":{"@type":"ImageObject","inLanguage":"de","@id":"https:\/\/www.fanprojekt-muenster.de\/wordpress\/#\/schema\/logo\/image\/","url":"https:\/\/www.fanprojekt-muenster.de\/wordpress\/wp-content\/uploads\/2019\/07\/cropped-Website_Logo3-9.png","contentUrl":"https:\/\/www.fanprojekt-muenster.de\/wordpress\/wp-content\/uploads\/2019\/07\/cropped-Website_Logo3-9.png","width":224,"height":42,"caption":"Fangemeinschaft Preu\u00dfen M\u00fcnster e. V."},"image":{"@id":"https:\/\/www.fanprojekt-muenster.de\/wordpress\/#\/schema\/logo\/image\/"}},{"@type":"Person","@id":"https:\/\/www.fanprojekt-muenster.de\/wordpress\/#\/schema\/person\/9126cc4d73d0d07c75b487075111186c","name":"fp_superadmin","url":"https:\/\/www.fanprojekt-muenster.de\/wordpress\/author\/fp_superadmin\/"}]}},"author_meta":{"display_name":"fp_superadmin","author_link":"https:\/\/www.fanprojekt-muenster.de\/wordpress\/author\/fp_superadmin\/"},"featured_img":null,"coauthors":[],"tax_additional":{"categories":{"linked":["<a href=\"https:\/\/www.fanprojekt-muenster.de\/wordpress\/category\/aktuelles\/\" class=\"advgb-post-tax-term\">Aktuelles<\/a>"],"unlinked":["<span class=\"advgb-post-tax-term\">Aktuelles<\/span>"]},"tags":{"linked":["<a href=\"https:\/\/www.fanprojekt-muenster.de\/wordpress\/category\/aktuelles\/\" class=\"advgb-post-tax-term\">2014<\/a>","<a href=\"https:\/\/www.fanprojekt-muenster.de\/wordpress\/category\/aktuelles\/\" class=\"advgb-post-tax-term\">3.Liga<\/a>","<a href=\"https:\/\/www.fanprojekt-muenster.de\/wordpress\/category\/aktuelles\/\" class=\"advgb-post-tax-term\">Detlev Dammeier<\/a>","<a href=\"https:\/\/www.fanprojekt-muenster.de\/wordpress\/category\/aktuelles\/\" class=\"advgb-post-tax-term\">SC Preu\u00dfen M\u00fcnster<\/a>","<a href=\"https:\/\/www.fanprojekt-muenster.de\/wordpress\/category\/aktuelles\/\" class=\"advgb-post-tax-term\">Sportlicher Leiter<\/a>"],"unlinked":["<span class=\"advgb-post-tax-term\">2014<\/span>","<span class=\"advgb-post-tax-term\">3.Liga<\/span>","<span class=\"advgb-post-tax-term\">Detlev Dammeier<\/span>","<span class=\"advgb-post-tax-term\">SC Preu\u00dfen M\u00fcnster<\/span>","<span class=\"advgb-post-tax-term\">Sportlicher Leiter<\/span>"]}},"comment_count":"0","relative_dates":{"created":"Posted 12\u00a0Jahren ago","modified":"Updated 12\u00a0Jahren ago"},"absolute_dates":{"created":"Posted on 17. Februar 2014","modified":"Updated on 17. Februar 2014"},"absolute_dates_time":{"created":"Posted on 17. Februar 2014 13:20","modified":"Updated on 17. Februar 2014 13:20"},"featured_img_caption":"","series_order":"","_links":{"self":[{"href":"https:\/\/www.fanprojekt-muenster.de\/wordpress\/wp-json\/wp\/v2\/posts\/2624","targetHints":{"allow":["GET"]}}],"collection":[{"href":"https:\/\/www.fanprojekt-muenster.de\/wordpress\/wp-json\/wp\/v2\/posts"}],"about":[{"href":"https:\/\/www.fanprojekt-muenster.de\/wordpress\/wp-json\/wp\/v2\/types\/post"}],"author":[{"embeddable":true,"href":"https:\/\/www.fanprojekt-muenster.de\/wordpress\/wp-json\/wp\/v2\/users\/2"}],"replies":[{"embeddable":true,"href":"https:\/\/www.fanprojekt-muenster.de\/wordpress\/wp-json\/wp\/v2\/comments?post=2624"}],"version-history":[{"count":0,"href":"https:\/\/www.fanprojekt-muenster.de\/wordpress\/wp-json\/wp\/v2\/posts\/2624\/revisions"}],"wp:featuredmedia":[{"embeddable":true,"href":"https:\/\/www.fanprojekt-muenster.de\/wordpress\/wp-json\/"}],"wp:attachment":[{"href":"https:\/\/www.fanprojekt-muenster.de\/wordpress\/wp-json\/wp\/v2\/media?parent=2624"}],"wp:term":[{"taxonomy":"category","embeddable":true,"href":"https:\/\/www.fanprojekt-muenster.de\/wordpress\/wp-json\/wp\/v2\/categories?post=2624"},{"taxonomy":"post_tag","embeddable":true,"href":"https:\/\/www.fanprojekt-muenster.de\/wordpress\/wp-json\/wp\/v2\/tags?post=2624"}],"curies":[{"name":"wp","href":"https:\/\/api.w.org\/{rel}","templated":true}]}}