{"id":2537,"date":"2014-02-03T17:07:16","date_gmt":"2014-02-03T15:07:16","guid":{"rendered":"http:\/\/www.fanprojekt-muenster.de\/?p=2537"},"modified":"2014-02-03T17:07:16","modified_gmt":"2014-02-03T15:07:16","slug":"derbytickets-vorkaufsrecht-fuer-mitglieder-freier-verkauf-ab-15-februar","status":"publish","type":"post","link":"https:\/\/www.fanprojekt-muenster.de\/wordpress\/derbytickets-vorkaufsrecht-fuer-mitglieder-freier-verkauf-ab-15-februar\/","title":{"rendered":"Derbytickets: Vorkaufsrecht f\u00fcr Mitglieder \u2013 Freier Verkauf ab 15. Februar"},"content":{"rendered":"<p><img loading=\"lazy\" decoding=\"async\" class=\"alignnone size-full wp-image-2538\" alt=\"vfl\" src=\"http:\/\/www.fanprojekt-muenster.de\/wp-content\/uploads\/2014\/02\/vfl.jpg\" width=\"843\" height=\"403\" \/><br \/>\n<strong>F\u00fcr SCP-Mitglieder:<\/strong><br \/>\nAm 1. M\u00e4rz erwartet der SC Preu\u00dfen 06 e.V. M\u00fcnster den VfL Osnabr\u00fcck zum Derby an der Hammer Stra\u00dfe. Tickets f\u00fcr das prestigetr\u00e4chtige Duell werden auch in diesem Jahr hei\u00df begehrt sein. Unseren Mitgliedern gew\u00e4hren wir daher \u2013 wie in der Vergangenheit auch \u2013 ein besonderes Vorkaufsrecht.<\/p>\n<p>Ein Anschreiben, das \u00fcber das Vorkaufsrecht informiert, erhalten alle Mitglieder in den n\u00e4chsten Tagen. Bis zu vier Stehplatzkarten k\u00f6nnen dann ab dem 4. Februar (11 Uhr) pro Mitglied in unserem Fan- und Ticketshop oder \u00fcber die Eventim-Tickethotline (01806 \u2013 99 77 17)* erworben werden. Das Vorkaufsrecht endet am 13. Februar um 18 Uhr.<\/p>\n<p><strong>F\u00fcr Fanprojekt-Mitglieder:<\/strong><br \/>\nBis zu zwei Stehplatzkarten k\u00f6nnen dann ab dem 4. Februar (11 Uhr) pro F\u00dc-Mitglied in dem Fan- und Ticketshop des SCP oder \u00fcber die Eventim-Tickethotline (01806 \u2013 99 77 17)* erworben werden. Das Vorkaufsrecht endet am 13. Februar um 18 Uhr.<br \/>\nSollte man sowohl als auch Mitglied sein, bleibt es bei max. vier Stehplatzkarten &#8211; also nicht addierbar auf sechs.<\/p>\n<p>Der freie Verkauf von Derbytickets startet am Samstag, dem 15. Februar, beim Heimspiel gegen die SV Elversberg. Bereits um 10 Uhr \u00f6ffnen die Kassenh\u00e4uschen am Preu\u00dfenstadion, um die restlichen Osnabr\u00fcck-Karten \u2013 und nat\u00fcrlich auch Tickets f\u00fcr die Partie gegen die Saarl\u00e4nder \u2013 an den Fan zu bringen. Informationen zum freien Verkauf werden wir rechtzeitig ver\u00f6ffentlichen.<\/p>\n<p>*(0,14 \u20ac\/Min. inkl. MwSt., Mobilfunkpreise max. 0,42 \/ Min. inkl. MwSt.)<\/p>\n","protected":false},"excerpt":{"rendered":"<p>F\u00fcr SCP-Mitglieder: Am 1. M\u00e4rz erwartet der SC Preu\u00dfen 06 e.V. M\u00fcnster den VfL Osnabr\u00fcck zum Derby an der Hammer Stra\u00dfe. Tickets f\u00fcr das prestigetr\u00e4chtige Duell werden auch in diesem&#8230; <a class=\"read-more-link\" href=\"https:\/\/www.fanprojekt-muenster.de\/wordpress\/derbytickets-vorkaufsrecht-fuer-mitglieder-freier-verkauf-ab-15-februar\/\">Read more &raquo;<\/a><\/p>\n","protected":false},"author":2,"featured_media":2538,"comment_status":"open","ping_status":"open","sticky":false,"template":"","format":"standard","meta":{"advgb_blocks_editor_width":"","advgb_blocks_columns_visual_guide":"","footnotes":""},"categories":[3],"tags":[26,28,75,112,223,283],"class_list":["post-2537","post","type-post","status-publish","format-standard","has-post-thumbnail","hentry","category-aktuelles","tag-26","tag-3-liga-2","tag-derby","tag-fanprojekt","tag-sc-preussen-muenster","tag-von-fans-fuer-fans"],"featured_image_src":null,"author_info":{"display_name":"fp_superadmin","author_link":"https:\/\/www.fanprojekt-muenster.de\/wordpress\/author\/fp_superadmin\/"},"yoast_head":"<!-- This site is optimized with the Yoast SEO plugin v27.2 - https:\/\/yoast.com\/product\/yoast-seo-wordpress\/ -->\n<title>Derbytickets: Vorkaufsrecht f\u00fcr Mitglieder \u2013 Freier Verkauf ab 15. Februar - Fangemeinschaft Preu\u00dfen M\u00fcnster e. V.<\/title>\n<meta name=\"robots\" content=\"index, follow, max-snippet:-1, max-image-preview:large, max-video-preview:-1\" \/>\n<link rel=\"canonical\" href=\"https:\/\/www.fanprojekt-muenster.de\/wordpress\/derbytickets-vorkaufsrecht-fuer-mitglieder-freier-verkauf-ab-15-februar\/\" \/>\n<meta property=\"og:locale\" content=\"de_DE\" \/>\n<meta property=\"og:type\" content=\"article\" \/>\n<meta property=\"og:title\" content=\"Derbytickets: Vorkaufsrecht f\u00fcr Mitglieder \u2013 Freier Verkauf ab 15. Februar - Fangemeinschaft Preu\u00dfen M\u00fcnster e. V.\" \/>\n<meta property=\"og:description\" content=\"F\u00fcr SCP-Mitglieder: Am 1. M\u00e4rz erwartet der SC Preu\u00dfen 06 e.V. M\u00fcnster den VfL Osnabr\u00fcck zum Derby an der Hammer Stra\u00dfe. Tickets f\u00fcr das prestigetr\u00e4chtige Duell werden auch in diesem... Read more &raquo;\" \/>\n<meta property=\"og:url\" content=\"https:\/\/www.fanprojekt-muenster.de\/wordpress\/derbytickets-vorkaufsrecht-fuer-mitglieder-freier-verkauf-ab-15-februar\/\" \/>\n<meta property=\"og:site_name\" content=\"Fangemeinschaft Preu\u00dfen M\u00fcnster e. V.\" \/>\n<meta property=\"article:published_time\" content=\"2014-02-03T15:07:16+00:00\" \/>\n<meta name=\"author\" content=\"fp_superadmin\" \/>\n<meta name=\"twitter:card\" content=\"summary_large_image\" \/>\n<meta name=\"twitter:label1\" content=\"Verfasst von\" \/>\n\t<meta name=\"twitter:data1\" content=\"fp_superadmin\" \/>\n\t<meta name=\"twitter:label2\" content=\"Gesch\u00e4tzte Lesezeit\" \/>\n\t<meta name=\"twitter:data2\" content=\"1\u00a0Minute\" \/>\n<script type=\"application\/ld+json\" class=\"yoast-schema-graph\">{\"@context\":\"https:\/\/schema.org\",\"@graph\":[{\"@type\":\"Article\",\"@id\":\"https:\/\/www.fanprojekt-muenster.de\/wordpress\/derbytickets-vorkaufsrecht-fuer-mitglieder-freier-verkauf-ab-15-februar\/#article\",\"isPartOf\":{\"@id\":\"https:\/\/www.fanprojekt-muenster.de\/wordpress\/derbytickets-vorkaufsrecht-fuer-mitglieder-freier-verkauf-ab-15-februar\/\"},\"author\":{\"name\":\"fp_superadmin\",\"@id\":\"https:\/\/www.fanprojekt-muenster.de\/wordpress\/#\/schema\/person\/9126cc4d73d0d07c75b487075111186c\"},\"headline\":\"Derbytickets: Vorkaufsrecht f\u00fcr Mitglieder \u2013 Freier Verkauf ab 15. Februar\",\"datePublished\":\"2014-02-03T15:07:16+00:00\",\"mainEntityOfPage\":{\"@id\":\"https:\/\/www.fanprojekt-muenster.de\/wordpress\/derbytickets-vorkaufsrecht-fuer-mitglieder-freier-verkauf-ab-15-februar\/\"},\"wordCount\":232,\"commentCount\":0,\"publisher\":{\"@id\":\"https:\/\/www.fanprojekt-muenster.de\/wordpress\/#organization\"},\"image\":{\"@id\":\"https:\/\/www.fanprojekt-muenster.de\/wordpress\/derbytickets-vorkaufsrecht-fuer-mitglieder-freier-verkauf-ab-15-februar\/#primaryimage\"},\"thumbnailUrl\":\"\",\"keywords\":[\"2014\",\"3.Liga\",\"Derby\",\"Fanprojekt\",\"SC Preu\u00dfen M\u00fcnster\",\"Von Fans f\u00fcr Fans\"],\"articleSection\":[\"Aktuelles\"],\"inLanguage\":\"de\",\"potentialAction\":[{\"@type\":\"CommentAction\",\"name\":\"Comment\",\"target\":[\"https:\/\/www.fanprojekt-muenster.de\/wordpress\/derbytickets-vorkaufsrecht-fuer-mitglieder-freier-verkauf-ab-15-februar\/#respond\"]}]},{\"@type\":\"WebPage\",\"@id\":\"https:\/\/www.fanprojekt-muenster.de\/wordpress\/derbytickets-vorkaufsrecht-fuer-mitglieder-freier-verkauf-ab-15-februar\/\",\"url\":\"https:\/\/www.fanprojekt-muenster.de\/wordpress\/derbytickets-vorkaufsrecht-fuer-mitglieder-freier-verkauf-ab-15-februar\/\",\"name\":\"Derbytickets: Vorkaufsrecht f\u00fcr Mitglieder \u2013 Freier Verkauf ab 15. Februar - Fangemeinschaft Preu\u00dfen M\u00fcnster e. V.\",\"isPartOf\":{\"@id\":\"https:\/\/www.fanprojekt-muenster.de\/wordpress\/#website\"},\"primaryImageOfPage\":{\"@id\":\"https:\/\/www.fanprojekt-muenster.de\/wordpress\/derbytickets-vorkaufsrecht-fuer-mitglieder-freier-verkauf-ab-15-februar\/#primaryimage\"},\"image\":{\"@id\":\"https:\/\/www.fanprojekt-muenster.de\/wordpress\/derbytickets-vorkaufsrecht-fuer-mitglieder-freier-verkauf-ab-15-februar\/#primaryimage\"},\"thumbnailUrl\":\"\",\"datePublished\":\"2014-02-03T15:07:16+00:00\",\"breadcrumb\":{\"@id\":\"https:\/\/www.fanprojekt-muenster.de\/wordpress\/derbytickets-vorkaufsrecht-fuer-mitglieder-freier-verkauf-ab-15-februar\/#breadcrumb\"},\"inLanguage\":\"de\",\"potentialAction\":[{\"@type\":\"ReadAction\",\"target\":[\"https:\/\/www.fanprojekt-muenster.de\/wordpress\/derbytickets-vorkaufsrecht-fuer-mitglieder-freier-verkauf-ab-15-februar\/\"]}]},{\"@type\":\"ImageObject\",\"inLanguage\":\"de\",\"@id\":\"https:\/\/www.fanprojekt-muenster.de\/wordpress\/derbytickets-vorkaufsrecht-fuer-mitglieder-freier-verkauf-ab-15-februar\/#primaryimage\",\"url\":\"\",\"contentUrl\":\"\"},{\"@type\":\"BreadcrumbList\",\"@id\":\"https:\/\/www.fanprojekt-muenster.de\/wordpress\/derbytickets-vorkaufsrecht-fuer-mitglieder-freier-verkauf-ab-15-februar\/#breadcrumb\",\"itemListElement\":[{\"@type\":\"ListItem\",\"position\":1,\"name\":\"Startseite\",\"item\":\"https:\/\/www.fanprojekt-muenster.de\/wordpress\/\"},{\"@type\":\"ListItem\",\"position\":2,\"name\":\"Derbytickets: Vorkaufsrecht f\u00fcr Mitglieder \u2013 Freier Verkauf ab 15. Februar\"}]},{\"@type\":\"WebSite\",\"@id\":\"https:\/\/www.fanprojekt-muenster.de\/wordpress\/#website\",\"url\":\"https:\/\/www.fanprojekt-muenster.de\/wordpress\/\",\"name\":\"Fangemeinschaft Preu\u00dfen M\u00fcnster e. V.\",\"description\":\"\",\"publisher\":{\"@id\":\"https:\/\/www.fanprojekt-muenster.de\/wordpress\/#organization\"},\"potentialAction\":[{\"@type\":\"SearchAction\",\"target\":{\"@type\":\"EntryPoint\",\"urlTemplate\":\"https:\/\/www.fanprojekt-muenster.de\/wordpress\/?s={search_term_string}\"},\"query-input\":{\"@type\":\"PropertyValueSpecification\",\"valueRequired\":true,\"valueName\":\"search_term_string\"}}],\"inLanguage\":\"de\"},{\"@type\":\"Organization\",\"@id\":\"https:\/\/www.fanprojekt-muenster.de\/wordpress\/#organization\",\"name\":\"Fangemeinschaft Preu\u00dfen M\u00fcnster e. V.\",\"url\":\"https:\/\/www.fanprojekt-muenster.de\/wordpress\/\",\"logo\":{\"@type\":\"ImageObject\",\"inLanguage\":\"de\",\"@id\":\"https:\/\/www.fanprojekt-muenster.de\/wordpress\/#\/schema\/logo\/image\/\",\"url\":\"https:\/\/www.fanprojekt-muenster.de\/wordpress\/wp-content\/uploads\/2019\/07\/cropped-Website_Logo3-9.png\",\"contentUrl\":\"https:\/\/www.fanprojekt-muenster.de\/wordpress\/wp-content\/uploads\/2019\/07\/cropped-Website_Logo3-9.png\",\"width\":224,\"height\":42,\"caption\":\"Fangemeinschaft Preu\u00dfen M\u00fcnster e. V.\"},\"image\":{\"@id\":\"https:\/\/www.fanprojekt-muenster.de\/wordpress\/#\/schema\/logo\/image\/\"}},{\"@type\":\"Person\",\"@id\":\"https:\/\/www.fanprojekt-muenster.de\/wordpress\/#\/schema\/person\/9126cc4d73d0d07c75b487075111186c\",\"name\":\"fp_superadmin\",\"url\":\"https:\/\/www.fanprojekt-muenster.de\/wordpress\/author\/fp_superadmin\/\"}]}<\/script>\n<!-- \/ Yoast SEO plugin. -->","yoast_head_json":{"title":"Derbytickets: Vorkaufsrecht f\u00fcr Mitglieder \u2013 Freier Verkauf ab 15. Februar - Fangemeinschaft Preu\u00dfen M\u00fcnster e. V.","robots":{"index":"index","follow":"follow","max-snippet":"max-snippet:-1","max-image-preview":"max-image-preview:large","max-video-preview":"max-video-preview:-1"},"canonical":"https:\/\/www.fanprojekt-muenster.de\/wordpress\/derbytickets-vorkaufsrecht-fuer-mitglieder-freier-verkauf-ab-15-februar\/","og_locale":"de_DE","og_type":"article","og_title":"Derbytickets: Vorkaufsrecht f\u00fcr Mitglieder \u2013 Freier Verkauf ab 15. Februar - Fangemeinschaft Preu\u00dfen M\u00fcnster e. V.","og_description":"F\u00fcr SCP-Mitglieder: Am 1. M\u00e4rz erwartet der SC Preu\u00dfen 06 e.V. M\u00fcnster den VfL Osnabr\u00fcck zum Derby an der Hammer Stra\u00dfe. Tickets f\u00fcr das prestigetr\u00e4chtige Duell werden auch in diesem... Read more &raquo;","og_url":"https:\/\/www.fanprojekt-muenster.de\/wordpress\/derbytickets-vorkaufsrecht-fuer-mitglieder-freier-verkauf-ab-15-februar\/","og_site_name":"Fangemeinschaft Preu\u00dfen M\u00fcnster e. V.","article_published_time":"2014-02-03T15:07:16+00:00","author":"fp_superadmin","twitter_card":"summary_large_image","twitter_misc":{"Verfasst von":"fp_superadmin","Gesch\u00e4tzte Lesezeit":"1\u00a0Minute"},"schema":{"@context":"https:\/\/schema.org","@graph":[{"@type":"Article","@id":"https:\/\/www.fanprojekt-muenster.de\/wordpress\/derbytickets-vorkaufsrecht-fuer-mitglieder-freier-verkauf-ab-15-februar\/#article","isPartOf":{"@id":"https:\/\/www.fanprojekt-muenster.de\/wordpress\/derbytickets-vorkaufsrecht-fuer-mitglieder-freier-verkauf-ab-15-februar\/"},"author":{"name":"fp_superadmin","@id":"https:\/\/www.fanprojekt-muenster.de\/wordpress\/#\/schema\/person\/9126cc4d73d0d07c75b487075111186c"},"headline":"Derbytickets: Vorkaufsrecht f\u00fcr Mitglieder \u2013 Freier Verkauf ab 15. Februar","datePublished":"2014-02-03T15:07:16+00:00","mainEntityOfPage":{"@id":"https:\/\/www.fanprojekt-muenster.de\/wordpress\/derbytickets-vorkaufsrecht-fuer-mitglieder-freier-verkauf-ab-15-februar\/"},"wordCount":232,"commentCount":0,"publisher":{"@id":"https:\/\/www.fanprojekt-muenster.de\/wordpress\/#organization"},"image":{"@id":"https:\/\/www.fanprojekt-muenster.de\/wordpress\/derbytickets-vorkaufsrecht-fuer-mitglieder-freier-verkauf-ab-15-februar\/#primaryimage"},"thumbnailUrl":"","keywords":["2014","3.Liga","Derby","Fanprojekt","SC Preu\u00dfen M\u00fcnster","Von Fans f\u00fcr Fans"],"articleSection":["Aktuelles"],"inLanguage":"de","potentialAction":[{"@type":"CommentAction","name":"Comment","target":["https:\/\/www.fanprojekt-muenster.de\/wordpress\/derbytickets-vorkaufsrecht-fuer-mitglieder-freier-verkauf-ab-15-februar\/#respond"]}]},{"@type":"WebPage","@id":"https:\/\/www.fanprojekt-muenster.de\/wordpress\/derbytickets-vorkaufsrecht-fuer-mitglieder-freier-verkauf-ab-15-februar\/","url":"https:\/\/www.fanprojekt-muenster.de\/wordpress\/derbytickets-vorkaufsrecht-fuer-mitglieder-freier-verkauf-ab-15-februar\/","name":"Derbytickets: Vorkaufsrecht f\u00fcr Mitglieder \u2013 Freier Verkauf ab 15. Februar - Fangemeinschaft Preu\u00dfen M\u00fcnster e. V.","isPartOf":{"@id":"https:\/\/www.fanprojekt-muenster.de\/wordpress\/#website"},"primaryImageOfPage":{"@id":"https:\/\/www.fanprojekt-muenster.de\/wordpress\/derbytickets-vorkaufsrecht-fuer-mitglieder-freier-verkauf-ab-15-februar\/#primaryimage"},"image":{"@id":"https:\/\/www.fanprojekt-muenster.de\/wordpress\/derbytickets-vorkaufsrecht-fuer-mitglieder-freier-verkauf-ab-15-februar\/#primaryimage"},"thumbnailUrl":"","datePublished":"2014-02-03T15:07:16+00:00","breadcrumb":{"@id":"https:\/\/www.fanprojekt-muenster.de\/wordpress\/derbytickets-vorkaufsrecht-fuer-mitglieder-freier-verkauf-ab-15-februar\/#breadcrumb"},"inLanguage":"de","potentialAction":[{"@type":"ReadAction","target":["https:\/\/www.fanprojekt-muenster.de\/wordpress\/derbytickets-vorkaufsrecht-fuer-mitglieder-freier-verkauf-ab-15-februar\/"]}]},{"@type":"ImageObject","inLanguage":"de","@id":"https:\/\/www.fanprojekt-muenster.de\/wordpress\/derbytickets-vorkaufsrecht-fuer-mitglieder-freier-verkauf-ab-15-februar\/#primaryimage","url":"","contentUrl":""},{"@type":"BreadcrumbList","@id":"https:\/\/www.fanprojekt-muenster.de\/wordpress\/derbytickets-vorkaufsrecht-fuer-mitglieder-freier-verkauf-ab-15-februar\/#breadcrumb","itemListElement":[{"@type":"ListItem","position":1,"name":"Startseite","item":"https:\/\/www.fanprojekt-muenster.de\/wordpress\/"},{"@type":"ListItem","position":2,"name":"Derbytickets: Vorkaufsrecht f\u00fcr Mitglieder \u2013 Freier Verkauf ab 15. Februar"}]},{"@type":"WebSite","@id":"https:\/\/www.fanprojekt-muenster.de\/wordpress\/#website","url":"https:\/\/www.fanprojekt-muenster.de\/wordpress\/","name":"Fangemeinschaft Preu\u00dfen M\u00fcnster e. V.","description":"","publisher":{"@id":"https:\/\/www.fanprojekt-muenster.de\/wordpress\/#organization"},"potentialAction":[{"@type":"SearchAction","target":{"@type":"EntryPoint","urlTemplate":"https:\/\/www.fanprojekt-muenster.de\/wordpress\/?s={search_term_string}"},"query-input":{"@type":"PropertyValueSpecification","valueRequired":true,"valueName":"search_term_string"}}],"inLanguage":"de"},{"@type":"Organization","@id":"https:\/\/www.fanprojekt-muenster.de\/wordpress\/#organization","name":"Fangemeinschaft Preu\u00dfen M\u00fcnster e. V.","url":"https:\/\/www.fanprojekt-muenster.de\/wordpress\/","logo":{"@type":"ImageObject","inLanguage":"de","@id":"https:\/\/www.fanprojekt-muenster.de\/wordpress\/#\/schema\/logo\/image\/","url":"https:\/\/www.fanprojekt-muenster.de\/wordpress\/wp-content\/uploads\/2019\/07\/cropped-Website_Logo3-9.png","contentUrl":"https:\/\/www.fanprojekt-muenster.de\/wordpress\/wp-content\/uploads\/2019\/07\/cropped-Website_Logo3-9.png","width":224,"height":42,"caption":"Fangemeinschaft Preu\u00dfen M\u00fcnster e. V."},"image":{"@id":"https:\/\/www.fanprojekt-muenster.de\/wordpress\/#\/schema\/logo\/image\/"}},{"@type":"Person","@id":"https:\/\/www.fanprojekt-muenster.de\/wordpress\/#\/schema\/person\/9126cc4d73d0d07c75b487075111186c","name":"fp_superadmin","url":"https:\/\/www.fanprojekt-muenster.de\/wordpress\/author\/fp_superadmin\/"}]}},"author_meta":{"display_name":"fp_superadmin","author_link":"https:\/\/www.fanprojekt-muenster.de\/wordpress\/author\/fp_superadmin\/"},"featured_img":null,"coauthors":[],"tax_additional":{"categories":{"linked":["<a href=\"https:\/\/www.fanprojekt-muenster.de\/wordpress\/category\/aktuelles\/\" class=\"advgb-post-tax-term\">Aktuelles<\/a>"],"unlinked":["<span class=\"advgb-post-tax-term\">Aktuelles<\/span>"]},"tags":{"linked":["<a href=\"https:\/\/www.fanprojekt-muenster.de\/wordpress\/category\/aktuelles\/\" class=\"advgb-post-tax-term\">2014<\/a>","<a href=\"https:\/\/www.fanprojekt-muenster.de\/wordpress\/category\/aktuelles\/\" class=\"advgb-post-tax-term\">3.Liga<\/a>","<a href=\"https:\/\/www.fanprojekt-muenster.de\/wordpress\/category\/aktuelles\/\" class=\"advgb-post-tax-term\">Derby<\/a>","<a href=\"https:\/\/www.fanprojekt-muenster.de\/wordpress\/category\/aktuelles\/\" class=\"advgb-post-tax-term\">Fanprojekt<\/a>","<a href=\"https:\/\/www.fanprojekt-muenster.de\/wordpress\/category\/aktuelles\/\" class=\"advgb-post-tax-term\">SC Preu\u00dfen M\u00fcnster<\/a>","<a href=\"https:\/\/www.fanprojekt-muenster.de\/wordpress\/category\/aktuelles\/\" class=\"advgb-post-tax-term\">Von Fans f\u00fcr Fans<\/a>"],"unlinked":["<span class=\"advgb-post-tax-term\">2014<\/span>","<span class=\"advgb-post-tax-term\">3.Liga<\/span>","<span class=\"advgb-post-tax-term\">Derby<\/span>","<span class=\"advgb-post-tax-term\">Fanprojekt<\/span>","<span class=\"advgb-post-tax-term\">SC Preu\u00dfen M\u00fcnster<\/span>","<span class=\"advgb-post-tax-term\">Von Fans f\u00fcr Fans<\/span>"]}},"comment_count":"0","relative_dates":{"created":"Posted 12\u00a0Jahren ago","modified":"Updated 12\u00a0Jahren ago"},"absolute_dates":{"created":"Posted on 3. Februar 2014","modified":"Updated on 3. Februar 2014"},"absolute_dates_time":{"created":"Posted on 3. Februar 2014 17:07","modified":"Updated on 3. Februar 2014 17:07"},"featured_img_caption":"","series_order":"","_links":{"self":[{"href":"https:\/\/www.fanprojekt-muenster.de\/wordpress\/wp-json\/wp\/v2\/posts\/2537","targetHints":{"allow":["GET"]}}],"collection":[{"href":"https:\/\/www.fanprojekt-muenster.de\/wordpress\/wp-json\/wp\/v2\/posts"}],"about":[{"href":"https:\/\/www.fanprojekt-muenster.de\/wordpress\/wp-json\/wp\/v2\/types\/post"}],"author":[{"embeddable":true,"href":"https:\/\/www.fanprojekt-muenster.de\/wordpress\/wp-json\/wp\/v2\/users\/2"}],"replies":[{"embeddable":true,"href":"https:\/\/www.fanprojekt-muenster.de\/wordpress\/wp-json\/wp\/v2\/comments?post=2537"}],"version-history":[{"count":0,"href":"https:\/\/www.fanprojekt-muenster.de\/wordpress\/wp-json\/wp\/v2\/posts\/2537\/revisions"}],"wp:featuredmedia":[{"embeddable":true,"href":"https:\/\/www.fanprojekt-muenster.de\/wordpress\/wp-json\/"}],"wp:attachment":[{"href":"https:\/\/www.fanprojekt-muenster.de\/wordpress\/wp-json\/wp\/v2\/media?parent=2537"}],"wp:term":[{"taxonomy":"category","embeddable":true,"href":"https:\/\/www.fanprojekt-muenster.de\/wordpress\/wp-json\/wp\/v2\/categories?post=2537"},{"taxonomy":"post_tag","embeddable":true,"href":"https:\/\/www.fanprojekt-muenster.de\/wordpress\/wp-json\/wp\/v2\/tags?post=2537"}],"curies":[{"name":"wp","href":"https:\/\/api.w.org\/{rel}","templated":true}]}}