{"id":2535,"date":"2014-02-02T20:00:19","date_gmt":"2014-02-02T18:00:19","guid":{"rendered":"http:\/\/www.fanprojekt-muenster.de\/?p=2535"},"modified":"2014-02-02T20:00:19","modified_gmt":"2014-02-02T18:00:19","slug":"spielzusammenfassung-rw-erfurt","status":"publish","type":"post","link":"https:\/\/www.fanprojekt-muenster.de\/wordpress\/spielzusammenfassung-rw-erfurt\/","title":{"rendered":"Spielzusammenfassung RW Erfurt"},"content":{"rendered":"<p><a attid=\"2521\"  href=\"http:\/\/www.fanprojekt-muenster.de\/wp-content\/uploads\/2014\/01\/Radioankuendigung_Erfurt2.jpg\"><img loading=\"lazy\" decoding=\"async\" src=\"http:\/\/www.fanprojekt-muenster.de\/wp-content\/uploads\/2014\/01\/Radioankuendigung_Erfurt2-1024x640.jpg\" alt=\"Radioankuendigung_Erfurt2\" width=\"960\" height=\"600\" class=\"alignnone size-large wp-image-2521\" \/><\/a><\/p>\n<p>Spielzusammenfassung:<br \/>\n[ca_audio url=&#8220;\/radioms\/cms\/Archiv_Sendungen\/2014\/RW_Erfurt\/Zusammenfassung.mp3&#8243; width=&#8220;90&#8243; height=&#8220;50&#8243; css_class=&#8220;codeart-google-mp3-player&#8220;]<\/p>\n<p>Hier die Aufnahme des Spiels gegen Wehen Wiesbaden vom 1. Februar 2014<br \/>\nHalbzeit 1<br \/>\n[ca_audio url=&#8220;\/radioms\/cms\/Archiv_Sendungen\/2014\/RW_Erfurt\/1_HZ.mp3&#8243; width=&#8220;90&#8243; height=&#8220;50&#8243; css_class=&#8220;codeart-google-mp3-player&#8220;]<br \/>\nHalbzeit 2<br \/>\n[ca_audio url=&#8220;\/radioms\/cms\/Archiv_Sendungen\/2014\/RW_Erfurt\/2_HZ.mp3&#8243; width=&#8220;90&#8243; height=&#8220;50&#8243; css_class=&#8220;codeart-google-mp3-player&#8220;]<\/p>\n<p>Interview mit Fabian Hergesell<br \/>\n[ca_audio url=&#8220;\/radioms\/cms\/Archiv_Sendungen\/2014\/RW_Erfurt\/Fabian_Hergesell.mp3&#8243; width=&#8220;90&#8243; height=&#8220;50&#8243; css_class=&#8220;codeart-google-mp3-player&#8220;]<\/p>\n<p>Interview mit Jens Truckenbrod<br \/>\n[ca_audio url=&#8220;\/radioms\/cms\/Archiv_Sendungen\/2014\/RW_Erfurt\/Jens_Truckenbrod.mp3&#8243; width=&#8220;90&#8243; height=&#8220;50&#8243; css_class=&#8220;codeart-google-mp3-player&#8220;]<\/p>\n<p>Interview mit Marco Pischorn<br \/>\n[ca_audio url=&#8220;\/radioms\/cms\/Archiv_Sendungen\/2014\/RW_Erfurt\/Marco_Pischorn.mp3&#8243; width=&#8220;90&#8243; height=&#8220;50&#8243; css_class=&#8220;codeart-google-mp3-player&#8220;]<\/p>\n<p>Interview mit Matthew Taylor<br \/>\n[ca_audio url=&#8220;\/radioms\/cms\/Archiv_Sendungen\/2014\/RW_Erfurt\/Matthew_Taylor_1.mp3&#8243; width=&#8220;90&#8243; height=&#8220;50&#8243; css_class=&#8220;codeart-google-mp3-player&#8220;]<br \/>\n[ca_audio url=&#8220;\/radioms\/cms\/Archiv_Sendungen\/2014\/RW_Erfurt\/Matthew_Taylor_2.mp3&#8243; width=&#8220;90&#8243; height=&#8220;50&#8243; css_class=&#8220;codeart-google-mp3-player&#8220;]<br \/>\n[ca_audio url=&#8220;\/radioms\/cms\/Archiv_Sendungen\/2014\/RW_Erfurt\/Matthew_Taylor_Rasen.mp3&#8243; width=&#8220;90&#8243; height=&#8220;50&#8243; css_class=&#8220;codeart-google-mp3-player&#8220;]<\/p>\n<p>Interview mit Ralf Loose<br \/>\n[ca_audio url=&#8220;\/radioms\/cms\/Archiv_Sendungen\/2014\/RW_Erfurt\/Trainer_Loose_1.mp3&#8243; width=&#8220;90&#8243; height=&#8220;50&#8243; css_class=&#8220;codeart-google-mp3-player&#8220;]<br \/>\n[ca_audio url=&#8220;\/radioms\/cms\/Archiv_Sendungen\/2014\/RW_Erfurt\/Trainer_Loose_1.mp3&#8243; width=&#8220;90&#8243; height=&#8220;50&#8243; css_class=&#8220;codeart-google-mp3-player&#8220;]<\/p>\n","protected":false},"excerpt":{"rendered":"<p>Spielzusammenfassung: [ca_audio url=&#8220;\/radioms\/cms\/Archiv_Sendungen\/2014\/RW_Erfurt\/Zusammenfassung.mp3&#8243; width=&#8220;90&#8243; height=&#8220;50&#8243; css_class=&#8220;codeart-google-mp3-player&#8220;] Hier die Aufnahme des Spiels gegen Wehen Wiesbaden vom 1. Februar 2014 Halbzeit 1 [ca_audio url=&#8220;\/radioms\/cms\/Archiv_Sendungen\/2014\/RW_Erfurt\/1_HZ.mp3&#8243; width=&#8220;90&#8243; height=&#8220;50&#8243; css_class=&#8220;codeart-google-mp3-player&#8220;] Halbzeit 2 [ca_audio url=&#8220;\/radioms\/cms\/Archiv_Sendungen\/2014\/RW_Erfurt\/2_HZ.mp3&#8243; width=&#8220;90&#8243;&#8230; <a class=\"read-more-link\" href=\"https:\/\/www.fanprojekt-muenster.de\/wordpress\/spielzusammenfassung-rw-erfurt\/\">Read more &raquo;<\/a><\/p>\n","protected":false},"author":2,"featured_media":0,"comment_status":"open","ping_status":"open","sticky":false,"template":"","format":"standard","meta":{"advgb_blocks_editor_width":"","advgb_blocks_columns_visual_guide":"","footnotes":""},"categories":[8,9],"tags":[26,28,95,99,112,205,223,283],"class_list":["post-2535","post","type-post","status-publish","format-standard","hentry","category-radio-mottekstrehle","category-saison-20132014","tag-26","tag-3-liga-2","tag-erweiterungen","tag-fan","tag-fanprojekt","tag-radio-mottekstrehle","tag-sc-preussen-muenster","tag-von-fans-fuer-fans"],"featured_image_src":null,"author_info":{"display_name":"fp_superadmin","author_link":"https:\/\/www.fanprojekt-muenster.de\/wordpress\/author\/fp_superadmin\/"},"yoast_head":"<!-- This site is optimized with the Yoast SEO plugin v27.2 - https:\/\/yoast.com\/product\/yoast-seo-wordpress\/ -->\n<title>Spielzusammenfassung RW Erfurt - Fangemeinschaft Preu\u00dfen M\u00fcnster e. V.<\/title>\n<meta name=\"robots\" content=\"index, follow, max-snippet:-1, max-image-preview:large, max-video-preview:-1\" \/>\n<link rel=\"canonical\" href=\"https:\/\/www.fanprojekt-muenster.de\/wordpress\/spielzusammenfassung-rw-erfurt\/\" \/>\n<meta property=\"og:locale\" content=\"de_DE\" \/>\n<meta property=\"og:type\" content=\"article\" \/>\n<meta property=\"og:title\" content=\"Spielzusammenfassung RW Erfurt - Fangemeinschaft Preu\u00dfen M\u00fcnster e. V.\" \/>\n<meta property=\"og:description\" content=\"Spielzusammenfassung: [ca_audio url=&#8220;\/radioms\/cms\/Archiv_Sendungen\/2014\/RW_Erfurt\/Zusammenfassung.mp3&#8243; width=&#8220;90&#8243; height=&#8220;50&#8243; css_class=&#8220;codeart-google-mp3-player&#8220;] Hier die Aufnahme des Spiels gegen Wehen Wiesbaden vom 1. Februar 2014 Halbzeit 1 [ca_audio url=&#8220;\/radioms\/cms\/Archiv_Sendungen\/2014\/RW_Erfurt\/1_HZ.mp3&#8243; width=&#8220;90&#8243; height=&#8220;50&#8243; css_class=&#8220;codeart-google-mp3-player&#8220;] Halbzeit 2 [ca_audio url=&#8220;\/radioms\/cms\/Archiv_Sendungen\/2014\/RW_Erfurt\/2_HZ.mp3&#8243; width=&#8220;90&#8243;... Read more &raquo;\" \/>\n<meta property=\"og:url\" content=\"https:\/\/www.fanprojekt-muenster.de\/wordpress\/spielzusammenfassung-rw-erfurt\/\" \/>\n<meta property=\"og:site_name\" content=\"Fangemeinschaft Preu\u00dfen M\u00fcnster e. V.\" \/>\n<meta property=\"article:published_time\" content=\"2014-02-02T18:00:19+00:00\" \/>\n<meta property=\"og:image\" content=\"http:\/\/www.fanprojekt-muenster.de\/wp-content\/uploads\/2014\/01\/Radioankuendigung_Erfurt2-1024x640.jpg\" \/>\n<meta name=\"author\" content=\"fp_superadmin\" \/>\n<meta name=\"twitter:card\" content=\"summary_large_image\" \/>\n<meta name=\"twitter:label1\" content=\"Verfasst von\" \/>\n\t<meta name=\"twitter:data1\" content=\"fp_superadmin\" \/>\n\t<meta name=\"twitter:label2\" content=\"Gesch\u00e4tzte Lesezeit\" \/>\n\t<meta name=\"twitter:data2\" content=\"1\u00a0Minute\" \/>\n<script type=\"application\/ld+json\" class=\"yoast-schema-graph\">{\"@context\":\"https:\/\/schema.org\",\"@graph\":[{\"@type\":\"Article\",\"@id\":\"https:\/\/www.fanprojekt-muenster.de\/wordpress\/spielzusammenfassung-rw-erfurt\/#article\",\"isPartOf\":{\"@id\":\"https:\/\/www.fanprojekt-muenster.de\/wordpress\/spielzusammenfassung-rw-erfurt\/\"},\"author\":{\"name\":\"fp_superadmin\",\"@id\":\"https:\/\/www.fanprojekt-muenster.de\/wordpress\/#\/schema\/person\/9126cc4d73d0d07c75b487075111186c\"},\"headline\":\"Spielzusammenfassung RW Erfurt\",\"datePublished\":\"2014-02-02T18:00:19+00:00\",\"mainEntityOfPage\":{\"@id\":\"https:\/\/www.fanprojekt-muenster.de\/wordpress\/spielzusammenfassung-rw-erfurt\/\"},\"wordCount\":232,\"commentCount\":0,\"publisher\":{\"@id\":\"https:\/\/www.fanprojekt-muenster.de\/wordpress\/#organization\"},\"image\":{\"@id\":\"https:\/\/www.fanprojekt-muenster.de\/wordpress\/spielzusammenfassung-rw-erfurt\/#primaryimage\"},\"thumbnailUrl\":\"http:\/\/www.fanprojekt-muenster.de\/wp-content\/uploads\/2014\/01\/Radioankuendigung_Erfurt2-1024x640.jpg\",\"keywords\":[\"2014\",\"3.Liga\",\"Erweiterungen\",\"Fan\",\"Fanprojekt\",\"Radio Mottekstrehle\",\"SC Preu\u00dfen M\u00fcnster\",\"Von Fans f\u00fcr Fans\"],\"articleSection\":[\"Radio Mottekstrehle\",\"Saison 2013\/2014\"],\"inLanguage\":\"de\",\"potentialAction\":[{\"@type\":\"CommentAction\",\"name\":\"Comment\",\"target\":[\"https:\/\/www.fanprojekt-muenster.de\/wordpress\/spielzusammenfassung-rw-erfurt\/#respond\"]}]},{\"@type\":\"WebPage\",\"@id\":\"https:\/\/www.fanprojekt-muenster.de\/wordpress\/spielzusammenfassung-rw-erfurt\/\",\"url\":\"https:\/\/www.fanprojekt-muenster.de\/wordpress\/spielzusammenfassung-rw-erfurt\/\",\"name\":\"Spielzusammenfassung RW Erfurt - Fangemeinschaft Preu\u00dfen M\u00fcnster e. V.\",\"isPartOf\":{\"@id\":\"https:\/\/www.fanprojekt-muenster.de\/wordpress\/#website\"},\"primaryImageOfPage\":{\"@id\":\"https:\/\/www.fanprojekt-muenster.de\/wordpress\/spielzusammenfassung-rw-erfurt\/#primaryimage\"},\"image\":{\"@id\":\"https:\/\/www.fanprojekt-muenster.de\/wordpress\/spielzusammenfassung-rw-erfurt\/#primaryimage\"},\"thumbnailUrl\":\"http:\/\/www.fanprojekt-muenster.de\/wp-content\/uploads\/2014\/01\/Radioankuendigung_Erfurt2-1024x640.jpg\",\"datePublished\":\"2014-02-02T18:00:19+00:00\",\"breadcrumb\":{\"@id\":\"https:\/\/www.fanprojekt-muenster.de\/wordpress\/spielzusammenfassung-rw-erfurt\/#breadcrumb\"},\"inLanguage\":\"de\",\"potentialAction\":[{\"@type\":\"ReadAction\",\"target\":[\"https:\/\/www.fanprojekt-muenster.de\/wordpress\/spielzusammenfassung-rw-erfurt\/\"]}]},{\"@type\":\"ImageObject\",\"inLanguage\":\"de\",\"@id\":\"https:\/\/www.fanprojekt-muenster.de\/wordpress\/spielzusammenfassung-rw-erfurt\/#primaryimage\",\"url\":\"http:\/\/www.fanprojekt-muenster.de\/wp-content\/uploads\/2014\/01\/Radioankuendigung_Erfurt2-1024x640.jpg\",\"contentUrl\":\"http:\/\/www.fanprojekt-muenster.de\/wp-content\/uploads\/2014\/01\/Radioankuendigung_Erfurt2-1024x640.jpg\"},{\"@type\":\"BreadcrumbList\",\"@id\":\"https:\/\/www.fanprojekt-muenster.de\/wordpress\/spielzusammenfassung-rw-erfurt\/#breadcrumb\",\"itemListElement\":[{\"@type\":\"ListItem\",\"position\":1,\"name\":\"Startseite\",\"item\":\"https:\/\/www.fanprojekt-muenster.de\/wordpress\/\"},{\"@type\":\"ListItem\",\"position\":2,\"name\":\"Spielzusammenfassung RW Erfurt\"}]},{\"@type\":\"WebSite\",\"@id\":\"https:\/\/www.fanprojekt-muenster.de\/wordpress\/#website\",\"url\":\"https:\/\/www.fanprojekt-muenster.de\/wordpress\/\",\"name\":\"Fangemeinschaft Preu\u00dfen M\u00fcnster e. V.\",\"description\":\"\",\"publisher\":{\"@id\":\"https:\/\/www.fanprojekt-muenster.de\/wordpress\/#organization\"},\"potentialAction\":[{\"@type\":\"SearchAction\",\"target\":{\"@type\":\"EntryPoint\",\"urlTemplate\":\"https:\/\/www.fanprojekt-muenster.de\/wordpress\/?s={search_term_string}\"},\"query-input\":{\"@type\":\"PropertyValueSpecification\",\"valueRequired\":true,\"valueName\":\"search_term_string\"}}],\"inLanguage\":\"de\"},{\"@type\":\"Organization\",\"@id\":\"https:\/\/www.fanprojekt-muenster.de\/wordpress\/#organization\",\"name\":\"Fangemeinschaft Preu\u00dfen M\u00fcnster e. V.\",\"url\":\"https:\/\/www.fanprojekt-muenster.de\/wordpress\/\",\"logo\":{\"@type\":\"ImageObject\",\"inLanguage\":\"de\",\"@id\":\"https:\/\/www.fanprojekt-muenster.de\/wordpress\/#\/schema\/logo\/image\/\",\"url\":\"https:\/\/www.fanprojekt-muenster.de\/wordpress\/wp-content\/uploads\/2019\/07\/cropped-Website_Logo3-9.png\",\"contentUrl\":\"https:\/\/www.fanprojekt-muenster.de\/wordpress\/wp-content\/uploads\/2019\/07\/cropped-Website_Logo3-9.png\",\"width\":224,\"height\":42,\"caption\":\"Fangemeinschaft Preu\u00dfen M\u00fcnster e. V.\"},\"image\":{\"@id\":\"https:\/\/www.fanprojekt-muenster.de\/wordpress\/#\/schema\/logo\/image\/\"}},{\"@type\":\"Person\",\"@id\":\"https:\/\/www.fanprojekt-muenster.de\/wordpress\/#\/schema\/person\/9126cc4d73d0d07c75b487075111186c\",\"name\":\"fp_superadmin\",\"url\":\"https:\/\/www.fanprojekt-muenster.de\/wordpress\/author\/fp_superadmin\/\"}]}<\/script>\n<!-- \/ Yoast SEO plugin. -->","yoast_head_json":{"title":"Spielzusammenfassung RW Erfurt - Fangemeinschaft Preu\u00dfen M\u00fcnster e. V.","robots":{"index":"index","follow":"follow","max-snippet":"max-snippet:-1","max-image-preview":"max-image-preview:large","max-video-preview":"max-video-preview:-1"},"canonical":"https:\/\/www.fanprojekt-muenster.de\/wordpress\/spielzusammenfassung-rw-erfurt\/","og_locale":"de_DE","og_type":"article","og_title":"Spielzusammenfassung RW Erfurt - Fangemeinschaft Preu\u00dfen M\u00fcnster e. V.","og_description":"Spielzusammenfassung: [ca_audio url=&#8220;\/radioms\/cms\/Archiv_Sendungen\/2014\/RW_Erfurt\/Zusammenfassung.mp3&#8243; width=&#8220;90&#8243; height=&#8220;50&#8243; css_class=&#8220;codeart-google-mp3-player&#8220;] Hier die Aufnahme des Spiels gegen Wehen Wiesbaden vom 1. Februar 2014 Halbzeit 1 [ca_audio url=&#8220;\/radioms\/cms\/Archiv_Sendungen\/2014\/RW_Erfurt\/1_HZ.mp3&#8243; width=&#8220;90&#8243; height=&#8220;50&#8243; css_class=&#8220;codeart-google-mp3-player&#8220;] Halbzeit 2 [ca_audio url=&#8220;\/radioms\/cms\/Archiv_Sendungen\/2014\/RW_Erfurt\/2_HZ.mp3&#8243; width=&#8220;90&#8243;... Read more &raquo;","og_url":"https:\/\/www.fanprojekt-muenster.de\/wordpress\/spielzusammenfassung-rw-erfurt\/","og_site_name":"Fangemeinschaft Preu\u00dfen M\u00fcnster e. V.","article_published_time":"2014-02-02T18:00:19+00:00","og_image":[{"url":"http:\/\/www.fanprojekt-muenster.de\/wp-content\/uploads\/2014\/01\/Radioankuendigung_Erfurt2-1024x640.jpg","type":"","width":"","height":""}],"author":"fp_superadmin","twitter_card":"summary_large_image","twitter_misc":{"Verfasst von":"fp_superadmin","Gesch\u00e4tzte Lesezeit":"1\u00a0Minute"},"schema":{"@context":"https:\/\/schema.org","@graph":[{"@type":"Article","@id":"https:\/\/www.fanprojekt-muenster.de\/wordpress\/spielzusammenfassung-rw-erfurt\/#article","isPartOf":{"@id":"https:\/\/www.fanprojekt-muenster.de\/wordpress\/spielzusammenfassung-rw-erfurt\/"},"author":{"name":"fp_superadmin","@id":"https:\/\/www.fanprojekt-muenster.de\/wordpress\/#\/schema\/person\/9126cc4d73d0d07c75b487075111186c"},"headline":"Spielzusammenfassung RW Erfurt","datePublished":"2014-02-02T18:00:19+00:00","mainEntityOfPage":{"@id":"https:\/\/www.fanprojekt-muenster.de\/wordpress\/spielzusammenfassung-rw-erfurt\/"},"wordCount":232,"commentCount":0,"publisher":{"@id":"https:\/\/www.fanprojekt-muenster.de\/wordpress\/#organization"},"image":{"@id":"https:\/\/www.fanprojekt-muenster.de\/wordpress\/spielzusammenfassung-rw-erfurt\/#primaryimage"},"thumbnailUrl":"http:\/\/www.fanprojekt-muenster.de\/wp-content\/uploads\/2014\/01\/Radioankuendigung_Erfurt2-1024x640.jpg","keywords":["2014","3.Liga","Erweiterungen","Fan","Fanprojekt","Radio Mottekstrehle","SC Preu\u00dfen M\u00fcnster","Von Fans f\u00fcr Fans"],"articleSection":["Radio Mottekstrehle","Saison 2013\/2014"],"inLanguage":"de","potentialAction":[{"@type":"CommentAction","name":"Comment","target":["https:\/\/www.fanprojekt-muenster.de\/wordpress\/spielzusammenfassung-rw-erfurt\/#respond"]}]},{"@type":"WebPage","@id":"https:\/\/www.fanprojekt-muenster.de\/wordpress\/spielzusammenfassung-rw-erfurt\/","url":"https:\/\/www.fanprojekt-muenster.de\/wordpress\/spielzusammenfassung-rw-erfurt\/","name":"Spielzusammenfassung RW Erfurt - Fangemeinschaft Preu\u00dfen M\u00fcnster e. V.","isPartOf":{"@id":"https:\/\/www.fanprojekt-muenster.de\/wordpress\/#website"},"primaryImageOfPage":{"@id":"https:\/\/www.fanprojekt-muenster.de\/wordpress\/spielzusammenfassung-rw-erfurt\/#primaryimage"},"image":{"@id":"https:\/\/www.fanprojekt-muenster.de\/wordpress\/spielzusammenfassung-rw-erfurt\/#primaryimage"},"thumbnailUrl":"http:\/\/www.fanprojekt-muenster.de\/wp-content\/uploads\/2014\/01\/Radioankuendigung_Erfurt2-1024x640.jpg","datePublished":"2014-02-02T18:00:19+00:00","breadcrumb":{"@id":"https:\/\/www.fanprojekt-muenster.de\/wordpress\/spielzusammenfassung-rw-erfurt\/#breadcrumb"},"inLanguage":"de","potentialAction":[{"@type":"ReadAction","target":["https:\/\/www.fanprojekt-muenster.de\/wordpress\/spielzusammenfassung-rw-erfurt\/"]}]},{"@type":"ImageObject","inLanguage":"de","@id":"https:\/\/www.fanprojekt-muenster.de\/wordpress\/spielzusammenfassung-rw-erfurt\/#primaryimage","url":"http:\/\/www.fanprojekt-muenster.de\/wp-content\/uploads\/2014\/01\/Radioankuendigung_Erfurt2-1024x640.jpg","contentUrl":"http:\/\/www.fanprojekt-muenster.de\/wp-content\/uploads\/2014\/01\/Radioankuendigung_Erfurt2-1024x640.jpg"},{"@type":"BreadcrumbList","@id":"https:\/\/www.fanprojekt-muenster.de\/wordpress\/spielzusammenfassung-rw-erfurt\/#breadcrumb","itemListElement":[{"@type":"ListItem","position":1,"name":"Startseite","item":"https:\/\/www.fanprojekt-muenster.de\/wordpress\/"},{"@type":"ListItem","position":2,"name":"Spielzusammenfassung RW Erfurt"}]},{"@type":"WebSite","@id":"https:\/\/www.fanprojekt-muenster.de\/wordpress\/#website","url":"https:\/\/www.fanprojekt-muenster.de\/wordpress\/","name":"Fangemeinschaft Preu\u00dfen M\u00fcnster e. V.","description":"","publisher":{"@id":"https:\/\/www.fanprojekt-muenster.de\/wordpress\/#organization"},"potentialAction":[{"@type":"SearchAction","target":{"@type":"EntryPoint","urlTemplate":"https:\/\/www.fanprojekt-muenster.de\/wordpress\/?s={search_term_string}"},"query-input":{"@type":"PropertyValueSpecification","valueRequired":true,"valueName":"search_term_string"}}],"inLanguage":"de"},{"@type":"Organization","@id":"https:\/\/www.fanprojekt-muenster.de\/wordpress\/#organization","name":"Fangemeinschaft Preu\u00dfen M\u00fcnster e. V.","url":"https:\/\/www.fanprojekt-muenster.de\/wordpress\/","logo":{"@type":"ImageObject","inLanguage":"de","@id":"https:\/\/www.fanprojekt-muenster.de\/wordpress\/#\/schema\/logo\/image\/","url":"https:\/\/www.fanprojekt-muenster.de\/wordpress\/wp-content\/uploads\/2019\/07\/cropped-Website_Logo3-9.png","contentUrl":"https:\/\/www.fanprojekt-muenster.de\/wordpress\/wp-content\/uploads\/2019\/07\/cropped-Website_Logo3-9.png","width":224,"height":42,"caption":"Fangemeinschaft Preu\u00dfen M\u00fcnster e. V."},"image":{"@id":"https:\/\/www.fanprojekt-muenster.de\/wordpress\/#\/schema\/logo\/image\/"}},{"@type":"Person","@id":"https:\/\/www.fanprojekt-muenster.de\/wordpress\/#\/schema\/person\/9126cc4d73d0d07c75b487075111186c","name":"fp_superadmin","url":"https:\/\/www.fanprojekt-muenster.de\/wordpress\/author\/fp_superadmin\/"}]}},"author_meta":{"display_name":"fp_superadmin","author_link":"https:\/\/www.fanprojekt-muenster.de\/wordpress\/author\/fp_superadmin\/"},"featured_img":null,"coauthors":[],"tax_additional":{"categories":{"linked":["<a href=\"https:\/\/www.fanprojekt-muenster.de\/wordpress\/category\/radio-mottekstrehle\/\" class=\"advgb-post-tax-term\">Radio Mottekstrehle<\/a>","<a href=\"https:\/\/www.fanprojekt-muenster.de\/wordpress\/category\/radio-mottekstrehle\/saison-20132014\/\" class=\"advgb-post-tax-term\">Saison 2013\/2014<\/a>"],"unlinked":["<span class=\"advgb-post-tax-term\">Radio Mottekstrehle<\/span>","<span class=\"advgb-post-tax-term\">Saison 2013\/2014<\/span>"]},"tags":{"linked":["<a href=\"https:\/\/www.fanprojekt-muenster.de\/wordpress\/category\/radio-mottekstrehle\/saison-20132014\/\" class=\"advgb-post-tax-term\">2014<\/a>","<a href=\"https:\/\/www.fanprojekt-muenster.de\/wordpress\/category\/radio-mottekstrehle\/saison-20132014\/\" class=\"advgb-post-tax-term\">3.Liga<\/a>","<a href=\"https:\/\/www.fanprojekt-muenster.de\/wordpress\/category\/radio-mottekstrehle\/saison-20132014\/\" class=\"advgb-post-tax-term\">Erweiterungen<\/a>","<a href=\"https:\/\/www.fanprojekt-muenster.de\/wordpress\/category\/radio-mottekstrehle\/saison-20132014\/\" class=\"advgb-post-tax-term\">Fan<\/a>","<a href=\"https:\/\/www.fanprojekt-muenster.de\/wordpress\/category\/radio-mottekstrehle\/saison-20132014\/\" class=\"advgb-post-tax-term\">Fanprojekt<\/a>","<a href=\"https:\/\/www.fanprojekt-muenster.de\/wordpress\/category\/radio-mottekstrehle\/saison-20132014\/\" class=\"advgb-post-tax-term\">Radio Mottekstrehle<\/a>","<a href=\"https:\/\/www.fanprojekt-muenster.de\/wordpress\/category\/radio-mottekstrehle\/saison-20132014\/\" class=\"advgb-post-tax-term\">SC Preu\u00dfen M\u00fcnster<\/a>","<a href=\"https:\/\/www.fanprojekt-muenster.de\/wordpress\/category\/radio-mottekstrehle\/saison-20132014\/\" class=\"advgb-post-tax-term\">Von Fans f\u00fcr Fans<\/a>"],"unlinked":["<span class=\"advgb-post-tax-term\">2014<\/span>","<span class=\"advgb-post-tax-term\">3.Liga<\/span>","<span class=\"advgb-post-tax-term\">Erweiterungen<\/span>","<span class=\"advgb-post-tax-term\">Fan<\/span>","<span class=\"advgb-post-tax-term\">Fanprojekt<\/span>","<span class=\"advgb-post-tax-term\">Radio Mottekstrehle<\/span>","<span class=\"advgb-post-tax-term\">SC Preu\u00dfen M\u00fcnster<\/span>","<span class=\"advgb-post-tax-term\">Von Fans f\u00fcr Fans<\/span>"]}},"comment_count":"0","relative_dates":{"created":"Posted 12\u00a0Jahren ago","modified":"Updated 12\u00a0Jahren ago"},"absolute_dates":{"created":"Posted on 2. Februar 2014","modified":"Updated on 2. Februar 2014"},"absolute_dates_time":{"created":"Posted on 2. Februar 2014 20:00","modified":"Updated on 2. Februar 2014 20:00"},"featured_img_caption":"","series_order":"","_links":{"self":[{"href":"https:\/\/www.fanprojekt-muenster.de\/wordpress\/wp-json\/wp\/v2\/posts\/2535","targetHints":{"allow":["GET"]}}],"collection":[{"href":"https:\/\/www.fanprojekt-muenster.de\/wordpress\/wp-json\/wp\/v2\/posts"}],"about":[{"href":"https:\/\/www.fanprojekt-muenster.de\/wordpress\/wp-json\/wp\/v2\/types\/post"}],"author":[{"embeddable":true,"href":"https:\/\/www.fanprojekt-muenster.de\/wordpress\/wp-json\/wp\/v2\/users\/2"}],"replies":[{"embeddable":true,"href":"https:\/\/www.fanprojekt-muenster.de\/wordpress\/wp-json\/wp\/v2\/comments?post=2535"}],"version-history":[{"count":0,"href":"https:\/\/www.fanprojekt-muenster.de\/wordpress\/wp-json\/wp\/v2\/posts\/2535\/revisions"}],"wp:attachment":[{"href":"https:\/\/www.fanprojekt-muenster.de\/wordpress\/wp-json\/wp\/v2\/media?parent=2535"}],"wp:term":[{"taxonomy":"category","embeddable":true,"href":"https:\/\/www.fanprojekt-muenster.de\/wordpress\/wp-json\/wp\/v2\/categories?post=2535"},{"taxonomy":"post_tag","embeddable":true,"href":"https:\/\/www.fanprojekt-muenster.de\/wordpress\/wp-json\/wp\/v2\/tags?post=2535"}],"curies":[{"name":"wp","href":"https:\/\/api.w.org\/{rel}","templated":true}]}}