{"id":2510,"date":"2014-01-23T17:05:44","date_gmt":"2014-01-23T15:05:44","guid":{"rendered":"http:\/\/www.fanprojekt-muenster.de\/?p=2510"},"modified":"2014-01-23T17:05:44","modified_gmt":"2014-01-23T15:05:44","slug":"bunte-fankurven-zum-ligastart-nach-der-winterpause","status":"publish","type":"post","link":"https:\/\/www.fanprojekt-muenster.de\/wordpress\/bunte-fankurven-zum-ligastart-nach-der-winterpause\/","title":{"rendered":"Bunte Fankurven zum Ligastart nach der Winterpause"},"content":{"rendered":"<div id=\"attachment_2511\" style=\"width: 1033px\" class=\"wp-caption alignnone\"><img loading=\"lazy\" decoding=\"async\" aria-describedby=\"caption-attachment-2511\" class=\"size-full wp-image-2511\" alt=\"http:\/\/fussballfansgegenhomophobie.blogsport.de\/\" src=\"http:\/\/www.fanprojekt-muenster.de\/wp-content\/uploads\/2014\/01\/homophobie_front_web.jpg\" width=\"1023\" height=\"367\" \/><p id=\"caption-attachment-2511\" class=\"wp-caption-text\">http:\/\/fussballfansgegenhomophobie.blogsport.de\/<\/p><\/div>\n<p>+++ \u201eFu\u00df\u00adball\u00adfans gegen Ho\u00admo\u00adpho\u00adbie\u201c und \u201eQueer Foot\u00adball Fan\u00adclubs\u201c rufen zu bun\u00adten Fan\u00adkur\u00adven zum Li\u00adga\u00adstart als po\u00adsi\u00adti\u00adves Zei\u00adchen zum Co\u00adming \u2013 Out von Tho\u00admas Hitzlsper\u00adger auf +++<\/p>\n<p><strong>Ber\u00adlin, den 09.\u200b01.\u200b2014<\/strong><\/p>\n<p>Fu\u00df\u00adball\u00adfans gegen Ho\u00admo\u00adpho\u00adbie (FfgH) und Queer Foot\u00adball Fan\u00adclubs (QFF) be\u00adgr\u00fc\u00ad\u00dfen das Co\u00adming-\u200bOut des ehe\u00adma\u00adli\u00adgen DFB-\u200bAus\u00adwahl\u00adspie\u00adlers Tho\u00admas Hitzlsper\u00adger und hof\u00adfen, dass die De\u00adbat\u00adte, die er sich w\u00fcnscht, nun tat\u00ads\u00e4ch\u00adlich ins Rol\u00adlen kommt.<\/p>\n<p>Das Co\u00adming \u2013 Out von Tho\u00admas Hitzlsper\u00adger d\u00fcrf\u00adte end\u00adlich auch den Letz\u00adten klar\u00adma\u00adchen, dass es tat\u00ads\u00e4ch\u00adlich schwu\u00adle Fu\u00df\u00adball\u00adpro\u00adfis gibt. Es war ein mu\u00adti\u00adger Schritt, vor dem ich mei\u00adnen Hut ziehe, und es hat einen hohen sym\u00adbo\u00adli\u00adschen Wert. Der Kampf um die An\u00ader\u00adken\u00adnung und Wert\u00adsch\u00e4t\u00adzung von Schwu\u00adlen und Les\u00adben fin\u00addet je\u00addoch vor allem im All\u00adtag statt. Als Kam\u00adpa\u00adgne von Fu\u00df\u00adball\u00adfans, die sich in ers\u00adter Linie an an\u00adde\u00adre Fu\u00df\u00adball\u00adfans rich\u00adtet, w\u00fcnscht sich FfgH, dass die Fans in den Sta\u00addi\u00aden das po\u00adsi\u00adti\u00adve Si\u00adgnal auf\u00adneh\u00admen und zum je\u00adwei\u00adli\u00adgen ers\u00adten Spiel\u00adtag ihrer Ver\u00adei\u00adne nach der Win\u00adter\u00adpau\u00adse ein deut\u00adli\u00adches Zei\u00adchen daf\u00fcr set\u00adzen, dass Ho\u00admo\u00adpho\u00adbie und Schwu\u00adlen\u00adhass im Fu\u00df\u00adball kei\u00adnen Platz haben. Was wir uns w\u00fcn\u00adschen, sind pinke Kur\u00adven und Re\u00adgen\u00adbo\u00adgen\u00adfah\u00adnen um auch zu zei\u00adgen, dass Fans bei dem Thema we\u00adsent\u00adlich wei\u00adter sind, so Chris\u00adti\u00adan Ru\u00addolph, Spre\u00adcher von \u201eFu\u00df\u00adball\u00adfans gegen Ho\u00admo\u00adpho\u00adbie\u201c.<\/p>\n<p>Nicht ver\u00adges\u00adsen wer\u00adden darf, dass die Ho\u00admo\u00adpho\u00adbie, die wir im Fu\u00df\u00adball an\u00adtref\u00adfen, nur eine Folge der Ho\u00admo\u00adpho\u00adbie ist, die wir in der Ge\u00adsamt\u00adge\u00adsell\u00adschaft vor\u00adfin\u00adden. Es ist un\u00adrea\u00adlis\u00adtisch, zu er\u00adwar\u00adten, dass der Fu\u00df\u00adball die\u00adses Pro\u00adblem al\u00adlei\u00adne und quasi stell\u00adver\u00adtre\u00adtend f\u00fcr die Ge\u00adsamt\u00adge\u00adsell\u00adschaft l\u00f6st. Den\u00adnoch hat es in den ver\u00adgan\u00adge\u00adnen Jah\u00adren durch eine Viel\u00adzahl von Kam\u00adpa\u00adgnen und das En\u00adga\u00adge\u00adment un\u00adz\u00e4h\u00adli\u00adger Men\u00adschen sp\u00fcr\u00adba\u00adre Fort\u00adschrit\u00adte ge\u00adge\u00adben. So\u00adlan\u00adge die Ho\u00admo\u00adse\u00adxua\u00adli\u00adt\u00e4t eines Fu\u00df\u00adbal\u00adlers ein Thema f\u00fcr die Me\u00addi\u00aden ist und nichts, was ganz selbst\u00adver\u00adst\u00e4nd\u00adlich zum Fu\u00df\u00adball da\u00adzu\u00adge\u00adh\u00f6rt, sind wir al\u00adler\u00addings noch lange nicht am Ziel, meint Dirk Br\u00fcllau, Pres\u00adse\u00adspre\u00adcher von Queer Foot\u00adball Fan\u00adclubs<\/p>\n<p><strong><br \/>\nFu\u00df\u00adball\u00adfans gegen Ho\u00admo\u00adpho\u00adbie (FfgH)<\/strong> ist eine seit 2011 lau\u00adfen\u00adde Kam\u00adpa\u00adgne, die ihren Ur\u00adsprung in der Fan\u00adsze\u00adne von Ten\u00adnis Bo\u00adrus\u00adsia Ber\u00adlin hat und im Rah\u00admen derer be\u00adreits Ak\u00adtio\u00adnen in \u00fcber 60 Sta\u00adtio\u00adnen in neun L\u00e4n\u00addern statt\u00adfan\u00adden. Seit April 2013 ist FfgH zudem ein ein\u00adge\u00adtra\u00adge\u00adner Ver\u00adein. Werde f\u00fcr 12\u20ac im Jahr Mit\u00adglied, An\u00adtr\u00e4\u00adge zum Down\u00adload hier: <a href=\"http:\/\/fussballfansgegenhomophobie.blogsport.de\/verein\/\">Mit\u00adglieds\u00adan\u00adtrag<\/a><\/p>\n<p><strong>Queer Foot\u00adball Fan\u00adclubs (QFF)<\/strong> ist ein Netz\u00adwerk eu\u00adro\u00adp\u00e4i\u00adscher schwul-\u200bles\u00adbi\u00adscher Fu\u00df\u00adball Fan\u00adklubs, die zur Fu\u00df\u00adball Welt\u00admeis\u00adter\u00adschaft 2006 von den schwul-\u200bles\u00adbi\u00adschen Fan\u00adklubs aus Ber\u00adlin, Stutt\u00adgart und Dort\u00admund ge\u00adgr\u00fcn\u00addet wurde. Zur\u00adzeit setzt sich QFF aus 22 deut\u00adschen, 3 schwei\u00adzer und einem nie\u00adder\u00adl\u00e4n\u00addi\u00adschen Fu\u00df\u00adball Fan\u00adklubs zu\u00adsam\u00admen. In ihnen sind ca. 1.\u200b000 Mit\u00adglie\u00adder ver\u00adtre\u00adten.<\/p>\n<p>&nbsp;<\/p>\n","protected":false},"excerpt":{"rendered":"<p>+++ \u201eFu\u00df\u00adball\u00adfans gegen Ho\u00admo\u00adpho\u00adbie\u201c und \u201eQueer Foot\u00adball Fan\u00adclubs\u201c rufen zu bun\u00adten Fan\u00adkur\u00adven zum Li\u00adga\u00adstart als po\u00adsi\u00adti\u00adves Zei\u00adchen zum Co\u00adming \u2013 Out von Tho\u00admas Hitzlsper\u00adger auf +++ Ber\u00adlin, den 09.\u200b01.\u200b2014 Fu\u00df\u00adball\u00adfans&#8230; <a class=\"read-more-link\" href=\"https:\/\/www.fanprojekt-muenster.de\/wordpress\/bunte-fankurven-zum-ligastart-nach-der-winterpause\/\">Read more &raquo;<\/a><\/p>\n","protected":false},"author":2,"featured_media":2511,"comment_status":"open","ping_status":"open","sticky":false,"template":"","format":"standard","meta":{"advgb_blocks_editor_width":"","advgb_blocks_columns_visual_guide":"","footnotes":""},"categories":[3],"tags":[49,92,99,112,127,132,146,223,229,283,300],"class_list":["post-2510","post","type-post","status-publish","format-standard","has-post-thumbnail","hentry","category-aktuelles","tag-auswaertsfahrt","tag-erfurt","tag-fan","tag-fanprojekt","tag-fussballfans","tag-gegen","tag-homophobie","tag-sc-preussen-muenster","tag-scp","tag-von-fans-fuer-fans","tag-winterpause-2014"],"featured_image_src":null,"author_info":{"display_name":"fp_superadmin","author_link":"https:\/\/www.fanprojekt-muenster.de\/wordpress\/author\/fp_superadmin\/"},"yoast_head":"<!-- This site is optimized with the Yoast SEO plugin v27.2 - https:\/\/yoast.com\/product\/yoast-seo-wordpress\/ -->\n<title>Bunte Fankurven zum Ligastart nach der Winterpause - Fangemeinschaft Preu\u00dfen M\u00fcnster e. V.<\/title>\n<meta name=\"robots\" content=\"index, follow, max-snippet:-1, max-image-preview:large, max-video-preview:-1\" \/>\n<link rel=\"canonical\" href=\"https:\/\/www.fanprojekt-muenster.de\/wordpress\/bunte-fankurven-zum-ligastart-nach-der-winterpause\/\" \/>\n<meta property=\"og:locale\" content=\"de_DE\" \/>\n<meta property=\"og:type\" content=\"article\" \/>\n<meta property=\"og:title\" content=\"Bunte Fankurven zum Ligastart nach der Winterpause - Fangemeinschaft Preu\u00dfen M\u00fcnster e. V.\" \/>\n<meta property=\"og:description\" content=\"+++ \u201eFu\u00df\u00adball\u00adfans gegen Ho\u00admo\u00adpho\u00adbie\u201c und \u201eQueer Foot\u00adball Fan\u00adclubs\u201c rufen zu bun\u00adten Fan\u00adkur\u00adven zum Li\u00adga\u00adstart als po\u00adsi\u00adti\u00adves Zei\u00adchen zum Co\u00adming \u2013 Out von Tho\u00admas Hitzlsper\u00adger auf +++ Ber\u00adlin, den 09.\u200b01.\u200b2014 Fu\u00df\u00adball\u00adfans... Read more &raquo;\" \/>\n<meta property=\"og:url\" content=\"https:\/\/www.fanprojekt-muenster.de\/wordpress\/bunte-fankurven-zum-ligastart-nach-der-winterpause\/\" \/>\n<meta property=\"og:site_name\" content=\"Fangemeinschaft Preu\u00dfen M\u00fcnster e. V.\" \/>\n<meta property=\"article:published_time\" content=\"2014-01-23T15:05:44+00:00\" \/>\n<meta name=\"author\" content=\"fp_superadmin\" \/>\n<meta name=\"twitter:card\" content=\"summary_large_image\" \/>\n<meta name=\"twitter:label1\" content=\"Verfasst von\" \/>\n\t<meta name=\"twitter:data1\" content=\"fp_superadmin\" \/>\n\t<meta name=\"twitter:label2\" content=\"Gesch\u00e4tzte Lesezeit\" \/>\n\t<meta name=\"twitter:data2\" content=\"4\u00a0Minuten\" \/>\n<script type=\"application\/ld+json\" class=\"yoast-schema-graph\">{\"@context\":\"https:\/\/schema.org\",\"@graph\":[{\"@type\":\"Article\",\"@id\":\"https:\/\/www.fanprojekt-muenster.de\/wordpress\/bunte-fankurven-zum-ligastart-nach-der-winterpause\/#article\",\"isPartOf\":{\"@id\":\"https:\/\/www.fanprojekt-muenster.de\/wordpress\/bunte-fankurven-zum-ligastart-nach-der-winterpause\/\"},\"author\":{\"name\":\"fp_superadmin\",\"@id\":\"https:\/\/www.fanprojekt-muenster.de\/wordpress\/#\/schema\/person\/9126cc4d73d0d07c75b487075111186c\"},\"headline\":\"Bunte Fankurven zum Ligastart nach der Winterpause\",\"datePublished\":\"2014-01-23T15:05:44+00:00\",\"mainEntityOfPage\":{\"@id\":\"https:\/\/www.fanprojekt-muenster.de\/wordpress\/bunte-fankurven-zum-ligastart-nach-der-winterpause\/\"},\"wordCount\":715,\"commentCount\":0,\"publisher\":{\"@id\":\"https:\/\/www.fanprojekt-muenster.de\/wordpress\/#organization\"},\"image\":{\"@id\":\"https:\/\/www.fanprojekt-muenster.de\/wordpress\/bunte-fankurven-zum-ligastart-nach-der-winterpause\/#primaryimage\"},\"thumbnailUrl\":\"\",\"keywords\":[\"Ausw\u00e4rtsfahrt\",\"Erfurt\",\"Fan\",\"Fanprojekt\",\"Fu\u00dfballfans\",\"gegen\",\"Homophobie\",\"SC Preu\u00dfen M\u00fcnster\",\"SCP\",\"Von Fans f\u00fcr Fans\",\"Winterpause. 2014\"],\"articleSection\":[\"Aktuelles\"],\"inLanguage\":\"de\",\"potentialAction\":[{\"@type\":\"CommentAction\",\"name\":\"Comment\",\"target\":[\"https:\/\/www.fanprojekt-muenster.de\/wordpress\/bunte-fankurven-zum-ligastart-nach-der-winterpause\/#respond\"]}]},{\"@type\":\"WebPage\",\"@id\":\"https:\/\/www.fanprojekt-muenster.de\/wordpress\/bunte-fankurven-zum-ligastart-nach-der-winterpause\/\",\"url\":\"https:\/\/www.fanprojekt-muenster.de\/wordpress\/bunte-fankurven-zum-ligastart-nach-der-winterpause\/\",\"name\":\"Bunte Fankurven zum Ligastart nach der Winterpause - Fangemeinschaft Preu\u00dfen M\u00fcnster e. V.\",\"isPartOf\":{\"@id\":\"https:\/\/www.fanprojekt-muenster.de\/wordpress\/#website\"},\"primaryImageOfPage\":{\"@id\":\"https:\/\/www.fanprojekt-muenster.de\/wordpress\/bunte-fankurven-zum-ligastart-nach-der-winterpause\/#primaryimage\"},\"image\":{\"@id\":\"https:\/\/www.fanprojekt-muenster.de\/wordpress\/bunte-fankurven-zum-ligastart-nach-der-winterpause\/#primaryimage\"},\"thumbnailUrl\":\"\",\"datePublished\":\"2014-01-23T15:05:44+00:00\",\"breadcrumb\":{\"@id\":\"https:\/\/www.fanprojekt-muenster.de\/wordpress\/bunte-fankurven-zum-ligastart-nach-der-winterpause\/#breadcrumb\"},\"inLanguage\":\"de\",\"potentialAction\":[{\"@type\":\"ReadAction\",\"target\":[\"https:\/\/www.fanprojekt-muenster.de\/wordpress\/bunte-fankurven-zum-ligastart-nach-der-winterpause\/\"]}]},{\"@type\":\"ImageObject\",\"inLanguage\":\"de\",\"@id\":\"https:\/\/www.fanprojekt-muenster.de\/wordpress\/bunte-fankurven-zum-ligastart-nach-der-winterpause\/#primaryimage\",\"url\":\"\",\"contentUrl\":\"\"},{\"@type\":\"BreadcrumbList\",\"@id\":\"https:\/\/www.fanprojekt-muenster.de\/wordpress\/bunte-fankurven-zum-ligastart-nach-der-winterpause\/#breadcrumb\",\"itemListElement\":[{\"@type\":\"ListItem\",\"position\":1,\"name\":\"Startseite\",\"item\":\"https:\/\/www.fanprojekt-muenster.de\/wordpress\/\"},{\"@type\":\"ListItem\",\"position\":2,\"name\":\"Bunte Fankurven zum Ligastart nach der Winterpause\"}]},{\"@type\":\"WebSite\",\"@id\":\"https:\/\/www.fanprojekt-muenster.de\/wordpress\/#website\",\"url\":\"https:\/\/www.fanprojekt-muenster.de\/wordpress\/\",\"name\":\"Fangemeinschaft Preu\u00dfen M\u00fcnster e. V.\",\"description\":\"\",\"publisher\":{\"@id\":\"https:\/\/www.fanprojekt-muenster.de\/wordpress\/#organization\"},\"potentialAction\":[{\"@type\":\"SearchAction\",\"target\":{\"@type\":\"EntryPoint\",\"urlTemplate\":\"https:\/\/www.fanprojekt-muenster.de\/wordpress\/?s={search_term_string}\"},\"query-input\":{\"@type\":\"PropertyValueSpecification\",\"valueRequired\":true,\"valueName\":\"search_term_string\"}}],\"inLanguage\":\"de\"},{\"@type\":\"Organization\",\"@id\":\"https:\/\/www.fanprojekt-muenster.de\/wordpress\/#organization\",\"name\":\"Fangemeinschaft Preu\u00dfen M\u00fcnster e. V.\",\"url\":\"https:\/\/www.fanprojekt-muenster.de\/wordpress\/\",\"logo\":{\"@type\":\"ImageObject\",\"inLanguage\":\"de\",\"@id\":\"https:\/\/www.fanprojekt-muenster.de\/wordpress\/#\/schema\/logo\/image\/\",\"url\":\"https:\/\/www.fanprojekt-muenster.de\/wordpress\/wp-content\/uploads\/2019\/07\/cropped-Website_Logo3-9.png\",\"contentUrl\":\"https:\/\/www.fanprojekt-muenster.de\/wordpress\/wp-content\/uploads\/2019\/07\/cropped-Website_Logo3-9.png\",\"width\":224,\"height\":42,\"caption\":\"Fangemeinschaft Preu\u00dfen M\u00fcnster e. V.\"},\"image\":{\"@id\":\"https:\/\/www.fanprojekt-muenster.de\/wordpress\/#\/schema\/logo\/image\/\"}},{\"@type\":\"Person\",\"@id\":\"https:\/\/www.fanprojekt-muenster.de\/wordpress\/#\/schema\/person\/9126cc4d73d0d07c75b487075111186c\",\"name\":\"fp_superadmin\",\"url\":\"https:\/\/www.fanprojekt-muenster.de\/wordpress\/author\/fp_superadmin\/\"}]}<\/script>\n<!-- \/ Yoast SEO plugin. -->","yoast_head_json":{"title":"Bunte Fankurven zum Ligastart nach der Winterpause - Fangemeinschaft Preu\u00dfen M\u00fcnster e. V.","robots":{"index":"index","follow":"follow","max-snippet":"max-snippet:-1","max-image-preview":"max-image-preview:large","max-video-preview":"max-video-preview:-1"},"canonical":"https:\/\/www.fanprojekt-muenster.de\/wordpress\/bunte-fankurven-zum-ligastart-nach-der-winterpause\/","og_locale":"de_DE","og_type":"article","og_title":"Bunte Fankurven zum Ligastart nach der Winterpause - Fangemeinschaft Preu\u00dfen M\u00fcnster e. V.","og_description":"+++ \u201eFu\u00df\u00adball\u00adfans gegen Ho\u00admo\u00adpho\u00adbie\u201c und \u201eQueer Foot\u00adball Fan\u00adclubs\u201c rufen zu bun\u00adten Fan\u00adkur\u00adven zum Li\u00adga\u00adstart als po\u00adsi\u00adti\u00adves Zei\u00adchen zum Co\u00adming \u2013 Out von Tho\u00admas Hitzlsper\u00adger auf +++ Ber\u00adlin, den 09.\u200b01.\u200b2014 Fu\u00df\u00adball\u00adfans... Read more &raquo;","og_url":"https:\/\/www.fanprojekt-muenster.de\/wordpress\/bunte-fankurven-zum-ligastart-nach-der-winterpause\/","og_site_name":"Fangemeinschaft Preu\u00dfen M\u00fcnster e. V.","article_published_time":"2014-01-23T15:05:44+00:00","author":"fp_superadmin","twitter_card":"summary_large_image","twitter_misc":{"Verfasst von":"fp_superadmin","Gesch\u00e4tzte Lesezeit":"4\u00a0Minuten"},"schema":{"@context":"https:\/\/schema.org","@graph":[{"@type":"Article","@id":"https:\/\/www.fanprojekt-muenster.de\/wordpress\/bunte-fankurven-zum-ligastart-nach-der-winterpause\/#article","isPartOf":{"@id":"https:\/\/www.fanprojekt-muenster.de\/wordpress\/bunte-fankurven-zum-ligastart-nach-der-winterpause\/"},"author":{"name":"fp_superadmin","@id":"https:\/\/www.fanprojekt-muenster.de\/wordpress\/#\/schema\/person\/9126cc4d73d0d07c75b487075111186c"},"headline":"Bunte Fankurven zum Ligastart nach der Winterpause","datePublished":"2014-01-23T15:05:44+00:00","mainEntityOfPage":{"@id":"https:\/\/www.fanprojekt-muenster.de\/wordpress\/bunte-fankurven-zum-ligastart-nach-der-winterpause\/"},"wordCount":715,"commentCount":0,"publisher":{"@id":"https:\/\/www.fanprojekt-muenster.de\/wordpress\/#organization"},"image":{"@id":"https:\/\/www.fanprojekt-muenster.de\/wordpress\/bunte-fankurven-zum-ligastart-nach-der-winterpause\/#primaryimage"},"thumbnailUrl":"","keywords":["Ausw\u00e4rtsfahrt","Erfurt","Fan","Fanprojekt","Fu\u00dfballfans","gegen","Homophobie","SC Preu\u00dfen M\u00fcnster","SCP","Von Fans f\u00fcr Fans","Winterpause. 2014"],"articleSection":["Aktuelles"],"inLanguage":"de","potentialAction":[{"@type":"CommentAction","name":"Comment","target":["https:\/\/www.fanprojekt-muenster.de\/wordpress\/bunte-fankurven-zum-ligastart-nach-der-winterpause\/#respond"]}]},{"@type":"WebPage","@id":"https:\/\/www.fanprojekt-muenster.de\/wordpress\/bunte-fankurven-zum-ligastart-nach-der-winterpause\/","url":"https:\/\/www.fanprojekt-muenster.de\/wordpress\/bunte-fankurven-zum-ligastart-nach-der-winterpause\/","name":"Bunte Fankurven zum Ligastart nach der Winterpause - Fangemeinschaft Preu\u00dfen M\u00fcnster e. V.","isPartOf":{"@id":"https:\/\/www.fanprojekt-muenster.de\/wordpress\/#website"},"primaryImageOfPage":{"@id":"https:\/\/www.fanprojekt-muenster.de\/wordpress\/bunte-fankurven-zum-ligastart-nach-der-winterpause\/#primaryimage"},"image":{"@id":"https:\/\/www.fanprojekt-muenster.de\/wordpress\/bunte-fankurven-zum-ligastart-nach-der-winterpause\/#primaryimage"},"thumbnailUrl":"","datePublished":"2014-01-23T15:05:44+00:00","breadcrumb":{"@id":"https:\/\/www.fanprojekt-muenster.de\/wordpress\/bunte-fankurven-zum-ligastart-nach-der-winterpause\/#breadcrumb"},"inLanguage":"de","potentialAction":[{"@type":"ReadAction","target":["https:\/\/www.fanprojekt-muenster.de\/wordpress\/bunte-fankurven-zum-ligastart-nach-der-winterpause\/"]}]},{"@type":"ImageObject","inLanguage":"de","@id":"https:\/\/www.fanprojekt-muenster.de\/wordpress\/bunte-fankurven-zum-ligastart-nach-der-winterpause\/#primaryimage","url":"","contentUrl":""},{"@type":"BreadcrumbList","@id":"https:\/\/www.fanprojekt-muenster.de\/wordpress\/bunte-fankurven-zum-ligastart-nach-der-winterpause\/#breadcrumb","itemListElement":[{"@type":"ListItem","position":1,"name":"Startseite","item":"https:\/\/www.fanprojekt-muenster.de\/wordpress\/"},{"@type":"ListItem","position":2,"name":"Bunte Fankurven zum Ligastart nach der Winterpause"}]},{"@type":"WebSite","@id":"https:\/\/www.fanprojekt-muenster.de\/wordpress\/#website","url":"https:\/\/www.fanprojekt-muenster.de\/wordpress\/","name":"Fangemeinschaft Preu\u00dfen M\u00fcnster e. V.","description":"","publisher":{"@id":"https:\/\/www.fanprojekt-muenster.de\/wordpress\/#organization"},"potentialAction":[{"@type":"SearchAction","target":{"@type":"EntryPoint","urlTemplate":"https:\/\/www.fanprojekt-muenster.de\/wordpress\/?s={search_term_string}"},"query-input":{"@type":"PropertyValueSpecification","valueRequired":true,"valueName":"search_term_string"}}],"inLanguage":"de"},{"@type":"Organization","@id":"https:\/\/www.fanprojekt-muenster.de\/wordpress\/#organization","name":"Fangemeinschaft Preu\u00dfen M\u00fcnster e. V.","url":"https:\/\/www.fanprojekt-muenster.de\/wordpress\/","logo":{"@type":"ImageObject","inLanguage":"de","@id":"https:\/\/www.fanprojekt-muenster.de\/wordpress\/#\/schema\/logo\/image\/","url":"https:\/\/www.fanprojekt-muenster.de\/wordpress\/wp-content\/uploads\/2019\/07\/cropped-Website_Logo3-9.png","contentUrl":"https:\/\/www.fanprojekt-muenster.de\/wordpress\/wp-content\/uploads\/2019\/07\/cropped-Website_Logo3-9.png","width":224,"height":42,"caption":"Fangemeinschaft Preu\u00dfen M\u00fcnster e. V."},"image":{"@id":"https:\/\/www.fanprojekt-muenster.de\/wordpress\/#\/schema\/logo\/image\/"}},{"@type":"Person","@id":"https:\/\/www.fanprojekt-muenster.de\/wordpress\/#\/schema\/person\/9126cc4d73d0d07c75b487075111186c","name":"fp_superadmin","url":"https:\/\/www.fanprojekt-muenster.de\/wordpress\/author\/fp_superadmin\/"}]}},"author_meta":{"display_name":"fp_superadmin","author_link":"https:\/\/www.fanprojekt-muenster.de\/wordpress\/author\/fp_superadmin\/"},"featured_img":null,"coauthors":[],"tax_additional":{"categories":{"linked":["<a href=\"https:\/\/www.fanprojekt-muenster.de\/wordpress\/category\/aktuelles\/\" class=\"advgb-post-tax-term\">Aktuelles<\/a>"],"unlinked":["<span class=\"advgb-post-tax-term\">Aktuelles<\/span>"]},"tags":{"linked":["<a href=\"https:\/\/www.fanprojekt-muenster.de\/wordpress\/category\/aktuelles\/\" class=\"advgb-post-tax-term\">Ausw\u00e4rtsfahrt<\/a>","<a href=\"https:\/\/www.fanprojekt-muenster.de\/wordpress\/category\/aktuelles\/\" class=\"advgb-post-tax-term\">Erfurt<\/a>","<a href=\"https:\/\/www.fanprojekt-muenster.de\/wordpress\/category\/aktuelles\/\" class=\"advgb-post-tax-term\">Fan<\/a>","<a href=\"https:\/\/www.fanprojekt-muenster.de\/wordpress\/category\/aktuelles\/\" class=\"advgb-post-tax-term\">Fanprojekt<\/a>","<a href=\"https:\/\/www.fanprojekt-muenster.de\/wordpress\/category\/aktuelles\/\" class=\"advgb-post-tax-term\">Fu\u00dfballfans<\/a>","<a href=\"https:\/\/www.fanprojekt-muenster.de\/wordpress\/category\/aktuelles\/\" class=\"advgb-post-tax-term\">gegen<\/a>","<a href=\"https:\/\/www.fanprojekt-muenster.de\/wordpress\/category\/aktuelles\/\" class=\"advgb-post-tax-term\">Homophobie<\/a>","<a href=\"https:\/\/www.fanprojekt-muenster.de\/wordpress\/category\/aktuelles\/\" class=\"advgb-post-tax-term\">SC Preu\u00dfen M\u00fcnster<\/a>","<a href=\"https:\/\/www.fanprojekt-muenster.de\/wordpress\/category\/aktuelles\/\" class=\"advgb-post-tax-term\">SCP<\/a>","<a href=\"https:\/\/www.fanprojekt-muenster.de\/wordpress\/category\/aktuelles\/\" class=\"advgb-post-tax-term\">Von Fans f\u00fcr Fans<\/a>","<a href=\"https:\/\/www.fanprojekt-muenster.de\/wordpress\/category\/aktuelles\/\" class=\"advgb-post-tax-term\">Winterpause. 2014<\/a>"],"unlinked":["<span class=\"advgb-post-tax-term\">Ausw\u00e4rtsfahrt<\/span>","<span class=\"advgb-post-tax-term\">Erfurt<\/span>","<span class=\"advgb-post-tax-term\">Fan<\/span>","<span class=\"advgb-post-tax-term\">Fanprojekt<\/span>","<span class=\"advgb-post-tax-term\">Fu\u00dfballfans<\/span>","<span class=\"advgb-post-tax-term\">gegen<\/span>","<span class=\"advgb-post-tax-term\">Homophobie<\/span>","<span class=\"advgb-post-tax-term\">SC Preu\u00dfen M\u00fcnster<\/span>","<span class=\"advgb-post-tax-term\">SCP<\/span>","<span class=\"advgb-post-tax-term\">Von Fans f\u00fcr Fans<\/span>","<span class=\"advgb-post-tax-term\">Winterpause. 2014<\/span>"]}},"comment_count":"0","relative_dates":{"created":"Posted 12\u00a0Jahren ago","modified":"Updated 12\u00a0Jahren ago"},"absolute_dates":{"created":"Posted on 23. Januar 2014","modified":"Updated on 23. Januar 2014"},"absolute_dates_time":{"created":"Posted on 23. Januar 2014 17:05","modified":"Updated on 23. Januar 2014 17:05"},"featured_img_caption":"","series_order":"","_links":{"self":[{"href":"https:\/\/www.fanprojekt-muenster.de\/wordpress\/wp-json\/wp\/v2\/posts\/2510","targetHints":{"allow":["GET"]}}],"collection":[{"href":"https:\/\/www.fanprojekt-muenster.de\/wordpress\/wp-json\/wp\/v2\/posts"}],"about":[{"href":"https:\/\/www.fanprojekt-muenster.de\/wordpress\/wp-json\/wp\/v2\/types\/post"}],"author":[{"embeddable":true,"href":"https:\/\/www.fanprojekt-muenster.de\/wordpress\/wp-json\/wp\/v2\/users\/2"}],"replies":[{"embeddable":true,"href":"https:\/\/www.fanprojekt-muenster.de\/wordpress\/wp-json\/wp\/v2\/comments?post=2510"}],"version-history":[{"count":0,"href":"https:\/\/www.fanprojekt-muenster.de\/wordpress\/wp-json\/wp\/v2\/posts\/2510\/revisions"}],"wp:featuredmedia":[{"embeddable":true,"href":"https:\/\/www.fanprojekt-muenster.de\/wordpress\/wp-json\/"}],"wp:attachment":[{"href":"https:\/\/www.fanprojekt-muenster.de\/wordpress\/wp-json\/wp\/v2\/media?parent=2510"}],"wp:term":[{"taxonomy":"category","embeddable":true,"href":"https:\/\/www.fanprojekt-muenster.de\/wordpress\/wp-json\/wp\/v2\/categories?post=2510"},{"taxonomy":"post_tag","embeddable":true,"href":"https:\/\/www.fanprojekt-muenster.de\/wordpress\/wp-json\/wp\/v2\/tags?post=2510"}],"curies":[{"name":"wp","href":"https:\/\/api.w.org\/{rel}","templated":true}]}}