{"id":2503,"date":"2014-01-21T19:39:35","date_gmt":"2014-01-21T17:39:35","guid":{"rendered":"http:\/\/www.fanprojekt-muenster.de\/?p=2503"},"modified":"2014-01-21T19:39:35","modified_gmt":"2014-01-21T17:39:35","slug":"neujahrsempfang-des-preussen-fanprojektes-ein-voller-erfolg-2","status":"publish","type":"post","link":"https:\/\/www.fanprojekt-muenster.de\/wordpress\/neujahrsempfang-des-preussen-fanprojektes-ein-voller-erfolg-2\/","title":{"rendered":"Neujahrsempfang des Preu\u00dfen-Fanprojektes ein voller Erfolg"},"content":{"rendered":"<p><img loading=\"lazy\" decoding=\"async\" class=\"alignnone size-large wp-image-2470\" alt=\"SONY DSC\" src=\"http:\/\/www.fanprojekt-muenster.de\/wp-content\/uploads\/2014\/01\/DSC05357-1024x681.jpg\" width=\"960\" height=\"638\" \/><\/p>\n<p>\u00dcber 200 des fast 550 Mitglieder z\u00e4hlenden Fanprojektes (FP) des SC Preu\u00dfen M\u00fcnster waren am Samstagabend in die Business-R\u00e4ume der Haupttrib\u00fcne gekommen, um den Start in ein hoffentlich erfolgreiches Fu\u00dfballjahr 2014 im Kreise der Preu\u00dfen-Familie zu feiern. Unter ihnen waren auch die komplette Mannschaft, die sich an die Tische der Fans mischte, Trainer Ralf Loose, Carsten Gockel und Siggi H\u00f6ing vom Vorstand.<\/p>\n<p>Die Organisatoren des Neujahrsempfangs hatten ein tolles Programm, leckeres Essen und preisg\u00fcnstige Getr\u00e4nke angeboten und die Fans von jung bis alt waren begeistert. Die Moderatorin und erste Vorsitzende des FP, Tanja Eilert, sprach hinterher von \u201eeinem vollen Erfolg, der uns best\u00e4tigt, mit diesem neuen Termin und einem rund erneuerten Programm vieles richtig gemacht zu haben\u201c.<\/p>\n<p>Es gab Comedy-Einlagen unter anderem von Klaus Herrmann (Sponsor und bekannt aus \u201eSchlag den Raab\u201c) und Livemusik von der Band \u201eAttila Schickermann und die Motteks\u201c mit neuen Preu\u00dfensongs. Die neue CD ist in K\u00fcrze auch \u00fcber das Fanprojekt erh\u00e4ltlich. Au\u00dferdem wurde das kurzweilige Spiel \u201eSchlag die Mannschaft\u201c gespielt. Die beliebte, diesmal zeitlich stark verk\u00fcrzte, Tombola mit tollen Preisen von Sponsoren begeisterte die Fans wieder. Der Hauptpreis, eine Skireise von Pfiff Sportreisen im Wert von 1100 Euro, fand ebenso einen gl\u00fccklichen Abnehmer wie ein Fahrrad, ein Preu\u00dfen-Sandsteinunikat und viele weitere Preise.<\/p>\n<p>Au\u00dferdem stellte das Fanprojekt seinen Mitgliedern das neueste und sehr gut angelaufene Projekt \u201eRadio Mottekstrehle\u201c sowie die neue \u201eAusw\u00e4rtsoffensive\u201c vor. Bei Radio Mottekstrehle gibt es in K\u00fcrze auch eine Reportage \u00fcber den FP-Neujahrsempfang.<br \/>\nDer Zusammenhalt aller hat bei dieser Neujahrsfeier wieder einmal bewiesen: Das Fanprojekt-Motto \u201eVon Fans f\u00fcr Fans\u201c wird auch weiter gelebt, f\u00fcr und gemeinsam mit dem Verein.<\/p>\n<p><a title=\"Neujahrsempfang 2014\" href=\"http:\/\/www.fanprojekt-muenster.de\/fotos\/neujahrsempfang-2014\/\">Hier<\/a> geht es zu den Bildern.<br \/>\nReportage von Benny von Radio Mottekstrehle:<br \/>\n[ca_audio url=&#8220;\/radioms\/cms\/Archiv_Sendungen\/2013\/Interviews\/00-Reportage-FPNeujahrsempfang2014.mp3&#8243; width=&#8220;90&#8243; height=&#8220;50&#8243; css_class=&#8220;codeart-google-mp3-player&#8220;]<\/p>\n<p><strong>Wir unterst\u00fctzen das FP beim Neujahrsempfang 2014:<\/strong><\/p>\n<p><a href=\"http:\/\/www.agravis.de\" target=\"_blank\" rel=\"noopener noreferrer\"><img loading=\"lazy\" decoding=\"async\" class=\"alignnone size-full wp-image-2203\" alt=\"Agravis\" src=\"http:\/\/www.fanprojekt-muenster.de\/wp-content\/uploads\/2013\/06\/Agravis.jpg\" width=\"150\" height=\"150\" \/><\/a> <a href=\"http:\/\/www.hermann-allianz.de\/\" target=\"_blank\" rel=\"noopener noreferrer\"><img loading=\"lazy\" decoding=\"async\" class=\"alignnone size-large wp-image-2204\" alt=\"Allianz\" src=\"http:\/\/www.fanprojekt-muenster.de\/wp-content\/uploads\/2013\/06\/Allianz.jpg\" width=\"150\" height=\"150\" \/> <\/a><a href=\"http:\/\/www.antennemuenster.de\" target=\"_blank\" rel=\"noopener noreferrer\"><img loading=\"lazy\" decoding=\"async\" class=\"alignnone size-full wp-image-2277\" alt=\"Antenne_Muenster\" src=\"http:\/\/www.fanprojekt-muenster.de\/wp-content\/uploads\/2013\/06\/Antenne_Muenster.jpg\" width=\"150\" height=\"150\" \/><\/a> <a href=\"https:\/\/www.facebook.com\/AttilaSchickermann\" target=\"_blank\" rel=\"noopener noreferrer\"><img loading=\"lazy\" decoding=\"async\" class=\"alignnone size-full wp-image-2217\" alt=\"Attila\" src=\"http:\/\/www.fanprojekt-muenster.de\/wp-content\/uploads\/2013\/06\/Attila.jpg\" width=\"150\" height=\"150\" \/><\/a> <a href=\"http:\/\/www.auszeit.ms\/\" target=\"_blank\" rel=\"noopener noreferrer\"><img loading=\"lazy\" decoding=\"async\" class=\"alignnone size-large wp-image-2205\" alt=\"Auszeit\" src=\"http:\/\/www.fanprojekt-muenster.de\/wp-content\/uploads\/2013\/06\/Auszeit.jpg\" width=\"150\" height=\"150\" \/><\/a> <a href=\"http:\/\/www.auto-krause.de\/\" target=\"_blank\" rel=\"noopener noreferrer\"><img loading=\"lazy\" decoding=\"async\" class=\"alignnone size-large wp-image-2206\" alt=\"Auto_Krause\" src=\"http:\/\/www.fanprojekt-muenster.de\/wp-content\/uploads\/2013\/06\/Auto_Krause.jpg\" width=\"150\" height=\"150\" \/><\/a> <a href=\"http:\/\/www.aschendorff-buchverlag.de\/shop\/product_info.php?info=p1790_Heflik--Alexander-br----Das-Meisterjahr.html\" target=\"_blank\" rel=\"noopener noreferrer\"><img loading=\"lazy\" decoding=\"async\" class=\"alignnone size-full wp-image-2230\" alt=\"Heflik\" src=\"http:\/\/www.fanprojekt-muenster.de\/wp-content\/uploads\/2013\/06\/Heflik.jpg\" width=\"150\" height=\"150\" \/> <\/a><a href=\"http:\/\/www.timhackemack.de\" target=\"_blank\" rel=\"noopener noreferrer\"><img loading=\"lazy\" decoding=\"async\" class=\"alignnone size-full wp-image-2241\" alt=\"Hackemack\" src=\"http:\/\/www.fanprojekt-muenster.de\/wp-content\/uploads\/2013\/06\/Hackemack.jpg\" width=\"150\" height=\"150\" \/><\/a> <a href=\"http:\/\/www.krimphove.de\/\" target=\"_blank\" rel=\"noopener noreferrer\"><img loading=\"lazy\" decoding=\"async\" class=\"alignnone size-large wp-image-2207\" alt=\"Krimphove\" src=\"http:\/\/www.fanprojekt-muenster.de\/wp-content\/uploads\/2013\/06\/Krimphove.jpg\" width=\"150\" height=\"150\" \/><\/a> <a href=\"http:\/\/www.lecker-dose.de\/\" target=\"_blank\" rel=\"noopener noreferrer\"><img loading=\"lazy\" decoding=\"async\" class=\"alignnone size-large wp-image-2208\" alt=\"Lecker\" src=\"http:\/\/www.fanprojekt-muenster.de\/wp-content\/uploads\/2013\/06\/Lecker.jpg\" width=\"150\" height=\"150\" \/><\/a><a href=\"http:\/\/loetlaempken-catering.com\" target=\"_blank\" rel=\"noopener noreferrer\"><img loading=\"lazy\" decoding=\"async\" class=\"alignnone size-full wp-image-2215\" alt=\"loetlaempken\" src=\"http:\/\/www.fanprojekt-muenster.de\/wp-content\/uploads\/2013\/06\/loetlaempken.jpg\" width=\"150\" height=\"150\" \/><\/a> <a href=\"http:\/\/www.bildhauerei-mertens.de\" target=\"_blank\" rel=\"noopener noreferrer\"><img loading=\"lazy\" decoding=\"async\" class=\"alignnone size-full wp-image-2242\" alt=\"Mertens\" src=\"http:\/\/www.fanprojekt-muenster.de\/wp-content\/uploads\/2013\/06\/Mertens.jpg\" width=\"150\" height=\"150\" \/><\/a> <a href=\"http:\/\/www.muenster-online-shop.de\/\" target=\"_blank\" rel=\"noopener noreferrer\"><img loading=\"lazy\" decoding=\"async\" class=\"alignnone size-large wp-image-2209\" alt=\"M4L\" src=\"http:\/\/www.fanprojekt-muenster.de\/wp-content\/uploads\/2013\/06\/M4L.jpg\" width=\"150\" height=\"150\" \/><\/a> <a href=\"http:\/\/www.muensterschezeitung.de\/\" target=\"_blank\" rel=\"noopener noreferrer\"><img loading=\"lazy\" decoding=\"async\" class=\"alignnone size-large wp-image-2210\" alt=\"MZ\" src=\"http:\/\/www.fanprojekt-muenster.de\/wp-content\/uploads\/2013\/06\/MZ.jpg\" width=\"150\" height=\"150\" \/><\/a> <a href=\"http:\/\/www.pfiff-reisen.de\/\" target=\"_blank\" rel=\"noopener noreferrer\"><img loading=\"lazy\" decoding=\"async\" class=\"alignnone size-full wp-image-2246\" alt=\"Pfiff_Reisen\" src=\"http:\/\/www.fanprojekt-muenster.de\/wp-content\/uploads\/2013\/06\/Pfiff_Reisen.jpg\" width=\"150\" height=\"150\" \/><\/a> <a href=\"http:\/\/www.aschendorff-buchverlag.de\/shop\/product_info.php?info=p1403_Wessel--Dirk-br----Prico-steigt-auf-.html\" target=\"_blank\" rel=\"noopener noreferrer\"><img loading=\"lazy\" decoding=\"async\" class=\"alignnone size-large wp-image-2211\" alt=\"Prico\" src=\"http:\/\/www.fanprojekt-muenster.de\/wp-content\/uploads\/2013\/06\/Prico.jpg\" width=\"150\" height=\"150\" \/><\/a><a href=\"http:\/\/www.scpreussen-muenster.de\" target=\"_blank\" rel=\"noopener noreferrer\"> <img loading=\"lazy\" decoding=\"async\" class=\"alignnone size-full wp-image-2224\" alt=\"SCP\" src=\"http:\/\/www.fanprojekt-muenster.de\/wp-content\/uploads\/2013\/06\/SCP.jpg\" width=\"150\" height=\"150\" \/><\/a> <a href=\"http:\/\/transparent-magazin.de\/blog\/\" target=\"_blank\" rel=\"noopener noreferrer\"><img loading=\"lazy\" decoding=\"async\" class=\"alignnone size-large wp-image-2212\" alt=\"Transparent\" src=\"http:\/\/www.fanprojekt-muenster.de\/wp-content\/uploads\/2013\/06\/Transparent.jpg\" width=\"150\" height=\"150\" \/><\/a> <a href=\"http:\/\/www.warsteiner.de\" target=\"_blank\" rel=\"noopener noreferrer\"><img loading=\"lazy\" decoding=\"async\" class=\"alignnone size-large wp-image-2213\" alt=\"Warsteiner\" src=\"http:\/\/www.fanprojekt-muenster.de\/wp-content\/uploads\/2013\/06\/Warsteiner.jpg\" width=\"150\" height=\"150\" \/><\/a> <a href=\"http:\/\/www.wn.de\" target=\"_blank\" rel=\"noopener noreferrer\"><img loading=\"lazy\" decoding=\"async\" class=\"alignnone size-large wp-image-2214\" alt=\"WN\" src=\"http:\/\/www.fanprojekt-muenster.de\/wp-content\/uploads\/2013\/06\/WN.jpg\" width=\"150\" height=\"150\" \/><\/a><\/p>\n","protected":false},"excerpt":{"rendered":"<p>\u00dcber 200 des fast 550 Mitglieder z\u00e4hlenden Fanprojektes (FP) des SC Preu\u00dfen M\u00fcnster waren am Samstagabend in die Business-R\u00e4ume der Haupttrib\u00fcne gekommen, um den Start in ein hoffentlich erfolgreiches Fu\u00dfballjahr&#8230; <a class=\"read-more-link\" href=\"https:\/\/www.fanprojekt-muenster.de\/wordpress\/neujahrsempfang-des-preussen-fanprojektes-ein-voller-erfolg-2\/\">Read more &raquo;<\/a><\/p>\n","protected":false},"author":2,"featured_media":0,"comment_status":"open","ping_status":"open","sticky":false,"template":"","format":"standard","meta":{"advgb_blocks_editor_width":"","advgb_blocks_columns_visual_guide":"","footnotes":""},"categories":[3],"tags":[26,99,112,170,187,205,223,229,283],"class_list":["post-2503","post","type-post","status-publish","format-standard","hentry","category-aktuelles","tag-26","tag-fan","tag-fanprojekt","tag-mitglieder","tag-neujahrsempfang","tag-radio-mottekstrehle","tag-sc-preussen-muenster","tag-scp","tag-von-fans-fuer-fans"],"featured_image_src":null,"author_info":{"display_name":"fp_superadmin","author_link":"https:\/\/www.fanprojekt-muenster.de\/wordpress\/author\/fp_superadmin\/"},"yoast_head":"<!-- This site is optimized with the Yoast SEO plugin v27.2 - https:\/\/yoast.com\/product\/yoast-seo-wordpress\/ -->\n<title>Neujahrsempfang des Preu\u00dfen-Fanprojektes ein voller Erfolg - Fangemeinschaft Preu\u00dfen M\u00fcnster e. V.<\/title>\n<meta name=\"robots\" content=\"index, follow, max-snippet:-1, max-image-preview:large, max-video-preview:-1\" \/>\n<link rel=\"canonical\" href=\"https:\/\/www.fanprojekt-muenster.de\/wordpress\/neujahrsempfang-des-preussen-fanprojektes-ein-voller-erfolg-2\/\" \/>\n<meta property=\"og:locale\" content=\"de_DE\" \/>\n<meta property=\"og:type\" content=\"article\" \/>\n<meta property=\"og:title\" content=\"Neujahrsempfang des Preu\u00dfen-Fanprojektes ein voller Erfolg - Fangemeinschaft Preu\u00dfen M\u00fcnster e. V.\" \/>\n<meta property=\"og:description\" content=\"\u00dcber 200 des fast 550 Mitglieder z\u00e4hlenden Fanprojektes (FP) des SC Preu\u00dfen M\u00fcnster waren am Samstagabend in die Business-R\u00e4ume der Haupttrib\u00fcne gekommen, um den Start in ein hoffentlich erfolgreiches Fu\u00dfballjahr... Read more &raquo;\" \/>\n<meta property=\"og:url\" content=\"https:\/\/www.fanprojekt-muenster.de\/wordpress\/neujahrsempfang-des-preussen-fanprojektes-ein-voller-erfolg-2\/\" \/>\n<meta property=\"og:site_name\" content=\"Fangemeinschaft Preu\u00dfen M\u00fcnster e. V.\" \/>\n<meta property=\"article:published_time\" content=\"2014-01-21T17:39:35+00:00\" \/>\n<meta property=\"og:image\" content=\"http:\/\/www.fanprojekt-muenster.de\/wp-content\/uploads\/2014\/01\/DSC05357-1024x681.jpg\" \/>\n<meta name=\"author\" content=\"fp_superadmin\" \/>\n<meta name=\"twitter:card\" content=\"summary_large_image\" \/>\n<meta name=\"twitter:label1\" content=\"Verfasst von\" \/>\n\t<meta name=\"twitter:data1\" content=\"fp_superadmin\" \/>\n\t<meta name=\"twitter:label2\" content=\"Gesch\u00e4tzte Lesezeit\" \/>\n\t<meta name=\"twitter:data2\" content=\"2\u00a0Minuten\" \/>\n<script type=\"application\/ld+json\" class=\"yoast-schema-graph\">{\"@context\":\"https:\/\/schema.org\",\"@graph\":[{\"@type\":\"Article\",\"@id\":\"https:\/\/www.fanprojekt-muenster.de\/wordpress\/neujahrsempfang-des-preussen-fanprojektes-ein-voller-erfolg-2\/#article\",\"isPartOf\":{\"@id\":\"https:\/\/www.fanprojekt-muenster.de\/wordpress\/neujahrsempfang-des-preussen-fanprojektes-ein-voller-erfolg-2\/\"},\"author\":{\"name\":\"fp_superadmin\",\"@id\":\"https:\/\/www.fanprojekt-muenster.de\/wordpress\/#\/schema\/person\/9126cc4d73d0d07c75b487075111186c\"},\"headline\":\"Neujahrsempfang des Preu\u00dfen-Fanprojektes ein voller Erfolg\",\"datePublished\":\"2014-01-21T17:39:35+00:00\",\"mainEntityOfPage\":{\"@id\":\"https:\/\/www.fanprojekt-muenster.de\/wordpress\/neujahrsempfang-des-preussen-fanprojektes-ein-voller-erfolg-2\/\"},\"wordCount\":327,\"commentCount\":0,\"publisher\":{\"@id\":\"https:\/\/www.fanprojekt-muenster.de\/wordpress\/#organization\"},\"image\":{\"@id\":\"https:\/\/www.fanprojekt-muenster.de\/wordpress\/neujahrsempfang-des-preussen-fanprojektes-ein-voller-erfolg-2\/#primaryimage\"},\"thumbnailUrl\":\"http:\/\/www.fanprojekt-muenster.de\/wp-content\/uploads\/2014\/01\/DSC05357-1024x681.jpg\",\"keywords\":[\"2014\",\"Fan\",\"Fanprojekt\",\"Mitglieder\",\"Neujahrsempfang\",\"Radio Mottekstrehle\",\"SC Preu\u00dfen M\u00fcnster\",\"SCP\",\"Von Fans f\u00fcr Fans\"],\"articleSection\":[\"Aktuelles\"],\"inLanguage\":\"de\",\"potentialAction\":[{\"@type\":\"CommentAction\",\"name\":\"Comment\",\"target\":[\"https:\/\/www.fanprojekt-muenster.de\/wordpress\/neujahrsempfang-des-preussen-fanprojektes-ein-voller-erfolg-2\/#respond\"]}]},{\"@type\":\"WebPage\",\"@id\":\"https:\/\/www.fanprojekt-muenster.de\/wordpress\/neujahrsempfang-des-preussen-fanprojektes-ein-voller-erfolg-2\/\",\"url\":\"https:\/\/www.fanprojekt-muenster.de\/wordpress\/neujahrsempfang-des-preussen-fanprojektes-ein-voller-erfolg-2\/\",\"name\":\"Neujahrsempfang des Preu\u00dfen-Fanprojektes ein voller Erfolg - Fangemeinschaft Preu\u00dfen M\u00fcnster e. V.\",\"isPartOf\":{\"@id\":\"https:\/\/www.fanprojekt-muenster.de\/wordpress\/#website\"},\"primaryImageOfPage\":{\"@id\":\"https:\/\/www.fanprojekt-muenster.de\/wordpress\/neujahrsempfang-des-preussen-fanprojektes-ein-voller-erfolg-2\/#primaryimage\"},\"image\":{\"@id\":\"https:\/\/www.fanprojekt-muenster.de\/wordpress\/neujahrsempfang-des-preussen-fanprojektes-ein-voller-erfolg-2\/#primaryimage\"},\"thumbnailUrl\":\"http:\/\/www.fanprojekt-muenster.de\/wp-content\/uploads\/2014\/01\/DSC05357-1024x681.jpg\",\"datePublished\":\"2014-01-21T17:39:35+00:00\",\"breadcrumb\":{\"@id\":\"https:\/\/www.fanprojekt-muenster.de\/wordpress\/neujahrsempfang-des-preussen-fanprojektes-ein-voller-erfolg-2\/#breadcrumb\"},\"inLanguage\":\"de\",\"potentialAction\":[{\"@type\":\"ReadAction\",\"target\":[\"https:\/\/www.fanprojekt-muenster.de\/wordpress\/neujahrsempfang-des-preussen-fanprojektes-ein-voller-erfolg-2\/\"]}]},{\"@type\":\"ImageObject\",\"inLanguage\":\"de\",\"@id\":\"https:\/\/www.fanprojekt-muenster.de\/wordpress\/neujahrsempfang-des-preussen-fanprojektes-ein-voller-erfolg-2\/#primaryimage\",\"url\":\"http:\/\/www.fanprojekt-muenster.de\/wp-content\/uploads\/2014\/01\/DSC05357-1024x681.jpg\",\"contentUrl\":\"http:\/\/www.fanprojekt-muenster.de\/wp-content\/uploads\/2014\/01\/DSC05357-1024x681.jpg\"},{\"@type\":\"BreadcrumbList\",\"@id\":\"https:\/\/www.fanprojekt-muenster.de\/wordpress\/neujahrsempfang-des-preussen-fanprojektes-ein-voller-erfolg-2\/#breadcrumb\",\"itemListElement\":[{\"@type\":\"ListItem\",\"position\":1,\"name\":\"Startseite\",\"item\":\"https:\/\/www.fanprojekt-muenster.de\/wordpress\/\"},{\"@type\":\"ListItem\",\"position\":2,\"name\":\"Neujahrsempfang des Preu\u00dfen-Fanprojektes ein voller Erfolg\"}]},{\"@type\":\"WebSite\",\"@id\":\"https:\/\/www.fanprojekt-muenster.de\/wordpress\/#website\",\"url\":\"https:\/\/www.fanprojekt-muenster.de\/wordpress\/\",\"name\":\"Fangemeinschaft Preu\u00dfen M\u00fcnster e. V.\",\"description\":\"\",\"publisher\":{\"@id\":\"https:\/\/www.fanprojekt-muenster.de\/wordpress\/#organization\"},\"potentialAction\":[{\"@type\":\"SearchAction\",\"target\":{\"@type\":\"EntryPoint\",\"urlTemplate\":\"https:\/\/www.fanprojekt-muenster.de\/wordpress\/?s={search_term_string}\"},\"query-input\":{\"@type\":\"PropertyValueSpecification\",\"valueRequired\":true,\"valueName\":\"search_term_string\"}}],\"inLanguage\":\"de\"},{\"@type\":\"Organization\",\"@id\":\"https:\/\/www.fanprojekt-muenster.de\/wordpress\/#organization\",\"name\":\"Fangemeinschaft Preu\u00dfen M\u00fcnster e. V.\",\"url\":\"https:\/\/www.fanprojekt-muenster.de\/wordpress\/\",\"logo\":{\"@type\":\"ImageObject\",\"inLanguage\":\"de\",\"@id\":\"https:\/\/www.fanprojekt-muenster.de\/wordpress\/#\/schema\/logo\/image\/\",\"url\":\"https:\/\/www.fanprojekt-muenster.de\/wordpress\/wp-content\/uploads\/2019\/07\/cropped-Website_Logo3-9.png\",\"contentUrl\":\"https:\/\/www.fanprojekt-muenster.de\/wordpress\/wp-content\/uploads\/2019\/07\/cropped-Website_Logo3-9.png\",\"width\":224,\"height\":42,\"caption\":\"Fangemeinschaft Preu\u00dfen M\u00fcnster e. V.\"},\"image\":{\"@id\":\"https:\/\/www.fanprojekt-muenster.de\/wordpress\/#\/schema\/logo\/image\/\"}},{\"@type\":\"Person\",\"@id\":\"https:\/\/www.fanprojekt-muenster.de\/wordpress\/#\/schema\/person\/9126cc4d73d0d07c75b487075111186c\",\"name\":\"fp_superadmin\",\"url\":\"https:\/\/www.fanprojekt-muenster.de\/wordpress\/author\/fp_superadmin\/\"}]}<\/script>\n<!-- \/ Yoast SEO plugin. -->","yoast_head_json":{"title":"Neujahrsempfang des Preu\u00dfen-Fanprojektes ein voller Erfolg - Fangemeinschaft Preu\u00dfen M\u00fcnster e. V.","robots":{"index":"index","follow":"follow","max-snippet":"max-snippet:-1","max-image-preview":"max-image-preview:large","max-video-preview":"max-video-preview:-1"},"canonical":"https:\/\/www.fanprojekt-muenster.de\/wordpress\/neujahrsempfang-des-preussen-fanprojektes-ein-voller-erfolg-2\/","og_locale":"de_DE","og_type":"article","og_title":"Neujahrsempfang des Preu\u00dfen-Fanprojektes ein voller Erfolg - Fangemeinschaft Preu\u00dfen M\u00fcnster e. V.","og_description":"\u00dcber 200 des fast 550 Mitglieder z\u00e4hlenden Fanprojektes (FP) des SC Preu\u00dfen M\u00fcnster waren am Samstagabend in die Business-R\u00e4ume der Haupttrib\u00fcne gekommen, um den Start in ein hoffentlich erfolgreiches Fu\u00dfballjahr... Read more &raquo;","og_url":"https:\/\/www.fanprojekt-muenster.de\/wordpress\/neujahrsempfang-des-preussen-fanprojektes-ein-voller-erfolg-2\/","og_site_name":"Fangemeinschaft Preu\u00dfen M\u00fcnster e. V.","article_published_time":"2014-01-21T17:39:35+00:00","og_image":[{"url":"http:\/\/www.fanprojekt-muenster.de\/wp-content\/uploads\/2014\/01\/DSC05357-1024x681.jpg","type":"","width":"","height":""}],"author":"fp_superadmin","twitter_card":"summary_large_image","twitter_misc":{"Verfasst von":"fp_superadmin","Gesch\u00e4tzte Lesezeit":"2\u00a0Minuten"},"schema":{"@context":"https:\/\/schema.org","@graph":[{"@type":"Article","@id":"https:\/\/www.fanprojekt-muenster.de\/wordpress\/neujahrsempfang-des-preussen-fanprojektes-ein-voller-erfolg-2\/#article","isPartOf":{"@id":"https:\/\/www.fanprojekt-muenster.de\/wordpress\/neujahrsempfang-des-preussen-fanprojektes-ein-voller-erfolg-2\/"},"author":{"name":"fp_superadmin","@id":"https:\/\/www.fanprojekt-muenster.de\/wordpress\/#\/schema\/person\/9126cc4d73d0d07c75b487075111186c"},"headline":"Neujahrsempfang des Preu\u00dfen-Fanprojektes ein voller Erfolg","datePublished":"2014-01-21T17:39:35+00:00","mainEntityOfPage":{"@id":"https:\/\/www.fanprojekt-muenster.de\/wordpress\/neujahrsempfang-des-preussen-fanprojektes-ein-voller-erfolg-2\/"},"wordCount":327,"commentCount":0,"publisher":{"@id":"https:\/\/www.fanprojekt-muenster.de\/wordpress\/#organization"},"image":{"@id":"https:\/\/www.fanprojekt-muenster.de\/wordpress\/neujahrsempfang-des-preussen-fanprojektes-ein-voller-erfolg-2\/#primaryimage"},"thumbnailUrl":"http:\/\/www.fanprojekt-muenster.de\/wp-content\/uploads\/2014\/01\/DSC05357-1024x681.jpg","keywords":["2014","Fan","Fanprojekt","Mitglieder","Neujahrsempfang","Radio Mottekstrehle","SC Preu\u00dfen M\u00fcnster","SCP","Von Fans f\u00fcr Fans"],"articleSection":["Aktuelles"],"inLanguage":"de","potentialAction":[{"@type":"CommentAction","name":"Comment","target":["https:\/\/www.fanprojekt-muenster.de\/wordpress\/neujahrsempfang-des-preussen-fanprojektes-ein-voller-erfolg-2\/#respond"]}]},{"@type":"WebPage","@id":"https:\/\/www.fanprojekt-muenster.de\/wordpress\/neujahrsempfang-des-preussen-fanprojektes-ein-voller-erfolg-2\/","url":"https:\/\/www.fanprojekt-muenster.de\/wordpress\/neujahrsempfang-des-preussen-fanprojektes-ein-voller-erfolg-2\/","name":"Neujahrsempfang des Preu\u00dfen-Fanprojektes ein voller Erfolg - Fangemeinschaft Preu\u00dfen M\u00fcnster e. V.","isPartOf":{"@id":"https:\/\/www.fanprojekt-muenster.de\/wordpress\/#website"},"primaryImageOfPage":{"@id":"https:\/\/www.fanprojekt-muenster.de\/wordpress\/neujahrsempfang-des-preussen-fanprojektes-ein-voller-erfolg-2\/#primaryimage"},"image":{"@id":"https:\/\/www.fanprojekt-muenster.de\/wordpress\/neujahrsempfang-des-preussen-fanprojektes-ein-voller-erfolg-2\/#primaryimage"},"thumbnailUrl":"http:\/\/www.fanprojekt-muenster.de\/wp-content\/uploads\/2014\/01\/DSC05357-1024x681.jpg","datePublished":"2014-01-21T17:39:35+00:00","breadcrumb":{"@id":"https:\/\/www.fanprojekt-muenster.de\/wordpress\/neujahrsempfang-des-preussen-fanprojektes-ein-voller-erfolg-2\/#breadcrumb"},"inLanguage":"de","potentialAction":[{"@type":"ReadAction","target":["https:\/\/www.fanprojekt-muenster.de\/wordpress\/neujahrsempfang-des-preussen-fanprojektes-ein-voller-erfolg-2\/"]}]},{"@type":"ImageObject","inLanguage":"de","@id":"https:\/\/www.fanprojekt-muenster.de\/wordpress\/neujahrsempfang-des-preussen-fanprojektes-ein-voller-erfolg-2\/#primaryimage","url":"http:\/\/www.fanprojekt-muenster.de\/wp-content\/uploads\/2014\/01\/DSC05357-1024x681.jpg","contentUrl":"http:\/\/www.fanprojekt-muenster.de\/wp-content\/uploads\/2014\/01\/DSC05357-1024x681.jpg"},{"@type":"BreadcrumbList","@id":"https:\/\/www.fanprojekt-muenster.de\/wordpress\/neujahrsempfang-des-preussen-fanprojektes-ein-voller-erfolg-2\/#breadcrumb","itemListElement":[{"@type":"ListItem","position":1,"name":"Startseite","item":"https:\/\/www.fanprojekt-muenster.de\/wordpress\/"},{"@type":"ListItem","position":2,"name":"Neujahrsempfang des Preu\u00dfen-Fanprojektes ein voller Erfolg"}]},{"@type":"WebSite","@id":"https:\/\/www.fanprojekt-muenster.de\/wordpress\/#website","url":"https:\/\/www.fanprojekt-muenster.de\/wordpress\/","name":"Fangemeinschaft Preu\u00dfen M\u00fcnster e. V.","description":"","publisher":{"@id":"https:\/\/www.fanprojekt-muenster.de\/wordpress\/#organization"},"potentialAction":[{"@type":"SearchAction","target":{"@type":"EntryPoint","urlTemplate":"https:\/\/www.fanprojekt-muenster.de\/wordpress\/?s={search_term_string}"},"query-input":{"@type":"PropertyValueSpecification","valueRequired":true,"valueName":"search_term_string"}}],"inLanguage":"de"},{"@type":"Organization","@id":"https:\/\/www.fanprojekt-muenster.de\/wordpress\/#organization","name":"Fangemeinschaft Preu\u00dfen M\u00fcnster e. V.","url":"https:\/\/www.fanprojekt-muenster.de\/wordpress\/","logo":{"@type":"ImageObject","inLanguage":"de","@id":"https:\/\/www.fanprojekt-muenster.de\/wordpress\/#\/schema\/logo\/image\/","url":"https:\/\/www.fanprojekt-muenster.de\/wordpress\/wp-content\/uploads\/2019\/07\/cropped-Website_Logo3-9.png","contentUrl":"https:\/\/www.fanprojekt-muenster.de\/wordpress\/wp-content\/uploads\/2019\/07\/cropped-Website_Logo3-9.png","width":224,"height":42,"caption":"Fangemeinschaft Preu\u00dfen M\u00fcnster e. V."},"image":{"@id":"https:\/\/www.fanprojekt-muenster.de\/wordpress\/#\/schema\/logo\/image\/"}},{"@type":"Person","@id":"https:\/\/www.fanprojekt-muenster.de\/wordpress\/#\/schema\/person\/9126cc4d73d0d07c75b487075111186c","name":"fp_superadmin","url":"https:\/\/www.fanprojekt-muenster.de\/wordpress\/author\/fp_superadmin\/"}]}},"author_meta":{"display_name":"fp_superadmin","author_link":"https:\/\/www.fanprojekt-muenster.de\/wordpress\/author\/fp_superadmin\/"},"featured_img":null,"coauthors":[],"tax_additional":{"categories":{"linked":["<a href=\"https:\/\/www.fanprojekt-muenster.de\/wordpress\/category\/aktuelles\/\" class=\"advgb-post-tax-term\">Aktuelles<\/a>"],"unlinked":["<span class=\"advgb-post-tax-term\">Aktuelles<\/span>"]},"tags":{"linked":["<a href=\"https:\/\/www.fanprojekt-muenster.de\/wordpress\/category\/aktuelles\/\" class=\"advgb-post-tax-term\">2014<\/a>","<a href=\"https:\/\/www.fanprojekt-muenster.de\/wordpress\/category\/aktuelles\/\" class=\"advgb-post-tax-term\">Fan<\/a>","<a href=\"https:\/\/www.fanprojekt-muenster.de\/wordpress\/category\/aktuelles\/\" class=\"advgb-post-tax-term\">Fanprojekt<\/a>","<a href=\"https:\/\/www.fanprojekt-muenster.de\/wordpress\/category\/aktuelles\/\" class=\"advgb-post-tax-term\">Mitglieder<\/a>","<a href=\"https:\/\/www.fanprojekt-muenster.de\/wordpress\/category\/aktuelles\/\" class=\"advgb-post-tax-term\">Neujahrsempfang<\/a>","<a href=\"https:\/\/www.fanprojekt-muenster.de\/wordpress\/category\/aktuelles\/\" class=\"advgb-post-tax-term\">Radio Mottekstrehle<\/a>","<a href=\"https:\/\/www.fanprojekt-muenster.de\/wordpress\/category\/aktuelles\/\" class=\"advgb-post-tax-term\">SC Preu\u00dfen M\u00fcnster<\/a>","<a href=\"https:\/\/www.fanprojekt-muenster.de\/wordpress\/category\/aktuelles\/\" class=\"advgb-post-tax-term\">SCP<\/a>","<a href=\"https:\/\/www.fanprojekt-muenster.de\/wordpress\/category\/aktuelles\/\" class=\"advgb-post-tax-term\">Von Fans f\u00fcr Fans<\/a>"],"unlinked":["<span class=\"advgb-post-tax-term\">2014<\/span>","<span class=\"advgb-post-tax-term\">Fan<\/span>","<span class=\"advgb-post-tax-term\">Fanprojekt<\/span>","<span class=\"advgb-post-tax-term\">Mitglieder<\/span>","<span class=\"advgb-post-tax-term\">Neujahrsempfang<\/span>","<span class=\"advgb-post-tax-term\">Radio Mottekstrehle<\/span>","<span class=\"advgb-post-tax-term\">SC Preu\u00dfen M\u00fcnster<\/span>","<span class=\"advgb-post-tax-term\">SCP<\/span>","<span class=\"advgb-post-tax-term\">Von Fans f\u00fcr Fans<\/span>"]}},"comment_count":"0","relative_dates":{"created":"Posted 12\u00a0Jahren ago","modified":"Updated 12\u00a0Jahren ago"},"absolute_dates":{"created":"Posted on 21. Januar 2014","modified":"Updated on 21. Januar 2014"},"absolute_dates_time":{"created":"Posted on 21. Januar 2014 19:39","modified":"Updated on 21. Januar 2014 19:39"},"featured_img_caption":"","series_order":"","_links":{"self":[{"href":"https:\/\/www.fanprojekt-muenster.de\/wordpress\/wp-json\/wp\/v2\/posts\/2503","targetHints":{"allow":["GET"]}}],"collection":[{"href":"https:\/\/www.fanprojekt-muenster.de\/wordpress\/wp-json\/wp\/v2\/posts"}],"about":[{"href":"https:\/\/www.fanprojekt-muenster.de\/wordpress\/wp-json\/wp\/v2\/types\/post"}],"author":[{"embeddable":true,"href":"https:\/\/www.fanprojekt-muenster.de\/wordpress\/wp-json\/wp\/v2\/users\/2"}],"replies":[{"embeddable":true,"href":"https:\/\/www.fanprojekt-muenster.de\/wordpress\/wp-json\/wp\/v2\/comments?post=2503"}],"version-history":[{"count":0,"href":"https:\/\/www.fanprojekt-muenster.de\/wordpress\/wp-json\/wp\/v2\/posts\/2503\/revisions"}],"wp:attachment":[{"href":"https:\/\/www.fanprojekt-muenster.de\/wordpress\/wp-json\/wp\/v2\/media?parent=2503"}],"wp:term":[{"taxonomy":"category","embeddable":true,"href":"https:\/\/www.fanprojekt-muenster.de\/wordpress\/wp-json\/wp\/v2\/categories?post=2503"},{"taxonomy":"post_tag","embeddable":true,"href":"https:\/\/www.fanprojekt-muenster.de\/wordpress\/wp-json\/wp\/v2\/tags?post=2503"}],"curies":[{"name":"wp","href":"https:\/\/api.w.org\/{rel}","templated":true}]}}