{"id":2248,"date":"2013-12-23T20:58:58","date_gmt":"2013-12-23T18:58:58","guid":{"rendered":"http:\/\/www.fanprojekt-muenster.de\/?p=2248"},"modified":"2013-12-23T20:58:58","modified_gmt":"2013-12-23T18:58:58","slug":"das-fanprojekt-wuenscht-frohe-feiertage-und-ein-gutes-neues-jahr","status":"publish","type":"post","link":"https:\/\/www.fanprojekt-muenster.de\/wordpress\/das-fanprojekt-wuenscht-frohe-feiertage-und-ein-gutes-neues-jahr\/","title":{"rendered":"Das Fanprojekt w\u00fcnscht frohe Feiertage und ein gutes neues Jahr!"},"content":{"rendered":"<p><img loading=\"lazy\" decoding=\"async\" class=\"alignnone size-large wp-image-2249\" alt=\"Fanprojekt_Muenster_Weihnachten\" src=\"http:\/\/www.fanprojekt-muenster.de\/wp-content\/uploads\/2013\/12\/Fanprojekt_Muenster_Weihnachten-1024x733.jpg\" width=\"960\" height=\"687\" \/><br \/>\nZum Jahresende m\u00f6chten wir mit diesen Zeilen auf das Jahr 2013 zur\u00fcckblicken und auf 2014 schauen:<br \/>\nDas Fanprojekt des SC Preu\u00dfen M\u00fcnster als eigenst\u00e4ndige Abteilung des Vereins hat inzwischen \u00fcber 530 Mitglieder von jung bis alt, Tendenz steigend\u2026<\/p>\n<p>Unser Projekt Fanradio Radio Mottekstrehle ist nach anf\u00e4nglichen Schwierigkeiten inzwischen etabliert als zus\u00e4tzliches Medium mit und f\u00fcr unsere Preu\u00dfen. Wir freuen uns \u00fcber teilweise vierstellige Zuh\u00f6rerzahlen und viel Lob. Manchmal haben wir noch mit den technischen Problemen zu k\u00e4mpfen, aber uns steht f\u00fcr das Projekt nur ein beschr\u00e4nktes Budget zur Verf\u00fcgung. Wir arbeiten mit viel Herzblut weiter an diesem Radioprojekt und freuen uns \u00fcber jeden Zuh\u00f6rer sowie neue Mitstreiter und Sponsoren\u2026<\/p>\n<p>Sponsoren d\u00fcrfen sich auch f\u00fcr unsere beliebten, aber teilweise nicht kostendeckenden Busfahrten zu den Ausw\u00e4rtsspielen melden. Zwar steigen die Zahlen der Mitfahrer, manchmal bleiben aber doch zu viele Pl\u00e4tze leer. Trotzdem wollen wir auch k\u00fcnftig m\u00f6glichst alle Ausw\u00e4rtsspiele anbieten.<\/p>\n<p>Unser erster Neujahrsempfang, der unsere traditionelle Weihnachtsfeier abl\u00f6ste, war Anfang des Jahres ein voller Erfolg. Am Samstag, den 18. Januar 2014, findet in den R\u00e4umen die zweite Auflage statt. Dazu sind neben den Fanprojektmitgliedern auch Preu\u00dfen-Mitglieder herzlich eingeladen, ein paar unterhaltsame Stunden im Kreise von Fans und Mannschaft zu verbringen! Anmelden k\u00f6nnen sich Interessierte auf unserer Homepage www.fanprojekt-m\u00fcnster.de! Auf der Website, die wir im August neu gestaltet haben, gibt es auch alle weiteren Infos zum Fanprojekt. \u00dcbrigens: Seit dem Relaunch der Website bietet das FP auch eine eigene App an.<\/p>\n<p>Vor ein paar Wochen haben wir unser traditionelles Grillen mit der Mannschaft erstmals als \u201eEintopf mit der Mannschaft\u201c veranstaltet \u2013 und es war ein voller Erfolg. Fans und Mannschaft haben gegen- und miteinander gekickert und alle hatten viel Spa\u00df. Wir freuen uns schon auf unsere Veranstaltungen im kommenden Jahr. Das Wir-Gef\u00fchl ist wirklich jedes Mal wieder beeindruckend!<\/p>\n<p>Das Fanprojekt hat in seiner letzten JHV angek\u00fcndigt, sich umzustrukturieren. Zurzeit erarbeiten wir entsprechende Konzepte, auch zu einer m\u00f6glichen Umbenennung und Installation einer gro\u00dfen, gemeinsamen Fanabteilung. Wie wir uns umbenennen, werden letztlich unsere Mitglieder entscheiden. Die erfolgreiche Aktion Gemeinsame Kurve wird sich ab sofort bei uns im Fanprojekt einbringen, was wir sehr begr\u00fc\u00dfen.<\/p>\n<p>Hier noch ein R\u00fcckblick auf weitere Aktionen, die wir gemacht haben und auf die, die wir machen wollen: Wir haben im Hintergrund viele Gespr\u00e4che mit verschiedenen Gruppierungen sowie dem Verein gef\u00fchrt, um f\u00fcr mehr Zusammenhalt mitzuarbeiten. Es ist wichtig, dass FP und SCP k\u00fcnftig noch enger zusammenarbeiten. Au\u00dferdem hatten wir in diesem Jahr noch die Trikotaktion f\u00fcr Anett in Chemnitz, die Rote-Karten-Aktion gegen Rassismus und Diskriminierung, wir haben w\u00e4rmende Decken f\u00fcr die Rollstuhlfahrer organisiert, haben zur Ausw\u00e4rtsoffensive zur letzten Saison aufgerufen und sind \u2013 wie immer \u2013 gerne Ansprechpartner f\u00fcr alle Fans des SCP. Unsere Klassiker Grillen mit der Mannschaft, Neujahrsempfang, unsere Busfahrten und vieles mehr werden wir den Preu\u00dfenfans auch im kommenden Jahr anbieten und freuen uns sehr darauf.<\/p>\n<p>Liebe Preu\u00dfen, Ihnen allen sch\u00f6ne Feiertage und uns allen ein erfolgreiches Preu\u00dfenjahr 2014!<\/p>\n<p>Der Vorstand des Fanprojekt Preu\u00dfen M\u00fcnster e.V.<\/p>\n","protected":false},"excerpt":{"rendered":"<p>Zum Jahresende m\u00f6chten wir mit diesen Zeilen auf das Jahr 2013 zur\u00fcckblicken und auf 2014 schauen: Das Fanprojekt des SC Preu\u00dfen M\u00fcnster als eigenst\u00e4ndige Abteilung des Vereins hat inzwischen \u00fcber&#8230; <a class=\"read-more-link\" href=\"https:\/\/www.fanprojekt-muenster.de\/wordpress\/das-fanprojekt-wuenscht-frohe-feiertage-und-ein-gutes-neues-jahr\/\">Read more &raquo;<\/a><\/p>\n","protected":false},"author":2,"featured_media":2249,"comment_status":"open","ping_status":"open","sticky":false,"template":"","format":"standard","meta":{"advgb_blocks_editor_width":"","advgb_blocks_columns_visual_guide":"","footnotes":""},"categories":[3],"tags":[25,26,112,126,137,205,223,283,294],"class_list":["post-2248","post","type-post","status-publish","format-standard","has-post-thumbnail","hentry","category-aktuelles","tag-25","tag-26","tag-fanprojekt","tag-frohes-fest","tag-guten-rutsch","tag-radio-mottekstrehle","tag-sc-preussen-muenster","tag-von-fans-fuer-fans","tag-weihnachten"],"featured_image_src":null,"author_info":{"display_name":"fp_superadmin","author_link":"https:\/\/www.fanprojekt-muenster.de\/wordpress\/author\/fp_superadmin\/"},"yoast_head":"<!-- This site is optimized with the Yoast SEO plugin v27.2 - https:\/\/yoast.com\/product\/yoast-seo-wordpress\/ -->\n<title>Das Fanprojekt w\u00fcnscht frohe Feiertage und ein gutes neues Jahr! - Fangemeinschaft Preu\u00dfen M\u00fcnster e. V.<\/title>\n<meta name=\"robots\" content=\"index, follow, max-snippet:-1, max-image-preview:large, max-video-preview:-1\" \/>\n<link rel=\"canonical\" href=\"https:\/\/www.fanprojekt-muenster.de\/wordpress\/das-fanprojekt-wuenscht-frohe-feiertage-und-ein-gutes-neues-jahr\/\" \/>\n<meta property=\"og:locale\" content=\"de_DE\" \/>\n<meta property=\"og:type\" content=\"article\" \/>\n<meta property=\"og:title\" content=\"Das Fanprojekt w\u00fcnscht frohe Feiertage und ein gutes neues Jahr! - Fangemeinschaft Preu\u00dfen M\u00fcnster e. V.\" \/>\n<meta property=\"og:description\" content=\"Zum Jahresende m\u00f6chten wir mit diesen Zeilen auf das Jahr 2013 zur\u00fcckblicken und auf 2014 schauen: Das Fanprojekt des SC Preu\u00dfen M\u00fcnster als eigenst\u00e4ndige Abteilung des Vereins hat inzwischen \u00fcber... Read more &raquo;\" \/>\n<meta property=\"og:url\" content=\"https:\/\/www.fanprojekt-muenster.de\/wordpress\/das-fanprojekt-wuenscht-frohe-feiertage-und-ein-gutes-neues-jahr\/\" \/>\n<meta property=\"og:site_name\" content=\"Fangemeinschaft Preu\u00dfen M\u00fcnster e. V.\" \/>\n<meta property=\"article:published_time\" content=\"2013-12-23T18:58:58+00:00\" \/>\n<meta name=\"author\" content=\"fp_superadmin\" \/>\n<meta name=\"twitter:card\" content=\"summary_large_image\" \/>\n<meta name=\"twitter:label1\" content=\"Verfasst von\" \/>\n\t<meta name=\"twitter:data1\" content=\"fp_superadmin\" \/>\n\t<meta name=\"twitter:label2\" content=\"Gesch\u00e4tzte Lesezeit\" \/>\n\t<meta name=\"twitter:data2\" content=\"3\u00a0Minuten\" \/>\n<script type=\"application\/ld+json\" class=\"yoast-schema-graph\">{\"@context\":\"https:\/\/schema.org\",\"@graph\":[{\"@type\":\"Article\",\"@id\":\"https:\/\/www.fanprojekt-muenster.de\/wordpress\/das-fanprojekt-wuenscht-frohe-feiertage-und-ein-gutes-neues-jahr\/#article\",\"isPartOf\":{\"@id\":\"https:\/\/www.fanprojekt-muenster.de\/wordpress\/das-fanprojekt-wuenscht-frohe-feiertage-und-ein-gutes-neues-jahr\/\"},\"author\":{\"name\":\"fp_superadmin\",\"@id\":\"https:\/\/www.fanprojekt-muenster.de\/wordpress\/#\/schema\/person\/9126cc4d73d0d07c75b487075111186c\"},\"headline\":\"Das Fanprojekt w\u00fcnscht frohe Feiertage und ein gutes neues Jahr!\",\"datePublished\":\"2013-12-23T18:58:58+00:00\",\"mainEntityOfPage\":{\"@id\":\"https:\/\/www.fanprojekt-muenster.de\/wordpress\/das-fanprojekt-wuenscht-frohe-feiertage-und-ein-gutes-neues-jahr\/\"},\"wordCount\":542,\"commentCount\":0,\"publisher\":{\"@id\":\"https:\/\/www.fanprojekt-muenster.de\/wordpress\/#organization\"},\"image\":{\"@id\":\"https:\/\/www.fanprojekt-muenster.de\/wordpress\/das-fanprojekt-wuenscht-frohe-feiertage-und-ein-gutes-neues-jahr\/#primaryimage\"},\"thumbnailUrl\":\"\",\"keywords\":[\"2013\",\"2014\",\"Fanprojekt\",\"Frohes Fest\",\"Guten Rutsch\",\"Radio Mottekstrehle\",\"SC Preu\u00dfen M\u00fcnster\",\"Von Fans f\u00fcr Fans\",\"Weihnachten\"],\"articleSection\":[\"Aktuelles\"],\"inLanguage\":\"de\",\"potentialAction\":[{\"@type\":\"CommentAction\",\"name\":\"Comment\",\"target\":[\"https:\/\/www.fanprojekt-muenster.de\/wordpress\/das-fanprojekt-wuenscht-frohe-feiertage-und-ein-gutes-neues-jahr\/#respond\"]}]},{\"@type\":\"WebPage\",\"@id\":\"https:\/\/www.fanprojekt-muenster.de\/wordpress\/das-fanprojekt-wuenscht-frohe-feiertage-und-ein-gutes-neues-jahr\/\",\"url\":\"https:\/\/www.fanprojekt-muenster.de\/wordpress\/das-fanprojekt-wuenscht-frohe-feiertage-und-ein-gutes-neues-jahr\/\",\"name\":\"Das Fanprojekt w\u00fcnscht frohe Feiertage und ein gutes neues Jahr! - Fangemeinschaft Preu\u00dfen M\u00fcnster e. V.\",\"isPartOf\":{\"@id\":\"https:\/\/www.fanprojekt-muenster.de\/wordpress\/#website\"},\"primaryImageOfPage\":{\"@id\":\"https:\/\/www.fanprojekt-muenster.de\/wordpress\/das-fanprojekt-wuenscht-frohe-feiertage-und-ein-gutes-neues-jahr\/#primaryimage\"},\"image\":{\"@id\":\"https:\/\/www.fanprojekt-muenster.de\/wordpress\/das-fanprojekt-wuenscht-frohe-feiertage-und-ein-gutes-neues-jahr\/#primaryimage\"},\"thumbnailUrl\":\"\",\"datePublished\":\"2013-12-23T18:58:58+00:00\",\"breadcrumb\":{\"@id\":\"https:\/\/www.fanprojekt-muenster.de\/wordpress\/das-fanprojekt-wuenscht-frohe-feiertage-und-ein-gutes-neues-jahr\/#breadcrumb\"},\"inLanguage\":\"de\",\"potentialAction\":[{\"@type\":\"ReadAction\",\"target\":[\"https:\/\/www.fanprojekt-muenster.de\/wordpress\/das-fanprojekt-wuenscht-frohe-feiertage-und-ein-gutes-neues-jahr\/\"]}]},{\"@type\":\"ImageObject\",\"inLanguage\":\"de\",\"@id\":\"https:\/\/www.fanprojekt-muenster.de\/wordpress\/das-fanprojekt-wuenscht-frohe-feiertage-und-ein-gutes-neues-jahr\/#primaryimage\",\"url\":\"\",\"contentUrl\":\"\"},{\"@type\":\"BreadcrumbList\",\"@id\":\"https:\/\/www.fanprojekt-muenster.de\/wordpress\/das-fanprojekt-wuenscht-frohe-feiertage-und-ein-gutes-neues-jahr\/#breadcrumb\",\"itemListElement\":[{\"@type\":\"ListItem\",\"position\":1,\"name\":\"Startseite\",\"item\":\"https:\/\/www.fanprojekt-muenster.de\/wordpress\/\"},{\"@type\":\"ListItem\",\"position\":2,\"name\":\"Das Fanprojekt w\u00fcnscht frohe Feiertage und ein gutes neues Jahr!\"}]},{\"@type\":\"WebSite\",\"@id\":\"https:\/\/www.fanprojekt-muenster.de\/wordpress\/#website\",\"url\":\"https:\/\/www.fanprojekt-muenster.de\/wordpress\/\",\"name\":\"Fangemeinschaft Preu\u00dfen M\u00fcnster e. V.\",\"description\":\"\",\"publisher\":{\"@id\":\"https:\/\/www.fanprojekt-muenster.de\/wordpress\/#organization\"},\"potentialAction\":[{\"@type\":\"SearchAction\",\"target\":{\"@type\":\"EntryPoint\",\"urlTemplate\":\"https:\/\/www.fanprojekt-muenster.de\/wordpress\/?s={search_term_string}\"},\"query-input\":{\"@type\":\"PropertyValueSpecification\",\"valueRequired\":true,\"valueName\":\"search_term_string\"}}],\"inLanguage\":\"de\"},{\"@type\":\"Organization\",\"@id\":\"https:\/\/www.fanprojekt-muenster.de\/wordpress\/#organization\",\"name\":\"Fangemeinschaft Preu\u00dfen M\u00fcnster e. V.\",\"url\":\"https:\/\/www.fanprojekt-muenster.de\/wordpress\/\",\"logo\":{\"@type\":\"ImageObject\",\"inLanguage\":\"de\",\"@id\":\"https:\/\/www.fanprojekt-muenster.de\/wordpress\/#\/schema\/logo\/image\/\",\"url\":\"https:\/\/www.fanprojekt-muenster.de\/wordpress\/wp-content\/uploads\/2019\/07\/cropped-Website_Logo3-9.png\",\"contentUrl\":\"https:\/\/www.fanprojekt-muenster.de\/wordpress\/wp-content\/uploads\/2019\/07\/cropped-Website_Logo3-9.png\",\"width\":224,\"height\":42,\"caption\":\"Fangemeinschaft Preu\u00dfen M\u00fcnster e. V.\"},\"image\":{\"@id\":\"https:\/\/www.fanprojekt-muenster.de\/wordpress\/#\/schema\/logo\/image\/\"}},{\"@type\":\"Person\",\"@id\":\"https:\/\/www.fanprojekt-muenster.de\/wordpress\/#\/schema\/person\/9126cc4d73d0d07c75b487075111186c\",\"name\":\"fp_superadmin\",\"url\":\"https:\/\/www.fanprojekt-muenster.de\/wordpress\/author\/fp_superadmin\/\"}]}<\/script>\n<!-- \/ Yoast SEO plugin. -->","yoast_head_json":{"title":"Das Fanprojekt w\u00fcnscht frohe Feiertage und ein gutes neues Jahr! - Fangemeinschaft Preu\u00dfen M\u00fcnster e. V.","robots":{"index":"index","follow":"follow","max-snippet":"max-snippet:-1","max-image-preview":"max-image-preview:large","max-video-preview":"max-video-preview:-1"},"canonical":"https:\/\/www.fanprojekt-muenster.de\/wordpress\/das-fanprojekt-wuenscht-frohe-feiertage-und-ein-gutes-neues-jahr\/","og_locale":"de_DE","og_type":"article","og_title":"Das Fanprojekt w\u00fcnscht frohe Feiertage und ein gutes neues Jahr! - Fangemeinschaft Preu\u00dfen M\u00fcnster e. V.","og_description":"Zum Jahresende m\u00f6chten wir mit diesen Zeilen auf das Jahr 2013 zur\u00fcckblicken und auf 2014 schauen: Das Fanprojekt des SC Preu\u00dfen M\u00fcnster als eigenst\u00e4ndige Abteilung des Vereins hat inzwischen \u00fcber... Read more &raquo;","og_url":"https:\/\/www.fanprojekt-muenster.de\/wordpress\/das-fanprojekt-wuenscht-frohe-feiertage-und-ein-gutes-neues-jahr\/","og_site_name":"Fangemeinschaft Preu\u00dfen M\u00fcnster e. V.","article_published_time":"2013-12-23T18:58:58+00:00","author":"fp_superadmin","twitter_card":"summary_large_image","twitter_misc":{"Verfasst von":"fp_superadmin","Gesch\u00e4tzte Lesezeit":"3\u00a0Minuten"},"schema":{"@context":"https:\/\/schema.org","@graph":[{"@type":"Article","@id":"https:\/\/www.fanprojekt-muenster.de\/wordpress\/das-fanprojekt-wuenscht-frohe-feiertage-und-ein-gutes-neues-jahr\/#article","isPartOf":{"@id":"https:\/\/www.fanprojekt-muenster.de\/wordpress\/das-fanprojekt-wuenscht-frohe-feiertage-und-ein-gutes-neues-jahr\/"},"author":{"name":"fp_superadmin","@id":"https:\/\/www.fanprojekt-muenster.de\/wordpress\/#\/schema\/person\/9126cc4d73d0d07c75b487075111186c"},"headline":"Das Fanprojekt w\u00fcnscht frohe Feiertage und ein gutes neues Jahr!","datePublished":"2013-12-23T18:58:58+00:00","mainEntityOfPage":{"@id":"https:\/\/www.fanprojekt-muenster.de\/wordpress\/das-fanprojekt-wuenscht-frohe-feiertage-und-ein-gutes-neues-jahr\/"},"wordCount":542,"commentCount":0,"publisher":{"@id":"https:\/\/www.fanprojekt-muenster.de\/wordpress\/#organization"},"image":{"@id":"https:\/\/www.fanprojekt-muenster.de\/wordpress\/das-fanprojekt-wuenscht-frohe-feiertage-und-ein-gutes-neues-jahr\/#primaryimage"},"thumbnailUrl":"","keywords":["2013","2014","Fanprojekt","Frohes Fest","Guten Rutsch","Radio Mottekstrehle","SC Preu\u00dfen M\u00fcnster","Von Fans f\u00fcr Fans","Weihnachten"],"articleSection":["Aktuelles"],"inLanguage":"de","potentialAction":[{"@type":"CommentAction","name":"Comment","target":["https:\/\/www.fanprojekt-muenster.de\/wordpress\/das-fanprojekt-wuenscht-frohe-feiertage-und-ein-gutes-neues-jahr\/#respond"]}]},{"@type":"WebPage","@id":"https:\/\/www.fanprojekt-muenster.de\/wordpress\/das-fanprojekt-wuenscht-frohe-feiertage-und-ein-gutes-neues-jahr\/","url":"https:\/\/www.fanprojekt-muenster.de\/wordpress\/das-fanprojekt-wuenscht-frohe-feiertage-und-ein-gutes-neues-jahr\/","name":"Das Fanprojekt w\u00fcnscht frohe Feiertage und ein gutes neues Jahr! - Fangemeinschaft Preu\u00dfen M\u00fcnster e. V.","isPartOf":{"@id":"https:\/\/www.fanprojekt-muenster.de\/wordpress\/#website"},"primaryImageOfPage":{"@id":"https:\/\/www.fanprojekt-muenster.de\/wordpress\/das-fanprojekt-wuenscht-frohe-feiertage-und-ein-gutes-neues-jahr\/#primaryimage"},"image":{"@id":"https:\/\/www.fanprojekt-muenster.de\/wordpress\/das-fanprojekt-wuenscht-frohe-feiertage-und-ein-gutes-neues-jahr\/#primaryimage"},"thumbnailUrl":"","datePublished":"2013-12-23T18:58:58+00:00","breadcrumb":{"@id":"https:\/\/www.fanprojekt-muenster.de\/wordpress\/das-fanprojekt-wuenscht-frohe-feiertage-und-ein-gutes-neues-jahr\/#breadcrumb"},"inLanguage":"de","potentialAction":[{"@type":"ReadAction","target":["https:\/\/www.fanprojekt-muenster.de\/wordpress\/das-fanprojekt-wuenscht-frohe-feiertage-und-ein-gutes-neues-jahr\/"]}]},{"@type":"ImageObject","inLanguage":"de","@id":"https:\/\/www.fanprojekt-muenster.de\/wordpress\/das-fanprojekt-wuenscht-frohe-feiertage-und-ein-gutes-neues-jahr\/#primaryimage","url":"","contentUrl":""},{"@type":"BreadcrumbList","@id":"https:\/\/www.fanprojekt-muenster.de\/wordpress\/das-fanprojekt-wuenscht-frohe-feiertage-und-ein-gutes-neues-jahr\/#breadcrumb","itemListElement":[{"@type":"ListItem","position":1,"name":"Startseite","item":"https:\/\/www.fanprojekt-muenster.de\/wordpress\/"},{"@type":"ListItem","position":2,"name":"Das Fanprojekt w\u00fcnscht frohe Feiertage und ein gutes neues Jahr!"}]},{"@type":"WebSite","@id":"https:\/\/www.fanprojekt-muenster.de\/wordpress\/#website","url":"https:\/\/www.fanprojekt-muenster.de\/wordpress\/","name":"Fangemeinschaft Preu\u00dfen M\u00fcnster e. V.","description":"","publisher":{"@id":"https:\/\/www.fanprojekt-muenster.de\/wordpress\/#organization"},"potentialAction":[{"@type":"SearchAction","target":{"@type":"EntryPoint","urlTemplate":"https:\/\/www.fanprojekt-muenster.de\/wordpress\/?s={search_term_string}"},"query-input":{"@type":"PropertyValueSpecification","valueRequired":true,"valueName":"search_term_string"}}],"inLanguage":"de"},{"@type":"Organization","@id":"https:\/\/www.fanprojekt-muenster.de\/wordpress\/#organization","name":"Fangemeinschaft Preu\u00dfen M\u00fcnster e. V.","url":"https:\/\/www.fanprojekt-muenster.de\/wordpress\/","logo":{"@type":"ImageObject","inLanguage":"de","@id":"https:\/\/www.fanprojekt-muenster.de\/wordpress\/#\/schema\/logo\/image\/","url":"https:\/\/www.fanprojekt-muenster.de\/wordpress\/wp-content\/uploads\/2019\/07\/cropped-Website_Logo3-9.png","contentUrl":"https:\/\/www.fanprojekt-muenster.de\/wordpress\/wp-content\/uploads\/2019\/07\/cropped-Website_Logo3-9.png","width":224,"height":42,"caption":"Fangemeinschaft Preu\u00dfen M\u00fcnster e. V."},"image":{"@id":"https:\/\/www.fanprojekt-muenster.de\/wordpress\/#\/schema\/logo\/image\/"}},{"@type":"Person","@id":"https:\/\/www.fanprojekt-muenster.de\/wordpress\/#\/schema\/person\/9126cc4d73d0d07c75b487075111186c","name":"fp_superadmin","url":"https:\/\/www.fanprojekt-muenster.de\/wordpress\/author\/fp_superadmin\/"}]}},"author_meta":{"display_name":"fp_superadmin","author_link":"https:\/\/www.fanprojekt-muenster.de\/wordpress\/author\/fp_superadmin\/"},"featured_img":null,"coauthors":[],"tax_additional":{"categories":{"linked":["<a href=\"https:\/\/www.fanprojekt-muenster.de\/wordpress\/category\/aktuelles\/\" class=\"advgb-post-tax-term\">Aktuelles<\/a>"],"unlinked":["<span class=\"advgb-post-tax-term\">Aktuelles<\/span>"]},"tags":{"linked":["<a href=\"https:\/\/www.fanprojekt-muenster.de\/wordpress\/category\/aktuelles\/\" class=\"advgb-post-tax-term\">2013<\/a>","<a href=\"https:\/\/www.fanprojekt-muenster.de\/wordpress\/category\/aktuelles\/\" class=\"advgb-post-tax-term\">2014<\/a>","<a href=\"https:\/\/www.fanprojekt-muenster.de\/wordpress\/category\/aktuelles\/\" class=\"advgb-post-tax-term\">Fanprojekt<\/a>","<a href=\"https:\/\/www.fanprojekt-muenster.de\/wordpress\/category\/aktuelles\/\" class=\"advgb-post-tax-term\">Frohes Fest<\/a>","<a href=\"https:\/\/www.fanprojekt-muenster.de\/wordpress\/category\/aktuelles\/\" class=\"advgb-post-tax-term\">Guten Rutsch<\/a>","<a href=\"https:\/\/www.fanprojekt-muenster.de\/wordpress\/category\/aktuelles\/\" class=\"advgb-post-tax-term\">Radio Mottekstrehle<\/a>","<a href=\"https:\/\/www.fanprojekt-muenster.de\/wordpress\/category\/aktuelles\/\" class=\"advgb-post-tax-term\">SC Preu\u00dfen M\u00fcnster<\/a>","<a href=\"https:\/\/www.fanprojekt-muenster.de\/wordpress\/category\/aktuelles\/\" class=\"advgb-post-tax-term\">Von Fans f\u00fcr Fans<\/a>","<a href=\"https:\/\/www.fanprojekt-muenster.de\/wordpress\/category\/aktuelles\/\" class=\"advgb-post-tax-term\">Weihnachten<\/a>"],"unlinked":["<span class=\"advgb-post-tax-term\">2013<\/span>","<span class=\"advgb-post-tax-term\">2014<\/span>","<span class=\"advgb-post-tax-term\">Fanprojekt<\/span>","<span class=\"advgb-post-tax-term\">Frohes Fest<\/span>","<span class=\"advgb-post-tax-term\">Guten Rutsch<\/span>","<span class=\"advgb-post-tax-term\">Radio Mottekstrehle<\/span>","<span class=\"advgb-post-tax-term\">SC Preu\u00dfen M\u00fcnster<\/span>","<span class=\"advgb-post-tax-term\">Von Fans f\u00fcr Fans<\/span>","<span class=\"advgb-post-tax-term\">Weihnachten<\/span>"]}},"comment_count":"0","relative_dates":{"created":"Posted 12\u00a0Jahren ago","modified":"Updated 12\u00a0Jahren ago"},"absolute_dates":{"created":"Posted on 23. Dezember 2013","modified":"Updated on 23. Dezember 2013"},"absolute_dates_time":{"created":"Posted on 23. Dezember 2013 20:58","modified":"Updated on 23. Dezember 2013 20:58"},"featured_img_caption":"","series_order":"","_links":{"self":[{"href":"https:\/\/www.fanprojekt-muenster.de\/wordpress\/wp-json\/wp\/v2\/posts\/2248","targetHints":{"allow":["GET"]}}],"collection":[{"href":"https:\/\/www.fanprojekt-muenster.de\/wordpress\/wp-json\/wp\/v2\/posts"}],"about":[{"href":"https:\/\/www.fanprojekt-muenster.de\/wordpress\/wp-json\/wp\/v2\/types\/post"}],"author":[{"embeddable":true,"href":"https:\/\/www.fanprojekt-muenster.de\/wordpress\/wp-json\/wp\/v2\/users\/2"}],"replies":[{"embeddable":true,"href":"https:\/\/www.fanprojekt-muenster.de\/wordpress\/wp-json\/wp\/v2\/comments?post=2248"}],"version-history":[{"count":0,"href":"https:\/\/www.fanprojekt-muenster.de\/wordpress\/wp-json\/wp\/v2\/posts\/2248\/revisions"}],"wp:featuredmedia":[{"embeddable":true,"href":"https:\/\/www.fanprojekt-muenster.de\/wordpress\/wp-json\/"}],"wp:attachment":[{"href":"https:\/\/www.fanprojekt-muenster.de\/wordpress\/wp-json\/wp\/v2\/media?parent=2248"}],"wp:term":[{"taxonomy":"category","embeddable":true,"href":"https:\/\/www.fanprojekt-muenster.de\/wordpress\/wp-json\/wp\/v2\/categories?post=2248"},{"taxonomy":"post_tag","embeddable":true,"href":"https:\/\/www.fanprojekt-muenster.de\/wordpress\/wp-json\/wp\/v2\/tags?post=2248"}],"curies":[{"name":"wp","href":"https:\/\/api.w.org\/{rel}","templated":true}]}}