{"id":2099,"date":"2013-11-15T13:48:03","date_gmt":"2013-11-15T11:48:03","guid":{"rendered":"http:\/\/www.fanprojekt-muenster.de\/?p=2099"},"modified":"2013-11-15T13:48:03","modified_gmt":"2013-11-15T11:48:03","slug":"preussenfans-und-mannschaft-geniessen-gemeinsamen-abend","status":"publish","type":"post","link":"https:\/\/www.fanprojekt-muenster.de\/wordpress\/preussenfans-und-mannschaft-geniessen-gemeinsamen-abend\/","title":{"rendered":"Preu\u00dfenfans und Mannschaft genie\u00dfen gemeinsamen Abend"},"content":{"rendered":"<p><img loading=\"lazy\" decoding=\"async\" src=\"http:\/\/www.fanprojekt-muenster.de\/wp-content\/uploads\/2013\/11\/DSC04874-1024x681.jpg\" alt=\"SONY DSC\" width=\"960\" height=\"638\" class=\"alignnone size-large wp-image-2117\" \/><br \/>\nDas Fanprojekt des SC Preu\u00dfen M\u00fcnster hatte am Donnerstagabend seine Mitglieder zum traditionellen und beliebten \u201eGrillen\u201c mit der Mannschaft geladen. Wegen des versp\u00e4teten Termins wurde diesmal allerdings nicht gegrillt, daf\u00fcr gibt es einen schmackhaften Eintopf. <\/p>\n<p>Rund 70 Fans sowie die Mannschaft des SC Preu\u00dfen waren gekommen und haben angeregt diskutiert, gemeinsam gekickert und ein paar tolle Stunden zusammen verbracht, die das Gemeinschaftsgef\u00fchl sicher gest\u00e4rkt haben. An Kritik sparten die Fans nicht, es wurde hartn\u00e4ckig nachgefragt, woran es liegt, dass die Preu\u00dfen ihrer Favoritenrolle in der Liga bisher nicht gerecht werden konnten. Beim Kickerturnier spielten jeweils ein Spieler und ein Fan zusammen. Am Ende setzten sich hier Sabine Schulze und Amaury Bischof vor Marc Hanewinkel und Matthew Taylor\/Jens Truckenbrod durch. <\/p>\n<p>Alle Informationen zur <a href=\"http:\/\/www.fanprojekt-muenster.de\/mitgliedschaft\/mitglied-werden\/\" title=\"Mitglied werden\">Mitgliedschaft<\/a> und zum Fanprojekt sowie einige Bilder vom Donnerstagabend gibt es <a href=\"http:\/\/www.fanprojekt-muenster.de\/fotos\/preussenfans-und-mannschaft-geniessen-gemeinsamen-abend\/\">hier<\/a>.<\/p>\n<p>Als besonderes Feature, hier noch eine Reportage von Dirk vom Fanradio Mottekstrehle!<br \/>\n[ca_audio url=&#8220;\/radioms\/cms\/Archiv_Sendungen\/2013\/Interviews\/Grillen\/ReportageTreffenamFanport.mp3&#8243; width=&#8220;90&#8243; height=&#8220;50&#8243; css_class=&#8220;codeart-google-mp3-player&#8220;]<\/p>\n","protected":false},"excerpt":{"rendered":"<p>Das Fanprojekt des SC Preu\u00dfen M\u00fcnster hatte am Donnerstagabend seine Mitglieder zum traditionellen und beliebten \u201eGrillen\u201c mit der Mannschaft geladen. Wegen des versp\u00e4teten Termins wurde diesmal allerdings nicht gegrillt, daf\u00fcr&#8230; <a class=\"read-more-link\" href=\"https:\/\/www.fanprojekt-muenster.de\/wordpress\/preussenfans-und-mannschaft-geniessen-gemeinsamen-abend\/\">Read more &raquo;<\/a><\/p>\n","protected":false},"author":2,"featured_media":0,"comment_status":"open","ping_status":"open","sticky":false,"template":"","format":"standard","meta":{"advgb_blocks_editor_width":"","advgb_blocks_columns_visual_guide":"","footnotes":""},"categories":[3],"tags":[25,88,112,136,205,223,283],"class_list":["post-2099","post","type-post","status-publish","format-standard","hentry","category-aktuelles","tag-25","tag-eintopf","tag-fanprojekt","tag-grillen-mit-der-mannschaft","tag-radio-mottekstrehle","tag-sc-preussen-muenster","tag-von-fans-fuer-fans"],"featured_image_src":null,"author_info":{"display_name":"fp_superadmin","author_link":"https:\/\/www.fanprojekt-muenster.de\/wordpress\/author\/fp_superadmin\/"},"yoast_head":"<!-- This site is optimized with the Yoast SEO plugin v27.2 - https:\/\/yoast.com\/product\/yoast-seo-wordpress\/ -->\n<title>Preu\u00dfenfans und Mannschaft genie\u00dfen gemeinsamen Abend - Fangemeinschaft Preu\u00dfen M\u00fcnster e. V.<\/title>\n<meta name=\"robots\" content=\"index, follow, max-snippet:-1, max-image-preview:large, max-video-preview:-1\" \/>\n<link rel=\"canonical\" href=\"https:\/\/www.fanprojekt-muenster.de\/wordpress\/preussenfans-und-mannschaft-geniessen-gemeinsamen-abend\/\" \/>\n<meta property=\"og:locale\" content=\"de_DE\" \/>\n<meta property=\"og:type\" content=\"article\" \/>\n<meta property=\"og:title\" content=\"Preu\u00dfenfans und Mannschaft genie\u00dfen gemeinsamen Abend - Fangemeinschaft Preu\u00dfen M\u00fcnster e. V.\" \/>\n<meta property=\"og:description\" content=\"Das Fanprojekt des SC Preu\u00dfen M\u00fcnster hatte am Donnerstagabend seine Mitglieder zum traditionellen und beliebten \u201eGrillen\u201c mit der Mannschaft geladen. Wegen des versp\u00e4teten Termins wurde diesmal allerdings nicht gegrillt, daf\u00fcr... Read more &raquo;\" \/>\n<meta property=\"og:url\" content=\"https:\/\/www.fanprojekt-muenster.de\/wordpress\/preussenfans-und-mannschaft-geniessen-gemeinsamen-abend\/\" \/>\n<meta property=\"og:site_name\" content=\"Fangemeinschaft Preu\u00dfen M\u00fcnster e. V.\" \/>\n<meta property=\"article:published_time\" content=\"2013-11-15T11:48:03+00:00\" \/>\n<meta property=\"og:image\" content=\"http:\/\/www.fanprojekt-muenster.de\/wp-content\/uploads\/2013\/11\/DSC04874-1024x681.jpg\" \/>\n<meta name=\"author\" content=\"fp_superadmin\" \/>\n<meta name=\"twitter:card\" content=\"summary_large_image\" \/>\n<meta name=\"twitter:label1\" content=\"Verfasst von\" \/>\n\t<meta name=\"twitter:data1\" content=\"fp_superadmin\" \/>\n\t<meta name=\"twitter:label2\" content=\"Gesch\u00e4tzte Lesezeit\" \/>\n\t<meta name=\"twitter:data2\" content=\"1\u00a0Minute\" \/>\n<script type=\"application\/ld+json\" class=\"yoast-schema-graph\">{\"@context\":\"https:\/\/schema.org\",\"@graph\":[{\"@type\":\"Article\",\"@id\":\"https:\/\/www.fanprojekt-muenster.de\/wordpress\/preussenfans-und-mannschaft-geniessen-gemeinsamen-abend\/#article\",\"isPartOf\":{\"@id\":\"https:\/\/www.fanprojekt-muenster.de\/wordpress\/preussenfans-und-mannschaft-geniessen-gemeinsamen-abend\/\"},\"author\":{\"name\":\"fp_superadmin\",\"@id\":\"https:\/\/www.fanprojekt-muenster.de\/wordpress\/#\/schema\/person\/9126cc4d73d0d07c75b487075111186c\"},\"headline\":\"Preu\u00dfenfans und Mannschaft genie\u00dfen gemeinsamen Abend\",\"datePublished\":\"2013-11-15T11:48:03+00:00\",\"mainEntityOfPage\":{\"@id\":\"https:\/\/www.fanprojekt-muenster.de\/wordpress\/preussenfans-und-mannschaft-geniessen-gemeinsamen-abend\/\"},\"wordCount\":180,\"commentCount\":0,\"publisher\":{\"@id\":\"https:\/\/www.fanprojekt-muenster.de\/wordpress\/#organization\"},\"image\":{\"@id\":\"https:\/\/www.fanprojekt-muenster.de\/wordpress\/preussenfans-und-mannschaft-geniessen-gemeinsamen-abend\/#primaryimage\"},\"thumbnailUrl\":\"http:\/\/www.fanprojekt-muenster.de\/wp-content\/uploads\/2013\/11\/DSC04874-1024x681.jpg\",\"keywords\":[\"2013\",\"Eintopf\",\"Fanprojekt\",\"Grillen mit der Mannschaft\",\"Radio Mottekstrehle\",\"SC Preu\u00dfen M\u00fcnster\",\"Von Fans f\u00fcr Fans\"],\"articleSection\":[\"Aktuelles\"],\"inLanguage\":\"de\",\"potentialAction\":[{\"@type\":\"CommentAction\",\"name\":\"Comment\",\"target\":[\"https:\/\/www.fanprojekt-muenster.de\/wordpress\/preussenfans-und-mannschaft-geniessen-gemeinsamen-abend\/#respond\"]}]},{\"@type\":\"WebPage\",\"@id\":\"https:\/\/www.fanprojekt-muenster.de\/wordpress\/preussenfans-und-mannschaft-geniessen-gemeinsamen-abend\/\",\"url\":\"https:\/\/www.fanprojekt-muenster.de\/wordpress\/preussenfans-und-mannschaft-geniessen-gemeinsamen-abend\/\",\"name\":\"Preu\u00dfenfans und Mannschaft genie\u00dfen gemeinsamen Abend - Fangemeinschaft Preu\u00dfen M\u00fcnster e. V.\",\"isPartOf\":{\"@id\":\"https:\/\/www.fanprojekt-muenster.de\/wordpress\/#website\"},\"primaryImageOfPage\":{\"@id\":\"https:\/\/www.fanprojekt-muenster.de\/wordpress\/preussenfans-und-mannschaft-geniessen-gemeinsamen-abend\/#primaryimage\"},\"image\":{\"@id\":\"https:\/\/www.fanprojekt-muenster.de\/wordpress\/preussenfans-und-mannschaft-geniessen-gemeinsamen-abend\/#primaryimage\"},\"thumbnailUrl\":\"http:\/\/www.fanprojekt-muenster.de\/wp-content\/uploads\/2013\/11\/DSC04874-1024x681.jpg\",\"datePublished\":\"2013-11-15T11:48:03+00:00\",\"breadcrumb\":{\"@id\":\"https:\/\/www.fanprojekt-muenster.de\/wordpress\/preussenfans-und-mannschaft-geniessen-gemeinsamen-abend\/#breadcrumb\"},\"inLanguage\":\"de\",\"potentialAction\":[{\"@type\":\"ReadAction\",\"target\":[\"https:\/\/www.fanprojekt-muenster.de\/wordpress\/preussenfans-und-mannschaft-geniessen-gemeinsamen-abend\/\"]}]},{\"@type\":\"ImageObject\",\"inLanguage\":\"de\",\"@id\":\"https:\/\/www.fanprojekt-muenster.de\/wordpress\/preussenfans-und-mannschaft-geniessen-gemeinsamen-abend\/#primaryimage\",\"url\":\"http:\/\/www.fanprojekt-muenster.de\/wp-content\/uploads\/2013\/11\/DSC04874-1024x681.jpg\",\"contentUrl\":\"http:\/\/www.fanprojekt-muenster.de\/wp-content\/uploads\/2013\/11\/DSC04874-1024x681.jpg\"},{\"@type\":\"BreadcrumbList\",\"@id\":\"https:\/\/www.fanprojekt-muenster.de\/wordpress\/preussenfans-und-mannschaft-geniessen-gemeinsamen-abend\/#breadcrumb\",\"itemListElement\":[{\"@type\":\"ListItem\",\"position\":1,\"name\":\"Startseite\",\"item\":\"https:\/\/www.fanprojekt-muenster.de\/wordpress\/\"},{\"@type\":\"ListItem\",\"position\":2,\"name\":\"Preu\u00dfenfans und Mannschaft genie\u00dfen gemeinsamen Abend\"}]},{\"@type\":\"WebSite\",\"@id\":\"https:\/\/www.fanprojekt-muenster.de\/wordpress\/#website\",\"url\":\"https:\/\/www.fanprojekt-muenster.de\/wordpress\/\",\"name\":\"Fangemeinschaft Preu\u00dfen M\u00fcnster e. V.\",\"description\":\"\",\"publisher\":{\"@id\":\"https:\/\/www.fanprojekt-muenster.de\/wordpress\/#organization\"},\"potentialAction\":[{\"@type\":\"SearchAction\",\"target\":{\"@type\":\"EntryPoint\",\"urlTemplate\":\"https:\/\/www.fanprojekt-muenster.de\/wordpress\/?s={search_term_string}\"},\"query-input\":{\"@type\":\"PropertyValueSpecification\",\"valueRequired\":true,\"valueName\":\"search_term_string\"}}],\"inLanguage\":\"de\"},{\"@type\":\"Organization\",\"@id\":\"https:\/\/www.fanprojekt-muenster.de\/wordpress\/#organization\",\"name\":\"Fangemeinschaft Preu\u00dfen M\u00fcnster e. V.\",\"url\":\"https:\/\/www.fanprojekt-muenster.de\/wordpress\/\",\"logo\":{\"@type\":\"ImageObject\",\"inLanguage\":\"de\",\"@id\":\"https:\/\/www.fanprojekt-muenster.de\/wordpress\/#\/schema\/logo\/image\/\",\"url\":\"https:\/\/www.fanprojekt-muenster.de\/wordpress\/wp-content\/uploads\/2019\/07\/cropped-Website_Logo3-9.png\",\"contentUrl\":\"https:\/\/www.fanprojekt-muenster.de\/wordpress\/wp-content\/uploads\/2019\/07\/cropped-Website_Logo3-9.png\",\"width\":224,\"height\":42,\"caption\":\"Fangemeinschaft Preu\u00dfen M\u00fcnster e. V.\"},\"image\":{\"@id\":\"https:\/\/www.fanprojekt-muenster.de\/wordpress\/#\/schema\/logo\/image\/\"}},{\"@type\":\"Person\",\"@id\":\"https:\/\/www.fanprojekt-muenster.de\/wordpress\/#\/schema\/person\/9126cc4d73d0d07c75b487075111186c\",\"name\":\"fp_superadmin\",\"url\":\"https:\/\/www.fanprojekt-muenster.de\/wordpress\/author\/fp_superadmin\/\"}]}<\/script>\n<!-- \/ Yoast SEO plugin. -->","yoast_head_json":{"title":"Preu\u00dfenfans und Mannschaft genie\u00dfen gemeinsamen Abend - Fangemeinschaft Preu\u00dfen M\u00fcnster e. V.","robots":{"index":"index","follow":"follow","max-snippet":"max-snippet:-1","max-image-preview":"max-image-preview:large","max-video-preview":"max-video-preview:-1"},"canonical":"https:\/\/www.fanprojekt-muenster.de\/wordpress\/preussenfans-und-mannschaft-geniessen-gemeinsamen-abend\/","og_locale":"de_DE","og_type":"article","og_title":"Preu\u00dfenfans und Mannschaft genie\u00dfen gemeinsamen Abend - Fangemeinschaft Preu\u00dfen M\u00fcnster e. V.","og_description":"Das Fanprojekt des SC Preu\u00dfen M\u00fcnster hatte am Donnerstagabend seine Mitglieder zum traditionellen und beliebten \u201eGrillen\u201c mit der Mannschaft geladen. Wegen des versp\u00e4teten Termins wurde diesmal allerdings nicht gegrillt, daf\u00fcr... Read more &raquo;","og_url":"https:\/\/www.fanprojekt-muenster.de\/wordpress\/preussenfans-und-mannschaft-geniessen-gemeinsamen-abend\/","og_site_name":"Fangemeinschaft Preu\u00dfen M\u00fcnster e. V.","article_published_time":"2013-11-15T11:48:03+00:00","og_image":[{"url":"http:\/\/www.fanprojekt-muenster.de\/wp-content\/uploads\/2013\/11\/DSC04874-1024x681.jpg","type":"","width":"","height":""}],"author":"fp_superadmin","twitter_card":"summary_large_image","twitter_misc":{"Verfasst von":"fp_superadmin","Gesch\u00e4tzte Lesezeit":"1\u00a0Minute"},"schema":{"@context":"https:\/\/schema.org","@graph":[{"@type":"Article","@id":"https:\/\/www.fanprojekt-muenster.de\/wordpress\/preussenfans-und-mannschaft-geniessen-gemeinsamen-abend\/#article","isPartOf":{"@id":"https:\/\/www.fanprojekt-muenster.de\/wordpress\/preussenfans-und-mannschaft-geniessen-gemeinsamen-abend\/"},"author":{"name":"fp_superadmin","@id":"https:\/\/www.fanprojekt-muenster.de\/wordpress\/#\/schema\/person\/9126cc4d73d0d07c75b487075111186c"},"headline":"Preu\u00dfenfans und Mannschaft genie\u00dfen gemeinsamen Abend","datePublished":"2013-11-15T11:48:03+00:00","mainEntityOfPage":{"@id":"https:\/\/www.fanprojekt-muenster.de\/wordpress\/preussenfans-und-mannschaft-geniessen-gemeinsamen-abend\/"},"wordCount":180,"commentCount":0,"publisher":{"@id":"https:\/\/www.fanprojekt-muenster.de\/wordpress\/#organization"},"image":{"@id":"https:\/\/www.fanprojekt-muenster.de\/wordpress\/preussenfans-und-mannschaft-geniessen-gemeinsamen-abend\/#primaryimage"},"thumbnailUrl":"http:\/\/www.fanprojekt-muenster.de\/wp-content\/uploads\/2013\/11\/DSC04874-1024x681.jpg","keywords":["2013","Eintopf","Fanprojekt","Grillen mit der Mannschaft","Radio Mottekstrehle","SC Preu\u00dfen M\u00fcnster","Von Fans f\u00fcr Fans"],"articleSection":["Aktuelles"],"inLanguage":"de","potentialAction":[{"@type":"CommentAction","name":"Comment","target":["https:\/\/www.fanprojekt-muenster.de\/wordpress\/preussenfans-und-mannschaft-geniessen-gemeinsamen-abend\/#respond"]}]},{"@type":"WebPage","@id":"https:\/\/www.fanprojekt-muenster.de\/wordpress\/preussenfans-und-mannschaft-geniessen-gemeinsamen-abend\/","url":"https:\/\/www.fanprojekt-muenster.de\/wordpress\/preussenfans-und-mannschaft-geniessen-gemeinsamen-abend\/","name":"Preu\u00dfenfans und Mannschaft genie\u00dfen gemeinsamen Abend - Fangemeinschaft Preu\u00dfen M\u00fcnster e. V.","isPartOf":{"@id":"https:\/\/www.fanprojekt-muenster.de\/wordpress\/#website"},"primaryImageOfPage":{"@id":"https:\/\/www.fanprojekt-muenster.de\/wordpress\/preussenfans-und-mannschaft-geniessen-gemeinsamen-abend\/#primaryimage"},"image":{"@id":"https:\/\/www.fanprojekt-muenster.de\/wordpress\/preussenfans-und-mannschaft-geniessen-gemeinsamen-abend\/#primaryimage"},"thumbnailUrl":"http:\/\/www.fanprojekt-muenster.de\/wp-content\/uploads\/2013\/11\/DSC04874-1024x681.jpg","datePublished":"2013-11-15T11:48:03+00:00","breadcrumb":{"@id":"https:\/\/www.fanprojekt-muenster.de\/wordpress\/preussenfans-und-mannschaft-geniessen-gemeinsamen-abend\/#breadcrumb"},"inLanguage":"de","potentialAction":[{"@type":"ReadAction","target":["https:\/\/www.fanprojekt-muenster.de\/wordpress\/preussenfans-und-mannschaft-geniessen-gemeinsamen-abend\/"]}]},{"@type":"ImageObject","inLanguage":"de","@id":"https:\/\/www.fanprojekt-muenster.de\/wordpress\/preussenfans-und-mannschaft-geniessen-gemeinsamen-abend\/#primaryimage","url":"http:\/\/www.fanprojekt-muenster.de\/wp-content\/uploads\/2013\/11\/DSC04874-1024x681.jpg","contentUrl":"http:\/\/www.fanprojekt-muenster.de\/wp-content\/uploads\/2013\/11\/DSC04874-1024x681.jpg"},{"@type":"BreadcrumbList","@id":"https:\/\/www.fanprojekt-muenster.de\/wordpress\/preussenfans-und-mannschaft-geniessen-gemeinsamen-abend\/#breadcrumb","itemListElement":[{"@type":"ListItem","position":1,"name":"Startseite","item":"https:\/\/www.fanprojekt-muenster.de\/wordpress\/"},{"@type":"ListItem","position":2,"name":"Preu\u00dfenfans und Mannschaft genie\u00dfen gemeinsamen Abend"}]},{"@type":"WebSite","@id":"https:\/\/www.fanprojekt-muenster.de\/wordpress\/#website","url":"https:\/\/www.fanprojekt-muenster.de\/wordpress\/","name":"Fangemeinschaft Preu\u00dfen M\u00fcnster e. V.","description":"","publisher":{"@id":"https:\/\/www.fanprojekt-muenster.de\/wordpress\/#organization"},"potentialAction":[{"@type":"SearchAction","target":{"@type":"EntryPoint","urlTemplate":"https:\/\/www.fanprojekt-muenster.de\/wordpress\/?s={search_term_string}"},"query-input":{"@type":"PropertyValueSpecification","valueRequired":true,"valueName":"search_term_string"}}],"inLanguage":"de"},{"@type":"Organization","@id":"https:\/\/www.fanprojekt-muenster.de\/wordpress\/#organization","name":"Fangemeinschaft Preu\u00dfen M\u00fcnster e. V.","url":"https:\/\/www.fanprojekt-muenster.de\/wordpress\/","logo":{"@type":"ImageObject","inLanguage":"de","@id":"https:\/\/www.fanprojekt-muenster.de\/wordpress\/#\/schema\/logo\/image\/","url":"https:\/\/www.fanprojekt-muenster.de\/wordpress\/wp-content\/uploads\/2019\/07\/cropped-Website_Logo3-9.png","contentUrl":"https:\/\/www.fanprojekt-muenster.de\/wordpress\/wp-content\/uploads\/2019\/07\/cropped-Website_Logo3-9.png","width":224,"height":42,"caption":"Fangemeinschaft Preu\u00dfen M\u00fcnster e. V."},"image":{"@id":"https:\/\/www.fanprojekt-muenster.de\/wordpress\/#\/schema\/logo\/image\/"}},{"@type":"Person","@id":"https:\/\/www.fanprojekt-muenster.de\/wordpress\/#\/schema\/person\/9126cc4d73d0d07c75b487075111186c","name":"fp_superadmin","url":"https:\/\/www.fanprojekt-muenster.de\/wordpress\/author\/fp_superadmin\/"}]}},"author_meta":{"display_name":"fp_superadmin","author_link":"https:\/\/www.fanprojekt-muenster.de\/wordpress\/author\/fp_superadmin\/"},"featured_img":null,"coauthors":[],"tax_additional":{"categories":{"linked":["<a href=\"https:\/\/www.fanprojekt-muenster.de\/wordpress\/category\/aktuelles\/\" class=\"advgb-post-tax-term\">Aktuelles<\/a>"],"unlinked":["<span class=\"advgb-post-tax-term\">Aktuelles<\/span>"]},"tags":{"linked":["<a href=\"https:\/\/www.fanprojekt-muenster.de\/wordpress\/category\/aktuelles\/\" class=\"advgb-post-tax-term\">2013<\/a>","<a href=\"https:\/\/www.fanprojekt-muenster.de\/wordpress\/category\/aktuelles\/\" class=\"advgb-post-tax-term\">Eintopf<\/a>","<a href=\"https:\/\/www.fanprojekt-muenster.de\/wordpress\/category\/aktuelles\/\" class=\"advgb-post-tax-term\">Fanprojekt<\/a>","<a href=\"https:\/\/www.fanprojekt-muenster.de\/wordpress\/category\/aktuelles\/\" class=\"advgb-post-tax-term\">Grillen mit der Mannschaft<\/a>","<a href=\"https:\/\/www.fanprojekt-muenster.de\/wordpress\/category\/aktuelles\/\" class=\"advgb-post-tax-term\">Radio Mottekstrehle<\/a>","<a href=\"https:\/\/www.fanprojekt-muenster.de\/wordpress\/category\/aktuelles\/\" class=\"advgb-post-tax-term\">SC Preu\u00dfen M\u00fcnster<\/a>","<a href=\"https:\/\/www.fanprojekt-muenster.de\/wordpress\/category\/aktuelles\/\" class=\"advgb-post-tax-term\">Von Fans f\u00fcr Fans<\/a>"],"unlinked":["<span class=\"advgb-post-tax-term\">2013<\/span>","<span class=\"advgb-post-tax-term\">Eintopf<\/span>","<span class=\"advgb-post-tax-term\">Fanprojekt<\/span>","<span class=\"advgb-post-tax-term\">Grillen mit der Mannschaft<\/span>","<span class=\"advgb-post-tax-term\">Radio Mottekstrehle<\/span>","<span class=\"advgb-post-tax-term\">SC Preu\u00dfen M\u00fcnster<\/span>","<span class=\"advgb-post-tax-term\">Von Fans f\u00fcr Fans<\/span>"]}},"comment_count":"0","relative_dates":{"created":"Posted 12\u00a0Jahren ago","modified":"Updated 12\u00a0Jahren ago"},"absolute_dates":{"created":"Posted on 15. November 2013","modified":"Updated on 15. November 2013"},"absolute_dates_time":{"created":"Posted on 15. November 2013 13:48","modified":"Updated on 15. November 2013 13:48"},"featured_img_caption":"","series_order":"","_links":{"self":[{"href":"https:\/\/www.fanprojekt-muenster.de\/wordpress\/wp-json\/wp\/v2\/posts\/2099","targetHints":{"allow":["GET"]}}],"collection":[{"href":"https:\/\/www.fanprojekt-muenster.de\/wordpress\/wp-json\/wp\/v2\/posts"}],"about":[{"href":"https:\/\/www.fanprojekt-muenster.de\/wordpress\/wp-json\/wp\/v2\/types\/post"}],"author":[{"embeddable":true,"href":"https:\/\/www.fanprojekt-muenster.de\/wordpress\/wp-json\/wp\/v2\/users\/2"}],"replies":[{"embeddable":true,"href":"https:\/\/www.fanprojekt-muenster.de\/wordpress\/wp-json\/wp\/v2\/comments?post=2099"}],"version-history":[{"count":0,"href":"https:\/\/www.fanprojekt-muenster.de\/wordpress\/wp-json\/wp\/v2\/posts\/2099\/revisions"}],"wp:attachment":[{"href":"https:\/\/www.fanprojekt-muenster.de\/wordpress\/wp-json\/wp\/v2\/media?parent=2099"}],"wp:term":[{"taxonomy":"category","embeddable":true,"href":"https:\/\/www.fanprojekt-muenster.de\/wordpress\/wp-json\/wp\/v2\/categories?post=2099"},{"taxonomy":"post_tag","embeddable":true,"href":"https:\/\/www.fanprojekt-muenster.de\/wordpress\/wp-json\/wp\/v2\/tags?post=2099"}],"curies":[{"name":"wp","href":"https:\/\/api.w.org\/{rel}","templated":true}]}}