{"id":2095,"date":"2013-11-13T16:59:01","date_gmt":"2013-11-13T14:59:01","guid":{"rendered":"http:\/\/www.fanprojekt-muenster.de\/?p=2095"},"modified":"2013-11-13T16:59:01","modified_gmt":"2013-11-13T14:59:01","slug":"aufruf-zum-autorenwettbewerb","status":"publish","type":"post","link":"https:\/\/www.fanprojekt-muenster.de\/wordpress\/aufruf-zum-autorenwettbewerb\/","title":{"rendered":"Aufruf zum Autorenwettbewerb"},"content":{"rendered":"<p><a attid=\"2096\"  href=\"http:\/\/www.fanprojekt-muenster.de\/wp-content\/uploads\/2013\/11\/2und50.jpg\"><img loading=\"lazy\" decoding=\"async\" src=\"http:\/\/www.fanprojekt-muenster.de\/wp-content\/uploads\/2013\/11\/2und50-1024x642.jpg\" alt=\"2und50\" width=\"960\" height=\"601\" class=\"alignnone size-large wp-image-2096\" \/><\/a><br \/>\nLiebe Fans,<\/p>\n<p>Im Fr\u00fchjahr 2014 erscheint unter dem Titel \u201e52:52\u201c ein Fu\u00dfballbuch mit 52 Geschichten und 52 Cartoons.<\/p>\n<p>Die Zeichnungen kommen von bekannten Cartoonisten, die Geschichten von euch.<br \/>\nIhr, damit sind die Fans derjenigen 52 Vereine gemeint, die mit im Boot sind.<\/p>\n<p>Wir erwarten keine schriftstellerischen Klimmz\u00fcge, aber Geschichten, die man nur als Fan erleben kann.<\/p>\n<p>Was ist zu tun?<\/p>\n<p>Ihr schreibt etwas, das ihr zum Thema Fu\u00dfball erlebt oder euch ausgedacht habt. Die Geschichte kann im Stadion, aber auch sonst wo spielen und darf nicht l\u00e4nger als eine Buchseite sein.<\/p>\n<p>Schreibt schr\u00e4g, ernsthaft, lustig, stinknormal, durchgeknallt, romantisch, absurd, leidenschaftlich, bekennend, so wie ihr seid, gerne w\u00e4rt, oder schl\u00fcpft in die Rolle von sonst wem oder was. Hauptsache, die Geschichte zischt.<\/p>\n<p>Auch Gedichte, Hymnen oder einfach nur Slogans k\u00f6nnt ihr schreiben. Es muss nicht um euren Verein gehen, darf aber. Der Leser wei\u00df, wessen Fan ihr seid.<\/p>\n<p>Willkommen sind auch T\u00f6ne gegen jegliche Form von Diskriminierung.<\/p>\n<p>Unsere Jury, der u.a. Fredi Bobi\u010d, Axel Kruse, Theo Weiss und Frank Willmann angeh\u00f6ren, w\u00e4hlt f\u00fcr jeden Verein die intensivste Geschichte aus. So entstehen 52 Siegergeschichten, die in dem Buch 52:52 ver\u00f6ffentlicht werden.<br \/>\nJeder Preistr\u00e4ger erh\u00e4lt 10 Buchexemplare und von seinem Verein eine kleine \u00dcberraschung. Der Autor der besten der 52 Siegertexte wird mit einem Ticket f\u00fcr ein Spiel der WM in Brasilien inklusive Flug und drei Hotel\u00fcbernachtungen belohnt.<\/p>\n<p>Traut euch: Jeder ist ein Schriftsteller!<\/p>\n<p>Vom 21. Oktober bis zum 21. Dezember k\u00f6nnt ihr eure Geschichte auf dieser Website einreichen. Wie das genau geht, erfahrt ihr \u00fcber einen Klick auf &#8222;Wichtige Informationen&#8220;.<\/p>\n<p>Viel Spa\u00df beim Schreiben!<br \/>\nWeitere Infos <a href=\"http:\/\/www.2und50.com\" title=\"2und50\" target=\"_blank\" rel=\"noopener noreferrer\">hier<\/a>!<\/p>\n","protected":false},"excerpt":{"rendered":"<p>Liebe Fans, Im Fr\u00fchjahr 2014 erscheint unter dem Titel \u201e52:52\u201c ein Fu\u00dfballbuch mit 52 Geschichten und 52 Cartoons. Die Zeichnungen kommen von bekannten Cartoonisten, die Geschichten von euch. Ihr, damit&#8230; <a class=\"read-more-link\" href=\"https:\/\/www.fanprojekt-muenster.de\/wordpress\/aufruf-zum-autorenwettbewerb\/\">Read more &raquo;<\/a><\/p>\n","protected":false},"author":2,"featured_media":2096,"comment_status":"open","ping_status":"open","sticky":false,"template":"","format":"standard","meta":{"advgb_blocks_editor_width":"","advgb_blocks_columns_visual_guide":"","footnotes":""},"categories":[3],"tags":[27,52,53,112,223,283],"class_list":["post-2095","post","type-post","status-publish","format-standard","has-post-thumbnail","hentry","category-aktuelles","tag-2und50","tag-autor","tag-autorenwettbewerb","tag-fanprojekt","tag-sc-preussen-muenster","tag-von-fans-fuer-fans"],"featured_image_src":null,"author_info":{"display_name":"fp_superadmin","author_link":"https:\/\/www.fanprojekt-muenster.de\/wordpress\/author\/fp_superadmin\/"},"yoast_head":"<!-- This site is optimized with the Yoast SEO plugin v27.2 - https:\/\/yoast.com\/product\/yoast-seo-wordpress\/ -->\n<title>Aufruf zum Autorenwettbewerb - Fangemeinschaft Preu\u00dfen M\u00fcnster e. V.<\/title>\n<meta name=\"robots\" content=\"index, follow, max-snippet:-1, max-image-preview:large, max-video-preview:-1\" \/>\n<link rel=\"canonical\" href=\"https:\/\/www.fanprojekt-muenster.de\/wordpress\/aufruf-zum-autorenwettbewerb\/\" \/>\n<meta property=\"og:locale\" content=\"de_DE\" \/>\n<meta property=\"og:type\" content=\"article\" \/>\n<meta property=\"og:title\" content=\"Aufruf zum Autorenwettbewerb - Fangemeinschaft Preu\u00dfen M\u00fcnster e. V.\" \/>\n<meta property=\"og:description\" content=\"Liebe Fans, Im Fr\u00fchjahr 2014 erscheint unter dem Titel \u201e52:52\u201c ein Fu\u00dfballbuch mit 52 Geschichten und 52 Cartoons. Die Zeichnungen kommen von bekannten Cartoonisten, die Geschichten von euch. Ihr, damit... Read more &raquo;\" \/>\n<meta property=\"og:url\" content=\"https:\/\/www.fanprojekt-muenster.de\/wordpress\/aufruf-zum-autorenwettbewerb\/\" \/>\n<meta property=\"og:site_name\" content=\"Fangemeinschaft Preu\u00dfen M\u00fcnster e. V.\" \/>\n<meta property=\"article:published_time\" content=\"2013-11-13T14:59:01+00:00\" \/>\n<meta name=\"author\" content=\"fp_superadmin\" \/>\n<meta name=\"twitter:card\" content=\"summary_large_image\" \/>\n<meta name=\"twitter:label1\" content=\"Verfasst von\" \/>\n\t<meta name=\"twitter:data1\" content=\"fp_superadmin\" \/>\n\t<meta name=\"twitter:label2\" content=\"Gesch\u00e4tzte Lesezeit\" \/>\n\t<meta name=\"twitter:data2\" content=\"1\u00a0Minute\" \/>\n<script type=\"application\/ld+json\" class=\"yoast-schema-graph\">{\"@context\":\"https:\/\/schema.org\",\"@graph\":[{\"@type\":\"Article\",\"@id\":\"https:\/\/www.fanprojekt-muenster.de\/wordpress\/aufruf-zum-autorenwettbewerb\/#article\",\"isPartOf\":{\"@id\":\"https:\/\/www.fanprojekt-muenster.de\/wordpress\/aufruf-zum-autorenwettbewerb\/\"},\"author\":{\"name\":\"fp_superadmin\",\"@id\":\"https:\/\/www.fanprojekt-muenster.de\/wordpress\/#\/schema\/person\/9126cc4d73d0d07c75b487075111186c\"},\"headline\":\"Aufruf zum Autorenwettbewerb\",\"datePublished\":\"2013-11-13T14:59:01+00:00\",\"mainEntityOfPage\":{\"@id\":\"https:\/\/www.fanprojekt-muenster.de\/wordpress\/aufruf-zum-autorenwettbewerb\/\"},\"wordCount\":277,\"commentCount\":0,\"publisher\":{\"@id\":\"https:\/\/www.fanprojekt-muenster.de\/wordpress\/#organization\"},\"image\":{\"@id\":\"https:\/\/www.fanprojekt-muenster.de\/wordpress\/aufruf-zum-autorenwettbewerb\/#primaryimage\"},\"thumbnailUrl\":\"\",\"keywords\":[\"2und50\",\"Autor\",\"Autorenwettbewerb\",\"Fanprojekt\",\"SC Preu\u00dfen M\u00fcnster\",\"Von Fans f\u00fcr Fans\"],\"articleSection\":[\"Aktuelles\"],\"inLanguage\":\"de\",\"potentialAction\":[{\"@type\":\"CommentAction\",\"name\":\"Comment\",\"target\":[\"https:\/\/www.fanprojekt-muenster.de\/wordpress\/aufruf-zum-autorenwettbewerb\/#respond\"]}]},{\"@type\":\"WebPage\",\"@id\":\"https:\/\/www.fanprojekt-muenster.de\/wordpress\/aufruf-zum-autorenwettbewerb\/\",\"url\":\"https:\/\/www.fanprojekt-muenster.de\/wordpress\/aufruf-zum-autorenwettbewerb\/\",\"name\":\"Aufruf zum Autorenwettbewerb - Fangemeinschaft Preu\u00dfen M\u00fcnster e. V.\",\"isPartOf\":{\"@id\":\"https:\/\/www.fanprojekt-muenster.de\/wordpress\/#website\"},\"primaryImageOfPage\":{\"@id\":\"https:\/\/www.fanprojekt-muenster.de\/wordpress\/aufruf-zum-autorenwettbewerb\/#primaryimage\"},\"image\":{\"@id\":\"https:\/\/www.fanprojekt-muenster.de\/wordpress\/aufruf-zum-autorenwettbewerb\/#primaryimage\"},\"thumbnailUrl\":\"\",\"datePublished\":\"2013-11-13T14:59:01+00:00\",\"breadcrumb\":{\"@id\":\"https:\/\/www.fanprojekt-muenster.de\/wordpress\/aufruf-zum-autorenwettbewerb\/#breadcrumb\"},\"inLanguage\":\"de\",\"potentialAction\":[{\"@type\":\"ReadAction\",\"target\":[\"https:\/\/www.fanprojekt-muenster.de\/wordpress\/aufruf-zum-autorenwettbewerb\/\"]}]},{\"@type\":\"ImageObject\",\"inLanguage\":\"de\",\"@id\":\"https:\/\/www.fanprojekt-muenster.de\/wordpress\/aufruf-zum-autorenwettbewerb\/#primaryimage\",\"url\":\"\",\"contentUrl\":\"\"},{\"@type\":\"BreadcrumbList\",\"@id\":\"https:\/\/www.fanprojekt-muenster.de\/wordpress\/aufruf-zum-autorenwettbewerb\/#breadcrumb\",\"itemListElement\":[{\"@type\":\"ListItem\",\"position\":1,\"name\":\"Startseite\",\"item\":\"https:\/\/www.fanprojekt-muenster.de\/wordpress\/\"},{\"@type\":\"ListItem\",\"position\":2,\"name\":\"Aufruf zum Autorenwettbewerb\"}]},{\"@type\":\"WebSite\",\"@id\":\"https:\/\/www.fanprojekt-muenster.de\/wordpress\/#website\",\"url\":\"https:\/\/www.fanprojekt-muenster.de\/wordpress\/\",\"name\":\"Fangemeinschaft Preu\u00dfen M\u00fcnster e. V.\",\"description\":\"\",\"publisher\":{\"@id\":\"https:\/\/www.fanprojekt-muenster.de\/wordpress\/#organization\"},\"potentialAction\":[{\"@type\":\"SearchAction\",\"target\":{\"@type\":\"EntryPoint\",\"urlTemplate\":\"https:\/\/www.fanprojekt-muenster.de\/wordpress\/?s={search_term_string}\"},\"query-input\":{\"@type\":\"PropertyValueSpecification\",\"valueRequired\":true,\"valueName\":\"search_term_string\"}}],\"inLanguage\":\"de\"},{\"@type\":\"Organization\",\"@id\":\"https:\/\/www.fanprojekt-muenster.de\/wordpress\/#organization\",\"name\":\"Fangemeinschaft Preu\u00dfen M\u00fcnster e. V.\",\"url\":\"https:\/\/www.fanprojekt-muenster.de\/wordpress\/\",\"logo\":{\"@type\":\"ImageObject\",\"inLanguage\":\"de\",\"@id\":\"https:\/\/www.fanprojekt-muenster.de\/wordpress\/#\/schema\/logo\/image\/\",\"url\":\"https:\/\/www.fanprojekt-muenster.de\/wordpress\/wp-content\/uploads\/2019\/07\/cropped-Website_Logo3-9.png\",\"contentUrl\":\"https:\/\/www.fanprojekt-muenster.de\/wordpress\/wp-content\/uploads\/2019\/07\/cropped-Website_Logo3-9.png\",\"width\":224,\"height\":42,\"caption\":\"Fangemeinschaft Preu\u00dfen M\u00fcnster e. V.\"},\"image\":{\"@id\":\"https:\/\/www.fanprojekt-muenster.de\/wordpress\/#\/schema\/logo\/image\/\"}},{\"@type\":\"Person\",\"@id\":\"https:\/\/www.fanprojekt-muenster.de\/wordpress\/#\/schema\/person\/9126cc4d73d0d07c75b487075111186c\",\"name\":\"fp_superadmin\",\"url\":\"https:\/\/www.fanprojekt-muenster.de\/wordpress\/author\/fp_superadmin\/\"}]}<\/script>\n<!-- \/ Yoast SEO plugin. -->","yoast_head_json":{"title":"Aufruf zum Autorenwettbewerb - Fangemeinschaft Preu\u00dfen M\u00fcnster e. V.","robots":{"index":"index","follow":"follow","max-snippet":"max-snippet:-1","max-image-preview":"max-image-preview:large","max-video-preview":"max-video-preview:-1"},"canonical":"https:\/\/www.fanprojekt-muenster.de\/wordpress\/aufruf-zum-autorenwettbewerb\/","og_locale":"de_DE","og_type":"article","og_title":"Aufruf zum Autorenwettbewerb - Fangemeinschaft Preu\u00dfen M\u00fcnster e. V.","og_description":"Liebe Fans, Im Fr\u00fchjahr 2014 erscheint unter dem Titel \u201e52:52\u201c ein Fu\u00dfballbuch mit 52 Geschichten und 52 Cartoons. Die Zeichnungen kommen von bekannten Cartoonisten, die Geschichten von euch. Ihr, damit... Read more &raquo;","og_url":"https:\/\/www.fanprojekt-muenster.de\/wordpress\/aufruf-zum-autorenwettbewerb\/","og_site_name":"Fangemeinschaft Preu\u00dfen M\u00fcnster e. V.","article_published_time":"2013-11-13T14:59:01+00:00","author":"fp_superadmin","twitter_card":"summary_large_image","twitter_misc":{"Verfasst von":"fp_superadmin","Gesch\u00e4tzte Lesezeit":"1\u00a0Minute"},"schema":{"@context":"https:\/\/schema.org","@graph":[{"@type":"Article","@id":"https:\/\/www.fanprojekt-muenster.de\/wordpress\/aufruf-zum-autorenwettbewerb\/#article","isPartOf":{"@id":"https:\/\/www.fanprojekt-muenster.de\/wordpress\/aufruf-zum-autorenwettbewerb\/"},"author":{"name":"fp_superadmin","@id":"https:\/\/www.fanprojekt-muenster.de\/wordpress\/#\/schema\/person\/9126cc4d73d0d07c75b487075111186c"},"headline":"Aufruf zum Autorenwettbewerb","datePublished":"2013-11-13T14:59:01+00:00","mainEntityOfPage":{"@id":"https:\/\/www.fanprojekt-muenster.de\/wordpress\/aufruf-zum-autorenwettbewerb\/"},"wordCount":277,"commentCount":0,"publisher":{"@id":"https:\/\/www.fanprojekt-muenster.de\/wordpress\/#organization"},"image":{"@id":"https:\/\/www.fanprojekt-muenster.de\/wordpress\/aufruf-zum-autorenwettbewerb\/#primaryimage"},"thumbnailUrl":"","keywords":["2und50","Autor","Autorenwettbewerb","Fanprojekt","SC Preu\u00dfen M\u00fcnster","Von Fans f\u00fcr Fans"],"articleSection":["Aktuelles"],"inLanguage":"de","potentialAction":[{"@type":"CommentAction","name":"Comment","target":["https:\/\/www.fanprojekt-muenster.de\/wordpress\/aufruf-zum-autorenwettbewerb\/#respond"]}]},{"@type":"WebPage","@id":"https:\/\/www.fanprojekt-muenster.de\/wordpress\/aufruf-zum-autorenwettbewerb\/","url":"https:\/\/www.fanprojekt-muenster.de\/wordpress\/aufruf-zum-autorenwettbewerb\/","name":"Aufruf zum Autorenwettbewerb - Fangemeinschaft Preu\u00dfen M\u00fcnster e. V.","isPartOf":{"@id":"https:\/\/www.fanprojekt-muenster.de\/wordpress\/#website"},"primaryImageOfPage":{"@id":"https:\/\/www.fanprojekt-muenster.de\/wordpress\/aufruf-zum-autorenwettbewerb\/#primaryimage"},"image":{"@id":"https:\/\/www.fanprojekt-muenster.de\/wordpress\/aufruf-zum-autorenwettbewerb\/#primaryimage"},"thumbnailUrl":"","datePublished":"2013-11-13T14:59:01+00:00","breadcrumb":{"@id":"https:\/\/www.fanprojekt-muenster.de\/wordpress\/aufruf-zum-autorenwettbewerb\/#breadcrumb"},"inLanguage":"de","potentialAction":[{"@type":"ReadAction","target":["https:\/\/www.fanprojekt-muenster.de\/wordpress\/aufruf-zum-autorenwettbewerb\/"]}]},{"@type":"ImageObject","inLanguage":"de","@id":"https:\/\/www.fanprojekt-muenster.de\/wordpress\/aufruf-zum-autorenwettbewerb\/#primaryimage","url":"","contentUrl":""},{"@type":"BreadcrumbList","@id":"https:\/\/www.fanprojekt-muenster.de\/wordpress\/aufruf-zum-autorenwettbewerb\/#breadcrumb","itemListElement":[{"@type":"ListItem","position":1,"name":"Startseite","item":"https:\/\/www.fanprojekt-muenster.de\/wordpress\/"},{"@type":"ListItem","position":2,"name":"Aufruf zum Autorenwettbewerb"}]},{"@type":"WebSite","@id":"https:\/\/www.fanprojekt-muenster.de\/wordpress\/#website","url":"https:\/\/www.fanprojekt-muenster.de\/wordpress\/","name":"Fangemeinschaft Preu\u00dfen M\u00fcnster e. V.","description":"","publisher":{"@id":"https:\/\/www.fanprojekt-muenster.de\/wordpress\/#organization"},"potentialAction":[{"@type":"SearchAction","target":{"@type":"EntryPoint","urlTemplate":"https:\/\/www.fanprojekt-muenster.de\/wordpress\/?s={search_term_string}"},"query-input":{"@type":"PropertyValueSpecification","valueRequired":true,"valueName":"search_term_string"}}],"inLanguage":"de"},{"@type":"Organization","@id":"https:\/\/www.fanprojekt-muenster.de\/wordpress\/#organization","name":"Fangemeinschaft Preu\u00dfen M\u00fcnster e. V.","url":"https:\/\/www.fanprojekt-muenster.de\/wordpress\/","logo":{"@type":"ImageObject","inLanguage":"de","@id":"https:\/\/www.fanprojekt-muenster.de\/wordpress\/#\/schema\/logo\/image\/","url":"https:\/\/www.fanprojekt-muenster.de\/wordpress\/wp-content\/uploads\/2019\/07\/cropped-Website_Logo3-9.png","contentUrl":"https:\/\/www.fanprojekt-muenster.de\/wordpress\/wp-content\/uploads\/2019\/07\/cropped-Website_Logo3-9.png","width":224,"height":42,"caption":"Fangemeinschaft Preu\u00dfen M\u00fcnster e. V."},"image":{"@id":"https:\/\/www.fanprojekt-muenster.de\/wordpress\/#\/schema\/logo\/image\/"}},{"@type":"Person","@id":"https:\/\/www.fanprojekt-muenster.de\/wordpress\/#\/schema\/person\/9126cc4d73d0d07c75b487075111186c","name":"fp_superadmin","url":"https:\/\/www.fanprojekt-muenster.de\/wordpress\/author\/fp_superadmin\/"}]}},"author_meta":{"display_name":"fp_superadmin","author_link":"https:\/\/www.fanprojekt-muenster.de\/wordpress\/author\/fp_superadmin\/"},"featured_img":null,"coauthors":[],"tax_additional":{"categories":{"linked":["<a href=\"https:\/\/www.fanprojekt-muenster.de\/wordpress\/category\/aktuelles\/\" class=\"advgb-post-tax-term\">Aktuelles<\/a>"],"unlinked":["<span class=\"advgb-post-tax-term\">Aktuelles<\/span>"]},"tags":{"linked":["<a href=\"https:\/\/www.fanprojekt-muenster.de\/wordpress\/category\/aktuelles\/\" class=\"advgb-post-tax-term\">2und50<\/a>","<a href=\"https:\/\/www.fanprojekt-muenster.de\/wordpress\/category\/aktuelles\/\" class=\"advgb-post-tax-term\">Autor<\/a>","<a href=\"https:\/\/www.fanprojekt-muenster.de\/wordpress\/category\/aktuelles\/\" class=\"advgb-post-tax-term\">Autorenwettbewerb<\/a>","<a href=\"https:\/\/www.fanprojekt-muenster.de\/wordpress\/category\/aktuelles\/\" class=\"advgb-post-tax-term\">Fanprojekt<\/a>","<a href=\"https:\/\/www.fanprojekt-muenster.de\/wordpress\/category\/aktuelles\/\" class=\"advgb-post-tax-term\">SC Preu\u00dfen M\u00fcnster<\/a>","<a href=\"https:\/\/www.fanprojekt-muenster.de\/wordpress\/category\/aktuelles\/\" class=\"advgb-post-tax-term\">Von Fans f\u00fcr Fans<\/a>"],"unlinked":["<span class=\"advgb-post-tax-term\">2und50<\/span>","<span class=\"advgb-post-tax-term\">Autor<\/span>","<span class=\"advgb-post-tax-term\">Autorenwettbewerb<\/span>","<span class=\"advgb-post-tax-term\">Fanprojekt<\/span>","<span class=\"advgb-post-tax-term\">SC Preu\u00dfen M\u00fcnster<\/span>","<span class=\"advgb-post-tax-term\">Von Fans f\u00fcr Fans<\/span>"]}},"comment_count":"0","relative_dates":{"created":"Posted 12\u00a0Jahren ago","modified":"Updated 12\u00a0Jahren ago"},"absolute_dates":{"created":"Posted on 13. November 2013","modified":"Updated on 13. November 2013"},"absolute_dates_time":{"created":"Posted on 13. November 2013 16:59","modified":"Updated on 13. November 2013 16:59"},"featured_img_caption":"","series_order":"","_links":{"self":[{"href":"https:\/\/www.fanprojekt-muenster.de\/wordpress\/wp-json\/wp\/v2\/posts\/2095","targetHints":{"allow":["GET"]}}],"collection":[{"href":"https:\/\/www.fanprojekt-muenster.de\/wordpress\/wp-json\/wp\/v2\/posts"}],"about":[{"href":"https:\/\/www.fanprojekt-muenster.de\/wordpress\/wp-json\/wp\/v2\/types\/post"}],"author":[{"embeddable":true,"href":"https:\/\/www.fanprojekt-muenster.de\/wordpress\/wp-json\/wp\/v2\/users\/2"}],"replies":[{"embeddable":true,"href":"https:\/\/www.fanprojekt-muenster.de\/wordpress\/wp-json\/wp\/v2\/comments?post=2095"}],"version-history":[{"count":0,"href":"https:\/\/www.fanprojekt-muenster.de\/wordpress\/wp-json\/wp\/v2\/posts\/2095\/revisions"}],"wp:featuredmedia":[{"embeddable":true,"href":"https:\/\/www.fanprojekt-muenster.de\/wordpress\/wp-json\/"}],"wp:attachment":[{"href":"https:\/\/www.fanprojekt-muenster.de\/wordpress\/wp-json\/wp\/v2\/media?parent=2095"}],"wp:term":[{"taxonomy":"category","embeddable":true,"href":"https:\/\/www.fanprojekt-muenster.de\/wordpress\/wp-json\/wp\/v2\/categories?post=2095"},{"taxonomy":"post_tag","embeddable":true,"href":"https:\/\/www.fanprojekt-muenster.de\/wordpress\/wp-json\/wp\/v2\/tags?post=2095"}],"curies":[{"name":"wp","href":"https:\/\/api.w.org\/{rel}","templated":true}]}}