{"id":2036,"date":"2013-11-01T12:12:04","date_gmt":"2013-11-01T10:12:04","guid":{"rendered":"http:\/\/www.fanprojekt-muenster.de\/?p=2036"},"modified":"2013-11-01T12:12:04","modified_gmt":"2013-11-01T10:12:04","slug":"preussen-fanprojekt-trifft-mannschaft-und-trainer","status":"publish","type":"post","link":"https:\/\/www.fanprojekt-muenster.de\/wordpress\/preussen-fanprojekt-trifft-mannschaft-und-trainer\/","title":{"rendered":"Preu\u00dfen- Fanprojekt trifft Mannschaft und Trainer"},"content":{"rendered":"<p><img loading=\"lazy\" decoding=\"async\" class=\"alignnone size-large wp-image-2037\" alt=\"Grillen\" src=\"http:\/\/www.fanprojekt-muenster.de\/wp-content\/uploads\/2013\/11\/Grillen-1024x617.jpg\" width=\"960\" height=\"578\" \/><\/p>\n<p>Das Fanprojekt des SC Preu\u00dfen M\u00fcnster l\u00e4dt seine Mitglieder zum traditionellen und beliebten \u201eGrillen\u201c mit der Mannschaft. Wegen des versp\u00e4teten Termins wird diesmal allerdings nicht gegrillt, daf\u00fcr gibt es einen schmackhaften Eintopf. <br data-reactid=\".r[38x1t].[1][4][1]{comment540074856075623_549299445153164}.[0].{right}.[0].{left}.[0].[0].[0][3].[0].[3].[0].[5]\" \/><br data-reactid=\".r[38x1t].[1][4][1]{comment540074856075623_549299445153164}.[0].{right}.[0].{left}.[0].[0].[0][3].[0].[3].[0].[6]\" \/>Ihr wollt mit euren Idolen mal pers\u00f6nlich und in aller Ruhe reden? Oder dem Trainer die Meinung sagen? Dann kommt am Donnerstag, 14. November, ab 17.30 Uhr zum Fanport am Stadion und genie\u00dft ein paar unterhaltsame Stunden im Kreis von Fans und Mannschaft.<br data-reactid=\".r[38x1t].[1][4][1]{comment540074856075623_549299445153164}.[0].{right}.[0].{left}.[0].[0].[0][3].[0].[3].[0].[8]\" \/><br data-reactid=\".r[38x1t].[1][4][1]{comment540074856075623_549299445153164}.[0].{right}.[0].{left}.[0].[0].[0][3].[0].[3].[0].[9]\" \/>Wer noch nicht Mitglied ist und sich f\u00fcr das Fanprojekt und diesen Abend interessiert, kann kurzfristig vor Ort Mitglied werden.<br data-reactid=\".r[38x1t].[1][4][1]{comment540074856075623_549299445153164}.[0].{right}.[0].{left}.[0].[0].[0][3].[0].[3].[0].[11]\" \/>Alle Informationen zur Mitgliedschaft und zum Fanprojekt gibt es <a title=\"Mitgliedsbeitr\u00e4ge\" href=\"http:\/\/www.fanprojekt-muenster.de\/mitgliedschaft\/mitgliedsbeitrage\/\">hier<\/a><\/p>\n","protected":false},"excerpt":{"rendered":"<p>Das Fanprojekt des SC Preu\u00dfen M\u00fcnster l\u00e4dt seine Mitglieder zum traditionellen und beliebten \u201eGrillen\u201c mit der Mannschaft. Wegen des versp\u00e4teten Termins wird diesmal allerdings nicht gegrillt, daf\u00fcr gibt es einen&#8230; <a class=\"read-more-link\" href=\"https:\/\/www.fanprojekt-muenster.de\/wordpress\/preussen-fanprojekt-trifft-mannschaft-und-trainer\/\">Read more &raquo;<\/a><\/p>\n","protected":false},"author":2,"featured_media":2037,"comment_status":"open","ping_status":"open","sticky":false,"template":"","format":"standard","meta":{"advgb_blocks_editor_width":"","advgb_blocks_columns_visual_guide":"","footnotes":""},"categories":[3],"tags":[25,28,88,96,112,135,168,223,283],"class_list":["post-2036","post","type-post","status-publish","format-standard","has-post-thumbnail","hentry","category-aktuelles","tag-25","tag-3-liga-2","tag-eintopf","tag-event","tag-fanprojekt","tag-grillen","tag-mannschaft","tag-sc-preussen-muenster","tag-von-fans-fuer-fans"],"featured_image_src":null,"author_info":{"display_name":"fp_superadmin","author_link":"https:\/\/www.fanprojekt-muenster.de\/wordpress\/author\/fp_superadmin\/"},"yoast_head":"<!-- This site is optimized with the Yoast SEO plugin v27.2 - https:\/\/yoast.com\/product\/yoast-seo-wordpress\/ -->\n<title>Preu\u00dfen- Fanprojekt trifft Mannschaft und Trainer - Fangemeinschaft Preu\u00dfen M\u00fcnster e. V.<\/title>\n<meta name=\"robots\" content=\"index, follow, max-snippet:-1, max-image-preview:large, max-video-preview:-1\" \/>\n<link rel=\"canonical\" href=\"https:\/\/www.fanprojekt-muenster.de\/wordpress\/preussen-fanprojekt-trifft-mannschaft-und-trainer\/\" \/>\n<meta property=\"og:locale\" content=\"de_DE\" \/>\n<meta property=\"og:type\" content=\"article\" \/>\n<meta property=\"og:title\" content=\"Preu\u00dfen- Fanprojekt trifft Mannschaft und Trainer - Fangemeinschaft Preu\u00dfen M\u00fcnster e. V.\" \/>\n<meta property=\"og:description\" content=\"Das Fanprojekt des SC Preu\u00dfen M\u00fcnster l\u00e4dt seine Mitglieder zum traditionellen und beliebten \u201eGrillen\u201c mit der Mannschaft. Wegen des versp\u00e4teten Termins wird diesmal allerdings nicht gegrillt, daf\u00fcr gibt es einen... Read more &raquo;\" \/>\n<meta property=\"og:url\" content=\"https:\/\/www.fanprojekt-muenster.de\/wordpress\/preussen-fanprojekt-trifft-mannschaft-und-trainer\/\" \/>\n<meta property=\"og:site_name\" content=\"Fangemeinschaft Preu\u00dfen M\u00fcnster e. V.\" \/>\n<meta property=\"article:published_time\" content=\"2013-11-01T10:12:04+00:00\" \/>\n<meta name=\"author\" content=\"fp_superadmin\" \/>\n<meta name=\"twitter:card\" content=\"summary_large_image\" \/>\n<meta name=\"twitter:label1\" content=\"Verfasst von\" \/>\n\t<meta name=\"twitter:data1\" content=\"fp_superadmin\" \/>\n\t<meta name=\"twitter:label2\" content=\"Gesch\u00e4tzte Lesezeit\" \/>\n\t<meta name=\"twitter:data2\" content=\"1\u00a0Minute\" \/>\n<script type=\"application\/ld+json\" class=\"yoast-schema-graph\">{\"@context\":\"https:\/\/schema.org\",\"@graph\":[{\"@type\":\"Article\",\"@id\":\"https:\/\/www.fanprojekt-muenster.de\/wordpress\/preussen-fanprojekt-trifft-mannschaft-und-trainer\/#article\",\"isPartOf\":{\"@id\":\"https:\/\/www.fanprojekt-muenster.de\/wordpress\/preussen-fanprojekt-trifft-mannschaft-und-trainer\/\"},\"author\":{\"name\":\"fp_superadmin\",\"@id\":\"https:\/\/www.fanprojekt-muenster.de\/wordpress\/#\/schema\/person\/9126cc4d73d0d07c75b487075111186c\"},\"headline\":\"Preu\u00dfen- Fanprojekt trifft Mannschaft und Trainer\",\"datePublished\":\"2013-11-01T10:12:04+00:00\",\"mainEntityOfPage\":{\"@id\":\"https:\/\/www.fanprojekt-muenster.de\/wordpress\/preussen-fanprojekt-trifft-mannschaft-und-trainer\/\"},\"wordCount\":118,\"commentCount\":0,\"publisher\":{\"@id\":\"https:\/\/www.fanprojekt-muenster.de\/wordpress\/#organization\"},\"image\":{\"@id\":\"https:\/\/www.fanprojekt-muenster.de\/wordpress\/preussen-fanprojekt-trifft-mannschaft-und-trainer\/#primaryimage\"},\"thumbnailUrl\":\"\",\"keywords\":[\"2013\",\"3.Liga\",\"Eintopf\",\"Event\",\"Fanprojekt\",\"Grillen\",\"Mannschaft\",\"SC Preu\u00dfen M\u00fcnster\",\"Von Fans f\u00fcr Fans\"],\"articleSection\":[\"Aktuelles\"],\"inLanguage\":\"de\",\"potentialAction\":[{\"@type\":\"CommentAction\",\"name\":\"Comment\",\"target\":[\"https:\/\/www.fanprojekt-muenster.de\/wordpress\/preussen-fanprojekt-trifft-mannschaft-und-trainer\/#respond\"]}]},{\"@type\":\"WebPage\",\"@id\":\"https:\/\/www.fanprojekt-muenster.de\/wordpress\/preussen-fanprojekt-trifft-mannschaft-und-trainer\/\",\"url\":\"https:\/\/www.fanprojekt-muenster.de\/wordpress\/preussen-fanprojekt-trifft-mannschaft-und-trainer\/\",\"name\":\"Preu\u00dfen- Fanprojekt trifft Mannschaft und Trainer - Fangemeinschaft Preu\u00dfen M\u00fcnster e. V.\",\"isPartOf\":{\"@id\":\"https:\/\/www.fanprojekt-muenster.de\/wordpress\/#website\"},\"primaryImageOfPage\":{\"@id\":\"https:\/\/www.fanprojekt-muenster.de\/wordpress\/preussen-fanprojekt-trifft-mannschaft-und-trainer\/#primaryimage\"},\"image\":{\"@id\":\"https:\/\/www.fanprojekt-muenster.de\/wordpress\/preussen-fanprojekt-trifft-mannschaft-und-trainer\/#primaryimage\"},\"thumbnailUrl\":\"\",\"datePublished\":\"2013-11-01T10:12:04+00:00\",\"breadcrumb\":{\"@id\":\"https:\/\/www.fanprojekt-muenster.de\/wordpress\/preussen-fanprojekt-trifft-mannschaft-und-trainer\/#breadcrumb\"},\"inLanguage\":\"de\",\"potentialAction\":[{\"@type\":\"ReadAction\",\"target\":[\"https:\/\/www.fanprojekt-muenster.de\/wordpress\/preussen-fanprojekt-trifft-mannschaft-und-trainer\/\"]}]},{\"@type\":\"ImageObject\",\"inLanguage\":\"de\",\"@id\":\"https:\/\/www.fanprojekt-muenster.de\/wordpress\/preussen-fanprojekt-trifft-mannschaft-und-trainer\/#primaryimage\",\"url\":\"\",\"contentUrl\":\"\"},{\"@type\":\"BreadcrumbList\",\"@id\":\"https:\/\/www.fanprojekt-muenster.de\/wordpress\/preussen-fanprojekt-trifft-mannschaft-und-trainer\/#breadcrumb\",\"itemListElement\":[{\"@type\":\"ListItem\",\"position\":1,\"name\":\"Startseite\",\"item\":\"https:\/\/www.fanprojekt-muenster.de\/wordpress\/\"},{\"@type\":\"ListItem\",\"position\":2,\"name\":\"Preu\u00dfen- Fanprojekt trifft Mannschaft und Trainer\"}]},{\"@type\":\"WebSite\",\"@id\":\"https:\/\/www.fanprojekt-muenster.de\/wordpress\/#website\",\"url\":\"https:\/\/www.fanprojekt-muenster.de\/wordpress\/\",\"name\":\"Fangemeinschaft Preu\u00dfen M\u00fcnster e. V.\",\"description\":\"\",\"publisher\":{\"@id\":\"https:\/\/www.fanprojekt-muenster.de\/wordpress\/#organization\"},\"potentialAction\":[{\"@type\":\"SearchAction\",\"target\":{\"@type\":\"EntryPoint\",\"urlTemplate\":\"https:\/\/www.fanprojekt-muenster.de\/wordpress\/?s={search_term_string}\"},\"query-input\":{\"@type\":\"PropertyValueSpecification\",\"valueRequired\":true,\"valueName\":\"search_term_string\"}}],\"inLanguage\":\"de\"},{\"@type\":\"Organization\",\"@id\":\"https:\/\/www.fanprojekt-muenster.de\/wordpress\/#organization\",\"name\":\"Fangemeinschaft Preu\u00dfen M\u00fcnster e. V.\",\"url\":\"https:\/\/www.fanprojekt-muenster.de\/wordpress\/\",\"logo\":{\"@type\":\"ImageObject\",\"inLanguage\":\"de\",\"@id\":\"https:\/\/www.fanprojekt-muenster.de\/wordpress\/#\/schema\/logo\/image\/\",\"url\":\"https:\/\/www.fanprojekt-muenster.de\/wordpress\/wp-content\/uploads\/2019\/07\/cropped-Website_Logo3-9.png\",\"contentUrl\":\"https:\/\/www.fanprojekt-muenster.de\/wordpress\/wp-content\/uploads\/2019\/07\/cropped-Website_Logo3-9.png\",\"width\":224,\"height\":42,\"caption\":\"Fangemeinschaft Preu\u00dfen M\u00fcnster e. V.\"},\"image\":{\"@id\":\"https:\/\/www.fanprojekt-muenster.de\/wordpress\/#\/schema\/logo\/image\/\"}},{\"@type\":\"Person\",\"@id\":\"https:\/\/www.fanprojekt-muenster.de\/wordpress\/#\/schema\/person\/9126cc4d73d0d07c75b487075111186c\",\"name\":\"fp_superadmin\",\"url\":\"https:\/\/www.fanprojekt-muenster.de\/wordpress\/author\/fp_superadmin\/\"}]}<\/script>\n<!-- \/ Yoast SEO plugin. -->","yoast_head_json":{"title":"Preu\u00dfen- Fanprojekt trifft Mannschaft und Trainer - Fangemeinschaft Preu\u00dfen M\u00fcnster e. V.","robots":{"index":"index","follow":"follow","max-snippet":"max-snippet:-1","max-image-preview":"max-image-preview:large","max-video-preview":"max-video-preview:-1"},"canonical":"https:\/\/www.fanprojekt-muenster.de\/wordpress\/preussen-fanprojekt-trifft-mannschaft-und-trainer\/","og_locale":"de_DE","og_type":"article","og_title":"Preu\u00dfen- Fanprojekt trifft Mannschaft und Trainer - Fangemeinschaft Preu\u00dfen M\u00fcnster e. V.","og_description":"Das Fanprojekt des SC Preu\u00dfen M\u00fcnster l\u00e4dt seine Mitglieder zum traditionellen und beliebten \u201eGrillen\u201c mit der Mannschaft. Wegen des versp\u00e4teten Termins wird diesmal allerdings nicht gegrillt, daf\u00fcr gibt es einen... Read more &raquo;","og_url":"https:\/\/www.fanprojekt-muenster.de\/wordpress\/preussen-fanprojekt-trifft-mannschaft-und-trainer\/","og_site_name":"Fangemeinschaft Preu\u00dfen M\u00fcnster e. V.","article_published_time":"2013-11-01T10:12:04+00:00","author":"fp_superadmin","twitter_card":"summary_large_image","twitter_misc":{"Verfasst von":"fp_superadmin","Gesch\u00e4tzte Lesezeit":"1\u00a0Minute"},"schema":{"@context":"https:\/\/schema.org","@graph":[{"@type":"Article","@id":"https:\/\/www.fanprojekt-muenster.de\/wordpress\/preussen-fanprojekt-trifft-mannschaft-und-trainer\/#article","isPartOf":{"@id":"https:\/\/www.fanprojekt-muenster.de\/wordpress\/preussen-fanprojekt-trifft-mannschaft-und-trainer\/"},"author":{"name":"fp_superadmin","@id":"https:\/\/www.fanprojekt-muenster.de\/wordpress\/#\/schema\/person\/9126cc4d73d0d07c75b487075111186c"},"headline":"Preu\u00dfen- Fanprojekt trifft Mannschaft und Trainer","datePublished":"2013-11-01T10:12:04+00:00","mainEntityOfPage":{"@id":"https:\/\/www.fanprojekt-muenster.de\/wordpress\/preussen-fanprojekt-trifft-mannschaft-und-trainer\/"},"wordCount":118,"commentCount":0,"publisher":{"@id":"https:\/\/www.fanprojekt-muenster.de\/wordpress\/#organization"},"image":{"@id":"https:\/\/www.fanprojekt-muenster.de\/wordpress\/preussen-fanprojekt-trifft-mannschaft-und-trainer\/#primaryimage"},"thumbnailUrl":"","keywords":["2013","3.Liga","Eintopf","Event","Fanprojekt","Grillen","Mannschaft","SC Preu\u00dfen M\u00fcnster","Von Fans f\u00fcr Fans"],"articleSection":["Aktuelles"],"inLanguage":"de","potentialAction":[{"@type":"CommentAction","name":"Comment","target":["https:\/\/www.fanprojekt-muenster.de\/wordpress\/preussen-fanprojekt-trifft-mannschaft-und-trainer\/#respond"]}]},{"@type":"WebPage","@id":"https:\/\/www.fanprojekt-muenster.de\/wordpress\/preussen-fanprojekt-trifft-mannschaft-und-trainer\/","url":"https:\/\/www.fanprojekt-muenster.de\/wordpress\/preussen-fanprojekt-trifft-mannschaft-und-trainer\/","name":"Preu\u00dfen- Fanprojekt trifft Mannschaft und Trainer - Fangemeinschaft Preu\u00dfen M\u00fcnster e. V.","isPartOf":{"@id":"https:\/\/www.fanprojekt-muenster.de\/wordpress\/#website"},"primaryImageOfPage":{"@id":"https:\/\/www.fanprojekt-muenster.de\/wordpress\/preussen-fanprojekt-trifft-mannschaft-und-trainer\/#primaryimage"},"image":{"@id":"https:\/\/www.fanprojekt-muenster.de\/wordpress\/preussen-fanprojekt-trifft-mannschaft-und-trainer\/#primaryimage"},"thumbnailUrl":"","datePublished":"2013-11-01T10:12:04+00:00","breadcrumb":{"@id":"https:\/\/www.fanprojekt-muenster.de\/wordpress\/preussen-fanprojekt-trifft-mannschaft-und-trainer\/#breadcrumb"},"inLanguage":"de","potentialAction":[{"@type":"ReadAction","target":["https:\/\/www.fanprojekt-muenster.de\/wordpress\/preussen-fanprojekt-trifft-mannschaft-und-trainer\/"]}]},{"@type":"ImageObject","inLanguage":"de","@id":"https:\/\/www.fanprojekt-muenster.de\/wordpress\/preussen-fanprojekt-trifft-mannschaft-und-trainer\/#primaryimage","url":"","contentUrl":""},{"@type":"BreadcrumbList","@id":"https:\/\/www.fanprojekt-muenster.de\/wordpress\/preussen-fanprojekt-trifft-mannschaft-und-trainer\/#breadcrumb","itemListElement":[{"@type":"ListItem","position":1,"name":"Startseite","item":"https:\/\/www.fanprojekt-muenster.de\/wordpress\/"},{"@type":"ListItem","position":2,"name":"Preu\u00dfen- Fanprojekt trifft Mannschaft und Trainer"}]},{"@type":"WebSite","@id":"https:\/\/www.fanprojekt-muenster.de\/wordpress\/#website","url":"https:\/\/www.fanprojekt-muenster.de\/wordpress\/","name":"Fangemeinschaft Preu\u00dfen M\u00fcnster e. V.","description":"","publisher":{"@id":"https:\/\/www.fanprojekt-muenster.de\/wordpress\/#organization"},"potentialAction":[{"@type":"SearchAction","target":{"@type":"EntryPoint","urlTemplate":"https:\/\/www.fanprojekt-muenster.de\/wordpress\/?s={search_term_string}"},"query-input":{"@type":"PropertyValueSpecification","valueRequired":true,"valueName":"search_term_string"}}],"inLanguage":"de"},{"@type":"Organization","@id":"https:\/\/www.fanprojekt-muenster.de\/wordpress\/#organization","name":"Fangemeinschaft Preu\u00dfen M\u00fcnster e. V.","url":"https:\/\/www.fanprojekt-muenster.de\/wordpress\/","logo":{"@type":"ImageObject","inLanguage":"de","@id":"https:\/\/www.fanprojekt-muenster.de\/wordpress\/#\/schema\/logo\/image\/","url":"https:\/\/www.fanprojekt-muenster.de\/wordpress\/wp-content\/uploads\/2019\/07\/cropped-Website_Logo3-9.png","contentUrl":"https:\/\/www.fanprojekt-muenster.de\/wordpress\/wp-content\/uploads\/2019\/07\/cropped-Website_Logo3-9.png","width":224,"height":42,"caption":"Fangemeinschaft Preu\u00dfen M\u00fcnster e. V."},"image":{"@id":"https:\/\/www.fanprojekt-muenster.de\/wordpress\/#\/schema\/logo\/image\/"}},{"@type":"Person","@id":"https:\/\/www.fanprojekt-muenster.de\/wordpress\/#\/schema\/person\/9126cc4d73d0d07c75b487075111186c","name":"fp_superadmin","url":"https:\/\/www.fanprojekt-muenster.de\/wordpress\/author\/fp_superadmin\/"}]}},"author_meta":{"display_name":"fp_superadmin","author_link":"https:\/\/www.fanprojekt-muenster.de\/wordpress\/author\/fp_superadmin\/"},"featured_img":null,"coauthors":[],"tax_additional":{"categories":{"linked":["<a href=\"https:\/\/www.fanprojekt-muenster.de\/wordpress\/category\/aktuelles\/\" class=\"advgb-post-tax-term\">Aktuelles<\/a>"],"unlinked":["<span class=\"advgb-post-tax-term\">Aktuelles<\/span>"]},"tags":{"linked":["<a href=\"https:\/\/www.fanprojekt-muenster.de\/wordpress\/category\/aktuelles\/\" class=\"advgb-post-tax-term\">2013<\/a>","<a href=\"https:\/\/www.fanprojekt-muenster.de\/wordpress\/category\/aktuelles\/\" class=\"advgb-post-tax-term\">3.Liga<\/a>","<a href=\"https:\/\/www.fanprojekt-muenster.de\/wordpress\/category\/aktuelles\/\" class=\"advgb-post-tax-term\">Eintopf<\/a>","<a href=\"https:\/\/www.fanprojekt-muenster.de\/wordpress\/category\/aktuelles\/\" class=\"advgb-post-tax-term\">Event<\/a>","<a href=\"https:\/\/www.fanprojekt-muenster.de\/wordpress\/category\/aktuelles\/\" class=\"advgb-post-tax-term\">Fanprojekt<\/a>","<a href=\"https:\/\/www.fanprojekt-muenster.de\/wordpress\/category\/aktuelles\/\" class=\"advgb-post-tax-term\">Grillen<\/a>","<a href=\"https:\/\/www.fanprojekt-muenster.de\/wordpress\/category\/aktuelles\/\" class=\"advgb-post-tax-term\">Mannschaft<\/a>","<a href=\"https:\/\/www.fanprojekt-muenster.de\/wordpress\/category\/aktuelles\/\" class=\"advgb-post-tax-term\">SC Preu\u00dfen M\u00fcnster<\/a>","<a href=\"https:\/\/www.fanprojekt-muenster.de\/wordpress\/category\/aktuelles\/\" class=\"advgb-post-tax-term\">Von Fans f\u00fcr Fans<\/a>"],"unlinked":["<span class=\"advgb-post-tax-term\">2013<\/span>","<span class=\"advgb-post-tax-term\">3.Liga<\/span>","<span class=\"advgb-post-tax-term\">Eintopf<\/span>","<span class=\"advgb-post-tax-term\">Event<\/span>","<span class=\"advgb-post-tax-term\">Fanprojekt<\/span>","<span class=\"advgb-post-tax-term\">Grillen<\/span>","<span class=\"advgb-post-tax-term\">Mannschaft<\/span>","<span class=\"advgb-post-tax-term\">SC Preu\u00dfen M\u00fcnster<\/span>","<span class=\"advgb-post-tax-term\">Von Fans f\u00fcr Fans<\/span>"]}},"comment_count":"0","relative_dates":{"created":"Posted 12\u00a0Jahren ago","modified":"Updated 12\u00a0Jahren ago"},"absolute_dates":{"created":"Posted on 1. November 2013","modified":"Updated on 1. November 2013"},"absolute_dates_time":{"created":"Posted on 1. November 2013 12:12","modified":"Updated on 1. November 2013 12:12"},"featured_img_caption":"","series_order":"","_links":{"self":[{"href":"https:\/\/www.fanprojekt-muenster.de\/wordpress\/wp-json\/wp\/v2\/posts\/2036","targetHints":{"allow":["GET"]}}],"collection":[{"href":"https:\/\/www.fanprojekt-muenster.de\/wordpress\/wp-json\/wp\/v2\/posts"}],"about":[{"href":"https:\/\/www.fanprojekt-muenster.de\/wordpress\/wp-json\/wp\/v2\/types\/post"}],"author":[{"embeddable":true,"href":"https:\/\/www.fanprojekt-muenster.de\/wordpress\/wp-json\/wp\/v2\/users\/2"}],"replies":[{"embeddable":true,"href":"https:\/\/www.fanprojekt-muenster.de\/wordpress\/wp-json\/wp\/v2\/comments?post=2036"}],"version-history":[{"count":0,"href":"https:\/\/www.fanprojekt-muenster.de\/wordpress\/wp-json\/wp\/v2\/posts\/2036\/revisions"}],"wp:featuredmedia":[{"embeddable":true,"href":"https:\/\/www.fanprojekt-muenster.de\/wordpress\/wp-json\/"}],"wp:attachment":[{"href":"https:\/\/www.fanprojekt-muenster.de\/wordpress\/wp-json\/wp\/v2\/media?parent=2036"}],"wp:term":[{"taxonomy":"category","embeddable":true,"href":"https:\/\/www.fanprojekt-muenster.de\/wordpress\/wp-json\/wp\/v2\/categories?post=2036"},{"taxonomy":"post_tag","embeddable":true,"href":"https:\/\/www.fanprojekt-muenster.de\/wordpress\/wp-json\/wp\/v2\/tags?post=2036"}],"curies":[{"name":"wp","href":"https:\/\/api.w.org\/{rel}","templated":true}]}}