{"id":2020,"date":"2013-10-26T23:43:37","date_gmt":"2013-10-26T21:43:37","guid":{"rendered":"http:\/\/www.fanprojekt-muenster.de\/?p=2020"},"modified":"2013-10-26T23:43:37","modified_gmt":"2013-10-26T21:43:37","slug":"willkommen-in-muenster-liebe-erstis","status":"publish","type":"post","link":"https:\/\/www.fanprojekt-muenster.de\/wordpress\/willkommen-in-muenster-liebe-erstis\/","title":{"rendered":"Willkommen in M\u00fcnster liebe Erstis"},"content":{"rendered":"<p><img loading=\"lazy\" decoding=\"async\" class=\"alignnone size-large wp-image-2021\" alt=\"Flyer.indd\" src=\"http:\/\/www.fanprojekt-muenster.de\/wp-content\/uploads\/2013\/10\/Titel-1024x724.jpg\" width=\"960\" height=\"678\" \/><\/p>\n<p><b>Hallo Erstis!<\/b><\/p>\n<p>Willkommen in M\u00fcnster, Heimat des besten Fu\u00dfballclubs der Welt, des SC Preu\u00dfen M\u00fcnster!<\/p>\n<p>Wir sind das das Fanprojekt (FP) des Drittligisten SCP und sind ein eigenst\u00e4ndiger \u201eVerein im Verein\u201c.<\/p>\n<p><a href=\"http:\/\/www.fanprojekt-muenster.de\/wp-content\/uploads\/2013\/10\/Willkommen_Erstis_web-1.jpg\"><img loading=\"lazy\" decoding=\"async\" class=\"alignnone size-full wp-image-2023\" alt=\"Willkommen_Erstis_web-1\" src=\"http:\/\/www.fanprojekt-muenster.de\/wp-content\/uploads\/2013\/10\/Willkommen_Erstis_web-1.jpg\" width=\"400\" height=\"283\" \/><\/a><\/p>\n<p>Das FP wurde im Jahr 2000 gegr\u00fcndet und verfolgt das Ziel, Fans des SCP zu organisieren und zu betreuen.<br \/>\nDerzeit hat das Fanprojekt (FP) \u00fcber 450 Mitglieder.<br \/>\nDas FP ist kein Fanclub, sondern eine eigenst\u00e4ndige Abteilung des Vereins SC Preu\u00dfen M\u00fcnster 06 und versteht sich als \u201eDachverband\u201c aller Fangruppierungen der Preu\u00dfen. Daher sind die Aufgaben und Ziele auch nicht mit denen eines \u201enormalen\u201c Fanclubs zu vergleichen. Die Arbeit basiert auf dem Engagement ehrenamtlicher Mitarbeiter. Sie wird durch Mitgliedsbeitr\u00e4ge und Einnahmen aus dem wirtschaftlichen Gesch\u00e4ftsbetrieb finanziert.<\/p>\n<p><b><i>\u201eVon Fans f\u00fcr Fans\u201d<\/i><\/b> lautet das Credo des Fanprojekts. Diese Grundidee spiegelt sich auch bei den Mitarbeitern wider, deren Engagement die Fanbetreuung in der aktuellen Form erst m\u00f6glich macht. Sie sorgt ferner daf\u00fcr, dass die Betreuungsangebote Fan-nah und nicht &#8211; wie heute oft \u00fcblich \u2013 kommerziell ausgerichtet sind.<\/p>\n<p><a href=\"http:\/\/www.fanprojekt-muenster.de\/wp-content\/uploads\/2013\/10\/Willkommen_Erstis_web-2.jpg\"><img loading=\"lazy\" decoding=\"async\" class=\"alignnone size-full wp-image-2024\" alt=\"Willkommen_Erstis_web-2\" src=\"http:\/\/www.fanprojekt-muenster.de\/wp-content\/uploads\/2013\/10\/Willkommen_Erstis_web-2.jpg\" width=\"400\" height=\"283\" \/><\/a><\/p>\n<p>Der Fanprojekt-Arbeitskreis besteht zurzeit aus etwa zehn engagierten Preu\u00dfen-Freunden. Ob m\u00e4nnlich, ob weiblich, ob jung, ob alt &#8211; im Fanprojekt ist f\u00fcr alle Platz, die ein Interesse daran haben, die Fanarbeit in M\u00fcnster (mit) zu gestalten.<\/p>\n<p>Hier geht es zum Flyer, den ihr wahrscheinlich auch schon aus der <a title=\"Stadtgefl\u00fcster M\u00fcnster\" href=\"http:\/\/www.stadtgefluester-muenster.de\" target=\"_blank\" rel=\"noopener noreferrer\">Stadtgefl\u00fcster<\/a> kennt:\u00a0<a href=\"http:\/\/www.fanprojekt-muenster.de\/wp-content\/uploads\/2013\/10\/Willkommen_Erstis_web.pdf\">Willkommen_Erstis_web<\/a><\/p>\n","protected":false},"excerpt":{"rendered":"<p>Hallo Erstis! Willkommen in M\u00fcnster, Heimat des besten Fu\u00dfballclubs der Welt, des SC Preu\u00dfen M\u00fcnster! Wir sind das das Fanprojekt (FP) des Drittligisten SCP und sind ein eigenst\u00e4ndiger \u201eVerein im&#8230; <a class=\"read-more-link\" href=\"https:\/\/www.fanprojekt-muenster.de\/wordpress\/willkommen-in-muenster-liebe-erstis\/\">Read more &raquo;<\/a><\/p>\n","protected":false},"author":2,"featured_media":0,"comment_status":"open","ping_status":"open","sticky":false,"template":"","format":"standard","meta":{"advgb_blocks_editor_width":"","advgb_blocks_columns_visual_guide":"","footnotes":""},"categories":[3],"tags":[25,28,94,112,223,271,283],"class_list":["post-2020","post","type-post","status-publish","format-standard","hentry","category-aktuelles","tag-25","tag-3-liga-2","tag-erstsemester","tag-fanprojekt","tag-sc-preussen-muenster","tag-uni-muenster","tag-von-fans-fuer-fans"],"featured_image_src":null,"author_info":{"display_name":"fp_superadmin","author_link":"https:\/\/www.fanprojekt-muenster.de\/wordpress\/author\/fp_superadmin\/"},"yoast_head":"<!-- This site is optimized with the Yoast SEO plugin v27.2 - https:\/\/yoast.com\/product\/yoast-seo-wordpress\/ -->\n<title>Willkommen in M\u00fcnster liebe Erstis - Fangemeinschaft Preu\u00dfen M\u00fcnster e. V.<\/title>\n<meta name=\"robots\" content=\"index, follow, max-snippet:-1, max-image-preview:large, max-video-preview:-1\" \/>\n<link rel=\"canonical\" href=\"https:\/\/www.fanprojekt-muenster.de\/wordpress\/willkommen-in-muenster-liebe-erstis\/\" \/>\n<meta property=\"og:locale\" content=\"de_DE\" \/>\n<meta property=\"og:type\" content=\"article\" \/>\n<meta property=\"og:title\" content=\"Willkommen in M\u00fcnster liebe Erstis - Fangemeinschaft Preu\u00dfen M\u00fcnster e. V.\" \/>\n<meta property=\"og:description\" content=\"F\u00fcr die Erstsemester der Universit\u00e4t M\u00fcnster haben wir uns mal etwas besonderes einfallen lassen. Es wurden 2000 Flyer gedruckt und verteilt, in denen die Ersties nicht nur im Namen der Stadt M\u00fcnster begr\u00fc\u00dft wurden, sondern auch im Namen des Fanprojekts des Traditionsclubs SC Preu\u00dfen M\u00fcnster 06 e.V. Schaut doch mal rein! Euch allen noch einen entspannten Abend. #scp06 #Ersties @WWU_Muenster\" \/>\n<meta property=\"og:url\" content=\"https:\/\/www.fanprojekt-muenster.de\/wordpress\/willkommen-in-muenster-liebe-erstis\/\" \/>\n<meta property=\"og:site_name\" content=\"Fangemeinschaft Preu\u00dfen M\u00fcnster e. V.\" \/>\n<meta property=\"article:published_time\" content=\"2013-10-26T21:43:37+00:00\" \/>\n<meta property=\"og:image\" content=\"http:\/\/www.fanprojekt-muenster.de\/wp-content\/uploads\/2013\/10\/Titel-1024x724.jpg\" \/>\n<meta name=\"author\" content=\"fp_superadmin\" \/>\n<meta name=\"twitter:card\" content=\"summary_large_image\" \/>\n<meta name=\"twitter:label1\" content=\"Verfasst von\" \/>\n\t<meta name=\"twitter:data1\" content=\"fp_superadmin\" \/>\n\t<meta name=\"twitter:label2\" content=\"Gesch\u00e4tzte Lesezeit\" \/>\n\t<meta name=\"twitter:data2\" content=\"1\u00a0Minute\" \/>\n<script type=\"application\/ld+json\" class=\"yoast-schema-graph\">{\"@context\":\"https:\/\/schema.org\",\"@graph\":[{\"@type\":\"Article\",\"@id\":\"https:\/\/www.fanprojekt-muenster.de\/wordpress\/willkommen-in-muenster-liebe-erstis\/#article\",\"isPartOf\":{\"@id\":\"https:\/\/www.fanprojekt-muenster.de\/wordpress\/willkommen-in-muenster-liebe-erstis\/\"},\"author\":{\"name\":\"fp_superadmin\",\"@id\":\"https:\/\/www.fanprojekt-muenster.de\/wordpress\/#\/schema\/person\/9126cc4d73d0d07c75b487075111186c\"},\"headline\":\"Willkommen in M\u00fcnster liebe Erstis\",\"datePublished\":\"2013-10-26T21:43:37+00:00\",\"mainEntityOfPage\":{\"@id\":\"https:\/\/www.fanprojekt-muenster.de\/wordpress\/willkommen-in-muenster-liebe-erstis\/\"},\"wordCount\":239,\"commentCount\":0,\"publisher\":{\"@id\":\"https:\/\/www.fanprojekt-muenster.de\/wordpress\/#organization\"},\"image\":{\"@id\":\"https:\/\/www.fanprojekt-muenster.de\/wordpress\/willkommen-in-muenster-liebe-erstis\/#primaryimage\"},\"thumbnailUrl\":\"http:\/\/www.fanprojekt-muenster.de\/wp-content\/uploads\/2013\/10\/Titel-1024x724.jpg\",\"keywords\":[\"2013\",\"3.Liga\",\"Erstsemester\",\"Fanprojekt\",\"SC Preu\u00dfen M\u00fcnster\",\"Uni M\u00fcnster\",\"Von Fans f\u00fcr Fans\"],\"articleSection\":[\"Aktuelles\"],\"inLanguage\":\"de\",\"potentialAction\":[{\"@type\":\"CommentAction\",\"name\":\"Comment\",\"target\":[\"https:\/\/www.fanprojekt-muenster.de\/wordpress\/willkommen-in-muenster-liebe-erstis\/#respond\"]}]},{\"@type\":\"WebPage\",\"@id\":\"https:\/\/www.fanprojekt-muenster.de\/wordpress\/willkommen-in-muenster-liebe-erstis\/\",\"url\":\"https:\/\/www.fanprojekt-muenster.de\/wordpress\/willkommen-in-muenster-liebe-erstis\/\",\"name\":\"Willkommen in M\u00fcnster liebe Erstis - Fangemeinschaft Preu\u00dfen M\u00fcnster e. V.\",\"isPartOf\":{\"@id\":\"https:\/\/www.fanprojekt-muenster.de\/wordpress\/#website\"},\"primaryImageOfPage\":{\"@id\":\"https:\/\/www.fanprojekt-muenster.de\/wordpress\/willkommen-in-muenster-liebe-erstis\/#primaryimage\"},\"image\":{\"@id\":\"https:\/\/www.fanprojekt-muenster.de\/wordpress\/willkommen-in-muenster-liebe-erstis\/#primaryimage\"},\"thumbnailUrl\":\"http:\/\/www.fanprojekt-muenster.de\/wp-content\/uploads\/2013\/10\/Titel-1024x724.jpg\",\"datePublished\":\"2013-10-26T21:43:37+00:00\",\"breadcrumb\":{\"@id\":\"https:\/\/www.fanprojekt-muenster.de\/wordpress\/willkommen-in-muenster-liebe-erstis\/#breadcrumb\"},\"inLanguage\":\"de\",\"potentialAction\":[{\"@type\":\"ReadAction\",\"target\":[\"https:\/\/www.fanprojekt-muenster.de\/wordpress\/willkommen-in-muenster-liebe-erstis\/\"]}]},{\"@type\":\"ImageObject\",\"inLanguage\":\"de\",\"@id\":\"https:\/\/www.fanprojekt-muenster.de\/wordpress\/willkommen-in-muenster-liebe-erstis\/#primaryimage\",\"url\":\"http:\/\/www.fanprojekt-muenster.de\/wp-content\/uploads\/2013\/10\/Titel-1024x724.jpg\",\"contentUrl\":\"http:\/\/www.fanprojekt-muenster.de\/wp-content\/uploads\/2013\/10\/Titel-1024x724.jpg\"},{\"@type\":\"BreadcrumbList\",\"@id\":\"https:\/\/www.fanprojekt-muenster.de\/wordpress\/willkommen-in-muenster-liebe-erstis\/#breadcrumb\",\"itemListElement\":[{\"@type\":\"ListItem\",\"position\":1,\"name\":\"Startseite\",\"item\":\"https:\/\/www.fanprojekt-muenster.de\/wordpress\/\"},{\"@type\":\"ListItem\",\"position\":2,\"name\":\"Willkommen in M\u00fcnster liebe Erstis\"}]},{\"@type\":\"WebSite\",\"@id\":\"https:\/\/www.fanprojekt-muenster.de\/wordpress\/#website\",\"url\":\"https:\/\/www.fanprojekt-muenster.de\/wordpress\/\",\"name\":\"Fangemeinschaft Preu\u00dfen M\u00fcnster e. V.\",\"description\":\"\",\"publisher\":{\"@id\":\"https:\/\/www.fanprojekt-muenster.de\/wordpress\/#organization\"},\"potentialAction\":[{\"@type\":\"SearchAction\",\"target\":{\"@type\":\"EntryPoint\",\"urlTemplate\":\"https:\/\/www.fanprojekt-muenster.de\/wordpress\/?s={search_term_string}\"},\"query-input\":{\"@type\":\"PropertyValueSpecification\",\"valueRequired\":true,\"valueName\":\"search_term_string\"}}],\"inLanguage\":\"de\"},{\"@type\":\"Organization\",\"@id\":\"https:\/\/www.fanprojekt-muenster.de\/wordpress\/#organization\",\"name\":\"Fangemeinschaft Preu\u00dfen M\u00fcnster e. V.\",\"url\":\"https:\/\/www.fanprojekt-muenster.de\/wordpress\/\",\"logo\":{\"@type\":\"ImageObject\",\"inLanguage\":\"de\",\"@id\":\"https:\/\/www.fanprojekt-muenster.de\/wordpress\/#\/schema\/logo\/image\/\",\"url\":\"https:\/\/www.fanprojekt-muenster.de\/wordpress\/wp-content\/uploads\/2019\/07\/cropped-Website_Logo3-9.png\",\"contentUrl\":\"https:\/\/www.fanprojekt-muenster.de\/wordpress\/wp-content\/uploads\/2019\/07\/cropped-Website_Logo3-9.png\",\"width\":224,\"height\":42,\"caption\":\"Fangemeinschaft Preu\u00dfen M\u00fcnster e. V.\"},\"image\":{\"@id\":\"https:\/\/www.fanprojekt-muenster.de\/wordpress\/#\/schema\/logo\/image\/\"}},{\"@type\":\"Person\",\"@id\":\"https:\/\/www.fanprojekt-muenster.de\/wordpress\/#\/schema\/person\/9126cc4d73d0d07c75b487075111186c\",\"name\":\"fp_superadmin\",\"url\":\"https:\/\/www.fanprojekt-muenster.de\/wordpress\/author\/fp_superadmin\/\"}]}<\/script>\n<!-- \/ Yoast SEO plugin. -->","yoast_head_json":{"title":"Willkommen in M\u00fcnster liebe Erstis - Fangemeinschaft Preu\u00dfen M\u00fcnster e. V.","robots":{"index":"index","follow":"follow","max-snippet":"max-snippet:-1","max-image-preview":"max-image-preview:large","max-video-preview":"max-video-preview:-1"},"canonical":"https:\/\/www.fanprojekt-muenster.de\/wordpress\/willkommen-in-muenster-liebe-erstis\/","og_locale":"de_DE","og_type":"article","og_title":"Willkommen in M\u00fcnster liebe Erstis - Fangemeinschaft Preu\u00dfen M\u00fcnster e. V.","og_description":"F\u00fcr die Erstsemester der Universit\u00e4t M\u00fcnster haben wir uns mal etwas besonderes einfallen lassen. Es wurden 2000 Flyer gedruckt und verteilt, in denen die Ersties nicht nur im Namen der Stadt M\u00fcnster begr\u00fc\u00dft wurden, sondern auch im Namen des Fanprojekts des Traditionsclubs SC Preu\u00dfen M\u00fcnster 06 e.V. Schaut doch mal rein! Euch allen noch einen entspannten Abend. #scp06 #Ersties @WWU_Muenster","og_url":"https:\/\/www.fanprojekt-muenster.de\/wordpress\/willkommen-in-muenster-liebe-erstis\/","og_site_name":"Fangemeinschaft Preu\u00dfen M\u00fcnster e. V.","article_published_time":"2013-10-26T21:43:37+00:00","og_image":[{"url":"http:\/\/www.fanprojekt-muenster.de\/wp-content\/uploads\/2013\/10\/Titel-1024x724.jpg","type":"","width":"","height":""}],"author":"fp_superadmin","twitter_card":"summary_large_image","twitter_misc":{"Verfasst von":"fp_superadmin","Gesch\u00e4tzte Lesezeit":"1\u00a0Minute"},"schema":{"@context":"https:\/\/schema.org","@graph":[{"@type":"Article","@id":"https:\/\/www.fanprojekt-muenster.de\/wordpress\/willkommen-in-muenster-liebe-erstis\/#article","isPartOf":{"@id":"https:\/\/www.fanprojekt-muenster.de\/wordpress\/willkommen-in-muenster-liebe-erstis\/"},"author":{"name":"fp_superadmin","@id":"https:\/\/www.fanprojekt-muenster.de\/wordpress\/#\/schema\/person\/9126cc4d73d0d07c75b487075111186c"},"headline":"Willkommen in M\u00fcnster liebe Erstis","datePublished":"2013-10-26T21:43:37+00:00","mainEntityOfPage":{"@id":"https:\/\/www.fanprojekt-muenster.de\/wordpress\/willkommen-in-muenster-liebe-erstis\/"},"wordCount":239,"commentCount":0,"publisher":{"@id":"https:\/\/www.fanprojekt-muenster.de\/wordpress\/#organization"},"image":{"@id":"https:\/\/www.fanprojekt-muenster.de\/wordpress\/willkommen-in-muenster-liebe-erstis\/#primaryimage"},"thumbnailUrl":"http:\/\/www.fanprojekt-muenster.de\/wp-content\/uploads\/2013\/10\/Titel-1024x724.jpg","keywords":["2013","3.Liga","Erstsemester","Fanprojekt","SC Preu\u00dfen M\u00fcnster","Uni M\u00fcnster","Von Fans f\u00fcr Fans"],"articleSection":["Aktuelles"],"inLanguage":"de","potentialAction":[{"@type":"CommentAction","name":"Comment","target":["https:\/\/www.fanprojekt-muenster.de\/wordpress\/willkommen-in-muenster-liebe-erstis\/#respond"]}]},{"@type":"WebPage","@id":"https:\/\/www.fanprojekt-muenster.de\/wordpress\/willkommen-in-muenster-liebe-erstis\/","url":"https:\/\/www.fanprojekt-muenster.de\/wordpress\/willkommen-in-muenster-liebe-erstis\/","name":"Willkommen in M\u00fcnster liebe Erstis - Fangemeinschaft Preu\u00dfen M\u00fcnster e. V.","isPartOf":{"@id":"https:\/\/www.fanprojekt-muenster.de\/wordpress\/#website"},"primaryImageOfPage":{"@id":"https:\/\/www.fanprojekt-muenster.de\/wordpress\/willkommen-in-muenster-liebe-erstis\/#primaryimage"},"image":{"@id":"https:\/\/www.fanprojekt-muenster.de\/wordpress\/willkommen-in-muenster-liebe-erstis\/#primaryimage"},"thumbnailUrl":"http:\/\/www.fanprojekt-muenster.de\/wp-content\/uploads\/2013\/10\/Titel-1024x724.jpg","datePublished":"2013-10-26T21:43:37+00:00","breadcrumb":{"@id":"https:\/\/www.fanprojekt-muenster.de\/wordpress\/willkommen-in-muenster-liebe-erstis\/#breadcrumb"},"inLanguage":"de","potentialAction":[{"@type":"ReadAction","target":["https:\/\/www.fanprojekt-muenster.de\/wordpress\/willkommen-in-muenster-liebe-erstis\/"]}]},{"@type":"ImageObject","inLanguage":"de","@id":"https:\/\/www.fanprojekt-muenster.de\/wordpress\/willkommen-in-muenster-liebe-erstis\/#primaryimage","url":"http:\/\/www.fanprojekt-muenster.de\/wp-content\/uploads\/2013\/10\/Titel-1024x724.jpg","contentUrl":"http:\/\/www.fanprojekt-muenster.de\/wp-content\/uploads\/2013\/10\/Titel-1024x724.jpg"},{"@type":"BreadcrumbList","@id":"https:\/\/www.fanprojekt-muenster.de\/wordpress\/willkommen-in-muenster-liebe-erstis\/#breadcrumb","itemListElement":[{"@type":"ListItem","position":1,"name":"Startseite","item":"https:\/\/www.fanprojekt-muenster.de\/wordpress\/"},{"@type":"ListItem","position":2,"name":"Willkommen in M\u00fcnster liebe Erstis"}]},{"@type":"WebSite","@id":"https:\/\/www.fanprojekt-muenster.de\/wordpress\/#website","url":"https:\/\/www.fanprojekt-muenster.de\/wordpress\/","name":"Fangemeinschaft Preu\u00dfen M\u00fcnster e. V.","description":"","publisher":{"@id":"https:\/\/www.fanprojekt-muenster.de\/wordpress\/#organization"},"potentialAction":[{"@type":"SearchAction","target":{"@type":"EntryPoint","urlTemplate":"https:\/\/www.fanprojekt-muenster.de\/wordpress\/?s={search_term_string}"},"query-input":{"@type":"PropertyValueSpecification","valueRequired":true,"valueName":"search_term_string"}}],"inLanguage":"de"},{"@type":"Organization","@id":"https:\/\/www.fanprojekt-muenster.de\/wordpress\/#organization","name":"Fangemeinschaft Preu\u00dfen M\u00fcnster e. V.","url":"https:\/\/www.fanprojekt-muenster.de\/wordpress\/","logo":{"@type":"ImageObject","inLanguage":"de","@id":"https:\/\/www.fanprojekt-muenster.de\/wordpress\/#\/schema\/logo\/image\/","url":"https:\/\/www.fanprojekt-muenster.de\/wordpress\/wp-content\/uploads\/2019\/07\/cropped-Website_Logo3-9.png","contentUrl":"https:\/\/www.fanprojekt-muenster.de\/wordpress\/wp-content\/uploads\/2019\/07\/cropped-Website_Logo3-9.png","width":224,"height":42,"caption":"Fangemeinschaft Preu\u00dfen M\u00fcnster e. V."},"image":{"@id":"https:\/\/www.fanprojekt-muenster.de\/wordpress\/#\/schema\/logo\/image\/"}},{"@type":"Person","@id":"https:\/\/www.fanprojekt-muenster.de\/wordpress\/#\/schema\/person\/9126cc4d73d0d07c75b487075111186c","name":"fp_superadmin","url":"https:\/\/www.fanprojekt-muenster.de\/wordpress\/author\/fp_superadmin\/"}]}},"author_meta":{"display_name":"fp_superadmin","author_link":"https:\/\/www.fanprojekt-muenster.de\/wordpress\/author\/fp_superadmin\/"},"featured_img":null,"coauthors":[],"tax_additional":{"categories":{"linked":["<a href=\"https:\/\/www.fanprojekt-muenster.de\/wordpress\/category\/aktuelles\/\" class=\"advgb-post-tax-term\">Aktuelles<\/a>"],"unlinked":["<span class=\"advgb-post-tax-term\">Aktuelles<\/span>"]},"tags":{"linked":["<a href=\"https:\/\/www.fanprojekt-muenster.de\/wordpress\/category\/aktuelles\/\" class=\"advgb-post-tax-term\">2013<\/a>","<a href=\"https:\/\/www.fanprojekt-muenster.de\/wordpress\/category\/aktuelles\/\" class=\"advgb-post-tax-term\">3.Liga<\/a>","<a href=\"https:\/\/www.fanprojekt-muenster.de\/wordpress\/category\/aktuelles\/\" class=\"advgb-post-tax-term\">Erstsemester<\/a>","<a href=\"https:\/\/www.fanprojekt-muenster.de\/wordpress\/category\/aktuelles\/\" class=\"advgb-post-tax-term\">Fanprojekt<\/a>","<a href=\"https:\/\/www.fanprojekt-muenster.de\/wordpress\/category\/aktuelles\/\" class=\"advgb-post-tax-term\">SC Preu\u00dfen M\u00fcnster<\/a>","<a href=\"https:\/\/www.fanprojekt-muenster.de\/wordpress\/category\/aktuelles\/\" class=\"advgb-post-tax-term\">Uni M\u00fcnster<\/a>","<a href=\"https:\/\/www.fanprojekt-muenster.de\/wordpress\/category\/aktuelles\/\" class=\"advgb-post-tax-term\">Von Fans f\u00fcr Fans<\/a>"],"unlinked":["<span class=\"advgb-post-tax-term\">2013<\/span>","<span class=\"advgb-post-tax-term\">3.Liga<\/span>","<span class=\"advgb-post-tax-term\">Erstsemester<\/span>","<span class=\"advgb-post-tax-term\">Fanprojekt<\/span>","<span class=\"advgb-post-tax-term\">SC Preu\u00dfen M\u00fcnster<\/span>","<span class=\"advgb-post-tax-term\">Uni M\u00fcnster<\/span>","<span class=\"advgb-post-tax-term\">Von Fans f\u00fcr Fans<\/span>"]}},"comment_count":"0","relative_dates":{"created":"Posted 13\u00a0Jahren ago","modified":"Updated 13\u00a0Jahren ago"},"absolute_dates":{"created":"Posted on 26. Oktober 2013","modified":"Updated on 26. Oktober 2013"},"absolute_dates_time":{"created":"Posted on 26. Oktober 2013 23:43","modified":"Updated on 26. Oktober 2013 23:43"},"featured_img_caption":"","series_order":"","_links":{"self":[{"href":"https:\/\/www.fanprojekt-muenster.de\/wordpress\/wp-json\/wp\/v2\/posts\/2020","targetHints":{"allow":["GET"]}}],"collection":[{"href":"https:\/\/www.fanprojekt-muenster.de\/wordpress\/wp-json\/wp\/v2\/posts"}],"about":[{"href":"https:\/\/www.fanprojekt-muenster.de\/wordpress\/wp-json\/wp\/v2\/types\/post"}],"author":[{"embeddable":true,"href":"https:\/\/www.fanprojekt-muenster.de\/wordpress\/wp-json\/wp\/v2\/users\/2"}],"replies":[{"embeddable":true,"href":"https:\/\/www.fanprojekt-muenster.de\/wordpress\/wp-json\/wp\/v2\/comments?post=2020"}],"version-history":[{"count":0,"href":"https:\/\/www.fanprojekt-muenster.de\/wordpress\/wp-json\/wp\/v2\/posts\/2020\/revisions"}],"wp:attachment":[{"href":"https:\/\/www.fanprojekt-muenster.de\/wordpress\/wp-json\/wp\/v2\/media?parent=2020"}],"wp:term":[{"taxonomy":"category","embeddable":true,"href":"https:\/\/www.fanprojekt-muenster.de\/wordpress\/wp-json\/wp\/v2\/categories?post=2020"},{"taxonomy":"post_tag","embeddable":true,"href":"https:\/\/www.fanprojekt-muenster.de\/wordpress\/wp-json\/wp\/v2\/tags?post=2020"}],"curies":[{"name":"wp","href":"https:\/\/api.w.org\/{rel}","templated":true}]}}