{"id":1984,"date":"2013-10-18T18:26:20","date_gmt":"2013-10-18T16:26:20","guid":{"rendered":"http:\/\/www.fanprojekt-muenster.de\/?p=1984"},"modified":"2013-10-18T18:26:20","modified_gmt":"2013-10-18T16:26:20","slug":"auswaertsfahrt-nach-saarbruecken","status":"publish","type":"post","link":"https:\/\/www.fanprojekt-muenster.de\/wordpress\/auswaertsfahrt-nach-saarbruecken\/","title":{"rendered":"Ausw\u00e4rtsfahrt nach Saarbr\u00fccken"},"content":{"rendered":"<p><img loading=\"lazy\" decoding=\"async\" class=\"alignnone size-large wp-image-1981\" alt=\"Auswaerts_Saarbruecken\" src=\"http:\/\/www.fanprojekt-muenster.de\/wp-content\/uploads\/2013\/10\/Auswaerts_Saarbruecken-1024x664.jpg\" width=\"960\" height=\"622\" \/><\/p>\n<p>Das Fanprojekt des SC Preu\u00dfen M\u00fcnster wird zur Ausw\u00e4rtsfahrt am Samstag, den 9.11.2013 nach Saarbr\u00fccken einen Fanbus einsetzen.<\/p>\n<p>Abfahrt ist um 6.30 Uhr am Hauptbahnhof (Osteingang)!<br \/>\nDie Fahrtkosten f\u00fcr Fanprojekt-Mitglieder 38 Euro, Nichtmitglieder zahlen 48 Euro.<br \/>\nJugendliche und Kinder zahlen jeweils die H\u00e4lfte.<br \/>\nF\u00fcr die Fahrten werden generell noch Sponsoren gesucht.<br \/>\nAnmeldungen sind ab sofort nur noch an unserem Infostand bei Heimspielen neben dem Fanshopwagen, sowie <a title=\"Ausw\u00e4rtsfahrt nach Saarbr\u00fccken\" href=\"http:\/\/www.fanprojekt-muenster.de\/Veranstaltungen\/auswaertsfahrt-nach-saarbruecken\/\">hier<\/a> online m\u00f6glich.<\/p>\n<p><strong>Bitte beachtet unsere neuen Regeln f\u00fcr\u00a0<a title=\"Regeln Ausw\u00e4rtsfahrten\" href=\"http:\/\/www.fanprojekt-muenster.de\/angebote\/regeln-auswartsfahrten\/\" target=\"_blank\" rel=\"noopener noreferrer\">Ausw\u00e4rtsfahrten<\/a>!<\/strong><\/p>\n","protected":false},"excerpt":{"rendered":"<p>Das Fanprojekt des SC Preu\u00dfen M\u00fcnster wird zur Ausw\u00e4rtsfahrt am Samstag, den 9.11.2013 nach Saarbr\u00fccken einen Fanbus einsetzen. Abfahrt ist um 6.30 Uhr am Hauptbahnhof (Osteingang)! Die Fahrtkosten f\u00fcr Fanprojekt-Mitglieder&#8230; <a class=\"read-more-link\" href=\"https:\/\/www.fanprojekt-muenster.de\/wordpress\/auswaertsfahrt-nach-saarbruecken\/\">Read more &raquo;<\/a><\/p>\n","protected":false},"author":2,"featured_media":1981,"comment_status":"open","ping_status":"open","sticky":false,"template":"","format":"standard","meta":{"advgb_blocks_editor_width":"","advgb_blocks_columns_visual_guide":"","footnotes":""},"categories":[3,4],"tags":[25,28,49,112,223,283],"class_list":["post-1984","post","type-post","status-publish","format-standard","has-post-thumbnail","hentry","category-aktuelles","category-auswarts","tag-25","tag-3-liga-2","tag-auswaertsfahrt","tag-fanprojekt","tag-sc-preussen-muenster","tag-von-fans-fuer-fans"],"featured_image_src":null,"author_info":{"display_name":"fp_superadmin","author_link":"https:\/\/www.fanprojekt-muenster.de\/wordpress\/author\/fp_superadmin\/"},"yoast_head":"<!-- This site is optimized with the Yoast SEO plugin v27.2 - https:\/\/yoast.com\/product\/yoast-seo-wordpress\/ -->\n<title>Ausw\u00e4rtsfahrt nach Saarbr\u00fccken - Fangemeinschaft Preu\u00dfen M\u00fcnster e. V.<\/title>\n<meta name=\"robots\" content=\"index, follow, max-snippet:-1, max-image-preview:large, max-video-preview:-1\" \/>\n<link rel=\"canonical\" href=\"https:\/\/www.fanprojekt-muenster.de\/wordpress\/auswaertsfahrt-nach-saarbruecken\/\" \/>\n<meta property=\"og:locale\" content=\"de_DE\" \/>\n<meta property=\"og:type\" content=\"article\" \/>\n<meta property=\"og:title\" content=\"Ausw\u00e4rtsfahrt nach Saarbr\u00fccken - Fangemeinschaft Preu\u00dfen M\u00fcnster e. V.\" \/>\n<meta property=\"og:description\" content=\"Das Fanprojekt des SC Preu\u00dfen M\u00fcnster wird zur Ausw\u00e4rtsfahrt am Samstag, den 9.11.2013 nach Saarbr\u00fccken einen Fanbus einsetzen. Abfahrt ist um 6.30 Uhr am Hauptbahnhof (Osteingang)! Die Fahrtkosten f\u00fcr Fanprojekt-Mitglieder... Read more &raquo;\" \/>\n<meta property=\"og:url\" content=\"https:\/\/www.fanprojekt-muenster.de\/wordpress\/auswaertsfahrt-nach-saarbruecken\/\" \/>\n<meta property=\"og:site_name\" content=\"Fangemeinschaft Preu\u00dfen M\u00fcnster e. V.\" \/>\n<meta property=\"article:published_time\" content=\"2013-10-18T16:26:20+00:00\" \/>\n<meta name=\"author\" content=\"fp_superadmin\" \/>\n<meta name=\"twitter:card\" content=\"summary_large_image\" \/>\n<meta name=\"twitter:label1\" content=\"Verfasst von\" \/>\n\t<meta name=\"twitter:data1\" content=\"fp_superadmin\" \/>\n<script type=\"application\/ld+json\" class=\"yoast-schema-graph\">{\"@context\":\"https:\/\/schema.org\",\"@graph\":[{\"@type\":\"Article\",\"@id\":\"https:\/\/www.fanprojekt-muenster.de\/wordpress\/auswaertsfahrt-nach-saarbruecken\/#article\",\"isPartOf\":{\"@id\":\"https:\/\/www.fanprojekt-muenster.de\/wordpress\/auswaertsfahrt-nach-saarbruecken\/\"},\"author\":{\"name\":\"fp_superadmin\",\"@id\":\"https:\/\/www.fanprojekt-muenster.de\/wordpress\/#\/schema\/person\/9126cc4d73d0d07c75b487075111186c\"},\"headline\":\"Ausw\u00e4rtsfahrt nach Saarbr\u00fccken\",\"datePublished\":\"2013-10-18T16:26:20+00:00\",\"mainEntityOfPage\":{\"@id\":\"https:\/\/www.fanprojekt-muenster.de\/wordpress\/auswaertsfahrt-nach-saarbruecken\/\"},\"wordCount\":87,\"commentCount\":0,\"publisher\":{\"@id\":\"https:\/\/www.fanprojekt-muenster.de\/wordpress\/#organization\"},\"image\":{\"@id\":\"https:\/\/www.fanprojekt-muenster.de\/wordpress\/auswaertsfahrt-nach-saarbruecken\/#primaryimage\"},\"thumbnailUrl\":\"\",\"keywords\":[\"2013\",\"3.Liga\",\"Ausw\u00e4rtsfahrt\",\"Fanprojekt\",\"SC Preu\u00dfen M\u00fcnster\",\"Von Fans f\u00fcr Fans\"],\"articleSection\":[\"Aktuelles\",\"Ausw\u00e4rts\"],\"inLanguage\":\"de\",\"potentialAction\":[{\"@type\":\"CommentAction\",\"name\":\"Comment\",\"target\":[\"https:\/\/www.fanprojekt-muenster.de\/wordpress\/auswaertsfahrt-nach-saarbruecken\/#respond\"]}]},{\"@type\":\"WebPage\",\"@id\":\"https:\/\/www.fanprojekt-muenster.de\/wordpress\/auswaertsfahrt-nach-saarbruecken\/\",\"url\":\"https:\/\/www.fanprojekt-muenster.de\/wordpress\/auswaertsfahrt-nach-saarbruecken\/\",\"name\":\"Ausw\u00e4rtsfahrt nach Saarbr\u00fccken - Fangemeinschaft Preu\u00dfen M\u00fcnster e. V.\",\"isPartOf\":{\"@id\":\"https:\/\/www.fanprojekt-muenster.de\/wordpress\/#website\"},\"primaryImageOfPage\":{\"@id\":\"https:\/\/www.fanprojekt-muenster.de\/wordpress\/auswaertsfahrt-nach-saarbruecken\/#primaryimage\"},\"image\":{\"@id\":\"https:\/\/www.fanprojekt-muenster.de\/wordpress\/auswaertsfahrt-nach-saarbruecken\/#primaryimage\"},\"thumbnailUrl\":\"\",\"datePublished\":\"2013-10-18T16:26:20+00:00\",\"breadcrumb\":{\"@id\":\"https:\/\/www.fanprojekt-muenster.de\/wordpress\/auswaertsfahrt-nach-saarbruecken\/#breadcrumb\"},\"inLanguage\":\"de\",\"potentialAction\":[{\"@type\":\"ReadAction\",\"target\":[\"https:\/\/www.fanprojekt-muenster.de\/wordpress\/auswaertsfahrt-nach-saarbruecken\/\"]}]},{\"@type\":\"ImageObject\",\"inLanguage\":\"de\",\"@id\":\"https:\/\/www.fanprojekt-muenster.de\/wordpress\/auswaertsfahrt-nach-saarbruecken\/#primaryimage\",\"url\":\"\",\"contentUrl\":\"\"},{\"@type\":\"BreadcrumbList\",\"@id\":\"https:\/\/www.fanprojekt-muenster.de\/wordpress\/auswaertsfahrt-nach-saarbruecken\/#breadcrumb\",\"itemListElement\":[{\"@type\":\"ListItem\",\"position\":1,\"name\":\"Startseite\",\"item\":\"https:\/\/www.fanprojekt-muenster.de\/wordpress\/\"},{\"@type\":\"ListItem\",\"position\":2,\"name\":\"Ausw\u00e4rtsfahrt nach Saarbr\u00fccken\"}]},{\"@type\":\"WebSite\",\"@id\":\"https:\/\/www.fanprojekt-muenster.de\/wordpress\/#website\",\"url\":\"https:\/\/www.fanprojekt-muenster.de\/wordpress\/\",\"name\":\"Fangemeinschaft Preu\u00dfen M\u00fcnster e. V.\",\"description\":\"\",\"publisher\":{\"@id\":\"https:\/\/www.fanprojekt-muenster.de\/wordpress\/#organization\"},\"potentialAction\":[{\"@type\":\"SearchAction\",\"target\":{\"@type\":\"EntryPoint\",\"urlTemplate\":\"https:\/\/www.fanprojekt-muenster.de\/wordpress\/?s={search_term_string}\"},\"query-input\":{\"@type\":\"PropertyValueSpecification\",\"valueRequired\":true,\"valueName\":\"search_term_string\"}}],\"inLanguage\":\"de\"},{\"@type\":\"Organization\",\"@id\":\"https:\/\/www.fanprojekt-muenster.de\/wordpress\/#organization\",\"name\":\"Fangemeinschaft Preu\u00dfen M\u00fcnster e. V.\",\"url\":\"https:\/\/www.fanprojekt-muenster.de\/wordpress\/\",\"logo\":{\"@type\":\"ImageObject\",\"inLanguage\":\"de\",\"@id\":\"https:\/\/www.fanprojekt-muenster.de\/wordpress\/#\/schema\/logo\/image\/\",\"url\":\"https:\/\/www.fanprojekt-muenster.de\/wordpress\/wp-content\/uploads\/2019\/07\/cropped-Website_Logo3-9.png\",\"contentUrl\":\"https:\/\/www.fanprojekt-muenster.de\/wordpress\/wp-content\/uploads\/2019\/07\/cropped-Website_Logo3-9.png\",\"width\":224,\"height\":42,\"caption\":\"Fangemeinschaft Preu\u00dfen M\u00fcnster e. V.\"},\"image\":{\"@id\":\"https:\/\/www.fanprojekt-muenster.de\/wordpress\/#\/schema\/logo\/image\/\"}},{\"@type\":\"Person\",\"@id\":\"https:\/\/www.fanprojekt-muenster.de\/wordpress\/#\/schema\/person\/9126cc4d73d0d07c75b487075111186c\",\"name\":\"fp_superadmin\",\"url\":\"https:\/\/www.fanprojekt-muenster.de\/wordpress\/author\/fp_superadmin\/\"}]}<\/script>\n<!-- \/ Yoast SEO plugin. -->","yoast_head_json":{"title":"Ausw\u00e4rtsfahrt nach Saarbr\u00fccken - Fangemeinschaft Preu\u00dfen M\u00fcnster e. V.","robots":{"index":"index","follow":"follow","max-snippet":"max-snippet:-1","max-image-preview":"max-image-preview:large","max-video-preview":"max-video-preview:-1"},"canonical":"https:\/\/www.fanprojekt-muenster.de\/wordpress\/auswaertsfahrt-nach-saarbruecken\/","og_locale":"de_DE","og_type":"article","og_title":"Ausw\u00e4rtsfahrt nach Saarbr\u00fccken - Fangemeinschaft Preu\u00dfen M\u00fcnster e. V.","og_description":"Das Fanprojekt des SC Preu\u00dfen M\u00fcnster wird zur Ausw\u00e4rtsfahrt am Samstag, den 9.11.2013 nach Saarbr\u00fccken einen Fanbus einsetzen. Abfahrt ist um 6.30 Uhr am Hauptbahnhof (Osteingang)! Die Fahrtkosten f\u00fcr Fanprojekt-Mitglieder... Read more &raquo;","og_url":"https:\/\/www.fanprojekt-muenster.de\/wordpress\/auswaertsfahrt-nach-saarbruecken\/","og_site_name":"Fangemeinschaft Preu\u00dfen M\u00fcnster e. V.","article_published_time":"2013-10-18T16:26:20+00:00","author":"fp_superadmin","twitter_card":"summary_large_image","twitter_misc":{"Verfasst von":"fp_superadmin"},"schema":{"@context":"https:\/\/schema.org","@graph":[{"@type":"Article","@id":"https:\/\/www.fanprojekt-muenster.de\/wordpress\/auswaertsfahrt-nach-saarbruecken\/#article","isPartOf":{"@id":"https:\/\/www.fanprojekt-muenster.de\/wordpress\/auswaertsfahrt-nach-saarbruecken\/"},"author":{"name":"fp_superadmin","@id":"https:\/\/www.fanprojekt-muenster.de\/wordpress\/#\/schema\/person\/9126cc4d73d0d07c75b487075111186c"},"headline":"Ausw\u00e4rtsfahrt nach Saarbr\u00fccken","datePublished":"2013-10-18T16:26:20+00:00","mainEntityOfPage":{"@id":"https:\/\/www.fanprojekt-muenster.de\/wordpress\/auswaertsfahrt-nach-saarbruecken\/"},"wordCount":87,"commentCount":0,"publisher":{"@id":"https:\/\/www.fanprojekt-muenster.de\/wordpress\/#organization"},"image":{"@id":"https:\/\/www.fanprojekt-muenster.de\/wordpress\/auswaertsfahrt-nach-saarbruecken\/#primaryimage"},"thumbnailUrl":"","keywords":["2013","3.Liga","Ausw\u00e4rtsfahrt","Fanprojekt","SC Preu\u00dfen M\u00fcnster","Von Fans f\u00fcr Fans"],"articleSection":["Aktuelles","Ausw\u00e4rts"],"inLanguage":"de","potentialAction":[{"@type":"CommentAction","name":"Comment","target":["https:\/\/www.fanprojekt-muenster.de\/wordpress\/auswaertsfahrt-nach-saarbruecken\/#respond"]}]},{"@type":"WebPage","@id":"https:\/\/www.fanprojekt-muenster.de\/wordpress\/auswaertsfahrt-nach-saarbruecken\/","url":"https:\/\/www.fanprojekt-muenster.de\/wordpress\/auswaertsfahrt-nach-saarbruecken\/","name":"Ausw\u00e4rtsfahrt nach Saarbr\u00fccken - Fangemeinschaft Preu\u00dfen M\u00fcnster e. V.","isPartOf":{"@id":"https:\/\/www.fanprojekt-muenster.de\/wordpress\/#website"},"primaryImageOfPage":{"@id":"https:\/\/www.fanprojekt-muenster.de\/wordpress\/auswaertsfahrt-nach-saarbruecken\/#primaryimage"},"image":{"@id":"https:\/\/www.fanprojekt-muenster.de\/wordpress\/auswaertsfahrt-nach-saarbruecken\/#primaryimage"},"thumbnailUrl":"","datePublished":"2013-10-18T16:26:20+00:00","breadcrumb":{"@id":"https:\/\/www.fanprojekt-muenster.de\/wordpress\/auswaertsfahrt-nach-saarbruecken\/#breadcrumb"},"inLanguage":"de","potentialAction":[{"@type":"ReadAction","target":["https:\/\/www.fanprojekt-muenster.de\/wordpress\/auswaertsfahrt-nach-saarbruecken\/"]}]},{"@type":"ImageObject","inLanguage":"de","@id":"https:\/\/www.fanprojekt-muenster.de\/wordpress\/auswaertsfahrt-nach-saarbruecken\/#primaryimage","url":"","contentUrl":""},{"@type":"BreadcrumbList","@id":"https:\/\/www.fanprojekt-muenster.de\/wordpress\/auswaertsfahrt-nach-saarbruecken\/#breadcrumb","itemListElement":[{"@type":"ListItem","position":1,"name":"Startseite","item":"https:\/\/www.fanprojekt-muenster.de\/wordpress\/"},{"@type":"ListItem","position":2,"name":"Ausw\u00e4rtsfahrt nach Saarbr\u00fccken"}]},{"@type":"WebSite","@id":"https:\/\/www.fanprojekt-muenster.de\/wordpress\/#website","url":"https:\/\/www.fanprojekt-muenster.de\/wordpress\/","name":"Fangemeinschaft Preu\u00dfen M\u00fcnster e. V.","description":"","publisher":{"@id":"https:\/\/www.fanprojekt-muenster.de\/wordpress\/#organization"},"potentialAction":[{"@type":"SearchAction","target":{"@type":"EntryPoint","urlTemplate":"https:\/\/www.fanprojekt-muenster.de\/wordpress\/?s={search_term_string}"},"query-input":{"@type":"PropertyValueSpecification","valueRequired":true,"valueName":"search_term_string"}}],"inLanguage":"de"},{"@type":"Organization","@id":"https:\/\/www.fanprojekt-muenster.de\/wordpress\/#organization","name":"Fangemeinschaft Preu\u00dfen M\u00fcnster e. V.","url":"https:\/\/www.fanprojekt-muenster.de\/wordpress\/","logo":{"@type":"ImageObject","inLanguage":"de","@id":"https:\/\/www.fanprojekt-muenster.de\/wordpress\/#\/schema\/logo\/image\/","url":"https:\/\/www.fanprojekt-muenster.de\/wordpress\/wp-content\/uploads\/2019\/07\/cropped-Website_Logo3-9.png","contentUrl":"https:\/\/www.fanprojekt-muenster.de\/wordpress\/wp-content\/uploads\/2019\/07\/cropped-Website_Logo3-9.png","width":224,"height":42,"caption":"Fangemeinschaft Preu\u00dfen M\u00fcnster e. V."},"image":{"@id":"https:\/\/www.fanprojekt-muenster.de\/wordpress\/#\/schema\/logo\/image\/"}},{"@type":"Person","@id":"https:\/\/www.fanprojekt-muenster.de\/wordpress\/#\/schema\/person\/9126cc4d73d0d07c75b487075111186c","name":"fp_superadmin","url":"https:\/\/www.fanprojekt-muenster.de\/wordpress\/author\/fp_superadmin\/"}]}},"author_meta":{"display_name":"fp_superadmin","author_link":"https:\/\/www.fanprojekt-muenster.de\/wordpress\/author\/fp_superadmin\/"},"featured_img":null,"coauthors":[],"tax_additional":{"categories":{"linked":["<a href=\"https:\/\/www.fanprojekt-muenster.de\/wordpress\/category\/aktuelles\/\" class=\"advgb-post-tax-term\">Aktuelles<\/a>","<a href=\"https:\/\/www.fanprojekt-muenster.de\/wordpress\/category\/auswarts\/\" class=\"advgb-post-tax-term\">Ausw\u00e4rts<\/a>"],"unlinked":["<span class=\"advgb-post-tax-term\">Aktuelles<\/span>","<span class=\"advgb-post-tax-term\">Ausw\u00e4rts<\/span>"]},"tags":{"linked":["<a href=\"https:\/\/www.fanprojekt-muenster.de\/wordpress\/category\/auswarts\/\" class=\"advgb-post-tax-term\">2013<\/a>","<a href=\"https:\/\/www.fanprojekt-muenster.de\/wordpress\/category\/auswarts\/\" class=\"advgb-post-tax-term\">3.Liga<\/a>","<a href=\"https:\/\/www.fanprojekt-muenster.de\/wordpress\/category\/auswarts\/\" class=\"advgb-post-tax-term\">Ausw\u00e4rtsfahrt<\/a>","<a href=\"https:\/\/www.fanprojekt-muenster.de\/wordpress\/category\/auswarts\/\" class=\"advgb-post-tax-term\">Fanprojekt<\/a>","<a href=\"https:\/\/www.fanprojekt-muenster.de\/wordpress\/category\/auswarts\/\" class=\"advgb-post-tax-term\">SC Preu\u00dfen M\u00fcnster<\/a>","<a href=\"https:\/\/www.fanprojekt-muenster.de\/wordpress\/category\/auswarts\/\" class=\"advgb-post-tax-term\">Von Fans f\u00fcr Fans<\/a>"],"unlinked":["<span class=\"advgb-post-tax-term\">2013<\/span>","<span class=\"advgb-post-tax-term\">3.Liga<\/span>","<span class=\"advgb-post-tax-term\">Ausw\u00e4rtsfahrt<\/span>","<span class=\"advgb-post-tax-term\">Fanprojekt<\/span>","<span class=\"advgb-post-tax-term\">SC Preu\u00dfen M\u00fcnster<\/span>","<span class=\"advgb-post-tax-term\">Von Fans f\u00fcr Fans<\/span>"]}},"comment_count":"0","relative_dates":{"created":"Posted 13\u00a0Jahren ago","modified":"Updated 13\u00a0Jahren ago"},"absolute_dates":{"created":"Posted on 18. Oktober 2013","modified":"Updated on 18. Oktober 2013"},"absolute_dates_time":{"created":"Posted on 18. Oktober 2013 18:26","modified":"Updated on 18. Oktober 2013 18:26"},"featured_img_caption":"","series_order":"","_links":{"self":[{"href":"https:\/\/www.fanprojekt-muenster.de\/wordpress\/wp-json\/wp\/v2\/posts\/1984","targetHints":{"allow":["GET"]}}],"collection":[{"href":"https:\/\/www.fanprojekt-muenster.de\/wordpress\/wp-json\/wp\/v2\/posts"}],"about":[{"href":"https:\/\/www.fanprojekt-muenster.de\/wordpress\/wp-json\/wp\/v2\/types\/post"}],"author":[{"embeddable":true,"href":"https:\/\/www.fanprojekt-muenster.de\/wordpress\/wp-json\/wp\/v2\/users\/2"}],"replies":[{"embeddable":true,"href":"https:\/\/www.fanprojekt-muenster.de\/wordpress\/wp-json\/wp\/v2\/comments?post=1984"}],"version-history":[{"count":0,"href":"https:\/\/www.fanprojekt-muenster.de\/wordpress\/wp-json\/wp\/v2\/posts\/1984\/revisions"}],"wp:featuredmedia":[{"embeddable":true,"href":"https:\/\/www.fanprojekt-muenster.de\/wordpress\/wp-json\/"}],"wp:attachment":[{"href":"https:\/\/www.fanprojekt-muenster.de\/wordpress\/wp-json\/wp\/v2\/media?parent=1984"}],"wp:term":[{"taxonomy":"category","embeddable":true,"href":"https:\/\/www.fanprojekt-muenster.de\/wordpress\/wp-json\/wp\/v2\/categories?post=1984"},{"taxonomy":"post_tag","embeddable":true,"href":"https:\/\/www.fanprojekt-muenster.de\/wordpress\/wp-json\/wp\/v2\/tags?post=1984"}],"curies":[{"name":"wp","href":"https:\/\/api.w.org\/{rel}","templated":true}]}}