{"id":1973,"date":"2013-10-11T18:50:56","date_gmt":"2013-10-11T16:50:56","guid":{"rendered":"http:\/\/www.fanprojekt-muenster.de\/?p=1973"},"modified":"2013-10-11T18:50:56","modified_gmt":"2013-10-11T16:50:56","slug":"steht-mannschaft-einem-wechsel","status":"publish","type":"post","link":"https:\/\/www.fanprojekt-muenster.de\/wordpress\/steht-mannschaft-einem-wechsel\/","title":{"rendered":"Steht die Mannschaft vor einem Wechsel?"},"content":{"rendered":"<p><img loading=\"lazy\" decoding=\"async\" class=\"alignnone size-full wp-image-1974\" alt=\"1383819_516756011736249_947248601_n\" src=\"http:\/\/www.fanprojekt-muenster.de\/wp-content\/uploads\/2013\/10\/1383819_516756011736249_947248601_n.jpg\" width=\"800\" height=\"600\" \/><\/p>\n<p>In der Sommerpause reichten wir im j\u00e4hrlichen Gespr\u00e4ch mit der Vereinsf\u00fchrung des\u00a0<a href=\"https:\/\/www.facebook.com\/hashtag\/scp06\" data-pub=\"{&quot;type&quot;:&quot;hashtag&quot;,&quot;id&quot;:118166138380496,&quot;source&quot;:null}\" data-ft=\"{&quot;tn&quot;:&quot;*N&quot;,&quot;type&quot;:104}\">#scp06<\/a>\u00a0eine Liste ein, die aus dem<a href=\"https:\/\/www.facebook.com\/hashtag\/fanbeirat\" data-pub=\"{&quot;type&quot;:&quot;hashtag&quot;,&quot;id&quot;:535470053200285,&quot;source&quot;:null}\" data-ft=\"{&quot;tn&quot;:&quot;*N&quot;,&quot;type&quot;:104}\">#Fanbeirat<\/a>\u00a0entstanden ist. Unter anderem waren da Punkte wie z.B. unsere schwarz-wei\u00dfen Eckfahnen enthalten, ebenso die Frage, warum sich die Mannschaft immer auf der gegnerischen Seite warm macht.<br \/>\nDie Eckfahnen sind wieder da, nun scheint wohl Bewegung in die Geschichte mit dem warmmachen zu kommen. Kurz gesagt, k\u00f6nnte man sagen: L\u00e4uft!<br \/>\nIhr habt Themen, die Euch bewegen oder Ideen, dann schreibt doch einfach eine Mail an: fanbeirat@fanprojekt-muenster.<wbr \/>de<br \/>\nEuer\u00a0<a href=\"https:\/\/www.facebook.com\/FanprojektMuenster?ref=stream&amp;directed_target_id=0\" data-hovercard=\"\/ajax\/hovercard\/page.php?id=365746652614&amp;extragetparams=%7B%22directed_target_id%22%3A0%7D\">Fanprojekt Preu\u00dfen M\u00fcnster e.V.<\/a><br \/>\n&#8212;&#8212;&#8212;&#8212;&#8212;&#8212;&#8212;&#8212;&#8212;&#8212;<wbr \/>&#8212;&#8212;&#8212;&#8212;&#8212;&#8212;&#8212;&#8212;&#8212;&#8212;<wbr \/>&#8212;-<br \/>\n<a href=\"http:\/\/www.wn.de\/Lokalsport\/Preussen-Muenster\/Fussball-Machen-sich-die-Preussen-kuenftig-auf-der-anderen-Platzhaelfte-warm-Loose-sucht-Naehe-zu-den-Fans\" target=\"_blank\" rel=\"nofollow noopener noreferrer\">http:\/\/www.wn.de\/Lokalsport\/<wbr \/>Preussen-Muenster\/<wbr \/>Fussball-Machen-sich-die-Preuss<wbr \/>en-kuenftig-auf-der-anderen-Pl<wbr \/>atzhaelfte-warm-Loose-sucht-Na<wbr \/>ehe-zu-den-Fans<\/a><\/p>\n","protected":false},"excerpt":{"rendered":"<p>In der Sommerpause reichten wir im j\u00e4hrlichen Gespr\u00e4ch mit der Vereinsf\u00fchrung des\u00a0#scp06\u00a0eine Liste ein, die aus dem#Fanbeirat\u00a0entstanden ist. Unter anderem waren da Punkte wie z.B. unsere schwarz-wei\u00dfen Eckfahnen enthalten, ebenso&#8230; <a class=\"read-more-link\" href=\"https:\/\/www.fanprojekt-muenster.de\/wordpress\/steht-mannschaft-einem-wechsel\/\">Read more &raquo;<\/a><\/p>\n","protected":false},"author":2,"featured_media":1974,"comment_status":"open","ping_status":"open","sticky":false,"template":"","format":"standard","meta":{"advgb_blocks_editor_width":"","advgb_blocks_columns_visual_guide":"","footnotes":""},"categories":[3],"tags":[28,99,104,112,170,283,298],"class_list":["post-1973","post","type-post","status-publish","format-standard","has-post-thumbnail","hentry","category-aktuelles","tag-3-liga-2","tag-fan","tag-fanbeirat","tag-fanprojekt","tag-mitglieder","tag-von-fans-fuer-fans","tag-westfaelische-nachrichten"],"featured_image_src":null,"author_info":{"display_name":"fp_superadmin","author_link":"https:\/\/www.fanprojekt-muenster.de\/wordpress\/author\/fp_superadmin\/"},"yoast_head":"<!-- This site is optimized with the Yoast SEO plugin v27.2 - https:\/\/yoast.com\/product\/yoast-seo-wordpress\/ -->\n<title>Steht die Mannschaft vor einem Wechsel? - Fangemeinschaft Preu\u00dfen M\u00fcnster e. V.<\/title>\n<meta name=\"robots\" content=\"index, follow, max-snippet:-1, max-image-preview:large, max-video-preview:-1\" \/>\n<link rel=\"canonical\" href=\"https:\/\/www.fanprojekt-muenster.de\/wordpress\/steht-mannschaft-einem-wechsel\/\" \/>\n<meta property=\"og:locale\" content=\"de_DE\" \/>\n<meta property=\"og:type\" content=\"article\" \/>\n<meta property=\"og:title\" content=\"Steht die Mannschaft vor einem Wechsel? - Fangemeinschaft Preu\u00dfen M\u00fcnster e. V.\" \/>\n<meta property=\"og:description\" content=\"In der Sommerpause reichten wir im j\u00e4hrlichen Gespr\u00e4ch mit der Vereinsf\u00fchrung des\u00a0#scp06\u00a0eine Liste ein, die aus dem#Fanbeirat\u00a0entstanden ist. Unter anderem waren da Punkte wie z.B. unsere schwarz-wei\u00dfen Eckfahnen enthalten, ebenso... Read more &raquo;\" \/>\n<meta property=\"og:url\" content=\"https:\/\/www.fanprojekt-muenster.de\/wordpress\/steht-mannschaft-einem-wechsel\/\" \/>\n<meta property=\"og:site_name\" content=\"Fangemeinschaft Preu\u00dfen M\u00fcnster e. V.\" \/>\n<meta property=\"article:published_time\" content=\"2013-10-11T16:50:56+00:00\" \/>\n<meta name=\"author\" content=\"fp_superadmin\" \/>\n<meta name=\"twitter:card\" content=\"summary_large_image\" \/>\n<meta name=\"twitter:label1\" content=\"Verfasst von\" \/>\n\t<meta name=\"twitter:data1\" content=\"fp_superadmin\" \/>\n\t<meta name=\"twitter:label2\" content=\"Gesch\u00e4tzte Lesezeit\" \/>\n\t<meta name=\"twitter:data2\" content=\"1\u00a0Minute\" \/>\n<script type=\"application\/ld+json\" class=\"yoast-schema-graph\">{\"@context\":\"https:\/\/schema.org\",\"@graph\":[{\"@type\":\"Article\",\"@id\":\"https:\/\/www.fanprojekt-muenster.de\/wordpress\/steht-mannschaft-einem-wechsel\/#article\",\"isPartOf\":{\"@id\":\"https:\/\/www.fanprojekt-muenster.de\/wordpress\/steht-mannschaft-einem-wechsel\/\"},\"author\":{\"name\":\"fp_superadmin\",\"@id\":\"https:\/\/www.fanprojekt-muenster.de\/wordpress\/#\/schema\/person\/9126cc4d73d0d07c75b487075111186c\"},\"headline\":\"Steht die Mannschaft vor einem Wechsel?\",\"datePublished\":\"2013-10-11T16:50:56+00:00\",\"mainEntityOfPage\":{\"@id\":\"https:\/\/www.fanprojekt-muenster.de\/wordpress\/steht-mannschaft-einem-wechsel\/\"},\"wordCount\":117,\"commentCount\":0,\"publisher\":{\"@id\":\"https:\/\/www.fanprojekt-muenster.de\/wordpress\/#organization\"},\"image\":{\"@id\":\"https:\/\/www.fanprojekt-muenster.de\/wordpress\/steht-mannschaft-einem-wechsel\/#primaryimage\"},\"thumbnailUrl\":\"\",\"keywords\":[\"3.Liga\",\"Fan\",\"Fanbeirat\",\"Fanprojekt\",\"Mitglieder\",\"Von Fans f\u00fcr Fans\",\"Westf\u00e4lische Nachrichten\"],\"articleSection\":[\"Aktuelles\"],\"inLanguage\":\"de\",\"potentialAction\":[{\"@type\":\"CommentAction\",\"name\":\"Comment\",\"target\":[\"https:\/\/www.fanprojekt-muenster.de\/wordpress\/steht-mannschaft-einem-wechsel\/#respond\"]}]},{\"@type\":\"WebPage\",\"@id\":\"https:\/\/www.fanprojekt-muenster.de\/wordpress\/steht-mannschaft-einem-wechsel\/\",\"url\":\"https:\/\/www.fanprojekt-muenster.de\/wordpress\/steht-mannschaft-einem-wechsel\/\",\"name\":\"Steht die Mannschaft vor einem Wechsel? - Fangemeinschaft Preu\u00dfen M\u00fcnster e. V.\",\"isPartOf\":{\"@id\":\"https:\/\/www.fanprojekt-muenster.de\/wordpress\/#website\"},\"primaryImageOfPage\":{\"@id\":\"https:\/\/www.fanprojekt-muenster.de\/wordpress\/steht-mannschaft-einem-wechsel\/#primaryimage\"},\"image\":{\"@id\":\"https:\/\/www.fanprojekt-muenster.de\/wordpress\/steht-mannschaft-einem-wechsel\/#primaryimage\"},\"thumbnailUrl\":\"\",\"datePublished\":\"2013-10-11T16:50:56+00:00\",\"breadcrumb\":{\"@id\":\"https:\/\/www.fanprojekt-muenster.de\/wordpress\/steht-mannschaft-einem-wechsel\/#breadcrumb\"},\"inLanguage\":\"de\",\"potentialAction\":[{\"@type\":\"ReadAction\",\"target\":[\"https:\/\/www.fanprojekt-muenster.de\/wordpress\/steht-mannschaft-einem-wechsel\/\"]}]},{\"@type\":\"ImageObject\",\"inLanguage\":\"de\",\"@id\":\"https:\/\/www.fanprojekt-muenster.de\/wordpress\/steht-mannschaft-einem-wechsel\/#primaryimage\",\"url\":\"\",\"contentUrl\":\"\"},{\"@type\":\"BreadcrumbList\",\"@id\":\"https:\/\/www.fanprojekt-muenster.de\/wordpress\/steht-mannschaft-einem-wechsel\/#breadcrumb\",\"itemListElement\":[{\"@type\":\"ListItem\",\"position\":1,\"name\":\"Startseite\",\"item\":\"https:\/\/www.fanprojekt-muenster.de\/wordpress\/\"},{\"@type\":\"ListItem\",\"position\":2,\"name\":\"Steht die Mannschaft vor einem Wechsel?\"}]},{\"@type\":\"WebSite\",\"@id\":\"https:\/\/www.fanprojekt-muenster.de\/wordpress\/#website\",\"url\":\"https:\/\/www.fanprojekt-muenster.de\/wordpress\/\",\"name\":\"Fangemeinschaft Preu\u00dfen M\u00fcnster e. V.\",\"description\":\"\",\"publisher\":{\"@id\":\"https:\/\/www.fanprojekt-muenster.de\/wordpress\/#organization\"},\"potentialAction\":[{\"@type\":\"SearchAction\",\"target\":{\"@type\":\"EntryPoint\",\"urlTemplate\":\"https:\/\/www.fanprojekt-muenster.de\/wordpress\/?s={search_term_string}\"},\"query-input\":{\"@type\":\"PropertyValueSpecification\",\"valueRequired\":true,\"valueName\":\"search_term_string\"}}],\"inLanguage\":\"de\"},{\"@type\":\"Organization\",\"@id\":\"https:\/\/www.fanprojekt-muenster.de\/wordpress\/#organization\",\"name\":\"Fangemeinschaft Preu\u00dfen M\u00fcnster e. V.\",\"url\":\"https:\/\/www.fanprojekt-muenster.de\/wordpress\/\",\"logo\":{\"@type\":\"ImageObject\",\"inLanguage\":\"de\",\"@id\":\"https:\/\/www.fanprojekt-muenster.de\/wordpress\/#\/schema\/logo\/image\/\",\"url\":\"https:\/\/www.fanprojekt-muenster.de\/wordpress\/wp-content\/uploads\/2019\/07\/cropped-Website_Logo3-9.png\",\"contentUrl\":\"https:\/\/www.fanprojekt-muenster.de\/wordpress\/wp-content\/uploads\/2019\/07\/cropped-Website_Logo3-9.png\",\"width\":224,\"height\":42,\"caption\":\"Fangemeinschaft Preu\u00dfen M\u00fcnster e. V.\"},\"image\":{\"@id\":\"https:\/\/www.fanprojekt-muenster.de\/wordpress\/#\/schema\/logo\/image\/\"}},{\"@type\":\"Person\",\"@id\":\"https:\/\/www.fanprojekt-muenster.de\/wordpress\/#\/schema\/person\/9126cc4d73d0d07c75b487075111186c\",\"name\":\"fp_superadmin\",\"url\":\"https:\/\/www.fanprojekt-muenster.de\/wordpress\/author\/fp_superadmin\/\"}]}<\/script>\n<!-- \/ Yoast SEO plugin. -->","yoast_head_json":{"title":"Steht die Mannschaft vor einem Wechsel? - Fangemeinschaft Preu\u00dfen M\u00fcnster e. V.","robots":{"index":"index","follow":"follow","max-snippet":"max-snippet:-1","max-image-preview":"max-image-preview:large","max-video-preview":"max-video-preview:-1"},"canonical":"https:\/\/www.fanprojekt-muenster.de\/wordpress\/steht-mannschaft-einem-wechsel\/","og_locale":"de_DE","og_type":"article","og_title":"Steht die Mannschaft vor einem Wechsel? - Fangemeinschaft Preu\u00dfen M\u00fcnster e. V.","og_description":"In der Sommerpause reichten wir im j\u00e4hrlichen Gespr\u00e4ch mit der Vereinsf\u00fchrung des\u00a0#scp06\u00a0eine Liste ein, die aus dem#Fanbeirat\u00a0entstanden ist. Unter anderem waren da Punkte wie z.B. unsere schwarz-wei\u00dfen Eckfahnen enthalten, ebenso... Read more &raquo;","og_url":"https:\/\/www.fanprojekt-muenster.de\/wordpress\/steht-mannschaft-einem-wechsel\/","og_site_name":"Fangemeinschaft Preu\u00dfen M\u00fcnster e. V.","article_published_time":"2013-10-11T16:50:56+00:00","author":"fp_superadmin","twitter_card":"summary_large_image","twitter_misc":{"Verfasst von":"fp_superadmin","Gesch\u00e4tzte Lesezeit":"1\u00a0Minute"},"schema":{"@context":"https:\/\/schema.org","@graph":[{"@type":"Article","@id":"https:\/\/www.fanprojekt-muenster.de\/wordpress\/steht-mannschaft-einem-wechsel\/#article","isPartOf":{"@id":"https:\/\/www.fanprojekt-muenster.de\/wordpress\/steht-mannschaft-einem-wechsel\/"},"author":{"name":"fp_superadmin","@id":"https:\/\/www.fanprojekt-muenster.de\/wordpress\/#\/schema\/person\/9126cc4d73d0d07c75b487075111186c"},"headline":"Steht die Mannschaft vor einem Wechsel?","datePublished":"2013-10-11T16:50:56+00:00","mainEntityOfPage":{"@id":"https:\/\/www.fanprojekt-muenster.de\/wordpress\/steht-mannschaft-einem-wechsel\/"},"wordCount":117,"commentCount":0,"publisher":{"@id":"https:\/\/www.fanprojekt-muenster.de\/wordpress\/#organization"},"image":{"@id":"https:\/\/www.fanprojekt-muenster.de\/wordpress\/steht-mannschaft-einem-wechsel\/#primaryimage"},"thumbnailUrl":"","keywords":["3.Liga","Fan","Fanbeirat","Fanprojekt","Mitglieder","Von Fans f\u00fcr Fans","Westf\u00e4lische Nachrichten"],"articleSection":["Aktuelles"],"inLanguage":"de","potentialAction":[{"@type":"CommentAction","name":"Comment","target":["https:\/\/www.fanprojekt-muenster.de\/wordpress\/steht-mannschaft-einem-wechsel\/#respond"]}]},{"@type":"WebPage","@id":"https:\/\/www.fanprojekt-muenster.de\/wordpress\/steht-mannschaft-einem-wechsel\/","url":"https:\/\/www.fanprojekt-muenster.de\/wordpress\/steht-mannschaft-einem-wechsel\/","name":"Steht die Mannschaft vor einem Wechsel? - Fangemeinschaft Preu\u00dfen M\u00fcnster e. V.","isPartOf":{"@id":"https:\/\/www.fanprojekt-muenster.de\/wordpress\/#website"},"primaryImageOfPage":{"@id":"https:\/\/www.fanprojekt-muenster.de\/wordpress\/steht-mannschaft-einem-wechsel\/#primaryimage"},"image":{"@id":"https:\/\/www.fanprojekt-muenster.de\/wordpress\/steht-mannschaft-einem-wechsel\/#primaryimage"},"thumbnailUrl":"","datePublished":"2013-10-11T16:50:56+00:00","breadcrumb":{"@id":"https:\/\/www.fanprojekt-muenster.de\/wordpress\/steht-mannschaft-einem-wechsel\/#breadcrumb"},"inLanguage":"de","potentialAction":[{"@type":"ReadAction","target":["https:\/\/www.fanprojekt-muenster.de\/wordpress\/steht-mannschaft-einem-wechsel\/"]}]},{"@type":"ImageObject","inLanguage":"de","@id":"https:\/\/www.fanprojekt-muenster.de\/wordpress\/steht-mannschaft-einem-wechsel\/#primaryimage","url":"","contentUrl":""},{"@type":"BreadcrumbList","@id":"https:\/\/www.fanprojekt-muenster.de\/wordpress\/steht-mannschaft-einem-wechsel\/#breadcrumb","itemListElement":[{"@type":"ListItem","position":1,"name":"Startseite","item":"https:\/\/www.fanprojekt-muenster.de\/wordpress\/"},{"@type":"ListItem","position":2,"name":"Steht die Mannschaft vor einem Wechsel?"}]},{"@type":"WebSite","@id":"https:\/\/www.fanprojekt-muenster.de\/wordpress\/#website","url":"https:\/\/www.fanprojekt-muenster.de\/wordpress\/","name":"Fangemeinschaft Preu\u00dfen M\u00fcnster e. V.","description":"","publisher":{"@id":"https:\/\/www.fanprojekt-muenster.de\/wordpress\/#organization"},"potentialAction":[{"@type":"SearchAction","target":{"@type":"EntryPoint","urlTemplate":"https:\/\/www.fanprojekt-muenster.de\/wordpress\/?s={search_term_string}"},"query-input":{"@type":"PropertyValueSpecification","valueRequired":true,"valueName":"search_term_string"}}],"inLanguage":"de"},{"@type":"Organization","@id":"https:\/\/www.fanprojekt-muenster.de\/wordpress\/#organization","name":"Fangemeinschaft Preu\u00dfen M\u00fcnster e. V.","url":"https:\/\/www.fanprojekt-muenster.de\/wordpress\/","logo":{"@type":"ImageObject","inLanguage":"de","@id":"https:\/\/www.fanprojekt-muenster.de\/wordpress\/#\/schema\/logo\/image\/","url":"https:\/\/www.fanprojekt-muenster.de\/wordpress\/wp-content\/uploads\/2019\/07\/cropped-Website_Logo3-9.png","contentUrl":"https:\/\/www.fanprojekt-muenster.de\/wordpress\/wp-content\/uploads\/2019\/07\/cropped-Website_Logo3-9.png","width":224,"height":42,"caption":"Fangemeinschaft Preu\u00dfen M\u00fcnster e. V."},"image":{"@id":"https:\/\/www.fanprojekt-muenster.de\/wordpress\/#\/schema\/logo\/image\/"}},{"@type":"Person","@id":"https:\/\/www.fanprojekt-muenster.de\/wordpress\/#\/schema\/person\/9126cc4d73d0d07c75b487075111186c","name":"fp_superadmin","url":"https:\/\/www.fanprojekt-muenster.de\/wordpress\/author\/fp_superadmin\/"}]}},"author_meta":{"display_name":"fp_superadmin","author_link":"https:\/\/www.fanprojekt-muenster.de\/wordpress\/author\/fp_superadmin\/"},"featured_img":null,"coauthors":[],"tax_additional":{"categories":{"linked":["<a href=\"https:\/\/www.fanprojekt-muenster.de\/wordpress\/category\/aktuelles\/\" class=\"advgb-post-tax-term\">Aktuelles<\/a>"],"unlinked":["<span class=\"advgb-post-tax-term\">Aktuelles<\/span>"]},"tags":{"linked":["<a href=\"https:\/\/www.fanprojekt-muenster.de\/wordpress\/category\/aktuelles\/\" class=\"advgb-post-tax-term\">3.Liga<\/a>","<a href=\"https:\/\/www.fanprojekt-muenster.de\/wordpress\/category\/aktuelles\/\" class=\"advgb-post-tax-term\">Fan<\/a>","<a href=\"https:\/\/www.fanprojekt-muenster.de\/wordpress\/category\/aktuelles\/\" class=\"advgb-post-tax-term\">Fanbeirat<\/a>","<a href=\"https:\/\/www.fanprojekt-muenster.de\/wordpress\/category\/aktuelles\/\" class=\"advgb-post-tax-term\">Fanprojekt<\/a>","<a href=\"https:\/\/www.fanprojekt-muenster.de\/wordpress\/category\/aktuelles\/\" class=\"advgb-post-tax-term\">Mitglieder<\/a>","<a href=\"https:\/\/www.fanprojekt-muenster.de\/wordpress\/category\/aktuelles\/\" class=\"advgb-post-tax-term\">Von Fans f\u00fcr Fans<\/a>","<a href=\"https:\/\/www.fanprojekt-muenster.de\/wordpress\/category\/aktuelles\/\" class=\"advgb-post-tax-term\">Westf\u00e4lische Nachrichten<\/a>"],"unlinked":["<span class=\"advgb-post-tax-term\">3.Liga<\/span>","<span class=\"advgb-post-tax-term\">Fan<\/span>","<span class=\"advgb-post-tax-term\">Fanbeirat<\/span>","<span class=\"advgb-post-tax-term\">Fanprojekt<\/span>","<span class=\"advgb-post-tax-term\">Mitglieder<\/span>","<span class=\"advgb-post-tax-term\">Von Fans f\u00fcr Fans<\/span>","<span class=\"advgb-post-tax-term\">Westf\u00e4lische Nachrichten<\/span>"]}},"comment_count":"0","relative_dates":{"created":"Posted 13\u00a0Jahren ago","modified":"Updated 13\u00a0Jahren ago"},"absolute_dates":{"created":"Posted on 11. Oktober 2013","modified":"Updated on 11. Oktober 2013"},"absolute_dates_time":{"created":"Posted on 11. Oktober 2013 18:50","modified":"Updated on 11. Oktober 2013 18:50"},"featured_img_caption":"","series_order":"","_links":{"self":[{"href":"https:\/\/www.fanprojekt-muenster.de\/wordpress\/wp-json\/wp\/v2\/posts\/1973","targetHints":{"allow":["GET"]}}],"collection":[{"href":"https:\/\/www.fanprojekt-muenster.de\/wordpress\/wp-json\/wp\/v2\/posts"}],"about":[{"href":"https:\/\/www.fanprojekt-muenster.de\/wordpress\/wp-json\/wp\/v2\/types\/post"}],"author":[{"embeddable":true,"href":"https:\/\/www.fanprojekt-muenster.de\/wordpress\/wp-json\/wp\/v2\/users\/2"}],"replies":[{"embeddable":true,"href":"https:\/\/www.fanprojekt-muenster.de\/wordpress\/wp-json\/wp\/v2\/comments?post=1973"}],"version-history":[{"count":0,"href":"https:\/\/www.fanprojekt-muenster.de\/wordpress\/wp-json\/wp\/v2\/posts\/1973\/revisions"}],"wp:featuredmedia":[{"embeddable":true,"href":"https:\/\/www.fanprojekt-muenster.de\/wordpress\/wp-json\/"}],"wp:attachment":[{"href":"https:\/\/www.fanprojekt-muenster.de\/wordpress\/wp-json\/wp\/v2\/media?parent=1973"}],"wp:term":[{"taxonomy":"category","embeddable":true,"href":"https:\/\/www.fanprojekt-muenster.de\/wordpress\/wp-json\/wp\/v2\/categories?post=1973"},{"taxonomy":"post_tag","embeddable":true,"href":"https:\/\/www.fanprojekt-muenster.de\/wordpress\/wp-json\/wp\/v2\/tags?post=1973"}],"curies":[{"name":"wp","href":"https:\/\/api.w.org\/{rel}","templated":true}]}}