{"id":1962,"date":"2013-10-06T18:57:34","date_gmt":"2013-10-06T16:57:34","guid":{"rendered":"http:\/\/www.fanprojekt-muenster.de\/?p=1962"},"modified":"2013-10-06T18:57:34","modified_gmt":"2013-10-06T16:57:34","slug":"fanprojekt-muenster-und-cfc-fans-mit-einer-besonderen-trikotuebergabe","status":"publish","type":"post","link":"https:\/\/www.fanprojekt-muenster.de\/wordpress\/fanprojekt-muenster-und-cfc-fans-mit-einer-besonderen-trikotuebergabe\/","title":{"rendered":"Fanprojekt M\u00fcnster und CFC-Fans mit einer besonderen Trikot\u00fcbergabe"},"content":{"rendered":"<div><img loading=\"lazy\" decoding=\"async\" class=\"size-thumbnail wp-image-1963 alignleft\" alt=\"Annett_02\" src=\"http:\/\/www.fanprojekt-muenster.de\/wp-content\/uploads\/2013\/10\/Annett_02-150x150.jpg\" width=\"150\" height=\"150\" \/><\/div>\n<div>Vor dem Drittliga-Spiel zwischen dem Chemnitzer FC gegen Preu\u00dfen M\u00fcnster am Sonntag haben Vertreter des Fanprojektes des SCP sowie Fans der Chemnitzer gemeinsam ein Trikot an den Partner einer vom Schicksal hart getroffenen Frau \u00fcbergeben.<\/div>\n<div>Die 49-j\u00e4hrige Anett Szelinski stammt aus der N\u00e4he von Chemnitz und war immer Fan des CFC. Dank der Liebe zu David Bleck, einem gl\u00fchenden Anh\u00e4nger des SC Preu\u00dfen aus dem westf\u00e4lischen Hamm , lebt sie seit einigen Jahren zusammen mit ihm dort und wurde ebenfalls zum Fan der Preu\u00dfen.<\/div>\n<div>Im Juli 2013 platzte im Kopf von Anett Szelinski ein Aneurysma. Aneurysma ist ein erweitertes Blutgef\u00e4\u00df und gleichzeitig eine tickende Zeitbombe. Ein Niesen kann reichen und es platzt oft mit t\u00f6dlichen Folgen f\u00fcr die Betroffenen. Sie fiel ins Koma mit \u00dcbergang ins Wachkoma und lag Wochen auf der Intensiv-Station. Vor gut vier Wochen wurde sie ins Pflegeheim verlegt. Beim Besuch fiel Vertretern des Fanprojektes auf, dass Anett Szelinski vier Bilder mit Preu\u00dfen-Spielern an ihrem Bett h\u00e4ngen hat. Da das Paar noch sehr guten Kontakt zur Chemnitzer Fanclub Schweikershain hat, wurde das Fanprojekt M\u00fcnster von denen angesprochen, um eine Aktion gemeinsam durchzuf\u00fchren. Das Fanprojekt besorgte ein Preu\u00dfentrikot, versehen mit allen Unterschriften der Spieler. In Chemnitz haben die CFC-Spieler ebenfalls unterschrieben.<\/div>\n<div>Gemeinsam wurde nun dieses besondere Trikot f\u00fcr Anett Szelinski kurz vor Spielbeginn im Stadion an den Lebenspartner \u00fcbergeben. Das M\u00fcnsteraner Fanprojekt hat sich gern an der Aktion beteiligt, weil es wei\u00df, wie sehr sich Annet Szelinski freuen wird, und auch um allen Fu\u00dfballfans zu zeigen, dass rivalisierende Fans f\u00fcr das Wesentliche im Leben zusammenhalten.<\/div>\n<div><\/div>\n<div><img loading=\"lazy\" decoding=\"async\" class=\"alignnone size-large wp-image-1970\" alt=\"2013_10_06_Trikotuebergabe_Muenster-CFC_web\" src=\"http:\/\/www.fanprojekt-muenster.de\/wp-content\/uploads\/2013\/10\/2013_10_06_Trikotuebergabe_Muenster-CFC_web-1024x681.jpg\" width=\"960\" height=\"638\" \/><\/div>\n","protected":false},"excerpt":{"rendered":"<p>Vor dem Drittliga-Spiel zwischen dem Chemnitzer FC gegen Preu\u00dfen M\u00fcnster am Sonntag haben Vertreter des Fanprojektes des SCP sowie Fans der Chemnitzer gemeinsam ein Trikot an den Partner einer vom&#8230; <a class=\"read-more-link\" href=\"https:\/\/www.fanprojekt-muenster.de\/wordpress\/fanprojekt-muenster-und-cfc-fans-mit-einer-besonderen-trikotuebergabe\/\">Read more &raquo;<\/a><\/p>\n","protected":false},"author":2,"featured_media":1970,"comment_status":"open","ping_status":"open","sticky":false,"template":"","format":"standard","meta":{"advgb_blocks_editor_width":"","advgb_blocks_columns_visual_guide":"","footnotes":""},"categories":[3],"tags":[40,112,223,283],"class_list":["post-1962","post","type-post","status-publish","format-standard","has-post-thumbnail","hentry","category-aktuelles","tag-anett","tag-fanprojekt","tag-sc-preussen-muenster","tag-von-fans-fuer-fans"],"featured_image_src":null,"author_info":{"display_name":"fp_superadmin","author_link":"https:\/\/www.fanprojekt-muenster.de\/wordpress\/author\/fp_superadmin\/"},"yoast_head":"<!-- This site is optimized with the Yoast SEO plugin v27.2 - https:\/\/yoast.com\/product\/yoast-seo-wordpress\/ -->\n<title>Fanprojekt M\u00fcnster und CFC-Fans mit einer besonderen Trikot\u00fcbergabe - Fangemeinschaft Preu\u00dfen M\u00fcnster e. V.<\/title>\n<meta name=\"robots\" content=\"index, follow, max-snippet:-1, max-image-preview:large, max-video-preview:-1\" \/>\n<link rel=\"canonical\" href=\"https:\/\/www.fanprojekt-muenster.de\/wordpress\/fanprojekt-muenster-und-cfc-fans-mit-einer-besonderen-trikotuebergabe\/\" \/>\n<meta property=\"og:locale\" content=\"de_DE\" \/>\n<meta property=\"og:type\" content=\"article\" \/>\n<meta property=\"og:title\" content=\"Fanprojekt M\u00fcnster und CFC-Fans mit einer besonderen Trikot\u00fcbergabe - Fangemeinschaft Preu\u00dfen M\u00fcnster e. V.\" \/>\n<meta property=\"og:description\" content=\"Vor dem Drittliga-Spiel zwischen dem Chemnitzer FC gegen Preu\u00dfen M\u00fcnster am Sonntag haben Vertreter des Fanprojektes des SCP sowie Fans der Chemnitzer gemeinsam ein Trikot an den Partner einer vom... Read more &raquo;\" \/>\n<meta property=\"og:url\" content=\"https:\/\/www.fanprojekt-muenster.de\/wordpress\/fanprojekt-muenster-und-cfc-fans-mit-einer-besonderen-trikotuebergabe\/\" \/>\n<meta property=\"og:site_name\" content=\"Fangemeinschaft Preu\u00dfen M\u00fcnster e. V.\" \/>\n<meta property=\"article:published_time\" content=\"2013-10-06T16:57:34+00:00\" \/>\n<meta name=\"author\" content=\"fp_superadmin\" \/>\n<meta name=\"twitter:card\" content=\"summary_large_image\" \/>\n<meta name=\"twitter:label1\" content=\"Verfasst von\" \/>\n\t<meta name=\"twitter:data1\" content=\"fp_superadmin\" \/>\n\t<meta name=\"twitter:label2\" content=\"Gesch\u00e4tzte Lesezeit\" \/>\n\t<meta name=\"twitter:data2\" content=\"1\u00a0Minute\" \/>\n<script type=\"application\/ld+json\" class=\"yoast-schema-graph\">{\"@context\":\"https:\/\/schema.org\",\"@graph\":[{\"@type\":\"Article\",\"@id\":\"https:\/\/www.fanprojekt-muenster.de\/wordpress\/fanprojekt-muenster-und-cfc-fans-mit-einer-besonderen-trikotuebergabe\/#article\",\"isPartOf\":{\"@id\":\"https:\/\/www.fanprojekt-muenster.de\/wordpress\/fanprojekt-muenster-und-cfc-fans-mit-einer-besonderen-trikotuebergabe\/\"},\"author\":{\"name\":\"fp_superadmin\",\"@id\":\"https:\/\/www.fanprojekt-muenster.de\/wordpress\/#\/schema\/person\/9126cc4d73d0d07c75b487075111186c\"},\"headline\":\"Fanprojekt M\u00fcnster und CFC-Fans mit einer besonderen Trikot\u00fcbergabe\",\"datePublished\":\"2013-10-06T16:57:34+00:00\",\"mainEntityOfPage\":{\"@id\":\"https:\/\/www.fanprojekt-muenster.de\/wordpress\/fanprojekt-muenster-und-cfc-fans-mit-einer-besonderen-trikotuebergabe\/\"},\"wordCount\":285,\"commentCount\":0,\"publisher\":{\"@id\":\"https:\/\/www.fanprojekt-muenster.de\/wordpress\/#organization\"},\"image\":{\"@id\":\"https:\/\/www.fanprojekt-muenster.de\/wordpress\/fanprojekt-muenster-und-cfc-fans-mit-einer-besonderen-trikotuebergabe\/#primaryimage\"},\"thumbnailUrl\":\"\",\"keywords\":[\"Anett\",\"Fanprojekt\",\"SC Preu\u00dfen M\u00fcnster\",\"Von Fans f\u00fcr Fans\"],\"articleSection\":[\"Aktuelles\"],\"inLanguage\":\"de\",\"potentialAction\":[{\"@type\":\"CommentAction\",\"name\":\"Comment\",\"target\":[\"https:\/\/www.fanprojekt-muenster.de\/wordpress\/fanprojekt-muenster-und-cfc-fans-mit-einer-besonderen-trikotuebergabe\/#respond\"]}]},{\"@type\":\"WebPage\",\"@id\":\"https:\/\/www.fanprojekt-muenster.de\/wordpress\/fanprojekt-muenster-und-cfc-fans-mit-einer-besonderen-trikotuebergabe\/\",\"url\":\"https:\/\/www.fanprojekt-muenster.de\/wordpress\/fanprojekt-muenster-und-cfc-fans-mit-einer-besonderen-trikotuebergabe\/\",\"name\":\"Fanprojekt M\u00fcnster und CFC-Fans mit einer besonderen Trikot\u00fcbergabe - Fangemeinschaft Preu\u00dfen M\u00fcnster e. V.\",\"isPartOf\":{\"@id\":\"https:\/\/www.fanprojekt-muenster.de\/wordpress\/#website\"},\"primaryImageOfPage\":{\"@id\":\"https:\/\/www.fanprojekt-muenster.de\/wordpress\/fanprojekt-muenster-und-cfc-fans-mit-einer-besonderen-trikotuebergabe\/#primaryimage\"},\"image\":{\"@id\":\"https:\/\/www.fanprojekt-muenster.de\/wordpress\/fanprojekt-muenster-und-cfc-fans-mit-einer-besonderen-trikotuebergabe\/#primaryimage\"},\"thumbnailUrl\":\"\",\"datePublished\":\"2013-10-06T16:57:34+00:00\",\"breadcrumb\":{\"@id\":\"https:\/\/www.fanprojekt-muenster.de\/wordpress\/fanprojekt-muenster-und-cfc-fans-mit-einer-besonderen-trikotuebergabe\/#breadcrumb\"},\"inLanguage\":\"de\",\"potentialAction\":[{\"@type\":\"ReadAction\",\"target\":[\"https:\/\/www.fanprojekt-muenster.de\/wordpress\/fanprojekt-muenster-und-cfc-fans-mit-einer-besonderen-trikotuebergabe\/\"]}]},{\"@type\":\"ImageObject\",\"inLanguage\":\"de\",\"@id\":\"https:\/\/www.fanprojekt-muenster.de\/wordpress\/fanprojekt-muenster-und-cfc-fans-mit-einer-besonderen-trikotuebergabe\/#primaryimage\",\"url\":\"\",\"contentUrl\":\"\"},{\"@type\":\"BreadcrumbList\",\"@id\":\"https:\/\/www.fanprojekt-muenster.de\/wordpress\/fanprojekt-muenster-und-cfc-fans-mit-einer-besonderen-trikotuebergabe\/#breadcrumb\",\"itemListElement\":[{\"@type\":\"ListItem\",\"position\":1,\"name\":\"Startseite\",\"item\":\"https:\/\/www.fanprojekt-muenster.de\/wordpress\/\"},{\"@type\":\"ListItem\",\"position\":2,\"name\":\"Fanprojekt M\u00fcnster und CFC-Fans mit einer besonderen Trikot\u00fcbergabe\"}]},{\"@type\":\"WebSite\",\"@id\":\"https:\/\/www.fanprojekt-muenster.de\/wordpress\/#website\",\"url\":\"https:\/\/www.fanprojekt-muenster.de\/wordpress\/\",\"name\":\"Fangemeinschaft Preu\u00dfen M\u00fcnster e. V.\",\"description\":\"\",\"publisher\":{\"@id\":\"https:\/\/www.fanprojekt-muenster.de\/wordpress\/#organization\"},\"potentialAction\":[{\"@type\":\"SearchAction\",\"target\":{\"@type\":\"EntryPoint\",\"urlTemplate\":\"https:\/\/www.fanprojekt-muenster.de\/wordpress\/?s={search_term_string}\"},\"query-input\":{\"@type\":\"PropertyValueSpecification\",\"valueRequired\":true,\"valueName\":\"search_term_string\"}}],\"inLanguage\":\"de\"},{\"@type\":\"Organization\",\"@id\":\"https:\/\/www.fanprojekt-muenster.de\/wordpress\/#organization\",\"name\":\"Fangemeinschaft Preu\u00dfen M\u00fcnster e. V.\",\"url\":\"https:\/\/www.fanprojekt-muenster.de\/wordpress\/\",\"logo\":{\"@type\":\"ImageObject\",\"inLanguage\":\"de\",\"@id\":\"https:\/\/www.fanprojekt-muenster.de\/wordpress\/#\/schema\/logo\/image\/\",\"url\":\"https:\/\/www.fanprojekt-muenster.de\/wordpress\/wp-content\/uploads\/2019\/07\/cropped-Website_Logo3-9.png\",\"contentUrl\":\"https:\/\/www.fanprojekt-muenster.de\/wordpress\/wp-content\/uploads\/2019\/07\/cropped-Website_Logo3-9.png\",\"width\":224,\"height\":42,\"caption\":\"Fangemeinschaft Preu\u00dfen M\u00fcnster e. V.\"},\"image\":{\"@id\":\"https:\/\/www.fanprojekt-muenster.de\/wordpress\/#\/schema\/logo\/image\/\"}},{\"@type\":\"Person\",\"@id\":\"https:\/\/www.fanprojekt-muenster.de\/wordpress\/#\/schema\/person\/9126cc4d73d0d07c75b487075111186c\",\"name\":\"fp_superadmin\",\"url\":\"https:\/\/www.fanprojekt-muenster.de\/wordpress\/author\/fp_superadmin\/\"}]}<\/script>\n<!-- \/ Yoast SEO plugin. -->","yoast_head_json":{"title":"Fanprojekt M\u00fcnster und CFC-Fans mit einer besonderen Trikot\u00fcbergabe - Fangemeinschaft Preu\u00dfen M\u00fcnster e. V.","robots":{"index":"index","follow":"follow","max-snippet":"max-snippet:-1","max-image-preview":"max-image-preview:large","max-video-preview":"max-video-preview:-1"},"canonical":"https:\/\/www.fanprojekt-muenster.de\/wordpress\/fanprojekt-muenster-und-cfc-fans-mit-einer-besonderen-trikotuebergabe\/","og_locale":"de_DE","og_type":"article","og_title":"Fanprojekt M\u00fcnster und CFC-Fans mit einer besonderen Trikot\u00fcbergabe - Fangemeinschaft Preu\u00dfen M\u00fcnster e. V.","og_description":"Vor dem Drittliga-Spiel zwischen dem Chemnitzer FC gegen Preu\u00dfen M\u00fcnster am Sonntag haben Vertreter des Fanprojektes des SCP sowie Fans der Chemnitzer gemeinsam ein Trikot an den Partner einer vom... Read more &raquo;","og_url":"https:\/\/www.fanprojekt-muenster.de\/wordpress\/fanprojekt-muenster-und-cfc-fans-mit-einer-besonderen-trikotuebergabe\/","og_site_name":"Fangemeinschaft Preu\u00dfen M\u00fcnster e. V.","article_published_time":"2013-10-06T16:57:34+00:00","author":"fp_superadmin","twitter_card":"summary_large_image","twitter_misc":{"Verfasst von":"fp_superadmin","Gesch\u00e4tzte Lesezeit":"1\u00a0Minute"},"schema":{"@context":"https:\/\/schema.org","@graph":[{"@type":"Article","@id":"https:\/\/www.fanprojekt-muenster.de\/wordpress\/fanprojekt-muenster-und-cfc-fans-mit-einer-besonderen-trikotuebergabe\/#article","isPartOf":{"@id":"https:\/\/www.fanprojekt-muenster.de\/wordpress\/fanprojekt-muenster-und-cfc-fans-mit-einer-besonderen-trikotuebergabe\/"},"author":{"name":"fp_superadmin","@id":"https:\/\/www.fanprojekt-muenster.de\/wordpress\/#\/schema\/person\/9126cc4d73d0d07c75b487075111186c"},"headline":"Fanprojekt M\u00fcnster und CFC-Fans mit einer besonderen Trikot\u00fcbergabe","datePublished":"2013-10-06T16:57:34+00:00","mainEntityOfPage":{"@id":"https:\/\/www.fanprojekt-muenster.de\/wordpress\/fanprojekt-muenster-und-cfc-fans-mit-einer-besonderen-trikotuebergabe\/"},"wordCount":285,"commentCount":0,"publisher":{"@id":"https:\/\/www.fanprojekt-muenster.de\/wordpress\/#organization"},"image":{"@id":"https:\/\/www.fanprojekt-muenster.de\/wordpress\/fanprojekt-muenster-und-cfc-fans-mit-einer-besonderen-trikotuebergabe\/#primaryimage"},"thumbnailUrl":"","keywords":["Anett","Fanprojekt","SC Preu\u00dfen M\u00fcnster","Von Fans f\u00fcr Fans"],"articleSection":["Aktuelles"],"inLanguage":"de","potentialAction":[{"@type":"CommentAction","name":"Comment","target":["https:\/\/www.fanprojekt-muenster.de\/wordpress\/fanprojekt-muenster-und-cfc-fans-mit-einer-besonderen-trikotuebergabe\/#respond"]}]},{"@type":"WebPage","@id":"https:\/\/www.fanprojekt-muenster.de\/wordpress\/fanprojekt-muenster-und-cfc-fans-mit-einer-besonderen-trikotuebergabe\/","url":"https:\/\/www.fanprojekt-muenster.de\/wordpress\/fanprojekt-muenster-und-cfc-fans-mit-einer-besonderen-trikotuebergabe\/","name":"Fanprojekt M\u00fcnster und CFC-Fans mit einer besonderen Trikot\u00fcbergabe - Fangemeinschaft Preu\u00dfen M\u00fcnster e. V.","isPartOf":{"@id":"https:\/\/www.fanprojekt-muenster.de\/wordpress\/#website"},"primaryImageOfPage":{"@id":"https:\/\/www.fanprojekt-muenster.de\/wordpress\/fanprojekt-muenster-und-cfc-fans-mit-einer-besonderen-trikotuebergabe\/#primaryimage"},"image":{"@id":"https:\/\/www.fanprojekt-muenster.de\/wordpress\/fanprojekt-muenster-und-cfc-fans-mit-einer-besonderen-trikotuebergabe\/#primaryimage"},"thumbnailUrl":"","datePublished":"2013-10-06T16:57:34+00:00","breadcrumb":{"@id":"https:\/\/www.fanprojekt-muenster.de\/wordpress\/fanprojekt-muenster-und-cfc-fans-mit-einer-besonderen-trikotuebergabe\/#breadcrumb"},"inLanguage":"de","potentialAction":[{"@type":"ReadAction","target":["https:\/\/www.fanprojekt-muenster.de\/wordpress\/fanprojekt-muenster-und-cfc-fans-mit-einer-besonderen-trikotuebergabe\/"]}]},{"@type":"ImageObject","inLanguage":"de","@id":"https:\/\/www.fanprojekt-muenster.de\/wordpress\/fanprojekt-muenster-und-cfc-fans-mit-einer-besonderen-trikotuebergabe\/#primaryimage","url":"","contentUrl":""},{"@type":"BreadcrumbList","@id":"https:\/\/www.fanprojekt-muenster.de\/wordpress\/fanprojekt-muenster-und-cfc-fans-mit-einer-besonderen-trikotuebergabe\/#breadcrumb","itemListElement":[{"@type":"ListItem","position":1,"name":"Startseite","item":"https:\/\/www.fanprojekt-muenster.de\/wordpress\/"},{"@type":"ListItem","position":2,"name":"Fanprojekt M\u00fcnster und CFC-Fans mit einer besonderen Trikot\u00fcbergabe"}]},{"@type":"WebSite","@id":"https:\/\/www.fanprojekt-muenster.de\/wordpress\/#website","url":"https:\/\/www.fanprojekt-muenster.de\/wordpress\/","name":"Fangemeinschaft Preu\u00dfen M\u00fcnster e. V.","description":"","publisher":{"@id":"https:\/\/www.fanprojekt-muenster.de\/wordpress\/#organization"},"potentialAction":[{"@type":"SearchAction","target":{"@type":"EntryPoint","urlTemplate":"https:\/\/www.fanprojekt-muenster.de\/wordpress\/?s={search_term_string}"},"query-input":{"@type":"PropertyValueSpecification","valueRequired":true,"valueName":"search_term_string"}}],"inLanguage":"de"},{"@type":"Organization","@id":"https:\/\/www.fanprojekt-muenster.de\/wordpress\/#organization","name":"Fangemeinschaft Preu\u00dfen M\u00fcnster e. V.","url":"https:\/\/www.fanprojekt-muenster.de\/wordpress\/","logo":{"@type":"ImageObject","inLanguage":"de","@id":"https:\/\/www.fanprojekt-muenster.de\/wordpress\/#\/schema\/logo\/image\/","url":"https:\/\/www.fanprojekt-muenster.de\/wordpress\/wp-content\/uploads\/2019\/07\/cropped-Website_Logo3-9.png","contentUrl":"https:\/\/www.fanprojekt-muenster.de\/wordpress\/wp-content\/uploads\/2019\/07\/cropped-Website_Logo3-9.png","width":224,"height":42,"caption":"Fangemeinschaft Preu\u00dfen M\u00fcnster e. V."},"image":{"@id":"https:\/\/www.fanprojekt-muenster.de\/wordpress\/#\/schema\/logo\/image\/"}},{"@type":"Person","@id":"https:\/\/www.fanprojekt-muenster.de\/wordpress\/#\/schema\/person\/9126cc4d73d0d07c75b487075111186c","name":"fp_superadmin","url":"https:\/\/www.fanprojekt-muenster.de\/wordpress\/author\/fp_superadmin\/"}]}},"author_meta":{"display_name":"fp_superadmin","author_link":"https:\/\/www.fanprojekt-muenster.de\/wordpress\/author\/fp_superadmin\/"},"featured_img":null,"coauthors":[],"tax_additional":{"categories":{"linked":["<a href=\"https:\/\/www.fanprojekt-muenster.de\/wordpress\/category\/aktuelles\/\" class=\"advgb-post-tax-term\">Aktuelles<\/a>"],"unlinked":["<span class=\"advgb-post-tax-term\">Aktuelles<\/span>"]},"tags":{"linked":["<a href=\"https:\/\/www.fanprojekt-muenster.de\/wordpress\/category\/aktuelles\/\" class=\"advgb-post-tax-term\">Anett<\/a>","<a href=\"https:\/\/www.fanprojekt-muenster.de\/wordpress\/category\/aktuelles\/\" class=\"advgb-post-tax-term\">Fanprojekt<\/a>","<a href=\"https:\/\/www.fanprojekt-muenster.de\/wordpress\/category\/aktuelles\/\" class=\"advgb-post-tax-term\">SC Preu\u00dfen M\u00fcnster<\/a>","<a href=\"https:\/\/www.fanprojekt-muenster.de\/wordpress\/category\/aktuelles\/\" class=\"advgb-post-tax-term\">Von Fans f\u00fcr Fans<\/a>"],"unlinked":["<span class=\"advgb-post-tax-term\">Anett<\/span>","<span class=\"advgb-post-tax-term\">Fanprojekt<\/span>","<span class=\"advgb-post-tax-term\">SC Preu\u00dfen M\u00fcnster<\/span>","<span class=\"advgb-post-tax-term\">Von Fans f\u00fcr Fans<\/span>"]}},"comment_count":"0","relative_dates":{"created":"Posted 13\u00a0Jahren ago","modified":"Updated 13\u00a0Jahren ago"},"absolute_dates":{"created":"Posted on 6. Oktober 2013","modified":"Updated on 6. Oktober 2013"},"absolute_dates_time":{"created":"Posted on 6. Oktober 2013 18:57","modified":"Updated on 6. Oktober 2013 18:57"},"featured_img_caption":"","series_order":"","_links":{"self":[{"href":"https:\/\/www.fanprojekt-muenster.de\/wordpress\/wp-json\/wp\/v2\/posts\/1962","targetHints":{"allow":["GET"]}}],"collection":[{"href":"https:\/\/www.fanprojekt-muenster.de\/wordpress\/wp-json\/wp\/v2\/posts"}],"about":[{"href":"https:\/\/www.fanprojekt-muenster.de\/wordpress\/wp-json\/wp\/v2\/types\/post"}],"author":[{"embeddable":true,"href":"https:\/\/www.fanprojekt-muenster.de\/wordpress\/wp-json\/wp\/v2\/users\/2"}],"replies":[{"embeddable":true,"href":"https:\/\/www.fanprojekt-muenster.de\/wordpress\/wp-json\/wp\/v2\/comments?post=1962"}],"version-history":[{"count":0,"href":"https:\/\/www.fanprojekt-muenster.de\/wordpress\/wp-json\/wp\/v2\/posts\/1962\/revisions"}],"wp:featuredmedia":[{"embeddable":true,"href":"https:\/\/www.fanprojekt-muenster.de\/wordpress\/wp-json\/"}],"wp:attachment":[{"href":"https:\/\/www.fanprojekt-muenster.de\/wordpress\/wp-json\/wp\/v2\/media?parent=1962"}],"wp:term":[{"taxonomy":"category","embeddable":true,"href":"https:\/\/www.fanprojekt-muenster.de\/wordpress\/wp-json\/wp\/v2\/categories?post=1962"},{"taxonomy":"post_tag","embeddable":true,"href":"https:\/\/www.fanprojekt-muenster.de\/wordpress\/wp-json\/wp\/v2\/tags?post=1962"}],"curies":[{"name":"wp","href":"https:\/\/api.w.org\/{rel}","templated":true}]}}