{"id":1944,"date":"2013-10-01T19:11:42","date_gmt":"2013-10-01T17:11:42","guid":{"rendered":"http:\/\/www.fanprojekt-muenster.de\/?p=1944"},"modified":"2013-10-01T19:11:42","modified_gmt":"2013-10-01T17:11:42","slug":"infos-zum-derby-in-osnabrueck","status":"publish","type":"post","link":"https:\/\/www.fanprojekt-muenster.de\/wordpress\/infos-zum-derby-in-osnabrueck\/","title":{"rendered":"Infos zum Derby in Osnabr\u00fcck"},"content":{"rendered":"<p><img loading=\"lazy\" decoding=\"async\" class=\"alignnone size-large wp-image-1945\" alt=\"Logo_Radio Mottekstrehle_Pfade\" src=\"http:\/\/www.fanprojekt-muenster.de\/wp-content\/uploads\/2013\/10\/Radioankuendigung-1024x640.jpg\" width=\"960\" height=\"600\" \/><\/p>\n<p>Morgen ab 18.15 Uhr berichtet <a href=\"https:\/\/www.facebook.com\/RadioMottekstrehle?ref=stream\" data-hovercard=\"\/ajax\/hovercard\/page.php?id=430687273658013\">Radio Mottekstreele &#8211; powered by Fanprojekt M\u00fcnster<\/a> live vom Derby aus Osnabr\u00fcck!<br \/>\nEs gibt dieses Mal keinen Livestream der 3. Programme, also kommt vorbei und lauscht unserem Fanradio!<br \/>\n<a href=\"https:\/\/www.facebook.com\/hashtag\/scp06?source=feed_text\" data-pub=\"{&quot;type&quot;:&quot;hashtag&quot;,&quot;id&quot;:118166138380496,&quot;source&quot;:&quot;feed_text&quot;}\">\u202a#\u200escp06\u202c<\/a> <a href=\"https:\/\/www.facebook.com\/hashtag\/radioms?source=feed_text\" data-pub=\"{&quot;type&quot;:&quot;hashtag&quot;,&quot;id&quot;:154951578027791,&quot;source&quot;:&quot;feed_text&quot;}\">\u202a#\u200eradioms\u202c<\/a> <a href=\"https:\/\/www.facebook.com\/hashtag\/derby?source=feed_text\" data-pub=\"{&quot;type&quot;:&quot;hashtag&quot;,&quot;id&quot;:224059107739489,&quot;source&quot;:&quot;feed_text&quot;}\">\u202a#\u200ederby\u202c<\/a><br \/>\nAuf gehts Preu\u00dfen, k\u00e4mpfen und siegen!<\/p>\n<p><strong>Anbei die Meldung zum Derby des SCP:<\/strong><\/p>\n<p>Am Mittwochabend steigt in der Osnabr\u00fccker osnatel-Arena das Derby zwischen den Lila-Wei\u00dfen und dem SC Preu\u00dfen. Zirka 2.000 M\u00fcnsteraner werden ihre Mannschaft nach Niedersachsen begleiten und an der voraussichtlich ausverkauften Bremer Br\u00fccke f\u00fcr G\u00e4nsehaut-Atmosph\u00e4re sorgen. Bei aller Rivalit\u00e4t zwischen den beiden Fanlagern, soll es vor allem ein faires und friedliches Fu\u00dfballfest werden.<\/p>\n<p>Die Osnabr\u00fccker Polizei lobte im Vorfeld der Begegnung noch einmal das letzte Aufeinandertreffen beider Mannschaften an gleicher Stelle vor zirka einem Jahr. &#8222;Das Spiel war von einer tollen Atmosph\u00e4re, gut gef\u00fcllten R\u00e4ngen und vor allem von Friedlichkeit gepr\u00e4gt. Damit dieses auch bei der kommenden Begegnung der Fall ist, werden wir wieder Ma\u00dfnahmen zur Deeskalation durchf\u00fchren. Unter anderem werden Konfliktmanager eingesetzt, die mit einer roten Weste deutlich sichtbar f\u00fcr Fragen zur Verf\u00fcgung stehen. Diese sollen \u00fcber polizeiliche Ma\u00dfnahmen informieren und f\u00fcr die Fans ansprechbar sein\u201c, hei\u00dft es in einem Fanbrief der \u00f6rtlichen Polizeidirektion.<\/p>\n<p><strong>Anreise mit dem PKW<\/strong><\/p>\n<p>An der \u201eHalle Gartlage\u201c (Schlachthofstra\u00dfe 48, 49074 Osnabr\u00fcck) befindet sich ein kostenpflichtiger Parkplatz. Im Umfeld des Stadions befinden sich am Spieltag grunds\u00e4tzlich keine weiteren Parkpl\u00e4tze. F\u00fcr eine begrenzte Anzahl an Kleinbussen (9-Sitzer) wird an der Oststra\u00dfe Parkraum f\u00fcr die Anh\u00e4nger von Preu\u00dfen M\u00fcnster freigehalten. Dieser Bereich ist lediglich von der Buerschen Stra\u00dfe aus und ausdr\u00fccklich nicht \u00fcber die Bremer Stra\u00dfe\/Stadion zu erreichen.<\/p>\n<p><strong>Anreise mit dem Zug <\/strong><\/p>\n<p>Die Westfalenbahn setzt zum Derby einen Entlastungszug ein, der ohne Zwischenhalt von M\u00fcnster nach Osnabr\u00fcck und nach dem Spiel auch wieder zur\u00fcck f\u00e4hrt (Abfahrt 16:43, M\u00fcnster HbF, Gleis 17\/R\u00fcckfahrt 21:10, Osnabr\u00fcck Hbf, Gleis 1). Es gelten die regul\u00e4ren Tarife der Westfalenbahn.<\/p>\n<p>Am Spieltag wird in Osnabr\u00fcck kein Bus-Shuttle vom Hauptbahnhof zum Stadion eingesetzt. Der Fu\u00dfweg wird etwa 15 Minuten in Anspruch nehmen. Toilettenanlagen stehen im Bahnhof Osnabr\u00fcck \u2013 au\u00dferhalb der Bahnhofshalle \u2013 zur Verf\u00fcgung. Die Beamten der Bundespolizei stehen vor Ort als Ansprechpartner zur Verf\u00fcgung.<\/p>\n<p><strong>Im Stadion<\/strong><\/p>\n<p>F\u00fcr alle Fans gilt auch in Osnabr\u00fcck: Pyrotechnik ist nach wie vor verboten und deren Gebrauch wird konsequent verfolgt! Personen, die sich vermummen, Pyrotechnik mitf\u00fchren\/benutzen oder sich an Gewaltt\u00e4tigkeiten beteiligen oder Gewaltt\u00e4tigkeiten provozieren, werden das Spiel nicht sehen! Wir bitten um Verst\u00e4ndnis, dass der G\u00e4stebereich umfangreich mit mobiler und station\u00e4rer Videotechnik \u00fcberwacht wird. Hier der Link zur Stadionordnung der osnatel-Arena: <a href=\"http:\/\/www.vfl.de\/verein\/stadion\/ordnung.html\" target=\"_blank\" rel=\"noopener noreferrer\">www.vfl.de\/verein\/stadion\/ordnung.html \u00a0<\/a><\/p>\n<p>Ins Stadion d\u00fcrfen keine Rucks\u00e4cke mitgenommen werden. Am Eingang zum G\u00e4stebereich besteht grunds\u00e4tzlich keine M\u00f6glichkeit, dass diese in Verwahrung genommen werden k\u00f6nnen.<\/p>\n<p>Dass das Pr\u00e4sentieren von beleidigenden, antidemokratischen oder extremistischen Spruchb\u00e4ndern und Bannern verboten ist, d\u00fcrfte selbstverst\u00e4ndlich sein. Gegen Personen, die eine derartige Gesinnung zum Ausdruck bringen, wird konsequent vorgegangen.<\/p>\n<p>Der G\u00e4stebereich befindet sich auf der Westtrib\u00fcne (Stehplatz) sowie auf der Nordtrib\u00fcne (Sitzplatz). Beide Bereiche werden nur durch den G\u00e4steeingang an der Westtrib\u00fcne erreicht. W\u00e4hrend des Spiels bitten wir Sie, die Flucht- und Rettungswege freizuhalten.<\/p>\n<p>Aufgrund der baulichen Begebenheiten im G\u00e4stebereich gibt es nur ein sehr eingeschr\u00e4nktes Platzangebot f\u00fcr Zaunfahnen. Nehmen Sie diesbez\u00fcglich und hinsichtlich weiterer Fanutensilien bitte Kontakt mit Ihrem Fanbeauftragten auf. Aufgrund der guten Erfahrungen beim vergangen Derby wurde zwischen den Sicherheitstr\u00e4gern im Rahmen der Sicherheitsbesprechung abgestimmt, dass nach dem Verbot beim letzten Derby wieder Zaunfahnen und weiteres Fanmaterial zugelassen werden.<\/p>\n<p><strong>Wir w\u00fcnschen allen Preu\u00dfenfans viel Spa\u00df in Osnabr\u00fcck und freuen uns auf eine gro\u00dfartige Kulisse mit toller Unterst\u00fctzung f\u00fcr unsere Mannschaft!<\/strong><\/p>\n","protected":false},"excerpt":{"rendered":"<p>Morgen ab 18.15 Uhr berichtet Radio Mottekstreele &#8211; powered by Fanprojekt M\u00fcnster live vom Derby aus Osnabr\u00fcck! Es gibt dieses Mal keinen Livestream der 3. Programme, also kommt vorbei und&#8230; <a class=\"read-more-link\" href=\"https:\/\/www.fanprojekt-muenster.de\/wordpress\/infos-zum-derby-in-osnabrueck\/\">Read more &raquo;<\/a><\/p>\n","protected":false},"author":2,"featured_media":0,"comment_status":"open","ping_status":"open","sticky":false,"template":"","format":"standard","meta":{"advgb_blocks_editor_width":"","advgb_blocks_columns_visual_guide":"","footnotes":""},"categories":[3],"tags":[25,28,75,112,191,205,223,283],"class_list":["post-1944","post","type-post","status-publish","format-standard","hentry","category-aktuelles","tag-25","tag-3-liga-2","tag-derby","tag-fanprojekt","tag-osnabrueck","tag-radio-mottekstrehle","tag-sc-preussen-muenster","tag-von-fans-fuer-fans"],"featured_image_src":null,"author_info":{"display_name":"fp_superadmin","author_link":"https:\/\/www.fanprojekt-muenster.de\/wordpress\/author\/fp_superadmin\/"},"yoast_head":"<!-- This site is optimized with the Yoast SEO plugin v27.2 - https:\/\/yoast.com\/product\/yoast-seo-wordpress\/ -->\n<title>Infos zum Derby in Osnabr\u00fcck - Fangemeinschaft Preu\u00dfen M\u00fcnster e. V.<\/title>\n<meta name=\"robots\" content=\"index, follow, max-snippet:-1, max-image-preview:large, max-video-preview:-1\" \/>\n<link rel=\"canonical\" href=\"https:\/\/www.fanprojekt-muenster.de\/wordpress\/infos-zum-derby-in-osnabrueck\/\" \/>\n<meta property=\"og:locale\" content=\"de_DE\" \/>\n<meta property=\"og:type\" content=\"article\" \/>\n<meta property=\"og:title\" content=\"Infos zum Derby in Osnabr\u00fcck - Fangemeinschaft Preu\u00dfen M\u00fcnster e. V.\" \/>\n<meta property=\"og:description\" content=\"Morgen ab 18.15 Uhr berichtet Radio Mottekstreele &#8211; powered by Fanprojekt M\u00fcnster live vom Derby aus Osnabr\u00fcck! Es gibt dieses Mal keinen Livestream der 3. Programme, also kommt vorbei und... Read more &raquo;\" \/>\n<meta property=\"og:url\" content=\"https:\/\/www.fanprojekt-muenster.de\/wordpress\/infos-zum-derby-in-osnabrueck\/\" \/>\n<meta property=\"og:site_name\" content=\"Fangemeinschaft Preu\u00dfen M\u00fcnster e. V.\" \/>\n<meta property=\"article:published_time\" content=\"2013-10-01T17:11:42+00:00\" \/>\n<meta property=\"og:image\" content=\"http:\/\/www.fanprojekt-muenster.de\/wp-content\/uploads\/2013\/10\/Radioankuendigung-1024x640.jpg\" \/>\n<meta name=\"author\" content=\"fp_superadmin\" \/>\n<meta name=\"twitter:card\" content=\"summary_large_image\" \/>\n<meta name=\"twitter:label1\" content=\"Verfasst von\" \/>\n\t<meta name=\"twitter:data1\" content=\"fp_superadmin\" \/>\n\t<meta name=\"twitter:label2\" content=\"Gesch\u00e4tzte Lesezeit\" \/>\n\t<meta name=\"twitter:data2\" content=\"3\u00a0Minuten\" \/>\n<script type=\"application\/ld+json\" class=\"yoast-schema-graph\">{\"@context\":\"https:\/\/schema.org\",\"@graph\":[{\"@type\":\"Article\",\"@id\":\"https:\/\/www.fanprojekt-muenster.de\/wordpress\/infos-zum-derby-in-osnabrueck\/#article\",\"isPartOf\":{\"@id\":\"https:\/\/www.fanprojekt-muenster.de\/wordpress\/infos-zum-derby-in-osnabrueck\/\"},\"author\":{\"name\":\"fp_superadmin\",\"@id\":\"https:\/\/www.fanprojekt-muenster.de\/wordpress\/#\/schema\/person\/9126cc4d73d0d07c75b487075111186c\"},\"headline\":\"Infos zum Derby in Osnabr\u00fcck\",\"datePublished\":\"2013-10-01T17:11:42+00:00\",\"mainEntityOfPage\":{\"@id\":\"https:\/\/www.fanprojekt-muenster.de\/wordpress\/infos-zum-derby-in-osnabrueck\/\"},\"wordCount\":666,\"commentCount\":0,\"publisher\":{\"@id\":\"https:\/\/www.fanprojekt-muenster.de\/wordpress\/#organization\"},\"image\":{\"@id\":\"https:\/\/www.fanprojekt-muenster.de\/wordpress\/infos-zum-derby-in-osnabrueck\/#primaryimage\"},\"thumbnailUrl\":\"http:\/\/www.fanprojekt-muenster.de\/wp-content\/uploads\/2013\/10\/Radioankuendigung-1024x640.jpg\",\"keywords\":[\"2013\",\"3.Liga\",\"Derby\",\"Fanprojekt\",\"Osnabr\u00fcck\",\"Radio Mottekstrehle\",\"SC Preu\u00dfen M\u00fcnster\",\"Von Fans f\u00fcr Fans\"],\"articleSection\":[\"Aktuelles\"],\"inLanguage\":\"de\",\"potentialAction\":[{\"@type\":\"CommentAction\",\"name\":\"Comment\",\"target\":[\"https:\/\/www.fanprojekt-muenster.de\/wordpress\/infos-zum-derby-in-osnabrueck\/#respond\"]}]},{\"@type\":\"WebPage\",\"@id\":\"https:\/\/www.fanprojekt-muenster.de\/wordpress\/infos-zum-derby-in-osnabrueck\/\",\"url\":\"https:\/\/www.fanprojekt-muenster.de\/wordpress\/infos-zum-derby-in-osnabrueck\/\",\"name\":\"Infos zum Derby in Osnabr\u00fcck - Fangemeinschaft Preu\u00dfen M\u00fcnster e. V.\",\"isPartOf\":{\"@id\":\"https:\/\/www.fanprojekt-muenster.de\/wordpress\/#website\"},\"primaryImageOfPage\":{\"@id\":\"https:\/\/www.fanprojekt-muenster.de\/wordpress\/infos-zum-derby-in-osnabrueck\/#primaryimage\"},\"image\":{\"@id\":\"https:\/\/www.fanprojekt-muenster.de\/wordpress\/infos-zum-derby-in-osnabrueck\/#primaryimage\"},\"thumbnailUrl\":\"http:\/\/www.fanprojekt-muenster.de\/wp-content\/uploads\/2013\/10\/Radioankuendigung-1024x640.jpg\",\"datePublished\":\"2013-10-01T17:11:42+00:00\",\"breadcrumb\":{\"@id\":\"https:\/\/www.fanprojekt-muenster.de\/wordpress\/infos-zum-derby-in-osnabrueck\/#breadcrumb\"},\"inLanguage\":\"de\",\"potentialAction\":[{\"@type\":\"ReadAction\",\"target\":[\"https:\/\/www.fanprojekt-muenster.de\/wordpress\/infos-zum-derby-in-osnabrueck\/\"]}]},{\"@type\":\"ImageObject\",\"inLanguage\":\"de\",\"@id\":\"https:\/\/www.fanprojekt-muenster.de\/wordpress\/infos-zum-derby-in-osnabrueck\/#primaryimage\",\"url\":\"http:\/\/www.fanprojekt-muenster.de\/wp-content\/uploads\/2013\/10\/Radioankuendigung-1024x640.jpg\",\"contentUrl\":\"http:\/\/www.fanprojekt-muenster.de\/wp-content\/uploads\/2013\/10\/Radioankuendigung-1024x640.jpg\"},{\"@type\":\"BreadcrumbList\",\"@id\":\"https:\/\/www.fanprojekt-muenster.de\/wordpress\/infos-zum-derby-in-osnabrueck\/#breadcrumb\",\"itemListElement\":[{\"@type\":\"ListItem\",\"position\":1,\"name\":\"Startseite\",\"item\":\"https:\/\/www.fanprojekt-muenster.de\/wordpress\/\"},{\"@type\":\"ListItem\",\"position\":2,\"name\":\"Infos zum Derby in Osnabr\u00fcck\"}]},{\"@type\":\"WebSite\",\"@id\":\"https:\/\/www.fanprojekt-muenster.de\/wordpress\/#website\",\"url\":\"https:\/\/www.fanprojekt-muenster.de\/wordpress\/\",\"name\":\"Fangemeinschaft Preu\u00dfen M\u00fcnster e. V.\",\"description\":\"\",\"publisher\":{\"@id\":\"https:\/\/www.fanprojekt-muenster.de\/wordpress\/#organization\"},\"potentialAction\":[{\"@type\":\"SearchAction\",\"target\":{\"@type\":\"EntryPoint\",\"urlTemplate\":\"https:\/\/www.fanprojekt-muenster.de\/wordpress\/?s={search_term_string}\"},\"query-input\":{\"@type\":\"PropertyValueSpecification\",\"valueRequired\":true,\"valueName\":\"search_term_string\"}}],\"inLanguage\":\"de\"},{\"@type\":\"Organization\",\"@id\":\"https:\/\/www.fanprojekt-muenster.de\/wordpress\/#organization\",\"name\":\"Fangemeinschaft Preu\u00dfen M\u00fcnster e. V.\",\"url\":\"https:\/\/www.fanprojekt-muenster.de\/wordpress\/\",\"logo\":{\"@type\":\"ImageObject\",\"inLanguage\":\"de\",\"@id\":\"https:\/\/www.fanprojekt-muenster.de\/wordpress\/#\/schema\/logo\/image\/\",\"url\":\"https:\/\/www.fanprojekt-muenster.de\/wordpress\/wp-content\/uploads\/2019\/07\/cropped-Website_Logo3-9.png\",\"contentUrl\":\"https:\/\/www.fanprojekt-muenster.de\/wordpress\/wp-content\/uploads\/2019\/07\/cropped-Website_Logo3-9.png\",\"width\":224,\"height\":42,\"caption\":\"Fangemeinschaft Preu\u00dfen M\u00fcnster e. V.\"},\"image\":{\"@id\":\"https:\/\/www.fanprojekt-muenster.de\/wordpress\/#\/schema\/logo\/image\/\"}},{\"@type\":\"Person\",\"@id\":\"https:\/\/www.fanprojekt-muenster.de\/wordpress\/#\/schema\/person\/9126cc4d73d0d07c75b487075111186c\",\"name\":\"fp_superadmin\",\"url\":\"https:\/\/www.fanprojekt-muenster.de\/wordpress\/author\/fp_superadmin\/\"}]}<\/script>\n<!-- \/ Yoast SEO plugin. -->","yoast_head_json":{"title":"Infos zum Derby in Osnabr\u00fcck - Fangemeinschaft Preu\u00dfen M\u00fcnster e. V.","robots":{"index":"index","follow":"follow","max-snippet":"max-snippet:-1","max-image-preview":"max-image-preview:large","max-video-preview":"max-video-preview:-1"},"canonical":"https:\/\/www.fanprojekt-muenster.de\/wordpress\/infos-zum-derby-in-osnabrueck\/","og_locale":"de_DE","og_type":"article","og_title":"Infos zum Derby in Osnabr\u00fcck - Fangemeinschaft Preu\u00dfen M\u00fcnster e. V.","og_description":"Morgen ab 18.15 Uhr berichtet Radio Mottekstreele &#8211; powered by Fanprojekt M\u00fcnster live vom Derby aus Osnabr\u00fcck! Es gibt dieses Mal keinen Livestream der 3. Programme, also kommt vorbei und... Read more &raquo;","og_url":"https:\/\/www.fanprojekt-muenster.de\/wordpress\/infos-zum-derby-in-osnabrueck\/","og_site_name":"Fangemeinschaft Preu\u00dfen M\u00fcnster e. V.","article_published_time":"2013-10-01T17:11:42+00:00","og_image":[{"url":"http:\/\/www.fanprojekt-muenster.de\/wp-content\/uploads\/2013\/10\/Radioankuendigung-1024x640.jpg","type":"","width":"","height":""}],"author":"fp_superadmin","twitter_card":"summary_large_image","twitter_misc":{"Verfasst von":"fp_superadmin","Gesch\u00e4tzte Lesezeit":"3\u00a0Minuten"},"schema":{"@context":"https:\/\/schema.org","@graph":[{"@type":"Article","@id":"https:\/\/www.fanprojekt-muenster.de\/wordpress\/infos-zum-derby-in-osnabrueck\/#article","isPartOf":{"@id":"https:\/\/www.fanprojekt-muenster.de\/wordpress\/infos-zum-derby-in-osnabrueck\/"},"author":{"name":"fp_superadmin","@id":"https:\/\/www.fanprojekt-muenster.de\/wordpress\/#\/schema\/person\/9126cc4d73d0d07c75b487075111186c"},"headline":"Infos zum Derby in Osnabr\u00fcck","datePublished":"2013-10-01T17:11:42+00:00","mainEntityOfPage":{"@id":"https:\/\/www.fanprojekt-muenster.de\/wordpress\/infos-zum-derby-in-osnabrueck\/"},"wordCount":666,"commentCount":0,"publisher":{"@id":"https:\/\/www.fanprojekt-muenster.de\/wordpress\/#organization"},"image":{"@id":"https:\/\/www.fanprojekt-muenster.de\/wordpress\/infos-zum-derby-in-osnabrueck\/#primaryimage"},"thumbnailUrl":"http:\/\/www.fanprojekt-muenster.de\/wp-content\/uploads\/2013\/10\/Radioankuendigung-1024x640.jpg","keywords":["2013","3.Liga","Derby","Fanprojekt","Osnabr\u00fcck","Radio Mottekstrehle","SC Preu\u00dfen M\u00fcnster","Von Fans f\u00fcr Fans"],"articleSection":["Aktuelles"],"inLanguage":"de","potentialAction":[{"@type":"CommentAction","name":"Comment","target":["https:\/\/www.fanprojekt-muenster.de\/wordpress\/infos-zum-derby-in-osnabrueck\/#respond"]}]},{"@type":"WebPage","@id":"https:\/\/www.fanprojekt-muenster.de\/wordpress\/infos-zum-derby-in-osnabrueck\/","url":"https:\/\/www.fanprojekt-muenster.de\/wordpress\/infos-zum-derby-in-osnabrueck\/","name":"Infos zum Derby in Osnabr\u00fcck - Fangemeinschaft Preu\u00dfen M\u00fcnster e. V.","isPartOf":{"@id":"https:\/\/www.fanprojekt-muenster.de\/wordpress\/#website"},"primaryImageOfPage":{"@id":"https:\/\/www.fanprojekt-muenster.de\/wordpress\/infos-zum-derby-in-osnabrueck\/#primaryimage"},"image":{"@id":"https:\/\/www.fanprojekt-muenster.de\/wordpress\/infos-zum-derby-in-osnabrueck\/#primaryimage"},"thumbnailUrl":"http:\/\/www.fanprojekt-muenster.de\/wp-content\/uploads\/2013\/10\/Radioankuendigung-1024x640.jpg","datePublished":"2013-10-01T17:11:42+00:00","breadcrumb":{"@id":"https:\/\/www.fanprojekt-muenster.de\/wordpress\/infos-zum-derby-in-osnabrueck\/#breadcrumb"},"inLanguage":"de","potentialAction":[{"@type":"ReadAction","target":["https:\/\/www.fanprojekt-muenster.de\/wordpress\/infos-zum-derby-in-osnabrueck\/"]}]},{"@type":"ImageObject","inLanguage":"de","@id":"https:\/\/www.fanprojekt-muenster.de\/wordpress\/infos-zum-derby-in-osnabrueck\/#primaryimage","url":"http:\/\/www.fanprojekt-muenster.de\/wp-content\/uploads\/2013\/10\/Radioankuendigung-1024x640.jpg","contentUrl":"http:\/\/www.fanprojekt-muenster.de\/wp-content\/uploads\/2013\/10\/Radioankuendigung-1024x640.jpg"},{"@type":"BreadcrumbList","@id":"https:\/\/www.fanprojekt-muenster.de\/wordpress\/infos-zum-derby-in-osnabrueck\/#breadcrumb","itemListElement":[{"@type":"ListItem","position":1,"name":"Startseite","item":"https:\/\/www.fanprojekt-muenster.de\/wordpress\/"},{"@type":"ListItem","position":2,"name":"Infos zum Derby in Osnabr\u00fcck"}]},{"@type":"WebSite","@id":"https:\/\/www.fanprojekt-muenster.de\/wordpress\/#website","url":"https:\/\/www.fanprojekt-muenster.de\/wordpress\/","name":"Fangemeinschaft Preu\u00dfen M\u00fcnster e. V.","description":"","publisher":{"@id":"https:\/\/www.fanprojekt-muenster.de\/wordpress\/#organization"},"potentialAction":[{"@type":"SearchAction","target":{"@type":"EntryPoint","urlTemplate":"https:\/\/www.fanprojekt-muenster.de\/wordpress\/?s={search_term_string}"},"query-input":{"@type":"PropertyValueSpecification","valueRequired":true,"valueName":"search_term_string"}}],"inLanguage":"de"},{"@type":"Organization","@id":"https:\/\/www.fanprojekt-muenster.de\/wordpress\/#organization","name":"Fangemeinschaft Preu\u00dfen M\u00fcnster e. V.","url":"https:\/\/www.fanprojekt-muenster.de\/wordpress\/","logo":{"@type":"ImageObject","inLanguage":"de","@id":"https:\/\/www.fanprojekt-muenster.de\/wordpress\/#\/schema\/logo\/image\/","url":"https:\/\/www.fanprojekt-muenster.de\/wordpress\/wp-content\/uploads\/2019\/07\/cropped-Website_Logo3-9.png","contentUrl":"https:\/\/www.fanprojekt-muenster.de\/wordpress\/wp-content\/uploads\/2019\/07\/cropped-Website_Logo3-9.png","width":224,"height":42,"caption":"Fangemeinschaft Preu\u00dfen M\u00fcnster e. V."},"image":{"@id":"https:\/\/www.fanprojekt-muenster.de\/wordpress\/#\/schema\/logo\/image\/"}},{"@type":"Person","@id":"https:\/\/www.fanprojekt-muenster.de\/wordpress\/#\/schema\/person\/9126cc4d73d0d07c75b487075111186c","name":"fp_superadmin","url":"https:\/\/www.fanprojekt-muenster.de\/wordpress\/author\/fp_superadmin\/"}]}},"author_meta":{"display_name":"fp_superadmin","author_link":"https:\/\/www.fanprojekt-muenster.de\/wordpress\/author\/fp_superadmin\/"},"featured_img":null,"coauthors":[],"tax_additional":{"categories":{"linked":["<a href=\"https:\/\/www.fanprojekt-muenster.de\/wordpress\/category\/aktuelles\/\" class=\"advgb-post-tax-term\">Aktuelles<\/a>"],"unlinked":["<span class=\"advgb-post-tax-term\">Aktuelles<\/span>"]},"tags":{"linked":["<a href=\"https:\/\/www.fanprojekt-muenster.de\/wordpress\/category\/aktuelles\/\" class=\"advgb-post-tax-term\">2013<\/a>","<a href=\"https:\/\/www.fanprojekt-muenster.de\/wordpress\/category\/aktuelles\/\" class=\"advgb-post-tax-term\">3.Liga<\/a>","<a href=\"https:\/\/www.fanprojekt-muenster.de\/wordpress\/category\/aktuelles\/\" class=\"advgb-post-tax-term\">Derby<\/a>","<a href=\"https:\/\/www.fanprojekt-muenster.de\/wordpress\/category\/aktuelles\/\" class=\"advgb-post-tax-term\">Fanprojekt<\/a>","<a href=\"https:\/\/www.fanprojekt-muenster.de\/wordpress\/category\/aktuelles\/\" class=\"advgb-post-tax-term\">Osnabr\u00fcck<\/a>","<a href=\"https:\/\/www.fanprojekt-muenster.de\/wordpress\/category\/aktuelles\/\" class=\"advgb-post-tax-term\">Radio Mottekstrehle<\/a>","<a href=\"https:\/\/www.fanprojekt-muenster.de\/wordpress\/category\/aktuelles\/\" class=\"advgb-post-tax-term\">SC Preu\u00dfen M\u00fcnster<\/a>","<a href=\"https:\/\/www.fanprojekt-muenster.de\/wordpress\/category\/aktuelles\/\" class=\"advgb-post-tax-term\">Von Fans f\u00fcr Fans<\/a>"],"unlinked":["<span class=\"advgb-post-tax-term\">2013<\/span>","<span class=\"advgb-post-tax-term\">3.Liga<\/span>","<span class=\"advgb-post-tax-term\">Derby<\/span>","<span class=\"advgb-post-tax-term\">Fanprojekt<\/span>","<span class=\"advgb-post-tax-term\">Osnabr\u00fcck<\/span>","<span class=\"advgb-post-tax-term\">Radio Mottekstrehle<\/span>","<span class=\"advgb-post-tax-term\">SC Preu\u00dfen M\u00fcnster<\/span>","<span class=\"advgb-post-tax-term\">Von Fans f\u00fcr Fans<\/span>"]}},"comment_count":"0","relative_dates":{"created":"Posted 13\u00a0Jahren ago","modified":"Updated 13\u00a0Jahren ago"},"absolute_dates":{"created":"Posted on 1. Oktober 2013","modified":"Updated on 1. Oktober 2013"},"absolute_dates_time":{"created":"Posted on 1. Oktober 2013 19:11","modified":"Updated on 1. Oktober 2013 19:11"},"featured_img_caption":"","series_order":"","_links":{"self":[{"href":"https:\/\/www.fanprojekt-muenster.de\/wordpress\/wp-json\/wp\/v2\/posts\/1944","targetHints":{"allow":["GET"]}}],"collection":[{"href":"https:\/\/www.fanprojekt-muenster.de\/wordpress\/wp-json\/wp\/v2\/posts"}],"about":[{"href":"https:\/\/www.fanprojekt-muenster.de\/wordpress\/wp-json\/wp\/v2\/types\/post"}],"author":[{"embeddable":true,"href":"https:\/\/www.fanprojekt-muenster.de\/wordpress\/wp-json\/wp\/v2\/users\/2"}],"replies":[{"embeddable":true,"href":"https:\/\/www.fanprojekt-muenster.de\/wordpress\/wp-json\/wp\/v2\/comments?post=1944"}],"version-history":[{"count":0,"href":"https:\/\/www.fanprojekt-muenster.de\/wordpress\/wp-json\/wp\/v2\/posts\/1944\/revisions"}],"wp:attachment":[{"href":"https:\/\/www.fanprojekt-muenster.de\/wordpress\/wp-json\/wp\/v2\/media?parent=1944"}],"wp:term":[{"taxonomy":"category","embeddable":true,"href":"https:\/\/www.fanprojekt-muenster.de\/wordpress\/wp-json\/wp\/v2\/categories?post=1944"},{"taxonomy":"post_tag","embeddable":true,"href":"https:\/\/www.fanprojekt-muenster.de\/wordpress\/wp-json\/wp\/v2\/tags?post=1944"}],"curies":[{"name":"wp","href":"https:\/\/api.w.org\/{rel}","templated":true}]}}