{"id":1923,"date":"2013-09-27T13:05:52","date_gmt":"2013-09-27T11:05:52","guid":{"rendered":"http:\/\/www.fanprojekt-muenster.de\/?p=1923"},"modified":"2013-09-27T13:05:52","modified_gmt":"2013-09-27T11:05:52","slug":"westfalenbahn-setzt-entlastungszug-zum-derby-nach-osnabrueck","status":"publish","type":"post","link":"https:\/\/www.fanprojekt-muenster.de\/wordpress\/westfalenbahn-setzt-entlastungszug-zum-derby-nach-osnabrueck\/","title":{"rendered":"Westfalenbahn setzt Entlastungszug zum Derby nach Osnabr\u00fcck ein"},"content":{"rendered":"<p>&nbsp;<\/p>\n<p><img loading=\"lazy\" decoding=\"async\" class=\"alignnone size-full wp-image-1924\" alt=\"westfalen-bahn-590x278\" src=\"http:\/\/www.fanprojekt-muenster.de\/wp-content\/uploads\/2013\/09\/westfalen-bahn-590x278.jpg\" width=\"590\" height=\"278\" \/><\/p>\n<p>Zum Derby zwischen dem VfL Osnabr\u00fcck und dem SC Preu\u00dfen 06 e.V. M\u00fcnster am 2. Oktober (18:30 Uhr) wird die Westfalenbahn zus\u00e4tzlich zu den fahrplanm\u00e4\u00dfig verkehrenden Z\u00fcgen auf der RB 66 M\u00fcnster-Osnabr\u00fcck einen Entlastungszug mit einer Kapazit\u00e4t f\u00fcr zirka 700 Personen einsetzen.<\/p>\n<p>Dieser Entlastungszug f\u00e4hrt ohne Zwischenhalt von M\u00fcnster (Hbf) nach Osnabr\u00fcck (Hbf) und zur\u00fcck. Es gelten die regul\u00e4ren Tarifbestimmungen.<\/p>\n<p><strong><span style=\"text-decoration: underline;\">Anreise: Nur Halt in M\u00fcnster und Osnabr\u00fcck<\/span><\/strong><\/p>\n<p>M\u00fcnster Hbf\u00a0\u00a0\u00a0\u00a0\u00a0\u00a0\u00a0\u00a0\u00a0 16:43\u00a0 \u00a0\u00a0\u00a0\u00a0\u00a0\u00a0\u00a0\u00a0 Gleis 17<\/p>\n<p><strong><span style=\"text-decoration: underline;\">Abreise: Nur Halt in Osnabr\u00fcck und M\u00fcnster<\/span><\/strong><\/p>\n<p>Osnabr\u00fcck Hbf\u00a0\u00a0\u00a0\u00a0\u00a0 21:10\u00a0 \u00a0\u00a0\u00a0\u00a0\u00a0\u00a0\u00a0\u00a0 Gleis 1<\/p>\n","protected":false},"excerpt":{"rendered":"<p>&nbsp; Zum Derby zwischen dem VfL Osnabr\u00fcck und dem SC Preu\u00dfen 06 e.V. M\u00fcnster am 2. Oktober (18:30 Uhr) wird die Westfalenbahn zus\u00e4tzlich zu den fahrplanm\u00e4\u00dfig verkehrenden Z\u00fcgen auf der&#8230; <a class=\"read-more-link\" href=\"https:\/\/www.fanprojekt-muenster.de\/wordpress\/westfalenbahn-setzt-entlastungszug-zum-derby-nach-osnabrueck\/\">Read more &raquo;<\/a><\/p>\n","protected":false},"author":2,"featured_media":1924,"comment_status":"open","ping_status":"open","sticky":false,"template":"","format":"standard","meta":{"advgb_blocks_editor_width":"","advgb_blocks_columns_visual_guide":"","footnotes":""},"categories":[3],"tags":[25,28,49,191,194,223,283],"class_list":["post-1923","post","type-post","status-publish","format-standard","has-post-thumbnail","hentry","category-aktuelles","tag-25","tag-3-liga-2","tag-auswaertsfahrt","tag-osnabrueck","tag-preusen","tag-sc-preussen-muenster","tag-von-fans-fuer-fans"],"featured_image_src":null,"author_info":{"display_name":"fp_superadmin","author_link":"https:\/\/www.fanprojekt-muenster.de\/wordpress\/author\/fp_superadmin\/"},"yoast_head":"<!-- This site is optimized with the Yoast SEO plugin v27.2 - https:\/\/yoast.com\/product\/yoast-seo-wordpress\/ -->\n<title>Westfalenbahn setzt Entlastungszug zum Derby nach Osnabr\u00fcck ein - Fangemeinschaft Preu\u00dfen M\u00fcnster e. V.<\/title>\n<meta name=\"robots\" content=\"index, follow, max-snippet:-1, max-image-preview:large, max-video-preview:-1\" \/>\n<link rel=\"canonical\" href=\"https:\/\/www.fanprojekt-muenster.de\/wordpress\/westfalenbahn-setzt-entlastungszug-zum-derby-nach-osnabrueck\/\" \/>\n<meta property=\"og:locale\" content=\"de_DE\" \/>\n<meta property=\"og:type\" content=\"article\" \/>\n<meta property=\"og:title\" content=\"Westfalenbahn setzt Entlastungszug zum Derby nach Osnabr\u00fcck ein - Fangemeinschaft Preu\u00dfen M\u00fcnster e. V.\" \/>\n<meta property=\"og:description\" content=\"&nbsp; Zum Derby zwischen dem VfL Osnabr\u00fcck und dem SC Preu\u00dfen 06 e.V. M\u00fcnster am 2. Oktober (18:30 Uhr) wird die Westfalenbahn zus\u00e4tzlich zu den fahrplanm\u00e4\u00dfig verkehrenden Z\u00fcgen auf der... Read more &raquo;\" \/>\n<meta property=\"og:url\" content=\"https:\/\/www.fanprojekt-muenster.de\/wordpress\/westfalenbahn-setzt-entlastungszug-zum-derby-nach-osnabrueck\/\" \/>\n<meta property=\"og:site_name\" content=\"Fangemeinschaft Preu\u00dfen M\u00fcnster e. V.\" \/>\n<meta property=\"article:published_time\" content=\"2013-09-27T11:05:52+00:00\" \/>\n<meta name=\"author\" content=\"fp_superadmin\" \/>\n<meta name=\"twitter:card\" content=\"summary_large_image\" \/>\n<meta name=\"twitter:label1\" content=\"Verfasst von\" \/>\n\t<meta name=\"twitter:data1\" content=\"fp_superadmin\" \/>\n<script type=\"application\/ld+json\" class=\"yoast-schema-graph\">{\"@context\":\"https:\/\/schema.org\",\"@graph\":[{\"@type\":\"Article\",\"@id\":\"https:\/\/www.fanprojekt-muenster.de\/wordpress\/westfalenbahn-setzt-entlastungszug-zum-derby-nach-osnabrueck\/#article\",\"isPartOf\":{\"@id\":\"https:\/\/www.fanprojekt-muenster.de\/wordpress\/westfalenbahn-setzt-entlastungszug-zum-derby-nach-osnabrueck\/\"},\"author\":{\"name\":\"fp_superadmin\",\"@id\":\"https:\/\/www.fanprojekt-muenster.de\/wordpress\/#\/schema\/person\/9126cc4d73d0d07c75b487075111186c\"},\"headline\":\"Westfalenbahn setzt Entlastungszug zum Derby nach Osnabr\u00fcck ein\",\"datePublished\":\"2013-09-27T11:05:52+00:00\",\"mainEntityOfPage\":{\"@id\":\"https:\/\/www.fanprojekt-muenster.de\/wordpress\/westfalenbahn-setzt-entlastungszug-zum-derby-nach-osnabrueck\/\"},\"wordCount\":107,\"commentCount\":0,\"publisher\":{\"@id\":\"https:\/\/www.fanprojekt-muenster.de\/wordpress\/#organization\"},\"image\":{\"@id\":\"https:\/\/www.fanprojekt-muenster.de\/wordpress\/westfalenbahn-setzt-entlastungszug-zum-derby-nach-osnabrueck\/#primaryimage\"},\"thumbnailUrl\":\"\",\"keywords\":[\"2013\",\"3.Liga\",\"Ausw\u00e4rtsfahrt\",\"Osnabr\u00fcck\",\"Preu\u00dfen\",\"SC Preu\u00dfen M\u00fcnster\",\"Von Fans f\u00fcr Fans\"],\"articleSection\":[\"Aktuelles\"],\"inLanguage\":\"de\",\"potentialAction\":[{\"@type\":\"CommentAction\",\"name\":\"Comment\",\"target\":[\"https:\/\/www.fanprojekt-muenster.de\/wordpress\/westfalenbahn-setzt-entlastungszug-zum-derby-nach-osnabrueck\/#respond\"]}]},{\"@type\":\"WebPage\",\"@id\":\"https:\/\/www.fanprojekt-muenster.de\/wordpress\/westfalenbahn-setzt-entlastungszug-zum-derby-nach-osnabrueck\/\",\"url\":\"https:\/\/www.fanprojekt-muenster.de\/wordpress\/westfalenbahn-setzt-entlastungszug-zum-derby-nach-osnabrueck\/\",\"name\":\"Westfalenbahn setzt Entlastungszug zum Derby nach Osnabr\u00fcck ein - Fangemeinschaft Preu\u00dfen M\u00fcnster e. V.\",\"isPartOf\":{\"@id\":\"https:\/\/www.fanprojekt-muenster.de\/wordpress\/#website\"},\"primaryImageOfPage\":{\"@id\":\"https:\/\/www.fanprojekt-muenster.de\/wordpress\/westfalenbahn-setzt-entlastungszug-zum-derby-nach-osnabrueck\/#primaryimage\"},\"image\":{\"@id\":\"https:\/\/www.fanprojekt-muenster.de\/wordpress\/westfalenbahn-setzt-entlastungszug-zum-derby-nach-osnabrueck\/#primaryimage\"},\"thumbnailUrl\":\"\",\"datePublished\":\"2013-09-27T11:05:52+00:00\",\"breadcrumb\":{\"@id\":\"https:\/\/www.fanprojekt-muenster.de\/wordpress\/westfalenbahn-setzt-entlastungszug-zum-derby-nach-osnabrueck\/#breadcrumb\"},\"inLanguage\":\"de\",\"potentialAction\":[{\"@type\":\"ReadAction\",\"target\":[\"https:\/\/www.fanprojekt-muenster.de\/wordpress\/westfalenbahn-setzt-entlastungszug-zum-derby-nach-osnabrueck\/\"]}]},{\"@type\":\"ImageObject\",\"inLanguage\":\"de\",\"@id\":\"https:\/\/www.fanprojekt-muenster.de\/wordpress\/westfalenbahn-setzt-entlastungszug-zum-derby-nach-osnabrueck\/#primaryimage\",\"url\":\"\",\"contentUrl\":\"\"},{\"@type\":\"BreadcrumbList\",\"@id\":\"https:\/\/www.fanprojekt-muenster.de\/wordpress\/westfalenbahn-setzt-entlastungszug-zum-derby-nach-osnabrueck\/#breadcrumb\",\"itemListElement\":[{\"@type\":\"ListItem\",\"position\":1,\"name\":\"Startseite\",\"item\":\"https:\/\/www.fanprojekt-muenster.de\/wordpress\/\"},{\"@type\":\"ListItem\",\"position\":2,\"name\":\"Westfalenbahn setzt Entlastungszug zum Derby nach Osnabr\u00fcck ein\"}]},{\"@type\":\"WebSite\",\"@id\":\"https:\/\/www.fanprojekt-muenster.de\/wordpress\/#website\",\"url\":\"https:\/\/www.fanprojekt-muenster.de\/wordpress\/\",\"name\":\"Fangemeinschaft Preu\u00dfen M\u00fcnster e. V.\",\"description\":\"\",\"publisher\":{\"@id\":\"https:\/\/www.fanprojekt-muenster.de\/wordpress\/#organization\"},\"potentialAction\":[{\"@type\":\"SearchAction\",\"target\":{\"@type\":\"EntryPoint\",\"urlTemplate\":\"https:\/\/www.fanprojekt-muenster.de\/wordpress\/?s={search_term_string}\"},\"query-input\":{\"@type\":\"PropertyValueSpecification\",\"valueRequired\":true,\"valueName\":\"search_term_string\"}}],\"inLanguage\":\"de\"},{\"@type\":\"Organization\",\"@id\":\"https:\/\/www.fanprojekt-muenster.de\/wordpress\/#organization\",\"name\":\"Fangemeinschaft Preu\u00dfen M\u00fcnster e. V.\",\"url\":\"https:\/\/www.fanprojekt-muenster.de\/wordpress\/\",\"logo\":{\"@type\":\"ImageObject\",\"inLanguage\":\"de\",\"@id\":\"https:\/\/www.fanprojekt-muenster.de\/wordpress\/#\/schema\/logo\/image\/\",\"url\":\"https:\/\/www.fanprojekt-muenster.de\/wordpress\/wp-content\/uploads\/2019\/07\/cropped-Website_Logo3-9.png\",\"contentUrl\":\"https:\/\/www.fanprojekt-muenster.de\/wordpress\/wp-content\/uploads\/2019\/07\/cropped-Website_Logo3-9.png\",\"width\":224,\"height\":42,\"caption\":\"Fangemeinschaft Preu\u00dfen M\u00fcnster e. V.\"},\"image\":{\"@id\":\"https:\/\/www.fanprojekt-muenster.de\/wordpress\/#\/schema\/logo\/image\/\"}},{\"@type\":\"Person\",\"@id\":\"https:\/\/www.fanprojekt-muenster.de\/wordpress\/#\/schema\/person\/9126cc4d73d0d07c75b487075111186c\",\"name\":\"fp_superadmin\",\"url\":\"https:\/\/www.fanprojekt-muenster.de\/wordpress\/author\/fp_superadmin\/\"}]}<\/script>\n<!-- \/ Yoast SEO plugin. -->","yoast_head_json":{"title":"Westfalenbahn setzt Entlastungszug zum Derby nach Osnabr\u00fcck ein - Fangemeinschaft Preu\u00dfen M\u00fcnster e. V.","robots":{"index":"index","follow":"follow","max-snippet":"max-snippet:-1","max-image-preview":"max-image-preview:large","max-video-preview":"max-video-preview:-1"},"canonical":"https:\/\/www.fanprojekt-muenster.de\/wordpress\/westfalenbahn-setzt-entlastungszug-zum-derby-nach-osnabrueck\/","og_locale":"de_DE","og_type":"article","og_title":"Westfalenbahn setzt Entlastungszug zum Derby nach Osnabr\u00fcck ein - Fangemeinschaft Preu\u00dfen M\u00fcnster e. V.","og_description":"&nbsp; Zum Derby zwischen dem VfL Osnabr\u00fcck und dem SC Preu\u00dfen 06 e.V. M\u00fcnster am 2. Oktober (18:30 Uhr) wird die Westfalenbahn zus\u00e4tzlich zu den fahrplanm\u00e4\u00dfig verkehrenden Z\u00fcgen auf der... Read more &raquo;","og_url":"https:\/\/www.fanprojekt-muenster.de\/wordpress\/westfalenbahn-setzt-entlastungszug-zum-derby-nach-osnabrueck\/","og_site_name":"Fangemeinschaft Preu\u00dfen M\u00fcnster e. V.","article_published_time":"2013-09-27T11:05:52+00:00","author":"fp_superadmin","twitter_card":"summary_large_image","twitter_misc":{"Verfasst von":"fp_superadmin"},"schema":{"@context":"https:\/\/schema.org","@graph":[{"@type":"Article","@id":"https:\/\/www.fanprojekt-muenster.de\/wordpress\/westfalenbahn-setzt-entlastungszug-zum-derby-nach-osnabrueck\/#article","isPartOf":{"@id":"https:\/\/www.fanprojekt-muenster.de\/wordpress\/westfalenbahn-setzt-entlastungszug-zum-derby-nach-osnabrueck\/"},"author":{"name":"fp_superadmin","@id":"https:\/\/www.fanprojekt-muenster.de\/wordpress\/#\/schema\/person\/9126cc4d73d0d07c75b487075111186c"},"headline":"Westfalenbahn setzt Entlastungszug zum Derby nach Osnabr\u00fcck ein","datePublished":"2013-09-27T11:05:52+00:00","mainEntityOfPage":{"@id":"https:\/\/www.fanprojekt-muenster.de\/wordpress\/westfalenbahn-setzt-entlastungszug-zum-derby-nach-osnabrueck\/"},"wordCount":107,"commentCount":0,"publisher":{"@id":"https:\/\/www.fanprojekt-muenster.de\/wordpress\/#organization"},"image":{"@id":"https:\/\/www.fanprojekt-muenster.de\/wordpress\/westfalenbahn-setzt-entlastungszug-zum-derby-nach-osnabrueck\/#primaryimage"},"thumbnailUrl":"","keywords":["2013","3.Liga","Ausw\u00e4rtsfahrt","Osnabr\u00fcck","Preu\u00dfen","SC Preu\u00dfen M\u00fcnster","Von Fans f\u00fcr Fans"],"articleSection":["Aktuelles"],"inLanguage":"de","potentialAction":[{"@type":"CommentAction","name":"Comment","target":["https:\/\/www.fanprojekt-muenster.de\/wordpress\/westfalenbahn-setzt-entlastungszug-zum-derby-nach-osnabrueck\/#respond"]}]},{"@type":"WebPage","@id":"https:\/\/www.fanprojekt-muenster.de\/wordpress\/westfalenbahn-setzt-entlastungszug-zum-derby-nach-osnabrueck\/","url":"https:\/\/www.fanprojekt-muenster.de\/wordpress\/westfalenbahn-setzt-entlastungszug-zum-derby-nach-osnabrueck\/","name":"Westfalenbahn setzt Entlastungszug zum Derby nach Osnabr\u00fcck ein - Fangemeinschaft Preu\u00dfen M\u00fcnster e. V.","isPartOf":{"@id":"https:\/\/www.fanprojekt-muenster.de\/wordpress\/#website"},"primaryImageOfPage":{"@id":"https:\/\/www.fanprojekt-muenster.de\/wordpress\/westfalenbahn-setzt-entlastungszug-zum-derby-nach-osnabrueck\/#primaryimage"},"image":{"@id":"https:\/\/www.fanprojekt-muenster.de\/wordpress\/westfalenbahn-setzt-entlastungszug-zum-derby-nach-osnabrueck\/#primaryimage"},"thumbnailUrl":"","datePublished":"2013-09-27T11:05:52+00:00","breadcrumb":{"@id":"https:\/\/www.fanprojekt-muenster.de\/wordpress\/westfalenbahn-setzt-entlastungszug-zum-derby-nach-osnabrueck\/#breadcrumb"},"inLanguage":"de","potentialAction":[{"@type":"ReadAction","target":["https:\/\/www.fanprojekt-muenster.de\/wordpress\/westfalenbahn-setzt-entlastungszug-zum-derby-nach-osnabrueck\/"]}]},{"@type":"ImageObject","inLanguage":"de","@id":"https:\/\/www.fanprojekt-muenster.de\/wordpress\/westfalenbahn-setzt-entlastungszug-zum-derby-nach-osnabrueck\/#primaryimage","url":"","contentUrl":""},{"@type":"BreadcrumbList","@id":"https:\/\/www.fanprojekt-muenster.de\/wordpress\/westfalenbahn-setzt-entlastungszug-zum-derby-nach-osnabrueck\/#breadcrumb","itemListElement":[{"@type":"ListItem","position":1,"name":"Startseite","item":"https:\/\/www.fanprojekt-muenster.de\/wordpress\/"},{"@type":"ListItem","position":2,"name":"Westfalenbahn setzt Entlastungszug zum Derby nach Osnabr\u00fcck ein"}]},{"@type":"WebSite","@id":"https:\/\/www.fanprojekt-muenster.de\/wordpress\/#website","url":"https:\/\/www.fanprojekt-muenster.de\/wordpress\/","name":"Fangemeinschaft Preu\u00dfen M\u00fcnster e. V.","description":"","publisher":{"@id":"https:\/\/www.fanprojekt-muenster.de\/wordpress\/#organization"},"potentialAction":[{"@type":"SearchAction","target":{"@type":"EntryPoint","urlTemplate":"https:\/\/www.fanprojekt-muenster.de\/wordpress\/?s={search_term_string}"},"query-input":{"@type":"PropertyValueSpecification","valueRequired":true,"valueName":"search_term_string"}}],"inLanguage":"de"},{"@type":"Organization","@id":"https:\/\/www.fanprojekt-muenster.de\/wordpress\/#organization","name":"Fangemeinschaft Preu\u00dfen M\u00fcnster e. V.","url":"https:\/\/www.fanprojekt-muenster.de\/wordpress\/","logo":{"@type":"ImageObject","inLanguage":"de","@id":"https:\/\/www.fanprojekt-muenster.de\/wordpress\/#\/schema\/logo\/image\/","url":"https:\/\/www.fanprojekt-muenster.de\/wordpress\/wp-content\/uploads\/2019\/07\/cropped-Website_Logo3-9.png","contentUrl":"https:\/\/www.fanprojekt-muenster.de\/wordpress\/wp-content\/uploads\/2019\/07\/cropped-Website_Logo3-9.png","width":224,"height":42,"caption":"Fangemeinschaft Preu\u00dfen M\u00fcnster e. V."},"image":{"@id":"https:\/\/www.fanprojekt-muenster.de\/wordpress\/#\/schema\/logo\/image\/"}},{"@type":"Person","@id":"https:\/\/www.fanprojekt-muenster.de\/wordpress\/#\/schema\/person\/9126cc4d73d0d07c75b487075111186c","name":"fp_superadmin","url":"https:\/\/www.fanprojekt-muenster.de\/wordpress\/author\/fp_superadmin\/"}]}},"author_meta":{"display_name":"fp_superadmin","author_link":"https:\/\/www.fanprojekt-muenster.de\/wordpress\/author\/fp_superadmin\/"},"featured_img":null,"coauthors":[],"tax_additional":{"categories":{"linked":["<a href=\"https:\/\/www.fanprojekt-muenster.de\/wordpress\/category\/aktuelles\/\" class=\"advgb-post-tax-term\">Aktuelles<\/a>"],"unlinked":["<span class=\"advgb-post-tax-term\">Aktuelles<\/span>"]},"tags":{"linked":["<a href=\"https:\/\/www.fanprojekt-muenster.de\/wordpress\/category\/aktuelles\/\" class=\"advgb-post-tax-term\">2013<\/a>","<a href=\"https:\/\/www.fanprojekt-muenster.de\/wordpress\/category\/aktuelles\/\" class=\"advgb-post-tax-term\">3.Liga<\/a>","<a href=\"https:\/\/www.fanprojekt-muenster.de\/wordpress\/category\/aktuelles\/\" class=\"advgb-post-tax-term\">Ausw\u00e4rtsfahrt<\/a>","<a href=\"https:\/\/www.fanprojekt-muenster.de\/wordpress\/category\/aktuelles\/\" class=\"advgb-post-tax-term\">Osnabr\u00fcck<\/a>","<a href=\"https:\/\/www.fanprojekt-muenster.de\/wordpress\/category\/aktuelles\/\" class=\"advgb-post-tax-term\">Preu\u00dfen<\/a>","<a href=\"https:\/\/www.fanprojekt-muenster.de\/wordpress\/category\/aktuelles\/\" class=\"advgb-post-tax-term\">SC Preu\u00dfen M\u00fcnster<\/a>","<a href=\"https:\/\/www.fanprojekt-muenster.de\/wordpress\/category\/aktuelles\/\" class=\"advgb-post-tax-term\">Von Fans f\u00fcr Fans<\/a>"],"unlinked":["<span class=\"advgb-post-tax-term\">2013<\/span>","<span class=\"advgb-post-tax-term\">3.Liga<\/span>","<span class=\"advgb-post-tax-term\">Ausw\u00e4rtsfahrt<\/span>","<span class=\"advgb-post-tax-term\">Osnabr\u00fcck<\/span>","<span class=\"advgb-post-tax-term\">Preu\u00dfen<\/span>","<span class=\"advgb-post-tax-term\">SC Preu\u00dfen M\u00fcnster<\/span>","<span class=\"advgb-post-tax-term\">Von Fans f\u00fcr Fans<\/span>"]}},"comment_count":"0","relative_dates":{"created":"Posted 13\u00a0Jahren ago","modified":"Updated 13\u00a0Jahren ago"},"absolute_dates":{"created":"Posted on 27. September 2013","modified":"Updated on 27. September 2013"},"absolute_dates_time":{"created":"Posted on 27. September 2013 13:05","modified":"Updated on 27. September 2013 13:05"},"featured_img_caption":"","series_order":"","_links":{"self":[{"href":"https:\/\/www.fanprojekt-muenster.de\/wordpress\/wp-json\/wp\/v2\/posts\/1923","targetHints":{"allow":["GET"]}}],"collection":[{"href":"https:\/\/www.fanprojekt-muenster.de\/wordpress\/wp-json\/wp\/v2\/posts"}],"about":[{"href":"https:\/\/www.fanprojekt-muenster.de\/wordpress\/wp-json\/wp\/v2\/types\/post"}],"author":[{"embeddable":true,"href":"https:\/\/www.fanprojekt-muenster.de\/wordpress\/wp-json\/wp\/v2\/users\/2"}],"replies":[{"embeddable":true,"href":"https:\/\/www.fanprojekt-muenster.de\/wordpress\/wp-json\/wp\/v2\/comments?post=1923"}],"version-history":[{"count":0,"href":"https:\/\/www.fanprojekt-muenster.de\/wordpress\/wp-json\/wp\/v2\/posts\/1923\/revisions"}],"wp:featuredmedia":[{"embeddable":true,"href":"https:\/\/www.fanprojekt-muenster.de\/wordpress\/wp-json\/"}],"wp:attachment":[{"href":"https:\/\/www.fanprojekt-muenster.de\/wordpress\/wp-json\/wp\/v2\/media?parent=1923"}],"wp:term":[{"taxonomy":"category","embeddable":true,"href":"https:\/\/www.fanprojekt-muenster.de\/wordpress\/wp-json\/wp\/v2\/categories?post=1923"},{"taxonomy":"post_tag","embeddable":true,"href":"https:\/\/www.fanprojekt-muenster.de\/wordpress\/wp-json\/wp\/v2\/tags?post=1923"}],"curies":[{"name":"wp","href":"https:\/\/api.w.org\/{rel}","templated":true}]}}