{"id":1906,"date":"2013-09-21T14:29:14","date_gmt":"2013-09-21T12:29:14","guid":{"rendered":"http:\/\/www.fanprojekt-muenster.de\/?p=1906"},"modified":"2013-09-21T14:29:14","modified_gmt":"2013-09-21T12:29:14","slug":"bus-auf-weg-nach-heidenheim-von-hools-angegriffen","status":"publish","type":"post","link":"https:\/\/www.fanprojekt-muenster.de\/wordpress\/bus-auf-weg-nach-heidenheim-von-hools-angegriffen\/","title":{"rendered":"Bus auf dem Weg nach Heidenheim von Hools angegriffen"},"content":{"rendered":"<p><img loading=\"lazy\" decoding=\"async\" class=\"alignnone size-full wp-image-669\" alt=\"fanprojekt_bus\" src=\"http:\/\/www.fanprojekt-muenster.de\/wp-content\/uploads\/2013\/04\/fanprojekt_bus.jpg\" width=\"600\" height=\"450\" srcset=\"https:\/\/www.fanprojekt-muenster.de\/wordpress\/wp-content\/uploads\/2013\/04\/fanprojekt_bus.jpg 600w, https:\/\/www.fanprojekt-muenster.de\/wordpress\/wp-content\/uploads\/2013\/04\/fanprojekt_bus-300x225.jpg 300w, https:\/\/www.fanprojekt-muenster.de\/wordpress\/wp-content\/uploads\/2013\/04\/fanprojekt_bus-576x432.jpg 576w\" sizes=\"auto, (max-width: 600px) 100vw, 600px\" \/><br \/>\nTraurige Nachricht aus dem Bus!<br \/>\nDieser ist heute morgen beim ersten Stop von Dortmunder Hooligans angegriffen worden. Gl\u00fccklicherweise haben unsere Fans besonnen genug reagiert, so dass die Situation nicht zur Eskalation gef\u00fchrt hat.<br \/>\nBis auf ein Nasenbeinbruch und geklaute Fanartikel ist nicht viel passiert!<\/p>\n<p><strong>Einen Bus des Fanprojekts mit Rentnern, M\u00fcttern und Kindern anzugreifen, sollte ein No Go f\u00fcr alle sein!<br \/>\n<\/strong><br \/>\nWir weisen ausdr\u00fccklich darauf hin, das die Fahrten mit uns sicher sind und dieses der erste Vorfall seiner Art, soweit uns bekannt, ist!<br \/>\nForza SCP!<br \/>\n#scp06 #bvb09<\/p>\n<p><strong>Nachtrag 1:<\/strong><br \/>\nWir m\u00f6chten nochmal betonen, das wir nicht den allgemeinen BVB-Fan verurteilen!<br \/>\nNur weil eine bestimmte Gruppe ausrastet, heisst das auf keinen Fall, das alle BVB-Fans so sind!<br \/>\nNicht ohne Grund heisst es: &#8222;In den Farben getrennt, in der Sache vereint!&#8220;<\/p>\n<p>Euer Fanprojekt Preu\u00dfen M\u00fcnster<\/p>\n<p><strong>Nachtrag 2:<\/strong><br \/>\nHier die Nachricht von Carsten Cramer, Direktor Vertrieb und Marketing beim BVB<br \/>\n<em><\/em><\/p>\n<p><em>Hallo Frau Eilert, hallo Dirk,<\/em><\/p>\n<p><em>mit Entsetzen haben auch wir am Wochenende Kenntnis von dem uns\u00e4glichen Bus-Vorfall erlangt. Zudem hat mir Georg Krimphove gerade noch einmal telefonisch die Sicht der Dinge geschildert. Das nicht zu entschuldigende Verhalten einiger vermeintlicher BVB-Fans macht auch uns betroffen. Es versteht sich von selber, dass wir mit aller H\u00e4rte gegen die Verursacher vorgehen. Unsere Fanbetreuung hat sich dieser Angelegenheit bereits am Samstag angenommen.<\/em><\/p>\n<p><em>Bitte \u00fcbermittelt allen Betroffenen noch einmal unser tiefstes Bedauern. Als kleine &#8222;Entsch\u00e4digung und Zeichen der Wiedergutmachung&#8220; m\u00f6chten wir alle Busreisenden zu einem unserer n\u00e4chsten Heimspiele nach Dortmund einladen. Vielleicht sind wir auf diesem Wege in der Lage, die Frustration und Entt\u00e4uschung ein wenig zu lindern.<\/em><\/p>\n<p><em>Lasst uns doch die Tage miteinander telefonieren, um das weitere Procedere zu besprechen.<\/em><\/p>\n<p><em>Euch alles Gute und ein erfolgreiches Pokalspiel gegen Augsburg.<\/em><\/p>\n<p><em>Gru\u00df nach M\u00fcnster<\/em><\/p>\n<p><em>ppa. Carsten Cramer<\/em><br \/>\n<em>Direktor Vertrieb und Marketing<\/em><\/p>\n<p>&nbsp;<\/p>\n","protected":false},"excerpt":{"rendered":"<p>Traurige Nachricht aus dem Bus! Dieser ist heute morgen beim ersten Stop von Dortmunder Hooligans angegriffen worden. Gl\u00fccklicherweise haben unsere Fans besonnen genug reagiert, so dass die Situation nicht zur&#8230; <a class=\"read-more-link\" href=\"https:\/\/www.fanprojekt-muenster.de\/wordpress\/bus-auf-weg-nach-heidenheim-von-hools-angegriffen\/\">Read more &raquo;<\/a><\/p>\n","protected":false},"author":2,"featured_media":669,"comment_status":"open","ping_status":"open","sticky":false,"template":"","format":"standard","meta":{"advgb_blocks_editor_width":"","advgb_blocks_columns_visual_guide":"","footnotes":""},"categories":[3],"tags":[21,25,28,49,112,223,283],"class_list":["post-1906","post","type-post","status-publish","format-standard","has-post-thumbnail","hentry","category-aktuelles","tag-10-spieltag","tag-25","tag-3-liga-2","tag-auswaertsfahrt","tag-fanprojekt","tag-sc-preussen-muenster","tag-von-fans-fuer-fans"],"featured_image_src":"https:\/\/www.fanprojekt-muenster.de\/wordpress\/wp-content\/uploads\/2013\/04\/fanprojekt_bus.jpg","author_info":{"display_name":"fp_superadmin","author_link":"https:\/\/www.fanprojekt-muenster.de\/wordpress\/author\/fp_superadmin\/"},"yoast_head":"<!-- This site is optimized with the Yoast SEO plugin v27.2 - https:\/\/yoast.com\/product\/yoast-seo-wordpress\/ -->\n<title>Bus auf dem Weg nach Heidenheim von Hools angegriffen - Fangemeinschaft Preu\u00dfen M\u00fcnster e. V.<\/title>\n<meta name=\"robots\" content=\"index, follow, max-snippet:-1, max-image-preview:large, max-video-preview:-1\" \/>\n<link rel=\"canonical\" href=\"https:\/\/www.fanprojekt-muenster.de\/wordpress\/bus-auf-weg-nach-heidenheim-von-hools-angegriffen\/\" \/>\n<meta property=\"og:locale\" content=\"de_DE\" \/>\n<meta property=\"og:type\" content=\"article\" \/>\n<meta property=\"og:title\" content=\"Bus auf dem Weg nach Heidenheim von Hools angegriffen - Fangemeinschaft Preu\u00dfen M\u00fcnster e. V.\" \/>\n<meta property=\"og:description\" content=\"Traurige Nachricht aus dem Bus! Dieser ist heute morgen beim ersten Stop von Dortmunder Hooligans angegriffen worden. Gl\u00fccklicherweise haben unsere Fans besonnen genug reagiert, so dass die Situation nicht zur... Read more &raquo;\" \/>\n<meta property=\"og:url\" content=\"https:\/\/www.fanprojekt-muenster.de\/wordpress\/bus-auf-weg-nach-heidenheim-von-hools-angegriffen\/\" \/>\n<meta property=\"og:site_name\" content=\"Fangemeinschaft Preu\u00dfen M\u00fcnster e. V.\" \/>\n<meta property=\"article:published_time\" content=\"2013-09-21T12:29:14+00:00\" \/>\n<meta property=\"og:image\" content=\"https:\/\/www.fanprojekt-muenster.de\/wordpress\/wp-content\/uploads\/2013\/04\/fanprojekt_bus.jpg\" \/>\n\t<meta property=\"og:image:width\" content=\"600\" \/>\n\t<meta property=\"og:image:height\" content=\"450\" \/>\n\t<meta property=\"og:image:type\" content=\"image\/jpeg\" \/>\n<meta name=\"author\" content=\"fp_superadmin\" \/>\n<meta name=\"twitter:card\" content=\"summary_large_image\" \/>\n<meta name=\"twitter:label1\" content=\"Verfasst von\" \/>\n\t<meta name=\"twitter:data1\" content=\"fp_superadmin\" \/>\n\t<meta name=\"twitter:label2\" content=\"Gesch\u00e4tzte Lesezeit\" \/>\n\t<meta name=\"twitter:data2\" content=\"2\u00a0Minuten\" \/>\n<script type=\"application\/ld+json\" class=\"yoast-schema-graph\">{\"@context\":\"https:\/\/schema.org\",\"@graph\":[{\"@type\":\"Article\",\"@id\":\"https:\/\/www.fanprojekt-muenster.de\/wordpress\/bus-auf-weg-nach-heidenheim-von-hools-angegriffen\/#article\",\"isPartOf\":{\"@id\":\"https:\/\/www.fanprojekt-muenster.de\/wordpress\/bus-auf-weg-nach-heidenheim-von-hools-angegriffen\/\"},\"author\":{\"name\":\"fp_superadmin\",\"@id\":\"https:\/\/www.fanprojekt-muenster.de\/wordpress\/#\/schema\/person\/9126cc4d73d0d07c75b487075111186c\"},\"headline\":\"Bus auf dem Weg nach Heidenheim von Hools angegriffen\",\"datePublished\":\"2013-09-21T12:29:14+00:00\",\"mainEntityOfPage\":{\"@id\":\"https:\/\/www.fanprojekt-muenster.de\/wordpress\/bus-auf-weg-nach-heidenheim-von-hools-angegriffen\/\"},\"wordCount\":316,\"commentCount\":0,\"publisher\":{\"@id\":\"https:\/\/www.fanprojekt-muenster.de\/wordpress\/#organization\"},\"image\":{\"@id\":\"https:\/\/www.fanprojekt-muenster.de\/wordpress\/bus-auf-weg-nach-heidenheim-von-hools-angegriffen\/#primaryimage\"},\"thumbnailUrl\":\"https:\/\/www.fanprojekt-muenster.de\/wordpress\/wp-content\/uploads\/2013\/04\/fanprojekt_bus.jpg\",\"keywords\":[\"10. Spieltag\",\"2013\",\"3.Liga\",\"Ausw\u00e4rtsfahrt\",\"Fanprojekt\",\"SC Preu\u00dfen M\u00fcnster\",\"Von Fans f\u00fcr Fans\"],\"articleSection\":[\"Aktuelles\"],\"inLanguage\":\"de\",\"potentialAction\":[{\"@type\":\"CommentAction\",\"name\":\"Comment\",\"target\":[\"https:\/\/www.fanprojekt-muenster.de\/wordpress\/bus-auf-weg-nach-heidenheim-von-hools-angegriffen\/#respond\"]}]},{\"@type\":\"WebPage\",\"@id\":\"https:\/\/www.fanprojekt-muenster.de\/wordpress\/bus-auf-weg-nach-heidenheim-von-hools-angegriffen\/\",\"url\":\"https:\/\/www.fanprojekt-muenster.de\/wordpress\/bus-auf-weg-nach-heidenheim-von-hools-angegriffen\/\",\"name\":\"Bus auf dem Weg nach Heidenheim von Hools angegriffen - Fangemeinschaft Preu\u00dfen M\u00fcnster e. V.\",\"isPartOf\":{\"@id\":\"https:\/\/www.fanprojekt-muenster.de\/wordpress\/#website\"},\"primaryImageOfPage\":{\"@id\":\"https:\/\/www.fanprojekt-muenster.de\/wordpress\/bus-auf-weg-nach-heidenheim-von-hools-angegriffen\/#primaryimage\"},\"image\":{\"@id\":\"https:\/\/www.fanprojekt-muenster.de\/wordpress\/bus-auf-weg-nach-heidenheim-von-hools-angegriffen\/#primaryimage\"},\"thumbnailUrl\":\"https:\/\/www.fanprojekt-muenster.de\/wordpress\/wp-content\/uploads\/2013\/04\/fanprojekt_bus.jpg\",\"datePublished\":\"2013-09-21T12:29:14+00:00\",\"breadcrumb\":{\"@id\":\"https:\/\/www.fanprojekt-muenster.de\/wordpress\/bus-auf-weg-nach-heidenheim-von-hools-angegriffen\/#breadcrumb\"},\"inLanguage\":\"de\",\"potentialAction\":[{\"@type\":\"ReadAction\",\"target\":[\"https:\/\/www.fanprojekt-muenster.de\/wordpress\/bus-auf-weg-nach-heidenheim-von-hools-angegriffen\/\"]}]},{\"@type\":\"ImageObject\",\"inLanguage\":\"de\",\"@id\":\"https:\/\/www.fanprojekt-muenster.de\/wordpress\/bus-auf-weg-nach-heidenheim-von-hools-angegriffen\/#primaryimage\",\"url\":\"https:\/\/www.fanprojekt-muenster.de\/wordpress\/wp-content\/uploads\/2013\/04\/fanprojekt_bus.jpg\",\"contentUrl\":\"https:\/\/www.fanprojekt-muenster.de\/wordpress\/wp-content\/uploads\/2013\/04\/fanprojekt_bus.jpg\",\"width\":600,\"height\":450},{\"@type\":\"BreadcrumbList\",\"@id\":\"https:\/\/www.fanprojekt-muenster.de\/wordpress\/bus-auf-weg-nach-heidenheim-von-hools-angegriffen\/#breadcrumb\",\"itemListElement\":[{\"@type\":\"ListItem\",\"position\":1,\"name\":\"Startseite\",\"item\":\"https:\/\/www.fanprojekt-muenster.de\/wordpress\/\"},{\"@type\":\"ListItem\",\"position\":2,\"name\":\"Bus auf dem Weg nach Heidenheim von Hools angegriffen\"}]},{\"@type\":\"WebSite\",\"@id\":\"https:\/\/www.fanprojekt-muenster.de\/wordpress\/#website\",\"url\":\"https:\/\/www.fanprojekt-muenster.de\/wordpress\/\",\"name\":\"Fangemeinschaft Preu\u00dfen M\u00fcnster e. V.\",\"description\":\"\",\"publisher\":{\"@id\":\"https:\/\/www.fanprojekt-muenster.de\/wordpress\/#organization\"},\"potentialAction\":[{\"@type\":\"SearchAction\",\"target\":{\"@type\":\"EntryPoint\",\"urlTemplate\":\"https:\/\/www.fanprojekt-muenster.de\/wordpress\/?s={search_term_string}\"},\"query-input\":{\"@type\":\"PropertyValueSpecification\",\"valueRequired\":true,\"valueName\":\"search_term_string\"}}],\"inLanguage\":\"de\"},{\"@type\":\"Organization\",\"@id\":\"https:\/\/www.fanprojekt-muenster.de\/wordpress\/#organization\",\"name\":\"Fangemeinschaft Preu\u00dfen M\u00fcnster e. V.\",\"url\":\"https:\/\/www.fanprojekt-muenster.de\/wordpress\/\",\"logo\":{\"@type\":\"ImageObject\",\"inLanguage\":\"de\",\"@id\":\"https:\/\/www.fanprojekt-muenster.de\/wordpress\/#\/schema\/logo\/image\/\",\"url\":\"https:\/\/www.fanprojekt-muenster.de\/wordpress\/wp-content\/uploads\/2019\/07\/cropped-Website_Logo3-9.png\",\"contentUrl\":\"https:\/\/www.fanprojekt-muenster.de\/wordpress\/wp-content\/uploads\/2019\/07\/cropped-Website_Logo3-9.png\",\"width\":224,\"height\":42,\"caption\":\"Fangemeinschaft Preu\u00dfen M\u00fcnster e. V.\"},\"image\":{\"@id\":\"https:\/\/www.fanprojekt-muenster.de\/wordpress\/#\/schema\/logo\/image\/\"}},{\"@type\":\"Person\",\"@id\":\"https:\/\/www.fanprojekt-muenster.de\/wordpress\/#\/schema\/person\/9126cc4d73d0d07c75b487075111186c\",\"name\":\"fp_superadmin\",\"url\":\"https:\/\/www.fanprojekt-muenster.de\/wordpress\/author\/fp_superadmin\/\"}]}<\/script>\n<!-- \/ Yoast SEO plugin. -->","yoast_head_json":{"title":"Bus auf dem Weg nach Heidenheim von Hools angegriffen - Fangemeinschaft Preu\u00dfen M\u00fcnster e. V.","robots":{"index":"index","follow":"follow","max-snippet":"max-snippet:-1","max-image-preview":"max-image-preview:large","max-video-preview":"max-video-preview:-1"},"canonical":"https:\/\/www.fanprojekt-muenster.de\/wordpress\/bus-auf-weg-nach-heidenheim-von-hools-angegriffen\/","og_locale":"de_DE","og_type":"article","og_title":"Bus auf dem Weg nach Heidenheim von Hools angegriffen - Fangemeinschaft Preu\u00dfen M\u00fcnster e. V.","og_description":"Traurige Nachricht aus dem Bus! Dieser ist heute morgen beim ersten Stop von Dortmunder Hooligans angegriffen worden. Gl\u00fccklicherweise haben unsere Fans besonnen genug reagiert, so dass die Situation nicht zur... Read more &raquo;","og_url":"https:\/\/www.fanprojekt-muenster.de\/wordpress\/bus-auf-weg-nach-heidenheim-von-hools-angegriffen\/","og_site_name":"Fangemeinschaft Preu\u00dfen M\u00fcnster e. V.","article_published_time":"2013-09-21T12:29:14+00:00","og_image":[{"width":600,"height":450,"url":"https:\/\/www.fanprojekt-muenster.de\/wordpress\/wp-content\/uploads\/2013\/04\/fanprojekt_bus.jpg","type":"image\/jpeg"}],"author":"fp_superadmin","twitter_card":"summary_large_image","twitter_misc":{"Verfasst von":"fp_superadmin","Gesch\u00e4tzte Lesezeit":"2\u00a0Minuten"},"schema":{"@context":"https:\/\/schema.org","@graph":[{"@type":"Article","@id":"https:\/\/www.fanprojekt-muenster.de\/wordpress\/bus-auf-weg-nach-heidenheim-von-hools-angegriffen\/#article","isPartOf":{"@id":"https:\/\/www.fanprojekt-muenster.de\/wordpress\/bus-auf-weg-nach-heidenheim-von-hools-angegriffen\/"},"author":{"name":"fp_superadmin","@id":"https:\/\/www.fanprojekt-muenster.de\/wordpress\/#\/schema\/person\/9126cc4d73d0d07c75b487075111186c"},"headline":"Bus auf dem Weg nach Heidenheim von Hools angegriffen","datePublished":"2013-09-21T12:29:14+00:00","mainEntityOfPage":{"@id":"https:\/\/www.fanprojekt-muenster.de\/wordpress\/bus-auf-weg-nach-heidenheim-von-hools-angegriffen\/"},"wordCount":316,"commentCount":0,"publisher":{"@id":"https:\/\/www.fanprojekt-muenster.de\/wordpress\/#organization"},"image":{"@id":"https:\/\/www.fanprojekt-muenster.de\/wordpress\/bus-auf-weg-nach-heidenheim-von-hools-angegriffen\/#primaryimage"},"thumbnailUrl":"https:\/\/www.fanprojekt-muenster.de\/wordpress\/wp-content\/uploads\/2013\/04\/fanprojekt_bus.jpg","keywords":["10. Spieltag","2013","3.Liga","Ausw\u00e4rtsfahrt","Fanprojekt","SC Preu\u00dfen M\u00fcnster","Von Fans f\u00fcr Fans"],"articleSection":["Aktuelles"],"inLanguage":"de","potentialAction":[{"@type":"CommentAction","name":"Comment","target":["https:\/\/www.fanprojekt-muenster.de\/wordpress\/bus-auf-weg-nach-heidenheim-von-hools-angegriffen\/#respond"]}]},{"@type":"WebPage","@id":"https:\/\/www.fanprojekt-muenster.de\/wordpress\/bus-auf-weg-nach-heidenheim-von-hools-angegriffen\/","url":"https:\/\/www.fanprojekt-muenster.de\/wordpress\/bus-auf-weg-nach-heidenheim-von-hools-angegriffen\/","name":"Bus auf dem Weg nach Heidenheim von Hools angegriffen - Fangemeinschaft Preu\u00dfen M\u00fcnster e. V.","isPartOf":{"@id":"https:\/\/www.fanprojekt-muenster.de\/wordpress\/#website"},"primaryImageOfPage":{"@id":"https:\/\/www.fanprojekt-muenster.de\/wordpress\/bus-auf-weg-nach-heidenheim-von-hools-angegriffen\/#primaryimage"},"image":{"@id":"https:\/\/www.fanprojekt-muenster.de\/wordpress\/bus-auf-weg-nach-heidenheim-von-hools-angegriffen\/#primaryimage"},"thumbnailUrl":"https:\/\/www.fanprojekt-muenster.de\/wordpress\/wp-content\/uploads\/2013\/04\/fanprojekt_bus.jpg","datePublished":"2013-09-21T12:29:14+00:00","breadcrumb":{"@id":"https:\/\/www.fanprojekt-muenster.de\/wordpress\/bus-auf-weg-nach-heidenheim-von-hools-angegriffen\/#breadcrumb"},"inLanguage":"de","potentialAction":[{"@type":"ReadAction","target":["https:\/\/www.fanprojekt-muenster.de\/wordpress\/bus-auf-weg-nach-heidenheim-von-hools-angegriffen\/"]}]},{"@type":"ImageObject","inLanguage":"de","@id":"https:\/\/www.fanprojekt-muenster.de\/wordpress\/bus-auf-weg-nach-heidenheim-von-hools-angegriffen\/#primaryimage","url":"https:\/\/www.fanprojekt-muenster.de\/wordpress\/wp-content\/uploads\/2013\/04\/fanprojekt_bus.jpg","contentUrl":"https:\/\/www.fanprojekt-muenster.de\/wordpress\/wp-content\/uploads\/2013\/04\/fanprojekt_bus.jpg","width":600,"height":450},{"@type":"BreadcrumbList","@id":"https:\/\/www.fanprojekt-muenster.de\/wordpress\/bus-auf-weg-nach-heidenheim-von-hools-angegriffen\/#breadcrumb","itemListElement":[{"@type":"ListItem","position":1,"name":"Startseite","item":"https:\/\/www.fanprojekt-muenster.de\/wordpress\/"},{"@type":"ListItem","position":2,"name":"Bus auf dem Weg nach Heidenheim von Hools angegriffen"}]},{"@type":"WebSite","@id":"https:\/\/www.fanprojekt-muenster.de\/wordpress\/#website","url":"https:\/\/www.fanprojekt-muenster.de\/wordpress\/","name":"Fangemeinschaft Preu\u00dfen M\u00fcnster e. V.","description":"","publisher":{"@id":"https:\/\/www.fanprojekt-muenster.de\/wordpress\/#organization"},"potentialAction":[{"@type":"SearchAction","target":{"@type":"EntryPoint","urlTemplate":"https:\/\/www.fanprojekt-muenster.de\/wordpress\/?s={search_term_string}"},"query-input":{"@type":"PropertyValueSpecification","valueRequired":true,"valueName":"search_term_string"}}],"inLanguage":"de"},{"@type":"Organization","@id":"https:\/\/www.fanprojekt-muenster.de\/wordpress\/#organization","name":"Fangemeinschaft Preu\u00dfen M\u00fcnster e. V.","url":"https:\/\/www.fanprojekt-muenster.de\/wordpress\/","logo":{"@type":"ImageObject","inLanguage":"de","@id":"https:\/\/www.fanprojekt-muenster.de\/wordpress\/#\/schema\/logo\/image\/","url":"https:\/\/www.fanprojekt-muenster.de\/wordpress\/wp-content\/uploads\/2019\/07\/cropped-Website_Logo3-9.png","contentUrl":"https:\/\/www.fanprojekt-muenster.de\/wordpress\/wp-content\/uploads\/2019\/07\/cropped-Website_Logo3-9.png","width":224,"height":42,"caption":"Fangemeinschaft Preu\u00dfen M\u00fcnster e. V."},"image":{"@id":"https:\/\/www.fanprojekt-muenster.de\/wordpress\/#\/schema\/logo\/image\/"}},{"@type":"Person","@id":"https:\/\/www.fanprojekt-muenster.de\/wordpress\/#\/schema\/person\/9126cc4d73d0d07c75b487075111186c","name":"fp_superadmin","url":"https:\/\/www.fanprojekt-muenster.de\/wordpress\/author\/fp_superadmin\/"}]}},"author_meta":{"display_name":"fp_superadmin","author_link":"https:\/\/www.fanprojekt-muenster.de\/wordpress\/author\/fp_superadmin\/"},"featured_img":"https:\/\/www.fanprojekt-muenster.de\/wordpress\/wp-content\/uploads\/2013\/04\/fanprojekt_bus-300x225.jpg","coauthors":[],"tax_additional":{"categories":{"linked":["<a href=\"https:\/\/www.fanprojekt-muenster.de\/wordpress\/category\/aktuelles\/\" class=\"advgb-post-tax-term\">Aktuelles<\/a>"],"unlinked":["<span class=\"advgb-post-tax-term\">Aktuelles<\/span>"]},"tags":{"linked":["<a href=\"https:\/\/www.fanprojekt-muenster.de\/wordpress\/category\/aktuelles\/\" class=\"advgb-post-tax-term\">10. Spieltag<\/a>","<a href=\"https:\/\/www.fanprojekt-muenster.de\/wordpress\/category\/aktuelles\/\" class=\"advgb-post-tax-term\">2013<\/a>","<a href=\"https:\/\/www.fanprojekt-muenster.de\/wordpress\/category\/aktuelles\/\" class=\"advgb-post-tax-term\">3.Liga<\/a>","<a href=\"https:\/\/www.fanprojekt-muenster.de\/wordpress\/category\/aktuelles\/\" class=\"advgb-post-tax-term\">Ausw\u00e4rtsfahrt<\/a>","<a href=\"https:\/\/www.fanprojekt-muenster.de\/wordpress\/category\/aktuelles\/\" class=\"advgb-post-tax-term\">Fanprojekt<\/a>","<a href=\"https:\/\/www.fanprojekt-muenster.de\/wordpress\/category\/aktuelles\/\" class=\"advgb-post-tax-term\">SC Preu\u00dfen M\u00fcnster<\/a>","<a href=\"https:\/\/www.fanprojekt-muenster.de\/wordpress\/category\/aktuelles\/\" class=\"advgb-post-tax-term\">Von Fans f\u00fcr Fans<\/a>"],"unlinked":["<span class=\"advgb-post-tax-term\">10. Spieltag<\/span>","<span class=\"advgb-post-tax-term\">2013<\/span>","<span class=\"advgb-post-tax-term\">3.Liga<\/span>","<span class=\"advgb-post-tax-term\">Ausw\u00e4rtsfahrt<\/span>","<span class=\"advgb-post-tax-term\">Fanprojekt<\/span>","<span class=\"advgb-post-tax-term\">SC Preu\u00dfen M\u00fcnster<\/span>","<span class=\"advgb-post-tax-term\">Von Fans f\u00fcr Fans<\/span>"]}},"comment_count":"0","relative_dates":{"created":"Posted 13\u00a0Jahren ago","modified":"Updated 13\u00a0Jahren ago"},"absolute_dates":{"created":"Posted on 21. September 2013","modified":"Updated on 21. September 2013"},"absolute_dates_time":{"created":"Posted on 21. September 2013 14:29","modified":"Updated on 21. September 2013 14:29"},"featured_img_caption":"","series_order":"","_links":{"self":[{"href":"https:\/\/www.fanprojekt-muenster.de\/wordpress\/wp-json\/wp\/v2\/posts\/1906","targetHints":{"allow":["GET"]}}],"collection":[{"href":"https:\/\/www.fanprojekt-muenster.de\/wordpress\/wp-json\/wp\/v2\/posts"}],"about":[{"href":"https:\/\/www.fanprojekt-muenster.de\/wordpress\/wp-json\/wp\/v2\/types\/post"}],"author":[{"embeddable":true,"href":"https:\/\/www.fanprojekt-muenster.de\/wordpress\/wp-json\/wp\/v2\/users\/2"}],"replies":[{"embeddable":true,"href":"https:\/\/www.fanprojekt-muenster.de\/wordpress\/wp-json\/wp\/v2\/comments?post=1906"}],"version-history":[{"count":0,"href":"https:\/\/www.fanprojekt-muenster.de\/wordpress\/wp-json\/wp\/v2\/posts\/1906\/revisions"}],"wp:featuredmedia":[{"embeddable":true,"href":"https:\/\/www.fanprojekt-muenster.de\/wordpress\/wp-json\/wp\/v2\/media\/669"}],"wp:attachment":[{"href":"https:\/\/www.fanprojekt-muenster.de\/wordpress\/wp-json\/wp\/v2\/media?parent=1906"}],"wp:term":[{"taxonomy":"category","embeddable":true,"href":"https:\/\/www.fanprojekt-muenster.de\/wordpress\/wp-json\/wp\/v2\/categories?post=1906"},{"taxonomy":"post_tag","embeddable":true,"href":"https:\/\/www.fanprojekt-muenster.de\/wordpress\/wp-json\/wp\/v2\/tags?post=1906"}],"curies":[{"name":"wp","href":"https:\/\/api.w.org\/{rel}","templated":true}]}}