{"id":1895,"date":"2013-09-15T15:46:47","date_gmt":"2013-09-15T13:46:47","guid":{"rendered":"http:\/\/www.fanprojekt-muenster.de\/?p=1895"},"modified":"2013-09-15T15:46:47","modified_gmt":"2013-09-15T13:46:47","slug":"ralf-loose-neuer-trainer-sc-preussen-muenster","status":"publish","type":"post","link":"https:\/\/www.fanprojekt-muenster.de\/wordpress\/ralf-loose-neuer-trainer-sc-preussen-muenster\/","title":{"rendered":"Ralf Loose neuer Trainer des SC Preu\u00dfen M\u00fcnster"},"content":{"rendered":"<div id=\"attachment_1897\" style=\"width: 640px\" class=\"wp-caption alignnone\"><img loading=\"lazy\" decoding=\"async\" aria-describedby=\"caption-attachment-1897\" class=\"size-full wp-image-1897\" alt=\"Foto: J\u00fcrgen Peperhowe\" src=\"http:\/\/www.fanprojekt-muenster.de\/wp-content\/uploads\/2013\/09\/Vorstellung-des-neuen-Trainers-von-Preussen-Muenster-Loose-spricht-vom-Abstiegskampf-Man-haette-die-Kirche-im-Dorf-lassen-sollen_image_630_420f_wn.jpg\" width=\"630\" height=\"420\" \/><p id=\"caption-attachment-1897\" class=\"wp-caption-text\">Foto: J\u00fcrgen Peperhowe<\/p><\/div>\n<p>Nach zehn Tagen intensiver Trainersuche hat sich der SC Preu\u00dfen 06 e.V. M\u00fcnster am Samstag mit Ralf Loose \u00fcber ein Engagement bei den Adlertr\u00e4gern geeinigt. Der geb\u00fcrtige Dortmunder unterschrieb einen Kontrakt bis zum 30. Juni 2014 und wird ab sofort die Leitung der Mannschaft \u00fcbernehmen.<br \/>\n\u201eRalf Loose passt als Trainer sehr gut in unser Profil. Er ist ein erfahrener Coach, der bei seinen bisherigen Stationen erfolgreich gearbeitet und gezeigt hat, dass er eine Mannschaft zum Erfolg f\u00fchren kann\u201c, zeigt sich Sportvorstand Carsten Gockel erfreut \u00fcber die Verpflichtung des neuen Trainers.<br \/>\nDer Inhaber der Fu\u00dfball-Lehrer-Lizenz war zuletzt \u00dcbungsleiter beim Traditionsverein Dynamo Dresden, den er einen Monat nach seinem Amtsantritt im April 2011 zum Aufstieg in die 2. Bundesliga f\u00fchrte. Zuvor stand der 50-J\u00e4hrige bereits beim FC Augsburg, beim FC St. Gallen und bei den Sportfreunden Siegen, mit denen er ebenfalls den Sprung in das Fu\u00dfball-Unterhaus schaffte, als Trainer unter Vertrag. Dar\u00fcber hinaus coachte Ralf Loose zwischen 1999 und 2003 die A-Nationalmannschaft Liechtensteins. Als aktiver Spieler lief Ralf Loose f\u00fcr Borussia Dortmund und Fortuna D\u00fcsseldorf in der 1. Fu\u00dfball-Bundesliga auf. Insgesamt stehen f\u00fcr den ehemaligen Abwehrspieler 343 Ligabegegnungen in den ersten beiden Spielklassen zu Buche.<\/p>\n<p>Zur Verpflichtung von Ralf Loose ein Beitrag von Maurice Eschen f\u00fcr Radio Mottekstrehle:<br \/>\n[ca_audio url=&#8220;\/radioms\/cms\/Archiv_Sendungen\/2013\/Interviews\/08_Unterhaching\/loose.mp3&#8243; width=&#8220;90&#8243; height=&#8220;50&#8243; css_class=&#8220;codeart-google-mp3-player&#8220;]<\/p>\n<p>Interviews:<br \/>\nCarsten Gockel<br \/>\n[ca_audio url=&#8220;\/radioms\/cms\/Archiv_Sendungen\/2013\/Interviews\/Pressekonferenz_Vorstellung_Ralf_Loose\/Interwiev_Carsten_Gockel.mp3&#8243; width=&#8220;90&#8243; height=&#8220;50&#8243; css_class=&#8220;codeart-google-mp3-player&#8220;]<br \/>\nMarco de Angelis<br \/>\n[ca_audio url=&#8220;\/radioms\/cms\/Archiv_Sendungen\/2013\/Interviews\/Pressekonferenz_Vorstellung_Ralf_Loose\/Interwiev_Marco_de_Angelis.mp3&#8243; width=&#8220;90&#8243; height=&#8220;50&#8243; css_class=&#8220;codeart-google-mp3-player&#8220;]<br \/>\nRalf Loose<br \/>\n[ca_audio url=&#8220;\/radioms\/cms\/Archiv_Sendungen\/2013\/Interviews\/Pressekonferenz_Vorstellung_Ralf_Loose\/Interwiev_Ralf_Loose.mp3&#8243; width=&#8220;90&#8243; height=&#8220;50&#8243; css_class=&#8220;codeart-google-mp3-player&#8220;]<br \/>\nThomas B\u00e4umer<br \/>\n[ca_audio url=&#8220;\/radioms\/cms\/Archiv_Sendungen\/2013\/Interviews\/Pressekonferenz_Vorstellung_Ralf_Loose\/Interwiev_Thomas_Baeumer.mp3&#8243; width=&#8220;90&#8243; height=&#8220;50&#8243; css_class=&#8220;codeart-google-mp3-player&#8220;]<\/p>\n<p>Und die ganze Pressekonferrenz von M\u00fcnster4Life:<br \/>\n<iframe loading=\"lazy\" src=\"\/\/www.youtube.com\/embed\/LCKQ3DWc5ds\" height=\"480\" width=\"640\" allowfullscreen=\"\" frameborder=\"0\"><\/iframe><\/p>\n","protected":false},"excerpt":{"rendered":"<p>Nach zehn Tagen intensiver Trainersuche hat sich der SC Preu\u00dfen 06 e.V. M\u00fcnster am Samstag mit Ralf Loose \u00fcber ein Engagement bei den Adlertr\u00e4gern geeinigt. Der geb\u00fcrtige Dortmunder unterschrieb einen&#8230; <a class=\"read-more-link\" href=\"https:\/\/www.fanprojekt-muenster.de\/wordpress\/ralf-loose-neuer-trainer-sc-preussen-muenster\/\">Read more &raquo;<\/a><\/p>\n","protected":false},"author":2,"featured_media":1897,"comment_status":"open","ping_status":"open","sticky":false,"template":"","format":"standard","meta":{"advgb_blocks_editor_width":"","advgb_blocks_columns_visual_guide":"","footnotes":""},"categories":[3],"tags":[25,151,183,205,206,223,264,283],"class_list":["post-1895","post","type-post","status-publish","format-standard","has-post-thumbnail","hentry","category-aktuelles","tag-25","tag-interviews","tag-muenster4life","tag-radio-mottekstrehle","tag-ralf-loose","tag-sc-preussen-muenster","tag-trainer","tag-von-fans-fuer-fans"],"featured_image_src":null,"author_info":{"display_name":"fp_superadmin","author_link":"https:\/\/www.fanprojekt-muenster.de\/wordpress\/author\/fp_superadmin\/"},"yoast_head":"<!-- This site is optimized with the Yoast SEO plugin v27.2 - https:\/\/yoast.com\/product\/yoast-seo-wordpress\/ -->\n<title>Ralf Loose neuer Trainer des SC Preu\u00dfen M\u00fcnster - Fangemeinschaft Preu\u00dfen M\u00fcnster e. V.<\/title>\n<meta name=\"robots\" content=\"index, follow, max-snippet:-1, max-image-preview:large, max-video-preview:-1\" \/>\n<link rel=\"canonical\" href=\"https:\/\/www.fanprojekt-muenster.de\/wordpress\/ralf-loose-neuer-trainer-sc-preussen-muenster\/\" \/>\n<meta property=\"og:locale\" content=\"de_DE\" \/>\n<meta property=\"og:type\" content=\"article\" \/>\n<meta property=\"og:title\" content=\"Ralf Loose neuer Trainer des SC Preu\u00dfen M\u00fcnster - Fangemeinschaft Preu\u00dfen M\u00fcnster e. V.\" \/>\n<meta property=\"og:description\" content=\"Nach zehn Tagen intensiver Trainersuche hat sich der SC Preu\u00dfen 06 e.V. M\u00fcnster am Samstag mit Ralf Loose \u00fcber ein Engagement bei den Adlertr\u00e4gern geeinigt. Der geb\u00fcrtige Dortmunder unterschrieb einen... Read more &raquo;\" \/>\n<meta property=\"og:url\" content=\"https:\/\/www.fanprojekt-muenster.de\/wordpress\/ralf-loose-neuer-trainer-sc-preussen-muenster\/\" \/>\n<meta property=\"og:site_name\" content=\"Fangemeinschaft Preu\u00dfen M\u00fcnster e. V.\" \/>\n<meta property=\"article:published_time\" content=\"2013-09-15T13:46:47+00:00\" \/>\n<meta name=\"author\" content=\"fp_superadmin\" \/>\n<meta name=\"twitter:card\" content=\"summary_large_image\" \/>\n<meta name=\"twitter:label1\" content=\"Verfasst von\" \/>\n\t<meta name=\"twitter:data1\" content=\"fp_superadmin\" \/>\n\t<meta name=\"twitter:label2\" content=\"Gesch\u00e4tzte Lesezeit\" \/>\n\t<meta name=\"twitter:data2\" content=\"2\u00a0Minuten\" \/>\n<script type=\"application\/ld+json\" class=\"yoast-schema-graph\">{\"@context\":\"https:\/\/schema.org\",\"@graph\":[{\"@type\":\"Article\",\"@id\":\"https:\/\/www.fanprojekt-muenster.de\/wordpress\/ralf-loose-neuer-trainer-sc-preussen-muenster\/#article\",\"isPartOf\":{\"@id\":\"https:\/\/www.fanprojekt-muenster.de\/wordpress\/ralf-loose-neuer-trainer-sc-preussen-muenster\/\"},\"author\":{\"name\":\"fp_superadmin\",\"@id\":\"https:\/\/www.fanprojekt-muenster.de\/wordpress\/#\/schema\/person\/9126cc4d73d0d07c75b487075111186c\"},\"headline\":\"Ralf Loose neuer Trainer des SC Preu\u00dfen M\u00fcnster\",\"datePublished\":\"2013-09-15T13:46:47+00:00\",\"mainEntityOfPage\":{\"@id\":\"https:\/\/www.fanprojekt-muenster.de\/wordpress\/ralf-loose-neuer-trainer-sc-preussen-muenster\/\"},\"wordCount\":359,\"commentCount\":0,\"publisher\":{\"@id\":\"https:\/\/www.fanprojekt-muenster.de\/wordpress\/#organization\"},\"image\":{\"@id\":\"https:\/\/www.fanprojekt-muenster.de\/wordpress\/ralf-loose-neuer-trainer-sc-preussen-muenster\/#primaryimage\"},\"thumbnailUrl\":\"\",\"keywords\":[\"2013\",\"Interviews\",\"M\u00fcnster4Life\",\"Radio Mottekstrehle\",\"Ralf Loose\",\"SC Preu\u00dfen M\u00fcnster\",\"Trainer\",\"Von Fans f\u00fcr Fans\"],\"articleSection\":[\"Aktuelles\"],\"inLanguage\":\"de\",\"potentialAction\":[{\"@type\":\"CommentAction\",\"name\":\"Comment\",\"target\":[\"https:\/\/www.fanprojekt-muenster.de\/wordpress\/ralf-loose-neuer-trainer-sc-preussen-muenster\/#respond\"]}]},{\"@type\":\"WebPage\",\"@id\":\"https:\/\/www.fanprojekt-muenster.de\/wordpress\/ralf-loose-neuer-trainer-sc-preussen-muenster\/\",\"url\":\"https:\/\/www.fanprojekt-muenster.de\/wordpress\/ralf-loose-neuer-trainer-sc-preussen-muenster\/\",\"name\":\"Ralf Loose neuer Trainer des SC Preu\u00dfen M\u00fcnster - Fangemeinschaft Preu\u00dfen M\u00fcnster e. V.\",\"isPartOf\":{\"@id\":\"https:\/\/www.fanprojekt-muenster.de\/wordpress\/#website\"},\"primaryImageOfPage\":{\"@id\":\"https:\/\/www.fanprojekt-muenster.de\/wordpress\/ralf-loose-neuer-trainer-sc-preussen-muenster\/#primaryimage\"},\"image\":{\"@id\":\"https:\/\/www.fanprojekt-muenster.de\/wordpress\/ralf-loose-neuer-trainer-sc-preussen-muenster\/#primaryimage\"},\"thumbnailUrl\":\"\",\"datePublished\":\"2013-09-15T13:46:47+00:00\",\"breadcrumb\":{\"@id\":\"https:\/\/www.fanprojekt-muenster.de\/wordpress\/ralf-loose-neuer-trainer-sc-preussen-muenster\/#breadcrumb\"},\"inLanguage\":\"de\",\"potentialAction\":[{\"@type\":\"ReadAction\",\"target\":[\"https:\/\/www.fanprojekt-muenster.de\/wordpress\/ralf-loose-neuer-trainer-sc-preussen-muenster\/\"]}]},{\"@type\":\"ImageObject\",\"inLanguage\":\"de\",\"@id\":\"https:\/\/www.fanprojekt-muenster.de\/wordpress\/ralf-loose-neuer-trainer-sc-preussen-muenster\/#primaryimage\",\"url\":\"\",\"contentUrl\":\"\"},{\"@type\":\"BreadcrumbList\",\"@id\":\"https:\/\/www.fanprojekt-muenster.de\/wordpress\/ralf-loose-neuer-trainer-sc-preussen-muenster\/#breadcrumb\",\"itemListElement\":[{\"@type\":\"ListItem\",\"position\":1,\"name\":\"Startseite\",\"item\":\"https:\/\/www.fanprojekt-muenster.de\/wordpress\/\"},{\"@type\":\"ListItem\",\"position\":2,\"name\":\"Ralf Loose neuer Trainer des SC Preu\u00dfen M\u00fcnster\"}]},{\"@type\":\"WebSite\",\"@id\":\"https:\/\/www.fanprojekt-muenster.de\/wordpress\/#website\",\"url\":\"https:\/\/www.fanprojekt-muenster.de\/wordpress\/\",\"name\":\"Fangemeinschaft Preu\u00dfen M\u00fcnster e. V.\",\"description\":\"\",\"publisher\":{\"@id\":\"https:\/\/www.fanprojekt-muenster.de\/wordpress\/#organization\"},\"potentialAction\":[{\"@type\":\"SearchAction\",\"target\":{\"@type\":\"EntryPoint\",\"urlTemplate\":\"https:\/\/www.fanprojekt-muenster.de\/wordpress\/?s={search_term_string}\"},\"query-input\":{\"@type\":\"PropertyValueSpecification\",\"valueRequired\":true,\"valueName\":\"search_term_string\"}}],\"inLanguage\":\"de\"},{\"@type\":\"Organization\",\"@id\":\"https:\/\/www.fanprojekt-muenster.de\/wordpress\/#organization\",\"name\":\"Fangemeinschaft Preu\u00dfen M\u00fcnster e. V.\",\"url\":\"https:\/\/www.fanprojekt-muenster.de\/wordpress\/\",\"logo\":{\"@type\":\"ImageObject\",\"inLanguage\":\"de\",\"@id\":\"https:\/\/www.fanprojekt-muenster.de\/wordpress\/#\/schema\/logo\/image\/\",\"url\":\"https:\/\/www.fanprojekt-muenster.de\/wordpress\/wp-content\/uploads\/2019\/07\/cropped-Website_Logo3-9.png\",\"contentUrl\":\"https:\/\/www.fanprojekt-muenster.de\/wordpress\/wp-content\/uploads\/2019\/07\/cropped-Website_Logo3-9.png\",\"width\":224,\"height\":42,\"caption\":\"Fangemeinschaft Preu\u00dfen M\u00fcnster e. V.\"},\"image\":{\"@id\":\"https:\/\/www.fanprojekt-muenster.de\/wordpress\/#\/schema\/logo\/image\/\"}},{\"@type\":\"Person\",\"@id\":\"https:\/\/www.fanprojekt-muenster.de\/wordpress\/#\/schema\/person\/9126cc4d73d0d07c75b487075111186c\",\"name\":\"fp_superadmin\",\"url\":\"https:\/\/www.fanprojekt-muenster.de\/wordpress\/author\/fp_superadmin\/\"}]}<\/script>\n<!-- \/ Yoast SEO plugin. -->","yoast_head_json":{"title":"Ralf Loose neuer Trainer des SC Preu\u00dfen M\u00fcnster - Fangemeinschaft Preu\u00dfen M\u00fcnster e. V.","robots":{"index":"index","follow":"follow","max-snippet":"max-snippet:-1","max-image-preview":"max-image-preview:large","max-video-preview":"max-video-preview:-1"},"canonical":"https:\/\/www.fanprojekt-muenster.de\/wordpress\/ralf-loose-neuer-trainer-sc-preussen-muenster\/","og_locale":"de_DE","og_type":"article","og_title":"Ralf Loose neuer Trainer des SC Preu\u00dfen M\u00fcnster - Fangemeinschaft Preu\u00dfen M\u00fcnster e. V.","og_description":"Nach zehn Tagen intensiver Trainersuche hat sich der SC Preu\u00dfen 06 e.V. M\u00fcnster am Samstag mit Ralf Loose \u00fcber ein Engagement bei den Adlertr\u00e4gern geeinigt. Der geb\u00fcrtige Dortmunder unterschrieb einen... Read more &raquo;","og_url":"https:\/\/www.fanprojekt-muenster.de\/wordpress\/ralf-loose-neuer-trainer-sc-preussen-muenster\/","og_site_name":"Fangemeinschaft Preu\u00dfen M\u00fcnster e. V.","article_published_time":"2013-09-15T13:46:47+00:00","author":"fp_superadmin","twitter_card":"summary_large_image","twitter_misc":{"Verfasst von":"fp_superadmin","Gesch\u00e4tzte Lesezeit":"2\u00a0Minuten"},"schema":{"@context":"https:\/\/schema.org","@graph":[{"@type":"Article","@id":"https:\/\/www.fanprojekt-muenster.de\/wordpress\/ralf-loose-neuer-trainer-sc-preussen-muenster\/#article","isPartOf":{"@id":"https:\/\/www.fanprojekt-muenster.de\/wordpress\/ralf-loose-neuer-trainer-sc-preussen-muenster\/"},"author":{"name":"fp_superadmin","@id":"https:\/\/www.fanprojekt-muenster.de\/wordpress\/#\/schema\/person\/9126cc4d73d0d07c75b487075111186c"},"headline":"Ralf Loose neuer Trainer des SC Preu\u00dfen M\u00fcnster","datePublished":"2013-09-15T13:46:47+00:00","mainEntityOfPage":{"@id":"https:\/\/www.fanprojekt-muenster.de\/wordpress\/ralf-loose-neuer-trainer-sc-preussen-muenster\/"},"wordCount":359,"commentCount":0,"publisher":{"@id":"https:\/\/www.fanprojekt-muenster.de\/wordpress\/#organization"},"image":{"@id":"https:\/\/www.fanprojekt-muenster.de\/wordpress\/ralf-loose-neuer-trainer-sc-preussen-muenster\/#primaryimage"},"thumbnailUrl":"","keywords":["2013","Interviews","M\u00fcnster4Life","Radio Mottekstrehle","Ralf Loose","SC Preu\u00dfen M\u00fcnster","Trainer","Von Fans f\u00fcr Fans"],"articleSection":["Aktuelles"],"inLanguage":"de","potentialAction":[{"@type":"CommentAction","name":"Comment","target":["https:\/\/www.fanprojekt-muenster.de\/wordpress\/ralf-loose-neuer-trainer-sc-preussen-muenster\/#respond"]}]},{"@type":"WebPage","@id":"https:\/\/www.fanprojekt-muenster.de\/wordpress\/ralf-loose-neuer-trainer-sc-preussen-muenster\/","url":"https:\/\/www.fanprojekt-muenster.de\/wordpress\/ralf-loose-neuer-trainer-sc-preussen-muenster\/","name":"Ralf Loose neuer Trainer des SC Preu\u00dfen M\u00fcnster - Fangemeinschaft Preu\u00dfen M\u00fcnster e. V.","isPartOf":{"@id":"https:\/\/www.fanprojekt-muenster.de\/wordpress\/#website"},"primaryImageOfPage":{"@id":"https:\/\/www.fanprojekt-muenster.de\/wordpress\/ralf-loose-neuer-trainer-sc-preussen-muenster\/#primaryimage"},"image":{"@id":"https:\/\/www.fanprojekt-muenster.de\/wordpress\/ralf-loose-neuer-trainer-sc-preussen-muenster\/#primaryimage"},"thumbnailUrl":"","datePublished":"2013-09-15T13:46:47+00:00","breadcrumb":{"@id":"https:\/\/www.fanprojekt-muenster.de\/wordpress\/ralf-loose-neuer-trainer-sc-preussen-muenster\/#breadcrumb"},"inLanguage":"de","potentialAction":[{"@type":"ReadAction","target":["https:\/\/www.fanprojekt-muenster.de\/wordpress\/ralf-loose-neuer-trainer-sc-preussen-muenster\/"]}]},{"@type":"ImageObject","inLanguage":"de","@id":"https:\/\/www.fanprojekt-muenster.de\/wordpress\/ralf-loose-neuer-trainer-sc-preussen-muenster\/#primaryimage","url":"","contentUrl":""},{"@type":"BreadcrumbList","@id":"https:\/\/www.fanprojekt-muenster.de\/wordpress\/ralf-loose-neuer-trainer-sc-preussen-muenster\/#breadcrumb","itemListElement":[{"@type":"ListItem","position":1,"name":"Startseite","item":"https:\/\/www.fanprojekt-muenster.de\/wordpress\/"},{"@type":"ListItem","position":2,"name":"Ralf Loose neuer Trainer des SC Preu\u00dfen M\u00fcnster"}]},{"@type":"WebSite","@id":"https:\/\/www.fanprojekt-muenster.de\/wordpress\/#website","url":"https:\/\/www.fanprojekt-muenster.de\/wordpress\/","name":"Fangemeinschaft Preu\u00dfen M\u00fcnster e. V.","description":"","publisher":{"@id":"https:\/\/www.fanprojekt-muenster.de\/wordpress\/#organization"},"potentialAction":[{"@type":"SearchAction","target":{"@type":"EntryPoint","urlTemplate":"https:\/\/www.fanprojekt-muenster.de\/wordpress\/?s={search_term_string}"},"query-input":{"@type":"PropertyValueSpecification","valueRequired":true,"valueName":"search_term_string"}}],"inLanguage":"de"},{"@type":"Organization","@id":"https:\/\/www.fanprojekt-muenster.de\/wordpress\/#organization","name":"Fangemeinschaft Preu\u00dfen M\u00fcnster e. V.","url":"https:\/\/www.fanprojekt-muenster.de\/wordpress\/","logo":{"@type":"ImageObject","inLanguage":"de","@id":"https:\/\/www.fanprojekt-muenster.de\/wordpress\/#\/schema\/logo\/image\/","url":"https:\/\/www.fanprojekt-muenster.de\/wordpress\/wp-content\/uploads\/2019\/07\/cropped-Website_Logo3-9.png","contentUrl":"https:\/\/www.fanprojekt-muenster.de\/wordpress\/wp-content\/uploads\/2019\/07\/cropped-Website_Logo3-9.png","width":224,"height":42,"caption":"Fangemeinschaft Preu\u00dfen M\u00fcnster e. V."},"image":{"@id":"https:\/\/www.fanprojekt-muenster.de\/wordpress\/#\/schema\/logo\/image\/"}},{"@type":"Person","@id":"https:\/\/www.fanprojekt-muenster.de\/wordpress\/#\/schema\/person\/9126cc4d73d0d07c75b487075111186c","name":"fp_superadmin","url":"https:\/\/www.fanprojekt-muenster.de\/wordpress\/author\/fp_superadmin\/"}]}},"author_meta":{"display_name":"fp_superadmin","author_link":"https:\/\/www.fanprojekt-muenster.de\/wordpress\/author\/fp_superadmin\/"},"featured_img":null,"coauthors":[],"tax_additional":{"categories":{"linked":["<a href=\"https:\/\/www.fanprojekt-muenster.de\/wordpress\/category\/aktuelles\/\" class=\"advgb-post-tax-term\">Aktuelles<\/a>"],"unlinked":["<span class=\"advgb-post-tax-term\">Aktuelles<\/span>"]},"tags":{"linked":["<a href=\"https:\/\/www.fanprojekt-muenster.de\/wordpress\/category\/aktuelles\/\" class=\"advgb-post-tax-term\">2013<\/a>","<a href=\"https:\/\/www.fanprojekt-muenster.de\/wordpress\/category\/aktuelles\/\" class=\"advgb-post-tax-term\">Interviews<\/a>","<a href=\"https:\/\/www.fanprojekt-muenster.de\/wordpress\/category\/aktuelles\/\" class=\"advgb-post-tax-term\">M\u00fcnster4Life<\/a>","<a href=\"https:\/\/www.fanprojekt-muenster.de\/wordpress\/category\/aktuelles\/\" class=\"advgb-post-tax-term\">Radio Mottekstrehle<\/a>","<a href=\"https:\/\/www.fanprojekt-muenster.de\/wordpress\/category\/aktuelles\/\" class=\"advgb-post-tax-term\">Ralf Loose<\/a>","<a href=\"https:\/\/www.fanprojekt-muenster.de\/wordpress\/category\/aktuelles\/\" class=\"advgb-post-tax-term\">SC Preu\u00dfen M\u00fcnster<\/a>","<a href=\"https:\/\/www.fanprojekt-muenster.de\/wordpress\/category\/aktuelles\/\" class=\"advgb-post-tax-term\">Trainer<\/a>","<a href=\"https:\/\/www.fanprojekt-muenster.de\/wordpress\/category\/aktuelles\/\" class=\"advgb-post-tax-term\">Von Fans f\u00fcr Fans<\/a>"],"unlinked":["<span class=\"advgb-post-tax-term\">2013<\/span>","<span class=\"advgb-post-tax-term\">Interviews<\/span>","<span class=\"advgb-post-tax-term\">M\u00fcnster4Life<\/span>","<span class=\"advgb-post-tax-term\">Radio Mottekstrehle<\/span>","<span class=\"advgb-post-tax-term\">Ralf Loose<\/span>","<span class=\"advgb-post-tax-term\">SC Preu\u00dfen M\u00fcnster<\/span>","<span class=\"advgb-post-tax-term\">Trainer<\/span>","<span class=\"advgb-post-tax-term\">Von Fans f\u00fcr Fans<\/span>"]}},"comment_count":"0","relative_dates":{"created":"Posted 13\u00a0Jahren ago","modified":"Updated 13\u00a0Jahren ago"},"absolute_dates":{"created":"Posted on 15. September 2013","modified":"Updated on 15. September 2013"},"absolute_dates_time":{"created":"Posted on 15. September 2013 15:46","modified":"Updated on 15. September 2013 15:46"},"featured_img_caption":"","series_order":"","_links":{"self":[{"href":"https:\/\/www.fanprojekt-muenster.de\/wordpress\/wp-json\/wp\/v2\/posts\/1895","targetHints":{"allow":["GET"]}}],"collection":[{"href":"https:\/\/www.fanprojekt-muenster.de\/wordpress\/wp-json\/wp\/v2\/posts"}],"about":[{"href":"https:\/\/www.fanprojekt-muenster.de\/wordpress\/wp-json\/wp\/v2\/types\/post"}],"author":[{"embeddable":true,"href":"https:\/\/www.fanprojekt-muenster.de\/wordpress\/wp-json\/wp\/v2\/users\/2"}],"replies":[{"embeddable":true,"href":"https:\/\/www.fanprojekt-muenster.de\/wordpress\/wp-json\/wp\/v2\/comments?post=1895"}],"version-history":[{"count":0,"href":"https:\/\/www.fanprojekt-muenster.de\/wordpress\/wp-json\/wp\/v2\/posts\/1895\/revisions"}],"wp:featuredmedia":[{"embeddable":true,"href":"https:\/\/www.fanprojekt-muenster.de\/wordpress\/wp-json\/"}],"wp:attachment":[{"href":"https:\/\/www.fanprojekt-muenster.de\/wordpress\/wp-json\/wp\/v2\/media?parent=1895"}],"wp:term":[{"taxonomy":"category","embeddable":true,"href":"https:\/\/www.fanprojekt-muenster.de\/wordpress\/wp-json\/wp\/v2\/categories?post=1895"},{"taxonomy":"post_tag","embeddable":true,"href":"https:\/\/www.fanprojekt-muenster.de\/wordpress\/wp-json\/wp\/v2\/tags?post=1895"}],"curies":[{"name":"wp","href":"https:\/\/api.w.org\/{rel}","templated":true}]}}