{"id":1853,"date":"2013-09-03T21:25:05","date_gmt":"2013-09-03T19:25:05","guid":{"rendered":"http:\/\/www.fanprojekt-muenster.de\/?p=1853"},"modified":"2013-09-03T21:25:05","modified_gmt":"2013-09-03T19:25:05","slug":"wn-tv-interview-heimspiel-gegen-vfb-stuttgart-ii","status":"publish","type":"post","link":"https:\/\/www.fanprojekt-muenster.de\/wordpress\/wn-tv-interview-heimspiel-gegen-vfb-stuttgart-ii\/","title":{"rendered":"WN-TV Interview: Heimspiel gegen den VfB Stuttgart II"},"content":{"rendered":"<p><object id=\"flashObj\" width=\"480\" height=\"270\" classid=\"clsid:d27cdb6e-ae6d-11cf-96b8-444553540000\" codebase=\"http:\/\/download.macromedia.com\/pub\/shockwave\/cabs\/flash\/swflash.cab#version=6,0,40,0\" bgcolor=\"#FFFFFF\"><param name=\"flashVars\" value=\"videoId=2647392965001&amp;playerID=14854677001&amp;playerKey=AQ~~,AAAAALsg6EE~,GkmT1l1SZrao_-Ww7ZDTkF5bDqnpRKLR&amp;domain=embed&amp;dynamicStreaming=true\" \/><param name=\"base\" value=\"http:\/\/admin.brightcove.com\" \/><param name=\"seamlesstabbing\" value=\"false\" \/><param name=\"allowFullScreen\" value=\"true\" \/><param name=\"swLiveConnect\" value=\"true\" \/><param name=\"allowScriptAccess\" value=\"always\" \/><param name=\"src\" value=\"http:\/\/c.brightcove.com\/services\/viewer\/federated_f9?isVid=1&amp;isUI=1\" \/><param name=\"flashvars\" value=\"videoId=2647392965001&amp;playerID=14854677001&amp;playerKey=AQ~~,AAAAALsg6EE~,GkmT1l1SZrao_-Ww7ZDTkF5bDqnpRKLR&amp;domain=embed&amp;dynamicStreaming=true\" \/><param name=\"allowfullscreen\" value=\"true\" \/><param name=\"allowscriptaccess\" value=\"always\" \/><param name=\"swliveconnect\" value=\"true\" \/><param name=\"pluginspage\" value=\"http:\/\/www.macromedia.com\/shockwave\/download\/index.cgi?P1_Prod_Version=ShockwaveFlash\" \/><embed id=\"flashObj\" width=\"480\" height=\"270\" type=\"application\/x-shockwave-flash\" src=\"http:\/\/c.brightcove.com\/services\/viewer\/federated_f9?isVid=1&amp;isUI=1\" flashVars=\"videoId=2647392965001&amp;playerID=14854677001&amp;playerKey=AQ~~,AAAAALsg6EE~,GkmT1l1SZrao_-Ww7ZDTkF5bDqnpRKLR&amp;domain=embed&amp;dynamicStreaming=true\" base=\"http:\/\/admin.brightcove.com\" seamlesstabbing=\"false\" allowFullScreen=\"true\" swLiveConnect=\"true\" allowScriptAccess=\"always\" flashvars=\"videoId=2647392965001&amp;playerID=14854677001&amp;playerKey=AQ~~,AAAAALsg6EE~,GkmT1l1SZrao_-Ww7ZDTkF5bDqnpRKLR&amp;domain=embed&amp;dynamicStreaming=true\" allowfullscreen=\"true\" allowscriptaccess=\"always\" swliveconnect=\"true\" pluginspage=\"http:\/\/www.macromedia.com\/shockwave\/download\/index.cgi?P1_Prod_Version=ShockwaveFlash\" bgcolor=\"#FFFFFF\" \/><\/object><\/p>\n<p>Preu\u00dfen M\u00fcnster trifft am Mittwoch gegen Stuttgarts U23. Gegen die Amateure des VfB Stuttgart will Pavel Dotchev mit seinem Team endlich zur\u00fcck auf den Erfolgsweg.<\/p>\n<p><a title=\"Direkt zum WN-Artikel\" href=\"http:\/\/www.wn.de\/Lokalsport\/Preussen-Muenster\/Preussen-Muenster-am-Mittwoch-gegen-Stuttgarts-U23-25-Preussen-bereit-zur-Wiedergutmachung\" target=\"_blank\" rel=\"noopener noreferrer\">Direkt zum WN-Artikel<\/a><\/p>\n","protected":false},"excerpt":{"rendered":"<p>Preu\u00dfen M\u00fcnster trifft am Mittwoch gegen Stuttgarts U23. Gegen die Amateure des VfB Stuttgart will Pavel Dotchev mit seinem Team endlich zur\u00fcck auf den Erfolgsweg. Direkt zum WN-Artikel<\/p>\n","protected":false},"author":2,"featured_media":1854,"comment_status":"open","ping_status":"open","sticky":false,"template":"","format":"standard","meta":{"advgb_blocks_editor_width":"","advgb_blocks_columns_visual_guide":"","footnotes":""},"categories":[17],"tags":[25,28,31,223,283,298],"class_list":["post-1853","post","type-post","status-publish","format-standard","has-post-thumbnail","hentry","category-wn-tv","tag-25","tag-3-liga-2","tag-7-spieltag","tag-sc-preussen-muenster","tag-von-fans-fuer-fans","tag-westfaelische-nachrichten"],"featured_image_src":null,"author_info":{"display_name":"fp_superadmin","author_link":"https:\/\/www.fanprojekt-muenster.de\/wordpress\/author\/fp_superadmin\/"},"yoast_head":"<!-- This site is optimized with the Yoast SEO plugin v27.2 - https:\/\/yoast.com\/product\/yoast-seo-wordpress\/ -->\n<title>WN-TV Interview: Heimspiel gegen den VfB Stuttgart II - Fangemeinschaft Preu\u00dfen M\u00fcnster e. V.<\/title>\n<meta name=\"robots\" content=\"index, follow, max-snippet:-1, max-image-preview:large, max-video-preview:-1\" \/>\n<link rel=\"canonical\" href=\"https:\/\/www.fanprojekt-muenster.de\/wordpress\/wn-tv-interview-heimspiel-gegen-vfb-stuttgart-ii\/\" \/>\n<meta property=\"og:locale\" content=\"de_DE\" \/>\n<meta property=\"og:type\" content=\"article\" \/>\n<meta property=\"og:title\" content=\"WN-TV Interview: Heimspiel gegen den VfB Stuttgart II - Fangemeinschaft Preu\u00dfen M\u00fcnster e. V.\" \/>\n<meta property=\"og:description\" content=\"Preu\u00dfen M\u00fcnster trifft am Mittwoch gegen Stuttgarts U23. Gegen die Amateure des VfB Stuttgart will Pavel Dotchev mit seinem Team endlich zur\u00fcck auf den Erfolgsweg. Direkt zum WN-Artikel\" \/>\n<meta property=\"og:url\" content=\"https:\/\/www.fanprojekt-muenster.de\/wordpress\/wn-tv-interview-heimspiel-gegen-vfb-stuttgart-ii\/\" \/>\n<meta property=\"og:site_name\" content=\"Fangemeinschaft Preu\u00dfen M\u00fcnster e. V.\" \/>\n<meta property=\"article:published_time\" content=\"2013-09-03T19:25:05+00:00\" \/>\n<meta name=\"author\" content=\"fp_superadmin\" \/>\n<meta name=\"twitter:card\" content=\"summary_large_image\" \/>\n<meta name=\"twitter:label1\" content=\"Verfasst von\" \/>\n\t<meta name=\"twitter:data1\" content=\"fp_superadmin\" \/>\n<script type=\"application\/ld+json\" class=\"yoast-schema-graph\">{\"@context\":\"https:\/\/schema.org\",\"@graph\":[{\"@type\":\"Article\",\"@id\":\"https:\/\/www.fanprojekt-muenster.de\/wordpress\/wn-tv-interview-heimspiel-gegen-vfb-stuttgart-ii\/#article\",\"isPartOf\":{\"@id\":\"https:\/\/www.fanprojekt-muenster.de\/wordpress\/wn-tv-interview-heimspiel-gegen-vfb-stuttgart-ii\/\"},\"author\":{\"name\":\"fp_superadmin\",\"@id\":\"https:\/\/www.fanprojekt-muenster.de\/wordpress\/#\/schema\/person\/9126cc4d73d0d07c75b487075111186c\"},\"headline\":\"WN-TV Interview: Heimspiel gegen den VfB Stuttgart II\",\"datePublished\":\"2013-09-03T19:25:05+00:00\",\"mainEntityOfPage\":{\"@id\":\"https:\/\/www.fanprojekt-muenster.de\/wordpress\/wn-tv-interview-heimspiel-gegen-vfb-stuttgart-ii\/\"},\"wordCount\":39,\"commentCount\":0,\"publisher\":{\"@id\":\"https:\/\/www.fanprojekt-muenster.de\/wordpress\/#organization\"},\"image\":{\"@id\":\"https:\/\/www.fanprojekt-muenster.de\/wordpress\/wn-tv-interview-heimspiel-gegen-vfb-stuttgart-ii\/#primaryimage\"},\"thumbnailUrl\":\"\",\"keywords\":[\"2013\",\"3.Liga\",\"7. Spieltag\",\"SC Preu\u00dfen M\u00fcnster\",\"Von Fans f\u00fcr Fans\",\"Westf\u00e4lische Nachrichten\"],\"articleSection\":[\"WN TV\"],\"inLanguage\":\"de\",\"potentialAction\":[{\"@type\":\"CommentAction\",\"name\":\"Comment\",\"target\":[\"https:\/\/www.fanprojekt-muenster.de\/wordpress\/wn-tv-interview-heimspiel-gegen-vfb-stuttgart-ii\/#respond\"]}]},{\"@type\":\"WebPage\",\"@id\":\"https:\/\/www.fanprojekt-muenster.de\/wordpress\/wn-tv-interview-heimspiel-gegen-vfb-stuttgart-ii\/\",\"url\":\"https:\/\/www.fanprojekt-muenster.de\/wordpress\/wn-tv-interview-heimspiel-gegen-vfb-stuttgart-ii\/\",\"name\":\"WN-TV Interview: Heimspiel gegen den VfB Stuttgart II - Fangemeinschaft Preu\u00dfen M\u00fcnster e. V.\",\"isPartOf\":{\"@id\":\"https:\/\/www.fanprojekt-muenster.de\/wordpress\/#website\"},\"primaryImageOfPage\":{\"@id\":\"https:\/\/www.fanprojekt-muenster.de\/wordpress\/wn-tv-interview-heimspiel-gegen-vfb-stuttgart-ii\/#primaryimage\"},\"image\":{\"@id\":\"https:\/\/www.fanprojekt-muenster.de\/wordpress\/wn-tv-interview-heimspiel-gegen-vfb-stuttgart-ii\/#primaryimage\"},\"thumbnailUrl\":\"\",\"datePublished\":\"2013-09-03T19:25:05+00:00\",\"breadcrumb\":{\"@id\":\"https:\/\/www.fanprojekt-muenster.de\/wordpress\/wn-tv-interview-heimspiel-gegen-vfb-stuttgart-ii\/#breadcrumb\"},\"inLanguage\":\"de\",\"potentialAction\":[{\"@type\":\"ReadAction\",\"target\":[\"https:\/\/www.fanprojekt-muenster.de\/wordpress\/wn-tv-interview-heimspiel-gegen-vfb-stuttgart-ii\/\"]}]},{\"@type\":\"ImageObject\",\"inLanguage\":\"de\",\"@id\":\"https:\/\/www.fanprojekt-muenster.de\/wordpress\/wn-tv-interview-heimspiel-gegen-vfb-stuttgart-ii\/#primaryimage\",\"url\":\"\",\"contentUrl\":\"\"},{\"@type\":\"BreadcrumbList\",\"@id\":\"https:\/\/www.fanprojekt-muenster.de\/wordpress\/wn-tv-interview-heimspiel-gegen-vfb-stuttgart-ii\/#breadcrumb\",\"itemListElement\":[{\"@type\":\"ListItem\",\"position\":1,\"name\":\"Startseite\",\"item\":\"https:\/\/www.fanprojekt-muenster.de\/wordpress\/\"},{\"@type\":\"ListItem\",\"position\":2,\"name\":\"WN-TV Interview: Heimspiel gegen den VfB Stuttgart II\"}]},{\"@type\":\"WebSite\",\"@id\":\"https:\/\/www.fanprojekt-muenster.de\/wordpress\/#website\",\"url\":\"https:\/\/www.fanprojekt-muenster.de\/wordpress\/\",\"name\":\"Fangemeinschaft Preu\u00dfen M\u00fcnster e. V.\",\"description\":\"\",\"publisher\":{\"@id\":\"https:\/\/www.fanprojekt-muenster.de\/wordpress\/#organization\"},\"potentialAction\":[{\"@type\":\"SearchAction\",\"target\":{\"@type\":\"EntryPoint\",\"urlTemplate\":\"https:\/\/www.fanprojekt-muenster.de\/wordpress\/?s={search_term_string}\"},\"query-input\":{\"@type\":\"PropertyValueSpecification\",\"valueRequired\":true,\"valueName\":\"search_term_string\"}}],\"inLanguage\":\"de\"},{\"@type\":\"Organization\",\"@id\":\"https:\/\/www.fanprojekt-muenster.de\/wordpress\/#organization\",\"name\":\"Fangemeinschaft Preu\u00dfen M\u00fcnster e. V.\",\"url\":\"https:\/\/www.fanprojekt-muenster.de\/wordpress\/\",\"logo\":{\"@type\":\"ImageObject\",\"inLanguage\":\"de\",\"@id\":\"https:\/\/www.fanprojekt-muenster.de\/wordpress\/#\/schema\/logo\/image\/\",\"url\":\"https:\/\/www.fanprojekt-muenster.de\/wordpress\/wp-content\/uploads\/2019\/07\/cropped-Website_Logo3-9.png\",\"contentUrl\":\"https:\/\/www.fanprojekt-muenster.de\/wordpress\/wp-content\/uploads\/2019\/07\/cropped-Website_Logo3-9.png\",\"width\":224,\"height\":42,\"caption\":\"Fangemeinschaft Preu\u00dfen M\u00fcnster e. V.\"},\"image\":{\"@id\":\"https:\/\/www.fanprojekt-muenster.de\/wordpress\/#\/schema\/logo\/image\/\"}},{\"@type\":\"Person\",\"@id\":\"https:\/\/www.fanprojekt-muenster.de\/wordpress\/#\/schema\/person\/9126cc4d73d0d07c75b487075111186c\",\"name\":\"fp_superadmin\",\"url\":\"https:\/\/www.fanprojekt-muenster.de\/wordpress\/author\/fp_superadmin\/\"}]}<\/script>\n<!-- \/ Yoast SEO plugin. -->","yoast_head_json":{"title":"WN-TV Interview: Heimspiel gegen den VfB Stuttgart II - Fangemeinschaft Preu\u00dfen M\u00fcnster e. V.","robots":{"index":"index","follow":"follow","max-snippet":"max-snippet:-1","max-image-preview":"max-image-preview:large","max-video-preview":"max-video-preview:-1"},"canonical":"https:\/\/www.fanprojekt-muenster.de\/wordpress\/wn-tv-interview-heimspiel-gegen-vfb-stuttgart-ii\/","og_locale":"de_DE","og_type":"article","og_title":"WN-TV Interview: Heimspiel gegen den VfB Stuttgart II - Fangemeinschaft Preu\u00dfen M\u00fcnster e. V.","og_description":"Preu\u00dfen M\u00fcnster trifft am Mittwoch gegen Stuttgarts U23. Gegen die Amateure des VfB Stuttgart will Pavel Dotchev mit seinem Team endlich zur\u00fcck auf den Erfolgsweg. Direkt zum WN-Artikel","og_url":"https:\/\/www.fanprojekt-muenster.de\/wordpress\/wn-tv-interview-heimspiel-gegen-vfb-stuttgart-ii\/","og_site_name":"Fangemeinschaft Preu\u00dfen M\u00fcnster e. V.","article_published_time":"2013-09-03T19:25:05+00:00","author":"fp_superadmin","twitter_card":"summary_large_image","twitter_misc":{"Verfasst von":"fp_superadmin"},"schema":{"@context":"https:\/\/schema.org","@graph":[{"@type":"Article","@id":"https:\/\/www.fanprojekt-muenster.de\/wordpress\/wn-tv-interview-heimspiel-gegen-vfb-stuttgart-ii\/#article","isPartOf":{"@id":"https:\/\/www.fanprojekt-muenster.de\/wordpress\/wn-tv-interview-heimspiel-gegen-vfb-stuttgart-ii\/"},"author":{"name":"fp_superadmin","@id":"https:\/\/www.fanprojekt-muenster.de\/wordpress\/#\/schema\/person\/9126cc4d73d0d07c75b487075111186c"},"headline":"WN-TV Interview: Heimspiel gegen den VfB Stuttgart II","datePublished":"2013-09-03T19:25:05+00:00","mainEntityOfPage":{"@id":"https:\/\/www.fanprojekt-muenster.de\/wordpress\/wn-tv-interview-heimspiel-gegen-vfb-stuttgart-ii\/"},"wordCount":39,"commentCount":0,"publisher":{"@id":"https:\/\/www.fanprojekt-muenster.de\/wordpress\/#organization"},"image":{"@id":"https:\/\/www.fanprojekt-muenster.de\/wordpress\/wn-tv-interview-heimspiel-gegen-vfb-stuttgart-ii\/#primaryimage"},"thumbnailUrl":"","keywords":["2013","3.Liga","7. Spieltag","SC Preu\u00dfen M\u00fcnster","Von Fans f\u00fcr Fans","Westf\u00e4lische Nachrichten"],"articleSection":["WN TV"],"inLanguage":"de","potentialAction":[{"@type":"CommentAction","name":"Comment","target":["https:\/\/www.fanprojekt-muenster.de\/wordpress\/wn-tv-interview-heimspiel-gegen-vfb-stuttgart-ii\/#respond"]}]},{"@type":"WebPage","@id":"https:\/\/www.fanprojekt-muenster.de\/wordpress\/wn-tv-interview-heimspiel-gegen-vfb-stuttgart-ii\/","url":"https:\/\/www.fanprojekt-muenster.de\/wordpress\/wn-tv-interview-heimspiel-gegen-vfb-stuttgart-ii\/","name":"WN-TV Interview: Heimspiel gegen den VfB Stuttgart II - Fangemeinschaft Preu\u00dfen M\u00fcnster e. V.","isPartOf":{"@id":"https:\/\/www.fanprojekt-muenster.de\/wordpress\/#website"},"primaryImageOfPage":{"@id":"https:\/\/www.fanprojekt-muenster.de\/wordpress\/wn-tv-interview-heimspiel-gegen-vfb-stuttgart-ii\/#primaryimage"},"image":{"@id":"https:\/\/www.fanprojekt-muenster.de\/wordpress\/wn-tv-interview-heimspiel-gegen-vfb-stuttgart-ii\/#primaryimage"},"thumbnailUrl":"","datePublished":"2013-09-03T19:25:05+00:00","breadcrumb":{"@id":"https:\/\/www.fanprojekt-muenster.de\/wordpress\/wn-tv-interview-heimspiel-gegen-vfb-stuttgart-ii\/#breadcrumb"},"inLanguage":"de","potentialAction":[{"@type":"ReadAction","target":["https:\/\/www.fanprojekt-muenster.de\/wordpress\/wn-tv-interview-heimspiel-gegen-vfb-stuttgart-ii\/"]}]},{"@type":"ImageObject","inLanguage":"de","@id":"https:\/\/www.fanprojekt-muenster.de\/wordpress\/wn-tv-interview-heimspiel-gegen-vfb-stuttgart-ii\/#primaryimage","url":"","contentUrl":""},{"@type":"BreadcrumbList","@id":"https:\/\/www.fanprojekt-muenster.de\/wordpress\/wn-tv-interview-heimspiel-gegen-vfb-stuttgart-ii\/#breadcrumb","itemListElement":[{"@type":"ListItem","position":1,"name":"Startseite","item":"https:\/\/www.fanprojekt-muenster.de\/wordpress\/"},{"@type":"ListItem","position":2,"name":"WN-TV Interview: Heimspiel gegen den VfB Stuttgart II"}]},{"@type":"WebSite","@id":"https:\/\/www.fanprojekt-muenster.de\/wordpress\/#website","url":"https:\/\/www.fanprojekt-muenster.de\/wordpress\/","name":"Fangemeinschaft Preu\u00dfen M\u00fcnster e. V.","description":"","publisher":{"@id":"https:\/\/www.fanprojekt-muenster.de\/wordpress\/#organization"},"potentialAction":[{"@type":"SearchAction","target":{"@type":"EntryPoint","urlTemplate":"https:\/\/www.fanprojekt-muenster.de\/wordpress\/?s={search_term_string}"},"query-input":{"@type":"PropertyValueSpecification","valueRequired":true,"valueName":"search_term_string"}}],"inLanguage":"de"},{"@type":"Organization","@id":"https:\/\/www.fanprojekt-muenster.de\/wordpress\/#organization","name":"Fangemeinschaft Preu\u00dfen M\u00fcnster e. V.","url":"https:\/\/www.fanprojekt-muenster.de\/wordpress\/","logo":{"@type":"ImageObject","inLanguage":"de","@id":"https:\/\/www.fanprojekt-muenster.de\/wordpress\/#\/schema\/logo\/image\/","url":"https:\/\/www.fanprojekt-muenster.de\/wordpress\/wp-content\/uploads\/2019\/07\/cropped-Website_Logo3-9.png","contentUrl":"https:\/\/www.fanprojekt-muenster.de\/wordpress\/wp-content\/uploads\/2019\/07\/cropped-Website_Logo3-9.png","width":224,"height":42,"caption":"Fangemeinschaft Preu\u00dfen M\u00fcnster e. V."},"image":{"@id":"https:\/\/www.fanprojekt-muenster.de\/wordpress\/#\/schema\/logo\/image\/"}},{"@type":"Person","@id":"https:\/\/www.fanprojekt-muenster.de\/wordpress\/#\/schema\/person\/9126cc4d73d0d07c75b487075111186c","name":"fp_superadmin","url":"https:\/\/www.fanprojekt-muenster.de\/wordpress\/author\/fp_superadmin\/"}]}},"author_meta":{"display_name":"fp_superadmin","author_link":"https:\/\/www.fanprojekt-muenster.de\/wordpress\/author\/fp_superadmin\/"},"featured_img":null,"coauthors":[],"tax_additional":{"categories":{"linked":["<a href=\"https:\/\/www.fanprojekt-muenster.de\/wordpress\/category\/wn-tv\/\" class=\"advgb-post-tax-term\">WN TV<\/a>"],"unlinked":["<span class=\"advgb-post-tax-term\">WN TV<\/span>"]},"tags":{"linked":["<a href=\"https:\/\/www.fanprojekt-muenster.de\/wordpress\/category\/wn-tv\/\" class=\"advgb-post-tax-term\">2013<\/a>","<a href=\"https:\/\/www.fanprojekt-muenster.de\/wordpress\/category\/wn-tv\/\" class=\"advgb-post-tax-term\">3.Liga<\/a>","<a href=\"https:\/\/www.fanprojekt-muenster.de\/wordpress\/category\/wn-tv\/\" class=\"advgb-post-tax-term\">7. Spieltag<\/a>","<a href=\"https:\/\/www.fanprojekt-muenster.de\/wordpress\/category\/wn-tv\/\" class=\"advgb-post-tax-term\">SC Preu\u00dfen M\u00fcnster<\/a>","<a href=\"https:\/\/www.fanprojekt-muenster.de\/wordpress\/category\/wn-tv\/\" class=\"advgb-post-tax-term\">Von Fans f\u00fcr Fans<\/a>","<a href=\"https:\/\/www.fanprojekt-muenster.de\/wordpress\/category\/wn-tv\/\" class=\"advgb-post-tax-term\">Westf\u00e4lische Nachrichten<\/a>"],"unlinked":["<span class=\"advgb-post-tax-term\">2013<\/span>","<span class=\"advgb-post-tax-term\">3.Liga<\/span>","<span class=\"advgb-post-tax-term\">7. Spieltag<\/span>","<span class=\"advgb-post-tax-term\">SC Preu\u00dfen M\u00fcnster<\/span>","<span class=\"advgb-post-tax-term\">Von Fans f\u00fcr Fans<\/span>","<span class=\"advgb-post-tax-term\">Westf\u00e4lische Nachrichten<\/span>"]}},"comment_count":"0","relative_dates":{"created":"Posted 13\u00a0Jahren ago","modified":"Updated 13\u00a0Jahren ago"},"absolute_dates":{"created":"Posted on 3. September 2013","modified":"Updated on 3. September 2013"},"absolute_dates_time":{"created":"Posted on 3. September 2013 21:25","modified":"Updated on 3. September 2013 21:25"},"featured_img_caption":"","series_order":"","_links":{"self":[{"href":"https:\/\/www.fanprojekt-muenster.de\/wordpress\/wp-json\/wp\/v2\/posts\/1853","targetHints":{"allow":["GET"]}}],"collection":[{"href":"https:\/\/www.fanprojekt-muenster.de\/wordpress\/wp-json\/wp\/v2\/posts"}],"about":[{"href":"https:\/\/www.fanprojekt-muenster.de\/wordpress\/wp-json\/wp\/v2\/types\/post"}],"author":[{"embeddable":true,"href":"https:\/\/www.fanprojekt-muenster.de\/wordpress\/wp-json\/wp\/v2\/users\/2"}],"replies":[{"embeddable":true,"href":"https:\/\/www.fanprojekt-muenster.de\/wordpress\/wp-json\/wp\/v2\/comments?post=1853"}],"version-history":[{"count":0,"href":"https:\/\/www.fanprojekt-muenster.de\/wordpress\/wp-json\/wp\/v2\/posts\/1853\/revisions"}],"wp:featuredmedia":[{"embeddable":true,"href":"https:\/\/www.fanprojekt-muenster.de\/wordpress\/wp-json\/"}],"wp:attachment":[{"href":"https:\/\/www.fanprojekt-muenster.de\/wordpress\/wp-json\/wp\/v2\/media?parent=1853"}],"wp:term":[{"taxonomy":"category","embeddable":true,"href":"https:\/\/www.fanprojekt-muenster.de\/wordpress\/wp-json\/wp\/v2\/categories?post=1853"},{"taxonomy":"post_tag","embeddable":true,"href":"https:\/\/www.fanprojekt-muenster.de\/wordpress\/wp-json\/wp\/v2\/tags?post=1853"}],"curies":[{"name":"wp","href":"https:\/\/api.w.org\/{rel}","templated":true}]}}