{"id":1825,"date":"2013-08-26T14:25:02","date_gmt":"2013-08-26T12:25:02","guid":{"rendered":"http:\/\/www.fanprojekt-muenster.de\/?p=1825"},"modified":"2013-08-26T14:25:02","modified_gmt":"2013-08-26T12:25:02","slug":"jetzt-seid-ihr-gefragt-namensvorschlaege-und-themen","status":"publish","type":"post","link":"https:\/\/www.fanprojekt-muenster.de\/wordpress\/jetzt-seid-ihr-gefragt-namensvorschlaege-und-themen\/","title":{"rendered":"Jetzt seid ihr gefragt &#8211; Namensvorschl\u00e4ge und Themen"},"content":{"rendered":"<p>Auf der vergangenen Jahreshauptversammlung hatten wir <a title=\"Auf zu neuen Ufern mit Namens\u00e4nderung und ehrgeizigen Zielen\" href=\"http:\/\/www.fanprojekt-muenster.de\/auf-zu-neuen-ufern-mit-namensanderung-und-ehrgeizigen-zielen\/\" target=\"_blank\" rel=\"noopener noreferrer\">verk\u00fcndet<\/a>, dass sich das Fanprojekt neu aufstellen m\u00f6chte und somit noch mehr als bisher alle Gruppen aus allen Bereichen des Stadions in die t\u00e4gliche Arbeit mit einbeziehen m\u00f6chte. Hierzu wurde auch bekanntgegeben, dass wir uns in absehbarer Zeit umbenennen wollen. Daher m\u00f6chten wir alle bitten, Namensvorschl\u00e4ge an uns zu <a title=\"Namensvorschlag senden\" href=\"mailto:kontakt@fanprojekt-muenster.de\" target=\"_blank\" rel=\"noopener noreferrer\">schicken<\/a>, wie sich das Fanprojekt zuk\u00fcnftig nennen k\u00f6nnte. Sei es ein Name aus der Masematte, wie wir ihn auch schon f\u00fcr unser \u201eFanradio Mottekstrehle\u201c nutzen oder ein anderer Name &#8211; wir sind gespannt auf Eure Vorschl\u00e4ge!<\/p>\n<p>Dieser Prozess wird noch einige Zeit in Anspruch nehmen, da wir dazu ebenfalls ein Konzept und Strukturen erarbeiten, welche dann hier auf unserer Website vorgestellt werden.<br \/>\nZudem wurde eine neue Mail-Adresse eingerichtet, in der ihr uns in allen Fanangelegenheiten anschreiben k\u00f6nnt, egal worum es geht. Die Adresse <a title=\"Fanbeirat\" href=\"mailto:fanbeirat@fanprojekt-muenster.de\" target=\"_blank\" rel=\"noopener noreferrer\">fanbeirat@fanprojekt-muenster.de<\/a>\u00a0ist ab sofort freigeschaltet. Wir freuen uns, wenn wir hierzu Mails zu kleinen und gro\u00dfen Themen von Euch bekommen.<\/p>\n","protected":false},"excerpt":{"rendered":"<p>Auf der vergangenen Jahreshauptversammlung hatten wir verk\u00fcndet, dass sich das Fanprojekt neu aufstellen m\u00f6chte und somit noch mehr als bisher alle Gruppen aus allen Bereichen des Stadions in die t\u00e4gliche&#8230; <a class=\"read-more-link\" href=\"https:\/\/www.fanprojekt-muenster.de\/wordpress\/jetzt-seid-ihr-gefragt-namensvorschlaege-und-themen\/\">Read more &raquo;<\/a><\/p>\n","protected":false},"author":2,"featured_media":708,"comment_status":"open","ping_status":"open","sticky":false,"template":"","format":"standard","meta":{"advgb_blocks_editor_width":"","advgb_blocks_columns_visual_guide":"","footnotes":""},"categories":[3],"tags":[104,112,223,283],"class_list":["post-1825","post","type-post","status-publish","format-standard","has-post-thumbnail","hentry","category-aktuelles","tag-fanbeirat","tag-fanprojekt","tag-sc-preussen-muenster","tag-von-fans-fuer-fans"],"featured_image_src":"https:\/\/www.fanprojekt-muenster.de\/wordpress\/wp-content\/uploads\/2013\/04\/Preussenadler_FP_kl.jpg","author_info":{"display_name":"fp_superadmin","author_link":"https:\/\/www.fanprojekt-muenster.de\/wordpress\/author\/fp_superadmin\/"},"yoast_head":"<!-- This site is optimized with the Yoast SEO plugin v27.2 - https:\/\/yoast.com\/product\/yoast-seo-wordpress\/ -->\n<title>Jetzt seid ihr gefragt - Namensvorschl\u00e4ge und Themen - Fangemeinschaft Preu\u00dfen M\u00fcnster e. V.<\/title>\n<meta name=\"robots\" content=\"index, follow, max-snippet:-1, max-image-preview:large, max-video-preview:-1\" \/>\n<link rel=\"canonical\" href=\"https:\/\/www.fanprojekt-muenster.de\/wordpress\/jetzt-seid-ihr-gefragt-namensvorschlaege-und-themen\/\" \/>\n<meta property=\"og:locale\" content=\"de_DE\" \/>\n<meta property=\"og:type\" content=\"article\" \/>\n<meta property=\"og:title\" content=\"Jetzt seid ihr gefragt - Namensvorschl\u00e4ge und Themen - Fangemeinschaft Preu\u00dfen M\u00fcnster e. V.\" \/>\n<meta property=\"og:description\" content=\"Auf der vergangenen Jahreshauptversammlung hatten wir verk\u00fcndet, dass sich das Fanprojekt neu aufstellen m\u00f6chte und somit noch mehr als bisher alle Gruppen aus allen Bereichen des Stadions in die t\u00e4gliche... Read more &raquo;\" \/>\n<meta property=\"og:url\" content=\"https:\/\/www.fanprojekt-muenster.de\/wordpress\/jetzt-seid-ihr-gefragt-namensvorschlaege-und-themen\/\" \/>\n<meta property=\"og:site_name\" content=\"Fangemeinschaft Preu\u00dfen M\u00fcnster e. V.\" \/>\n<meta property=\"article:published_time\" content=\"2013-08-26T12:25:02+00:00\" \/>\n<meta property=\"og:image\" content=\"https:\/\/www.fanprojekt-muenster.de\/wordpress\/wp-content\/uploads\/2013\/04\/Preussenadler_FP_kl.jpg\" \/>\n\t<meta property=\"og:image:width\" content=\"260\" \/>\n\t<meta property=\"og:image:height\" content=\"162\" \/>\n\t<meta property=\"og:image:type\" content=\"image\/jpeg\" \/>\n<meta name=\"author\" content=\"fp_superadmin\" \/>\n<meta name=\"twitter:card\" content=\"summary_large_image\" \/>\n<meta name=\"twitter:label1\" content=\"Verfasst von\" \/>\n\t<meta name=\"twitter:data1\" content=\"fp_superadmin\" \/>\n\t<meta name=\"twitter:label2\" content=\"Gesch\u00e4tzte Lesezeit\" \/>\n\t<meta name=\"twitter:data2\" content=\"1\u00a0Minute\" \/>\n<script type=\"application\/ld+json\" class=\"yoast-schema-graph\">{\"@context\":\"https:\/\/schema.org\",\"@graph\":[{\"@type\":\"Article\",\"@id\":\"https:\/\/www.fanprojekt-muenster.de\/wordpress\/jetzt-seid-ihr-gefragt-namensvorschlaege-und-themen\/#article\",\"isPartOf\":{\"@id\":\"https:\/\/www.fanprojekt-muenster.de\/wordpress\/jetzt-seid-ihr-gefragt-namensvorschlaege-und-themen\/\"},\"author\":{\"name\":\"fp_superadmin\",\"@id\":\"https:\/\/www.fanprojekt-muenster.de\/wordpress\/#\/schema\/person\/9126cc4d73d0d07c75b487075111186c\"},\"headline\":\"Jetzt seid ihr gefragt &#8211; Namensvorschl\u00e4ge und Themen\",\"datePublished\":\"2013-08-26T12:25:02+00:00\",\"mainEntityOfPage\":{\"@id\":\"https:\/\/www.fanprojekt-muenster.de\/wordpress\/jetzt-seid-ihr-gefragt-namensvorschlaege-und-themen\/\"},\"wordCount\":181,\"commentCount\":0,\"publisher\":{\"@id\":\"https:\/\/www.fanprojekt-muenster.de\/wordpress\/#organization\"},\"image\":{\"@id\":\"https:\/\/www.fanprojekt-muenster.de\/wordpress\/jetzt-seid-ihr-gefragt-namensvorschlaege-und-themen\/#primaryimage\"},\"thumbnailUrl\":\"https:\/\/www.fanprojekt-muenster.de\/wordpress\/wp-content\/uploads\/2013\/04\/Preussenadler_FP_kl.jpg\",\"keywords\":[\"Fanbeirat\",\"Fanprojekt\",\"SC Preu\u00dfen M\u00fcnster\",\"Von Fans f\u00fcr Fans\"],\"articleSection\":[\"Aktuelles\"],\"inLanguage\":\"de\",\"potentialAction\":[{\"@type\":\"CommentAction\",\"name\":\"Comment\",\"target\":[\"https:\/\/www.fanprojekt-muenster.de\/wordpress\/jetzt-seid-ihr-gefragt-namensvorschlaege-und-themen\/#respond\"]}]},{\"@type\":\"WebPage\",\"@id\":\"https:\/\/www.fanprojekt-muenster.de\/wordpress\/jetzt-seid-ihr-gefragt-namensvorschlaege-und-themen\/\",\"url\":\"https:\/\/www.fanprojekt-muenster.de\/wordpress\/jetzt-seid-ihr-gefragt-namensvorschlaege-und-themen\/\",\"name\":\"Jetzt seid ihr gefragt - Namensvorschl\u00e4ge und Themen - Fangemeinschaft Preu\u00dfen M\u00fcnster e. V.\",\"isPartOf\":{\"@id\":\"https:\/\/www.fanprojekt-muenster.de\/wordpress\/#website\"},\"primaryImageOfPage\":{\"@id\":\"https:\/\/www.fanprojekt-muenster.de\/wordpress\/jetzt-seid-ihr-gefragt-namensvorschlaege-und-themen\/#primaryimage\"},\"image\":{\"@id\":\"https:\/\/www.fanprojekt-muenster.de\/wordpress\/jetzt-seid-ihr-gefragt-namensvorschlaege-und-themen\/#primaryimage\"},\"thumbnailUrl\":\"https:\/\/www.fanprojekt-muenster.de\/wordpress\/wp-content\/uploads\/2013\/04\/Preussenadler_FP_kl.jpg\",\"datePublished\":\"2013-08-26T12:25:02+00:00\",\"breadcrumb\":{\"@id\":\"https:\/\/www.fanprojekt-muenster.de\/wordpress\/jetzt-seid-ihr-gefragt-namensvorschlaege-und-themen\/#breadcrumb\"},\"inLanguage\":\"de\",\"potentialAction\":[{\"@type\":\"ReadAction\",\"target\":[\"https:\/\/www.fanprojekt-muenster.de\/wordpress\/jetzt-seid-ihr-gefragt-namensvorschlaege-und-themen\/\"]}]},{\"@type\":\"ImageObject\",\"inLanguage\":\"de\",\"@id\":\"https:\/\/www.fanprojekt-muenster.de\/wordpress\/jetzt-seid-ihr-gefragt-namensvorschlaege-und-themen\/#primaryimage\",\"url\":\"https:\/\/www.fanprojekt-muenster.de\/wordpress\/wp-content\/uploads\/2013\/04\/Preussenadler_FP_kl.jpg\",\"contentUrl\":\"https:\/\/www.fanprojekt-muenster.de\/wordpress\/wp-content\/uploads\/2013\/04\/Preussenadler_FP_kl.jpg\",\"width\":260,\"height\":162},{\"@type\":\"BreadcrumbList\",\"@id\":\"https:\/\/www.fanprojekt-muenster.de\/wordpress\/jetzt-seid-ihr-gefragt-namensvorschlaege-und-themen\/#breadcrumb\",\"itemListElement\":[{\"@type\":\"ListItem\",\"position\":1,\"name\":\"Startseite\",\"item\":\"https:\/\/www.fanprojekt-muenster.de\/wordpress\/\"},{\"@type\":\"ListItem\",\"position\":2,\"name\":\"Jetzt seid ihr gefragt &#8211; Namensvorschl\u00e4ge und Themen\"}]},{\"@type\":\"WebSite\",\"@id\":\"https:\/\/www.fanprojekt-muenster.de\/wordpress\/#website\",\"url\":\"https:\/\/www.fanprojekt-muenster.de\/wordpress\/\",\"name\":\"Fangemeinschaft Preu\u00dfen M\u00fcnster e. V.\",\"description\":\"\",\"publisher\":{\"@id\":\"https:\/\/www.fanprojekt-muenster.de\/wordpress\/#organization\"},\"potentialAction\":[{\"@type\":\"SearchAction\",\"target\":{\"@type\":\"EntryPoint\",\"urlTemplate\":\"https:\/\/www.fanprojekt-muenster.de\/wordpress\/?s={search_term_string}\"},\"query-input\":{\"@type\":\"PropertyValueSpecification\",\"valueRequired\":true,\"valueName\":\"search_term_string\"}}],\"inLanguage\":\"de\"},{\"@type\":\"Organization\",\"@id\":\"https:\/\/www.fanprojekt-muenster.de\/wordpress\/#organization\",\"name\":\"Fangemeinschaft Preu\u00dfen M\u00fcnster e. V.\",\"url\":\"https:\/\/www.fanprojekt-muenster.de\/wordpress\/\",\"logo\":{\"@type\":\"ImageObject\",\"inLanguage\":\"de\",\"@id\":\"https:\/\/www.fanprojekt-muenster.de\/wordpress\/#\/schema\/logo\/image\/\",\"url\":\"https:\/\/www.fanprojekt-muenster.de\/wordpress\/wp-content\/uploads\/2019\/07\/cropped-Website_Logo3-9.png\",\"contentUrl\":\"https:\/\/www.fanprojekt-muenster.de\/wordpress\/wp-content\/uploads\/2019\/07\/cropped-Website_Logo3-9.png\",\"width\":224,\"height\":42,\"caption\":\"Fangemeinschaft Preu\u00dfen M\u00fcnster e. V.\"},\"image\":{\"@id\":\"https:\/\/www.fanprojekt-muenster.de\/wordpress\/#\/schema\/logo\/image\/\"}},{\"@type\":\"Person\",\"@id\":\"https:\/\/www.fanprojekt-muenster.de\/wordpress\/#\/schema\/person\/9126cc4d73d0d07c75b487075111186c\",\"name\":\"fp_superadmin\",\"url\":\"https:\/\/www.fanprojekt-muenster.de\/wordpress\/author\/fp_superadmin\/\"}]}<\/script>\n<!-- \/ Yoast SEO plugin. -->","yoast_head_json":{"title":"Jetzt seid ihr gefragt - Namensvorschl\u00e4ge und Themen - Fangemeinschaft Preu\u00dfen M\u00fcnster e. V.","robots":{"index":"index","follow":"follow","max-snippet":"max-snippet:-1","max-image-preview":"max-image-preview:large","max-video-preview":"max-video-preview:-1"},"canonical":"https:\/\/www.fanprojekt-muenster.de\/wordpress\/jetzt-seid-ihr-gefragt-namensvorschlaege-und-themen\/","og_locale":"de_DE","og_type":"article","og_title":"Jetzt seid ihr gefragt - Namensvorschl\u00e4ge und Themen - Fangemeinschaft Preu\u00dfen M\u00fcnster e. V.","og_description":"Auf der vergangenen Jahreshauptversammlung hatten wir verk\u00fcndet, dass sich das Fanprojekt neu aufstellen m\u00f6chte und somit noch mehr als bisher alle Gruppen aus allen Bereichen des Stadions in die t\u00e4gliche... Read more &raquo;","og_url":"https:\/\/www.fanprojekt-muenster.de\/wordpress\/jetzt-seid-ihr-gefragt-namensvorschlaege-und-themen\/","og_site_name":"Fangemeinschaft Preu\u00dfen M\u00fcnster e. V.","article_published_time":"2013-08-26T12:25:02+00:00","og_image":[{"width":260,"height":162,"url":"https:\/\/www.fanprojekt-muenster.de\/wordpress\/wp-content\/uploads\/2013\/04\/Preussenadler_FP_kl.jpg","type":"image\/jpeg"}],"author":"fp_superadmin","twitter_card":"summary_large_image","twitter_misc":{"Verfasst von":"fp_superadmin","Gesch\u00e4tzte Lesezeit":"1\u00a0Minute"},"schema":{"@context":"https:\/\/schema.org","@graph":[{"@type":"Article","@id":"https:\/\/www.fanprojekt-muenster.de\/wordpress\/jetzt-seid-ihr-gefragt-namensvorschlaege-und-themen\/#article","isPartOf":{"@id":"https:\/\/www.fanprojekt-muenster.de\/wordpress\/jetzt-seid-ihr-gefragt-namensvorschlaege-und-themen\/"},"author":{"name":"fp_superadmin","@id":"https:\/\/www.fanprojekt-muenster.de\/wordpress\/#\/schema\/person\/9126cc4d73d0d07c75b487075111186c"},"headline":"Jetzt seid ihr gefragt &#8211; Namensvorschl\u00e4ge und Themen","datePublished":"2013-08-26T12:25:02+00:00","mainEntityOfPage":{"@id":"https:\/\/www.fanprojekt-muenster.de\/wordpress\/jetzt-seid-ihr-gefragt-namensvorschlaege-und-themen\/"},"wordCount":181,"commentCount":0,"publisher":{"@id":"https:\/\/www.fanprojekt-muenster.de\/wordpress\/#organization"},"image":{"@id":"https:\/\/www.fanprojekt-muenster.de\/wordpress\/jetzt-seid-ihr-gefragt-namensvorschlaege-und-themen\/#primaryimage"},"thumbnailUrl":"https:\/\/www.fanprojekt-muenster.de\/wordpress\/wp-content\/uploads\/2013\/04\/Preussenadler_FP_kl.jpg","keywords":["Fanbeirat","Fanprojekt","SC Preu\u00dfen M\u00fcnster","Von Fans f\u00fcr Fans"],"articleSection":["Aktuelles"],"inLanguage":"de","potentialAction":[{"@type":"CommentAction","name":"Comment","target":["https:\/\/www.fanprojekt-muenster.de\/wordpress\/jetzt-seid-ihr-gefragt-namensvorschlaege-und-themen\/#respond"]}]},{"@type":"WebPage","@id":"https:\/\/www.fanprojekt-muenster.de\/wordpress\/jetzt-seid-ihr-gefragt-namensvorschlaege-und-themen\/","url":"https:\/\/www.fanprojekt-muenster.de\/wordpress\/jetzt-seid-ihr-gefragt-namensvorschlaege-und-themen\/","name":"Jetzt seid ihr gefragt - Namensvorschl\u00e4ge und Themen - Fangemeinschaft Preu\u00dfen M\u00fcnster e. V.","isPartOf":{"@id":"https:\/\/www.fanprojekt-muenster.de\/wordpress\/#website"},"primaryImageOfPage":{"@id":"https:\/\/www.fanprojekt-muenster.de\/wordpress\/jetzt-seid-ihr-gefragt-namensvorschlaege-und-themen\/#primaryimage"},"image":{"@id":"https:\/\/www.fanprojekt-muenster.de\/wordpress\/jetzt-seid-ihr-gefragt-namensvorschlaege-und-themen\/#primaryimage"},"thumbnailUrl":"https:\/\/www.fanprojekt-muenster.de\/wordpress\/wp-content\/uploads\/2013\/04\/Preussenadler_FP_kl.jpg","datePublished":"2013-08-26T12:25:02+00:00","breadcrumb":{"@id":"https:\/\/www.fanprojekt-muenster.de\/wordpress\/jetzt-seid-ihr-gefragt-namensvorschlaege-und-themen\/#breadcrumb"},"inLanguage":"de","potentialAction":[{"@type":"ReadAction","target":["https:\/\/www.fanprojekt-muenster.de\/wordpress\/jetzt-seid-ihr-gefragt-namensvorschlaege-und-themen\/"]}]},{"@type":"ImageObject","inLanguage":"de","@id":"https:\/\/www.fanprojekt-muenster.de\/wordpress\/jetzt-seid-ihr-gefragt-namensvorschlaege-und-themen\/#primaryimage","url":"https:\/\/www.fanprojekt-muenster.de\/wordpress\/wp-content\/uploads\/2013\/04\/Preussenadler_FP_kl.jpg","contentUrl":"https:\/\/www.fanprojekt-muenster.de\/wordpress\/wp-content\/uploads\/2013\/04\/Preussenadler_FP_kl.jpg","width":260,"height":162},{"@type":"BreadcrumbList","@id":"https:\/\/www.fanprojekt-muenster.de\/wordpress\/jetzt-seid-ihr-gefragt-namensvorschlaege-und-themen\/#breadcrumb","itemListElement":[{"@type":"ListItem","position":1,"name":"Startseite","item":"https:\/\/www.fanprojekt-muenster.de\/wordpress\/"},{"@type":"ListItem","position":2,"name":"Jetzt seid ihr gefragt &#8211; Namensvorschl\u00e4ge und Themen"}]},{"@type":"WebSite","@id":"https:\/\/www.fanprojekt-muenster.de\/wordpress\/#website","url":"https:\/\/www.fanprojekt-muenster.de\/wordpress\/","name":"Fangemeinschaft Preu\u00dfen M\u00fcnster e. V.","description":"","publisher":{"@id":"https:\/\/www.fanprojekt-muenster.de\/wordpress\/#organization"},"potentialAction":[{"@type":"SearchAction","target":{"@type":"EntryPoint","urlTemplate":"https:\/\/www.fanprojekt-muenster.de\/wordpress\/?s={search_term_string}"},"query-input":{"@type":"PropertyValueSpecification","valueRequired":true,"valueName":"search_term_string"}}],"inLanguage":"de"},{"@type":"Organization","@id":"https:\/\/www.fanprojekt-muenster.de\/wordpress\/#organization","name":"Fangemeinschaft Preu\u00dfen M\u00fcnster e. V.","url":"https:\/\/www.fanprojekt-muenster.de\/wordpress\/","logo":{"@type":"ImageObject","inLanguage":"de","@id":"https:\/\/www.fanprojekt-muenster.de\/wordpress\/#\/schema\/logo\/image\/","url":"https:\/\/www.fanprojekt-muenster.de\/wordpress\/wp-content\/uploads\/2019\/07\/cropped-Website_Logo3-9.png","contentUrl":"https:\/\/www.fanprojekt-muenster.de\/wordpress\/wp-content\/uploads\/2019\/07\/cropped-Website_Logo3-9.png","width":224,"height":42,"caption":"Fangemeinschaft Preu\u00dfen M\u00fcnster e. V."},"image":{"@id":"https:\/\/www.fanprojekt-muenster.de\/wordpress\/#\/schema\/logo\/image\/"}},{"@type":"Person","@id":"https:\/\/www.fanprojekt-muenster.de\/wordpress\/#\/schema\/person\/9126cc4d73d0d07c75b487075111186c","name":"fp_superadmin","url":"https:\/\/www.fanprojekt-muenster.de\/wordpress\/author\/fp_superadmin\/"}]}},"author_meta":{"display_name":"fp_superadmin","author_link":"https:\/\/www.fanprojekt-muenster.de\/wordpress\/author\/fp_superadmin\/"},"featured_img":"https:\/\/www.fanprojekt-muenster.de\/wordpress\/wp-content\/uploads\/2013\/04\/Preussenadler_FP_kl.jpg","coauthors":[],"tax_additional":{"categories":{"linked":["<a href=\"https:\/\/www.fanprojekt-muenster.de\/wordpress\/category\/aktuelles\/\" class=\"advgb-post-tax-term\">Aktuelles<\/a>"],"unlinked":["<span class=\"advgb-post-tax-term\">Aktuelles<\/span>"]},"tags":{"linked":["<a href=\"https:\/\/www.fanprojekt-muenster.de\/wordpress\/category\/aktuelles\/\" class=\"advgb-post-tax-term\">Fanbeirat<\/a>","<a href=\"https:\/\/www.fanprojekt-muenster.de\/wordpress\/category\/aktuelles\/\" class=\"advgb-post-tax-term\">Fanprojekt<\/a>","<a href=\"https:\/\/www.fanprojekt-muenster.de\/wordpress\/category\/aktuelles\/\" class=\"advgb-post-tax-term\">SC Preu\u00dfen M\u00fcnster<\/a>","<a href=\"https:\/\/www.fanprojekt-muenster.de\/wordpress\/category\/aktuelles\/\" class=\"advgb-post-tax-term\">Von Fans f\u00fcr Fans<\/a>"],"unlinked":["<span class=\"advgb-post-tax-term\">Fanbeirat<\/span>","<span class=\"advgb-post-tax-term\">Fanprojekt<\/span>","<span class=\"advgb-post-tax-term\">SC Preu\u00dfen M\u00fcnster<\/span>","<span class=\"advgb-post-tax-term\">Von Fans f\u00fcr Fans<\/span>"]}},"comment_count":"0","relative_dates":{"created":"Posted 13\u00a0Jahren ago","modified":"Updated 13\u00a0Jahren ago"},"absolute_dates":{"created":"Posted on 26. August 2013","modified":"Updated on 26. August 2013"},"absolute_dates_time":{"created":"Posted on 26. August 2013 14:25","modified":"Updated on 26. August 2013 14:25"},"featured_img_caption":"","series_order":"","_links":{"self":[{"href":"https:\/\/www.fanprojekt-muenster.de\/wordpress\/wp-json\/wp\/v2\/posts\/1825","targetHints":{"allow":["GET"]}}],"collection":[{"href":"https:\/\/www.fanprojekt-muenster.de\/wordpress\/wp-json\/wp\/v2\/posts"}],"about":[{"href":"https:\/\/www.fanprojekt-muenster.de\/wordpress\/wp-json\/wp\/v2\/types\/post"}],"author":[{"embeddable":true,"href":"https:\/\/www.fanprojekt-muenster.de\/wordpress\/wp-json\/wp\/v2\/users\/2"}],"replies":[{"embeddable":true,"href":"https:\/\/www.fanprojekt-muenster.de\/wordpress\/wp-json\/wp\/v2\/comments?post=1825"}],"version-history":[{"count":0,"href":"https:\/\/www.fanprojekt-muenster.de\/wordpress\/wp-json\/wp\/v2\/posts\/1825\/revisions"}],"wp:featuredmedia":[{"embeddable":true,"href":"https:\/\/www.fanprojekt-muenster.de\/wordpress\/wp-json\/wp\/v2\/media\/708"}],"wp:attachment":[{"href":"https:\/\/www.fanprojekt-muenster.de\/wordpress\/wp-json\/wp\/v2\/media?parent=1825"}],"wp:term":[{"taxonomy":"category","embeddable":true,"href":"https:\/\/www.fanprojekt-muenster.de\/wordpress\/wp-json\/wp\/v2\/categories?post=1825"},{"taxonomy":"post_tag","embeddable":true,"href":"https:\/\/www.fanprojekt-muenster.de\/wordpress\/wp-json\/wp\/v2\/tags?post=1825"}],"curies":[{"name":"wp","href":"https:\/\/api.w.org\/{rel}","templated":true}]}}