{"id":1793,"date":"2013-08-16T15:16:05","date_gmt":"2013-08-16T13:16:05","guid":{"rendered":"http:\/\/www.fanprojekt-muenster.de\/?p=1793"},"modified":"2013-08-16T15:16:05","modified_gmt":"2013-08-16T13:16:05","slug":"derby-tickets-vorkaufsrecht-fuer-scp-mitglieder-fp-mitglieder-und-dauerkarteninhaber-am-28-august","status":"publish","type":"post","link":"https:\/\/www.fanprojekt-muenster.de\/wordpress\/derby-tickets-vorkaufsrecht-fuer-scp-mitglieder-fp-mitglieder-und-dauerkarteninhaber-am-28-august\/","title":{"rendered":"Derby-Tickets: Vorkaufsrecht f\u00fcr SCP-Mitglieder, FP-Mitglieder und Dauerkarteninhaber am 28. August"},"content":{"rendered":"<p>Neben den Auftritten der Preu\u00dfen im DFB-Pokal z\u00e4hlen die beiden Derbys gegen den VfL Osnabr\u00fcck sicher zu den absoluten Highlights dieser Drittligasaison. Zuerst sieht der Spielplan ein Ausw\u00e4rtsspiel der Adlertr\u00e4ger am 7. September in der Osnabr\u00fccker Osnatel-Arena vor.<\/p>\n<p>1.720 Karten, darunter 1.500 Stehpl\u00e4tze, stellen die Lila-Wei\u00dfen f\u00fcr G\u00e4stefans zur Verf\u00fcgung. \u00a0SCP-Mitglieder und Dauerkarteninhaber genie\u00dfen dabei ein Vorkaufsrecht auf das knappe Ticketkontingent. Je zwei Karten k\u00f6nnen erworben werden. <strong>Fanprojekt-Mitglieder erhalten 1 Karte Stehplatz<\/strong>. Der Verkauf der Tickets an Dauerkarteninhaber und Mitglieder findet am 28. August ab 18 Uhr an den Kassenh\u00e4uschen am Preu\u00dfenstadion statt. Personen, die an diesem Termin verhindert sind, k\u00f6nnen sich selbstverst\u00e4ndlich unter Vorlage ihrer \u00a0Dauerkarte, ihres SCP-Mitgliedsausweises oder FP-Mitgliedsausweis vertreten lassen. Es wurde bewusst der Verkaufstermin nach Feierabend gew\u00e4hlt, um Chancengleichheit zu gew\u00e4hrleisten.<\/p>\n<p>\u201eAu\u00dferdem hat sich der Verein Gedanken dar\u00fcber gemacht, wie er der gestiegenen Zahl von Mitgliedern und \u00a0Dauerkarteninhabern gerecht werden kann\u201c, kommentiert Bianca Sikorski, Leiterin der Ticketingabteilung bei den Preu\u00dfen, die Entscheidung f\u00fcr nur einen Termin. \u201eNur so kann sichergestellt werden, dass derjenige, der zuerst kommt, auch ein Ticket erh\u00e4lt\u201c, so Sikorski weiter. \u201eSchlie\u00dflich ist die Nachfrage bei solchen Spielen mittlerweile deutlich h\u00f6her als das Angebot.\u201c<\/p>\n<p>Der Verein geht davon aus, dass bereits nach der ersten Verkaufsphase keine Tickets mehr zur Verf\u00fcgung stehen werden. Sollten wider Erwarten doch noch Karten verf\u00fcgbar sein, gehen diese am Donnerstag ab 10 Uhr in den freien Verkauf im Fan- und Ticketshop.<\/p>\n<p>Preis\u00fcbersicht* f\u00fcr das Ausw\u00e4rtsspiel in Osnabr\u00fcck:<\/p>\n<ul>\n<li>Stehplatz: Vollzahler 12,50 Euro, erm\u00e4\u00dfigt 9,50 Euro, Kinder 5,50 Euro<\/li>\n<li>Sitzplatz-Trib\u00fcne: nicht \u00fcberdacht 24,50 Euro, \u00fcberdacht 30,50 Euro.<\/li>\n<\/ul>\n<p>*(im Preis enthalten ist eine VVK-Geb\u00fchr in H\u00f6he von 0,50 Euro)<\/p>\n<p>Au\u00dferdem stellt das Fanprojekt wieder einen Bus zur Verf\u00fcgung. Anmeldungen werden <a title=\"Ausw\u00e4rtsfahrt nach Osnabr\u00fcck\" href=\"http:\/\/www.fanprojekt-muenster.de\/Veranstaltungen\/auswaertsfahrt-nach-osnabrueck\/\">hier<\/a> entgegengenommen.<\/p>\n","protected":false},"excerpt":{"rendered":"<p>Neben den Auftritten der Preu\u00dfen im DFB-Pokal z\u00e4hlen die beiden Derbys gegen den VfL Osnabr\u00fcck sicher zu den absoluten Highlights dieser Drittligasaison. Zuerst sieht der Spielplan ein Ausw\u00e4rtsspiel der Adlertr\u00e4ger&#8230; <a class=\"read-more-link\" href=\"https:\/\/www.fanprojekt-muenster.de\/wordpress\/derby-tickets-vorkaufsrecht-fuer-scp-mitglieder-fp-mitglieder-und-dauerkarteninhaber-am-28-august\/\">Read more &raquo;<\/a><\/p>\n","protected":false},"author":2,"featured_media":708,"comment_status":"open","ping_status":"open","sticky":false,"template":"","format":"standard","meta":{"advgb_blocks_editor_width":"","advgb_blocks_columns_visual_guide":"","footnotes":""},"categories":[3],"tags":[25,28,75,112,191,283],"class_list":["post-1793","post","type-post","status-publish","format-standard","has-post-thumbnail","hentry","category-aktuelles","tag-25","tag-3-liga-2","tag-derby","tag-fanprojekt","tag-osnabrueck","tag-von-fans-fuer-fans"],"featured_image_src":"https:\/\/www.fanprojekt-muenster.de\/wordpress\/wp-content\/uploads\/2013\/04\/Preussenadler_FP_kl.jpg","author_info":{"display_name":"fp_superadmin","author_link":"https:\/\/www.fanprojekt-muenster.de\/wordpress\/author\/fp_superadmin\/"},"yoast_head":"<!-- This site is optimized with the Yoast SEO plugin v27.2 - https:\/\/yoast.com\/product\/yoast-seo-wordpress\/ -->\n<title>Derby-Tickets: Vorkaufsrecht f\u00fcr SCP-Mitglieder, FP-Mitglieder und Dauerkarteninhaber am 28. August - Fangemeinschaft Preu\u00dfen M\u00fcnster e. V.<\/title>\n<meta name=\"robots\" content=\"index, follow, max-snippet:-1, max-image-preview:large, max-video-preview:-1\" \/>\n<link rel=\"canonical\" href=\"https:\/\/www.fanprojekt-muenster.de\/wordpress\/derby-tickets-vorkaufsrecht-fuer-scp-mitglieder-fp-mitglieder-und-dauerkarteninhaber-am-28-august\/\" \/>\n<meta property=\"og:locale\" content=\"de_DE\" \/>\n<meta property=\"og:type\" content=\"article\" \/>\n<meta property=\"og:title\" content=\"Derby-Tickets: Vorkaufsrecht f\u00fcr SCP-Mitglieder, FP-Mitglieder und Dauerkarteninhaber am 28. August - Fangemeinschaft Preu\u00dfen M\u00fcnster e. V.\" \/>\n<meta property=\"og:description\" content=\"Neben den Auftritten der Preu\u00dfen im DFB-Pokal z\u00e4hlen die beiden Derbys gegen den VfL Osnabr\u00fcck sicher zu den absoluten Highlights dieser Drittligasaison. Zuerst sieht der Spielplan ein Ausw\u00e4rtsspiel der Adlertr\u00e4ger... Read more &raquo;\" \/>\n<meta property=\"og:url\" content=\"https:\/\/www.fanprojekt-muenster.de\/wordpress\/derby-tickets-vorkaufsrecht-fuer-scp-mitglieder-fp-mitglieder-und-dauerkarteninhaber-am-28-august\/\" \/>\n<meta property=\"og:site_name\" content=\"Fangemeinschaft Preu\u00dfen M\u00fcnster e. V.\" \/>\n<meta property=\"article:published_time\" content=\"2013-08-16T13:16:05+00:00\" \/>\n<meta property=\"og:image\" content=\"https:\/\/www.fanprojekt-muenster.de\/wordpress\/wp-content\/uploads\/2013\/04\/Preussenadler_FP_kl.jpg\" \/>\n\t<meta property=\"og:image:width\" content=\"260\" \/>\n\t<meta property=\"og:image:height\" content=\"162\" \/>\n\t<meta property=\"og:image:type\" content=\"image\/jpeg\" \/>\n<meta name=\"author\" content=\"fp_superadmin\" \/>\n<meta name=\"twitter:card\" content=\"summary_large_image\" \/>\n<meta name=\"twitter:label1\" content=\"Verfasst von\" \/>\n\t<meta name=\"twitter:data1\" content=\"fp_superadmin\" \/>\n\t<meta name=\"twitter:label2\" content=\"Gesch\u00e4tzte Lesezeit\" \/>\n\t<meta name=\"twitter:data2\" content=\"2\u00a0Minuten\" \/>\n<script type=\"application\/ld+json\" class=\"yoast-schema-graph\">{\"@context\":\"https:\/\/schema.org\",\"@graph\":[{\"@type\":\"Article\",\"@id\":\"https:\/\/www.fanprojekt-muenster.de\/wordpress\/derby-tickets-vorkaufsrecht-fuer-scp-mitglieder-fp-mitglieder-und-dauerkarteninhaber-am-28-august\/#article\",\"isPartOf\":{\"@id\":\"https:\/\/www.fanprojekt-muenster.de\/wordpress\/derby-tickets-vorkaufsrecht-fuer-scp-mitglieder-fp-mitglieder-und-dauerkarteninhaber-am-28-august\/\"},\"author\":{\"name\":\"fp_superadmin\",\"@id\":\"https:\/\/www.fanprojekt-muenster.de\/wordpress\/#\/schema\/person\/9126cc4d73d0d07c75b487075111186c\"},\"headline\":\"Derby-Tickets: Vorkaufsrecht f\u00fcr SCP-Mitglieder, FP-Mitglieder und Dauerkarteninhaber am 28. August\",\"datePublished\":\"2013-08-16T13:16:05+00:00\",\"mainEntityOfPage\":{\"@id\":\"https:\/\/www.fanprojekt-muenster.de\/wordpress\/derby-tickets-vorkaufsrecht-fuer-scp-mitglieder-fp-mitglieder-und-dauerkarteninhaber-am-28-august\/\"},\"wordCount\":314,\"commentCount\":0,\"publisher\":{\"@id\":\"https:\/\/www.fanprojekt-muenster.de\/wordpress\/#organization\"},\"image\":{\"@id\":\"https:\/\/www.fanprojekt-muenster.de\/wordpress\/derby-tickets-vorkaufsrecht-fuer-scp-mitglieder-fp-mitglieder-und-dauerkarteninhaber-am-28-august\/#primaryimage\"},\"thumbnailUrl\":\"https:\/\/www.fanprojekt-muenster.de\/wordpress\/wp-content\/uploads\/2013\/04\/Preussenadler_FP_kl.jpg\",\"keywords\":[\"2013\",\"3.Liga\",\"Derby\",\"Fanprojekt\",\"Osnabr\u00fcck\",\"Von Fans f\u00fcr Fans\"],\"articleSection\":[\"Aktuelles\"],\"inLanguage\":\"de\",\"potentialAction\":[{\"@type\":\"CommentAction\",\"name\":\"Comment\",\"target\":[\"https:\/\/www.fanprojekt-muenster.de\/wordpress\/derby-tickets-vorkaufsrecht-fuer-scp-mitglieder-fp-mitglieder-und-dauerkarteninhaber-am-28-august\/#respond\"]}]},{\"@type\":\"WebPage\",\"@id\":\"https:\/\/www.fanprojekt-muenster.de\/wordpress\/derby-tickets-vorkaufsrecht-fuer-scp-mitglieder-fp-mitglieder-und-dauerkarteninhaber-am-28-august\/\",\"url\":\"https:\/\/www.fanprojekt-muenster.de\/wordpress\/derby-tickets-vorkaufsrecht-fuer-scp-mitglieder-fp-mitglieder-und-dauerkarteninhaber-am-28-august\/\",\"name\":\"Derby-Tickets: Vorkaufsrecht f\u00fcr SCP-Mitglieder, FP-Mitglieder und Dauerkarteninhaber am 28. August - Fangemeinschaft Preu\u00dfen M\u00fcnster e. V.\",\"isPartOf\":{\"@id\":\"https:\/\/www.fanprojekt-muenster.de\/wordpress\/#website\"},\"primaryImageOfPage\":{\"@id\":\"https:\/\/www.fanprojekt-muenster.de\/wordpress\/derby-tickets-vorkaufsrecht-fuer-scp-mitglieder-fp-mitglieder-und-dauerkarteninhaber-am-28-august\/#primaryimage\"},\"image\":{\"@id\":\"https:\/\/www.fanprojekt-muenster.de\/wordpress\/derby-tickets-vorkaufsrecht-fuer-scp-mitglieder-fp-mitglieder-und-dauerkarteninhaber-am-28-august\/#primaryimage\"},\"thumbnailUrl\":\"https:\/\/www.fanprojekt-muenster.de\/wordpress\/wp-content\/uploads\/2013\/04\/Preussenadler_FP_kl.jpg\",\"datePublished\":\"2013-08-16T13:16:05+00:00\",\"breadcrumb\":{\"@id\":\"https:\/\/www.fanprojekt-muenster.de\/wordpress\/derby-tickets-vorkaufsrecht-fuer-scp-mitglieder-fp-mitglieder-und-dauerkarteninhaber-am-28-august\/#breadcrumb\"},\"inLanguage\":\"de\",\"potentialAction\":[{\"@type\":\"ReadAction\",\"target\":[\"https:\/\/www.fanprojekt-muenster.de\/wordpress\/derby-tickets-vorkaufsrecht-fuer-scp-mitglieder-fp-mitglieder-und-dauerkarteninhaber-am-28-august\/\"]}]},{\"@type\":\"ImageObject\",\"inLanguage\":\"de\",\"@id\":\"https:\/\/www.fanprojekt-muenster.de\/wordpress\/derby-tickets-vorkaufsrecht-fuer-scp-mitglieder-fp-mitglieder-und-dauerkarteninhaber-am-28-august\/#primaryimage\",\"url\":\"https:\/\/www.fanprojekt-muenster.de\/wordpress\/wp-content\/uploads\/2013\/04\/Preussenadler_FP_kl.jpg\",\"contentUrl\":\"https:\/\/www.fanprojekt-muenster.de\/wordpress\/wp-content\/uploads\/2013\/04\/Preussenadler_FP_kl.jpg\",\"width\":260,\"height\":162},{\"@type\":\"BreadcrumbList\",\"@id\":\"https:\/\/www.fanprojekt-muenster.de\/wordpress\/derby-tickets-vorkaufsrecht-fuer-scp-mitglieder-fp-mitglieder-und-dauerkarteninhaber-am-28-august\/#breadcrumb\",\"itemListElement\":[{\"@type\":\"ListItem\",\"position\":1,\"name\":\"Startseite\",\"item\":\"https:\/\/www.fanprojekt-muenster.de\/wordpress\/\"},{\"@type\":\"ListItem\",\"position\":2,\"name\":\"Derby-Tickets: Vorkaufsrecht f\u00fcr SCP-Mitglieder, FP-Mitglieder und Dauerkarteninhaber am 28. August\"}]},{\"@type\":\"WebSite\",\"@id\":\"https:\/\/www.fanprojekt-muenster.de\/wordpress\/#website\",\"url\":\"https:\/\/www.fanprojekt-muenster.de\/wordpress\/\",\"name\":\"Fangemeinschaft Preu\u00dfen M\u00fcnster e. V.\",\"description\":\"\",\"publisher\":{\"@id\":\"https:\/\/www.fanprojekt-muenster.de\/wordpress\/#organization\"},\"potentialAction\":[{\"@type\":\"SearchAction\",\"target\":{\"@type\":\"EntryPoint\",\"urlTemplate\":\"https:\/\/www.fanprojekt-muenster.de\/wordpress\/?s={search_term_string}\"},\"query-input\":{\"@type\":\"PropertyValueSpecification\",\"valueRequired\":true,\"valueName\":\"search_term_string\"}}],\"inLanguage\":\"de\"},{\"@type\":\"Organization\",\"@id\":\"https:\/\/www.fanprojekt-muenster.de\/wordpress\/#organization\",\"name\":\"Fangemeinschaft Preu\u00dfen M\u00fcnster e. V.\",\"url\":\"https:\/\/www.fanprojekt-muenster.de\/wordpress\/\",\"logo\":{\"@type\":\"ImageObject\",\"inLanguage\":\"de\",\"@id\":\"https:\/\/www.fanprojekt-muenster.de\/wordpress\/#\/schema\/logo\/image\/\",\"url\":\"https:\/\/www.fanprojekt-muenster.de\/wordpress\/wp-content\/uploads\/2019\/07\/cropped-Website_Logo3-9.png\",\"contentUrl\":\"https:\/\/www.fanprojekt-muenster.de\/wordpress\/wp-content\/uploads\/2019\/07\/cropped-Website_Logo3-9.png\",\"width\":224,\"height\":42,\"caption\":\"Fangemeinschaft Preu\u00dfen M\u00fcnster e. V.\"},\"image\":{\"@id\":\"https:\/\/www.fanprojekt-muenster.de\/wordpress\/#\/schema\/logo\/image\/\"}},{\"@type\":\"Person\",\"@id\":\"https:\/\/www.fanprojekt-muenster.de\/wordpress\/#\/schema\/person\/9126cc4d73d0d07c75b487075111186c\",\"name\":\"fp_superadmin\",\"url\":\"https:\/\/www.fanprojekt-muenster.de\/wordpress\/author\/fp_superadmin\/\"}]}<\/script>\n<!-- \/ Yoast SEO plugin. -->","yoast_head_json":{"title":"Derby-Tickets: Vorkaufsrecht f\u00fcr SCP-Mitglieder, FP-Mitglieder und Dauerkarteninhaber am 28. August - Fangemeinschaft Preu\u00dfen M\u00fcnster e. V.","robots":{"index":"index","follow":"follow","max-snippet":"max-snippet:-1","max-image-preview":"max-image-preview:large","max-video-preview":"max-video-preview:-1"},"canonical":"https:\/\/www.fanprojekt-muenster.de\/wordpress\/derby-tickets-vorkaufsrecht-fuer-scp-mitglieder-fp-mitglieder-und-dauerkarteninhaber-am-28-august\/","og_locale":"de_DE","og_type":"article","og_title":"Derby-Tickets: Vorkaufsrecht f\u00fcr SCP-Mitglieder, FP-Mitglieder und Dauerkarteninhaber am 28. August - Fangemeinschaft Preu\u00dfen M\u00fcnster e. V.","og_description":"Neben den Auftritten der Preu\u00dfen im DFB-Pokal z\u00e4hlen die beiden Derbys gegen den VfL Osnabr\u00fcck sicher zu den absoluten Highlights dieser Drittligasaison. Zuerst sieht der Spielplan ein Ausw\u00e4rtsspiel der Adlertr\u00e4ger... Read more &raquo;","og_url":"https:\/\/www.fanprojekt-muenster.de\/wordpress\/derby-tickets-vorkaufsrecht-fuer-scp-mitglieder-fp-mitglieder-und-dauerkarteninhaber-am-28-august\/","og_site_name":"Fangemeinschaft Preu\u00dfen M\u00fcnster e. V.","article_published_time":"2013-08-16T13:16:05+00:00","og_image":[{"width":260,"height":162,"url":"https:\/\/www.fanprojekt-muenster.de\/wordpress\/wp-content\/uploads\/2013\/04\/Preussenadler_FP_kl.jpg","type":"image\/jpeg"}],"author":"fp_superadmin","twitter_card":"summary_large_image","twitter_misc":{"Verfasst von":"fp_superadmin","Gesch\u00e4tzte Lesezeit":"2\u00a0Minuten"},"schema":{"@context":"https:\/\/schema.org","@graph":[{"@type":"Article","@id":"https:\/\/www.fanprojekt-muenster.de\/wordpress\/derby-tickets-vorkaufsrecht-fuer-scp-mitglieder-fp-mitglieder-und-dauerkarteninhaber-am-28-august\/#article","isPartOf":{"@id":"https:\/\/www.fanprojekt-muenster.de\/wordpress\/derby-tickets-vorkaufsrecht-fuer-scp-mitglieder-fp-mitglieder-und-dauerkarteninhaber-am-28-august\/"},"author":{"name":"fp_superadmin","@id":"https:\/\/www.fanprojekt-muenster.de\/wordpress\/#\/schema\/person\/9126cc4d73d0d07c75b487075111186c"},"headline":"Derby-Tickets: Vorkaufsrecht f\u00fcr SCP-Mitglieder, FP-Mitglieder und Dauerkarteninhaber am 28. August","datePublished":"2013-08-16T13:16:05+00:00","mainEntityOfPage":{"@id":"https:\/\/www.fanprojekt-muenster.de\/wordpress\/derby-tickets-vorkaufsrecht-fuer-scp-mitglieder-fp-mitglieder-und-dauerkarteninhaber-am-28-august\/"},"wordCount":314,"commentCount":0,"publisher":{"@id":"https:\/\/www.fanprojekt-muenster.de\/wordpress\/#organization"},"image":{"@id":"https:\/\/www.fanprojekt-muenster.de\/wordpress\/derby-tickets-vorkaufsrecht-fuer-scp-mitglieder-fp-mitglieder-und-dauerkarteninhaber-am-28-august\/#primaryimage"},"thumbnailUrl":"https:\/\/www.fanprojekt-muenster.de\/wordpress\/wp-content\/uploads\/2013\/04\/Preussenadler_FP_kl.jpg","keywords":["2013","3.Liga","Derby","Fanprojekt","Osnabr\u00fcck","Von Fans f\u00fcr Fans"],"articleSection":["Aktuelles"],"inLanguage":"de","potentialAction":[{"@type":"CommentAction","name":"Comment","target":["https:\/\/www.fanprojekt-muenster.de\/wordpress\/derby-tickets-vorkaufsrecht-fuer-scp-mitglieder-fp-mitglieder-und-dauerkarteninhaber-am-28-august\/#respond"]}]},{"@type":"WebPage","@id":"https:\/\/www.fanprojekt-muenster.de\/wordpress\/derby-tickets-vorkaufsrecht-fuer-scp-mitglieder-fp-mitglieder-und-dauerkarteninhaber-am-28-august\/","url":"https:\/\/www.fanprojekt-muenster.de\/wordpress\/derby-tickets-vorkaufsrecht-fuer-scp-mitglieder-fp-mitglieder-und-dauerkarteninhaber-am-28-august\/","name":"Derby-Tickets: Vorkaufsrecht f\u00fcr SCP-Mitglieder, FP-Mitglieder und Dauerkarteninhaber am 28. August - Fangemeinschaft Preu\u00dfen M\u00fcnster e. V.","isPartOf":{"@id":"https:\/\/www.fanprojekt-muenster.de\/wordpress\/#website"},"primaryImageOfPage":{"@id":"https:\/\/www.fanprojekt-muenster.de\/wordpress\/derby-tickets-vorkaufsrecht-fuer-scp-mitglieder-fp-mitglieder-und-dauerkarteninhaber-am-28-august\/#primaryimage"},"image":{"@id":"https:\/\/www.fanprojekt-muenster.de\/wordpress\/derby-tickets-vorkaufsrecht-fuer-scp-mitglieder-fp-mitglieder-und-dauerkarteninhaber-am-28-august\/#primaryimage"},"thumbnailUrl":"https:\/\/www.fanprojekt-muenster.de\/wordpress\/wp-content\/uploads\/2013\/04\/Preussenadler_FP_kl.jpg","datePublished":"2013-08-16T13:16:05+00:00","breadcrumb":{"@id":"https:\/\/www.fanprojekt-muenster.de\/wordpress\/derby-tickets-vorkaufsrecht-fuer-scp-mitglieder-fp-mitglieder-und-dauerkarteninhaber-am-28-august\/#breadcrumb"},"inLanguage":"de","potentialAction":[{"@type":"ReadAction","target":["https:\/\/www.fanprojekt-muenster.de\/wordpress\/derby-tickets-vorkaufsrecht-fuer-scp-mitglieder-fp-mitglieder-und-dauerkarteninhaber-am-28-august\/"]}]},{"@type":"ImageObject","inLanguage":"de","@id":"https:\/\/www.fanprojekt-muenster.de\/wordpress\/derby-tickets-vorkaufsrecht-fuer-scp-mitglieder-fp-mitglieder-und-dauerkarteninhaber-am-28-august\/#primaryimage","url":"https:\/\/www.fanprojekt-muenster.de\/wordpress\/wp-content\/uploads\/2013\/04\/Preussenadler_FP_kl.jpg","contentUrl":"https:\/\/www.fanprojekt-muenster.de\/wordpress\/wp-content\/uploads\/2013\/04\/Preussenadler_FP_kl.jpg","width":260,"height":162},{"@type":"BreadcrumbList","@id":"https:\/\/www.fanprojekt-muenster.de\/wordpress\/derby-tickets-vorkaufsrecht-fuer-scp-mitglieder-fp-mitglieder-und-dauerkarteninhaber-am-28-august\/#breadcrumb","itemListElement":[{"@type":"ListItem","position":1,"name":"Startseite","item":"https:\/\/www.fanprojekt-muenster.de\/wordpress\/"},{"@type":"ListItem","position":2,"name":"Derby-Tickets: Vorkaufsrecht f\u00fcr SCP-Mitglieder, FP-Mitglieder und Dauerkarteninhaber am 28. August"}]},{"@type":"WebSite","@id":"https:\/\/www.fanprojekt-muenster.de\/wordpress\/#website","url":"https:\/\/www.fanprojekt-muenster.de\/wordpress\/","name":"Fangemeinschaft Preu\u00dfen M\u00fcnster e. V.","description":"","publisher":{"@id":"https:\/\/www.fanprojekt-muenster.de\/wordpress\/#organization"},"potentialAction":[{"@type":"SearchAction","target":{"@type":"EntryPoint","urlTemplate":"https:\/\/www.fanprojekt-muenster.de\/wordpress\/?s={search_term_string}"},"query-input":{"@type":"PropertyValueSpecification","valueRequired":true,"valueName":"search_term_string"}}],"inLanguage":"de"},{"@type":"Organization","@id":"https:\/\/www.fanprojekt-muenster.de\/wordpress\/#organization","name":"Fangemeinschaft Preu\u00dfen M\u00fcnster e. V.","url":"https:\/\/www.fanprojekt-muenster.de\/wordpress\/","logo":{"@type":"ImageObject","inLanguage":"de","@id":"https:\/\/www.fanprojekt-muenster.de\/wordpress\/#\/schema\/logo\/image\/","url":"https:\/\/www.fanprojekt-muenster.de\/wordpress\/wp-content\/uploads\/2019\/07\/cropped-Website_Logo3-9.png","contentUrl":"https:\/\/www.fanprojekt-muenster.de\/wordpress\/wp-content\/uploads\/2019\/07\/cropped-Website_Logo3-9.png","width":224,"height":42,"caption":"Fangemeinschaft Preu\u00dfen M\u00fcnster e. V."},"image":{"@id":"https:\/\/www.fanprojekt-muenster.de\/wordpress\/#\/schema\/logo\/image\/"}},{"@type":"Person","@id":"https:\/\/www.fanprojekt-muenster.de\/wordpress\/#\/schema\/person\/9126cc4d73d0d07c75b487075111186c","name":"fp_superadmin","url":"https:\/\/www.fanprojekt-muenster.de\/wordpress\/author\/fp_superadmin\/"}]}},"author_meta":{"display_name":"fp_superadmin","author_link":"https:\/\/www.fanprojekt-muenster.de\/wordpress\/author\/fp_superadmin\/"},"featured_img":"https:\/\/www.fanprojekt-muenster.de\/wordpress\/wp-content\/uploads\/2013\/04\/Preussenadler_FP_kl.jpg","coauthors":[],"tax_additional":{"categories":{"linked":["<a href=\"https:\/\/www.fanprojekt-muenster.de\/wordpress\/category\/aktuelles\/\" class=\"advgb-post-tax-term\">Aktuelles<\/a>"],"unlinked":["<span class=\"advgb-post-tax-term\">Aktuelles<\/span>"]},"tags":{"linked":["<a href=\"https:\/\/www.fanprojekt-muenster.de\/wordpress\/category\/aktuelles\/\" class=\"advgb-post-tax-term\">2013<\/a>","<a href=\"https:\/\/www.fanprojekt-muenster.de\/wordpress\/category\/aktuelles\/\" class=\"advgb-post-tax-term\">3.Liga<\/a>","<a href=\"https:\/\/www.fanprojekt-muenster.de\/wordpress\/category\/aktuelles\/\" class=\"advgb-post-tax-term\">Derby<\/a>","<a href=\"https:\/\/www.fanprojekt-muenster.de\/wordpress\/category\/aktuelles\/\" class=\"advgb-post-tax-term\">Fanprojekt<\/a>","<a href=\"https:\/\/www.fanprojekt-muenster.de\/wordpress\/category\/aktuelles\/\" class=\"advgb-post-tax-term\">Osnabr\u00fcck<\/a>","<a href=\"https:\/\/www.fanprojekt-muenster.de\/wordpress\/category\/aktuelles\/\" class=\"advgb-post-tax-term\">Von Fans f\u00fcr Fans<\/a>"],"unlinked":["<span class=\"advgb-post-tax-term\">2013<\/span>","<span class=\"advgb-post-tax-term\">3.Liga<\/span>","<span class=\"advgb-post-tax-term\">Derby<\/span>","<span class=\"advgb-post-tax-term\">Fanprojekt<\/span>","<span class=\"advgb-post-tax-term\">Osnabr\u00fcck<\/span>","<span class=\"advgb-post-tax-term\">Von Fans f\u00fcr Fans<\/span>"]}},"comment_count":"0","relative_dates":{"created":"Posted 13\u00a0Jahren ago","modified":"Updated 13\u00a0Jahren ago"},"absolute_dates":{"created":"Posted on 16. August 2013","modified":"Updated on 16. August 2013"},"absolute_dates_time":{"created":"Posted on 16. August 2013 15:16","modified":"Updated on 16. August 2013 15:16"},"featured_img_caption":"","series_order":"","_links":{"self":[{"href":"https:\/\/www.fanprojekt-muenster.de\/wordpress\/wp-json\/wp\/v2\/posts\/1793","targetHints":{"allow":["GET"]}}],"collection":[{"href":"https:\/\/www.fanprojekt-muenster.de\/wordpress\/wp-json\/wp\/v2\/posts"}],"about":[{"href":"https:\/\/www.fanprojekt-muenster.de\/wordpress\/wp-json\/wp\/v2\/types\/post"}],"author":[{"embeddable":true,"href":"https:\/\/www.fanprojekt-muenster.de\/wordpress\/wp-json\/wp\/v2\/users\/2"}],"replies":[{"embeddable":true,"href":"https:\/\/www.fanprojekt-muenster.de\/wordpress\/wp-json\/wp\/v2\/comments?post=1793"}],"version-history":[{"count":0,"href":"https:\/\/www.fanprojekt-muenster.de\/wordpress\/wp-json\/wp\/v2\/posts\/1793\/revisions"}],"wp:featuredmedia":[{"embeddable":true,"href":"https:\/\/www.fanprojekt-muenster.de\/wordpress\/wp-json\/wp\/v2\/media\/708"}],"wp:attachment":[{"href":"https:\/\/www.fanprojekt-muenster.de\/wordpress\/wp-json\/wp\/v2\/media?parent=1793"}],"wp:term":[{"taxonomy":"category","embeddable":true,"href":"https:\/\/www.fanprojekt-muenster.de\/wordpress\/wp-json\/wp\/v2\/categories?post=1793"},{"taxonomy":"post_tag","embeddable":true,"href":"https:\/\/www.fanprojekt-muenster.de\/wordpress\/wp-json\/wp\/v2\/tags?post=1793"}],"curies":[{"name":"wp","href":"https:\/\/api.w.org\/{rel}","templated":true}]}}