{"id":1754,"date":"2013-08-14T12:41:55","date_gmt":"2013-08-14T10:41:55","guid":{"rendered":"http:\/\/www.fanprojekt-muenster.de\/?p=1754"},"modified":"2013-08-14T12:41:55","modified_gmt":"2013-08-14T10:41:55","slug":"preussen-fanprojekt-mit-neuer-website-und-neuer-app","status":"publish","type":"post","link":"https:\/\/www.fanprojekt-muenster.de\/wordpress\/preussen-fanprojekt-mit-neuer-website-und-neuer-app\/","title":{"rendered":"Preu\u00dfen-Fanprojekt mit neuer Website und neuer App"},"content":{"rendered":"<p>Das Fanprojekt (FP) des SC Preu\u00dfen M\u00fcnster, eine eigenst\u00e4ndige Abteilung des Gesamtvereins mit inzwischen 450 Mitgliedern, hat nach zwei Jahren seiner Website einen neuen Anstrich verpasst und die Seiten noch nutzerorientierter und moderner gestaltet sowie erstmals auch eine eigene App auf den Markt gebracht.<\/p>\n<p>\u201eWir wollten und mussten unseren Online-Auftritt optimieren und komprimieren, um den gestiegenen Anspr\u00fcchen unserer Nutzer gerecht zu werden\u201c, umrei\u00dft Andr\u00e9 Zivic, Gesch\u00e4ftsf\u00fchrer des FP und Projektleiter des Relaunches. Die Seiten sind nun \u00fcbersichtlicher und f\u00fcr die Nutzer einfacher zu bedienen. Es gibt weitere interaktive Elemente wie Kommentarfunktionen und die Sozialen Netzwerke sind in die Website integriert. Die bisherige eigene Seite f\u00fcr das Fanradio Radio Mottekstrehle wurde abgeschaltet, die Livestreams von den Spielen sind ab sofort alle \u00fcber die neue FP-Homepage verf\u00fcgbar \u2013 und zwar f\u00fcr alle Browser und mobilen Endger\u00e4te. Nat\u00fcrlich wurde die neue Website komplett f\u00fcr andere Endger\u00e4te optimiert.<\/p>\n<p>Ebenfalls neu ist die erste Fanprojekt-App: Sie ist kostenlos, bietet den direkten Kontakt zwischen FP und Fans und wird nach und nach weiter ausgebaut. Die App wurde umgesetzt von dem Unternehmen \u201ezivic media\u201c in Zusammenarbeit mit der Opwoco GmbH in Coesfeld, hinter dem sich die Frau von Andr\u00e9 Zivic, Silke Zivic, verbirgt. Es handelt sich um ein klassisches Social Sponsoring, das FP musste also nichts daf\u00fcr bezahlen, ebenso wie f\u00fcr den Relaunch der Website, den Zivic federf\u00fchrend umgesetzt hat. Die App ist im AppStore, bei GooglePlay und in K\u00fcrze auch bei WindowsPhone erh\u00e4ltlich.<\/p>\n<p>Das Fanprojekt bittet alle Fans um konstruktive Kritik an der neuen Website sowie an der App und ist offen f\u00fcr Unterst\u00fctzung und neue Ideen\u2026<\/p>\n<p>Hier der <a title=\"FP M\u00fcnster App\" href=\"https:\/\/admin.apptitan.de\/app\/0e72d0dc3d6f6d89147a9354aeb11a91.html\" target=\"_blank\" rel=\"noopener noreferrer\">Link<\/a> zum Download der App.<\/p>\n<p>Links zum Relaunch:<br \/>\n<a title=\"APPtitan\" href=\"http:\/\/www.apptitan.de\" target=\"_blank\" rel=\"noopener noreferrer\">Opwoco GmbH<br \/>\nAPPtitan<br \/>\n<\/a><a title=\"zivic|media\" href=\"http:\/\/www.zivic-media.de\" target=\"_blank\" rel=\"noopener noreferrer\">zivic|media<\/a><\/p>\n<p><img loading=\"lazy\" decoding=\"async\" alt=\"QR Code App\" src=\"http:\/\/www.fanprojekt-muenster.de\/wp-content\/uploads\/2013\/08\/Bildschirmfoto-2013-08-14-um-12.57.26.png\" width=\"143\" height=\"142\" \/>\u00a0\u00a0<a href=\"https:\/\/play.google.com\/store\/apps\/details?id=de.apptitan.mobileapi.y4i82a\"><img loading=\"lazy\" decoding=\"async\" alt=\"Google Play\" src=\"http:\/\/www.fanprojekt-muenster.de\/wp-content\/uploads\/2013\/08\/Bildschirmfoto-2013-08-14-um-12.56.59.png\" width=\"113\" height=\"39\" \/><\/a>\u00a0\u00a0<a href=\"https:\/\/itunes.apple.com\/de\/app\/fpm\u00fcnster\/id685940791\"><img loading=\"lazy\" decoding=\"async\" alt=\"App Store\" src=\"http:\/\/www.fanprojekt-muenster.de\/wp-content\/uploads\/2013\/08\/Bildschirmfoto-2013-08-14-um-12.56.48.png\" width=\"137\" height=\"40\" \/><\/a><\/p>\n","protected":false},"excerpt":{"rendered":"<p>Das Fanprojekt (FP) des SC Preu\u00dfen M\u00fcnster, eine eigenst\u00e4ndige Abteilung des Gesamtvereins mit inzwischen 450 Mitgliedern, hat nach zwei Jahren seiner Website einen neuen Anstrich verpasst und die Seiten noch&#8230; <a class=\"read-more-link\" href=\"https:\/\/www.fanprojekt-muenster.de\/wordpress\/preussen-fanprojekt-mit-neuer-website-und-neuer-app\/\">Read more &raquo;<\/a><\/p>\n","protected":false},"author":2,"featured_media":1755,"comment_status":"open","ping_status":"open","sticky":false,"template":"","format":"standard","meta":{"advgb_blocks_editor_width":"","advgb_blocks_columns_visual_guide":"","footnotes":""},"categories":[3],"tags":[25,44,112,229,292],"class_list":["post-1754","post","type-post","status-publish","format-standard","has-post-thumbnail","hentry","category-aktuelles","tag-25","tag-app","tag-fanprojekt","tag-scp","tag-website"],"featured_image_src":"https:\/\/www.fanprojekt-muenster.de\/wordpress\/wp-content\/uploads\/2013\/08\/Bildschirmfoto-2013-08-14-um-12.39.50.png","author_info":{"display_name":"fp_superadmin","author_link":"https:\/\/www.fanprojekt-muenster.de\/wordpress\/author\/fp_superadmin\/"},"yoast_head":"<!-- This site is optimized with the Yoast SEO plugin v27.2 - https:\/\/yoast.com\/product\/yoast-seo-wordpress\/ -->\n<title>Preu\u00dfen-Fanprojekt mit neuer Website und neuer App - Fangemeinschaft Preu\u00dfen M\u00fcnster e. V.<\/title>\n<meta name=\"robots\" content=\"index, follow, max-snippet:-1, max-image-preview:large, max-video-preview:-1\" \/>\n<link rel=\"canonical\" href=\"https:\/\/www.fanprojekt-muenster.de\/wordpress\/preussen-fanprojekt-mit-neuer-website-und-neuer-app\/\" \/>\n<meta property=\"og:locale\" content=\"de_DE\" \/>\n<meta property=\"og:type\" content=\"article\" \/>\n<meta property=\"og:title\" content=\"Preu\u00dfen-Fanprojekt mit neuer Website und neuer App - Fangemeinschaft Preu\u00dfen M\u00fcnster e. V.\" \/>\n<meta property=\"og:description\" content=\"Das Fanprojekt (FP) des SC Preu\u00dfen M\u00fcnster, eine eigenst\u00e4ndige Abteilung des Gesamtvereins mit inzwischen 450 Mitgliedern, hat nach zwei Jahren seiner Website einen neuen Anstrich verpasst und die Seiten noch... Read more &raquo;\" \/>\n<meta property=\"og:url\" content=\"https:\/\/www.fanprojekt-muenster.de\/wordpress\/preussen-fanprojekt-mit-neuer-website-und-neuer-app\/\" \/>\n<meta property=\"og:site_name\" content=\"Fangemeinschaft Preu\u00dfen M\u00fcnster e. V.\" \/>\n<meta property=\"article:published_time\" content=\"2013-08-14T10:41:55+00:00\" \/>\n<meta property=\"og:image\" content=\"https:\/\/www.fanprojekt-muenster.de\/wordpress\/wp-content\/uploads\/2013\/08\/Bildschirmfoto-2013-08-14-um-12.39.50.png\" \/>\n\t<meta property=\"og:image:width\" content=\"1243\" \/>\n\t<meta property=\"og:image:height\" content=\"1171\" \/>\n\t<meta property=\"og:image:type\" content=\"image\/png\" \/>\n<meta name=\"author\" content=\"fp_superadmin\" \/>\n<meta name=\"twitter:card\" content=\"summary_large_image\" \/>\n<meta name=\"twitter:label1\" content=\"Verfasst von\" \/>\n\t<meta name=\"twitter:data1\" content=\"fp_superadmin\" \/>\n\t<meta name=\"twitter:label2\" content=\"Gesch\u00e4tzte Lesezeit\" \/>\n\t<meta name=\"twitter:data2\" content=\"1\u00a0Minute\" \/>\n<script type=\"application\/ld+json\" class=\"yoast-schema-graph\">{\"@context\":\"https:\/\/schema.org\",\"@graph\":[{\"@type\":\"Article\",\"@id\":\"https:\/\/www.fanprojekt-muenster.de\/wordpress\/preussen-fanprojekt-mit-neuer-website-und-neuer-app\/#article\",\"isPartOf\":{\"@id\":\"https:\/\/www.fanprojekt-muenster.de\/wordpress\/preussen-fanprojekt-mit-neuer-website-und-neuer-app\/\"},\"author\":{\"name\":\"fp_superadmin\",\"@id\":\"https:\/\/www.fanprojekt-muenster.de\/wordpress\/#\/schema\/person\/9126cc4d73d0d07c75b487075111186c\"},\"headline\":\"Preu\u00dfen-Fanprojekt mit neuer Website und neuer App\",\"datePublished\":\"2013-08-14T10:41:55+00:00\",\"mainEntityOfPage\":{\"@id\":\"https:\/\/www.fanprojekt-muenster.de\/wordpress\/preussen-fanprojekt-mit-neuer-website-und-neuer-app\/\"},\"wordCount\":304,\"commentCount\":0,\"publisher\":{\"@id\":\"https:\/\/www.fanprojekt-muenster.de\/wordpress\/#organization\"},\"image\":{\"@id\":\"https:\/\/www.fanprojekt-muenster.de\/wordpress\/preussen-fanprojekt-mit-neuer-website-und-neuer-app\/#primaryimage\"},\"thumbnailUrl\":\"https:\/\/www.fanprojekt-muenster.de\/wordpress\/wp-content\/uploads\/2013\/08\/Bildschirmfoto-2013-08-14-um-12.39.50.png\",\"keywords\":[\"2013\",\"App\",\"Fanprojekt\",\"SCP\",\"Website\"],\"articleSection\":[\"Aktuelles\"],\"inLanguage\":\"de\",\"potentialAction\":[{\"@type\":\"CommentAction\",\"name\":\"Comment\",\"target\":[\"https:\/\/www.fanprojekt-muenster.de\/wordpress\/preussen-fanprojekt-mit-neuer-website-und-neuer-app\/#respond\"]}]},{\"@type\":\"WebPage\",\"@id\":\"https:\/\/www.fanprojekt-muenster.de\/wordpress\/preussen-fanprojekt-mit-neuer-website-und-neuer-app\/\",\"url\":\"https:\/\/www.fanprojekt-muenster.de\/wordpress\/preussen-fanprojekt-mit-neuer-website-und-neuer-app\/\",\"name\":\"Preu\u00dfen-Fanprojekt mit neuer Website und neuer App - Fangemeinschaft Preu\u00dfen M\u00fcnster e. V.\",\"isPartOf\":{\"@id\":\"https:\/\/www.fanprojekt-muenster.de\/wordpress\/#website\"},\"primaryImageOfPage\":{\"@id\":\"https:\/\/www.fanprojekt-muenster.de\/wordpress\/preussen-fanprojekt-mit-neuer-website-und-neuer-app\/#primaryimage\"},\"image\":{\"@id\":\"https:\/\/www.fanprojekt-muenster.de\/wordpress\/preussen-fanprojekt-mit-neuer-website-und-neuer-app\/#primaryimage\"},\"thumbnailUrl\":\"https:\/\/www.fanprojekt-muenster.de\/wordpress\/wp-content\/uploads\/2013\/08\/Bildschirmfoto-2013-08-14-um-12.39.50.png\",\"datePublished\":\"2013-08-14T10:41:55+00:00\",\"breadcrumb\":{\"@id\":\"https:\/\/www.fanprojekt-muenster.de\/wordpress\/preussen-fanprojekt-mit-neuer-website-und-neuer-app\/#breadcrumb\"},\"inLanguage\":\"de\",\"potentialAction\":[{\"@type\":\"ReadAction\",\"target\":[\"https:\/\/www.fanprojekt-muenster.de\/wordpress\/preussen-fanprojekt-mit-neuer-website-und-neuer-app\/\"]}]},{\"@type\":\"ImageObject\",\"inLanguage\":\"de\",\"@id\":\"https:\/\/www.fanprojekt-muenster.de\/wordpress\/preussen-fanprojekt-mit-neuer-website-und-neuer-app\/#primaryimage\",\"url\":\"https:\/\/www.fanprojekt-muenster.de\/wordpress\/wp-content\/uploads\/2013\/08\/Bildschirmfoto-2013-08-14-um-12.39.50.png\",\"contentUrl\":\"https:\/\/www.fanprojekt-muenster.de\/wordpress\/wp-content\/uploads\/2013\/08\/Bildschirmfoto-2013-08-14-um-12.39.50.png\",\"width\":1243,\"height\":1171},{\"@type\":\"BreadcrumbList\",\"@id\":\"https:\/\/www.fanprojekt-muenster.de\/wordpress\/preussen-fanprojekt-mit-neuer-website-und-neuer-app\/#breadcrumb\",\"itemListElement\":[{\"@type\":\"ListItem\",\"position\":1,\"name\":\"Startseite\",\"item\":\"https:\/\/www.fanprojekt-muenster.de\/wordpress\/\"},{\"@type\":\"ListItem\",\"position\":2,\"name\":\"Preu\u00dfen-Fanprojekt mit neuer Website und neuer App\"}]},{\"@type\":\"WebSite\",\"@id\":\"https:\/\/www.fanprojekt-muenster.de\/wordpress\/#website\",\"url\":\"https:\/\/www.fanprojekt-muenster.de\/wordpress\/\",\"name\":\"Fangemeinschaft Preu\u00dfen M\u00fcnster e. V.\",\"description\":\"\",\"publisher\":{\"@id\":\"https:\/\/www.fanprojekt-muenster.de\/wordpress\/#organization\"},\"potentialAction\":[{\"@type\":\"SearchAction\",\"target\":{\"@type\":\"EntryPoint\",\"urlTemplate\":\"https:\/\/www.fanprojekt-muenster.de\/wordpress\/?s={search_term_string}\"},\"query-input\":{\"@type\":\"PropertyValueSpecification\",\"valueRequired\":true,\"valueName\":\"search_term_string\"}}],\"inLanguage\":\"de\"},{\"@type\":\"Organization\",\"@id\":\"https:\/\/www.fanprojekt-muenster.de\/wordpress\/#organization\",\"name\":\"Fangemeinschaft Preu\u00dfen M\u00fcnster e. V.\",\"url\":\"https:\/\/www.fanprojekt-muenster.de\/wordpress\/\",\"logo\":{\"@type\":\"ImageObject\",\"inLanguage\":\"de\",\"@id\":\"https:\/\/www.fanprojekt-muenster.de\/wordpress\/#\/schema\/logo\/image\/\",\"url\":\"https:\/\/www.fanprojekt-muenster.de\/wordpress\/wp-content\/uploads\/2019\/07\/cropped-Website_Logo3-9.png\",\"contentUrl\":\"https:\/\/www.fanprojekt-muenster.de\/wordpress\/wp-content\/uploads\/2019\/07\/cropped-Website_Logo3-9.png\",\"width\":224,\"height\":42,\"caption\":\"Fangemeinschaft Preu\u00dfen M\u00fcnster e. V.\"},\"image\":{\"@id\":\"https:\/\/www.fanprojekt-muenster.de\/wordpress\/#\/schema\/logo\/image\/\"}},{\"@type\":\"Person\",\"@id\":\"https:\/\/www.fanprojekt-muenster.de\/wordpress\/#\/schema\/person\/9126cc4d73d0d07c75b487075111186c\",\"name\":\"fp_superadmin\",\"url\":\"https:\/\/www.fanprojekt-muenster.de\/wordpress\/author\/fp_superadmin\/\"}]}<\/script>\n<!-- \/ Yoast SEO plugin. -->","yoast_head_json":{"title":"Preu\u00dfen-Fanprojekt mit neuer Website und neuer App - Fangemeinschaft Preu\u00dfen M\u00fcnster e. V.","robots":{"index":"index","follow":"follow","max-snippet":"max-snippet:-1","max-image-preview":"max-image-preview:large","max-video-preview":"max-video-preview:-1"},"canonical":"https:\/\/www.fanprojekt-muenster.de\/wordpress\/preussen-fanprojekt-mit-neuer-website-und-neuer-app\/","og_locale":"de_DE","og_type":"article","og_title":"Preu\u00dfen-Fanprojekt mit neuer Website und neuer App - Fangemeinschaft Preu\u00dfen M\u00fcnster e. V.","og_description":"Das Fanprojekt (FP) des SC Preu\u00dfen M\u00fcnster, eine eigenst\u00e4ndige Abteilung des Gesamtvereins mit inzwischen 450 Mitgliedern, hat nach zwei Jahren seiner Website einen neuen Anstrich verpasst und die Seiten noch... Read more &raquo;","og_url":"https:\/\/www.fanprojekt-muenster.de\/wordpress\/preussen-fanprojekt-mit-neuer-website-und-neuer-app\/","og_site_name":"Fangemeinschaft Preu\u00dfen M\u00fcnster e. V.","article_published_time":"2013-08-14T10:41:55+00:00","og_image":[{"width":1243,"height":1171,"url":"https:\/\/www.fanprojekt-muenster.de\/wordpress\/wp-content\/uploads\/2013\/08\/Bildschirmfoto-2013-08-14-um-12.39.50.png","type":"image\/png"}],"author":"fp_superadmin","twitter_card":"summary_large_image","twitter_misc":{"Verfasst von":"fp_superadmin","Gesch\u00e4tzte Lesezeit":"1\u00a0Minute"},"schema":{"@context":"https:\/\/schema.org","@graph":[{"@type":"Article","@id":"https:\/\/www.fanprojekt-muenster.de\/wordpress\/preussen-fanprojekt-mit-neuer-website-und-neuer-app\/#article","isPartOf":{"@id":"https:\/\/www.fanprojekt-muenster.de\/wordpress\/preussen-fanprojekt-mit-neuer-website-und-neuer-app\/"},"author":{"name":"fp_superadmin","@id":"https:\/\/www.fanprojekt-muenster.de\/wordpress\/#\/schema\/person\/9126cc4d73d0d07c75b487075111186c"},"headline":"Preu\u00dfen-Fanprojekt mit neuer Website und neuer App","datePublished":"2013-08-14T10:41:55+00:00","mainEntityOfPage":{"@id":"https:\/\/www.fanprojekt-muenster.de\/wordpress\/preussen-fanprojekt-mit-neuer-website-und-neuer-app\/"},"wordCount":304,"commentCount":0,"publisher":{"@id":"https:\/\/www.fanprojekt-muenster.de\/wordpress\/#organization"},"image":{"@id":"https:\/\/www.fanprojekt-muenster.de\/wordpress\/preussen-fanprojekt-mit-neuer-website-und-neuer-app\/#primaryimage"},"thumbnailUrl":"https:\/\/www.fanprojekt-muenster.de\/wordpress\/wp-content\/uploads\/2013\/08\/Bildschirmfoto-2013-08-14-um-12.39.50.png","keywords":["2013","App","Fanprojekt","SCP","Website"],"articleSection":["Aktuelles"],"inLanguage":"de","potentialAction":[{"@type":"CommentAction","name":"Comment","target":["https:\/\/www.fanprojekt-muenster.de\/wordpress\/preussen-fanprojekt-mit-neuer-website-und-neuer-app\/#respond"]}]},{"@type":"WebPage","@id":"https:\/\/www.fanprojekt-muenster.de\/wordpress\/preussen-fanprojekt-mit-neuer-website-und-neuer-app\/","url":"https:\/\/www.fanprojekt-muenster.de\/wordpress\/preussen-fanprojekt-mit-neuer-website-und-neuer-app\/","name":"Preu\u00dfen-Fanprojekt mit neuer Website und neuer App - Fangemeinschaft Preu\u00dfen M\u00fcnster e. V.","isPartOf":{"@id":"https:\/\/www.fanprojekt-muenster.de\/wordpress\/#website"},"primaryImageOfPage":{"@id":"https:\/\/www.fanprojekt-muenster.de\/wordpress\/preussen-fanprojekt-mit-neuer-website-und-neuer-app\/#primaryimage"},"image":{"@id":"https:\/\/www.fanprojekt-muenster.de\/wordpress\/preussen-fanprojekt-mit-neuer-website-und-neuer-app\/#primaryimage"},"thumbnailUrl":"https:\/\/www.fanprojekt-muenster.de\/wordpress\/wp-content\/uploads\/2013\/08\/Bildschirmfoto-2013-08-14-um-12.39.50.png","datePublished":"2013-08-14T10:41:55+00:00","breadcrumb":{"@id":"https:\/\/www.fanprojekt-muenster.de\/wordpress\/preussen-fanprojekt-mit-neuer-website-und-neuer-app\/#breadcrumb"},"inLanguage":"de","potentialAction":[{"@type":"ReadAction","target":["https:\/\/www.fanprojekt-muenster.de\/wordpress\/preussen-fanprojekt-mit-neuer-website-und-neuer-app\/"]}]},{"@type":"ImageObject","inLanguage":"de","@id":"https:\/\/www.fanprojekt-muenster.de\/wordpress\/preussen-fanprojekt-mit-neuer-website-und-neuer-app\/#primaryimage","url":"https:\/\/www.fanprojekt-muenster.de\/wordpress\/wp-content\/uploads\/2013\/08\/Bildschirmfoto-2013-08-14-um-12.39.50.png","contentUrl":"https:\/\/www.fanprojekt-muenster.de\/wordpress\/wp-content\/uploads\/2013\/08\/Bildschirmfoto-2013-08-14-um-12.39.50.png","width":1243,"height":1171},{"@type":"BreadcrumbList","@id":"https:\/\/www.fanprojekt-muenster.de\/wordpress\/preussen-fanprojekt-mit-neuer-website-und-neuer-app\/#breadcrumb","itemListElement":[{"@type":"ListItem","position":1,"name":"Startseite","item":"https:\/\/www.fanprojekt-muenster.de\/wordpress\/"},{"@type":"ListItem","position":2,"name":"Preu\u00dfen-Fanprojekt mit neuer Website und neuer App"}]},{"@type":"WebSite","@id":"https:\/\/www.fanprojekt-muenster.de\/wordpress\/#website","url":"https:\/\/www.fanprojekt-muenster.de\/wordpress\/","name":"Fangemeinschaft Preu\u00dfen M\u00fcnster e. V.","description":"","publisher":{"@id":"https:\/\/www.fanprojekt-muenster.de\/wordpress\/#organization"},"potentialAction":[{"@type":"SearchAction","target":{"@type":"EntryPoint","urlTemplate":"https:\/\/www.fanprojekt-muenster.de\/wordpress\/?s={search_term_string}"},"query-input":{"@type":"PropertyValueSpecification","valueRequired":true,"valueName":"search_term_string"}}],"inLanguage":"de"},{"@type":"Organization","@id":"https:\/\/www.fanprojekt-muenster.de\/wordpress\/#organization","name":"Fangemeinschaft Preu\u00dfen M\u00fcnster e. V.","url":"https:\/\/www.fanprojekt-muenster.de\/wordpress\/","logo":{"@type":"ImageObject","inLanguage":"de","@id":"https:\/\/www.fanprojekt-muenster.de\/wordpress\/#\/schema\/logo\/image\/","url":"https:\/\/www.fanprojekt-muenster.de\/wordpress\/wp-content\/uploads\/2019\/07\/cropped-Website_Logo3-9.png","contentUrl":"https:\/\/www.fanprojekt-muenster.de\/wordpress\/wp-content\/uploads\/2019\/07\/cropped-Website_Logo3-9.png","width":224,"height":42,"caption":"Fangemeinschaft Preu\u00dfen M\u00fcnster e. V."},"image":{"@id":"https:\/\/www.fanprojekt-muenster.de\/wordpress\/#\/schema\/logo\/image\/"}},{"@type":"Person","@id":"https:\/\/www.fanprojekt-muenster.de\/wordpress\/#\/schema\/person\/9126cc4d73d0d07c75b487075111186c","name":"fp_superadmin","url":"https:\/\/www.fanprojekt-muenster.de\/wordpress\/author\/fp_superadmin\/"}]}},"author_meta":{"display_name":"fp_superadmin","author_link":"https:\/\/www.fanprojekt-muenster.de\/wordpress\/author\/fp_superadmin\/"},"featured_img":"https:\/\/www.fanprojekt-muenster.de\/wordpress\/wp-content\/uploads\/2013\/08\/Bildschirmfoto-2013-08-14-um-12.39.50-300x283.png","coauthors":[],"tax_additional":{"categories":{"linked":["<a href=\"https:\/\/www.fanprojekt-muenster.de\/wordpress\/category\/aktuelles\/\" class=\"advgb-post-tax-term\">Aktuelles<\/a>"],"unlinked":["<span class=\"advgb-post-tax-term\">Aktuelles<\/span>"]},"tags":{"linked":["<a href=\"https:\/\/www.fanprojekt-muenster.de\/wordpress\/category\/aktuelles\/\" class=\"advgb-post-tax-term\">2013<\/a>","<a href=\"https:\/\/www.fanprojekt-muenster.de\/wordpress\/category\/aktuelles\/\" class=\"advgb-post-tax-term\">App<\/a>","<a href=\"https:\/\/www.fanprojekt-muenster.de\/wordpress\/category\/aktuelles\/\" class=\"advgb-post-tax-term\">Fanprojekt<\/a>","<a href=\"https:\/\/www.fanprojekt-muenster.de\/wordpress\/category\/aktuelles\/\" class=\"advgb-post-tax-term\">SCP<\/a>","<a href=\"https:\/\/www.fanprojekt-muenster.de\/wordpress\/category\/aktuelles\/\" class=\"advgb-post-tax-term\">Website<\/a>"],"unlinked":["<span class=\"advgb-post-tax-term\">2013<\/span>","<span class=\"advgb-post-tax-term\">App<\/span>","<span class=\"advgb-post-tax-term\">Fanprojekt<\/span>","<span class=\"advgb-post-tax-term\">SCP<\/span>","<span class=\"advgb-post-tax-term\">Website<\/span>"]}},"comment_count":"0","relative_dates":{"created":"Posted 13\u00a0Jahren ago","modified":"Updated 13\u00a0Jahren ago"},"absolute_dates":{"created":"Posted on 14. August 2013","modified":"Updated on 14. August 2013"},"absolute_dates_time":{"created":"Posted on 14. August 2013 12:41","modified":"Updated on 14. August 2013 12:41"},"featured_img_caption":"","series_order":"","_links":{"self":[{"href":"https:\/\/www.fanprojekt-muenster.de\/wordpress\/wp-json\/wp\/v2\/posts\/1754","targetHints":{"allow":["GET"]}}],"collection":[{"href":"https:\/\/www.fanprojekt-muenster.de\/wordpress\/wp-json\/wp\/v2\/posts"}],"about":[{"href":"https:\/\/www.fanprojekt-muenster.de\/wordpress\/wp-json\/wp\/v2\/types\/post"}],"author":[{"embeddable":true,"href":"https:\/\/www.fanprojekt-muenster.de\/wordpress\/wp-json\/wp\/v2\/users\/2"}],"replies":[{"embeddable":true,"href":"https:\/\/www.fanprojekt-muenster.de\/wordpress\/wp-json\/wp\/v2\/comments?post=1754"}],"version-history":[{"count":0,"href":"https:\/\/www.fanprojekt-muenster.de\/wordpress\/wp-json\/wp\/v2\/posts\/1754\/revisions"}],"wp:featuredmedia":[{"embeddable":true,"href":"https:\/\/www.fanprojekt-muenster.de\/wordpress\/wp-json\/wp\/v2\/media\/1755"}],"wp:attachment":[{"href":"https:\/\/www.fanprojekt-muenster.de\/wordpress\/wp-json\/wp\/v2\/media?parent=1754"}],"wp:term":[{"taxonomy":"category","embeddable":true,"href":"https:\/\/www.fanprojekt-muenster.de\/wordpress\/wp-json\/wp\/v2\/categories?post=1754"},{"taxonomy":"post_tag","embeddable":true,"href":"https:\/\/www.fanprojekt-muenster.de\/wordpress\/wp-json\/wp\/v2\/tags?post=1754"}],"curies":[{"name":"wp","href":"https:\/\/api.w.org\/{rel}","templated":true}]}}