{"id":1736,"date":"2013-07-14T12:19:27","date_gmt":"2013-07-14T10:19:27","guid":{"rendered":"http:\/\/www.fanprojekt-muenster.de\/fp\/?p=1736"},"modified":"2013-07-14T12:19:27","modified_gmt":"2013-07-14T10:19:27","slug":"saisonstart-sc-preussen-muenster-2013-2014-1906-leidenschaft-fuer-schwarz-weiss-gruen","status":"publish","type":"post","link":"https:\/\/www.fanprojekt-muenster.de\/wordpress\/saisonstart-sc-preussen-muenster-2013-2014-1906-leidenschaft-fuer-schwarz-weiss-gruen\/","title":{"rendered":"Saisonstart &#8211; SC Preu\u00dfen M\u00fcnster &#8211; 2013 \/ 2014 &#8211; 1906% Leidenschaft f\u00fcr Schwarz-Wei\u00df-Gr\u00fcn"},"content":{"rendered":"<p>[youtube height=&#8220;480&#8243; width=&#8220;853&#8243;]http:\/\/www.youtube.com\/watch?v=XvTt-SBth9Q[\/youtube]<\/p>\n","protected":false},"excerpt":{"rendered":"<p>[youtube height=&#8220;480&#8243; width=&#8220;853&#8243;]http:\/\/www.youtube.com\/watch?v=XvTt-SBth9Q[\/youtube]<\/p>\n","protected":false},"author":2,"featured_media":1734,"comment_status":"open","ping_status":"open","sticky":false,"template":"","format":"standard","meta":{"advgb_blocks_editor_width":"","advgb_blocks_columns_visual_guide":"","footnotes":""},"categories":[7],"tags":[20,25,195,229,263],"class_list":["post-1736","post","type-post","status-publish","format-standard","has-post-thumbnail","hentry","category-preussenforum","tag-1-spieltag","tag-25","tag-preussenforum","tag-scp","tag-trailer"],"featured_image_src":"https:\/\/www.fanprojekt-muenster.de\/wordpress\/wp-content\/uploads\/2013\/08\/Schloss_M\u00fcnster_Schwarz_Weiss_Gr\u00fcn_mit_PreussenForum_Logo.jpg","author_info":{"display_name":"fp_superadmin","author_link":"https:\/\/www.fanprojekt-muenster.de\/wordpress\/author\/fp_superadmin\/"},"yoast_head":"<!-- This site is optimized with the Yoast SEO plugin v27.2 - https:\/\/yoast.com\/product\/yoast-seo-wordpress\/ -->\n<title>Saisonstart - SC Preu\u00dfen M\u00fcnster - 2013 \/ 2014 - 1906% Leidenschaft f\u00fcr Schwarz-Wei\u00df-Gr\u00fcn - Fangemeinschaft Preu\u00dfen M\u00fcnster e. V.<\/title>\n<meta name=\"robots\" content=\"index, follow, max-snippet:-1, max-image-preview:large, max-video-preview:-1\" \/>\n<link rel=\"canonical\" href=\"https:\/\/www.fanprojekt-muenster.de\/wordpress\/saisonstart-sc-preussen-muenster-2013-2014-1906-leidenschaft-fuer-schwarz-weiss-gruen\/\" \/>\n<meta property=\"og:locale\" content=\"de_DE\" \/>\n<meta property=\"og:type\" content=\"article\" \/>\n<meta property=\"og:title\" content=\"Saisonstart - SC Preu\u00dfen M\u00fcnster - 2013 \/ 2014 - 1906% Leidenschaft f\u00fcr Schwarz-Wei\u00df-Gr\u00fcn - Fangemeinschaft Preu\u00dfen M\u00fcnster e. V.\" \/>\n<meta property=\"og:description\" content=\"[youtube height=&#8220;480&#8243; width=&#8220;853&#8243;]http:\/\/www.youtube.com\/watch?v=XvTt-SBth9Q[\/youtube]\" \/>\n<meta property=\"og:url\" content=\"https:\/\/www.fanprojekt-muenster.de\/wordpress\/saisonstart-sc-preussen-muenster-2013-2014-1906-leidenschaft-fuer-schwarz-weiss-gruen\/\" \/>\n<meta property=\"og:site_name\" content=\"Fangemeinschaft Preu\u00dfen M\u00fcnster e. V.\" \/>\n<meta property=\"article:published_time\" content=\"2013-07-14T10:19:27+00:00\" \/>\n<meta property=\"og:image\" content=\"https:\/\/www.fanprojekt-muenster.de\/wordpress\/wp-content\/uploads\/2013\/08\/Schloss_M\u00fcnster_Schwarz_Weiss_Gr\u00fcn_mit_PreussenForum_Logo.jpg\" \/>\n\t<meta property=\"og:image:width\" content=\"1000\" \/>\n\t<meta property=\"og:image:height\" content=\"526\" \/>\n\t<meta property=\"og:image:type\" content=\"image\/jpeg\" \/>\n<meta name=\"author\" content=\"fp_superadmin\" \/>\n<meta name=\"twitter:card\" content=\"summary_large_image\" \/>\n<meta name=\"twitter:label1\" content=\"Verfasst von\" \/>\n\t<meta name=\"twitter:data1\" content=\"fp_superadmin\" \/>\n<script type=\"application\/ld+json\" class=\"yoast-schema-graph\">{\"@context\":\"https:\/\/schema.org\",\"@graph\":[{\"@type\":\"Article\",\"@id\":\"https:\/\/www.fanprojekt-muenster.de\/wordpress\/saisonstart-sc-preussen-muenster-2013-2014-1906-leidenschaft-fuer-schwarz-weiss-gruen\/#article\",\"isPartOf\":{\"@id\":\"https:\/\/www.fanprojekt-muenster.de\/wordpress\/saisonstart-sc-preussen-muenster-2013-2014-1906-leidenschaft-fuer-schwarz-weiss-gruen\/\"},\"author\":{\"name\":\"fp_superadmin\",\"@id\":\"https:\/\/www.fanprojekt-muenster.de\/wordpress\/#\/schema\/person\/9126cc4d73d0d07c75b487075111186c\"},\"headline\":\"Saisonstart &#8211; SC Preu\u00dfen M\u00fcnster &#8211; 2013 \/ 2014 &#8211; 1906% Leidenschaft f\u00fcr Schwarz-Wei\u00df-Gr\u00fcn\",\"datePublished\":\"2013-07-14T10:19:27+00:00\",\"mainEntityOfPage\":{\"@id\":\"https:\/\/www.fanprojekt-muenster.de\/wordpress\/saisonstart-sc-preussen-muenster-2013-2014-1906-leidenschaft-fuer-schwarz-weiss-gruen\/\"},\"wordCount\":27,\"commentCount\":0,\"publisher\":{\"@id\":\"https:\/\/www.fanprojekt-muenster.de\/wordpress\/#organization\"},\"image\":{\"@id\":\"https:\/\/www.fanprojekt-muenster.de\/wordpress\/saisonstart-sc-preussen-muenster-2013-2014-1906-leidenschaft-fuer-schwarz-weiss-gruen\/#primaryimage\"},\"thumbnailUrl\":\"https:\/\/www.fanprojekt-muenster.de\/wordpress\/wp-content\/uploads\/2013\/08\/Schloss_M\u00fcnster_Schwarz_Weiss_Gr\u00fcn_mit_PreussenForum_Logo.jpg\",\"keywords\":[\"1.Spieltag\",\"2013\",\"Preu\u00dfenforum\",\"SCP\",\"Trailer\"],\"articleSection\":[\"Preu\u00dfenforum\"],\"inLanguage\":\"de\",\"potentialAction\":[{\"@type\":\"CommentAction\",\"name\":\"Comment\",\"target\":[\"https:\/\/www.fanprojekt-muenster.de\/wordpress\/saisonstart-sc-preussen-muenster-2013-2014-1906-leidenschaft-fuer-schwarz-weiss-gruen\/#respond\"]}]},{\"@type\":\"WebPage\",\"@id\":\"https:\/\/www.fanprojekt-muenster.de\/wordpress\/saisonstart-sc-preussen-muenster-2013-2014-1906-leidenschaft-fuer-schwarz-weiss-gruen\/\",\"url\":\"https:\/\/www.fanprojekt-muenster.de\/wordpress\/saisonstart-sc-preussen-muenster-2013-2014-1906-leidenschaft-fuer-schwarz-weiss-gruen\/\",\"name\":\"Saisonstart - SC Preu\u00dfen M\u00fcnster - 2013 \/ 2014 - 1906% Leidenschaft f\u00fcr Schwarz-Wei\u00df-Gr\u00fcn - Fangemeinschaft Preu\u00dfen M\u00fcnster e. V.\",\"isPartOf\":{\"@id\":\"https:\/\/www.fanprojekt-muenster.de\/wordpress\/#website\"},\"primaryImageOfPage\":{\"@id\":\"https:\/\/www.fanprojekt-muenster.de\/wordpress\/saisonstart-sc-preussen-muenster-2013-2014-1906-leidenschaft-fuer-schwarz-weiss-gruen\/#primaryimage\"},\"image\":{\"@id\":\"https:\/\/www.fanprojekt-muenster.de\/wordpress\/saisonstart-sc-preussen-muenster-2013-2014-1906-leidenschaft-fuer-schwarz-weiss-gruen\/#primaryimage\"},\"thumbnailUrl\":\"https:\/\/www.fanprojekt-muenster.de\/wordpress\/wp-content\/uploads\/2013\/08\/Schloss_M\u00fcnster_Schwarz_Weiss_Gr\u00fcn_mit_PreussenForum_Logo.jpg\",\"datePublished\":\"2013-07-14T10:19:27+00:00\",\"breadcrumb\":{\"@id\":\"https:\/\/www.fanprojekt-muenster.de\/wordpress\/saisonstart-sc-preussen-muenster-2013-2014-1906-leidenschaft-fuer-schwarz-weiss-gruen\/#breadcrumb\"},\"inLanguage\":\"de\",\"potentialAction\":[{\"@type\":\"ReadAction\",\"target\":[\"https:\/\/www.fanprojekt-muenster.de\/wordpress\/saisonstart-sc-preussen-muenster-2013-2014-1906-leidenschaft-fuer-schwarz-weiss-gruen\/\"]}]},{\"@type\":\"ImageObject\",\"inLanguage\":\"de\",\"@id\":\"https:\/\/www.fanprojekt-muenster.de\/wordpress\/saisonstart-sc-preussen-muenster-2013-2014-1906-leidenschaft-fuer-schwarz-weiss-gruen\/#primaryimage\",\"url\":\"https:\/\/www.fanprojekt-muenster.de\/wordpress\/wp-content\/uploads\/2013\/08\/Schloss_M\u00fcnster_Schwarz_Weiss_Gr\u00fcn_mit_PreussenForum_Logo.jpg\",\"contentUrl\":\"https:\/\/www.fanprojekt-muenster.de\/wordpress\/wp-content\/uploads\/2013\/08\/Schloss_M\u00fcnster_Schwarz_Weiss_Gr\u00fcn_mit_PreussenForum_Logo.jpg\",\"width\":1000,\"height\":526},{\"@type\":\"BreadcrumbList\",\"@id\":\"https:\/\/www.fanprojekt-muenster.de\/wordpress\/saisonstart-sc-preussen-muenster-2013-2014-1906-leidenschaft-fuer-schwarz-weiss-gruen\/#breadcrumb\",\"itemListElement\":[{\"@type\":\"ListItem\",\"position\":1,\"name\":\"Startseite\",\"item\":\"https:\/\/www.fanprojekt-muenster.de\/wordpress\/\"},{\"@type\":\"ListItem\",\"position\":2,\"name\":\"Saisonstart &#8211; SC Preu\u00dfen M\u00fcnster &#8211; 2013 \/ 2014 &#8211; 1906% Leidenschaft f\u00fcr Schwarz-Wei\u00df-Gr\u00fcn\"}]},{\"@type\":\"WebSite\",\"@id\":\"https:\/\/www.fanprojekt-muenster.de\/wordpress\/#website\",\"url\":\"https:\/\/www.fanprojekt-muenster.de\/wordpress\/\",\"name\":\"Fangemeinschaft Preu\u00dfen M\u00fcnster e. V.\",\"description\":\"\",\"publisher\":{\"@id\":\"https:\/\/www.fanprojekt-muenster.de\/wordpress\/#organization\"},\"potentialAction\":[{\"@type\":\"SearchAction\",\"target\":{\"@type\":\"EntryPoint\",\"urlTemplate\":\"https:\/\/www.fanprojekt-muenster.de\/wordpress\/?s={search_term_string}\"},\"query-input\":{\"@type\":\"PropertyValueSpecification\",\"valueRequired\":true,\"valueName\":\"search_term_string\"}}],\"inLanguage\":\"de\"},{\"@type\":\"Organization\",\"@id\":\"https:\/\/www.fanprojekt-muenster.de\/wordpress\/#organization\",\"name\":\"Fangemeinschaft Preu\u00dfen M\u00fcnster e. V.\",\"url\":\"https:\/\/www.fanprojekt-muenster.de\/wordpress\/\",\"logo\":{\"@type\":\"ImageObject\",\"inLanguage\":\"de\",\"@id\":\"https:\/\/www.fanprojekt-muenster.de\/wordpress\/#\/schema\/logo\/image\/\",\"url\":\"https:\/\/www.fanprojekt-muenster.de\/wordpress\/wp-content\/uploads\/2019\/07\/cropped-Website_Logo3-9.png\",\"contentUrl\":\"https:\/\/www.fanprojekt-muenster.de\/wordpress\/wp-content\/uploads\/2019\/07\/cropped-Website_Logo3-9.png\",\"width\":224,\"height\":42,\"caption\":\"Fangemeinschaft Preu\u00dfen M\u00fcnster e. V.\"},\"image\":{\"@id\":\"https:\/\/www.fanprojekt-muenster.de\/wordpress\/#\/schema\/logo\/image\/\"}},{\"@type\":\"Person\",\"@id\":\"https:\/\/www.fanprojekt-muenster.de\/wordpress\/#\/schema\/person\/9126cc4d73d0d07c75b487075111186c\",\"name\":\"fp_superadmin\",\"url\":\"https:\/\/www.fanprojekt-muenster.de\/wordpress\/author\/fp_superadmin\/\"}]}<\/script>\n<!-- \/ Yoast SEO plugin. -->","yoast_head_json":{"title":"Saisonstart - SC Preu\u00dfen M\u00fcnster - 2013 \/ 2014 - 1906% Leidenschaft f\u00fcr Schwarz-Wei\u00df-Gr\u00fcn - Fangemeinschaft Preu\u00dfen M\u00fcnster e. V.","robots":{"index":"index","follow":"follow","max-snippet":"max-snippet:-1","max-image-preview":"max-image-preview:large","max-video-preview":"max-video-preview:-1"},"canonical":"https:\/\/www.fanprojekt-muenster.de\/wordpress\/saisonstart-sc-preussen-muenster-2013-2014-1906-leidenschaft-fuer-schwarz-weiss-gruen\/","og_locale":"de_DE","og_type":"article","og_title":"Saisonstart - SC Preu\u00dfen M\u00fcnster - 2013 \/ 2014 - 1906% Leidenschaft f\u00fcr Schwarz-Wei\u00df-Gr\u00fcn - Fangemeinschaft Preu\u00dfen M\u00fcnster e. V.","og_description":"[youtube height=&#8220;480&#8243; width=&#8220;853&#8243;]http:\/\/www.youtube.com\/watch?v=XvTt-SBth9Q[\/youtube]","og_url":"https:\/\/www.fanprojekt-muenster.de\/wordpress\/saisonstart-sc-preussen-muenster-2013-2014-1906-leidenschaft-fuer-schwarz-weiss-gruen\/","og_site_name":"Fangemeinschaft Preu\u00dfen M\u00fcnster e. V.","article_published_time":"2013-07-14T10:19:27+00:00","og_image":[{"width":1000,"height":526,"url":"https:\/\/www.fanprojekt-muenster.de\/wordpress\/wp-content\/uploads\/2013\/08\/Schloss_M\u00fcnster_Schwarz_Weiss_Gr\u00fcn_mit_PreussenForum_Logo.jpg","type":"image\/jpeg"}],"author":"fp_superadmin","twitter_card":"summary_large_image","twitter_misc":{"Verfasst von":"fp_superadmin"},"schema":{"@context":"https:\/\/schema.org","@graph":[{"@type":"Article","@id":"https:\/\/www.fanprojekt-muenster.de\/wordpress\/saisonstart-sc-preussen-muenster-2013-2014-1906-leidenschaft-fuer-schwarz-weiss-gruen\/#article","isPartOf":{"@id":"https:\/\/www.fanprojekt-muenster.de\/wordpress\/saisonstart-sc-preussen-muenster-2013-2014-1906-leidenschaft-fuer-schwarz-weiss-gruen\/"},"author":{"name":"fp_superadmin","@id":"https:\/\/www.fanprojekt-muenster.de\/wordpress\/#\/schema\/person\/9126cc4d73d0d07c75b487075111186c"},"headline":"Saisonstart &#8211; SC Preu\u00dfen M\u00fcnster &#8211; 2013 \/ 2014 &#8211; 1906% Leidenschaft f\u00fcr Schwarz-Wei\u00df-Gr\u00fcn","datePublished":"2013-07-14T10:19:27+00:00","mainEntityOfPage":{"@id":"https:\/\/www.fanprojekt-muenster.de\/wordpress\/saisonstart-sc-preussen-muenster-2013-2014-1906-leidenschaft-fuer-schwarz-weiss-gruen\/"},"wordCount":27,"commentCount":0,"publisher":{"@id":"https:\/\/www.fanprojekt-muenster.de\/wordpress\/#organization"},"image":{"@id":"https:\/\/www.fanprojekt-muenster.de\/wordpress\/saisonstart-sc-preussen-muenster-2013-2014-1906-leidenschaft-fuer-schwarz-weiss-gruen\/#primaryimage"},"thumbnailUrl":"https:\/\/www.fanprojekt-muenster.de\/wordpress\/wp-content\/uploads\/2013\/08\/Schloss_M\u00fcnster_Schwarz_Weiss_Gr\u00fcn_mit_PreussenForum_Logo.jpg","keywords":["1.Spieltag","2013","Preu\u00dfenforum","SCP","Trailer"],"articleSection":["Preu\u00dfenforum"],"inLanguage":"de","potentialAction":[{"@type":"CommentAction","name":"Comment","target":["https:\/\/www.fanprojekt-muenster.de\/wordpress\/saisonstart-sc-preussen-muenster-2013-2014-1906-leidenschaft-fuer-schwarz-weiss-gruen\/#respond"]}]},{"@type":"WebPage","@id":"https:\/\/www.fanprojekt-muenster.de\/wordpress\/saisonstart-sc-preussen-muenster-2013-2014-1906-leidenschaft-fuer-schwarz-weiss-gruen\/","url":"https:\/\/www.fanprojekt-muenster.de\/wordpress\/saisonstart-sc-preussen-muenster-2013-2014-1906-leidenschaft-fuer-schwarz-weiss-gruen\/","name":"Saisonstart - SC Preu\u00dfen M\u00fcnster - 2013 \/ 2014 - 1906% Leidenschaft f\u00fcr Schwarz-Wei\u00df-Gr\u00fcn - Fangemeinschaft Preu\u00dfen M\u00fcnster e. V.","isPartOf":{"@id":"https:\/\/www.fanprojekt-muenster.de\/wordpress\/#website"},"primaryImageOfPage":{"@id":"https:\/\/www.fanprojekt-muenster.de\/wordpress\/saisonstart-sc-preussen-muenster-2013-2014-1906-leidenschaft-fuer-schwarz-weiss-gruen\/#primaryimage"},"image":{"@id":"https:\/\/www.fanprojekt-muenster.de\/wordpress\/saisonstart-sc-preussen-muenster-2013-2014-1906-leidenschaft-fuer-schwarz-weiss-gruen\/#primaryimage"},"thumbnailUrl":"https:\/\/www.fanprojekt-muenster.de\/wordpress\/wp-content\/uploads\/2013\/08\/Schloss_M\u00fcnster_Schwarz_Weiss_Gr\u00fcn_mit_PreussenForum_Logo.jpg","datePublished":"2013-07-14T10:19:27+00:00","breadcrumb":{"@id":"https:\/\/www.fanprojekt-muenster.de\/wordpress\/saisonstart-sc-preussen-muenster-2013-2014-1906-leidenschaft-fuer-schwarz-weiss-gruen\/#breadcrumb"},"inLanguage":"de","potentialAction":[{"@type":"ReadAction","target":["https:\/\/www.fanprojekt-muenster.de\/wordpress\/saisonstart-sc-preussen-muenster-2013-2014-1906-leidenschaft-fuer-schwarz-weiss-gruen\/"]}]},{"@type":"ImageObject","inLanguage":"de","@id":"https:\/\/www.fanprojekt-muenster.de\/wordpress\/saisonstart-sc-preussen-muenster-2013-2014-1906-leidenschaft-fuer-schwarz-weiss-gruen\/#primaryimage","url":"https:\/\/www.fanprojekt-muenster.de\/wordpress\/wp-content\/uploads\/2013\/08\/Schloss_M\u00fcnster_Schwarz_Weiss_Gr\u00fcn_mit_PreussenForum_Logo.jpg","contentUrl":"https:\/\/www.fanprojekt-muenster.de\/wordpress\/wp-content\/uploads\/2013\/08\/Schloss_M\u00fcnster_Schwarz_Weiss_Gr\u00fcn_mit_PreussenForum_Logo.jpg","width":1000,"height":526},{"@type":"BreadcrumbList","@id":"https:\/\/www.fanprojekt-muenster.de\/wordpress\/saisonstart-sc-preussen-muenster-2013-2014-1906-leidenschaft-fuer-schwarz-weiss-gruen\/#breadcrumb","itemListElement":[{"@type":"ListItem","position":1,"name":"Startseite","item":"https:\/\/www.fanprojekt-muenster.de\/wordpress\/"},{"@type":"ListItem","position":2,"name":"Saisonstart &#8211; SC Preu\u00dfen M\u00fcnster &#8211; 2013 \/ 2014 &#8211; 1906% Leidenschaft f\u00fcr Schwarz-Wei\u00df-Gr\u00fcn"}]},{"@type":"WebSite","@id":"https:\/\/www.fanprojekt-muenster.de\/wordpress\/#website","url":"https:\/\/www.fanprojekt-muenster.de\/wordpress\/","name":"Fangemeinschaft Preu\u00dfen M\u00fcnster e. V.","description":"","publisher":{"@id":"https:\/\/www.fanprojekt-muenster.de\/wordpress\/#organization"},"potentialAction":[{"@type":"SearchAction","target":{"@type":"EntryPoint","urlTemplate":"https:\/\/www.fanprojekt-muenster.de\/wordpress\/?s={search_term_string}"},"query-input":{"@type":"PropertyValueSpecification","valueRequired":true,"valueName":"search_term_string"}}],"inLanguage":"de"},{"@type":"Organization","@id":"https:\/\/www.fanprojekt-muenster.de\/wordpress\/#organization","name":"Fangemeinschaft Preu\u00dfen M\u00fcnster e. V.","url":"https:\/\/www.fanprojekt-muenster.de\/wordpress\/","logo":{"@type":"ImageObject","inLanguage":"de","@id":"https:\/\/www.fanprojekt-muenster.de\/wordpress\/#\/schema\/logo\/image\/","url":"https:\/\/www.fanprojekt-muenster.de\/wordpress\/wp-content\/uploads\/2019\/07\/cropped-Website_Logo3-9.png","contentUrl":"https:\/\/www.fanprojekt-muenster.de\/wordpress\/wp-content\/uploads\/2019\/07\/cropped-Website_Logo3-9.png","width":224,"height":42,"caption":"Fangemeinschaft Preu\u00dfen M\u00fcnster e. V."},"image":{"@id":"https:\/\/www.fanprojekt-muenster.de\/wordpress\/#\/schema\/logo\/image\/"}},{"@type":"Person","@id":"https:\/\/www.fanprojekt-muenster.de\/wordpress\/#\/schema\/person\/9126cc4d73d0d07c75b487075111186c","name":"fp_superadmin","url":"https:\/\/www.fanprojekt-muenster.de\/wordpress\/author\/fp_superadmin\/"}]}},"author_meta":{"display_name":"fp_superadmin","author_link":"https:\/\/www.fanprojekt-muenster.de\/wordpress\/author\/fp_superadmin\/"},"featured_img":"https:\/\/www.fanprojekt-muenster.de\/wordpress\/wp-content\/uploads\/2013\/08\/Schloss_M\u00fcnster_Schwarz_Weiss_Gr\u00fcn_mit_PreussenForum_Logo-300x158.jpg","coauthors":[],"tax_additional":{"categories":{"linked":["<a href=\"https:\/\/www.fanprojekt-muenster.de\/wordpress\/category\/preussenforum\/\" class=\"advgb-post-tax-term\">Preu\u00dfenforum<\/a>"],"unlinked":["<span class=\"advgb-post-tax-term\">Preu\u00dfenforum<\/span>"]},"tags":{"linked":["<a href=\"https:\/\/www.fanprojekt-muenster.de\/wordpress\/category\/preussenforum\/\" class=\"advgb-post-tax-term\">1.Spieltag<\/a>","<a href=\"https:\/\/www.fanprojekt-muenster.de\/wordpress\/category\/preussenforum\/\" class=\"advgb-post-tax-term\">2013<\/a>","<a href=\"https:\/\/www.fanprojekt-muenster.de\/wordpress\/category\/preussenforum\/\" class=\"advgb-post-tax-term\">Preu\u00dfenforum<\/a>","<a href=\"https:\/\/www.fanprojekt-muenster.de\/wordpress\/category\/preussenforum\/\" class=\"advgb-post-tax-term\">SCP<\/a>","<a href=\"https:\/\/www.fanprojekt-muenster.de\/wordpress\/category\/preussenforum\/\" class=\"advgb-post-tax-term\">Trailer<\/a>"],"unlinked":["<span class=\"advgb-post-tax-term\">1.Spieltag<\/span>","<span class=\"advgb-post-tax-term\">2013<\/span>","<span class=\"advgb-post-tax-term\">Preu\u00dfenforum<\/span>","<span class=\"advgb-post-tax-term\">SCP<\/span>","<span class=\"advgb-post-tax-term\">Trailer<\/span>"]}},"comment_count":"0","relative_dates":{"created":"Posted 13\u00a0Jahren ago","modified":"Updated 13\u00a0Jahren ago"},"absolute_dates":{"created":"Posted on 14. Juli 2013","modified":"Updated on 14. Juli 2013"},"absolute_dates_time":{"created":"Posted on 14. Juli 2013 12:19","modified":"Updated on 14. Juli 2013 12:19"},"featured_img_caption":"","series_order":"","_links":{"self":[{"href":"https:\/\/www.fanprojekt-muenster.de\/wordpress\/wp-json\/wp\/v2\/posts\/1736","targetHints":{"allow":["GET"]}}],"collection":[{"href":"https:\/\/www.fanprojekt-muenster.de\/wordpress\/wp-json\/wp\/v2\/posts"}],"about":[{"href":"https:\/\/www.fanprojekt-muenster.de\/wordpress\/wp-json\/wp\/v2\/types\/post"}],"author":[{"embeddable":true,"href":"https:\/\/www.fanprojekt-muenster.de\/wordpress\/wp-json\/wp\/v2\/users\/2"}],"replies":[{"embeddable":true,"href":"https:\/\/www.fanprojekt-muenster.de\/wordpress\/wp-json\/wp\/v2\/comments?post=1736"}],"version-history":[{"count":0,"href":"https:\/\/www.fanprojekt-muenster.de\/wordpress\/wp-json\/wp\/v2\/posts\/1736\/revisions"}],"wp:featuredmedia":[{"embeddable":true,"href":"https:\/\/www.fanprojekt-muenster.de\/wordpress\/wp-json\/wp\/v2\/media\/1734"}],"wp:attachment":[{"href":"https:\/\/www.fanprojekt-muenster.de\/wordpress\/wp-json\/wp\/v2\/media?parent=1736"}],"wp:term":[{"taxonomy":"category","embeddable":true,"href":"https:\/\/www.fanprojekt-muenster.de\/wordpress\/wp-json\/wp\/v2\/categories?post=1736"},{"taxonomy":"post_tag","embeddable":true,"href":"https:\/\/www.fanprojekt-muenster.de\/wordpress\/wp-json\/wp\/v2\/tags?post=1736"}],"curies":[{"name":"wp","href":"https:\/\/api.w.org\/{rel}","templated":true}]}}