{"id":160,"date":"2013-03-13T21:04:26","date_gmt":"2013-03-13T21:04:26","guid":{"rendered":"http:\/\/www.fanprojekt-muenster.de\/fp\/?p=160"},"modified":"2013-03-13T21:04:26","modified_gmt":"2013-03-13T21:04:26","slug":"stellungnahme-des-fanprojekt-sc-preussen-muenster-ev","status":"publish","type":"post","link":"https:\/\/www.fanprojekt-muenster.de\/wordpress\/stellungnahme-des-fanprojekt-sc-preussen-muenster-ev\/","title":{"rendered":"Stellungnahme des Fanprojekt Preu\u00dfen M\u00fcnster e.V."},"content":{"rendered":"<p>Die Mehrheit der politisch Verantwortlichen unserer wundersch\u00f6nen und lebenswerten Stadt hat leider ein Problem. Und zwar eines mit seinem sportlichen Aush\u00e4ngeschild, dem nicht zu untersch\u00e4tzenden Werbetr\u00e4ger f\u00fcr die Stadt, SC Preu\u00dfen M\u00fcnster. Der ist inzwischen schuldenfrei, strebt in die 2. Liga und sorgt regelm\u00e4\u00dfig bundesweit f\u00fcr Aufmerksamkeit.<\/p>\n<p>Warum die politisch Verantwortlichen, und das zieht sich seit Jahrzehnten durch die Parteien und R\u00e4te der Stadt, ein Problem mit den Preu\u00dfen haben, ist uns unklar. Wir, das Fanprojekt des SC Preu\u00dfen mit unseren \u00fcber 420 Mitgliedern, sind entsetzt \u00fcber die j\u00fcngsten Entscheidungen der Politiker. Wir fragen uns, warum dem Verein aus dem Rat der Stadt M\u00fcnster immer wieder Steine in den Weg geworfen werden. In vielen anderen St\u00e4dten Deutschlands hat der Fu\u00dfballverein Nummer eins vor Ort einen ganz anderen Stellenwert \u2013 egal in welcher Liga.<\/p>\n<p>Wir vom Fanprojekt des SC Preu\u00dfen sind ratlos und k\u00f6nnen nur hoffen, dass sich der SC Preu\u00dfen M\u00fcnster durch die neuerlichen Entscheidungen gegen sich aus dem Rat nicht von seinem erfolgreichen Weg abbringen l\u00e4sst. Denn eines d\u00fcrfte klar sein: Wenn der Verein auch die n\u00e4chsten 10-20 Jahre in der als \u201eAntikarena\u201c verspotteten st\u00e4dtischen Sportanlage spielen muss, ohne dass ernsthaft saniert wird, sind alle Tr\u00e4ume von einer langfristigen Ligazugeh\u00f6rigkeit h\u00f6her als Liga 3 wohl Sch\u00e4ume.<\/p>\n<p>Wir fordern die Ratsmitglieder auf, ihre Positionen gegen\u00fcber dem Stadion und seinem Hauptnutzer Preu\u00dfen M\u00fcnster zu \u00fcberarbeiten und nicht f\u00fcr noch mehr Unmut unter der Anh\u00e4ngerschaft zu sorgen.<\/p>\n<p>Wenn wir als Zusammenschluss vieler Fans aus allen Ecken unseres Stadions konstruktiv dabei helfen k\u00f6nnen, einen zielf\u00fchrendenen Dialog zwischen Stadt und Verein zu unterst\u00fctzen oder wir Mitgliedern des Rates erkl\u00e4ren d\u00fcrfen, wie wir vom Fanprojekt deren Verhalten in diesem Zusammenhang beurteilen: Wir helfen gern mit, zuk\u00fcnftig unseren Verein besser in der Stadt und deren Lenker zu verankern.<\/p>\n<p>Gez. Vorstand des Fanprojekt Preu\u00dfen M\u00fcnster<\/p>\n<p>Tanja Eilert 1. Vorsitzende<br \/>\nDirk M\u00fcller 2. Vorsitzender<br \/>\nAndr\u00e9 Zivic Gesch\u00e4ftsf\u00fchrer<br \/>\n<a href=\"mailto:kontakt@fanprojekt-muenster.de\">kontakt@fanprojekt-muenster.de<\/a><\/p>\n","protected":false},"excerpt":{"rendered":"<p>Die Mehrheit der politisch Verantwortlichen unserer wundersch\u00f6nen und lebenswerten Stadt hat leider ein Problem. Und zwar eines mit seinem sportlichen Aush\u00e4ngeschild, dem nicht zu untersch\u00e4tzenden Werbetr\u00e4ger f\u00fcr die Stadt, SC&#8230; <a class=\"read-more-link\" href=\"https:\/\/www.fanprojekt-muenster.de\/wordpress\/stellungnahme-des-fanprojekt-sc-preussen-muenster-ev\/\">Read more &raquo;<\/a><\/p>\n","protected":false},"author":2,"featured_media":708,"comment_status":"open","ping_status":"open","sticky":false,"template":"","format":"standard","meta":{"advgb_blocks_editor_width":"","advgb_blocks_columns_visual_guide":"","footnotes":""},"categories":[3],"tags":[],"class_list":["post-160","post","type-post","status-publish","format-standard","has-post-thumbnail","hentry","category-aktuelles"],"featured_image_src":"https:\/\/www.fanprojekt-muenster.de\/wordpress\/wp-content\/uploads\/2013\/04\/Preussenadler_FP_kl.jpg","author_info":{"display_name":"fp_superadmin","author_link":"https:\/\/www.fanprojekt-muenster.de\/wordpress\/author\/fp_superadmin\/"},"yoast_head":"<!-- This site is optimized with the Yoast SEO plugin v27.2 - https:\/\/yoast.com\/product\/yoast-seo-wordpress\/ -->\n<title>Stellungnahme des Fanprojekt Preu\u00dfen M\u00fcnster e.V. - Fangemeinschaft Preu\u00dfen M\u00fcnster e. V.<\/title>\n<meta name=\"robots\" content=\"index, follow, max-snippet:-1, max-image-preview:large, max-video-preview:-1\" \/>\n<link rel=\"canonical\" href=\"https:\/\/www.fanprojekt-muenster.de\/wordpress\/stellungnahme-des-fanprojekt-sc-preussen-muenster-ev\/\" \/>\n<meta property=\"og:locale\" content=\"de_DE\" \/>\n<meta property=\"og:type\" content=\"article\" \/>\n<meta property=\"og:title\" content=\"Stellungnahme des Fanprojekt Preu\u00dfen M\u00fcnster e.V. - Fangemeinschaft Preu\u00dfen M\u00fcnster e. V.\" \/>\n<meta property=\"og:description\" content=\"Die Mehrheit der politisch Verantwortlichen unserer wundersch\u00f6nen und lebenswerten Stadt hat leider ein Problem. Und zwar eines mit seinem sportlichen Aush\u00e4ngeschild, dem nicht zu untersch\u00e4tzenden Werbetr\u00e4ger f\u00fcr die Stadt, SC... Read more &raquo;\" \/>\n<meta property=\"og:url\" content=\"https:\/\/www.fanprojekt-muenster.de\/wordpress\/stellungnahme-des-fanprojekt-sc-preussen-muenster-ev\/\" \/>\n<meta property=\"og:site_name\" content=\"Fangemeinschaft Preu\u00dfen M\u00fcnster e. V.\" \/>\n<meta property=\"article:published_time\" content=\"2013-03-13T21:04:26+00:00\" \/>\n<meta property=\"og:image\" content=\"https:\/\/www.fanprojekt-muenster.de\/wordpress\/wp-content\/uploads\/2013\/04\/Preussenadler_FP_kl.jpg\" \/>\n\t<meta property=\"og:image:width\" content=\"260\" \/>\n\t<meta property=\"og:image:height\" content=\"162\" \/>\n\t<meta property=\"og:image:type\" content=\"image\/jpeg\" \/>\n<meta name=\"author\" content=\"fp_superadmin\" \/>\n<meta name=\"twitter:card\" content=\"summary_large_image\" \/>\n<meta name=\"twitter:label1\" content=\"Verfasst von\" \/>\n\t<meta name=\"twitter:data1\" content=\"fp_superadmin\" \/>\n\t<meta name=\"twitter:label2\" content=\"Gesch\u00e4tzte Lesezeit\" \/>\n\t<meta name=\"twitter:data2\" content=\"2\u00a0Minuten\" \/>\n<script type=\"application\/ld+json\" class=\"yoast-schema-graph\">{\"@context\":\"https:\/\/schema.org\",\"@graph\":[{\"@type\":\"Article\",\"@id\":\"https:\/\/www.fanprojekt-muenster.de\/wordpress\/stellungnahme-des-fanprojekt-sc-preussen-muenster-ev\/#article\",\"isPartOf\":{\"@id\":\"https:\/\/www.fanprojekt-muenster.de\/wordpress\/stellungnahme-des-fanprojekt-sc-preussen-muenster-ev\/\"},\"author\":{\"name\":\"fp_superadmin\",\"@id\":\"https:\/\/www.fanprojekt-muenster.de\/wordpress\/#\/schema\/person\/9126cc4d73d0d07c75b487075111186c\"},\"headline\":\"Stellungnahme des Fanprojekt Preu\u00dfen M\u00fcnster e.V.\",\"datePublished\":\"2013-03-13T21:04:26+00:00\",\"mainEntityOfPage\":{\"@id\":\"https:\/\/www.fanprojekt-muenster.de\/wordpress\/stellungnahme-des-fanprojekt-sc-preussen-muenster-ev\/\"},\"wordCount\":359,\"commentCount\":0,\"publisher\":{\"@id\":\"https:\/\/www.fanprojekt-muenster.de\/wordpress\/#organization\"},\"image\":{\"@id\":\"https:\/\/www.fanprojekt-muenster.de\/wordpress\/stellungnahme-des-fanprojekt-sc-preussen-muenster-ev\/#primaryimage\"},\"thumbnailUrl\":\"https:\/\/www.fanprojekt-muenster.de\/wordpress\/wp-content\/uploads\/2013\/04\/Preussenadler_FP_kl.jpg\",\"articleSection\":[\"Aktuelles\"],\"inLanguage\":\"de\",\"potentialAction\":[{\"@type\":\"CommentAction\",\"name\":\"Comment\",\"target\":[\"https:\/\/www.fanprojekt-muenster.de\/wordpress\/stellungnahme-des-fanprojekt-sc-preussen-muenster-ev\/#respond\"]}]},{\"@type\":\"WebPage\",\"@id\":\"https:\/\/www.fanprojekt-muenster.de\/wordpress\/stellungnahme-des-fanprojekt-sc-preussen-muenster-ev\/\",\"url\":\"https:\/\/www.fanprojekt-muenster.de\/wordpress\/stellungnahme-des-fanprojekt-sc-preussen-muenster-ev\/\",\"name\":\"Stellungnahme des Fanprojekt Preu\u00dfen M\u00fcnster e.V. - Fangemeinschaft Preu\u00dfen M\u00fcnster e. V.\",\"isPartOf\":{\"@id\":\"https:\/\/www.fanprojekt-muenster.de\/wordpress\/#website\"},\"primaryImageOfPage\":{\"@id\":\"https:\/\/www.fanprojekt-muenster.de\/wordpress\/stellungnahme-des-fanprojekt-sc-preussen-muenster-ev\/#primaryimage\"},\"image\":{\"@id\":\"https:\/\/www.fanprojekt-muenster.de\/wordpress\/stellungnahme-des-fanprojekt-sc-preussen-muenster-ev\/#primaryimage\"},\"thumbnailUrl\":\"https:\/\/www.fanprojekt-muenster.de\/wordpress\/wp-content\/uploads\/2013\/04\/Preussenadler_FP_kl.jpg\",\"datePublished\":\"2013-03-13T21:04:26+00:00\",\"breadcrumb\":{\"@id\":\"https:\/\/www.fanprojekt-muenster.de\/wordpress\/stellungnahme-des-fanprojekt-sc-preussen-muenster-ev\/#breadcrumb\"},\"inLanguage\":\"de\",\"potentialAction\":[{\"@type\":\"ReadAction\",\"target\":[\"https:\/\/www.fanprojekt-muenster.de\/wordpress\/stellungnahme-des-fanprojekt-sc-preussen-muenster-ev\/\"]}]},{\"@type\":\"ImageObject\",\"inLanguage\":\"de\",\"@id\":\"https:\/\/www.fanprojekt-muenster.de\/wordpress\/stellungnahme-des-fanprojekt-sc-preussen-muenster-ev\/#primaryimage\",\"url\":\"https:\/\/www.fanprojekt-muenster.de\/wordpress\/wp-content\/uploads\/2013\/04\/Preussenadler_FP_kl.jpg\",\"contentUrl\":\"https:\/\/www.fanprojekt-muenster.de\/wordpress\/wp-content\/uploads\/2013\/04\/Preussenadler_FP_kl.jpg\",\"width\":260,\"height\":162},{\"@type\":\"BreadcrumbList\",\"@id\":\"https:\/\/www.fanprojekt-muenster.de\/wordpress\/stellungnahme-des-fanprojekt-sc-preussen-muenster-ev\/#breadcrumb\",\"itemListElement\":[{\"@type\":\"ListItem\",\"position\":1,\"name\":\"Startseite\",\"item\":\"https:\/\/www.fanprojekt-muenster.de\/wordpress\/\"},{\"@type\":\"ListItem\",\"position\":2,\"name\":\"Stellungnahme des Fanprojekt Preu\u00dfen M\u00fcnster e.V.\"}]},{\"@type\":\"WebSite\",\"@id\":\"https:\/\/www.fanprojekt-muenster.de\/wordpress\/#website\",\"url\":\"https:\/\/www.fanprojekt-muenster.de\/wordpress\/\",\"name\":\"Fangemeinschaft Preu\u00dfen M\u00fcnster e. V.\",\"description\":\"\",\"publisher\":{\"@id\":\"https:\/\/www.fanprojekt-muenster.de\/wordpress\/#organization\"},\"potentialAction\":[{\"@type\":\"SearchAction\",\"target\":{\"@type\":\"EntryPoint\",\"urlTemplate\":\"https:\/\/www.fanprojekt-muenster.de\/wordpress\/?s={search_term_string}\"},\"query-input\":{\"@type\":\"PropertyValueSpecification\",\"valueRequired\":true,\"valueName\":\"search_term_string\"}}],\"inLanguage\":\"de\"},{\"@type\":\"Organization\",\"@id\":\"https:\/\/www.fanprojekt-muenster.de\/wordpress\/#organization\",\"name\":\"Fangemeinschaft Preu\u00dfen M\u00fcnster e. V.\",\"url\":\"https:\/\/www.fanprojekt-muenster.de\/wordpress\/\",\"logo\":{\"@type\":\"ImageObject\",\"inLanguage\":\"de\",\"@id\":\"https:\/\/www.fanprojekt-muenster.de\/wordpress\/#\/schema\/logo\/image\/\",\"url\":\"https:\/\/www.fanprojekt-muenster.de\/wordpress\/wp-content\/uploads\/2019\/07\/cropped-Website_Logo3-9.png\",\"contentUrl\":\"https:\/\/www.fanprojekt-muenster.de\/wordpress\/wp-content\/uploads\/2019\/07\/cropped-Website_Logo3-9.png\",\"width\":224,\"height\":42,\"caption\":\"Fangemeinschaft Preu\u00dfen M\u00fcnster e. V.\"},\"image\":{\"@id\":\"https:\/\/www.fanprojekt-muenster.de\/wordpress\/#\/schema\/logo\/image\/\"}},{\"@type\":\"Person\",\"@id\":\"https:\/\/www.fanprojekt-muenster.de\/wordpress\/#\/schema\/person\/9126cc4d73d0d07c75b487075111186c\",\"name\":\"fp_superadmin\",\"url\":\"https:\/\/www.fanprojekt-muenster.de\/wordpress\/author\/fp_superadmin\/\"}]}<\/script>\n<!-- \/ Yoast SEO plugin. -->","yoast_head_json":{"title":"Stellungnahme des Fanprojekt Preu\u00dfen M\u00fcnster e.V. - Fangemeinschaft Preu\u00dfen M\u00fcnster e. V.","robots":{"index":"index","follow":"follow","max-snippet":"max-snippet:-1","max-image-preview":"max-image-preview:large","max-video-preview":"max-video-preview:-1"},"canonical":"https:\/\/www.fanprojekt-muenster.de\/wordpress\/stellungnahme-des-fanprojekt-sc-preussen-muenster-ev\/","og_locale":"de_DE","og_type":"article","og_title":"Stellungnahme des Fanprojekt Preu\u00dfen M\u00fcnster e.V. - Fangemeinschaft Preu\u00dfen M\u00fcnster e. V.","og_description":"Die Mehrheit der politisch Verantwortlichen unserer wundersch\u00f6nen und lebenswerten Stadt hat leider ein Problem. Und zwar eines mit seinem sportlichen Aush\u00e4ngeschild, dem nicht zu untersch\u00e4tzenden Werbetr\u00e4ger f\u00fcr die Stadt, SC... Read more &raquo;","og_url":"https:\/\/www.fanprojekt-muenster.de\/wordpress\/stellungnahme-des-fanprojekt-sc-preussen-muenster-ev\/","og_site_name":"Fangemeinschaft Preu\u00dfen M\u00fcnster e. V.","article_published_time":"2013-03-13T21:04:26+00:00","og_image":[{"width":260,"height":162,"url":"https:\/\/www.fanprojekt-muenster.de\/wordpress\/wp-content\/uploads\/2013\/04\/Preussenadler_FP_kl.jpg","type":"image\/jpeg"}],"author":"fp_superadmin","twitter_card":"summary_large_image","twitter_misc":{"Verfasst von":"fp_superadmin","Gesch\u00e4tzte Lesezeit":"2\u00a0Minuten"},"schema":{"@context":"https:\/\/schema.org","@graph":[{"@type":"Article","@id":"https:\/\/www.fanprojekt-muenster.de\/wordpress\/stellungnahme-des-fanprojekt-sc-preussen-muenster-ev\/#article","isPartOf":{"@id":"https:\/\/www.fanprojekt-muenster.de\/wordpress\/stellungnahme-des-fanprojekt-sc-preussen-muenster-ev\/"},"author":{"name":"fp_superadmin","@id":"https:\/\/www.fanprojekt-muenster.de\/wordpress\/#\/schema\/person\/9126cc4d73d0d07c75b487075111186c"},"headline":"Stellungnahme des Fanprojekt Preu\u00dfen M\u00fcnster e.V.","datePublished":"2013-03-13T21:04:26+00:00","mainEntityOfPage":{"@id":"https:\/\/www.fanprojekt-muenster.de\/wordpress\/stellungnahme-des-fanprojekt-sc-preussen-muenster-ev\/"},"wordCount":359,"commentCount":0,"publisher":{"@id":"https:\/\/www.fanprojekt-muenster.de\/wordpress\/#organization"},"image":{"@id":"https:\/\/www.fanprojekt-muenster.de\/wordpress\/stellungnahme-des-fanprojekt-sc-preussen-muenster-ev\/#primaryimage"},"thumbnailUrl":"https:\/\/www.fanprojekt-muenster.de\/wordpress\/wp-content\/uploads\/2013\/04\/Preussenadler_FP_kl.jpg","articleSection":["Aktuelles"],"inLanguage":"de","potentialAction":[{"@type":"CommentAction","name":"Comment","target":["https:\/\/www.fanprojekt-muenster.de\/wordpress\/stellungnahme-des-fanprojekt-sc-preussen-muenster-ev\/#respond"]}]},{"@type":"WebPage","@id":"https:\/\/www.fanprojekt-muenster.de\/wordpress\/stellungnahme-des-fanprojekt-sc-preussen-muenster-ev\/","url":"https:\/\/www.fanprojekt-muenster.de\/wordpress\/stellungnahme-des-fanprojekt-sc-preussen-muenster-ev\/","name":"Stellungnahme des Fanprojekt Preu\u00dfen M\u00fcnster e.V. - Fangemeinschaft Preu\u00dfen M\u00fcnster e. V.","isPartOf":{"@id":"https:\/\/www.fanprojekt-muenster.de\/wordpress\/#website"},"primaryImageOfPage":{"@id":"https:\/\/www.fanprojekt-muenster.de\/wordpress\/stellungnahme-des-fanprojekt-sc-preussen-muenster-ev\/#primaryimage"},"image":{"@id":"https:\/\/www.fanprojekt-muenster.de\/wordpress\/stellungnahme-des-fanprojekt-sc-preussen-muenster-ev\/#primaryimage"},"thumbnailUrl":"https:\/\/www.fanprojekt-muenster.de\/wordpress\/wp-content\/uploads\/2013\/04\/Preussenadler_FP_kl.jpg","datePublished":"2013-03-13T21:04:26+00:00","breadcrumb":{"@id":"https:\/\/www.fanprojekt-muenster.de\/wordpress\/stellungnahme-des-fanprojekt-sc-preussen-muenster-ev\/#breadcrumb"},"inLanguage":"de","potentialAction":[{"@type":"ReadAction","target":["https:\/\/www.fanprojekt-muenster.de\/wordpress\/stellungnahme-des-fanprojekt-sc-preussen-muenster-ev\/"]}]},{"@type":"ImageObject","inLanguage":"de","@id":"https:\/\/www.fanprojekt-muenster.de\/wordpress\/stellungnahme-des-fanprojekt-sc-preussen-muenster-ev\/#primaryimage","url":"https:\/\/www.fanprojekt-muenster.de\/wordpress\/wp-content\/uploads\/2013\/04\/Preussenadler_FP_kl.jpg","contentUrl":"https:\/\/www.fanprojekt-muenster.de\/wordpress\/wp-content\/uploads\/2013\/04\/Preussenadler_FP_kl.jpg","width":260,"height":162},{"@type":"BreadcrumbList","@id":"https:\/\/www.fanprojekt-muenster.de\/wordpress\/stellungnahme-des-fanprojekt-sc-preussen-muenster-ev\/#breadcrumb","itemListElement":[{"@type":"ListItem","position":1,"name":"Startseite","item":"https:\/\/www.fanprojekt-muenster.de\/wordpress\/"},{"@type":"ListItem","position":2,"name":"Stellungnahme des Fanprojekt Preu\u00dfen M\u00fcnster e.V."}]},{"@type":"WebSite","@id":"https:\/\/www.fanprojekt-muenster.de\/wordpress\/#website","url":"https:\/\/www.fanprojekt-muenster.de\/wordpress\/","name":"Fangemeinschaft Preu\u00dfen M\u00fcnster e. V.","description":"","publisher":{"@id":"https:\/\/www.fanprojekt-muenster.de\/wordpress\/#organization"},"potentialAction":[{"@type":"SearchAction","target":{"@type":"EntryPoint","urlTemplate":"https:\/\/www.fanprojekt-muenster.de\/wordpress\/?s={search_term_string}"},"query-input":{"@type":"PropertyValueSpecification","valueRequired":true,"valueName":"search_term_string"}}],"inLanguage":"de"},{"@type":"Organization","@id":"https:\/\/www.fanprojekt-muenster.de\/wordpress\/#organization","name":"Fangemeinschaft Preu\u00dfen M\u00fcnster e. V.","url":"https:\/\/www.fanprojekt-muenster.de\/wordpress\/","logo":{"@type":"ImageObject","inLanguage":"de","@id":"https:\/\/www.fanprojekt-muenster.de\/wordpress\/#\/schema\/logo\/image\/","url":"https:\/\/www.fanprojekt-muenster.de\/wordpress\/wp-content\/uploads\/2019\/07\/cropped-Website_Logo3-9.png","contentUrl":"https:\/\/www.fanprojekt-muenster.de\/wordpress\/wp-content\/uploads\/2019\/07\/cropped-Website_Logo3-9.png","width":224,"height":42,"caption":"Fangemeinschaft Preu\u00dfen M\u00fcnster e. V."},"image":{"@id":"https:\/\/www.fanprojekt-muenster.de\/wordpress\/#\/schema\/logo\/image\/"}},{"@type":"Person","@id":"https:\/\/www.fanprojekt-muenster.de\/wordpress\/#\/schema\/person\/9126cc4d73d0d07c75b487075111186c","name":"fp_superadmin","url":"https:\/\/www.fanprojekt-muenster.de\/wordpress\/author\/fp_superadmin\/"}]}},"author_meta":{"display_name":"fp_superadmin","author_link":"https:\/\/www.fanprojekt-muenster.de\/wordpress\/author\/fp_superadmin\/"},"featured_img":"https:\/\/www.fanprojekt-muenster.de\/wordpress\/wp-content\/uploads\/2013\/04\/Preussenadler_FP_kl.jpg","coauthors":[],"tax_additional":{"categories":{"linked":["<a href=\"https:\/\/www.fanprojekt-muenster.de\/wordpress\/category\/aktuelles\/\" class=\"advgb-post-tax-term\">Aktuelles<\/a>"],"unlinked":["<span class=\"advgb-post-tax-term\">Aktuelles<\/span>"]}},"comment_count":"0","relative_dates":{"created":"Posted 13\u00a0Jahren ago","modified":"Updated 13\u00a0Jahren ago"},"absolute_dates":{"created":"Posted on 13. M\u00e4rz 2013","modified":"Updated on 13. M\u00e4rz 2013"},"absolute_dates_time":{"created":"Posted on 13. M\u00e4rz 2013 21:04","modified":"Updated on 13. M\u00e4rz 2013 21:04"},"featured_img_caption":"","series_order":"","_links":{"self":[{"href":"https:\/\/www.fanprojekt-muenster.de\/wordpress\/wp-json\/wp\/v2\/posts\/160","targetHints":{"allow":["GET"]}}],"collection":[{"href":"https:\/\/www.fanprojekt-muenster.de\/wordpress\/wp-json\/wp\/v2\/posts"}],"about":[{"href":"https:\/\/www.fanprojekt-muenster.de\/wordpress\/wp-json\/wp\/v2\/types\/post"}],"author":[{"embeddable":true,"href":"https:\/\/www.fanprojekt-muenster.de\/wordpress\/wp-json\/wp\/v2\/users\/2"}],"replies":[{"embeddable":true,"href":"https:\/\/www.fanprojekt-muenster.de\/wordpress\/wp-json\/wp\/v2\/comments?post=160"}],"version-history":[{"count":0,"href":"https:\/\/www.fanprojekt-muenster.de\/wordpress\/wp-json\/wp\/v2\/posts\/160\/revisions"}],"wp:featuredmedia":[{"embeddable":true,"href":"https:\/\/www.fanprojekt-muenster.de\/wordpress\/wp-json\/wp\/v2\/media\/708"}],"wp:attachment":[{"href":"https:\/\/www.fanprojekt-muenster.de\/wordpress\/wp-json\/wp\/v2\/media?parent=160"}],"wp:term":[{"taxonomy":"category","embeddable":true,"href":"https:\/\/www.fanprojekt-muenster.de\/wordpress\/wp-json\/wp\/v2\/categories?post=160"},{"taxonomy":"post_tag","embeddable":true,"href":"https:\/\/www.fanprojekt-muenster.de\/wordpress\/wp-json\/wp\/v2\/tags?post=160"}],"curies":[{"name":"wp","href":"https:\/\/api.w.org\/{rel}","templated":true}]}}