{"id":148,"date":"2013-01-20T17:44:01","date_gmt":"2013-01-20T17:44:01","guid":{"rendered":"http:\/\/www.fanprojekt-muenster.de\/fp\/?p=148"},"modified":"2013-01-20T17:44:01","modified_gmt":"2013-01-20T17:44:01","slug":"neujahrsempfang-des-preussen-fanprojektes-ein-voller-erfolg","status":"publish","type":"post","link":"https:\/\/www.fanprojekt-muenster.de\/wordpress\/neujahrsempfang-des-preussen-fanprojektes-ein-voller-erfolg\/","title":{"rendered":"Neujahrsempfang des Preu\u00dfen Fanprojektes ein voller Erfolg"},"content":{"rendered":"<p><img loading=\"lazy\" decoding=\"async\" class=\"alignnone size-full wp-image-740\" alt=\"fans\" src=\"http:\/\/www.fanprojekt-muenster.de\/wp-content\/uploads\/2013\/01\/fans.jpg\" width=\"520\" height=\"346\" srcset=\"https:\/\/www.fanprojekt-muenster.de\/wordpress\/wp-content\/uploads\/2013\/01\/fans.jpg 520w, https:\/\/www.fanprojekt-muenster.de\/wordpress\/wp-content\/uploads\/2013\/01\/fans-300x200.jpg 300w\" sizes=\"auto, (max-width: 520px) 100vw, 520px\" \/><\/p>\n<p>Rund 150 des fast 400 Mitglieder z\u00e4hlenden Fanprojektes (FP) des SC Preu\u00dfen M\u00fcnster waren am Samstagabend in die Business-R\u00e4ume der Haupttrib\u00fcne gekommen, um den Start in ein hoffentlich erfolgreiches Fu\u00dfballjahr 2013 im Kreise der Preu\u00dfen-Familie zu feiern. Unter ihnen waren auch die komplette Mannschaft, die sich an die Tische der Fans mischte, Trainer Pavel Dotchev, Marco de Angelis und Georg Krimphove vom Vorstand sowie Ehrengast Reinhold Schmelter samt Familie. Die Organisatoren des Neujahrsempfangs, die die aus den Vorjahren bekannte und beliebte Weihnachtsfeier des FP ersetzt, hatten ein tolles Programm, leckeres Essen und preisg\u00fcnstige Getr\u00e4nke angeboten und die Fans von jung bis alt waren begeistert. Die Moderatorin und 1. Vorsitzende des FP, Tanja Eilert, sprach hinterher von \u201eeinem vollen Erfolg, der uns best\u00e4tigt, mit diesem neuen Termin und einem rund erneuerten Programm vieles richtig gemacht zu haben\u201c.<\/p>\n<p><iframe loading=\"lazy\" src=\"\/\/www.youtube.com\/embed\/33LlXFSYb_M\" height=\"480\" width=\"853\" allowfullscreen=\"\" frameborder=\"0\"><\/iframe><\/p>\n<p>Es gab Comedy-Einlagen, Livemusik von der Band \u201eAttila und die Schickerm\u00e4nner\u201c mit neuen Preu\u00dfensongs, kurze Reden von Marco de Angelis (\u201eMehmet Kara will auf jeden Fall gern zu uns kommen, wir m\u00fcssen nun sehen, ob sich alle Parteien auf einen kurzfristigen Transfer einigen k\u00f6nnen\u201c), Pavel Dotchev sowie Ehrengast Reinhold Schmelter. Auch einige Spieler \u00e4u\u00dferten sich auf der B\u00fchne zur laufenden Saison und spendeten aus der Mannschaftskasse einen dreistelligen Betrag f\u00fcr das Fanprojekt. Die beliebte, diesmal zeitlich stark verk\u00fcrzte, Tombola mit tollen Preisen von Sponsoren begeisterte die Fans wieder. Der Hauptpreis, eine Skireise von Pfiff Sportreisen im Wert von 1100 Euro, fand ebenso einen gl\u00fccklichen Abnehmer wie ein Fahrrad, ein Preu\u00dfen-Sandsteinunikat und viele weitere Preise.<\/p>\n<p>Au\u00dferdem stellte das Fanprojekt seinen Mitgliedern das neueste und sehr gut angelaufene Projekt \u201eRadio Mottekstrehle\u201c sowie die neue \u201eAusw\u00e4rtsoffensive\u201c vor. Zudem gab es viele kurzweilige Diskussionen mit Spielern und Verantwortlichen des Vereins. In einem herrschte \u2013 zumindest unter den Fans \u2013 Einigkeit: 2013 kann ein historisches Jahr f\u00fcr die Preu\u00dfen werden, wenn der Aufstieg gelingt. Wenn nicht, geht die Welt auch nicht unter, denn der Zusammenhalt aller hat bei dieser Neujahrsfeier wieder einmal bewiesen: Das Fanprojekt-Motto \u201eVon Fans f\u00fcr Fans\u201c wird auch weiter gelebt, f\u00fcr und gemeinsam mit dem Verein, den alle so lieben\u2026<\/p>\n<p>Und hier noch das Video welches uns Sven von\u00a0<a title=\"Preussen Forum\" href=\"http:\/\/www.preussen-forum.de\/\" target=\"_blank\" rel=\"noopener noreferrer\">www.preussen-forum.de<\/a>\u00a0gemacht hat, aber leider aus zeitlichen Gr\u00fcnden nicht gespielt werden konnte. Daf\u00fcr nochmal Danke!<\/p>\n<p><iframe loading=\"lazy\" src=\"\/\/www.youtube.com\/embed\/GO9elu5BHBg\" height=\"480\" width=\"853\" allowfullscreen=\"\" frameborder=\"0\"><\/iframe><\/p>\n<p>Bilder gibt es unter Fotos<\/p>\n","protected":false},"excerpt":{"rendered":"<p>Rund 150 des fast 400 Mitglieder z\u00e4hlenden Fanprojektes (FP) des SC Preu\u00dfen M\u00fcnster waren am Samstagabend in die Business-R\u00e4ume der Haupttrib\u00fcne gekommen, um den Start in ein hoffentlich erfolgreiches Fu\u00dfballjahr&#8230; <a class=\"read-more-link\" href=\"https:\/\/www.fanprojekt-muenster.de\/wordpress\/neujahrsempfang-des-preussen-fanprojektes-ein-voller-erfolg\/\">Read more &raquo;<\/a><\/p>\n","protected":false},"author":2,"featured_media":0,"comment_status":"open","ping_status":"open","sticky":false,"template":"","format":"standard","meta":{"advgb_blocks_editor_width":"","advgb_blocks_columns_visual_guide":"","footnotes":""},"categories":[3],"tags":[],"class_list":["post-148","post","type-post","status-publish","format-standard","hentry","category-aktuelles"],"featured_image_src":null,"author_info":{"display_name":"fp_superadmin","author_link":"https:\/\/www.fanprojekt-muenster.de\/wordpress\/author\/fp_superadmin\/"},"yoast_head":"<!-- This site is optimized with the Yoast SEO plugin v27.2 - https:\/\/yoast.com\/product\/yoast-seo-wordpress\/ -->\n<title>Neujahrsempfang des Preu\u00dfen Fanprojektes ein voller Erfolg - Fangemeinschaft Preu\u00dfen M\u00fcnster e. V.<\/title>\n<meta name=\"robots\" content=\"index, follow, max-snippet:-1, max-image-preview:large, max-video-preview:-1\" \/>\n<link rel=\"canonical\" href=\"https:\/\/www.fanprojekt-muenster.de\/wordpress\/neujahrsempfang-des-preussen-fanprojektes-ein-voller-erfolg\/\" \/>\n<meta property=\"og:locale\" content=\"de_DE\" \/>\n<meta property=\"og:type\" content=\"article\" \/>\n<meta property=\"og:title\" content=\"Neujahrsempfang des Preu\u00dfen Fanprojektes ein voller Erfolg - Fangemeinschaft Preu\u00dfen M\u00fcnster e. V.\" \/>\n<meta property=\"og:description\" content=\"Rund 150 des fast 400 Mitglieder z\u00e4hlenden Fanprojektes (FP) des SC Preu\u00dfen M\u00fcnster waren am Samstagabend in die Business-R\u00e4ume der Haupttrib\u00fcne gekommen, um den Start in ein hoffentlich erfolgreiches Fu\u00dfballjahr... Read more &raquo;\" \/>\n<meta property=\"og:url\" content=\"https:\/\/www.fanprojekt-muenster.de\/wordpress\/neujahrsempfang-des-preussen-fanprojektes-ein-voller-erfolg\/\" \/>\n<meta property=\"og:site_name\" content=\"Fangemeinschaft Preu\u00dfen M\u00fcnster e. V.\" \/>\n<meta property=\"article:published_time\" content=\"2013-01-20T17:44:01+00:00\" \/>\n<meta property=\"og:image\" content=\"http:\/\/www.fanprojekt-muenster.de\/wp-content\/uploads\/2013\/01\/fans.jpg\" \/>\n<meta name=\"author\" content=\"fp_superadmin\" \/>\n<meta name=\"twitter:card\" content=\"summary_large_image\" \/>\n<meta name=\"twitter:label1\" content=\"Verfasst von\" \/>\n\t<meta name=\"twitter:data1\" content=\"fp_superadmin\" \/>\n\t<meta name=\"twitter:label2\" content=\"Gesch\u00e4tzte Lesezeit\" \/>\n\t<meta name=\"twitter:data2\" content=\"2\u00a0Minuten\" \/>\n<script type=\"application\/ld+json\" class=\"yoast-schema-graph\">{\"@context\":\"https:\/\/schema.org\",\"@graph\":[{\"@type\":\"Article\",\"@id\":\"https:\/\/www.fanprojekt-muenster.de\/wordpress\/neujahrsempfang-des-preussen-fanprojektes-ein-voller-erfolg\/#article\",\"isPartOf\":{\"@id\":\"https:\/\/www.fanprojekt-muenster.de\/wordpress\/neujahrsempfang-des-preussen-fanprojektes-ein-voller-erfolg\/\"},\"author\":{\"name\":\"fp_superadmin\",\"@id\":\"https:\/\/www.fanprojekt-muenster.de\/wordpress\/#\/schema\/person\/9126cc4d73d0d07c75b487075111186c\"},\"headline\":\"Neujahrsempfang des Preu\u00dfen Fanprojektes ein voller Erfolg\",\"datePublished\":\"2013-01-20T17:44:01+00:00\",\"mainEntityOfPage\":{\"@id\":\"https:\/\/www.fanprojekt-muenster.de\/wordpress\/neujahrsempfang-des-preussen-fanprojektes-ein-voller-erfolg\/\"},\"wordCount\":403,\"commentCount\":0,\"publisher\":{\"@id\":\"https:\/\/www.fanprojekt-muenster.de\/wordpress\/#organization\"},\"image\":{\"@id\":\"https:\/\/www.fanprojekt-muenster.de\/wordpress\/neujahrsempfang-des-preussen-fanprojektes-ein-voller-erfolg\/#primaryimage\"},\"thumbnailUrl\":\"http:\/\/www.fanprojekt-muenster.de\/wp-content\/uploads\/2013\/01\/fans.jpg\",\"articleSection\":[\"Aktuelles\"],\"inLanguage\":\"de\",\"potentialAction\":[{\"@type\":\"CommentAction\",\"name\":\"Comment\",\"target\":[\"https:\/\/www.fanprojekt-muenster.de\/wordpress\/neujahrsempfang-des-preussen-fanprojektes-ein-voller-erfolg\/#respond\"]}]},{\"@type\":\"WebPage\",\"@id\":\"https:\/\/www.fanprojekt-muenster.de\/wordpress\/neujahrsempfang-des-preussen-fanprojektes-ein-voller-erfolg\/\",\"url\":\"https:\/\/www.fanprojekt-muenster.de\/wordpress\/neujahrsempfang-des-preussen-fanprojektes-ein-voller-erfolg\/\",\"name\":\"Neujahrsempfang des Preu\u00dfen Fanprojektes ein voller Erfolg - Fangemeinschaft Preu\u00dfen M\u00fcnster e. V.\",\"isPartOf\":{\"@id\":\"https:\/\/www.fanprojekt-muenster.de\/wordpress\/#website\"},\"primaryImageOfPage\":{\"@id\":\"https:\/\/www.fanprojekt-muenster.de\/wordpress\/neujahrsempfang-des-preussen-fanprojektes-ein-voller-erfolg\/#primaryimage\"},\"image\":{\"@id\":\"https:\/\/www.fanprojekt-muenster.de\/wordpress\/neujahrsempfang-des-preussen-fanprojektes-ein-voller-erfolg\/#primaryimage\"},\"thumbnailUrl\":\"http:\/\/www.fanprojekt-muenster.de\/wp-content\/uploads\/2013\/01\/fans.jpg\",\"datePublished\":\"2013-01-20T17:44:01+00:00\",\"breadcrumb\":{\"@id\":\"https:\/\/www.fanprojekt-muenster.de\/wordpress\/neujahrsempfang-des-preussen-fanprojektes-ein-voller-erfolg\/#breadcrumb\"},\"inLanguage\":\"de\",\"potentialAction\":[{\"@type\":\"ReadAction\",\"target\":[\"https:\/\/www.fanprojekt-muenster.de\/wordpress\/neujahrsempfang-des-preussen-fanprojektes-ein-voller-erfolg\/\"]}]},{\"@type\":\"ImageObject\",\"inLanguage\":\"de\",\"@id\":\"https:\/\/www.fanprojekt-muenster.de\/wordpress\/neujahrsempfang-des-preussen-fanprojektes-ein-voller-erfolg\/#primaryimage\",\"url\":\"http:\/\/www.fanprojekt-muenster.de\/wp-content\/uploads\/2013\/01\/fans.jpg\",\"contentUrl\":\"http:\/\/www.fanprojekt-muenster.de\/wp-content\/uploads\/2013\/01\/fans.jpg\"},{\"@type\":\"BreadcrumbList\",\"@id\":\"https:\/\/www.fanprojekt-muenster.de\/wordpress\/neujahrsempfang-des-preussen-fanprojektes-ein-voller-erfolg\/#breadcrumb\",\"itemListElement\":[{\"@type\":\"ListItem\",\"position\":1,\"name\":\"Startseite\",\"item\":\"https:\/\/www.fanprojekt-muenster.de\/wordpress\/\"},{\"@type\":\"ListItem\",\"position\":2,\"name\":\"Neujahrsempfang des Preu\u00dfen Fanprojektes ein voller Erfolg\"}]},{\"@type\":\"WebSite\",\"@id\":\"https:\/\/www.fanprojekt-muenster.de\/wordpress\/#website\",\"url\":\"https:\/\/www.fanprojekt-muenster.de\/wordpress\/\",\"name\":\"Fangemeinschaft Preu\u00dfen M\u00fcnster e. V.\",\"description\":\"\",\"publisher\":{\"@id\":\"https:\/\/www.fanprojekt-muenster.de\/wordpress\/#organization\"},\"potentialAction\":[{\"@type\":\"SearchAction\",\"target\":{\"@type\":\"EntryPoint\",\"urlTemplate\":\"https:\/\/www.fanprojekt-muenster.de\/wordpress\/?s={search_term_string}\"},\"query-input\":{\"@type\":\"PropertyValueSpecification\",\"valueRequired\":true,\"valueName\":\"search_term_string\"}}],\"inLanguage\":\"de\"},{\"@type\":\"Organization\",\"@id\":\"https:\/\/www.fanprojekt-muenster.de\/wordpress\/#organization\",\"name\":\"Fangemeinschaft Preu\u00dfen M\u00fcnster e. V.\",\"url\":\"https:\/\/www.fanprojekt-muenster.de\/wordpress\/\",\"logo\":{\"@type\":\"ImageObject\",\"inLanguage\":\"de\",\"@id\":\"https:\/\/www.fanprojekt-muenster.de\/wordpress\/#\/schema\/logo\/image\/\",\"url\":\"https:\/\/www.fanprojekt-muenster.de\/wordpress\/wp-content\/uploads\/2019\/07\/cropped-Website_Logo3-9.png\",\"contentUrl\":\"https:\/\/www.fanprojekt-muenster.de\/wordpress\/wp-content\/uploads\/2019\/07\/cropped-Website_Logo3-9.png\",\"width\":224,\"height\":42,\"caption\":\"Fangemeinschaft Preu\u00dfen M\u00fcnster e. V.\"},\"image\":{\"@id\":\"https:\/\/www.fanprojekt-muenster.de\/wordpress\/#\/schema\/logo\/image\/\"}},{\"@type\":\"Person\",\"@id\":\"https:\/\/www.fanprojekt-muenster.de\/wordpress\/#\/schema\/person\/9126cc4d73d0d07c75b487075111186c\",\"name\":\"fp_superadmin\",\"url\":\"https:\/\/www.fanprojekt-muenster.de\/wordpress\/author\/fp_superadmin\/\"}]}<\/script>\n<!-- \/ Yoast SEO plugin. -->","yoast_head_json":{"title":"Neujahrsempfang des Preu\u00dfen Fanprojektes ein voller Erfolg - Fangemeinschaft Preu\u00dfen M\u00fcnster e. V.","robots":{"index":"index","follow":"follow","max-snippet":"max-snippet:-1","max-image-preview":"max-image-preview:large","max-video-preview":"max-video-preview:-1"},"canonical":"https:\/\/www.fanprojekt-muenster.de\/wordpress\/neujahrsempfang-des-preussen-fanprojektes-ein-voller-erfolg\/","og_locale":"de_DE","og_type":"article","og_title":"Neujahrsempfang des Preu\u00dfen Fanprojektes ein voller Erfolg - Fangemeinschaft Preu\u00dfen M\u00fcnster e. V.","og_description":"Rund 150 des fast 400 Mitglieder z\u00e4hlenden Fanprojektes (FP) des SC Preu\u00dfen M\u00fcnster waren am Samstagabend in die Business-R\u00e4ume der Haupttrib\u00fcne gekommen, um den Start in ein hoffentlich erfolgreiches Fu\u00dfballjahr... Read more &raquo;","og_url":"https:\/\/www.fanprojekt-muenster.de\/wordpress\/neujahrsempfang-des-preussen-fanprojektes-ein-voller-erfolg\/","og_site_name":"Fangemeinschaft Preu\u00dfen M\u00fcnster e. V.","article_published_time":"2013-01-20T17:44:01+00:00","og_image":[{"url":"http:\/\/www.fanprojekt-muenster.de\/wp-content\/uploads\/2013\/01\/fans.jpg","type":"","width":"","height":""}],"author":"fp_superadmin","twitter_card":"summary_large_image","twitter_misc":{"Verfasst von":"fp_superadmin","Gesch\u00e4tzte Lesezeit":"2\u00a0Minuten"},"schema":{"@context":"https:\/\/schema.org","@graph":[{"@type":"Article","@id":"https:\/\/www.fanprojekt-muenster.de\/wordpress\/neujahrsempfang-des-preussen-fanprojektes-ein-voller-erfolg\/#article","isPartOf":{"@id":"https:\/\/www.fanprojekt-muenster.de\/wordpress\/neujahrsempfang-des-preussen-fanprojektes-ein-voller-erfolg\/"},"author":{"name":"fp_superadmin","@id":"https:\/\/www.fanprojekt-muenster.de\/wordpress\/#\/schema\/person\/9126cc4d73d0d07c75b487075111186c"},"headline":"Neujahrsempfang des Preu\u00dfen Fanprojektes ein voller Erfolg","datePublished":"2013-01-20T17:44:01+00:00","mainEntityOfPage":{"@id":"https:\/\/www.fanprojekt-muenster.de\/wordpress\/neujahrsempfang-des-preussen-fanprojektes-ein-voller-erfolg\/"},"wordCount":403,"commentCount":0,"publisher":{"@id":"https:\/\/www.fanprojekt-muenster.de\/wordpress\/#organization"},"image":{"@id":"https:\/\/www.fanprojekt-muenster.de\/wordpress\/neujahrsempfang-des-preussen-fanprojektes-ein-voller-erfolg\/#primaryimage"},"thumbnailUrl":"http:\/\/www.fanprojekt-muenster.de\/wp-content\/uploads\/2013\/01\/fans.jpg","articleSection":["Aktuelles"],"inLanguage":"de","potentialAction":[{"@type":"CommentAction","name":"Comment","target":["https:\/\/www.fanprojekt-muenster.de\/wordpress\/neujahrsempfang-des-preussen-fanprojektes-ein-voller-erfolg\/#respond"]}]},{"@type":"WebPage","@id":"https:\/\/www.fanprojekt-muenster.de\/wordpress\/neujahrsempfang-des-preussen-fanprojektes-ein-voller-erfolg\/","url":"https:\/\/www.fanprojekt-muenster.de\/wordpress\/neujahrsempfang-des-preussen-fanprojektes-ein-voller-erfolg\/","name":"Neujahrsempfang des Preu\u00dfen Fanprojektes ein voller Erfolg - Fangemeinschaft Preu\u00dfen M\u00fcnster e. V.","isPartOf":{"@id":"https:\/\/www.fanprojekt-muenster.de\/wordpress\/#website"},"primaryImageOfPage":{"@id":"https:\/\/www.fanprojekt-muenster.de\/wordpress\/neujahrsempfang-des-preussen-fanprojektes-ein-voller-erfolg\/#primaryimage"},"image":{"@id":"https:\/\/www.fanprojekt-muenster.de\/wordpress\/neujahrsempfang-des-preussen-fanprojektes-ein-voller-erfolg\/#primaryimage"},"thumbnailUrl":"http:\/\/www.fanprojekt-muenster.de\/wp-content\/uploads\/2013\/01\/fans.jpg","datePublished":"2013-01-20T17:44:01+00:00","breadcrumb":{"@id":"https:\/\/www.fanprojekt-muenster.de\/wordpress\/neujahrsempfang-des-preussen-fanprojektes-ein-voller-erfolg\/#breadcrumb"},"inLanguage":"de","potentialAction":[{"@type":"ReadAction","target":["https:\/\/www.fanprojekt-muenster.de\/wordpress\/neujahrsempfang-des-preussen-fanprojektes-ein-voller-erfolg\/"]}]},{"@type":"ImageObject","inLanguage":"de","@id":"https:\/\/www.fanprojekt-muenster.de\/wordpress\/neujahrsempfang-des-preussen-fanprojektes-ein-voller-erfolg\/#primaryimage","url":"http:\/\/www.fanprojekt-muenster.de\/wp-content\/uploads\/2013\/01\/fans.jpg","contentUrl":"http:\/\/www.fanprojekt-muenster.de\/wp-content\/uploads\/2013\/01\/fans.jpg"},{"@type":"BreadcrumbList","@id":"https:\/\/www.fanprojekt-muenster.de\/wordpress\/neujahrsempfang-des-preussen-fanprojektes-ein-voller-erfolg\/#breadcrumb","itemListElement":[{"@type":"ListItem","position":1,"name":"Startseite","item":"https:\/\/www.fanprojekt-muenster.de\/wordpress\/"},{"@type":"ListItem","position":2,"name":"Neujahrsempfang des Preu\u00dfen Fanprojektes ein voller Erfolg"}]},{"@type":"WebSite","@id":"https:\/\/www.fanprojekt-muenster.de\/wordpress\/#website","url":"https:\/\/www.fanprojekt-muenster.de\/wordpress\/","name":"Fangemeinschaft Preu\u00dfen M\u00fcnster e. V.","description":"","publisher":{"@id":"https:\/\/www.fanprojekt-muenster.de\/wordpress\/#organization"},"potentialAction":[{"@type":"SearchAction","target":{"@type":"EntryPoint","urlTemplate":"https:\/\/www.fanprojekt-muenster.de\/wordpress\/?s={search_term_string}"},"query-input":{"@type":"PropertyValueSpecification","valueRequired":true,"valueName":"search_term_string"}}],"inLanguage":"de"},{"@type":"Organization","@id":"https:\/\/www.fanprojekt-muenster.de\/wordpress\/#organization","name":"Fangemeinschaft Preu\u00dfen M\u00fcnster e. V.","url":"https:\/\/www.fanprojekt-muenster.de\/wordpress\/","logo":{"@type":"ImageObject","inLanguage":"de","@id":"https:\/\/www.fanprojekt-muenster.de\/wordpress\/#\/schema\/logo\/image\/","url":"https:\/\/www.fanprojekt-muenster.de\/wordpress\/wp-content\/uploads\/2019\/07\/cropped-Website_Logo3-9.png","contentUrl":"https:\/\/www.fanprojekt-muenster.de\/wordpress\/wp-content\/uploads\/2019\/07\/cropped-Website_Logo3-9.png","width":224,"height":42,"caption":"Fangemeinschaft Preu\u00dfen M\u00fcnster e. V."},"image":{"@id":"https:\/\/www.fanprojekt-muenster.de\/wordpress\/#\/schema\/logo\/image\/"}},{"@type":"Person","@id":"https:\/\/www.fanprojekt-muenster.de\/wordpress\/#\/schema\/person\/9126cc4d73d0d07c75b487075111186c","name":"fp_superadmin","url":"https:\/\/www.fanprojekt-muenster.de\/wordpress\/author\/fp_superadmin\/"}]}},"author_meta":{"display_name":"fp_superadmin","author_link":"https:\/\/www.fanprojekt-muenster.de\/wordpress\/author\/fp_superadmin\/"},"featured_img":null,"coauthors":[],"tax_additional":{"categories":{"linked":["<a href=\"https:\/\/www.fanprojekt-muenster.de\/wordpress\/category\/aktuelles\/\" class=\"advgb-post-tax-term\">Aktuelles<\/a>"],"unlinked":["<span class=\"advgb-post-tax-term\">Aktuelles<\/span>"]}},"comment_count":"0","relative_dates":{"created":"Posted 13\u00a0Jahren ago","modified":"Updated 13\u00a0Jahren ago"},"absolute_dates":{"created":"Posted on 20. Januar 2013","modified":"Updated on 20. Januar 2013"},"absolute_dates_time":{"created":"Posted on 20. Januar 2013 17:44","modified":"Updated on 20. Januar 2013 17:44"},"featured_img_caption":"","series_order":"","_links":{"self":[{"href":"https:\/\/www.fanprojekt-muenster.de\/wordpress\/wp-json\/wp\/v2\/posts\/148","targetHints":{"allow":["GET"]}}],"collection":[{"href":"https:\/\/www.fanprojekt-muenster.de\/wordpress\/wp-json\/wp\/v2\/posts"}],"about":[{"href":"https:\/\/www.fanprojekt-muenster.de\/wordpress\/wp-json\/wp\/v2\/types\/post"}],"author":[{"embeddable":true,"href":"https:\/\/www.fanprojekt-muenster.de\/wordpress\/wp-json\/wp\/v2\/users\/2"}],"replies":[{"embeddable":true,"href":"https:\/\/www.fanprojekt-muenster.de\/wordpress\/wp-json\/wp\/v2\/comments?post=148"}],"version-history":[{"count":0,"href":"https:\/\/www.fanprojekt-muenster.de\/wordpress\/wp-json\/wp\/v2\/posts\/148\/revisions"}],"wp:attachment":[{"href":"https:\/\/www.fanprojekt-muenster.de\/wordpress\/wp-json\/wp\/v2\/media?parent=148"}],"wp:term":[{"taxonomy":"category","embeddable":true,"href":"https:\/\/www.fanprojekt-muenster.de\/wordpress\/wp-json\/wp\/v2\/categories?post=148"},{"taxonomy":"post_tag","embeddable":true,"href":"https:\/\/www.fanprojekt-muenster.de\/wordpress\/wp-json\/wp\/v2\/tags?post=148"}],"curies":[{"name":"wp","href":"https:\/\/api.w.org\/{rel}","templated":true}]}}