{"id":1475,"date":"2013-07-25T20:24:11","date_gmt":"2013-07-25T18:24:11","guid":{"rendered":"http:\/\/www.fanprojekt-muenster.de\/fp\/?p=1475"},"modified":"2013-07-25T20:24:11","modified_gmt":"2013-07-25T18:24:11","slug":"unkraut-jaten-in-der-fiffi-gerritzen-kurve","status":"publish","type":"post","link":"https:\/\/www.fanprojekt-muenster.de\/wordpress\/unkraut-jaten-in-der-fiffi-gerritzen-kurve\/","title":{"rendered":"Unkraut j\u00e4ten in der Fiffi-Gerritzen-Kurve"},"content":{"rendered":"<p><img loading=\"lazy\" decoding=\"async\" class=\"alignnone size-full wp-image-1476\" alt=\"pict2697\" src=\"http:\/\/www.fanprojekt-muenster.de\/wp-content\/uploads\/2013\/07\/pict2697.jpg\" width=\"800\" height=\"600\" \/><\/p>\n<p>Liebe Fans des SC Preu\u00dfen M\u00fcnster!<br \/>\nEure Hilfe ist gefragt. Nach einer Beschwerde \u00fcber den Zustand der Kurven, w\u00fcrden wir gerne zusammen mit Euch am Mittwoch, dem 31. Juli 2013, vor dem Spiel gegen St. Pauli die Stehr\u00e4nge der Fiffi-Gerritzen-Kurve vom Unkraut befreien. Wer Lust und Zeit hat, kommt um 17 Uhr zum Seiteneingang des Stadions neben dem Fanport. Wer hat, der sollte Gartenutensilien mitbringen, aber bitte keine Unkrautbrenner!<br \/>\nF\u00fcr Essen und Trinken ist gesorgt.<br \/>\n<em><br \/>\nWir freuen uns auf zahlreiches Erscheinen in unserer Antikarena!<\/em><\/p>\n","protected":false},"excerpt":{"rendered":"<p>Liebe Fans des SC Preu\u00dfen M\u00fcnster! Eure Hilfe ist gefragt. Nach einer Beschwerde \u00fcber den Zustand der Kurven, w\u00fcrden wir gerne zusammen mit Euch am Mittwoch, dem 31. Juli 2013,&#8230; <a class=\"read-more-link\" href=\"https:\/\/www.fanprojekt-muenster.de\/wordpress\/unkraut-jaten-in-der-fiffi-gerritzen-kurve\/\">Read more &raquo;<\/a><\/p>\n","protected":false},"author":2,"featured_media":0,"comment_status":"open","ping_status":"open","sticky":false,"template":"","format":"standard","meta":{"advgb_blocks_editor_width":"","advgb_blocks_columns_visual_guide":"","footnotes":""},"categories":[3],"tags":[43,243,246,272,306],"class_list":["post-1475","post","type-post","status-publish","format-standard","hentry","category-aktuelles","tag-antikarena","tag-stadion","tag-stadt-muenster","tag-unkraut","tag-zustand"],"featured_image_src":null,"author_info":{"display_name":"fp_superadmin","author_link":"https:\/\/www.fanprojekt-muenster.de\/wordpress\/author\/fp_superadmin\/"},"yoast_head":"<!-- This site is optimized with the Yoast SEO plugin v27.2 - https:\/\/yoast.com\/product\/yoast-seo-wordpress\/ -->\n<title>Unkraut j\u00e4ten in der Fiffi-Gerritzen-Kurve - Fangemeinschaft Preu\u00dfen M\u00fcnster e. V.<\/title>\n<meta name=\"robots\" content=\"index, follow, max-snippet:-1, max-image-preview:large, max-video-preview:-1\" \/>\n<link rel=\"canonical\" href=\"https:\/\/www.fanprojekt-muenster.de\/wordpress\/unkraut-jaten-in-der-fiffi-gerritzen-kurve\/\" \/>\n<meta property=\"og:locale\" content=\"de_DE\" \/>\n<meta property=\"og:type\" content=\"article\" \/>\n<meta property=\"og:title\" content=\"Unkraut j\u00e4ten in der Fiffi-Gerritzen-Kurve - Fangemeinschaft Preu\u00dfen M\u00fcnster e. V.\" \/>\n<meta property=\"og:description\" content=\"Liebe Fans des SC Preu\u00dfen M\u00fcnster! Eure Hilfe ist gefragt. Nach einer Beschwerde \u00fcber den Zustand der Kurven, w\u00fcrden wir gerne zusammen mit Euch am Mittwoch, dem 31. Juli 2013,... Read more &raquo;\" \/>\n<meta property=\"og:url\" content=\"https:\/\/www.fanprojekt-muenster.de\/wordpress\/unkraut-jaten-in-der-fiffi-gerritzen-kurve\/\" \/>\n<meta property=\"og:site_name\" content=\"Fangemeinschaft Preu\u00dfen M\u00fcnster e. V.\" \/>\n<meta property=\"article:published_time\" content=\"2013-07-25T18:24:11+00:00\" \/>\n<meta property=\"og:image\" content=\"http:\/\/www.fanprojekt-muenster.de\/wp-content\/uploads\/2013\/07\/pict2697.jpg\" \/>\n<meta name=\"author\" content=\"fp_superadmin\" \/>\n<meta name=\"twitter:card\" content=\"summary_large_image\" \/>\n<meta name=\"twitter:label1\" content=\"Verfasst von\" \/>\n\t<meta name=\"twitter:data1\" content=\"fp_superadmin\" \/>\n<script type=\"application\/ld+json\" class=\"yoast-schema-graph\">{\"@context\":\"https:\/\/schema.org\",\"@graph\":[{\"@type\":\"Article\",\"@id\":\"https:\/\/www.fanprojekt-muenster.de\/wordpress\/unkraut-jaten-in-der-fiffi-gerritzen-kurve\/#article\",\"isPartOf\":{\"@id\":\"https:\/\/www.fanprojekt-muenster.de\/wordpress\/unkraut-jaten-in-der-fiffi-gerritzen-kurve\/\"},\"author\":{\"name\":\"fp_superadmin\",\"@id\":\"https:\/\/www.fanprojekt-muenster.de\/wordpress\/#\/schema\/person\/9126cc4d73d0d07c75b487075111186c\"},\"headline\":\"Unkraut j\u00e4ten in der Fiffi-Gerritzen-Kurve\",\"datePublished\":\"2013-07-25T18:24:11+00:00\",\"mainEntityOfPage\":{\"@id\":\"https:\/\/www.fanprojekt-muenster.de\/wordpress\/unkraut-jaten-in-der-fiffi-gerritzen-kurve\/\"},\"wordCount\":92,\"commentCount\":0,\"publisher\":{\"@id\":\"https:\/\/www.fanprojekt-muenster.de\/wordpress\/#organization\"},\"image\":{\"@id\":\"https:\/\/www.fanprojekt-muenster.de\/wordpress\/unkraut-jaten-in-der-fiffi-gerritzen-kurve\/#primaryimage\"},\"thumbnailUrl\":\"http:\/\/www.fanprojekt-muenster.de\/wp-content\/uploads\/2013\/07\/pict2697.jpg\",\"keywords\":[\"Antikarena\",\"Stadion\",\"Stadt M\u00fcnster\",\"Unkraut\",\"Zustand\"],\"articleSection\":[\"Aktuelles\"],\"inLanguage\":\"de\",\"potentialAction\":[{\"@type\":\"CommentAction\",\"name\":\"Comment\",\"target\":[\"https:\/\/www.fanprojekt-muenster.de\/wordpress\/unkraut-jaten-in-der-fiffi-gerritzen-kurve\/#respond\"]}]},{\"@type\":\"WebPage\",\"@id\":\"https:\/\/www.fanprojekt-muenster.de\/wordpress\/unkraut-jaten-in-der-fiffi-gerritzen-kurve\/\",\"url\":\"https:\/\/www.fanprojekt-muenster.de\/wordpress\/unkraut-jaten-in-der-fiffi-gerritzen-kurve\/\",\"name\":\"Unkraut j\u00e4ten in der Fiffi-Gerritzen-Kurve - Fangemeinschaft Preu\u00dfen M\u00fcnster e. V.\",\"isPartOf\":{\"@id\":\"https:\/\/www.fanprojekt-muenster.de\/wordpress\/#website\"},\"primaryImageOfPage\":{\"@id\":\"https:\/\/www.fanprojekt-muenster.de\/wordpress\/unkraut-jaten-in-der-fiffi-gerritzen-kurve\/#primaryimage\"},\"image\":{\"@id\":\"https:\/\/www.fanprojekt-muenster.de\/wordpress\/unkraut-jaten-in-der-fiffi-gerritzen-kurve\/#primaryimage\"},\"thumbnailUrl\":\"http:\/\/www.fanprojekt-muenster.de\/wp-content\/uploads\/2013\/07\/pict2697.jpg\",\"datePublished\":\"2013-07-25T18:24:11+00:00\",\"breadcrumb\":{\"@id\":\"https:\/\/www.fanprojekt-muenster.de\/wordpress\/unkraut-jaten-in-der-fiffi-gerritzen-kurve\/#breadcrumb\"},\"inLanguage\":\"de\",\"potentialAction\":[{\"@type\":\"ReadAction\",\"target\":[\"https:\/\/www.fanprojekt-muenster.de\/wordpress\/unkraut-jaten-in-der-fiffi-gerritzen-kurve\/\"]}]},{\"@type\":\"ImageObject\",\"inLanguage\":\"de\",\"@id\":\"https:\/\/www.fanprojekt-muenster.de\/wordpress\/unkraut-jaten-in-der-fiffi-gerritzen-kurve\/#primaryimage\",\"url\":\"http:\/\/www.fanprojekt-muenster.de\/wp-content\/uploads\/2013\/07\/pict2697.jpg\",\"contentUrl\":\"http:\/\/www.fanprojekt-muenster.de\/wp-content\/uploads\/2013\/07\/pict2697.jpg\"},{\"@type\":\"BreadcrumbList\",\"@id\":\"https:\/\/www.fanprojekt-muenster.de\/wordpress\/unkraut-jaten-in-der-fiffi-gerritzen-kurve\/#breadcrumb\",\"itemListElement\":[{\"@type\":\"ListItem\",\"position\":1,\"name\":\"Startseite\",\"item\":\"https:\/\/www.fanprojekt-muenster.de\/wordpress\/\"},{\"@type\":\"ListItem\",\"position\":2,\"name\":\"Unkraut j\u00e4ten in der Fiffi-Gerritzen-Kurve\"}]},{\"@type\":\"WebSite\",\"@id\":\"https:\/\/www.fanprojekt-muenster.de\/wordpress\/#website\",\"url\":\"https:\/\/www.fanprojekt-muenster.de\/wordpress\/\",\"name\":\"Fangemeinschaft Preu\u00dfen M\u00fcnster e. V.\",\"description\":\"\",\"publisher\":{\"@id\":\"https:\/\/www.fanprojekt-muenster.de\/wordpress\/#organization\"},\"potentialAction\":[{\"@type\":\"SearchAction\",\"target\":{\"@type\":\"EntryPoint\",\"urlTemplate\":\"https:\/\/www.fanprojekt-muenster.de\/wordpress\/?s={search_term_string}\"},\"query-input\":{\"@type\":\"PropertyValueSpecification\",\"valueRequired\":true,\"valueName\":\"search_term_string\"}}],\"inLanguage\":\"de\"},{\"@type\":\"Organization\",\"@id\":\"https:\/\/www.fanprojekt-muenster.de\/wordpress\/#organization\",\"name\":\"Fangemeinschaft Preu\u00dfen M\u00fcnster e. V.\",\"url\":\"https:\/\/www.fanprojekt-muenster.de\/wordpress\/\",\"logo\":{\"@type\":\"ImageObject\",\"inLanguage\":\"de\",\"@id\":\"https:\/\/www.fanprojekt-muenster.de\/wordpress\/#\/schema\/logo\/image\/\",\"url\":\"https:\/\/www.fanprojekt-muenster.de\/wordpress\/wp-content\/uploads\/2019\/07\/cropped-Website_Logo3-9.png\",\"contentUrl\":\"https:\/\/www.fanprojekt-muenster.de\/wordpress\/wp-content\/uploads\/2019\/07\/cropped-Website_Logo3-9.png\",\"width\":224,\"height\":42,\"caption\":\"Fangemeinschaft Preu\u00dfen M\u00fcnster e. V.\"},\"image\":{\"@id\":\"https:\/\/www.fanprojekt-muenster.de\/wordpress\/#\/schema\/logo\/image\/\"}},{\"@type\":\"Person\",\"@id\":\"https:\/\/www.fanprojekt-muenster.de\/wordpress\/#\/schema\/person\/9126cc4d73d0d07c75b487075111186c\",\"name\":\"fp_superadmin\",\"url\":\"https:\/\/www.fanprojekt-muenster.de\/wordpress\/author\/fp_superadmin\/\"}]}<\/script>\n<!-- \/ Yoast SEO plugin. -->","yoast_head_json":{"title":"Unkraut j\u00e4ten in der Fiffi-Gerritzen-Kurve - Fangemeinschaft Preu\u00dfen M\u00fcnster e. V.","robots":{"index":"index","follow":"follow","max-snippet":"max-snippet:-1","max-image-preview":"max-image-preview:large","max-video-preview":"max-video-preview:-1"},"canonical":"https:\/\/www.fanprojekt-muenster.de\/wordpress\/unkraut-jaten-in-der-fiffi-gerritzen-kurve\/","og_locale":"de_DE","og_type":"article","og_title":"Unkraut j\u00e4ten in der Fiffi-Gerritzen-Kurve - Fangemeinschaft Preu\u00dfen M\u00fcnster e. V.","og_description":"Liebe Fans des SC Preu\u00dfen M\u00fcnster! Eure Hilfe ist gefragt. Nach einer Beschwerde \u00fcber den Zustand der Kurven, w\u00fcrden wir gerne zusammen mit Euch am Mittwoch, dem 31. Juli 2013,... Read more &raquo;","og_url":"https:\/\/www.fanprojekt-muenster.de\/wordpress\/unkraut-jaten-in-der-fiffi-gerritzen-kurve\/","og_site_name":"Fangemeinschaft Preu\u00dfen M\u00fcnster e. V.","article_published_time":"2013-07-25T18:24:11+00:00","og_image":[{"url":"http:\/\/www.fanprojekt-muenster.de\/wp-content\/uploads\/2013\/07\/pict2697.jpg","type":"","width":"","height":""}],"author":"fp_superadmin","twitter_card":"summary_large_image","twitter_misc":{"Verfasst von":"fp_superadmin"},"schema":{"@context":"https:\/\/schema.org","@graph":[{"@type":"Article","@id":"https:\/\/www.fanprojekt-muenster.de\/wordpress\/unkraut-jaten-in-der-fiffi-gerritzen-kurve\/#article","isPartOf":{"@id":"https:\/\/www.fanprojekt-muenster.de\/wordpress\/unkraut-jaten-in-der-fiffi-gerritzen-kurve\/"},"author":{"name":"fp_superadmin","@id":"https:\/\/www.fanprojekt-muenster.de\/wordpress\/#\/schema\/person\/9126cc4d73d0d07c75b487075111186c"},"headline":"Unkraut j\u00e4ten in der Fiffi-Gerritzen-Kurve","datePublished":"2013-07-25T18:24:11+00:00","mainEntityOfPage":{"@id":"https:\/\/www.fanprojekt-muenster.de\/wordpress\/unkraut-jaten-in-der-fiffi-gerritzen-kurve\/"},"wordCount":92,"commentCount":0,"publisher":{"@id":"https:\/\/www.fanprojekt-muenster.de\/wordpress\/#organization"},"image":{"@id":"https:\/\/www.fanprojekt-muenster.de\/wordpress\/unkraut-jaten-in-der-fiffi-gerritzen-kurve\/#primaryimage"},"thumbnailUrl":"http:\/\/www.fanprojekt-muenster.de\/wp-content\/uploads\/2013\/07\/pict2697.jpg","keywords":["Antikarena","Stadion","Stadt M\u00fcnster","Unkraut","Zustand"],"articleSection":["Aktuelles"],"inLanguage":"de","potentialAction":[{"@type":"CommentAction","name":"Comment","target":["https:\/\/www.fanprojekt-muenster.de\/wordpress\/unkraut-jaten-in-der-fiffi-gerritzen-kurve\/#respond"]}]},{"@type":"WebPage","@id":"https:\/\/www.fanprojekt-muenster.de\/wordpress\/unkraut-jaten-in-der-fiffi-gerritzen-kurve\/","url":"https:\/\/www.fanprojekt-muenster.de\/wordpress\/unkraut-jaten-in-der-fiffi-gerritzen-kurve\/","name":"Unkraut j\u00e4ten in der Fiffi-Gerritzen-Kurve - Fangemeinschaft Preu\u00dfen M\u00fcnster e. V.","isPartOf":{"@id":"https:\/\/www.fanprojekt-muenster.de\/wordpress\/#website"},"primaryImageOfPage":{"@id":"https:\/\/www.fanprojekt-muenster.de\/wordpress\/unkraut-jaten-in-der-fiffi-gerritzen-kurve\/#primaryimage"},"image":{"@id":"https:\/\/www.fanprojekt-muenster.de\/wordpress\/unkraut-jaten-in-der-fiffi-gerritzen-kurve\/#primaryimage"},"thumbnailUrl":"http:\/\/www.fanprojekt-muenster.de\/wp-content\/uploads\/2013\/07\/pict2697.jpg","datePublished":"2013-07-25T18:24:11+00:00","breadcrumb":{"@id":"https:\/\/www.fanprojekt-muenster.de\/wordpress\/unkraut-jaten-in-der-fiffi-gerritzen-kurve\/#breadcrumb"},"inLanguage":"de","potentialAction":[{"@type":"ReadAction","target":["https:\/\/www.fanprojekt-muenster.de\/wordpress\/unkraut-jaten-in-der-fiffi-gerritzen-kurve\/"]}]},{"@type":"ImageObject","inLanguage":"de","@id":"https:\/\/www.fanprojekt-muenster.de\/wordpress\/unkraut-jaten-in-der-fiffi-gerritzen-kurve\/#primaryimage","url":"http:\/\/www.fanprojekt-muenster.de\/wp-content\/uploads\/2013\/07\/pict2697.jpg","contentUrl":"http:\/\/www.fanprojekt-muenster.de\/wp-content\/uploads\/2013\/07\/pict2697.jpg"},{"@type":"BreadcrumbList","@id":"https:\/\/www.fanprojekt-muenster.de\/wordpress\/unkraut-jaten-in-der-fiffi-gerritzen-kurve\/#breadcrumb","itemListElement":[{"@type":"ListItem","position":1,"name":"Startseite","item":"https:\/\/www.fanprojekt-muenster.de\/wordpress\/"},{"@type":"ListItem","position":2,"name":"Unkraut j\u00e4ten in der Fiffi-Gerritzen-Kurve"}]},{"@type":"WebSite","@id":"https:\/\/www.fanprojekt-muenster.de\/wordpress\/#website","url":"https:\/\/www.fanprojekt-muenster.de\/wordpress\/","name":"Fangemeinschaft Preu\u00dfen M\u00fcnster e. V.","description":"","publisher":{"@id":"https:\/\/www.fanprojekt-muenster.de\/wordpress\/#organization"},"potentialAction":[{"@type":"SearchAction","target":{"@type":"EntryPoint","urlTemplate":"https:\/\/www.fanprojekt-muenster.de\/wordpress\/?s={search_term_string}"},"query-input":{"@type":"PropertyValueSpecification","valueRequired":true,"valueName":"search_term_string"}}],"inLanguage":"de"},{"@type":"Organization","@id":"https:\/\/www.fanprojekt-muenster.de\/wordpress\/#organization","name":"Fangemeinschaft Preu\u00dfen M\u00fcnster e. V.","url":"https:\/\/www.fanprojekt-muenster.de\/wordpress\/","logo":{"@type":"ImageObject","inLanguage":"de","@id":"https:\/\/www.fanprojekt-muenster.de\/wordpress\/#\/schema\/logo\/image\/","url":"https:\/\/www.fanprojekt-muenster.de\/wordpress\/wp-content\/uploads\/2019\/07\/cropped-Website_Logo3-9.png","contentUrl":"https:\/\/www.fanprojekt-muenster.de\/wordpress\/wp-content\/uploads\/2019\/07\/cropped-Website_Logo3-9.png","width":224,"height":42,"caption":"Fangemeinschaft Preu\u00dfen M\u00fcnster e. V."},"image":{"@id":"https:\/\/www.fanprojekt-muenster.de\/wordpress\/#\/schema\/logo\/image\/"}},{"@type":"Person","@id":"https:\/\/www.fanprojekt-muenster.de\/wordpress\/#\/schema\/person\/9126cc4d73d0d07c75b487075111186c","name":"fp_superadmin","url":"https:\/\/www.fanprojekt-muenster.de\/wordpress\/author\/fp_superadmin\/"}]}},"author_meta":{"display_name":"fp_superadmin","author_link":"https:\/\/www.fanprojekt-muenster.de\/wordpress\/author\/fp_superadmin\/"},"featured_img":null,"coauthors":[],"tax_additional":{"categories":{"linked":["<a href=\"https:\/\/www.fanprojekt-muenster.de\/wordpress\/category\/aktuelles\/\" class=\"advgb-post-tax-term\">Aktuelles<\/a>"],"unlinked":["<span class=\"advgb-post-tax-term\">Aktuelles<\/span>"]},"tags":{"linked":["<a href=\"https:\/\/www.fanprojekt-muenster.de\/wordpress\/category\/aktuelles\/\" class=\"advgb-post-tax-term\">Antikarena<\/a>","<a href=\"https:\/\/www.fanprojekt-muenster.de\/wordpress\/category\/aktuelles\/\" class=\"advgb-post-tax-term\">Stadion<\/a>","<a href=\"https:\/\/www.fanprojekt-muenster.de\/wordpress\/category\/aktuelles\/\" class=\"advgb-post-tax-term\">Stadt M\u00fcnster<\/a>","<a href=\"https:\/\/www.fanprojekt-muenster.de\/wordpress\/category\/aktuelles\/\" class=\"advgb-post-tax-term\">Unkraut<\/a>","<a href=\"https:\/\/www.fanprojekt-muenster.de\/wordpress\/category\/aktuelles\/\" class=\"advgb-post-tax-term\">Zustand<\/a>"],"unlinked":["<span class=\"advgb-post-tax-term\">Antikarena<\/span>","<span class=\"advgb-post-tax-term\">Stadion<\/span>","<span class=\"advgb-post-tax-term\">Stadt M\u00fcnster<\/span>","<span class=\"advgb-post-tax-term\">Unkraut<\/span>","<span class=\"advgb-post-tax-term\">Zustand<\/span>"]}},"comment_count":"0","relative_dates":{"created":"Posted 13\u00a0Jahren ago","modified":"Updated 13\u00a0Jahren ago"},"absolute_dates":{"created":"Posted on 25. Juli 2013","modified":"Updated on 25. Juli 2013"},"absolute_dates_time":{"created":"Posted on 25. Juli 2013 20:24","modified":"Updated on 25. Juli 2013 20:24"},"featured_img_caption":"","series_order":"","_links":{"self":[{"href":"https:\/\/www.fanprojekt-muenster.de\/wordpress\/wp-json\/wp\/v2\/posts\/1475","targetHints":{"allow":["GET"]}}],"collection":[{"href":"https:\/\/www.fanprojekt-muenster.de\/wordpress\/wp-json\/wp\/v2\/posts"}],"about":[{"href":"https:\/\/www.fanprojekt-muenster.de\/wordpress\/wp-json\/wp\/v2\/types\/post"}],"author":[{"embeddable":true,"href":"https:\/\/www.fanprojekt-muenster.de\/wordpress\/wp-json\/wp\/v2\/users\/2"}],"replies":[{"embeddable":true,"href":"https:\/\/www.fanprojekt-muenster.de\/wordpress\/wp-json\/wp\/v2\/comments?post=1475"}],"version-history":[{"count":0,"href":"https:\/\/www.fanprojekt-muenster.de\/wordpress\/wp-json\/wp\/v2\/posts\/1475\/revisions"}],"wp:attachment":[{"href":"https:\/\/www.fanprojekt-muenster.de\/wordpress\/wp-json\/wp\/v2\/media?parent=1475"}],"wp:term":[{"taxonomy":"category","embeddable":true,"href":"https:\/\/www.fanprojekt-muenster.de\/wordpress\/wp-json\/wp\/v2\/categories?post=1475"},{"taxonomy":"post_tag","embeddable":true,"href":"https:\/\/www.fanprojekt-muenster.de\/wordpress\/wp-json\/wp\/v2\/tags?post=1475"}],"curies":[{"name":"wp","href":"https:\/\/api.w.org\/{rel}","templated":true}]}}